{"id":4628,"date":"2024-10-27T08:00:34","date_gmt":"2024-10-27T14:00:34","guid":{"rendered":"https:\/\/www.nexoinformativo.mx\/?p=4628"},"modified":"2024-10-27T10:33:43","modified_gmt":"2024-10-27T16:33:43","slug":"claudia-sheinbaum-anuncia-eleccion-del-poder-judicial-el-mandato-del-pueblo-es-tener-una-corte-al-servicio-de-la-nacion","status":"publish","type":"post","link":"https:\/\/www.nexoinformativo.mx\/index.php\/2024\/10\/27\/claudia-sheinbaum-anuncia-eleccion-del-poder-judicial-el-mandato-del-pueblo-es-tener-una-corte-al-servicio-de-la-nacion\/","title":{"rendered":"Claudia Sheinbaum anuncia elecci\u00f3n del Poder Judicial: &#8220;El mandato del Pueblo es tener una corte al servicio de la Naci\u00f3n&#8221;"},"content":{"rendered":"<div dir=\"auto\" style=\"text-align: justify;\">\n<p>La presidenta de M\u00e9xico, Claudia Sheinbaum Pardo, celebr\u00f3 la pr\u00f3xima elecci\u00f3n de jueces, magistrados y ministros del Poder Judicial, programada para el 1\u00b0 de junio de 2025.\u00a0Durante un evento en Playas de Rosarito, Baja California, Sheinbaum enfatiz\u00f3 que esta elecci\u00f3n responde al mandato de las mexicanas y mexicanos de contar con un sistema de justicia al servicio de la naci\u00f3n.<\/p>\n<p><strong>&#8220;Lo que queremos es que al Poder Judicial lo elija el pueblo de M\u00e9xico y que se acabe la corrupci\u00f3n de una vez por todas&#8221;<\/strong>, destac\u00f3 la mandataria. Sheinbaum subray\u00f3 que la base de la 4ta Transformaci\u00f3n de M\u00e9xico es el Humanismo Mexicano, un movimiento que se ha construido con la participaci\u00f3n de millones de ciudadanos y bajo la direcci\u00f3n del expresidente AMLO.<\/p>\n<div dir=\"auto\" style=\"text-align: justify;\">\n<p><strong>&#8220;La presidenta de la Rep\u00fablica est\u00e1 para cumplir el mandato del pueblo y para servir al pueblo de M\u00e9xico&#8221;<\/strong>, afirm\u00f3. En su intervenci\u00f3n, la mandataria tambi\u00e9n defendi\u00f3 la decisi\u00f3n de llevar a cabo elecciones para los integrantes del Poder Judicial, argumentando que, a pesar de las cr\u00edticas que calumnian al gobierno como autoritario, el objetivo es fortalecer la democracia en el pa\u00eds.<\/p>\n<div dir=\"auto\" style=\"text-align: justify;\">\n<p>&#8220;\u00bfC\u00f3mo vamos a ser autoritarios? Lo que queremos es que el Poder Judicial sea elegido por el pueblo de M\u00e9xico, y que tengamos una Corte al servicio del pueblo y de la naci\u00f3n&#8221;, insisti\u00f3.<\/p>\n<div dir=\"auto\" style=\"text-align: justify;\">\n<p>Durante el evento, acompa\u00f1ada por la gobernadora de Baja California, Marina del Pilar \u00c1vila, Sheinbaum resalt\u00f3 los avances logrados en la administraci\u00f3n actual, mencionando que Baja California es el estado del norte que m\u00e1s apoya a su gobierno. Tambi\u00e9n se anunci\u00f3 la construcci\u00f3n de tres hospitales y una planta de tratamiento en coordinaci\u00f3n con la administraci\u00f3n estatal.<\/p>\n<div dir=\"auto\" style=\"text-align: justify;\">\n<p>La presidenta concluy\u00f3 su discurso reafirmando que el 1\u00b0 de junio de 2025 marcar\u00e1 un hito en la historia judicial de M\u00e9xico, asegurando que la elecci\u00f3n del Poder Judicial fortalecer\u00e1 la democracia y la justicia en el pa\u00eds.<\/p>\n<div dir=\"auto\" style=\"text-align: justify;\">\n<div dir=\"auto\" style=\"text-align: center;\"><em><strong>\u00a1Informaci\u00f3n que transforma!<\/strong><\/em><\/div>\n<\/div>\n<\/div>\n<\/div>\n<\/div>\n<\/div>\n<\/div>\n","protected":false},"excerpt":{"rendered":"<p>La presidenta de M\u00e9xico, Claudia Sheinbaum Pardo, celebr\u00f3 la pr\u00f3xima elecci\u00f3n de jueces, magistrados y ministros del Poder Judicial, programada para el 1\u00b0 de junio de 2025.<\/p>\n","protected":false},"author":3,"featured_media":4629,"comment_status":"open","ping_status":"open","sticky":false,"template":"","format":"standard","meta":{"footnotes":""},"categories":[88,21,58],"tags":[967,1669,1668,534],"class_list":["post-4628","post","type-post","status-publish","format-standard","has-post-thumbnail","hentry","category-nacional","category-politica","category-ultima-hora","tag-claudiasheinbaum","tag-democracia","tag-eleccionjudicial","tag-poderjudicial"],"yoast_head":"<!-- This site is optimized with the Yoast SEO plugin v25.0 - https:\/\/yoast.com\/wordpress\/plugins\/seo\/ -->\n<title>Claudia Sheinbaum anuncia elecci\u00f3n del Poder Judicial: &quot;El mandato del Pueblo es tener una corte al servicio de la Naci\u00f3n&quot; | Nexo Informativo Santiago de Quer\u00e9taro<\/title>\n<meta name=\"description\" content=\"Claudia Sheinbaum anuncia elecci\u00f3n del Poder Judicial: &quot;El mandato del Pueblo es tener una corte al servicio de la Naci\u00f3n&quot;\" \/>\n<meta name=\"robots\" content=\"index, follow, max-snippet:-1, max-image-preview:large, max-video-preview:-1\" \/>\n<link rel=\"canonical\" href=\"https:\/\/www.nexoinformativo.mx\/index.php\/2024\/10\/27\/claudia-sheinbaum-anuncia-eleccion-del-poder-judicial-el-mandato-del-pueblo-es-tener-una-corte-al-servicio-de-la-nacion\/\" \/>\n<meta property=\"og:locale\" content=\"es_MX\" \/>\n<meta property=\"og:type\" content=\"article\" \/>\n<meta property=\"og:title\" content=\"Claudia Sheinbaum anuncia elecci\u00f3n del Poder Judicial: &quot;El mandato del Pueblo es tener una corte al servicio de la Naci\u00f3n&quot; | Nexo Informativo Santiago de Quer\u00e9taro\" \/>\n<meta property=\"og:description\" content=\"Claudia Sheinbaum anuncia elecci\u00f3n del Poder Judicial: &quot;El mandato del Pueblo es tener una corte al servicio de la Naci\u00f3n&quot;\" \/>\n<meta property=\"og:url\" content=\"https:\/\/www.nexoinformativo.mx\/index.php\/2024\/10\/27\/claudia-sheinbaum-anuncia-eleccion-del-poder-judicial-el-mandato-del-pueblo-es-tener-una-corte-al-servicio-de-la-nacion\/\" \/>\n<meta property=\"og:site_name\" content=\"Nexo Informativo Santiago de Quer\u00e9taro\" \/>\n<meta property=\"article:publisher\" content=\"https:\/\/www.facebook.com\/people\/Nexo-Informativo\/61564066885511\/\" \/>\n<meta property=\"article:published_time\" content=\"2024-10-27T14:00:34+00:00\" \/>\n<meta property=\"article:modified_time\" content=\"2024-10-27T16:33:43+00:00\" \/>\n<meta property=\"og:image\" content=\"https:\/\/www.nexoinformativo.mx\/wp-content\/uploads\/2024\/10\/IMG_7276.jpg\" \/>\n\t<meta property=\"og:image:width\" content=\"650\" \/>\n\t<meta property=\"og:image:height\" content=\"380\" \/>\n\t<meta property=\"og:image:type\" content=\"image\/jpeg\" \/>\n<meta name=\"author\" content=\"Nexo Informativo\" \/>\n<meta name=\"twitter:card\" content=\"summary_large_image\" \/>\n<meta name=\"twitter:label1\" content=\"Escrito por\" \/>\n\t<meta name=\"twitter:data1\" content=\"Nexo Informativo\" \/>\n\t<meta name=\"twitter:label2\" content=\"Tiempo de lectura\" \/>\n\t<meta name=\"twitter:data2\" content=\"2 minutos\" \/>\n<script type=\"application\/ld+json\" class=\"yoast-schema-graph\">{\"@context\":\"https:\/\/schema.org\",\"@graph\":[{\"@type\":\"Article\",\"@id\":\"https:\/\/www.nexoinformativo.mx\/index.php\/2024\/10\/27\/claudia-sheinbaum-anuncia-eleccion-del-poder-judicial-el-mandato-del-pueblo-es-tener-una-corte-al-servicio-de-la-nacion\/#article\",\"isPartOf\":{\"@id\":\"https:\/\/www.nexoinformativo.mx\/index.php\/2024\/10\/27\/claudia-sheinbaum-anuncia-eleccion-del-poder-judicial-el-mandato-del-pueblo-es-tener-una-corte-al-servicio-de-la-nacion\/\"},\"author\":{\"name\":\"Nexo Informativo\",\"@id\":\"https:\/\/www.nexoinformativo.mx\/#\/schema\/person\/7749d380ba08c8ca00d7bc76fd907b7d\"},\"headline\":\"Claudia Sheinbaum anuncia elecci\u00f3n del Poder Judicial: &#8220;El mandato del Pueblo es tener una corte al servicio de la Naci\u00f3n&#8221;\",\"datePublished\":\"2024-10-27T14:00:34+00:00\",\"dateModified\":\"2024-10-27T16:33:43+00:00\",\"mainEntityOfPage\":{\"@id\":\"https:\/\/www.nexoinformativo.mx\/index.php\/2024\/10\/27\/claudia-sheinbaum-anuncia-eleccion-del-poder-judicial-el-mandato-del-pueblo-es-tener-una-corte-al-servicio-de-la-nacion\/\"},\"wordCount\":368,\"commentCount\":0,\"publisher\":{\"@id\":\"https:\/\/www.nexoinformativo.mx\/#organization\"},\"image\":{\"@id\":\"https:\/\/www.nexoinformativo.mx\/index.php\/2024\/10\/27\/claudia-sheinbaum-anuncia-eleccion-del-poder-judicial-el-mandato-del-pueblo-es-tener-una-corte-al-servicio-de-la-nacion\/#primaryimage\"},\"thumbnailUrl\":\"https:\/\/www.nexoinformativo.mx\/wp-content\/uploads\/2024\/10\/IMG_7276.jpg\",\"keywords\":[\"ClaudiaSheinbaum\",\"Democracia\",\"Elecci\u00f3nJudicial\",\"PoderJudicial\"],\"articleSection\":[\"Nacional\",\"Pol\u00edtica\",\"\u00daltima Hora\"],\"inLanguage\":\"es\",\"potentialAction\":[{\"@type\":\"CommentAction\",\"name\":\"Comment\",\"target\":[\"https:\/\/www.nexoinformativo.mx\/index.php\/2024\/10\/27\/claudia-sheinbaum-anuncia-eleccion-del-poder-judicial-el-mandato-del-pueblo-es-tener-una-corte-al-servicio-de-la-nacion\/#respond\"]}]},{\"@type\":\"WebPage\",\"@id\":\"https:\/\/www.nexoinformativo.mx\/index.php\/2024\/10\/27\/claudia-sheinbaum-anuncia-eleccion-del-poder-judicial-el-mandato-del-pueblo-es-tener-una-corte-al-servicio-de-la-nacion\/\",\"url\":\"https:\/\/www.nexoinformativo.mx\/index.php\/2024\/10\/27\/claudia-sheinbaum-anuncia-eleccion-del-poder-judicial-el-mandato-del-pueblo-es-tener-una-corte-al-servicio-de-la-nacion\/\",\"name\":\"Claudia Sheinbaum anuncia elecci\u00f3n del Poder Judicial: \\\"El mandato del Pueblo es tener una corte al servicio de la Naci\u00f3n\\\" | Nexo Informativo Santiago de Quer\u00e9taro\",\"isPartOf\":{\"@id\":\"https:\/\/www.nexoinformativo.mx\/#website\"},\"primaryImageOfPage\":{\"@id\":\"https:\/\/www.nexoinformativo.mx\/index.php\/2024\/10\/27\/claudia-sheinbaum-anuncia-eleccion-del-poder-judicial-el-mandato-del-pueblo-es-tener-una-corte-al-servicio-de-la-nacion\/#primaryimage\"},\"image\":{\"@id\":\"https:\/\/www.nexoinformativo.mx\/index.php\/2024\/10\/27\/claudia-sheinbaum-anuncia-eleccion-del-poder-judicial-el-mandato-del-pueblo-es-tener-una-corte-al-servicio-de-la-nacion\/#primaryimage\"},\"thumbnailUrl\":\"https:\/\/www.nexoinformativo.mx\/wp-content\/uploads\/2024\/10\/IMG_7276.jpg\",\"datePublished\":\"2024-10-27T14:00:34+00:00\",\"dateModified\":\"2024-10-27T16:33:43+00:00\",\"description\":\"Claudia Sheinbaum anuncia elecci\u00f3n del Poder Judicial: \\\"El mandato del Pueblo es tener una corte al servicio de la Naci\u00f3n\\\"\",\"breadcrumb\":{\"@id\":\"https:\/\/www.nexoinformativo.mx\/index.php\/2024\/10\/27\/claudia-sheinbaum-anuncia-eleccion-del-poder-judicial-el-mandato-del-pueblo-es-tener-una-corte-al-servicio-de-la-nacion\/#breadcrumb\"},\"inLanguage\":\"es\",\"potentialAction\":[{\"@type\":\"ReadAction\",\"target\":[\"https:\/\/www.nexoinformativo.mx\/index.php\/2024\/10\/27\/claudia-sheinbaum-anuncia-eleccion-del-poder-judicial-el-mandato-del-pueblo-es-tener-una-corte-al-servicio-de-la-nacion\/\"]}]},{\"@type\":\"ImageObject\",\"inLanguage\":\"es\",\"@id\":\"https:\/\/www.nexoinformativo.mx\/index.php\/2024\/10\/27\/claudia-sheinbaum-anuncia-eleccion-del-poder-judicial-el-mandato-del-pueblo-es-tener-una-corte-al-servicio-de-la-nacion\/#primaryimage\",\"url\":\"https:\/\/www.nexoinformativo.mx\/wp-content\/uploads\/2024\/10\/IMG_7276.jpg\",\"contentUrl\":\"https:\/\/www.nexoinformativo.mx\/wp-content\/uploads\/2024\/10\/IMG_7276.jpg\",\"width\":650,\"height\":380},{\"@type\":\"BreadcrumbList\",\"@id\":\"https:\/\/www.nexoinformativo.mx\/index.php\/2024\/10\/27\/claudia-sheinbaum-anuncia-eleccion-del-poder-judicial-el-mandato-del-pueblo-es-tener-una-corte-al-servicio-de-la-nacion\/#breadcrumb\",\"itemListElement\":[{\"@type\":\"ListItem\",\"position\":1,\"name\":\"Inicio\",\"item\":\"https:\/\/www.nexoinformativo.mx\/\"},{\"@type\":\"ListItem\",\"position\":2,\"name\":\"Claudia Sheinbaum anuncia elecci\u00f3n del Poder Judicial: &#8220;El mandato del Pueblo es tener una corte al servicio de la Naci\u00f3n&#8221;\"}]},{\"@type\":\"WebSite\",\"@id\":\"https:\/\/www.nexoinformativo.mx\/#website\",\"url\":\"https:\/\/www.nexoinformativo.mx\/\",\"name\":\"Nexo Informativo Santiago de Quer\u00e9taro\",\"description\":\"Explora NexoInformativo y convi\u00e9rtete en parte de una comunidad que valora el conocimiento y la verdad. Tu nexoinformativo es tu puente hacia una comprensi\u00f3n m\u00e1s profunda del mundo que te rodea.\",\"publisher\":{\"@id\":\"https:\/\/www.nexoinformativo.mx\/#organization\"},\"potentialAction\":[{\"@type\":\"SearchAction\",\"target\":{\"@type\":\"EntryPoint\",\"urlTemplate\":\"https:\/\/www.nexoinformativo.mx\/?s={search_term_string}\"},\"query-input\":{\"@type\":\"PropertyValueSpecification\",\"valueRequired\":true,\"valueName\":\"search_term_string\"}}],\"inLanguage\":\"es\"},{\"@type\":\"Organization\",\"@id\":\"https:\/\/www.nexoinformativo.mx\/#organization\",\"name\":\"Nexo Informativo Santiago de Quer\u00e9taro\",\"url\":\"https:\/\/www.nexoinformativo.mx\/\",\"logo\":{\"@type\":\"ImageObject\",\"inLanguage\":\"es\",\"@id\":\"https:\/\/www.nexoinformativo.mx\/#\/schema\/logo\/image\/\",\"url\":\"https:\/\/www.nexoinformativo.mx\/wp-content\/uploads\/2024\/07\/nexoi-trasparente-2.png\",\"contentUrl\":\"https:\/\/www.nexoinformativo.mx\/wp-content\/uploads\/2024\/07\/nexoi-trasparente-2.png\",\"width\":816,\"height\":339,\"caption\":\"Nexo Informativo Santiago de Quer\u00e9taro\"},\"image\":{\"@id\":\"https:\/\/www.nexoinformativo.mx\/#\/schema\/logo\/image\/\"},\"sameAs\":[\"https:\/\/www.facebook.com\/people\/Nexo-Informativo\/61564066885511\/\"]},{\"@type\":\"Person\",\"@id\":\"https:\/\/www.nexoinformativo.mx\/#\/schema\/person\/7749d380ba08c8ca00d7bc76fd907b7d\",\"name\":\"Nexo Informativo\",\"image\":{\"@type\":\"ImageObject\",\"inLanguage\":\"es\",\"@id\":\"https:\/\/www.nexoinformativo.mx\/#\/schema\/person\/image\/\",\"url\":\"https:\/\/secure.gravatar.com\/avatar\/dde2928154642a13d95f87ddf1ea9718fe2b46760a005c53e41ff5ad610704e6?s=96&d=mm&r=g\",\"contentUrl\":\"https:\/\/secure.gravatar.com\/avatar\/dde2928154642a13d95f87ddf1ea9718fe2b46760a005c53e41ff5ad610704e6?s=96&d=mm&r=g\",\"caption\":\"Nexo Informativo\"},\"url\":\"https:\/\/www.nexoinformativo.mx\/index.php\/author\/edicion\/\"}]}<\/script>\n<!-- \/ Yoast SEO plugin. -->","yoast_head_json":{"title":"Claudia Sheinbaum anuncia elecci\u00f3n del Poder Judicial: \"El mandato del Pueblo es tener una corte al servicio de la Naci\u00f3n\" | Nexo Informativo Santiago de Quer\u00e9taro","description":"Claudia Sheinbaum anuncia elecci\u00f3n del Poder Judicial: \"El mandato del Pueblo es tener una corte al servicio de la Naci\u00f3n\"","robots":{"index":"index","follow":"follow","max-snippet":"max-snippet:-1","max-image-preview":"max-image-preview:large","max-video-preview":"max-video-preview:-1"},"canonical":"https:\/\/www.nexoinformativo.mx\/index.php\/2024\/10\/27\/claudia-sheinbaum-anuncia-eleccion-del-poder-judicial-el-mandato-del-pueblo-es-tener-una-corte-al-servicio-de-la-nacion\/","og_locale":"es_MX","og_type":"article","og_title":"Claudia Sheinbaum anuncia elecci\u00f3n del Poder Judicial: \"El mandato del Pueblo es tener una corte al servicio de la Naci\u00f3n\" | Nexo Informativo Santiago de Quer\u00e9taro","og_description":"Claudia Sheinbaum anuncia elecci\u00f3n del Poder Judicial: \"El mandato del Pueblo es tener una corte al servicio de la Naci\u00f3n\"","og_url":"https:\/\/www.nexoinformativo.mx\/index.php\/2024\/10\/27\/claudia-sheinbaum-anuncia-eleccion-del-poder-judicial-el-mandato-del-pueblo-es-tener-una-corte-al-servicio-de-la-nacion\/","og_site_name":"Nexo Informativo Santiago de Quer\u00e9taro","article_publisher":"https:\/\/www.facebook.com\/people\/Nexo-Informativo\/61564066885511\/","article_published_time":"2024-10-27T14:00:34+00:00","article_modified_time":"2024-10-27T16:33:43+00:00","og_image":[{"width":650,"height":380,"url":"https:\/\/www.nexoinformativo.mx\/wp-content\/uploads\/2024\/10\/IMG_7276.jpg","type":"image\/jpeg"}],"author":"Nexo Informativo","twitter_card":"summary_large_image","twitter_misc":{"Escrito por":"Nexo Informativo","Tiempo de lectura":"2 minutos"},"schema":{"@context":"https:\/\/schema.org","@graph":[{"@type":"Article","@id":"https:\/\/www.nexoinformativo.mx\/index.php\/2024\/10\/27\/claudia-sheinbaum-anuncia-eleccion-del-poder-judicial-el-mandato-del-pueblo-es-tener-una-corte-al-servicio-de-la-nacion\/#article","isPartOf":{"@id":"https:\/\/www.nexoinformativo.mx\/index.php\/2024\/10\/27\/claudia-sheinbaum-anuncia-eleccion-del-poder-judicial-el-mandato-del-pueblo-es-tener-una-corte-al-servicio-de-la-nacion\/"},"author":{"name":"Nexo Informativo","@id":"https:\/\/www.nexoinformativo.mx\/#\/schema\/person\/7749d380ba08c8ca00d7bc76fd907b7d"},"headline":"Claudia Sheinbaum anuncia elecci\u00f3n del Poder Judicial: &#8220;El mandato del Pueblo es tener una corte al servicio de la Naci\u00f3n&#8221;","datePublished":"2024-10-27T14:00:34+00:00","dateModified":"2024-10-27T16:33:43+00:00","mainEntityOfPage":{"@id":"https:\/\/www.nexoinformativo.mx\/index.php\/2024\/10\/27\/claudia-sheinbaum-anuncia-eleccion-del-poder-judicial-el-mandato-del-pueblo-es-tener-una-corte-al-servicio-de-la-nacion\/"},"wordCount":368,"commentCount":0,"publisher":{"@id":"https:\/\/www.nexoinformativo.mx\/#organization"},"image":{"@id":"https:\/\/www.nexoinformativo.mx\/index.php\/2024\/10\/27\/claudia-sheinbaum-anuncia-eleccion-del-poder-judicial-el-mandato-del-pueblo-es-tener-una-corte-al-servicio-de-la-nacion\/#primaryimage"},"thumbnailUrl":"https:\/\/www.nexoinformativo.mx\/wp-content\/uploads\/2024\/10\/IMG_7276.jpg","keywords":["ClaudiaSheinbaum","Democracia","Elecci\u00f3nJudicial","PoderJudicial"],"articleSection":["Nacional","Pol\u00edtica","\u00daltima Hora"],"inLanguage":"es","potentialAction":[{"@type":"CommentAction","name":"Comment","target":["https:\/\/www.nexoinformativo.mx\/index.php\/2024\/10\/27\/claudia-sheinbaum-anuncia-eleccion-del-poder-judicial-el-mandato-del-pueblo-es-tener-una-corte-al-servicio-de-la-nacion\/#respond"]}]},{"@type":"WebPage","@id":"https:\/\/www.nexoinformativo.mx\/index.php\/2024\/10\/27\/claudia-sheinbaum-anuncia-eleccion-del-poder-judicial-el-mandato-del-pueblo-es-tener-una-corte-al-servicio-de-la-nacion\/","url":"https:\/\/www.nexoinformativo.mx\/index.php\/2024\/10\/27\/claudia-sheinbaum-anuncia-eleccion-del-poder-judicial-el-mandato-del-pueblo-es-tener-una-corte-al-servicio-de-la-nacion\/","name":"Claudia Sheinbaum anuncia elecci\u00f3n del Poder Judicial: \"El mandato del Pueblo es tener una corte al servicio de la Naci\u00f3n\" | Nexo Informativo Santiago de Quer\u00e9taro","isPartOf":{"@id":"https:\/\/www.nexoinformativo.mx\/#website"},"primaryImageOfPage":{"@id":"https:\/\/www.nexoinformativo.mx\/index.php\/2024\/10\/27\/claudia-sheinbaum-anuncia-eleccion-del-poder-judicial-el-mandato-del-pueblo-es-tener-una-corte-al-servicio-de-la-nacion\/#primaryimage"},"image":{"@id":"https:\/\/www.nexoinformativo.mx\/index.php\/2024\/10\/27\/claudia-sheinbaum-anuncia-eleccion-del-poder-judicial-el-mandato-del-pueblo-es-tener-una-corte-al-servicio-de-la-nacion\/#primaryimage"},"thumbnailUrl":"https:\/\/www.nexoinformativo.mx\/wp-content\/uploads\/2024\/10\/IMG_7276.jpg","datePublished":"2024-10-27T14:00:34+00:00","dateModified":"2024-10-27T16:33:43+00:00","description":"Claudia Sheinbaum anuncia elecci\u00f3n del Poder Judicial: \"El mandato del Pueblo es tener una corte al servicio de la Naci\u00f3n\"","breadcrumb":{"@id":"https:\/\/www.nexoinformativo.mx\/index.php\/2024\/10\/27\/claudia-sheinbaum-anuncia-eleccion-del-poder-judicial-el-mandato-del-pueblo-es-tener-una-corte-al-servicio-de-la-nacion\/#breadcrumb"},"inLanguage":"es","potentialAction":[{"@type":"ReadAction","target":["https:\/\/www.nexoinformativo.mx\/index.php\/2024\/10\/27\/claudia-sheinbaum-anuncia-eleccion-del-poder-judicial-el-mandato-del-pueblo-es-tener-una-corte-al-servicio-de-la-nacion\/"]}]},{"@type":"ImageObject","inLanguage":"es","@id":"https:\/\/www.nexoinformativo.mx\/index.php\/2024\/10\/27\/claudia-sheinbaum-anuncia-eleccion-del-poder-judicial-el-mandato-del-pueblo-es-tener-una-corte-al-servicio-de-la-nacion\/#primaryimage","url":"https:\/\/www.nexoinformativo.mx\/wp-content\/uploads\/2024\/10\/IMG_7276.jpg","contentUrl":"https:\/\/www.nexoinformativo.mx\/wp-content\/uploads\/2024\/10\/IMG_7276.jpg","width":650,"height":380},{"@type":"BreadcrumbList","@id":"https:\/\/www.nexoinformativo.mx\/index.php\/2024\/10\/27\/claudia-sheinbaum-anuncia-eleccion-del-poder-judicial-el-mandato-del-pueblo-es-tener-una-corte-al-servicio-de-la-nacion\/#breadcrumb","itemListElement":[{"@type":"ListItem","position":1,"name":"Inicio","item":"https:\/\/www.nexoinformativo.mx\/"},{"@type":"ListItem","position":2,"name":"Claudia Sheinbaum anuncia elecci\u00f3n del Poder Judicial: &#8220;El mandato del Pueblo es tener una corte al servicio de la Naci\u00f3n&#8221;"}]},{"@type":"WebSite","@id":"https:\/\/www.nexoinformativo.mx\/#website","url":"https:\/\/www.nexoinformativo.mx\/","name":"Nexo Informativo Santiago de Quer\u00e9taro","description":"Explora NexoInformativo y convi\u00e9rtete en parte de una comunidad que valora el conocimiento y la verdad. Tu nexoinformativo es tu puente hacia una comprensi\u00f3n m\u00e1s profunda del mundo que te rodea.","publisher":{"@id":"https:\/\/www.nexoinformativo.mx\/#organization"},"potentialAction":[{"@type":"SearchAction","target":{"@type":"EntryPoint","urlTemplate":"https:\/\/www.nexoinformativo.mx\/?s={search_term_string}"},"query-input":{"@type":"PropertyValueSpecification","valueRequired":true,"valueName":"search_term_string"}}],"inLanguage":"es"},{"@type":"Organization","@id":"https:\/\/www.nexoinformativo.mx\/#organization","name":"Nexo Informativo Santiago de Quer\u00e9taro","url":"https:\/\/www.nexoinformativo.mx\/","logo":{"@type":"ImageObject","inLanguage":"es","@id":"https:\/\/www.nexoinformativo.mx\/#\/schema\/logo\/image\/","url":"https:\/\/www.nexoinformativo.mx\/wp-content\/uploads\/2024\/07\/nexoi-trasparente-2.png","contentUrl":"https:\/\/www.nexoinformativo.mx\/wp-content\/uploads\/2024\/07\/nexoi-trasparente-2.png","width":816,"height":339,"caption":"Nexo Informativo Santiago de Quer\u00e9taro"},"image":{"@id":"https:\/\/www.nexoinformativo.mx\/#\/schema\/logo\/image\/"},"sameAs":["https:\/\/www.facebook.com\/people\/Nexo-Informativo\/61564066885511\/"]},{"@type":"Person","@id":"https:\/\/www.nexoinformativo.mx\/#\/schema\/person\/7749d380ba08c8ca00d7bc76fd907b7d","name":"Nexo Informativo","image":{"@type":"ImageObject","inLanguage":"es","@id":"https:\/\/www.nexoinformativo.mx\/#\/schema\/person\/image\/","url":"https:\/\/secure.gravatar.com\/avatar\/dde2928154642a13d95f87ddf1ea9718fe2b46760a005c53e41ff5ad610704e6?s=96&d=mm&r=g","contentUrl":"https:\/\/secure.gravatar.com\/avatar\/dde2928154642a13d95f87ddf1ea9718fe2b46760a005c53e41ff5ad610704e6?s=96&d=mm&r=g","caption":"Nexo Informativo"},"url":"https:\/\/www.nexoinformativo.mx\/index.php\/author\/edicion\/"}]}},"_links":{"self":[{"href":"https:\/\/www.nexoinformativo.mx\/index.php\/wp-json\/wp\/v2\/posts\/4628","targetHints":{"allow":["GET"]}}],"collection":[{"href":"https:\/\/www.nexoinformativo.mx\/index.php\/wp-json\/wp\/v2\/posts"}],"about":[{"href":"https:\/\/www.nexoinformativo.mx\/index.php\/wp-json\/wp\/v2\/types\/post"}],"author":[{"embeddable":true,"href":"https:\/\/www.nexoinformativo.mx\/index.php\/wp-json\/wp\/v2\/users\/3"}],"replies":[{"embeddable":true,"href":"https:\/\/www.nexoinformativo.mx\/index.php\/wp-json\/wp\/v2\/comments?post=4628"}],"version-history":[{"count":10,"href":"https:\/\/www.nexoinformativo.mx\/index.php\/wp-json\/wp\/v2\/posts\/4628\/revisions"}],"predecessor-version":[{"id":4633,"href":"https:\/\/www.nexoinformativo.mx\/index.php\/wp-json\/wp\/v2\/posts\/4628\/revisions\/4633"}],"wp:featuredmedia":[{"embeddable":true,"href":"https:\/\/www.nexoinformativo.mx\/index.php\/wp-json\/wp\/v2\/media\/4629"}],"wp:attachment":[{"href":"https:\/\/www.nexoinformativo.mx\/index.php\/wp-json\/wp\/v2\/media?parent=4628"}],"wp:term":[{"taxonomy":"category","embeddable":true,"href":"https:\/\/www.nexoinformativo.mx\/index.php\/wp-json\/wp\/v2\/categories?post=4628"},{"taxonomy":"post_tag","embeddable":true,"href":"https:\/\/www.nexoinformativo.mx\/index.php\/wp-json\/wp\/v2\/tags?post=4628"}],"curies":[{"name":"wp","href":"https:\/\/api.w.org\/{rel}","templated":true}]}}