{"id":4648,"date":"2024-10-27T18:00:30","date_gmt":"2024-10-28T00:00:30","guid":{"rendered":"https:\/\/www.nexoinformativo.mx\/?p=4648"},"modified":"2024-10-27T19:49:55","modified_gmt":"2024-10-28T01:49:55","slug":"el-marques-invierte-mas-de-36-millones-de-pesos-en-obras-de-infraestructura","status":"publish","type":"post","link":"https:\/\/www.nexoinformativo.mx\/index.php\/2024\/10\/27\/el-marques-invierte-mas-de-36-millones-de-pesos-en-obras-de-infraestructura\/","title":{"rendered":"El Marqu\u00e9s invierte m\u00e1s de 36 millones de pesos en obras de infraestructura"},"content":{"rendered":"<p style=\"text-align: justify;\" data-sourcepos=\"5:1-5:282\">El presidente municipal de El Marqu\u00e9s, Rodrigo Monsalvo, anunci\u00f3 la puesta en marcha de diversas obras de infraestructura en las comunidades de San Vicente Ferrer y Santa Mar\u00eda Bego\u00f1a, con una inversi\u00f3n total de m\u00e1s de 36 millones de pesos.<\/p>\n<p>&nbsp;<\/p>\n<p style=\"text-align: justify;\" data-sourcepos=\"7:1-7:208\">Estas acciones, que incluyen la urbanizaci\u00f3n de calles, la ampliaci\u00f3n de redes de agua potable y drenaje, as\u00ed como la rehabilitaci\u00f3n de vialidades, beneficiar\u00e1n a m\u00e1s de 3 mil habitantes de ambas localidades.<\/p>\n<p>&nbsp;<\/p>\n<p style=\"text-align: justify;\" data-sourcepos=\"9:1-9:352\">Entre las obras m\u00e1s destacadas se encuentran la rehabilitaci\u00f3n del boulevard de acceso a San Vicente Ferrer, la urbanizaci\u00f3n de calles en Santa Mar\u00eda Bego\u00f1a y la ampliaci\u00f3n del drenaje sanitario en ambas comunidades. Estas acciones permitir\u00e1n mejorar la calidad de vida de los habitantes, al brindarles mejores servicios p\u00fablicos y una mayor seguridad.<\/p>\n<p>&nbsp;<\/p>\n<p style=\"text-align: justify;\" data-sourcepos=\"11:1-11:230\">El alcalde Monsalvo Castel\u00e1n destac\u00f3 la importancia de estas obras para el desarrollo de El Marqu\u00e9s, y asegur\u00f3 que su administraci\u00f3n seguir\u00e1 trabajando para mejorar la infraestructura y los servicios p\u00fablicos en todo el municipio.<\/p>\n<p>&nbsp;<\/p>\n<p style=\"text-align: center;\" data-sourcepos=\"11:1-11:230\"><em><strong>\u00a1Informaci\u00f3n que transforma!<\/strong><\/em><\/p>\n","protected":false},"excerpt":{"rendered":"<p>El presidente municipal de El Marqu\u00e9s, Rodrigo Monsalvo, anunci\u00f3 la puesta en marcha de diversas obras de infraestructura en las comunidades de San Vicente Ferrer y Santa Mar\u00eda Bego\u00f1a, con una inversi\u00f3n total de m\u00e1s de 36 millones de pesos. &nbsp; Estas acciones, que incluyen la urbanizaci\u00f3n de calles, la ampliaci\u00f3n de redes de agua [&hellip;]<\/p>\n","protected":false},"author":3,"featured_media":4649,"comment_status":"open","ping_status":"open","sticky":false,"template":"","format":"standard","meta":{"footnotes":""},"categories":[65,58],"tags":[781,149,734,644,71],"class_list":["post-4648","post","type-post","status-publish","format-standard","has-post-thumbnail","hentry","category-municipios","category-ultima-hora","tag-desarrollomunicipal","tag-elmarques","tag-infraestructura","tag-obraspublicas","tag-qro"],"yoast_head":"<!-- This site is optimized with the Yoast SEO plugin v25.0 - https:\/\/yoast.com\/wordpress\/plugins\/seo\/ -->\n<title>El Marqu\u00e9s invierte m\u00e1s de 36 millones de pesos en obras de infraestructura | Nexo Informativo Santiago de Quer\u00e9taro<\/title>\n<meta name=\"description\" content=\"El Marqu\u00e9s invierte m\u00e1s de 36 millones de pesos en obras de infraestructura\" \/>\n<meta name=\"robots\" content=\"index, follow, max-snippet:-1, max-image-preview:large, max-video-preview:-1\" \/>\n<link rel=\"canonical\" href=\"https:\/\/www.nexoinformativo.mx\/index.php\/2024\/10\/27\/el-marques-invierte-mas-de-36-millones-de-pesos-en-obras-de-infraestructura\/\" \/>\n<meta property=\"og:locale\" content=\"es_MX\" \/>\n<meta property=\"og:type\" content=\"article\" \/>\n<meta property=\"og:title\" content=\"El Marqu\u00e9s invierte m\u00e1s de 36 millones de pesos en obras de infraestructura | Nexo Informativo Santiago de Quer\u00e9taro\" \/>\n<meta property=\"og:description\" content=\"El Marqu\u00e9s invierte m\u00e1s de 36 millones de pesos en obras de infraestructura\" \/>\n<meta property=\"og:url\" content=\"https:\/\/www.nexoinformativo.mx\/index.php\/2024\/10\/27\/el-marques-invierte-mas-de-36-millones-de-pesos-en-obras-de-infraestructura\/\" \/>\n<meta property=\"og:site_name\" content=\"Nexo Informativo Santiago de Quer\u00e9taro\" \/>\n<meta property=\"article:publisher\" content=\"https:\/\/www.facebook.com\/people\/Nexo-Informativo\/61564066885511\/\" \/>\n<meta property=\"article:published_time\" content=\"2024-10-28T00:00:30+00:00\" \/>\n<meta property=\"article:modified_time\" content=\"2024-10-28T01:49:55+00:00\" \/>\n<meta property=\"og:image\" content=\"https:\/\/www.nexoinformativo.mx\/wp-content\/uploads\/2024\/10\/PHOTO-2024-10-27-18-27-35-e1730080045702.jpg\" \/>\n\t<meta property=\"og:image:width\" content=\"800\" \/>\n\t<meta property=\"og:image:height\" content=\"1000\" \/>\n\t<meta property=\"og:image:type\" content=\"image\/jpeg\" \/>\n<meta name=\"author\" content=\"Nexo Informativo\" \/>\n<meta name=\"twitter:card\" content=\"summary_large_image\" \/>\n<meta name=\"twitter:label1\" content=\"Escrito por\" \/>\n\t<meta name=\"twitter:data1\" content=\"Nexo Informativo\" \/>\n\t<meta name=\"twitter:label2\" content=\"Tiempo de lectura\" \/>\n\t<meta name=\"twitter:data2\" content=\"1 minuto\" \/>\n<script type=\"application\/ld+json\" class=\"yoast-schema-graph\">{\"@context\":\"https:\/\/schema.org\",\"@graph\":[{\"@type\":\"Article\",\"@id\":\"https:\/\/www.nexoinformativo.mx\/index.php\/2024\/10\/27\/el-marques-invierte-mas-de-36-millones-de-pesos-en-obras-de-infraestructura\/#article\",\"isPartOf\":{\"@id\":\"https:\/\/www.nexoinformativo.mx\/index.php\/2024\/10\/27\/el-marques-invierte-mas-de-36-millones-de-pesos-en-obras-de-infraestructura\/\"},\"author\":{\"name\":\"Nexo Informativo\",\"@id\":\"https:\/\/www.nexoinformativo.mx\/#\/schema\/person\/7749d380ba08c8ca00d7bc76fd907b7d\"},\"headline\":\"El Marqu\u00e9s invierte m\u00e1s de 36 millones de pesos en obras de infraestructura\",\"datePublished\":\"2024-10-28T00:00:30+00:00\",\"dateModified\":\"2024-10-28T01:49:55+00:00\",\"mainEntityOfPage\":{\"@id\":\"https:\/\/www.nexoinformativo.mx\/index.php\/2024\/10\/27\/el-marques-invierte-mas-de-36-millones-de-pesos-en-obras-de-infraestructura\/\"},\"wordCount\":204,\"commentCount\":0,\"publisher\":{\"@id\":\"https:\/\/www.nexoinformativo.mx\/#organization\"},\"image\":{\"@id\":\"https:\/\/www.nexoinformativo.mx\/index.php\/2024\/10\/27\/el-marques-invierte-mas-de-36-millones-de-pesos-en-obras-de-infraestructura\/#primaryimage\"},\"thumbnailUrl\":\"https:\/\/www.nexoinformativo.mx\/wp-content\/uploads\/2024\/10\/PHOTO-2024-10-27-18-27-35-e1730080045702.jpg\",\"keywords\":[\"DesarrolloMunicipal\",\"elmarques\",\"Infraestructura\",\"ObrasP\u00fablicas\",\"qro\"],\"articleSection\":[\"Municipios\",\"\u00daltima Hora\"],\"inLanguage\":\"es\",\"potentialAction\":[{\"@type\":\"CommentAction\",\"name\":\"Comment\",\"target\":[\"https:\/\/www.nexoinformativo.mx\/index.php\/2024\/10\/27\/el-marques-invierte-mas-de-36-millones-de-pesos-en-obras-de-infraestructura\/#respond\"]}]},{\"@type\":\"WebPage\",\"@id\":\"https:\/\/www.nexoinformativo.mx\/index.php\/2024\/10\/27\/el-marques-invierte-mas-de-36-millones-de-pesos-en-obras-de-infraestructura\/\",\"url\":\"https:\/\/www.nexoinformativo.mx\/index.php\/2024\/10\/27\/el-marques-invierte-mas-de-36-millones-de-pesos-en-obras-de-infraestructura\/\",\"name\":\"El Marqu\u00e9s invierte m\u00e1s de 36 millones de pesos en obras de infraestructura | Nexo Informativo Santiago de Quer\u00e9taro\",\"isPartOf\":{\"@id\":\"https:\/\/www.nexoinformativo.mx\/#website\"},\"primaryImageOfPage\":{\"@id\":\"https:\/\/www.nexoinformativo.mx\/index.php\/2024\/10\/27\/el-marques-invierte-mas-de-36-millones-de-pesos-en-obras-de-infraestructura\/#primaryimage\"},\"image\":{\"@id\":\"https:\/\/www.nexoinformativo.mx\/index.php\/2024\/10\/27\/el-marques-invierte-mas-de-36-millones-de-pesos-en-obras-de-infraestructura\/#primaryimage\"},\"thumbnailUrl\":\"https:\/\/www.nexoinformativo.mx\/wp-content\/uploads\/2024\/10\/PHOTO-2024-10-27-18-27-35-e1730080045702.jpg\",\"datePublished\":\"2024-10-28T00:00:30+00:00\",\"dateModified\":\"2024-10-28T01:49:55+00:00\",\"description\":\"El Marqu\u00e9s invierte m\u00e1s de 36 millones de pesos en obras de infraestructura\",\"breadcrumb\":{\"@id\":\"https:\/\/www.nexoinformativo.mx\/index.php\/2024\/10\/27\/el-marques-invierte-mas-de-36-millones-de-pesos-en-obras-de-infraestructura\/#breadcrumb\"},\"inLanguage\":\"es\",\"potentialAction\":[{\"@type\":\"ReadAction\",\"target\":[\"https:\/\/www.nexoinformativo.mx\/index.php\/2024\/10\/27\/el-marques-invierte-mas-de-36-millones-de-pesos-en-obras-de-infraestructura\/\"]}]},{\"@type\":\"ImageObject\",\"inLanguage\":\"es\",\"@id\":\"https:\/\/www.nexoinformativo.mx\/index.php\/2024\/10\/27\/el-marques-invierte-mas-de-36-millones-de-pesos-en-obras-de-infraestructura\/#primaryimage\",\"url\":\"https:\/\/www.nexoinformativo.mx\/wp-content\/uploads\/2024\/10\/PHOTO-2024-10-27-18-27-35-e1730080045702.jpg\",\"contentUrl\":\"https:\/\/www.nexoinformativo.mx\/wp-content\/uploads\/2024\/10\/PHOTO-2024-10-27-18-27-35-e1730080045702.jpg\",\"width\":800,\"height\":1000},{\"@type\":\"BreadcrumbList\",\"@id\":\"https:\/\/www.nexoinformativo.mx\/index.php\/2024\/10\/27\/el-marques-invierte-mas-de-36-millones-de-pesos-en-obras-de-infraestructura\/#breadcrumb\",\"itemListElement\":[{\"@type\":\"ListItem\",\"position\":1,\"name\":\"Inicio\",\"item\":\"https:\/\/www.nexoinformativo.mx\/\"},{\"@type\":\"ListItem\",\"position\":2,\"name\":\"El Marqu\u00e9s invierte m\u00e1s de 36 millones de pesos en obras de infraestructura\"}]},{\"@type\":\"WebSite\",\"@id\":\"https:\/\/www.nexoinformativo.mx\/#website\",\"url\":\"https:\/\/www.nexoinformativo.mx\/\",\"name\":\"Nexo Informativo Santiago de Quer\u00e9taro\",\"description\":\"Explora NexoInformativo y convi\u00e9rtete en parte de una comunidad que valora el conocimiento y la verdad. Tu nexoinformativo es tu puente hacia una comprensi\u00f3n m\u00e1s profunda del mundo que te rodea.\",\"publisher\":{\"@id\":\"https:\/\/www.nexoinformativo.mx\/#organization\"},\"potentialAction\":[{\"@type\":\"SearchAction\",\"target\":{\"@type\":\"EntryPoint\",\"urlTemplate\":\"https:\/\/www.nexoinformativo.mx\/?s={search_term_string}\"},\"query-input\":{\"@type\":\"PropertyValueSpecification\",\"valueRequired\":true,\"valueName\":\"search_term_string\"}}],\"inLanguage\":\"es\"},{\"@type\":\"Organization\",\"@id\":\"https:\/\/www.nexoinformativo.mx\/#organization\",\"name\":\"Nexo Informativo Santiago de Quer\u00e9taro\",\"url\":\"https:\/\/www.nexoinformativo.mx\/\",\"logo\":{\"@type\":\"ImageObject\",\"inLanguage\":\"es\",\"@id\":\"https:\/\/www.nexoinformativo.mx\/#\/schema\/logo\/image\/\",\"url\":\"https:\/\/www.nexoinformativo.mx\/wp-content\/uploads\/2024\/07\/nexoi-trasparente-2.png\",\"contentUrl\":\"https:\/\/www.nexoinformativo.mx\/wp-content\/uploads\/2024\/07\/nexoi-trasparente-2.png\",\"width\":816,\"height\":339,\"caption\":\"Nexo Informativo Santiago de Quer\u00e9taro\"},\"image\":{\"@id\":\"https:\/\/www.nexoinformativo.mx\/#\/schema\/logo\/image\/\"},\"sameAs\":[\"https:\/\/www.facebook.com\/people\/Nexo-Informativo\/61564066885511\/\"]},{\"@type\":\"Person\",\"@id\":\"https:\/\/www.nexoinformativo.mx\/#\/schema\/person\/7749d380ba08c8ca00d7bc76fd907b7d\",\"name\":\"Nexo Informativo\",\"image\":{\"@type\":\"ImageObject\",\"inLanguage\":\"es\",\"@id\":\"https:\/\/www.nexoinformativo.mx\/#\/schema\/person\/image\/\",\"url\":\"https:\/\/secure.gravatar.com\/avatar\/dde2928154642a13d95f87ddf1ea9718fe2b46760a005c53e41ff5ad610704e6?s=96&d=mm&r=g\",\"contentUrl\":\"https:\/\/secure.gravatar.com\/avatar\/dde2928154642a13d95f87ddf1ea9718fe2b46760a005c53e41ff5ad610704e6?s=96&d=mm&r=g\",\"caption\":\"Nexo Informativo\"},\"url\":\"https:\/\/www.nexoinformativo.mx\/index.php\/author\/edicion\/\"}]}<\/script>\n<!-- \/ Yoast SEO plugin. -->","yoast_head_json":{"title":"El Marqu\u00e9s invierte m\u00e1s de 36 millones de pesos en obras de infraestructura | Nexo Informativo Santiago de Quer\u00e9taro","description":"El Marqu\u00e9s invierte m\u00e1s de 36 millones de pesos en obras de infraestructura","robots":{"index":"index","follow":"follow","max-snippet":"max-snippet:-1","max-image-preview":"max-image-preview:large","max-video-preview":"max-video-preview:-1"},"canonical":"https:\/\/www.nexoinformativo.mx\/index.php\/2024\/10\/27\/el-marques-invierte-mas-de-36-millones-de-pesos-en-obras-de-infraestructura\/","og_locale":"es_MX","og_type":"article","og_title":"El Marqu\u00e9s invierte m\u00e1s de 36 millones de pesos en obras de infraestructura | Nexo Informativo Santiago de Quer\u00e9taro","og_description":"El Marqu\u00e9s invierte m\u00e1s de 36 millones de pesos en obras de infraestructura","og_url":"https:\/\/www.nexoinformativo.mx\/index.php\/2024\/10\/27\/el-marques-invierte-mas-de-36-millones-de-pesos-en-obras-de-infraestructura\/","og_site_name":"Nexo Informativo Santiago de Quer\u00e9taro","article_publisher":"https:\/\/www.facebook.com\/people\/Nexo-Informativo\/61564066885511\/","article_published_time":"2024-10-28T00:00:30+00:00","article_modified_time":"2024-10-28T01:49:55+00:00","og_image":[{"width":800,"height":1000,"url":"https:\/\/www.nexoinformativo.mx\/wp-content\/uploads\/2024\/10\/PHOTO-2024-10-27-18-27-35-e1730080045702.jpg","type":"image\/jpeg"}],"author":"Nexo Informativo","twitter_card":"summary_large_image","twitter_misc":{"Escrito por":"Nexo Informativo","Tiempo de lectura":"1 minuto"},"schema":{"@context":"https:\/\/schema.org","@graph":[{"@type":"Article","@id":"https:\/\/www.nexoinformativo.mx\/index.php\/2024\/10\/27\/el-marques-invierte-mas-de-36-millones-de-pesos-en-obras-de-infraestructura\/#article","isPartOf":{"@id":"https:\/\/www.nexoinformativo.mx\/index.php\/2024\/10\/27\/el-marques-invierte-mas-de-36-millones-de-pesos-en-obras-de-infraestructura\/"},"author":{"name":"Nexo Informativo","@id":"https:\/\/www.nexoinformativo.mx\/#\/schema\/person\/7749d380ba08c8ca00d7bc76fd907b7d"},"headline":"El Marqu\u00e9s invierte m\u00e1s de 36 millones de pesos en obras de infraestructura","datePublished":"2024-10-28T00:00:30+00:00","dateModified":"2024-10-28T01:49:55+00:00","mainEntityOfPage":{"@id":"https:\/\/www.nexoinformativo.mx\/index.php\/2024\/10\/27\/el-marques-invierte-mas-de-36-millones-de-pesos-en-obras-de-infraestructura\/"},"wordCount":204,"commentCount":0,"publisher":{"@id":"https:\/\/www.nexoinformativo.mx\/#organization"},"image":{"@id":"https:\/\/www.nexoinformativo.mx\/index.php\/2024\/10\/27\/el-marques-invierte-mas-de-36-millones-de-pesos-en-obras-de-infraestructura\/#primaryimage"},"thumbnailUrl":"https:\/\/www.nexoinformativo.mx\/wp-content\/uploads\/2024\/10\/PHOTO-2024-10-27-18-27-35-e1730080045702.jpg","keywords":["DesarrolloMunicipal","elmarques","Infraestructura","ObrasP\u00fablicas","qro"],"articleSection":["Municipios","\u00daltima Hora"],"inLanguage":"es","potentialAction":[{"@type":"CommentAction","name":"Comment","target":["https:\/\/www.nexoinformativo.mx\/index.php\/2024\/10\/27\/el-marques-invierte-mas-de-36-millones-de-pesos-en-obras-de-infraestructura\/#respond"]}]},{"@type":"WebPage","@id":"https:\/\/www.nexoinformativo.mx\/index.php\/2024\/10\/27\/el-marques-invierte-mas-de-36-millones-de-pesos-en-obras-de-infraestructura\/","url":"https:\/\/www.nexoinformativo.mx\/index.php\/2024\/10\/27\/el-marques-invierte-mas-de-36-millones-de-pesos-en-obras-de-infraestructura\/","name":"El Marqu\u00e9s invierte m\u00e1s de 36 millones de pesos en obras de infraestructura | Nexo Informativo Santiago de Quer\u00e9taro","isPartOf":{"@id":"https:\/\/www.nexoinformativo.mx\/#website"},"primaryImageOfPage":{"@id":"https:\/\/www.nexoinformativo.mx\/index.php\/2024\/10\/27\/el-marques-invierte-mas-de-36-millones-de-pesos-en-obras-de-infraestructura\/#primaryimage"},"image":{"@id":"https:\/\/www.nexoinformativo.mx\/index.php\/2024\/10\/27\/el-marques-invierte-mas-de-36-millones-de-pesos-en-obras-de-infraestructura\/#primaryimage"},"thumbnailUrl":"https:\/\/www.nexoinformativo.mx\/wp-content\/uploads\/2024\/10\/PHOTO-2024-10-27-18-27-35-e1730080045702.jpg","datePublished":"2024-10-28T00:00:30+00:00","dateModified":"2024-10-28T01:49:55+00:00","description":"El Marqu\u00e9s invierte m\u00e1s de 36 millones de pesos en obras de infraestructura","breadcrumb":{"@id":"https:\/\/www.nexoinformativo.mx\/index.php\/2024\/10\/27\/el-marques-invierte-mas-de-36-millones-de-pesos-en-obras-de-infraestructura\/#breadcrumb"},"inLanguage":"es","potentialAction":[{"@type":"ReadAction","target":["https:\/\/www.nexoinformativo.mx\/index.php\/2024\/10\/27\/el-marques-invierte-mas-de-36-millones-de-pesos-en-obras-de-infraestructura\/"]}]},{"@type":"ImageObject","inLanguage":"es","@id":"https:\/\/www.nexoinformativo.mx\/index.php\/2024\/10\/27\/el-marques-invierte-mas-de-36-millones-de-pesos-en-obras-de-infraestructura\/#primaryimage","url":"https:\/\/www.nexoinformativo.mx\/wp-content\/uploads\/2024\/10\/PHOTO-2024-10-27-18-27-35-e1730080045702.jpg","contentUrl":"https:\/\/www.nexoinformativo.mx\/wp-content\/uploads\/2024\/10\/PHOTO-2024-10-27-18-27-35-e1730080045702.jpg","width":800,"height":1000},{"@type":"BreadcrumbList","@id":"https:\/\/www.nexoinformativo.mx\/index.php\/2024\/10\/27\/el-marques-invierte-mas-de-36-millones-de-pesos-en-obras-de-infraestructura\/#breadcrumb","itemListElement":[{"@type":"ListItem","position":1,"name":"Inicio","item":"https:\/\/www.nexoinformativo.mx\/"},{"@type":"ListItem","position":2,"name":"El Marqu\u00e9s invierte m\u00e1s de 36 millones de pesos en obras de infraestructura"}]},{"@type":"WebSite","@id":"https:\/\/www.nexoinformativo.mx\/#website","url":"https:\/\/www.nexoinformativo.mx\/","name":"Nexo Informativo Santiago de Quer\u00e9taro","description":"Explora NexoInformativo y convi\u00e9rtete en parte de una comunidad que valora el conocimiento y la verdad. Tu nexoinformativo es tu puente hacia una comprensi\u00f3n m\u00e1s profunda del mundo que te rodea.","publisher":{"@id":"https:\/\/www.nexoinformativo.mx\/#organization"},"potentialAction":[{"@type":"SearchAction","target":{"@type":"EntryPoint","urlTemplate":"https:\/\/www.nexoinformativo.mx\/?s={search_term_string}"},"query-input":{"@type":"PropertyValueSpecification","valueRequired":true,"valueName":"search_term_string"}}],"inLanguage":"es"},{"@type":"Organization","@id":"https:\/\/www.nexoinformativo.mx\/#organization","name":"Nexo Informativo Santiago de Quer\u00e9taro","url":"https:\/\/www.nexoinformativo.mx\/","logo":{"@type":"ImageObject","inLanguage":"es","@id":"https:\/\/www.nexoinformativo.mx\/#\/schema\/logo\/image\/","url":"https:\/\/www.nexoinformativo.mx\/wp-content\/uploads\/2024\/07\/nexoi-trasparente-2.png","contentUrl":"https:\/\/www.nexoinformativo.mx\/wp-content\/uploads\/2024\/07\/nexoi-trasparente-2.png","width":816,"height":339,"caption":"Nexo Informativo Santiago de Quer\u00e9taro"},"image":{"@id":"https:\/\/www.nexoinformativo.mx\/#\/schema\/logo\/image\/"},"sameAs":["https:\/\/www.facebook.com\/people\/Nexo-Informativo\/61564066885511\/"]},{"@type":"Person","@id":"https:\/\/www.nexoinformativo.mx\/#\/schema\/person\/7749d380ba08c8ca00d7bc76fd907b7d","name":"Nexo Informativo","image":{"@type":"ImageObject","inLanguage":"es","@id":"https:\/\/www.nexoinformativo.mx\/#\/schema\/person\/image\/","url":"https:\/\/secure.gravatar.com\/avatar\/dde2928154642a13d95f87ddf1ea9718fe2b46760a005c53e41ff5ad610704e6?s=96&d=mm&r=g","contentUrl":"https:\/\/secure.gravatar.com\/avatar\/dde2928154642a13d95f87ddf1ea9718fe2b46760a005c53e41ff5ad610704e6?s=96&d=mm&r=g","caption":"Nexo Informativo"},"url":"https:\/\/www.nexoinformativo.mx\/index.php\/author\/edicion\/"}]}},"_links":{"self":[{"href":"https:\/\/www.nexoinformativo.mx\/index.php\/wp-json\/wp\/v2\/posts\/4648","targetHints":{"allow":["GET"]}}],"collection":[{"href":"https:\/\/www.nexoinformativo.mx\/index.php\/wp-json\/wp\/v2\/posts"}],"about":[{"href":"https:\/\/www.nexoinformativo.mx\/index.php\/wp-json\/wp\/v2\/types\/post"}],"author":[{"embeddable":true,"href":"https:\/\/www.nexoinformativo.mx\/index.php\/wp-json\/wp\/v2\/users\/3"}],"replies":[{"embeddable":true,"href":"https:\/\/www.nexoinformativo.mx\/index.php\/wp-json\/wp\/v2\/comments?post=4648"}],"version-history":[{"count":5,"href":"https:\/\/www.nexoinformativo.mx\/index.php\/wp-json\/wp\/v2\/posts\/4648\/revisions"}],"predecessor-version":[{"id":4653,"href":"https:\/\/www.nexoinformativo.mx\/index.php\/wp-json\/wp\/v2\/posts\/4648\/revisions\/4653"}],"wp:featuredmedia":[{"embeddable":true,"href":"https:\/\/www.nexoinformativo.mx\/index.php\/wp-json\/wp\/v2\/media\/4649"}],"wp:attachment":[{"href":"https:\/\/www.nexoinformativo.mx\/index.php\/wp-json\/wp\/v2\/media?parent=4648"}],"wp:term":[{"taxonomy":"category","embeddable":true,"href":"https:\/\/www.nexoinformativo.mx\/index.php\/wp-json\/wp\/v2\/categories?post=4648"},{"taxonomy":"post_tag","embeddable":true,"href":"https:\/\/www.nexoinformativo.mx\/index.php\/wp-json\/wp\/v2\/tags?post=4648"}],"curies":[{"name":"wp","href":"https:\/\/api.w.org\/{rel}","templated":true}]}}