{"id":4656,"date":"2024-10-28T07:00:32","date_gmt":"2024-10-28T13:00:32","guid":{"rendered":"https:\/\/www.nexoinformativo.mx\/?p=4656"},"modified":"2024-10-28T08:58:38","modified_gmt":"2024-10-28T14:58:38","slug":"aumentan-mas-de-2-mil-casos-de-dengue-en-queretaro-protegete","status":"publish","type":"post","link":"https:\/\/www.nexoinformativo.mx\/index.php\/2024\/10\/28\/aumentan-mas-de-2-mil-casos-de-dengue-en-queretaro-protegete\/","title":{"rendered":"Aumentan m\u00e1s de 2 mil casos de dengue en Quer\u00e9taro: \u00a1Prot\u00e9gete!"},"content":{"rendered":"<p style=\"text-align: justify;\" data-sourcepos=\"5:1-5:263\">La Secretar\u00eda de Salud de Quer\u00e9taro ha reportado un incremento del 4.7% en los casos de dengue en las \u00faltimas semanas, alcanzando un total de 2,159 casos positivos. Los municipios m\u00e1s afectados son Quer\u00e9taro, Pe\u00f1amiller y Jalpan de Serra.<\/p>\n<p>&nbsp;<\/p>\n<p style=\"text-align: justify;\" data-sourcepos=\"7:1-7:183\">Ante esta situaci\u00f3n, las autoridades sanitarias han emitido una alerta y exhortan a la poblaci\u00f3n a reforzar las medidas preventivas para evitar la propagaci\u00f3n del mosquito transmisor.<\/p>\n<p>&nbsp;<\/p>\n<p style=\"text-align: justify;\" data-sourcepos=\"9:1-9:39\">\u00bfQu\u00e9 hacer para prevenir el dengue?\u00a0Elimina criadero, revisa y limpia regularmente cualquier recipiente que pueda acumular agua, como macetas, llantas, bebederos de mascotas, etc.\u00a0Prot\u00e9gete de las picaduras y utiliza repelente, ropa de manga larga y pantalones largos, especialmente durante las horas de mayor actividad del mosquito.<\/p>\n<p>&nbsp;<\/p>\n<p style=\"text-align: justify;\">Si presentas s\u00edntomas como fiebre, dolor de cabeza, dolor muscular o sarpullido, acude de inmediato a un centro de salud.\u00a0Los municipios de Quer\u00e9taro, Pe\u00f1amiller y Jalpan de Serra concentran la mayor cantidad de casos de dengue. Sin embargo, se han registrado casos en la mayor\u00eda de los municipios del estado.<\/p>\n<p>&nbsp;<\/p>\n<p style=\"text-align: justify;\" data-sourcepos=\"21:1-21:97\">Las autoridades sanitarias est\u00e1n llevando a cabo diversas acciones para combatir el dengue, como:\u00a0Brigadas de fumigaci\u00f3n: Se realizan fumigaciones en zonas con mayor riesgo de transmisi\u00f3n.\u00a0Control larvario: Se coloca abate en recipientes para eliminar las larvas del mosquito. Y campa\u00f1as de concientizaci\u00f3n: Se difunden mensajes preventivos a trav\u00e9s de diferentes medios.<\/p>\n<p>&nbsp;<\/p>\n<p style=\"text-align: center;\" data-sourcepos=\"21:1-21:97\"><em><strong>\u00a1Informaci\u00f3n que transforma!<\/strong><\/em><\/p>\n","protected":false},"excerpt":{"rendered":"<p>La Secretar\u00eda de Salud de Quer\u00e9taro ha reportado un incremento del 4.7% en los casos de dengue en las \u00faltimas semanas, alcanzando un total de 2,159 casos positivos.<\/p>\n","protected":false},"author":3,"featured_media":4657,"comment_status":"open","ping_status":"open","sticky":false,"template":"","format":"standard","meta":{"footnotes":""},"categories":[65,58],"tags":[323,1646,806,133,139],"class_list":["post-4656","post","type-post","status-publish","format-standard","has-post-thumbnail","hentry","category-municipios","category-ultima-hora","tag-dengue","tag-mosquitos","tag-prevencion","tag-queretaro","tag-salud"],"yoast_head":"<!-- This site is optimized with the Yoast SEO plugin v25.0 - https:\/\/yoast.com\/wordpress\/plugins\/seo\/ -->\n<title>Aumentan m\u00e1s de 2 mil casos de dengue en Quer\u00e9taro: \u00a1Prot\u00e9gete! | Nexo Informativo Santiago de Quer\u00e9taro<\/title>\n<meta name=\"description\" content=\"Aumentan m\u00e1s de 2 mil casos de dengue en Quer\u00e9taro: \u00a1Prot\u00e9gete!\" \/>\n<meta name=\"robots\" content=\"index, follow, max-snippet:-1, max-image-preview:large, max-video-preview:-1\" \/>\n<link rel=\"canonical\" href=\"https:\/\/www.nexoinformativo.mx\/index.php\/2024\/10\/28\/aumentan-mas-de-2-mil-casos-de-dengue-en-queretaro-protegete\/\" \/>\n<meta property=\"og:locale\" content=\"es_MX\" \/>\n<meta property=\"og:type\" content=\"article\" \/>\n<meta property=\"og:title\" content=\"Aumentan m\u00e1s de 2 mil casos de dengue en Quer\u00e9taro: \u00a1Prot\u00e9gete! | Nexo Informativo Santiago de Quer\u00e9taro\" \/>\n<meta property=\"og:description\" content=\"Aumentan m\u00e1s de 2 mil casos de dengue en Quer\u00e9taro: \u00a1Prot\u00e9gete!\" \/>\n<meta property=\"og:url\" content=\"https:\/\/www.nexoinformativo.mx\/index.php\/2024\/10\/28\/aumentan-mas-de-2-mil-casos-de-dengue-en-queretaro-protegete\/\" \/>\n<meta property=\"og:site_name\" content=\"Nexo Informativo Santiago de Quer\u00e9taro\" \/>\n<meta property=\"article:publisher\" content=\"https:\/\/www.facebook.com\/people\/Nexo-Informativo\/61564066885511\/\" \/>\n<meta property=\"article:published_time\" content=\"2024-10-28T13:00:32+00:00\" \/>\n<meta property=\"article:modified_time\" content=\"2024-10-28T14:58:38+00:00\" \/>\n<meta property=\"og:image\" content=\"https:\/\/www.nexoinformativo.mx\/wp-content\/uploads\/2024\/10\/pexels-pixabay-86722-e1730126526678.jpeg\" \/>\n\t<meta property=\"og:image:width\" content=\"800\" \/>\n\t<meta property=\"og:image:height\" content=\"530\" \/>\n\t<meta property=\"og:image:type\" content=\"image\/jpeg\" \/>\n<meta name=\"author\" content=\"Nexo Informativo\" \/>\n<meta name=\"twitter:card\" content=\"summary_large_image\" \/>\n<meta name=\"twitter:label1\" content=\"Escrito por\" \/>\n\t<meta name=\"twitter:data1\" content=\"Nexo Informativo\" \/>\n\t<meta name=\"twitter:label2\" content=\"Tiempo de lectura\" \/>\n\t<meta name=\"twitter:data2\" content=\"2 minutos\" \/>\n<script type=\"application\/ld+json\" class=\"yoast-schema-graph\">{\"@context\":\"https:\/\/schema.org\",\"@graph\":[{\"@type\":\"Article\",\"@id\":\"https:\/\/www.nexoinformativo.mx\/index.php\/2024\/10\/28\/aumentan-mas-de-2-mil-casos-de-dengue-en-queretaro-protegete\/#article\",\"isPartOf\":{\"@id\":\"https:\/\/www.nexoinformativo.mx\/index.php\/2024\/10\/28\/aumentan-mas-de-2-mil-casos-de-dengue-en-queretaro-protegete\/\"},\"author\":{\"name\":\"Nexo Informativo\",\"@id\":\"https:\/\/www.nexoinformativo.mx\/#\/schema\/person\/7749d380ba08c8ca00d7bc76fd907b7d\"},\"headline\":\"Aumentan m\u00e1s de 2 mil casos de dengue en Quer\u00e9taro: \u00a1Prot\u00e9gete!\",\"datePublished\":\"2024-10-28T13:00:32+00:00\",\"dateModified\":\"2024-10-28T14:58:38+00:00\",\"mainEntityOfPage\":{\"@id\":\"https:\/\/www.nexoinformativo.mx\/index.php\/2024\/10\/28\/aumentan-mas-de-2-mil-casos-de-dengue-en-queretaro-protegete\/\"},\"wordCount\":257,\"commentCount\":0,\"publisher\":{\"@id\":\"https:\/\/www.nexoinformativo.mx\/#organization\"},\"image\":{\"@id\":\"https:\/\/www.nexoinformativo.mx\/index.php\/2024\/10\/28\/aumentan-mas-de-2-mil-casos-de-dengue-en-queretaro-protegete\/#primaryimage\"},\"thumbnailUrl\":\"https:\/\/www.nexoinformativo.mx\/wp-content\/uploads\/2024\/10\/pexels-pixabay-86722-e1730126526678.jpeg\",\"keywords\":[\"dengue\",\"Mosquitos\",\"Prevenci\u00f3n\",\"Quer\u00e9taro\",\"salud\"],\"articleSection\":[\"Municipios\",\"\u00daltima Hora\"],\"inLanguage\":\"es\",\"potentialAction\":[{\"@type\":\"CommentAction\",\"name\":\"Comment\",\"target\":[\"https:\/\/www.nexoinformativo.mx\/index.php\/2024\/10\/28\/aumentan-mas-de-2-mil-casos-de-dengue-en-queretaro-protegete\/#respond\"]}]},{\"@type\":\"WebPage\",\"@id\":\"https:\/\/www.nexoinformativo.mx\/index.php\/2024\/10\/28\/aumentan-mas-de-2-mil-casos-de-dengue-en-queretaro-protegete\/\",\"url\":\"https:\/\/www.nexoinformativo.mx\/index.php\/2024\/10\/28\/aumentan-mas-de-2-mil-casos-de-dengue-en-queretaro-protegete\/\",\"name\":\"Aumentan m\u00e1s de 2 mil casos de dengue en Quer\u00e9taro: \u00a1Prot\u00e9gete! | Nexo Informativo Santiago de Quer\u00e9taro\",\"isPartOf\":{\"@id\":\"https:\/\/www.nexoinformativo.mx\/#website\"},\"primaryImageOfPage\":{\"@id\":\"https:\/\/www.nexoinformativo.mx\/index.php\/2024\/10\/28\/aumentan-mas-de-2-mil-casos-de-dengue-en-queretaro-protegete\/#primaryimage\"},\"image\":{\"@id\":\"https:\/\/www.nexoinformativo.mx\/index.php\/2024\/10\/28\/aumentan-mas-de-2-mil-casos-de-dengue-en-queretaro-protegete\/#primaryimage\"},\"thumbnailUrl\":\"https:\/\/www.nexoinformativo.mx\/wp-content\/uploads\/2024\/10\/pexels-pixabay-86722-e1730126526678.jpeg\",\"datePublished\":\"2024-10-28T13:00:32+00:00\",\"dateModified\":\"2024-10-28T14:58:38+00:00\",\"description\":\"Aumentan m\u00e1s de 2 mil casos de dengue en Quer\u00e9taro: \u00a1Prot\u00e9gete!\",\"breadcrumb\":{\"@id\":\"https:\/\/www.nexoinformativo.mx\/index.php\/2024\/10\/28\/aumentan-mas-de-2-mil-casos-de-dengue-en-queretaro-protegete\/#breadcrumb\"},\"inLanguage\":\"es\",\"potentialAction\":[{\"@type\":\"ReadAction\",\"target\":[\"https:\/\/www.nexoinformativo.mx\/index.php\/2024\/10\/28\/aumentan-mas-de-2-mil-casos-de-dengue-en-queretaro-protegete\/\"]}]},{\"@type\":\"ImageObject\",\"inLanguage\":\"es\",\"@id\":\"https:\/\/www.nexoinformativo.mx\/index.php\/2024\/10\/28\/aumentan-mas-de-2-mil-casos-de-dengue-en-queretaro-protegete\/#primaryimage\",\"url\":\"https:\/\/www.nexoinformativo.mx\/wp-content\/uploads\/2024\/10\/pexels-pixabay-86722-e1730126526678.jpeg\",\"contentUrl\":\"https:\/\/www.nexoinformativo.mx\/wp-content\/uploads\/2024\/10\/pexels-pixabay-86722-e1730126526678.jpeg\",\"width\":800,\"height\":530},{\"@type\":\"BreadcrumbList\",\"@id\":\"https:\/\/www.nexoinformativo.mx\/index.php\/2024\/10\/28\/aumentan-mas-de-2-mil-casos-de-dengue-en-queretaro-protegete\/#breadcrumb\",\"itemListElement\":[{\"@type\":\"ListItem\",\"position\":1,\"name\":\"Inicio\",\"item\":\"https:\/\/www.nexoinformativo.mx\/\"},{\"@type\":\"ListItem\",\"position\":2,\"name\":\"Aumentan m\u00e1s de 2 mil casos de dengue en Quer\u00e9taro: \u00a1Prot\u00e9gete!\"}]},{\"@type\":\"WebSite\",\"@id\":\"https:\/\/www.nexoinformativo.mx\/#website\",\"url\":\"https:\/\/www.nexoinformativo.mx\/\",\"name\":\"Nexo Informativo Santiago de Quer\u00e9taro\",\"description\":\"Explora NexoInformativo y convi\u00e9rtete en parte de una comunidad que valora el conocimiento y la verdad. Tu nexoinformativo es tu puente hacia una comprensi\u00f3n m\u00e1s profunda del mundo que te rodea.\",\"publisher\":{\"@id\":\"https:\/\/www.nexoinformativo.mx\/#organization\"},\"potentialAction\":[{\"@type\":\"SearchAction\",\"target\":{\"@type\":\"EntryPoint\",\"urlTemplate\":\"https:\/\/www.nexoinformativo.mx\/?s={search_term_string}\"},\"query-input\":{\"@type\":\"PropertyValueSpecification\",\"valueRequired\":true,\"valueName\":\"search_term_string\"}}],\"inLanguage\":\"es\"},{\"@type\":\"Organization\",\"@id\":\"https:\/\/www.nexoinformativo.mx\/#organization\",\"name\":\"Nexo Informativo Santiago de Quer\u00e9taro\",\"url\":\"https:\/\/www.nexoinformativo.mx\/\",\"logo\":{\"@type\":\"ImageObject\",\"inLanguage\":\"es\",\"@id\":\"https:\/\/www.nexoinformativo.mx\/#\/schema\/logo\/image\/\",\"url\":\"https:\/\/www.nexoinformativo.mx\/wp-content\/uploads\/2024\/07\/nexoi-trasparente-2.png\",\"contentUrl\":\"https:\/\/www.nexoinformativo.mx\/wp-content\/uploads\/2024\/07\/nexoi-trasparente-2.png\",\"width\":816,\"height\":339,\"caption\":\"Nexo Informativo Santiago de Quer\u00e9taro\"},\"image\":{\"@id\":\"https:\/\/www.nexoinformativo.mx\/#\/schema\/logo\/image\/\"},\"sameAs\":[\"https:\/\/www.facebook.com\/people\/Nexo-Informativo\/61564066885511\/\"]},{\"@type\":\"Person\",\"@id\":\"https:\/\/www.nexoinformativo.mx\/#\/schema\/person\/7749d380ba08c8ca00d7bc76fd907b7d\",\"name\":\"Nexo Informativo\",\"image\":{\"@type\":\"ImageObject\",\"inLanguage\":\"es\",\"@id\":\"https:\/\/www.nexoinformativo.mx\/#\/schema\/person\/image\/\",\"url\":\"https:\/\/secure.gravatar.com\/avatar\/dde2928154642a13d95f87ddf1ea9718fe2b46760a005c53e41ff5ad610704e6?s=96&d=mm&r=g\",\"contentUrl\":\"https:\/\/secure.gravatar.com\/avatar\/dde2928154642a13d95f87ddf1ea9718fe2b46760a005c53e41ff5ad610704e6?s=96&d=mm&r=g\",\"caption\":\"Nexo Informativo\"},\"url\":\"https:\/\/www.nexoinformativo.mx\/index.php\/author\/edicion\/\"}]}<\/script>\n<!-- \/ Yoast SEO plugin. -->","yoast_head_json":{"title":"Aumentan m\u00e1s de 2 mil casos de dengue en Quer\u00e9taro: \u00a1Prot\u00e9gete! | Nexo Informativo Santiago de Quer\u00e9taro","description":"Aumentan m\u00e1s de 2 mil casos de dengue en Quer\u00e9taro: \u00a1Prot\u00e9gete!","robots":{"index":"index","follow":"follow","max-snippet":"max-snippet:-1","max-image-preview":"max-image-preview:large","max-video-preview":"max-video-preview:-1"},"canonical":"https:\/\/www.nexoinformativo.mx\/index.php\/2024\/10\/28\/aumentan-mas-de-2-mil-casos-de-dengue-en-queretaro-protegete\/","og_locale":"es_MX","og_type":"article","og_title":"Aumentan m\u00e1s de 2 mil casos de dengue en Quer\u00e9taro: \u00a1Prot\u00e9gete! | Nexo Informativo Santiago de Quer\u00e9taro","og_description":"Aumentan m\u00e1s de 2 mil casos de dengue en Quer\u00e9taro: \u00a1Prot\u00e9gete!","og_url":"https:\/\/www.nexoinformativo.mx\/index.php\/2024\/10\/28\/aumentan-mas-de-2-mil-casos-de-dengue-en-queretaro-protegete\/","og_site_name":"Nexo Informativo Santiago de Quer\u00e9taro","article_publisher":"https:\/\/www.facebook.com\/people\/Nexo-Informativo\/61564066885511\/","article_published_time":"2024-10-28T13:00:32+00:00","article_modified_time":"2024-10-28T14:58:38+00:00","og_image":[{"width":800,"height":530,"url":"https:\/\/www.nexoinformativo.mx\/wp-content\/uploads\/2024\/10\/pexels-pixabay-86722-e1730126526678.jpeg","type":"image\/jpeg"}],"author":"Nexo Informativo","twitter_card":"summary_large_image","twitter_misc":{"Escrito por":"Nexo Informativo","Tiempo de lectura":"2 minutos"},"schema":{"@context":"https:\/\/schema.org","@graph":[{"@type":"Article","@id":"https:\/\/www.nexoinformativo.mx\/index.php\/2024\/10\/28\/aumentan-mas-de-2-mil-casos-de-dengue-en-queretaro-protegete\/#article","isPartOf":{"@id":"https:\/\/www.nexoinformativo.mx\/index.php\/2024\/10\/28\/aumentan-mas-de-2-mil-casos-de-dengue-en-queretaro-protegete\/"},"author":{"name":"Nexo Informativo","@id":"https:\/\/www.nexoinformativo.mx\/#\/schema\/person\/7749d380ba08c8ca00d7bc76fd907b7d"},"headline":"Aumentan m\u00e1s de 2 mil casos de dengue en Quer\u00e9taro: \u00a1Prot\u00e9gete!","datePublished":"2024-10-28T13:00:32+00:00","dateModified":"2024-10-28T14:58:38+00:00","mainEntityOfPage":{"@id":"https:\/\/www.nexoinformativo.mx\/index.php\/2024\/10\/28\/aumentan-mas-de-2-mil-casos-de-dengue-en-queretaro-protegete\/"},"wordCount":257,"commentCount":0,"publisher":{"@id":"https:\/\/www.nexoinformativo.mx\/#organization"},"image":{"@id":"https:\/\/www.nexoinformativo.mx\/index.php\/2024\/10\/28\/aumentan-mas-de-2-mil-casos-de-dengue-en-queretaro-protegete\/#primaryimage"},"thumbnailUrl":"https:\/\/www.nexoinformativo.mx\/wp-content\/uploads\/2024\/10\/pexels-pixabay-86722-e1730126526678.jpeg","keywords":["dengue","Mosquitos","Prevenci\u00f3n","Quer\u00e9taro","salud"],"articleSection":["Municipios","\u00daltima Hora"],"inLanguage":"es","potentialAction":[{"@type":"CommentAction","name":"Comment","target":["https:\/\/www.nexoinformativo.mx\/index.php\/2024\/10\/28\/aumentan-mas-de-2-mil-casos-de-dengue-en-queretaro-protegete\/#respond"]}]},{"@type":"WebPage","@id":"https:\/\/www.nexoinformativo.mx\/index.php\/2024\/10\/28\/aumentan-mas-de-2-mil-casos-de-dengue-en-queretaro-protegete\/","url":"https:\/\/www.nexoinformativo.mx\/index.php\/2024\/10\/28\/aumentan-mas-de-2-mil-casos-de-dengue-en-queretaro-protegete\/","name":"Aumentan m\u00e1s de 2 mil casos de dengue en Quer\u00e9taro: \u00a1Prot\u00e9gete! | Nexo Informativo Santiago de Quer\u00e9taro","isPartOf":{"@id":"https:\/\/www.nexoinformativo.mx\/#website"},"primaryImageOfPage":{"@id":"https:\/\/www.nexoinformativo.mx\/index.php\/2024\/10\/28\/aumentan-mas-de-2-mil-casos-de-dengue-en-queretaro-protegete\/#primaryimage"},"image":{"@id":"https:\/\/www.nexoinformativo.mx\/index.php\/2024\/10\/28\/aumentan-mas-de-2-mil-casos-de-dengue-en-queretaro-protegete\/#primaryimage"},"thumbnailUrl":"https:\/\/www.nexoinformativo.mx\/wp-content\/uploads\/2024\/10\/pexels-pixabay-86722-e1730126526678.jpeg","datePublished":"2024-10-28T13:00:32+00:00","dateModified":"2024-10-28T14:58:38+00:00","description":"Aumentan m\u00e1s de 2 mil casos de dengue en Quer\u00e9taro: \u00a1Prot\u00e9gete!","breadcrumb":{"@id":"https:\/\/www.nexoinformativo.mx\/index.php\/2024\/10\/28\/aumentan-mas-de-2-mil-casos-de-dengue-en-queretaro-protegete\/#breadcrumb"},"inLanguage":"es","potentialAction":[{"@type":"ReadAction","target":["https:\/\/www.nexoinformativo.mx\/index.php\/2024\/10\/28\/aumentan-mas-de-2-mil-casos-de-dengue-en-queretaro-protegete\/"]}]},{"@type":"ImageObject","inLanguage":"es","@id":"https:\/\/www.nexoinformativo.mx\/index.php\/2024\/10\/28\/aumentan-mas-de-2-mil-casos-de-dengue-en-queretaro-protegete\/#primaryimage","url":"https:\/\/www.nexoinformativo.mx\/wp-content\/uploads\/2024\/10\/pexels-pixabay-86722-e1730126526678.jpeg","contentUrl":"https:\/\/www.nexoinformativo.mx\/wp-content\/uploads\/2024\/10\/pexels-pixabay-86722-e1730126526678.jpeg","width":800,"height":530},{"@type":"BreadcrumbList","@id":"https:\/\/www.nexoinformativo.mx\/index.php\/2024\/10\/28\/aumentan-mas-de-2-mil-casos-de-dengue-en-queretaro-protegete\/#breadcrumb","itemListElement":[{"@type":"ListItem","position":1,"name":"Inicio","item":"https:\/\/www.nexoinformativo.mx\/"},{"@type":"ListItem","position":2,"name":"Aumentan m\u00e1s de 2 mil casos de dengue en Quer\u00e9taro: \u00a1Prot\u00e9gete!"}]},{"@type":"WebSite","@id":"https:\/\/www.nexoinformativo.mx\/#website","url":"https:\/\/www.nexoinformativo.mx\/","name":"Nexo Informativo Santiago de Quer\u00e9taro","description":"Explora NexoInformativo y convi\u00e9rtete en parte de una comunidad que valora el conocimiento y la verdad. Tu nexoinformativo es tu puente hacia una comprensi\u00f3n m\u00e1s profunda del mundo que te rodea.","publisher":{"@id":"https:\/\/www.nexoinformativo.mx\/#organization"},"potentialAction":[{"@type":"SearchAction","target":{"@type":"EntryPoint","urlTemplate":"https:\/\/www.nexoinformativo.mx\/?s={search_term_string}"},"query-input":{"@type":"PropertyValueSpecification","valueRequired":true,"valueName":"search_term_string"}}],"inLanguage":"es"},{"@type":"Organization","@id":"https:\/\/www.nexoinformativo.mx\/#organization","name":"Nexo Informativo Santiago de Quer\u00e9taro","url":"https:\/\/www.nexoinformativo.mx\/","logo":{"@type":"ImageObject","inLanguage":"es","@id":"https:\/\/www.nexoinformativo.mx\/#\/schema\/logo\/image\/","url":"https:\/\/www.nexoinformativo.mx\/wp-content\/uploads\/2024\/07\/nexoi-trasparente-2.png","contentUrl":"https:\/\/www.nexoinformativo.mx\/wp-content\/uploads\/2024\/07\/nexoi-trasparente-2.png","width":816,"height":339,"caption":"Nexo Informativo Santiago de Quer\u00e9taro"},"image":{"@id":"https:\/\/www.nexoinformativo.mx\/#\/schema\/logo\/image\/"},"sameAs":["https:\/\/www.facebook.com\/people\/Nexo-Informativo\/61564066885511\/"]},{"@type":"Person","@id":"https:\/\/www.nexoinformativo.mx\/#\/schema\/person\/7749d380ba08c8ca00d7bc76fd907b7d","name":"Nexo Informativo","image":{"@type":"ImageObject","inLanguage":"es","@id":"https:\/\/www.nexoinformativo.mx\/#\/schema\/person\/image\/","url":"https:\/\/secure.gravatar.com\/avatar\/dde2928154642a13d95f87ddf1ea9718fe2b46760a005c53e41ff5ad610704e6?s=96&d=mm&r=g","contentUrl":"https:\/\/secure.gravatar.com\/avatar\/dde2928154642a13d95f87ddf1ea9718fe2b46760a005c53e41ff5ad610704e6?s=96&d=mm&r=g","caption":"Nexo Informativo"},"url":"https:\/\/www.nexoinformativo.mx\/index.php\/author\/edicion\/"}]}},"_links":{"self":[{"href":"https:\/\/www.nexoinformativo.mx\/index.php\/wp-json\/wp\/v2\/posts\/4656","targetHints":{"allow":["GET"]}}],"collection":[{"href":"https:\/\/www.nexoinformativo.mx\/index.php\/wp-json\/wp\/v2\/posts"}],"about":[{"href":"https:\/\/www.nexoinformativo.mx\/index.php\/wp-json\/wp\/v2\/types\/post"}],"author":[{"embeddable":true,"href":"https:\/\/www.nexoinformativo.mx\/index.php\/wp-json\/wp\/v2\/users\/3"}],"replies":[{"embeddable":true,"href":"https:\/\/www.nexoinformativo.mx\/index.php\/wp-json\/wp\/v2\/comments?post=4656"}],"version-history":[{"count":5,"href":"https:\/\/www.nexoinformativo.mx\/index.php\/wp-json\/wp\/v2\/posts\/4656\/revisions"}],"predecessor-version":[{"id":4672,"href":"https:\/\/www.nexoinformativo.mx\/index.php\/wp-json\/wp\/v2\/posts\/4656\/revisions\/4672"}],"wp:featuredmedia":[{"embeddable":true,"href":"https:\/\/www.nexoinformativo.mx\/index.php\/wp-json\/wp\/v2\/media\/4657"}],"wp:attachment":[{"href":"https:\/\/www.nexoinformativo.mx\/index.php\/wp-json\/wp\/v2\/media?parent=4656"}],"wp:term":[{"taxonomy":"category","embeddable":true,"href":"https:\/\/www.nexoinformativo.mx\/index.php\/wp-json\/wp\/v2\/categories?post=4656"},{"taxonomy":"post_tag","embeddable":true,"href":"https:\/\/www.nexoinformativo.mx\/index.php\/wp-json\/wp\/v2\/tags?post=4656"}],"curies":[{"name":"wp","href":"https:\/\/api.w.org\/{rel}","templated":true}]}}