{"id":4663,"date":"2024-10-28T07:00:55","date_gmt":"2024-10-28T13:00:55","guid":{"rendered":"https:\/\/www.nexoinformativo.mx\/?p=4663"},"modified":"2024-10-28T08:57:48","modified_gmt":"2024-10-28T14:57:48","slug":"onu-dh-mexico-monitorea-detenciones-de-artesanos-en-queretaro-generando-polemica","status":"publish","type":"post","link":"https:\/\/www.nexoinformativo.mx\/index.php\/2024\/10\/28\/onu-dh-mexico-monitorea-detenciones-de-artesanos-en-queretaro-generando-polemica\/","title":{"rendered":"ONU-DH M\u00e9xico monitorea detenciones de artesanos en Quer\u00e9taro, generando pol\u00e9mica"},"content":{"rendered":"<p style=\"text-align: justify;\" data-sourcepos=\"5:1-5:306\">La detenci\u00f3n de al menos nueve personas, entre ellas artesanos ind\u00edgenas y defensores de derechos humanos, durante un operativo contra el comercio ambulante en el Centro Hist\u00f3rico de Quer\u00e9taro, ha generado una fuerte pol\u00e9mica y ha llamado la atenci\u00f3n de la comunidad internacional.<\/p>\n<p>&nbsp;<\/p>\n<p style=\"text-align: justify;\" data-sourcepos=\"7:1-7:246\">La Oficina del Alto Comisionado de las Naciones Unidas para los Derechos Humanos en M\u00e9xico (<strong>ONU-DH)<\/strong> inform\u00f3 a trav\u00e9s de sus redes sociales\u00a0que est\u00e1 monitoreando la situaci\u00f3n para garantizar el respeto a los derechos y libertades de los detenidos.<\/p>\n<p>&nbsp;<\/p>\n<p style=\"text-align: justify;\" data-sourcepos=\"9:1-9:314\">El operativo, llevado a cabo por autoridades municipales, buscaba regular el comercio informal en el Centro Hist\u00f3rico. Sin embargo, la intervenci\u00f3n ha sido fuertemente criticada por diversos sectores de la sociedad, quienes consideran que se violaron los derechos de los artesanos ind\u00edgenas y de los manifestantes.<\/p>\n<p>&nbsp;<\/p>\n<p style=\"text-align: justify;\" data-sourcepos=\"11:1-11:364\">En redes sociales, usuarios han expresado su rechazo a las detenciones, argumentando que los artesanos son parte fundamental de la identidad cultural de la ciudad y que su trabajo contribuye a la econom\u00eda local. Por otro lado, otros usuarios han respaldado la acci\u00f3n de las autoridades, se\u00f1alando que el comercio informal genera problemas de movilidad y seguridad.<\/p>\n<p>&nbsp;<\/p>\n<p style=\"text-align: justify;\" data-sourcepos=\"13:1-13:191\">La intervenci\u00f3n de la ONU-DH en este caso ha puesto en el centro del debate la importancia de garantizar el respeto a los derechos humanos, incluso en el marco de operativos de orden p\u00fablico.<\/p>\n<p>&nbsp;<\/p>\n<p style=\"text-align: center;\" data-sourcepos=\"13:1-13:191\"><em><strong>\u00a1Informaci\u00f3n que transforma!<\/strong><\/em><\/p>\n","protected":false},"excerpt":{"rendered":"<p>La detenci\u00f3n de al menos nueve personas, entre ellas artesanos ind\u00edgenas y defensores de derechos humanos, durante un operativo contra el comercio ambulante en el Centro Hist\u00f3rico de Quer\u00e9taro, ha generado una fuerte pol\u00e9mica y ha llamado la atenci\u00f3n de la comunidad internacional.<\/p>\n","protected":false},"author":3,"featured_media":4664,"comment_status":"open","ping_status":"open","sticky":false,"template":"","format":"standard","meta":{"footnotes":""},"categories":[65,58],"tags":[1674,499,1675,133],"class_list":["post-4663","post","type-post","status-publish","format-standard","has-post-thumbnail","hentry","category-municipios","category-ultima-hora","tag-artesanos","tag-derechoshumanos","tag-onu","tag-queretaro"],"yoast_head":"<!-- This site is optimized with the Yoast SEO plugin v25.0 - https:\/\/yoast.com\/wordpress\/plugins\/seo\/ -->\n<title>ONU-DH M\u00e9xico monitorea detenciones de artesanos en Quer\u00e9taro, generando pol\u00e9mica | Nexo Informativo Santiago de Quer\u00e9taro<\/title>\n<meta name=\"description\" content=\"ONU-DH M\u00e9xico monitorea detenciones de artesanos en Quer\u00e9taro, generando pol\u00e9mica\" \/>\n<meta name=\"robots\" content=\"index, follow, max-snippet:-1, max-image-preview:large, max-video-preview:-1\" \/>\n<link rel=\"canonical\" href=\"https:\/\/www.nexoinformativo.mx\/index.php\/2024\/10\/28\/onu-dh-mexico-monitorea-detenciones-de-artesanos-en-queretaro-generando-polemica\/\" \/>\n<meta property=\"og:locale\" content=\"es_MX\" \/>\n<meta property=\"og:type\" content=\"article\" \/>\n<meta property=\"og:title\" content=\"ONU-DH M\u00e9xico monitorea detenciones de artesanos en Quer\u00e9taro, generando pol\u00e9mica | Nexo Informativo Santiago de Quer\u00e9taro\" \/>\n<meta property=\"og:description\" content=\"ONU-DH M\u00e9xico monitorea detenciones de artesanos en Quer\u00e9taro, generando pol\u00e9mica\" \/>\n<meta property=\"og:url\" content=\"https:\/\/www.nexoinformativo.mx\/index.php\/2024\/10\/28\/onu-dh-mexico-monitorea-detenciones-de-artesanos-en-queretaro-generando-polemica\/\" \/>\n<meta property=\"og:site_name\" content=\"Nexo Informativo Santiago de Quer\u00e9taro\" \/>\n<meta property=\"article:publisher\" content=\"https:\/\/www.facebook.com\/people\/Nexo-Informativo\/61564066885511\/\" \/>\n<meta property=\"article:published_time\" content=\"2024-10-28T13:00:55+00:00\" \/>\n<meta property=\"article:modified_time\" content=\"2024-10-28T14:57:48+00:00\" \/>\n<meta property=\"og:image\" content=\"https:\/\/www.nexoinformativo.mx\/wp-content\/uploads\/2024\/10\/IMG_7298-e1730127205966.jpg\" \/>\n\t<meta property=\"og:image:width\" content=\"800\" \/>\n\t<meta property=\"og:image:height\" content=\"474\" \/>\n\t<meta property=\"og:image:type\" content=\"image\/jpeg\" \/>\n<meta name=\"author\" content=\"Nexo Informativo\" \/>\n<meta name=\"twitter:card\" content=\"summary_large_image\" \/>\n<meta name=\"twitter:label1\" content=\"Escrito por\" \/>\n\t<meta name=\"twitter:data1\" content=\"Nexo Informativo\" \/>\n\t<meta name=\"twitter:label2\" content=\"Tiempo de lectura\" \/>\n\t<meta name=\"twitter:data2\" content=\"2 minutos\" \/>\n<script type=\"application\/ld+json\" class=\"yoast-schema-graph\">{\"@context\":\"https:\/\/schema.org\",\"@graph\":[{\"@type\":\"Article\",\"@id\":\"https:\/\/www.nexoinformativo.mx\/index.php\/2024\/10\/28\/onu-dh-mexico-monitorea-detenciones-de-artesanos-en-queretaro-generando-polemica\/#article\",\"isPartOf\":{\"@id\":\"https:\/\/www.nexoinformativo.mx\/index.php\/2024\/10\/28\/onu-dh-mexico-monitorea-detenciones-de-artesanos-en-queretaro-generando-polemica\/\"},\"author\":{\"name\":\"Nexo Informativo\",\"@id\":\"https:\/\/www.nexoinformativo.mx\/#\/schema\/person\/7749d380ba08c8ca00d7bc76fd907b7d\"},\"headline\":\"ONU-DH M\u00e9xico monitorea detenciones de artesanos en Quer\u00e9taro, generando pol\u00e9mica\",\"datePublished\":\"2024-10-28T13:00:55+00:00\",\"dateModified\":\"2024-10-28T14:57:48+00:00\",\"mainEntityOfPage\":{\"@id\":\"https:\/\/www.nexoinformativo.mx\/index.php\/2024\/10\/28\/onu-dh-mexico-monitorea-detenciones-de-artesanos-en-queretaro-generando-polemica\/\"},\"wordCount\":259,\"commentCount\":0,\"publisher\":{\"@id\":\"https:\/\/www.nexoinformativo.mx\/#organization\"},\"image\":{\"@id\":\"https:\/\/www.nexoinformativo.mx\/index.php\/2024\/10\/28\/onu-dh-mexico-monitorea-detenciones-de-artesanos-en-queretaro-generando-polemica\/#primaryimage\"},\"thumbnailUrl\":\"https:\/\/www.nexoinformativo.mx\/wp-content\/uploads\/2024\/10\/IMG_7298-e1730127205966.jpg\",\"keywords\":[\"Artesanos\",\"DerechosHumanos\",\"ONU\",\"Quer\u00e9taro\"],\"articleSection\":[\"Municipios\",\"\u00daltima Hora\"],\"inLanguage\":\"es\",\"potentialAction\":[{\"@type\":\"CommentAction\",\"name\":\"Comment\",\"target\":[\"https:\/\/www.nexoinformativo.mx\/index.php\/2024\/10\/28\/onu-dh-mexico-monitorea-detenciones-de-artesanos-en-queretaro-generando-polemica\/#respond\"]}]},{\"@type\":\"WebPage\",\"@id\":\"https:\/\/www.nexoinformativo.mx\/index.php\/2024\/10\/28\/onu-dh-mexico-monitorea-detenciones-de-artesanos-en-queretaro-generando-polemica\/\",\"url\":\"https:\/\/www.nexoinformativo.mx\/index.php\/2024\/10\/28\/onu-dh-mexico-monitorea-detenciones-de-artesanos-en-queretaro-generando-polemica\/\",\"name\":\"ONU-DH M\u00e9xico monitorea detenciones de artesanos en Quer\u00e9taro, generando pol\u00e9mica | Nexo Informativo Santiago de Quer\u00e9taro\",\"isPartOf\":{\"@id\":\"https:\/\/www.nexoinformativo.mx\/#website\"},\"primaryImageOfPage\":{\"@id\":\"https:\/\/www.nexoinformativo.mx\/index.php\/2024\/10\/28\/onu-dh-mexico-monitorea-detenciones-de-artesanos-en-queretaro-generando-polemica\/#primaryimage\"},\"image\":{\"@id\":\"https:\/\/www.nexoinformativo.mx\/index.php\/2024\/10\/28\/onu-dh-mexico-monitorea-detenciones-de-artesanos-en-queretaro-generando-polemica\/#primaryimage\"},\"thumbnailUrl\":\"https:\/\/www.nexoinformativo.mx\/wp-content\/uploads\/2024\/10\/IMG_7298-e1730127205966.jpg\",\"datePublished\":\"2024-10-28T13:00:55+00:00\",\"dateModified\":\"2024-10-28T14:57:48+00:00\",\"description\":\"ONU-DH M\u00e9xico monitorea detenciones de artesanos en Quer\u00e9taro, generando pol\u00e9mica\",\"breadcrumb\":{\"@id\":\"https:\/\/www.nexoinformativo.mx\/index.php\/2024\/10\/28\/onu-dh-mexico-monitorea-detenciones-de-artesanos-en-queretaro-generando-polemica\/#breadcrumb\"},\"inLanguage\":\"es\",\"potentialAction\":[{\"@type\":\"ReadAction\",\"target\":[\"https:\/\/www.nexoinformativo.mx\/index.php\/2024\/10\/28\/onu-dh-mexico-monitorea-detenciones-de-artesanos-en-queretaro-generando-polemica\/\"]}]},{\"@type\":\"ImageObject\",\"inLanguage\":\"es\",\"@id\":\"https:\/\/www.nexoinformativo.mx\/index.php\/2024\/10\/28\/onu-dh-mexico-monitorea-detenciones-de-artesanos-en-queretaro-generando-polemica\/#primaryimage\",\"url\":\"https:\/\/www.nexoinformativo.mx\/wp-content\/uploads\/2024\/10\/IMG_7298-e1730127205966.jpg\",\"contentUrl\":\"https:\/\/www.nexoinformativo.mx\/wp-content\/uploads\/2024\/10\/IMG_7298-e1730127205966.jpg\",\"width\":800,\"height\":474,\"caption\":\"Screenshot\"},{\"@type\":\"BreadcrumbList\",\"@id\":\"https:\/\/www.nexoinformativo.mx\/index.php\/2024\/10\/28\/onu-dh-mexico-monitorea-detenciones-de-artesanos-en-queretaro-generando-polemica\/#breadcrumb\",\"itemListElement\":[{\"@type\":\"ListItem\",\"position\":1,\"name\":\"Inicio\",\"item\":\"https:\/\/www.nexoinformativo.mx\/\"},{\"@type\":\"ListItem\",\"position\":2,\"name\":\"ONU-DH M\u00e9xico monitorea detenciones de artesanos en Quer\u00e9taro, generando pol\u00e9mica\"}]},{\"@type\":\"WebSite\",\"@id\":\"https:\/\/www.nexoinformativo.mx\/#website\",\"url\":\"https:\/\/www.nexoinformativo.mx\/\",\"name\":\"Nexo Informativo Santiago de Quer\u00e9taro\",\"description\":\"Explora NexoInformativo y convi\u00e9rtete en parte de una comunidad que valora el conocimiento y la verdad. Tu nexoinformativo es tu puente hacia una comprensi\u00f3n m\u00e1s profunda del mundo que te rodea.\",\"publisher\":{\"@id\":\"https:\/\/www.nexoinformativo.mx\/#organization\"},\"potentialAction\":[{\"@type\":\"SearchAction\",\"target\":{\"@type\":\"EntryPoint\",\"urlTemplate\":\"https:\/\/www.nexoinformativo.mx\/?s={search_term_string}\"},\"query-input\":{\"@type\":\"PropertyValueSpecification\",\"valueRequired\":true,\"valueName\":\"search_term_string\"}}],\"inLanguage\":\"es\"},{\"@type\":\"Organization\",\"@id\":\"https:\/\/www.nexoinformativo.mx\/#organization\",\"name\":\"Nexo Informativo Santiago de Quer\u00e9taro\",\"url\":\"https:\/\/www.nexoinformativo.mx\/\",\"logo\":{\"@type\":\"ImageObject\",\"inLanguage\":\"es\",\"@id\":\"https:\/\/www.nexoinformativo.mx\/#\/schema\/logo\/image\/\",\"url\":\"https:\/\/www.nexoinformativo.mx\/wp-content\/uploads\/2024\/07\/nexoi-trasparente-2.png\",\"contentUrl\":\"https:\/\/www.nexoinformativo.mx\/wp-content\/uploads\/2024\/07\/nexoi-trasparente-2.png\",\"width\":816,\"height\":339,\"caption\":\"Nexo Informativo Santiago de Quer\u00e9taro\"},\"image\":{\"@id\":\"https:\/\/www.nexoinformativo.mx\/#\/schema\/logo\/image\/\"},\"sameAs\":[\"https:\/\/www.facebook.com\/people\/Nexo-Informativo\/61564066885511\/\"]},{\"@type\":\"Person\",\"@id\":\"https:\/\/www.nexoinformativo.mx\/#\/schema\/person\/7749d380ba08c8ca00d7bc76fd907b7d\",\"name\":\"Nexo Informativo\",\"image\":{\"@type\":\"ImageObject\",\"inLanguage\":\"es\",\"@id\":\"https:\/\/www.nexoinformativo.mx\/#\/schema\/person\/image\/\",\"url\":\"https:\/\/secure.gravatar.com\/avatar\/dde2928154642a13d95f87ddf1ea9718fe2b46760a005c53e41ff5ad610704e6?s=96&d=mm&r=g\",\"contentUrl\":\"https:\/\/secure.gravatar.com\/avatar\/dde2928154642a13d95f87ddf1ea9718fe2b46760a005c53e41ff5ad610704e6?s=96&d=mm&r=g\",\"caption\":\"Nexo Informativo\"},\"url\":\"https:\/\/www.nexoinformativo.mx\/index.php\/author\/edicion\/\"}]}<\/script>\n<!-- \/ Yoast SEO plugin. -->","yoast_head_json":{"title":"ONU-DH M\u00e9xico monitorea detenciones de artesanos en Quer\u00e9taro, generando pol\u00e9mica | Nexo Informativo Santiago de Quer\u00e9taro","description":"ONU-DH M\u00e9xico monitorea detenciones de artesanos en Quer\u00e9taro, generando pol\u00e9mica","robots":{"index":"index","follow":"follow","max-snippet":"max-snippet:-1","max-image-preview":"max-image-preview:large","max-video-preview":"max-video-preview:-1"},"canonical":"https:\/\/www.nexoinformativo.mx\/index.php\/2024\/10\/28\/onu-dh-mexico-monitorea-detenciones-de-artesanos-en-queretaro-generando-polemica\/","og_locale":"es_MX","og_type":"article","og_title":"ONU-DH M\u00e9xico monitorea detenciones de artesanos en Quer\u00e9taro, generando pol\u00e9mica | Nexo Informativo Santiago de Quer\u00e9taro","og_description":"ONU-DH M\u00e9xico monitorea detenciones de artesanos en Quer\u00e9taro, generando pol\u00e9mica","og_url":"https:\/\/www.nexoinformativo.mx\/index.php\/2024\/10\/28\/onu-dh-mexico-monitorea-detenciones-de-artesanos-en-queretaro-generando-polemica\/","og_site_name":"Nexo Informativo Santiago de Quer\u00e9taro","article_publisher":"https:\/\/www.facebook.com\/people\/Nexo-Informativo\/61564066885511\/","article_published_time":"2024-10-28T13:00:55+00:00","article_modified_time":"2024-10-28T14:57:48+00:00","og_image":[{"width":800,"height":474,"url":"https:\/\/www.nexoinformativo.mx\/wp-content\/uploads\/2024\/10\/IMG_7298-e1730127205966.jpg","type":"image\/jpeg"}],"author":"Nexo Informativo","twitter_card":"summary_large_image","twitter_misc":{"Escrito por":"Nexo Informativo","Tiempo de lectura":"2 minutos"},"schema":{"@context":"https:\/\/schema.org","@graph":[{"@type":"Article","@id":"https:\/\/www.nexoinformativo.mx\/index.php\/2024\/10\/28\/onu-dh-mexico-monitorea-detenciones-de-artesanos-en-queretaro-generando-polemica\/#article","isPartOf":{"@id":"https:\/\/www.nexoinformativo.mx\/index.php\/2024\/10\/28\/onu-dh-mexico-monitorea-detenciones-de-artesanos-en-queretaro-generando-polemica\/"},"author":{"name":"Nexo Informativo","@id":"https:\/\/www.nexoinformativo.mx\/#\/schema\/person\/7749d380ba08c8ca00d7bc76fd907b7d"},"headline":"ONU-DH M\u00e9xico monitorea detenciones de artesanos en Quer\u00e9taro, generando pol\u00e9mica","datePublished":"2024-10-28T13:00:55+00:00","dateModified":"2024-10-28T14:57:48+00:00","mainEntityOfPage":{"@id":"https:\/\/www.nexoinformativo.mx\/index.php\/2024\/10\/28\/onu-dh-mexico-monitorea-detenciones-de-artesanos-en-queretaro-generando-polemica\/"},"wordCount":259,"commentCount":0,"publisher":{"@id":"https:\/\/www.nexoinformativo.mx\/#organization"},"image":{"@id":"https:\/\/www.nexoinformativo.mx\/index.php\/2024\/10\/28\/onu-dh-mexico-monitorea-detenciones-de-artesanos-en-queretaro-generando-polemica\/#primaryimage"},"thumbnailUrl":"https:\/\/www.nexoinformativo.mx\/wp-content\/uploads\/2024\/10\/IMG_7298-e1730127205966.jpg","keywords":["Artesanos","DerechosHumanos","ONU","Quer\u00e9taro"],"articleSection":["Municipios","\u00daltima Hora"],"inLanguage":"es","potentialAction":[{"@type":"CommentAction","name":"Comment","target":["https:\/\/www.nexoinformativo.mx\/index.php\/2024\/10\/28\/onu-dh-mexico-monitorea-detenciones-de-artesanos-en-queretaro-generando-polemica\/#respond"]}]},{"@type":"WebPage","@id":"https:\/\/www.nexoinformativo.mx\/index.php\/2024\/10\/28\/onu-dh-mexico-monitorea-detenciones-de-artesanos-en-queretaro-generando-polemica\/","url":"https:\/\/www.nexoinformativo.mx\/index.php\/2024\/10\/28\/onu-dh-mexico-monitorea-detenciones-de-artesanos-en-queretaro-generando-polemica\/","name":"ONU-DH M\u00e9xico monitorea detenciones de artesanos en Quer\u00e9taro, generando pol\u00e9mica | Nexo Informativo Santiago de Quer\u00e9taro","isPartOf":{"@id":"https:\/\/www.nexoinformativo.mx\/#website"},"primaryImageOfPage":{"@id":"https:\/\/www.nexoinformativo.mx\/index.php\/2024\/10\/28\/onu-dh-mexico-monitorea-detenciones-de-artesanos-en-queretaro-generando-polemica\/#primaryimage"},"image":{"@id":"https:\/\/www.nexoinformativo.mx\/index.php\/2024\/10\/28\/onu-dh-mexico-monitorea-detenciones-de-artesanos-en-queretaro-generando-polemica\/#primaryimage"},"thumbnailUrl":"https:\/\/www.nexoinformativo.mx\/wp-content\/uploads\/2024\/10\/IMG_7298-e1730127205966.jpg","datePublished":"2024-10-28T13:00:55+00:00","dateModified":"2024-10-28T14:57:48+00:00","description":"ONU-DH M\u00e9xico monitorea detenciones de artesanos en Quer\u00e9taro, generando pol\u00e9mica","breadcrumb":{"@id":"https:\/\/www.nexoinformativo.mx\/index.php\/2024\/10\/28\/onu-dh-mexico-monitorea-detenciones-de-artesanos-en-queretaro-generando-polemica\/#breadcrumb"},"inLanguage":"es","potentialAction":[{"@type":"ReadAction","target":["https:\/\/www.nexoinformativo.mx\/index.php\/2024\/10\/28\/onu-dh-mexico-monitorea-detenciones-de-artesanos-en-queretaro-generando-polemica\/"]}]},{"@type":"ImageObject","inLanguage":"es","@id":"https:\/\/www.nexoinformativo.mx\/index.php\/2024\/10\/28\/onu-dh-mexico-monitorea-detenciones-de-artesanos-en-queretaro-generando-polemica\/#primaryimage","url":"https:\/\/www.nexoinformativo.mx\/wp-content\/uploads\/2024\/10\/IMG_7298-e1730127205966.jpg","contentUrl":"https:\/\/www.nexoinformativo.mx\/wp-content\/uploads\/2024\/10\/IMG_7298-e1730127205966.jpg","width":800,"height":474,"caption":"Screenshot"},{"@type":"BreadcrumbList","@id":"https:\/\/www.nexoinformativo.mx\/index.php\/2024\/10\/28\/onu-dh-mexico-monitorea-detenciones-de-artesanos-en-queretaro-generando-polemica\/#breadcrumb","itemListElement":[{"@type":"ListItem","position":1,"name":"Inicio","item":"https:\/\/www.nexoinformativo.mx\/"},{"@type":"ListItem","position":2,"name":"ONU-DH M\u00e9xico monitorea detenciones de artesanos en Quer\u00e9taro, generando pol\u00e9mica"}]},{"@type":"WebSite","@id":"https:\/\/www.nexoinformativo.mx\/#website","url":"https:\/\/www.nexoinformativo.mx\/","name":"Nexo Informativo Santiago de Quer\u00e9taro","description":"Explora NexoInformativo y convi\u00e9rtete en parte de una comunidad que valora el conocimiento y la verdad. Tu nexoinformativo es tu puente hacia una comprensi\u00f3n m\u00e1s profunda del mundo que te rodea.","publisher":{"@id":"https:\/\/www.nexoinformativo.mx\/#organization"},"potentialAction":[{"@type":"SearchAction","target":{"@type":"EntryPoint","urlTemplate":"https:\/\/www.nexoinformativo.mx\/?s={search_term_string}"},"query-input":{"@type":"PropertyValueSpecification","valueRequired":true,"valueName":"search_term_string"}}],"inLanguage":"es"},{"@type":"Organization","@id":"https:\/\/www.nexoinformativo.mx\/#organization","name":"Nexo Informativo Santiago de Quer\u00e9taro","url":"https:\/\/www.nexoinformativo.mx\/","logo":{"@type":"ImageObject","inLanguage":"es","@id":"https:\/\/www.nexoinformativo.mx\/#\/schema\/logo\/image\/","url":"https:\/\/www.nexoinformativo.mx\/wp-content\/uploads\/2024\/07\/nexoi-trasparente-2.png","contentUrl":"https:\/\/www.nexoinformativo.mx\/wp-content\/uploads\/2024\/07\/nexoi-trasparente-2.png","width":816,"height":339,"caption":"Nexo Informativo Santiago de Quer\u00e9taro"},"image":{"@id":"https:\/\/www.nexoinformativo.mx\/#\/schema\/logo\/image\/"},"sameAs":["https:\/\/www.facebook.com\/people\/Nexo-Informativo\/61564066885511\/"]},{"@type":"Person","@id":"https:\/\/www.nexoinformativo.mx\/#\/schema\/person\/7749d380ba08c8ca00d7bc76fd907b7d","name":"Nexo Informativo","image":{"@type":"ImageObject","inLanguage":"es","@id":"https:\/\/www.nexoinformativo.mx\/#\/schema\/person\/image\/","url":"https:\/\/secure.gravatar.com\/avatar\/dde2928154642a13d95f87ddf1ea9718fe2b46760a005c53e41ff5ad610704e6?s=96&d=mm&r=g","contentUrl":"https:\/\/secure.gravatar.com\/avatar\/dde2928154642a13d95f87ddf1ea9718fe2b46760a005c53e41ff5ad610704e6?s=96&d=mm&r=g","caption":"Nexo Informativo"},"url":"https:\/\/www.nexoinformativo.mx\/index.php\/author\/edicion\/"}]}},"_links":{"self":[{"href":"https:\/\/www.nexoinformativo.mx\/index.php\/wp-json\/wp\/v2\/posts\/4663","targetHints":{"allow":["GET"]}}],"collection":[{"href":"https:\/\/www.nexoinformativo.mx\/index.php\/wp-json\/wp\/v2\/posts"}],"about":[{"href":"https:\/\/www.nexoinformativo.mx\/index.php\/wp-json\/wp\/v2\/types\/post"}],"author":[{"embeddable":true,"href":"https:\/\/www.nexoinformativo.mx\/index.php\/wp-json\/wp\/v2\/users\/3"}],"replies":[{"embeddable":true,"href":"https:\/\/www.nexoinformativo.mx\/index.php\/wp-json\/wp\/v2\/comments?post=4663"}],"version-history":[{"count":6,"href":"https:\/\/www.nexoinformativo.mx\/index.php\/wp-json\/wp\/v2\/posts\/4663\/revisions"}],"predecessor-version":[{"id":4670,"href":"https:\/\/www.nexoinformativo.mx\/index.php\/wp-json\/wp\/v2\/posts\/4663\/revisions\/4670"}],"wp:featuredmedia":[{"embeddable":true,"href":"https:\/\/www.nexoinformativo.mx\/index.php\/wp-json\/wp\/v2\/media\/4664"}],"wp:attachment":[{"href":"https:\/\/www.nexoinformativo.mx\/index.php\/wp-json\/wp\/v2\/media?parent=4663"}],"wp:term":[{"taxonomy":"category","embeddable":true,"href":"https:\/\/www.nexoinformativo.mx\/index.php\/wp-json\/wp\/v2\/categories?post=4663"},{"taxonomy":"post_tag","embeddable":true,"href":"https:\/\/www.nexoinformativo.mx\/index.php\/wp-json\/wp\/v2\/tags?post=4663"}],"curies":[{"name":"wp","href":"https:\/\/api.w.org\/{rel}","templated":true}]}}