{"id":4673,"date":"2024-10-28T08:00:44","date_gmt":"2024-10-28T14:00:44","guid":{"rendered":"https:\/\/www.nexoinformativo.mx\/?p=4673"},"modified":"2024-10-28T12:42:55","modified_gmt":"2024-10-28T18:42:55","slug":"indignacion-nacional-fiscalia-de-queretaro-busca-encarcelar-a-nina-de-14-anos-por-aborto-espontaneo","status":"publish","type":"post","link":"https:\/\/www.nexoinformativo.mx\/index.php\/2024\/10\/28\/indignacion-nacional-fiscalia-de-queretaro-busca-encarcelar-a-nina-de-14-anos-por-aborto-espontaneo\/","title":{"rendered":"Colectivas feministas y organizaciones de derechos humanos exigen la renuncia del Fiscal General del Estado por el caso de la menor en Huimilpan"},"content":{"rendered":"<p style=\"text-align: justify;\">Un caso de violencia institucional ha generado indignaci\u00f3n en M\u00e9xico. La Fiscal\u00eda de Quer\u00e9taro ha solicitado tres a\u00f1os de prisi\u00f3n para una adolescente de 14 a\u00f1os que sufri\u00f3 un aborto espont\u00e1neo tras presuntamente ser v\u00edctima de abuso sexual. La menor, originaria de Huimilpan, enfrenta cargos por posible homicidio, mientras que la fiscal\u00eda descarta que haya solicitado indemnizaci\u00f3n alguna para el presunto agresor.<\/p>\n<p>&nbsp;<\/p>\n<p style=\"text-align: justify;\">El fiscal general de Quer\u00e9taro, V\u00edctor Antonio de Jes\u00fas Hern\u00e1ndez, quien asumi\u00f3 el cargo en agosto, ha sido criticado por colectivos feministas y organizaciones de derechos humanos que se\u00f1alan que esta acusaci\u00f3n atenta contra los derechos de la ni\u00f1a, incluyendo su derecho a la salud y a vivir sin violencia. Estas organizaciones piden su destituci\u00f3n y convocan a la sociedad civil a exigir justicia para evitar que las v\u00edctimas de violencia sexual sean criminalizadas y asegurar que reciban el apoyo adecuado.<\/p>\n<p>&nbsp;<\/p>\n<p style=\"text-align: center;\"><em><strong>\u00a1Informaci\u00f3n que transforma!<\/strong><\/em><\/p>\n","protected":false},"excerpt":{"rendered":"<p>Un caso de violencia institucional ha generado indignaci\u00f3n en M\u00e9xico. La Fiscal\u00eda de Quer\u00e9taro ha solicitado tres a\u00f1os de prisi\u00f3n para una adolescente de 14 a\u00f1os que sufri\u00f3 un aborto espont\u00e1neo tras presuntamente ser v\u00edctima de abuso sexual. La menor, originaria de Huimilpan, enfrenta cargos por posible homicidio, mientras que la fiscal\u00eda descarta que haya [&hellip;]<\/p>\n","protected":false},"author":3,"featured_media":4674,"comment_status":"open","ping_status":"open","sticky":false,"template":"","format":"standard","meta":{"footnotes":""},"categories":[42,58],"tags":[1676,1677,133,815],"class_list":["post-4673","post","type-post","status-publish","format-standard","has-post-thumbnail","hentry","category-estado","category-ultima-hora","tag-justiciaparaesmeralda","tag-niunamenos","tag-queretaro","tag-violenciadegenero"],"yoast_head":"<!-- This site is optimized with the Yoast SEO plugin v25.0 - https:\/\/yoast.com\/wordpress\/plugins\/seo\/ -->\n<title>Colectivas feministas y organizaciones de derechos humanos exigen la renuncia del Fiscal General del Estado por el caso de la menor en Huimilpan | Nexo Informativo Santiago de Quer\u00e9taro<\/title>\n<meta name=\"description\" content=\"Indignaci\u00f3n nacional: Fiscal\u00eda de Quer\u00e9taro busca encarcelar a ni\u00f1a de 14 a\u00f1os por aborto espont\u00e1neo\" \/>\n<meta name=\"robots\" content=\"index, follow, max-snippet:-1, max-image-preview:large, max-video-preview:-1\" \/>\n<link rel=\"canonical\" href=\"https:\/\/www.nexoinformativo.mx\/index.php\/2024\/10\/28\/indignacion-nacional-fiscalia-de-queretaro-busca-encarcelar-a-nina-de-14-anos-por-aborto-espontaneo\/\" \/>\n<meta property=\"og:locale\" content=\"es_MX\" \/>\n<meta property=\"og:type\" content=\"article\" \/>\n<meta property=\"og:title\" content=\"Colectivas feministas y organizaciones de derechos humanos exigen la renuncia del Fiscal General del Estado por el caso de la menor en Huimilpan | Nexo Informativo Santiago de Quer\u00e9taro\" \/>\n<meta property=\"og:description\" content=\"Indignaci\u00f3n nacional: Fiscal\u00eda de Quer\u00e9taro busca encarcelar a ni\u00f1a de 14 a\u00f1os por aborto espont\u00e1neo\" \/>\n<meta property=\"og:url\" content=\"https:\/\/www.nexoinformativo.mx\/index.php\/2024\/10\/28\/indignacion-nacional-fiscalia-de-queretaro-busca-encarcelar-a-nina-de-14-anos-por-aborto-espontaneo\/\" \/>\n<meta property=\"og:site_name\" content=\"Nexo Informativo Santiago de Quer\u00e9taro\" \/>\n<meta property=\"article:publisher\" content=\"https:\/\/www.facebook.com\/people\/Nexo-Informativo\/61564066885511\/\" \/>\n<meta property=\"article:published_time\" content=\"2024-10-28T14:00:44+00:00\" \/>\n<meta property=\"article:modified_time\" content=\"2024-10-28T18:42:55+00:00\" \/>\n<meta property=\"og:image\" content=\"https:\/\/www.nexoinformativo.mx\/wp-content\/uploads\/2024\/10\/PHOTO-2024-10-28-08-10-07-e1730127987266.jpg\" \/>\n\t<meta property=\"og:image:width\" content=\"800\" \/>\n\t<meta property=\"og:image:height\" content=\"565\" \/>\n\t<meta property=\"og:image:type\" content=\"image\/jpeg\" \/>\n<meta name=\"author\" content=\"Nexo Informativo\" \/>\n<meta name=\"twitter:card\" content=\"summary_large_image\" \/>\n<meta name=\"twitter:label1\" content=\"Escrito por\" \/>\n\t<meta name=\"twitter:data1\" content=\"Nexo Informativo\" \/>\n\t<meta name=\"twitter:label2\" content=\"Tiempo de lectura\" \/>\n\t<meta name=\"twitter:data2\" content=\"1 minuto\" \/>\n<script type=\"application\/ld+json\" class=\"yoast-schema-graph\">{\"@context\":\"https:\/\/schema.org\",\"@graph\":[{\"@type\":\"Article\",\"@id\":\"https:\/\/www.nexoinformativo.mx\/index.php\/2024\/10\/28\/indignacion-nacional-fiscalia-de-queretaro-busca-encarcelar-a-nina-de-14-anos-por-aborto-espontaneo\/#article\",\"isPartOf\":{\"@id\":\"https:\/\/www.nexoinformativo.mx\/index.php\/2024\/10\/28\/indignacion-nacional-fiscalia-de-queretaro-busca-encarcelar-a-nina-de-14-anos-por-aborto-espontaneo\/\"},\"author\":{\"name\":\"Nexo Informativo\",\"@id\":\"https:\/\/www.nexoinformativo.mx\/#\/schema\/person\/7749d380ba08c8ca00d7bc76fd907b7d\"},\"headline\":\"Colectivas feministas y organizaciones de derechos humanos exigen la renuncia del Fiscal General del Estado por el caso de la menor en Huimilpan\",\"datePublished\":\"2024-10-28T14:00:44+00:00\",\"dateModified\":\"2024-10-28T18:42:55+00:00\",\"mainEntityOfPage\":{\"@id\":\"https:\/\/www.nexoinformativo.mx\/index.php\/2024\/10\/28\/indignacion-nacional-fiscalia-de-queretaro-busca-encarcelar-a-nina-de-14-anos-por-aborto-espontaneo\/\"},\"wordCount\":191,\"commentCount\":0,\"publisher\":{\"@id\":\"https:\/\/www.nexoinformativo.mx\/#organization\"},\"image\":{\"@id\":\"https:\/\/www.nexoinformativo.mx\/index.php\/2024\/10\/28\/indignacion-nacional-fiscalia-de-queretaro-busca-encarcelar-a-nina-de-14-anos-por-aborto-espontaneo\/#primaryimage\"},\"thumbnailUrl\":\"https:\/\/www.nexoinformativo.mx\/wp-content\/uploads\/2024\/10\/PHOTO-2024-10-28-08-10-07-e1730127987266.jpg\",\"keywords\":[\"JusticiaParaEsmeralda\",\"NiUnaMenos\",\"Quer\u00e9taro\",\"ViolenciaDeG\u00e9nero\"],\"articleSection\":[\"Estado\",\"\u00daltima Hora\"],\"inLanguage\":\"es\",\"potentialAction\":[{\"@type\":\"CommentAction\",\"name\":\"Comment\",\"target\":[\"https:\/\/www.nexoinformativo.mx\/index.php\/2024\/10\/28\/indignacion-nacional-fiscalia-de-queretaro-busca-encarcelar-a-nina-de-14-anos-por-aborto-espontaneo\/#respond\"]}]},{\"@type\":\"WebPage\",\"@id\":\"https:\/\/www.nexoinformativo.mx\/index.php\/2024\/10\/28\/indignacion-nacional-fiscalia-de-queretaro-busca-encarcelar-a-nina-de-14-anos-por-aborto-espontaneo\/\",\"url\":\"https:\/\/www.nexoinformativo.mx\/index.php\/2024\/10\/28\/indignacion-nacional-fiscalia-de-queretaro-busca-encarcelar-a-nina-de-14-anos-por-aborto-espontaneo\/\",\"name\":\"Colectivas feministas y organizaciones de derechos humanos exigen la renuncia del Fiscal General del Estado por el caso de la menor en Huimilpan | Nexo Informativo Santiago de Quer\u00e9taro\",\"isPartOf\":{\"@id\":\"https:\/\/www.nexoinformativo.mx\/#website\"},\"primaryImageOfPage\":{\"@id\":\"https:\/\/www.nexoinformativo.mx\/index.php\/2024\/10\/28\/indignacion-nacional-fiscalia-de-queretaro-busca-encarcelar-a-nina-de-14-anos-por-aborto-espontaneo\/#primaryimage\"},\"image\":{\"@id\":\"https:\/\/www.nexoinformativo.mx\/index.php\/2024\/10\/28\/indignacion-nacional-fiscalia-de-queretaro-busca-encarcelar-a-nina-de-14-anos-por-aborto-espontaneo\/#primaryimage\"},\"thumbnailUrl\":\"https:\/\/www.nexoinformativo.mx\/wp-content\/uploads\/2024\/10\/PHOTO-2024-10-28-08-10-07-e1730127987266.jpg\",\"datePublished\":\"2024-10-28T14:00:44+00:00\",\"dateModified\":\"2024-10-28T18:42:55+00:00\",\"description\":\"Indignaci\u00f3n nacional: Fiscal\u00eda de Quer\u00e9taro busca encarcelar a ni\u00f1a de 14 a\u00f1os por aborto espont\u00e1neo\",\"breadcrumb\":{\"@id\":\"https:\/\/www.nexoinformativo.mx\/index.php\/2024\/10\/28\/indignacion-nacional-fiscalia-de-queretaro-busca-encarcelar-a-nina-de-14-anos-por-aborto-espontaneo\/#breadcrumb\"},\"inLanguage\":\"es\",\"potentialAction\":[{\"@type\":\"ReadAction\",\"target\":[\"https:\/\/www.nexoinformativo.mx\/index.php\/2024\/10\/28\/indignacion-nacional-fiscalia-de-queretaro-busca-encarcelar-a-nina-de-14-anos-por-aborto-espontaneo\/\"]}]},{\"@type\":\"ImageObject\",\"inLanguage\":\"es\",\"@id\":\"https:\/\/www.nexoinformativo.mx\/index.php\/2024\/10\/28\/indignacion-nacional-fiscalia-de-queretaro-busca-encarcelar-a-nina-de-14-anos-por-aborto-espontaneo\/#primaryimage\",\"url\":\"https:\/\/www.nexoinformativo.mx\/wp-content\/uploads\/2024\/10\/PHOTO-2024-10-28-08-10-07-e1730127987266.jpg\",\"contentUrl\":\"https:\/\/www.nexoinformativo.mx\/wp-content\/uploads\/2024\/10\/PHOTO-2024-10-28-08-10-07-e1730127987266.jpg\",\"width\":800,\"height\":565},{\"@type\":\"BreadcrumbList\",\"@id\":\"https:\/\/www.nexoinformativo.mx\/index.php\/2024\/10\/28\/indignacion-nacional-fiscalia-de-queretaro-busca-encarcelar-a-nina-de-14-anos-por-aborto-espontaneo\/#breadcrumb\",\"itemListElement\":[{\"@type\":\"ListItem\",\"position\":1,\"name\":\"Inicio\",\"item\":\"https:\/\/www.nexoinformativo.mx\/\"},{\"@type\":\"ListItem\",\"position\":2,\"name\":\"Colectivas feministas y organizaciones de derechos humanos exigen la renuncia del Fiscal General del Estado por el caso de la menor en Huimilpan\"}]},{\"@type\":\"WebSite\",\"@id\":\"https:\/\/www.nexoinformativo.mx\/#website\",\"url\":\"https:\/\/www.nexoinformativo.mx\/\",\"name\":\"Nexo Informativo Santiago de Quer\u00e9taro\",\"description\":\"Explora NexoInformativo y convi\u00e9rtete en parte de una comunidad que valora el conocimiento y la verdad. Tu nexoinformativo es tu puente hacia una comprensi\u00f3n m\u00e1s profunda del mundo que te rodea.\",\"publisher\":{\"@id\":\"https:\/\/www.nexoinformativo.mx\/#organization\"},\"potentialAction\":[{\"@type\":\"SearchAction\",\"target\":{\"@type\":\"EntryPoint\",\"urlTemplate\":\"https:\/\/www.nexoinformativo.mx\/?s={search_term_string}\"},\"query-input\":{\"@type\":\"PropertyValueSpecification\",\"valueRequired\":true,\"valueName\":\"search_term_string\"}}],\"inLanguage\":\"es\"},{\"@type\":\"Organization\",\"@id\":\"https:\/\/www.nexoinformativo.mx\/#organization\",\"name\":\"Nexo Informativo Santiago de Quer\u00e9taro\",\"url\":\"https:\/\/www.nexoinformativo.mx\/\",\"logo\":{\"@type\":\"ImageObject\",\"inLanguage\":\"es\",\"@id\":\"https:\/\/www.nexoinformativo.mx\/#\/schema\/logo\/image\/\",\"url\":\"https:\/\/www.nexoinformativo.mx\/wp-content\/uploads\/2024\/07\/nexoi-trasparente-2.png\",\"contentUrl\":\"https:\/\/www.nexoinformativo.mx\/wp-content\/uploads\/2024\/07\/nexoi-trasparente-2.png\",\"width\":816,\"height\":339,\"caption\":\"Nexo Informativo Santiago de Quer\u00e9taro\"},\"image\":{\"@id\":\"https:\/\/www.nexoinformativo.mx\/#\/schema\/logo\/image\/\"},\"sameAs\":[\"https:\/\/www.facebook.com\/people\/Nexo-Informativo\/61564066885511\/\"]},{\"@type\":\"Person\",\"@id\":\"https:\/\/www.nexoinformativo.mx\/#\/schema\/person\/7749d380ba08c8ca00d7bc76fd907b7d\",\"name\":\"Nexo Informativo\",\"image\":{\"@type\":\"ImageObject\",\"inLanguage\":\"es\",\"@id\":\"https:\/\/www.nexoinformativo.mx\/#\/schema\/person\/image\/\",\"url\":\"https:\/\/secure.gravatar.com\/avatar\/dde2928154642a13d95f87ddf1ea9718fe2b46760a005c53e41ff5ad610704e6?s=96&d=mm&r=g\",\"contentUrl\":\"https:\/\/secure.gravatar.com\/avatar\/dde2928154642a13d95f87ddf1ea9718fe2b46760a005c53e41ff5ad610704e6?s=96&d=mm&r=g\",\"caption\":\"Nexo Informativo\"},\"url\":\"https:\/\/www.nexoinformativo.mx\/index.php\/author\/edicion\/\"}]}<\/script>\n<!-- \/ Yoast SEO plugin. -->","yoast_head_json":{"title":"Colectivas feministas y organizaciones de derechos humanos exigen la renuncia del Fiscal General del Estado por el caso de la menor en Huimilpan | Nexo Informativo Santiago de Quer\u00e9taro","description":"Indignaci\u00f3n nacional: Fiscal\u00eda de Quer\u00e9taro busca encarcelar a ni\u00f1a de 14 a\u00f1os por aborto espont\u00e1neo","robots":{"index":"index","follow":"follow","max-snippet":"max-snippet:-1","max-image-preview":"max-image-preview:large","max-video-preview":"max-video-preview:-1"},"canonical":"https:\/\/www.nexoinformativo.mx\/index.php\/2024\/10\/28\/indignacion-nacional-fiscalia-de-queretaro-busca-encarcelar-a-nina-de-14-anos-por-aborto-espontaneo\/","og_locale":"es_MX","og_type":"article","og_title":"Colectivas feministas y organizaciones de derechos humanos exigen la renuncia del Fiscal General del Estado por el caso de la menor en Huimilpan | Nexo Informativo Santiago de Quer\u00e9taro","og_description":"Indignaci\u00f3n nacional: Fiscal\u00eda de Quer\u00e9taro busca encarcelar a ni\u00f1a de 14 a\u00f1os por aborto espont\u00e1neo","og_url":"https:\/\/www.nexoinformativo.mx\/index.php\/2024\/10\/28\/indignacion-nacional-fiscalia-de-queretaro-busca-encarcelar-a-nina-de-14-anos-por-aborto-espontaneo\/","og_site_name":"Nexo Informativo Santiago de Quer\u00e9taro","article_publisher":"https:\/\/www.facebook.com\/people\/Nexo-Informativo\/61564066885511\/","article_published_time":"2024-10-28T14:00:44+00:00","article_modified_time":"2024-10-28T18:42:55+00:00","og_image":[{"width":800,"height":565,"url":"https:\/\/www.nexoinformativo.mx\/wp-content\/uploads\/2024\/10\/PHOTO-2024-10-28-08-10-07-e1730127987266.jpg","type":"image\/jpeg"}],"author":"Nexo Informativo","twitter_card":"summary_large_image","twitter_misc":{"Escrito por":"Nexo Informativo","Tiempo de lectura":"1 minuto"},"schema":{"@context":"https:\/\/schema.org","@graph":[{"@type":"Article","@id":"https:\/\/www.nexoinformativo.mx\/index.php\/2024\/10\/28\/indignacion-nacional-fiscalia-de-queretaro-busca-encarcelar-a-nina-de-14-anos-por-aborto-espontaneo\/#article","isPartOf":{"@id":"https:\/\/www.nexoinformativo.mx\/index.php\/2024\/10\/28\/indignacion-nacional-fiscalia-de-queretaro-busca-encarcelar-a-nina-de-14-anos-por-aborto-espontaneo\/"},"author":{"name":"Nexo Informativo","@id":"https:\/\/www.nexoinformativo.mx\/#\/schema\/person\/7749d380ba08c8ca00d7bc76fd907b7d"},"headline":"Colectivas feministas y organizaciones de derechos humanos exigen la renuncia del Fiscal General del Estado por el caso de la menor en Huimilpan","datePublished":"2024-10-28T14:00:44+00:00","dateModified":"2024-10-28T18:42:55+00:00","mainEntityOfPage":{"@id":"https:\/\/www.nexoinformativo.mx\/index.php\/2024\/10\/28\/indignacion-nacional-fiscalia-de-queretaro-busca-encarcelar-a-nina-de-14-anos-por-aborto-espontaneo\/"},"wordCount":191,"commentCount":0,"publisher":{"@id":"https:\/\/www.nexoinformativo.mx\/#organization"},"image":{"@id":"https:\/\/www.nexoinformativo.mx\/index.php\/2024\/10\/28\/indignacion-nacional-fiscalia-de-queretaro-busca-encarcelar-a-nina-de-14-anos-por-aborto-espontaneo\/#primaryimage"},"thumbnailUrl":"https:\/\/www.nexoinformativo.mx\/wp-content\/uploads\/2024\/10\/PHOTO-2024-10-28-08-10-07-e1730127987266.jpg","keywords":["JusticiaParaEsmeralda","NiUnaMenos","Quer\u00e9taro","ViolenciaDeG\u00e9nero"],"articleSection":["Estado","\u00daltima Hora"],"inLanguage":"es","potentialAction":[{"@type":"CommentAction","name":"Comment","target":["https:\/\/www.nexoinformativo.mx\/index.php\/2024\/10\/28\/indignacion-nacional-fiscalia-de-queretaro-busca-encarcelar-a-nina-de-14-anos-por-aborto-espontaneo\/#respond"]}]},{"@type":"WebPage","@id":"https:\/\/www.nexoinformativo.mx\/index.php\/2024\/10\/28\/indignacion-nacional-fiscalia-de-queretaro-busca-encarcelar-a-nina-de-14-anos-por-aborto-espontaneo\/","url":"https:\/\/www.nexoinformativo.mx\/index.php\/2024\/10\/28\/indignacion-nacional-fiscalia-de-queretaro-busca-encarcelar-a-nina-de-14-anos-por-aborto-espontaneo\/","name":"Colectivas feministas y organizaciones de derechos humanos exigen la renuncia del Fiscal General del Estado por el caso de la menor en Huimilpan | Nexo Informativo Santiago de Quer\u00e9taro","isPartOf":{"@id":"https:\/\/www.nexoinformativo.mx\/#website"},"primaryImageOfPage":{"@id":"https:\/\/www.nexoinformativo.mx\/index.php\/2024\/10\/28\/indignacion-nacional-fiscalia-de-queretaro-busca-encarcelar-a-nina-de-14-anos-por-aborto-espontaneo\/#primaryimage"},"image":{"@id":"https:\/\/www.nexoinformativo.mx\/index.php\/2024\/10\/28\/indignacion-nacional-fiscalia-de-queretaro-busca-encarcelar-a-nina-de-14-anos-por-aborto-espontaneo\/#primaryimage"},"thumbnailUrl":"https:\/\/www.nexoinformativo.mx\/wp-content\/uploads\/2024\/10\/PHOTO-2024-10-28-08-10-07-e1730127987266.jpg","datePublished":"2024-10-28T14:00:44+00:00","dateModified":"2024-10-28T18:42:55+00:00","description":"Indignaci\u00f3n nacional: Fiscal\u00eda de Quer\u00e9taro busca encarcelar a ni\u00f1a de 14 a\u00f1os por aborto espont\u00e1neo","breadcrumb":{"@id":"https:\/\/www.nexoinformativo.mx\/index.php\/2024\/10\/28\/indignacion-nacional-fiscalia-de-queretaro-busca-encarcelar-a-nina-de-14-anos-por-aborto-espontaneo\/#breadcrumb"},"inLanguage":"es","potentialAction":[{"@type":"ReadAction","target":["https:\/\/www.nexoinformativo.mx\/index.php\/2024\/10\/28\/indignacion-nacional-fiscalia-de-queretaro-busca-encarcelar-a-nina-de-14-anos-por-aborto-espontaneo\/"]}]},{"@type":"ImageObject","inLanguage":"es","@id":"https:\/\/www.nexoinformativo.mx\/index.php\/2024\/10\/28\/indignacion-nacional-fiscalia-de-queretaro-busca-encarcelar-a-nina-de-14-anos-por-aborto-espontaneo\/#primaryimage","url":"https:\/\/www.nexoinformativo.mx\/wp-content\/uploads\/2024\/10\/PHOTO-2024-10-28-08-10-07-e1730127987266.jpg","contentUrl":"https:\/\/www.nexoinformativo.mx\/wp-content\/uploads\/2024\/10\/PHOTO-2024-10-28-08-10-07-e1730127987266.jpg","width":800,"height":565},{"@type":"BreadcrumbList","@id":"https:\/\/www.nexoinformativo.mx\/index.php\/2024\/10\/28\/indignacion-nacional-fiscalia-de-queretaro-busca-encarcelar-a-nina-de-14-anos-por-aborto-espontaneo\/#breadcrumb","itemListElement":[{"@type":"ListItem","position":1,"name":"Inicio","item":"https:\/\/www.nexoinformativo.mx\/"},{"@type":"ListItem","position":2,"name":"Colectivas feministas y organizaciones de derechos humanos exigen la renuncia del Fiscal General del Estado por el caso de la menor en Huimilpan"}]},{"@type":"WebSite","@id":"https:\/\/www.nexoinformativo.mx\/#website","url":"https:\/\/www.nexoinformativo.mx\/","name":"Nexo Informativo Santiago de Quer\u00e9taro","description":"Explora NexoInformativo y convi\u00e9rtete en parte de una comunidad que valora el conocimiento y la verdad. Tu nexoinformativo es tu puente hacia una comprensi\u00f3n m\u00e1s profunda del mundo que te rodea.","publisher":{"@id":"https:\/\/www.nexoinformativo.mx\/#organization"},"potentialAction":[{"@type":"SearchAction","target":{"@type":"EntryPoint","urlTemplate":"https:\/\/www.nexoinformativo.mx\/?s={search_term_string}"},"query-input":{"@type":"PropertyValueSpecification","valueRequired":true,"valueName":"search_term_string"}}],"inLanguage":"es"},{"@type":"Organization","@id":"https:\/\/www.nexoinformativo.mx\/#organization","name":"Nexo Informativo Santiago de Quer\u00e9taro","url":"https:\/\/www.nexoinformativo.mx\/","logo":{"@type":"ImageObject","inLanguage":"es","@id":"https:\/\/www.nexoinformativo.mx\/#\/schema\/logo\/image\/","url":"https:\/\/www.nexoinformativo.mx\/wp-content\/uploads\/2024\/07\/nexoi-trasparente-2.png","contentUrl":"https:\/\/www.nexoinformativo.mx\/wp-content\/uploads\/2024\/07\/nexoi-trasparente-2.png","width":816,"height":339,"caption":"Nexo Informativo Santiago de Quer\u00e9taro"},"image":{"@id":"https:\/\/www.nexoinformativo.mx\/#\/schema\/logo\/image\/"},"sameAs":["https:\/\/www.facebook.com\/people\/Nexo-Informativo\/61564066885511\/"]},{"@type":"Person","@id":"https:\/\/www.nexoinformativo.mx\/#\/schema\/person\/7749d380ba08c8ca00d7bc76fd907b7d","name":"Nexo Informativo","image":{"@type":"ImageObject","inLanguage":"es","@id":"https:\/\/www.nexoinformativo.mx\/#\/schema\/person\/image\/","url":"https:\/\/secure.gravatar.com\/avatar\/dde2928154642a13d95f87ddf1ea9718fe2b46760a005c53e41ff5ad610704e6?s=96&d=mm&r=g","contentUrl":"https:\/\/secure.gravatar.com\/avatar\/dde2928154642a13d95f87ddf1ea9718fe2b46760a005c53e41ff5ad610704e6?s=96&d=mm&r=g","caption":"Nexo Informativo"},"url":"https:\/\/www.nexoinformativo.mx\/index.php\/author\/edicion\/"}]}},"_links":{"self":[{"href":"https:\/\/www.nexoinformativo.mx\/index.php\/wp-json\/wp\/v2\/posts\/4673","targetHints":{"allow":["GET"]}}],"collection":[{"href":"https:\/\/www.nexoinformativo.mx\/index.php\/wp-json\/wp\/v2\/posts"}],"about":[{"href":"https:\/\/www.nexoinformativo.mx\/index.php\/wp-json\/wp\/v2\/types\/post"}],"author":[{"embeddable":true,"href":"https:\/\/www.nexoinformativo.mx\/index.php\/wp-json\/wp\/v2\/users\/3"}],"replies":[{"embeddable":true,"href":"https:\/\/www.nexoinformativo.mx\/index.php\/wp-json\/wp\/v2\/comments?post=4673"}],"version-history":[{"count":8,"href":"https:\/\/www.nexoinformativo.mx\/index.php\/wp-json\/wp\/v2\/posts\/4673\/revisions"}],"predecessor-version":[{"id":4733,"href":"https:\/\/www.nexoinformativo.mx\/index.php\/wp-json\/wp\/v2\/posts\/4673\/revisions\/4733"}],"wp:featuredmedia":[{"embeddable":true,"href":"https:\/\/www.nexoinformativo.mx\/index.php\/wp-json\/wp\/v2\/media\/4674"}],"wp:attachment":[{"href":"https:\/\/www.nexoinformativo.mx\/index.php\/wp-json\/wp\/v2\/media?parent=4673"}],"wp:term":[{"taxonomy":"category","embeddable":true,"href":"https:\/\/www.nexoinformativo.mx\/index.php\/wp-json\/wp\/v2\/categories?post=4673"},{"taxonomy":"post_tag","embeddable":true,"href":"https:\/\/www.nexoinformativo.mx\/index.php\/wp-json\/wp\/v2\/tags?post=4673"}],"curies":[{"name":"wp","href":"https:\/\/api.w.org\/{rel}","templated":true}]}}