{"id":4680,"date":"2024-10-28T09:00:02","date_gmt":"2024-10-28T15:00:02","guid":{"rendered":"https:\/\/www.nexoinformativo.mx\/?p=4680"},"modified":"2024-10-28T11:27:31","modified_gmt":"2024-10-28T17:27:31","slug":"mexico-garantiza-becas-universales-para-21-4-millones-de-estudiantes-de-educacion-basica","status":"publish","type":"post","link":"https:\/\/www.nexoinformativo.mx\/index.php\/2024\/10\/28\/mexico-garantiza-becas-universales-para-21-4-millones-de-estudiantes-de-educacion-basica\/","title":{"rendered":"M\u00e9xico garantiza becas universales para 21.4 millones de estudiantes de educaci\u00f3n b\u00e1sica"},"content":{"rendered":"<p style=\"text-align: justify;\" data-sourcepos=\"5:1-5:402\">La Presidenta de M\u00e9xico, Claudia Sheinbaum Pardo, anunci\u00f3 una gran noticia para las familias mexicanas: a partir de 2025, 21.4 millones de estudiantes de educaci\u00f3n b\u00e1sica recibir\u00e1n la nueva beca universal <strong>\u201cRita Cetina Guti\u00e9rrez\u201d<\/strong>. Este programa beneficiar\u00e1 a ni\u00f1as, ni\u00f1os y adolescentes inscritos en escuelas p\u00fablicas de preescolar, primaria y secundaria en todo el pa\u00eds.<\/p>\n<p>&nbsp;<\/p>\n<p style=\"text-align: justify;\" data-sourcepos=\"7:1-7:379\">El secretario de Educaci\u00f3n P\u00fablica, Mario Delgado, detall\u00f3 que este apoyo econ\u00f3mico bimestral busca garantizar la permanencia de los estudiantes en el sistema educativo y mejorar su calidad de vida. Adem\u00e1s, inform\u00f3 que ya se han realizado m\u00e1s de 17 mil asambleas informativas en todo el pa\u00eds para dar a conocer los detalles de este programa y facilitar el proceso de inscripci\u00f3n.<\/p>\n<p>&nbsp;<\/p>\n<p style=\"text-align: justify;\" data-sourcepos=\"11:1-11:259\">A partir del 11 de noviembre, los padres de familia podr\u00e1n realizar el registro en l\u00ednea para que sus hijos e hijas puedan acceder a este beneficio. La beca se entregar\u00e1 de manera bimestral y el monto variar\u00e1 dependiendo del n\u00famero de estudiantes por familia.<\/p>\n<p>&nbsp;<\/p>\n<p style=\"text-align: justify;\" data-sourcepos=\"15:1-15:257\">Adem\u00e1s de las becas universales, la Presidenta Sheinbaum anunci\u00f3 la creaci\u00f3n de nuevos planteles de la Universidad Nacional \u201cRosario Castellanos\u201d en todo el pa\u00eds, con el objetivo de ampliar las oportunidades de educaci\u00f3n superior para los j\u00f3venes mexicanos.<\/p>\n<p>&nbsp;<\/p>\n<p style=\"text-align: justify;\">La beca universal contribuir\u00e1 a reducir la desigualdad educativa y garantizar que todos los ni\u00f1os y ni\u00f1as tengan las mismas oportunidades de desarrollo.\u00a0Al apoyar econ\u00f3micamente a las familias, se fomenta la permanencia de los estudiantes en el sistema educativo y se reducen los \u00edndices de deserci\u00f3n escolar.<\/p>\n<p>&nbsp;<\/p>\n<p style=\"text-align: justify;\">Mejorando de la calidad de vida, los recursos econ\u00f3micos adicionales permitir\u00e1n a las familias mejorar su calidad de vida y cubrir las necesidades b\u00e1sicas de sus hijos.<\/p>\n<p>&nbsp;<\/p>\n<p style=\"text-align: center;\"><em><strong>\u00a1Informaci\u00f3n que transforma!<\/strong><\/em><\/p>\n","protected":false},"excerpt":{"rendered":"<p>La Presidenta de M\u00e9xico, Claudia Sheinbaum Pardo, anunci\u00f3 una gran noticia para las familias mexicanas: a partir de 2025, 21.4 millones de estudiantes de educaci\u00f3n b\u00e1sica recibir\u00e1n la nueva beca universal \u201cRita Cetina Guti\u00e9rrez\u201d.<\/p>\n","protected":false},"author":3,"featured_media":4681,"comment_status":"open","ping_status":"open","sticky":false,"template":"","format":"standard","meta":{"footnotes":""},"categories":[88,58],"tags":[1678,679,168,1256],"class_list":["post-4680","post","type-post","status-publish","format-standard","has-post-thumbnail","hentry","category-nacional","category-ultima-hora","tag-becasuniversales","tag-bienestar","tag-educacionparatodos","tag-sheinbaum"],"yoast_head":"<!-- This site is optimized with the Yoast SEO plugin v25.0 - https:\/\/yoast.com\/wordpress\/plugins\/seo\/ -->\n<title>M\u00e9xico garantiza becas universales para 21.4 millones de estudiantes de educaci\u00f3n b\u00e1sica | Nexo Informativo Santiago de Quer\u00e9taro<\/title>\n<meta name=\"description\" content=\"M\u00e9xico garantiza becas universales para 21.4 millones de estudiantes de educaci\u00f3n b\u00e1sica\" \/>\n<meta name=\"robots\" content=\"index, follow, max-snippet:-1, max-image-preview:large, max-video-preview:-1\" \/>\n<link rel=\"canonical\" href=\"https:\/\/www.nexoinformativo.mx\/index.php\/2024\/10\/28\/mexico-garantiza-becas-universales-para-21-4-millones-de-estudiantes-de-educacion-basica\/\" \/>\n<meta property=\"og:locale\" content=\"es_MX\" \/>\n<meta property=\"og:type\" content=\"article\" \/>\n<meta property=\"og:title\" content=\"M\u00e9xico garantiza becas universales para 21.4 millones de estudiantes de educaci\u00f3n b\u00e1sica | Nexo Informativo Santiago de Quer\u00e9taro\" \/>\n<meta property=\"og:description\" content=\"M\u00e9xico garantiza becas universales para 21.4 millones de estudiantes de educaci\u00f3n b\u00e1sica\" \/>\n<meta property=\"og:url\" content=\"https:\/\/www.nexoinformativo.mx\/index.php\/2024\/10\/28\/mexico-garantiza-becas-universales-para-21-4-millones-de-estudiantes-de-educacion-basica\/\" \/>\n<meta property=\"og:site_name\" content=\"Nexo Informativo Santiago de Quer\u00e9taro\" \/>\n<meta property=\"article:publisher\" content=\"https:\/\/www.facebook.com\/people\/Nexo-Informativo\/61564066885511\/\" \/>\n<meta property=\"article:published_time\" content=\"2024-10-28T15:00:02+00:00\" \/>\n<meta property=\"article:modified_time\" content=\"2024-10-28T17:27:31+00:00\" \/>\n<meta property=\"og:image\" content=\"https:\/\/www.nexoinformativo.mx\/wp-content\/uploads\/2024\/10\/IMG_7303.jpg\" \/>\n\t<meta property=\"og:image:width\" content=\"650\" \/>\n\t<meta property=\"og:image:height\" content=\"380\" \/>\n\t<meta property=\"og:image:type\" content=\"image\/jpeg\" \/>\n<meta name=\"author\" content=\"Nexo Informativo\" \/>\n<meta name=\"twitter:card\" content=\"summary_large_image\" \/>\n<meta name=\"twitter:label1\" content=\"Escrito por\" \/>\n\t<meta name=\"twitter:data1\" content=\"Nexo Informativo\" \/>\n\t<meta name=\"twitter:label2\" content=\"Tiempo de lectura\" \/>\n\t<meta name=\"twitter:data2\" content=\"2 minutos\" \/>\n<script type=\"application\/ld+json\" class=\"yoast-schema-graph\">{\"@context\":\"https:\/\/schema.org\",\"@graph\":[{\"@type\":\"Article\",\"@id\":\"https:\/\/www.nexoinformativo.mx\/index.php\/2024\/10\/28\/mexico-garantiza-becas-universales-para-21-4-millones-de-estudiantes-de-educacion-basica\/#article\",\"isPartOf\":{\"@id\":\"https:\/\/www.nexoinformativo.mx\/index.php\/2024\/10\/28\/mexico-garantiza-becas-universales-para-21-4-millones-de-estudiantes-de-educacion-basica\/\"},\"author\":{\"name\":\"Nexo Informativo\",\"@id\":\"https:\/\/www.nexoinformativo.mx\/#\/schema\/person\/7749d380ba08c8ca00d7bc76fd907b7d\"},\"headline\":\"M\u00e9xico garantiza becas universales para 21.4 millones de estudiantes de educaci\u00f3n b\u00e1sica\",\"datePublished\":\"2024-10-28T15:00:02+00:00\",\"dateModified\":\"2024-10-28T17:27:31+00:00\",\"mainEntityOfPage\":{\"@id\":\"https:\/\/www.nexoinformativo.mx\/index.php\/2024\/10\/28\/mexico-garantiza-becas-universales-para-21-4-millones-de-estudiantes-de-educacion-basica\/\"},\"wordCount\":326,\"commentCount\":0,\"publisher\":{\"@id\":\"https:\/\/www.nexoinformativo.mx\/#organization\"},\"image\":{\"@id\":\"https:\/\/www.nexoinformativo.mx\/index.php\/2024\/10\/28\/mexico-garantiza-becas-universales-para-21-4-millones-de-estudiantes-de-educacion-basica\/#primaryimage\"},\"thumbnailUrl\":\"https:\/\/www.nexoinformativo.mx\/wp-content\/uploads\/2024\/10\/IMG_7303.jpg\",\"keywords\":[\"BecasUniversales\",\"Bienestar\",\"Educacionparatodos\",\"Sheinbaum\"],\"articleSection\":[\"Nacional\",\"\u00daltima Hora\"],\"inLanguage\":\"es\",\"potentialAction\":[{\"@type\":\"CommentAction\",\"name\":\"Comment\",\"target\":[\"https:\/\/www.nexoinformativo.mx\/index.php\/2024\/10\/28\/mexico-garantiza-becas-universales-para-21-4-millones-de-estudiantes-de-educacion-basica\/#respond\"]}]},{\"@type\":\"WebPage\",\"@id\":\"https:\/\/www.nexoinformativo.mx\/index.php\/2024\/10\/28\/mexico-garantiza-becas-universales-para-21-4-millones-de-estudiantes-de-educacion-basica\/\",\"url\":\"https:\/\/www.nexoinformativo.mx\/index.php\/2024\/10\/28\/mexico-garantiza-becas-universales-para-21-4-millones-de-estudiantes-de-educacion-basica\/\",\"name\":\"M\u00e9xico garantiza becas universales para 21.4 millones de estudiantes de educaci\u00f3n b\u00e1sica | Nexo Informativo Santiago de Quer\u00e9taro\",\"isPartOf\":{\"@id\":\"https:\/\/www.nexoinformativo.mx\/#website\"},\"primaryImageOfPage\":{\"@id\":\"https:\/\/www.nexoinformativo.mx\/index.php\/2024\/10\/28\/mexico-garantiza-becas-universales-para-21-4-millones-de-estudiantes-de-educacion-basica\/#primaryimage\"},\"image\":{\"@id\":\"https:\/\/www.nexoinformativo.mx\/index.php\/2024\/10\/28\/mexico-garantiza-becas-universales-para-21-4-millones-de-estudiantes-de-educacion-basica\/#primaryimage\"},\"thumbnailUrl\":\"https:\/\/www.nexoinformativo.mx\/wp-content\/uploads\/2024\/10\/IMG_7303.jpg\",\"datePublished\":\"2024-10-28T15:00:02+00:00\",\"dateModified\":\"2024-10-28T17:27:31+00:00\",\"description\":\"M\u00e9xico garantiza becas universales para 21.4 millones de estudiantes de educaci\u00f3n b\u00e1sica\",\"breadcrumb\":{\"@id\":\"https:\/\/www.nexoinformativo.mx\/index.php\/2024\/10\/28\/mexico-garantiza-becas-universales-para-21-4-millones-de-estudiantes-de-educacion-basica\/#breadcrumb\"},\"inLanguage\":\"es\",\"potentialAction\":[{\"@type\":\"ReadAction\",\"target\":[\"https:\/\/www.nexoinformativo.mx\/index.php\/2024\/10\/28\/mexico-garantiza-becas-universales-para-21-4-millones-de-estudiantes-de-educacion-basica\/\"]}]},{\"@type\":\"ImageObject\",\"inLanguage\":\"es\",\"@id\":\"https:\/\/www.nexoinformativo.mx\/index.php\/2024\/10\/28\/mexico-garantiza-becas-universales-para-21-4-millones-de-estudiantes-de-educacion-basica\/#primaryimage\",\"url\":\"https:\/\/www.nexoinformativo.mx\/wp-content\/uploads\/2024\/10\/IMG_7303.jpg\",\"contentUrl\":\"https:\/\/www.nexoinformativo.mx\/wp-content\/uploads\/2024\/10\/IMG_7303.jpg\",\"width\":650,\"height\":380},{\"@type\":\"BreadcrumbList\",\"@id\":\"https:\/\/www.nexoinformativo.mx\/index.php\/2024\/10\/28\/mexico-garantiza-becas-universales-para-21-4-millones-de-estudiantes-de-educacion-basica\/#breadcrumb\",\"itemListElement\":[{\"@type\":\"ListItem\",\"position\":1,\"name\":\"Inicio\",\"item\":\"https:\/\/www.nexoinformativo.mx\/\"},{\"@type\":\"ListItem\",\"position\":2,\"name\":\"M\u00e9xico garantiza becas universales para 21.4 millones de estudiantes de educaci\u00f3n b\u00e1sica\"}]},{\"@type\":\"WebSite\",\"@id\":\"https:\/\/www.nexoinformativo.mx\/#website\",\"url\":\"https:\/\/www.nexoinformativo.mx\/\",\"name\":\"Nexo Informativo Santiago de Quer\u00e9taro\",\"description\":\"Explora NexoInformativo y convi\u00e9rtete en parte de una comunidad que valora el conocimiento y la verdad. Tu nexoinformativo es tu puente hacia una comprensi\u00f3n m\u00e1s profunda del mundo que te rodea.\",\"publisher\":{\"@id\":\"https:\/\/www.nexoinformativo.mx\/#organization\"},\"potentialAction\":[{\"@type\":\"SearchAction\",\"target\":{\"@type\":\"EntryPoint\",\"urlTemplate\":\"https:\/\/www.nexoinformativo.mx\/?s={search_term_string}\"},\"query-input\":{\"@type\":\"PropertyValueSpecification\",\"valueRequired\":true,\"valueName\":\"search_term_string\"}}],\"inLanguage\":\"es\"},{\"@type\":\"Organization\",\"@id\":\"https:\/\/www.nexoinformativo.mx\/#organization\",\"name\":\"Nexo Informativo Santiago de Quer\u00e9taro\",\"url\":\"https:\/\/www.nexoinformativo.mx\/\",\"logo\":{\"@type\":\"ImageObject\",\"inLanguage\":\"es\",\"@id\":\"https:\/\/www.nexoinformativo.mx\/#\/schema\/logo\/image\/\",\"url\":\"https:\/\/www.nexoinformativo.mx\/wp-content\/uploads\/2024\/07\/nexoi-trasparente-2.png\",\"contentUrl\":\"https:\/\/www.nexoinformativo.mx\/wp-content\/uploads\/2024\/07\/nexoi-trasparente-2.png\",\"width\":816,\"height\":339,\"caption\":\"Nexo Informativo Santiago de Quer\u00e9taro\"},\"image\":{\"@id\":\"https:\/\/www.nexoinformativo.mx\/#\/schema\/logo\/image\/\"},\"sameAs\":[\"https:\/\/www.facebook.com\/people\/Nexo-Informativo\/61564066885511\/\"]},{\"@type\":\"Person\",\"@id\":\"https:\/\/www.nexoinformativo.mx\/#\/schema\/person\/7749d380ba08c8ca00d7bc76fd907b7d\",\"name\":\"Nexo Informativo\",\"image\":{\"@type\":\"ImageObject\",\"inLanguage\":\"es\",\"@id\":\"https:\/\/www.nexoinformativo.mx\/#\/schema\/person\/image\/\",\"url\":\"https:\/\/secure.gravatar.com\/avatar\/dde2928154642a13d95f87ddf1ea9718fe2b46760a005c53e41ff5ad610704e6?s=96&d=mm&r=g\",\"contentUrl\":\"https:\/\/secure.gravatar.com\/avatar\/dde2928154642a13d95f87ddf1ea9718fe2b46760a005c53e41ff5ad610704e6?s=96&d=mm&r=g\",\"caption\":\"Nexo Informativo\"},\"url\":\"https:\/\/www.nexoinformativo.mx\/index.php\/author\/edicion\/\"}]}<\/script>\n<!-- \/ Yoast SEO plugin. -->","yoast_head_json":{"title":"M\u00e9xico garantiza becas universales para 21.4 millones de estudiantes de educaci\u00f3n b\u00e1sica | Nexo Informativo Santiago de Quer\u00e9taro","description":"M\u00e9xico garantiza becas universales para 21.4 millones de estudiantes de educaci\u00f3n b\u00e1sica","robots":{"index":"index","follow":"follow","max-snippet":"max-snippet:-1","max-image-preview":"max-image-preview:large","max-video-preview":"max-video-preview:-1"},"canonical":"https:\/\/www.nexoinformativo.mx\/index.php\/2024\/10\/28\/mexico-garantiza-becas-universales-para-21-4-millones-de-estudiantes-de-educacion-basica\/","og_locale":"es_MX","og_type":"article","og_title":"M\u00e9xico garantiza becas universales para 21.4 millones de estudiantes de educaci\u00f3n b\u00e1sica | Nexo Informativo Santiago de Quer\u00e9taro","og_description":"M\u00e9xico garantiza becas universales para 21.4 millones de estudiantes de educaci\u00f3n b\u00e1sica","og_url":"https:\/\/www.nexoinformativo.mx\/index.php\/2024\/10\/28\/mexico-garantiza-becas-universales-para-21-4-millones-de-estudiantes-de-educacion-basica\/","og_site_name":"Nexo Informativo Santiago de Quer\u00e9taro","article_publisher":"https:\/\/www.facebook.com\/people\/Nexo-Informativo\/61564066885511\/","article_published_time":"2024-10-28T15:00:02+00:00","article_modified_time":"2024-10-28T17:27:31+00:00","og_image":[{"width":650,"height":380,"url":"https:\/\/www.nexoinformativo.mx\/wp-content\/uploads\/2024\/10\/IMG_7303.jpg","type":"image\/jpeg"}],"author":"Nexo Informativo","twitter_card":"summary_large_image","twitter_misc":{"Escrito por":"Nexo Informativo","Tiempo de lectura":"2 minutos"},"schema":{"@context":"https:\/\/schema.org","@graph":[{"@type":"Article","@id":"https:\/\/www.nexoinformativo.mx\/index.php\/2024\/10\/28\/mexico-garantiza-becas-universales-para-21-4-millones-de-estudiantes-de-educacion-basica\/#article","isPartOf":{"@id":"https:\/\/www.nexoinformativo.mx\/index.php\/2024\/10\/28\/mexico-garantiza-becas-universales-para-21-4-millones-de-estudiantes-de-educacion-basica\/"},"author":{"name":"Nexo Informativo","@id":"https:\/\/www.nexoinformativo.mx\/#\/schema\/person\/7749d380ba08c8ca00d7bc76fd907b7d"},"headline":"M\u00e9xico garantiza becas universales para 21.4 millones de estudiantes de educaci\u00f3n b\u00e1sica","datePublished":"2024-10-28T15:00:02+00:00","dateModified":"2024-10-28T17:27:31+00:00","mainEntityOfPage":{"@id":"https:\/\/www.nexoinformativo.mx\/index.php\/2024\/10\/28\/mexico-garantiza-becas-universales-para-21-4-millones-de-estudiantes-de-educacion-basica\/"},"wordCount":326,"commentCount":0,"publisher":{"@id":"https:\/\/www.nexoinformativo.mx\/#organization"},"image":{"@id":"https:\/\/www.nexoinformativo.mx\/index.php\/2024\/10\/28\/mexico-garantiza-becas-universales-para-21-4-millones-de-estudiantes-de-educacion-basica\/#primaryimage"},"thumbnailUrl":"https:\/\/www.nexoinformativo.mx\/wp-content\/uploads\/2024\/10\/IMG_7303.jpg","keywords":["BecasUniversales","Bienestar","Educacionparatodos","Sheinbaum"],"articleSection":["Nacional","\u00daltima Hora"],"inLanguage":"es","potentialAction":[{"@type":"CommentAction","name":"Comment","target":["https:\/\/www.nexoinformativo.mx\/index.php\/2024\/10\/28\/mexico-garantiza-becas-universales-para-21-4-millones-de-estudiantes-de-educacion-basica\/#respond"]}]},{"@type":"WebPage","@id":"https:\/\/www.nexoinformativo.mx\/index.php\/2024\/10\/28\/mexico-garantiza-becas-universales-para-21-4-millones-de-estudiantes-de-educacion-basica\/","url":"https:\/\/www.nexoinformativo.mx\/index.php\/2024\/10\/28\/mexico-garantiza-becas-universales-para-21-4-millones-de-estudiantes-de-educacion-basica\/","name":"M\u00e9xico garantiza becas universales para 21.4 millones de estudiantes de educaci\u00f3n b\u00e1sica | Nexo Informativo Santiago de Quer\u00e9taro","isPartOf":{"@id":"https:\/\/www.nexoinformativo.mx\/#website"},"primaryImageOfPage":{"@id":"https:\/\/www.nexoinformativo.mx\/index.php\/2024\/10\/28\/mexico-garantiza-becas-universales-para-21-4-millones-de-estudiantes-de-educacion-basica\/#primaryimage"},"image":{"@id":"https:\/\/www.nexoinformativo.mx\/index.php\/2024\/10\/28\/mexico-garantiza-becas-universales-para-21-4-millones-de-estudiantes-de-educacion-basica\/#primaryimage"},"thumbnailUrl":"https:\/\/www.nexoinformativo.mx\/wp-content\/uploads\/2024\/10\/IMG_7303.jpg","datePublished":"2024-10-28T15:00:02+00:00","dateModified":"2024-10-28T17:27:31+00:00","description":"M\u00e9xico garantiza becas universales para 21.4 millones de estudiantes de educaci\u00f3n b\u00e1sica","breadcrumb":{"@id":"https:\/\/www.nexoinformativo.mx\/index.php\/2024\/10\/28\/mexico-garantiza-becas-universales-para-21-4-millones-de-estudiantes-de-educacion-basica\/#breadcrumb"},"inLanguage":"es","potentialAction":[{"@type":"ReadAction","target":["https:\/\/www.nexoinformativo.mx\/index.php\/2024\/10\/28\/mexico-garantiza-becas-universales-para-21-4-millones-de-estudiantes-de-educacion-basica\/"]}]},{"@type":"ImageObject","inLanguage":"es","@id":"https:\/\/www.nexoinformativo.mx\/index.php\/2024\/10\/28\/mexico-garantiza-becas-universales-para-21-4-millones-de-estudiantes-de-educacion-basica\/#primaryimage","url":"https:\/\/www.nexoinformativo.mx\/wp-content\/uploads\/2024\/10\/IMG_7303.jpg","contentUrl":"https:\/\/www.nexoinformativo.mx\/wp-content\/uploads\/2024\/10\/IMG_7303.jpg","width":650,"height":380},{"@type":"BreadcrumbList","@id":"https:\/\/www.nexoinformativo.mx\/index.php\/2024\/10\/28\/mexico-garantiza-becas-universales-para-21-4-millones-de-estudiantes-de-educacion-basica\/#breadcrumb","itemListElement":[{"@type":"ListItem","position":1,"name":"Inicio","item":"https:\/\/www.nexoinformativo.mx\/"},{"@type":"ListItem","position":2,"name":"M\u00e9xico garantiza becas universales para 21.4 millones de estudiantes de educaci\u00f3n b\u00e1sica"}]},{"@type":"WebSite","@id":"https:\/\/www.nexoinformativo.mx\/#website","url":"https:\/\/www.nexoinformativo.mx\/","name":"Nexo Informativo Santiago de Quer\u00e9taro","description":"Explora NexoInformativo y convi\u00e9rtete en parte de una comunidad que valora el conocimiento y la verdad. Tu nexoinformativo es tu puente hacia una comprensi\u00f3n m\u00e1s profunda del mundo que te rodea.","publisher":{"@id":"https:\/\/www.nexoinformativo.mx\/#organization"},"potentialAction":[{"@type":"SearchAction","target":{"@type":"EntryPoint","urlTemplate":"https:\/\/www.nexoinformativo.mx\/?s={search_term_string}"},"query-input":{"@type":"PropertyValueSpecification","valueRequired":true,"valueName":"search_term_string"}}],"inLanguage":"es"},{"@type":"Organization","@id":"https:\/\/www.nexoinformativo.mx\/#organization","name":"Nexo Informativo Santiago de Quer\u00e9taro","url":"https:\/\/www.nexoinformativo.mx\/","logo":{"@type":"ImageObject","inLanguage":"es","@id":"https:\/\/www.nexoinformativo.mx\/#\/schema\/logo\/image\/","url":"https:\/\/www.nexoinformativo.mx\/wp-content\/uploads\/2024\/07\/nexoi-trasparente-2.png","contentUrl":"https:\/\/www.nexoinformativo.mx\/wp-content\/uploads\/2024\/07\/nexoi-trasparente-2.png","width":816,"height":339,"caption":"Nexo Informativo Santiago de Quer\u00e9taro"},"image":{"@id":"https:\/\/www.nexoinformativo.mx\/#\/schema\/logo\/image\/"},"sameAs":["https:\/\/www.facebook.com\/people\/Nexo-Informativo\/61564066885511\/"]},{"@type":"Person","@id":"https:\/\/www.nexoinformativo.mx\/#\/schema\/person\/7749d380ba08c8ca00d7bc76fd907b7d","name":"Nexo Informativo","image":{"@type":"ImageObject","inLanguage":"es","@id":"https:\/\/www.nexoinformativo.mx\/#\/schema\/person\/image\/","url":"https:\/\/secure.gravatar.com\/avatar\/dde2928154642a13d95f87ddf1ea9718fe2b46760a005c53e41ff5ad610704e6?s=96&d=mm&r=g","contentUrl":"https:\/\/secure.gravatar.com\/avatar\/dde2928154642a13d95f87ddf1ea9718fe2b46760a005c53e41ff5ad610704e6?s=96&d=mm&r=g","caption":"Nexo Informativo"},"url":"https:\/\/www.nexoinformativo.mx\/index.php\/author\/edicion\/"}]}},"_links":{"self":[{"href":"https:\/\/www.nexoinformativo.mx\/index.php\/wp-json\/wp\/v2\/posts\/4680","targetHints":{"allow":["GET"]}}],"collection":[{"href":"https:\/\/www.nexoinformativo.mx\/index.php\/wp-json\/wp\/v2\/posts"}],"about":[{"href":"https:\/\/www.nexoinformativo.mx\/index.php\/wp-json\/wp\/v2\/types\/post"}],"author":[{"embeddable":true,"href":"https:\/\/www.nexoinformativo.mx\/index.php\/wp-json\/wp\/v2\/users\/3"}],"replies":[{"embeddable":true,"href":"https:\/\/www.nexoinformativo.mx\/index.php\/wp-json\/wp\/v2\/comments?post=4680"}],"version-history":[{"count":7,"href":"https:\/\/www.nexoinformativo.mx\/index.php\/wp-json\/wp\/v2\/posts\/4680\/revisions"}],"predecessor-version":[{"id":4688,"href":"https:\/\/www.nexoinformativo.mx\/index.php\/wp-json\/wp\/v2\/posts\/4680\/revisions\/4688"}],"wp:featuredmedia":[{"embeddable":true,"href":"https:\/\/www.nexoinformativo.mx\/index.php\/wp-json\/wp\/v2\/media\/4681"}],"wp:attachment":[{"href":"https:\/\/www.nexoinformativo.mx\/index.php\/wp-json\/wp\/v2\/media?parent=4680"}],"wp:term":[{"taxonomy":"category","embeddable":true,"href":"https:\/\/www.nexoinformativo.mx\/index.php\/wp-json\/wp\/v2\/categories?post=4680"},{"taxonomy":"post_tag","embeddable":true,"href":"https:\/\/www.nexoinformativo.mx\/index.php\/wp-json\/wp\/v2\/tags?post=4680"}],"curies":[{"name":"wp","href":"https:\/\/api.w.org\/{rel}","templated":true}]}}