{"id":4689,"date":"2024-10-28T09:30:12","date_gmt":"2024-10-28T15:30:12","guid":{"rendered":"https:\/\/www.nexoinformativo.mx\/?p=4689"},"modified":"2024-10-28T11:41:50","modified_gmt":"2024-10-28T17:41:50","slug":"mexico-capacita-a-miles-para-combatir-el-ictus-conoce-los-sintomas-y-salva-vidas","status":"publish","type":"post","link":"https:\/\/www.nexoinformativo.mx\/index.php\/2024\/10\/28\/mexico-capacita-a-miles-para-combatir-el-ictus-conoce-los-sintomas-y-salva-vidas\/","title":{"rendered":"M\u00e9xico capacita a miles para combatir el Ictus (Derrame cerebral): \u00a1Conoce los s\u00edntomas y salva vidas!"},"content":{"rendered":"<p style=\"text-align: justify;\" data-sourcepos=\"5:1-5:301\">El Instituto Nacional de Neurolog\u00eda y Neurocirug\u00eda <strong>\u201cManuel Velasco Su\u00e1rez\u201d<\/strong> ha capacitado a m\u00e1s de 3 mil profesionales de la salud en todo el pa\u00eds para detectar y tratar de manera oportuna el ictus, una enfermedad cerebrovascular que puede causar discapacidad o muerte.<\/p>\n<p>&nbsp;<\/p>\n<p style=\"text-align: justify;\" data-sourcepos=\"7:1-7:281\">El ictus, com\u00fanmente conocido como derrame cerebral, ocurre cuando se obstruye o se rompe un vaso sangu\u00edneo en el cerebro, privando a una parte del cerebro de ox\u00edgeno y nutrientes. Reconocer los s\u00edntomas a tiempo es crucial para recibir tratamiento adecuado y reducir las secuelas.<\/p>\n<p>&nbsp;<\/p>\n<p style=\"text-align: justify;\" data-sourcepos=\"9:1-9:31\">\u00bfC\u00f3mo identificar un ictus?\u00a0Recuerda la f\u00f3rmula CAMALE\u00d3N:<\/p>\n<ul style=\"text-align: justify;\" data-sourcepos=\"13:1-17:0\">\n<li data-sourcepos=\"13:1-13:48\">Cara: \u00bfSe siente la cara ca\u00edda de un lado?<\/li>\n<li data-sourcepos=\"14:1-14:57\">Abrazo: \u00bfTiene dificultad para levantar los brazos?<\/li>\n<li data-sourcepos=\"15:1-15:60\">Lengua: \u00bfHabla con dificultad o se le traba la lengua?<\/li>\n<li data-sourcepos=\"16:1-17:0\">En: \u00a1Llama a una ambulancia!<\/li>\n<\/ul>\n<p style=\"text-align: justify;\" data-sourcepos=\"18:1-18:73\">Si detectas alguno de estos s\u00edntomas, \u00a1act\u00faa r\u00e1pido! Cada segundo cuenta.<\/p>\n<p>&nbsp;<\/p>\n<p style=\"text-align: justify;\" data-sourcepos=\"22:1-22:289\">El INNNMVS ha implementado diversas estrategias para capacitar al personal de salud, incluyendo cursos virtuales y presenciales. El objetivo es que los profesionales de primer contacto est\u00e9n preparados para identificar los signos de alarma del ictus y brindar una atenci\u00f3n m\u00e9dica oportuna.<\/p>\n<p>&nbsp;<\/p>\n<p style=\"text-align: justify;\" data-sourcepos=\"26:1-26:268\">Adem\u00e1s de la detecci\u00f3n temprana, es fundamental llevar un estilo de vida saludable para prevenir el ictus. Esto incluye controlar la presi\u00f3n arterial, los niveles de colesterol, mantener una dieta equilibrada, realizar actividad f\u00edsica regularmente y evitar el tabaco.<\/p>\n<p>&nbsp;<\/p>\n<p style=\"text-align: justify;\" data-sourcepos=\"28:1-28:38\">\u00a1\u00danete a la lucha contra el ictus!\u00a0El 29 de octubre se celebra el D\u00eda Mundial del Ictus. Sum\u00e9monos a esta iniciativa y difundamos la informaci\u00f3n sobre esta enfermedad. \u00a1Juntos podemos salvar vidas!<\/p>\n<p>&nbsp;<\/p>\n<p style=\"text-align: center;\" data-sourcepos=\"28:1-28:38\"><em><strong>\u00a1Informaci\u00f3n que transforma!<\/strong><\/em><\/p>\n","protected":false},"excerpt":{"rendered":"<p>El Instituto Nacional de Neurolog\u00eda y Neurocirug\u00eda \u201cManuel Velasco Su\u00e1rez\u201d ha capacitado a m\u00e1s de 3 mil profesionales de la salud en todo el pa\u00eds para detectar y tratar de manera oportuna el ictus, una enfermedad cerebrovascular que puede causar discapacidad o muerte.<\/p>\n","protected":false},"author":3,"featured_media":4692,"comment_status":"open","ping_status":"open","sticky":false,"template":"","format":"standard","meta":{"footnotes":""},"categories":[88,58],"tags":[1681,1679,806,1680],"class_list":["post-4689","post","type-post","status-publish","format-standard","has-post-thumbnail","hentry","category-nacional","category-ultima-hora","tag-capacitacion","tag-ictus","tag-prevencion","tag-saludcerebral"],"yoast_head":"<!-- This site is optimized with the Yoast SEO plugin v25.0 - https:\/\/yoast.com\/wordpress\/plugins\/seo\/ -->\n<title>M\u00e9xico capacita a miles para combatir el Ictus (Derrame cerebral): \u00a1Conoce los s\u00edntomas y salva vidas! | Nexo Informativo Santiago de Quer\u00e9taro<\/title>\n<meta name=\"description\" content=\"M\u00e9xico capacita a miles para combatir el Ictus: \u00a1Conoce los s\u00edntomas y salva vidas!\" \/>\n<meta name=\"robots\" content=\"index, follow, max-snippet:-1, max-image-preview:large, max-video-preview:-1\" \/>\n<link rel=\"canonical\" href=\"https:\/\/www.nexoinformativo.mx\/index.php\/2024\/10\/28\/mexico-capacita-a-miles-para-combatir-el-ictus-conoce-los-sintomas-y-salva-vidas\/\" \/>\n<meta property=\"og:locale\" content=\"es_MX\" \/>\n<meta property=\"og:type\" content=\"article\" \/>\n<meta property=\"og:title\" content=\"M\u00e9xico capacita a miles para combatir el Ictus (Derrame cerebral): \u00a1Conoce los s\u00edntomas y salva vidas! | Nexo Informativo Santiago de Quer\u00e9taro\" \/>\n<meta property=\"og:description\" content=\"M\u00e9xico capacita a miles para combatir el Ictus: \u00a1Conoce los s\u00edntomas y salva vidas!\" \/>\n<meta property=\"og:url\" content=\"https:\/\/www.nexoinformativo.mx\/index.php\/2024\/10\/28\/mexico-capacita-a-miles-para-combatir-el-ictus-conoce-los-sintomas-y-salva-vidas\/\" \/>\n<meta property=\"og:site_name\" content=\"Nexo Informativo Santiago de Quer\u00e9taro\" \/>\n<meta property=\"article:publisher\" content=\"https:\/\/www.facebook.com\/people\/Nexo-Informativo\/61564066885511\/\" \/>\n<meta property=\"article:published_time\" content=\"2024-10-28T15:30:12+00:00\" \/>\n<meta property=\"article:modified_time\" content=\"2024-10-28T17:41:50+00:00\" \/>\n<meta property=\"og:image\" content=\"https:\/\/www.nexoinformativo.mx\/wp-content\/uploads\/2024\/10\/IMG_7305.jpg\" \/>\n\t<meta property=\"og:image:width\" content=\"650\" \/>\n\t<meta property=\"og:image:height\" content=\"380\" \/>\n\t<meta property=\"og:image:type\" content=\"image\/jpeg\" \/>\n<meta name=\"author\" content=\"Nexo Informativo\" \/>\n<meta name=\"twitter:card\" content=\"summary_large_image\" \/>\n<meta name=\"twitter:label1\" content=\"Escrito por\" \/>\n\t<meta name=\"twitter:data1\" content=\"Nexo Informativo\" \/>\n\t<meta name=\"twitter:label2\" content=\"Tiempo de lectura\" \/>\n\t<meta name=\"twitter:data2\" content=\"2 minutos\" \/>\n<script type=\"application\/ld+json\" class=\"yoast-schema-graph\">{\"@context\":\"https:\/\/schema.org\",\"@graph\":[{\"@type\":\"Article\",\"@id\":\"https:\/\/www.nexoinformativo.mx\/index.php\/2024\/10\/28\/mexico-capacita-a-miles-para-combatir-el-ictus-conoce-los-sintomas-y-salva-vidas\/#article\",\"isPartOf\":{\"@id\":\"https:\/\/www.nexoinformativo.mx\/index.php\/2024\/10\/28\/mexico-capacita-a-miles-para-combatir-el-ictus-conoce-los-sintomas-y-salva-vidas\/\"},\"author\":{\"name\":\"Nexo Informativo\",\"@id\":\"https:\/\/www.nexoinformativo.mx\/#\/schema\/person\/7749d380ba08c8ca00d7bc76fd907b7d\"},\"headline\":\"M\u00e9xico capacita a miles para combatir el Ictus (Derrame cerebral): \u00a1Conoce los s\u00edntomas y salva vidas!\",\"datePublished\":\"2024-10-28T15:30:12+00:00\",\"dateModified\":\"2024-10-28T17:41:50+00:00\",\"mainEntityOfPage\":{\"@id\":\"https:\/\/www.nexoinformativo.mx\/index.php\/2024\/10\/28\/mexico-capacita-a-miles-para-combatir-el-ictus-conoce-los-sintomas-y-salva-vidas\/\"},\"wordCount\":304,\"commentCount\":0,\"publisher\":{\"@id\":\"https:\/\/www.nexoinformativo.mx\/#organization\"},\"image\":{\"@id\":\"https:\/\/www.nexoinformativo.mx\/index.php\/2024\/10\/28\/mexico-capacita-a-miles-para-combatir-el-ictus-conoce-los-sintomas-y-salva-vidas\/#primaryimage\"},\"thumbnailUrl\":\"https:\/\/www.nexoinformativo.mx\/wp-content\/uploads\/2024\/10\/IMG_7305.jpg\",\"keywords\":[\"Capacitaci\u00f3n\",\"Ictus\",\"Prevenci\u00f3n\",\"SaludCerebral\"],\"articleSection\":[\"Nacional\",\"\u00daltima Hora\"],\"inLanguage\":\"es\",\"potentialAction\":[{\"@type\":\"CommentAction\",\"name\":\"Comment\",\"target\":[\"https:\/\/www.nexoinformativo.mx\/index.php\/2024\/10\/28\/mexico-capacita-a-miles-para-combatir-el-ictus-conoce-los-sintomas-y-salva-vidas\/#respond\"]}]},{\"@type\":\"WebPage\",\"@id\":\"https:\/\/www.nexoinformativo.mx\/index.php\/2024\/10\/28\/mexico-capacita-a-miles-para-combatir-el-ictus-conoce-los-sintomas-y-salva-vidas\/\",\"url\":\"https:\/\/www.nexoinformativo.mx\/index.php\/2024\/10\/28\/mexico-capacita-a-miles-para-combatir-el-ictus-conoce-los-sintomas-y-salva-vidas\/\",\"name\":\"M\u00e9xico capacita a miles para combatir el Ictus (Derrame cerebral): \u00a1Conoce los s\u00edntomas y salva vidas! | Nexo Informativo Santiago de Quer\u00e9taro\",\"isPartOf\":{\"@id\":\"https:\/\/www.nexoinformativo.mx\/#website\"},\"primaryImageOfPage\":{\"@id\":\"https:\/\/www.nexoinformativo.mx\/index.php\/2024\/10\/28\/mexico-capacita-a-miles-para-combatir-el-ictus-conoce-los-sintomas-y-salva-vidas\/#primaryimage\"},\"image\":{\"@id\":\"https:\/\/www.nexoinformativo.mx\/index.php\/2024\/10\/28\/mexico-capacita-a-miles-para-combatir-el-ictus-conoce-los-sintomas-y-salva-vidas\/#primaryimage\"},\"thumbnailUrl\":\"https:\/\/www.nexoinformativo.mx\/wp-content\/uploads\/2024\/10\/IMG_7305.jpg\",\"datePublished\":\"2024-10-28T15:30:12+00:00\",\"dateModified\":\"2024-10-28T17:41:50+00:00\",\"description\":\"M\u00e9xico capacita a miles para combatir el Ictus: \u00a1Conoce los s\u00edntomas y salva vidas!\",\"breadcrumb\":{\"@id\":\"https:\/\/www.nexoinformativo.mx\/index.php\/2024\/10\/28\/mexico-capacita-a-miles-para-combatir-el-ictus-conoce-los-sintomas-y-salva-vidas\/#breadcrumb\"},\"inLanguage\":\"es\",\"potentialAction\":[{\"@type\":\"ReadAction\",\"target\":[\"https:\/\/www.nexoinformativo.mx\/index.php\/2024\/10\/28\/mexico-capacita-a-miles-para-combatir-el-ictus-conoce-los-sintomas-y-salva-vidas\/\"]}]},{\"@type\":\"ImageObject\",\"inLanguage\":\"es\",\"@id\":\"https:\/\/www.nexoinformativo.mx\/index.php\/2024\/10\/28\/mexico-capacita-a-miles-para-combatir-el-ictus-conoce-los-sintomas-y-salva-vidas\/#primaryimage\",\"url\":\"https:\/\/www.nexoinformativo.mx\/wp-content\/uploads\/2024\/10\/IMG_7305.jpg\",\"contentUrl\":\"https:\/\/www.nexoinformativo.mx\/wp-content\/uploads\/2024\/10\/IMG_7305.jpg\",\"width\":650,\"height\":380},{\"@type\":\"BreadcrumbList\",\"@id\":\"https:\/\/www.nexoinformativo.mx\/index.php\/2024\/10\/28\/mexico-capacita-a-miles-para-combatir-el-ictus-conoce-los-sintomas-y-salva-vidas\/#breadcrumb\",\"itemListElement\":[{\"@type\":\"ListItem\",\"position\":1,\"name\":\"Inicio\",\"item\":\"https:\/\/www.nexoinformativo.mx\/\"},{\"@type\":\"ListItem\",\"position\":2,\"name\":\"M\u00e9xico capacita a miles para combatir el Ictus (Derrame cerebral): \u00a1Conoce los s\u00edntomas y salva vidas!\"}]},{\"@type\":\"WebSite\",\"@id\":\"https:\/\/www.nexoinformativo.mx\/#website\",\"url\":\"https:\/\/www.nexoinformativo.mx\/\",\"name\":\"Nexo Informativo Santiago de Quer\u00e9taro\",\"description\":\"Explora NexoInformativo y convi\u00e9rtete en parte de una comunidad que valora el conocimiento y la verdad. Tu nexoinformativo es tu puente hacia una comprensi\u00f3n m\u00e1s profunda del mundo que te rodea.\",\"publisher\":{\"@id\":\"https:\/\/www.nexoinformativo.mx\/#organization\"},\"potentialAction\":[{\"@type\":\"SearchAction\",\"target\":{\"@type\":\"EntryPoint\",\"urlTemplate\":\"https:\/\/www.nexoinformativo.mx\/?s={search_term_string}\"},\"query-input\":{\"@type\":\"PropertyValueSpecification\",\"valueRequired\":true,\"valueName\":\"search_term_string\"}}],\"inLanguage\":\"es\"},{\"@type\":\"Organization\",\"@id\":\"https:\/\/www.nexoinformativo.mx\/#organization\",\"name\":\"Nexo Informativo Santiago de Quer\u00e9taro\",\"url\":\"https:\/\/www.nexoinformativo.mx\/\",\"logo\":{\"@type\":\"ImageObject\",\"inLanguage\":\"es\",\"@id\":\"https:\/\/www.nexoinformativo.mx\/#\/schema\/logo\/image\/\",\"url\":\"https:\/\/www.nexoinformativo.mx\/wp-content\/uploads\/2024\/07\/nexoi-trasparente-2.png\",\"contentUrl\":\"https:\/\/www.nexoinformativo.mx\/wp-content\/uploads\/2024\/07\/nexoi-trasparente-2.png\",\"width\":816,\"height\":339,\"caption\":\"Nexo Informativo Santiago de Quer\u00e9taro\"},\"image\":{\"@id\":\"https:\/\/www.nexoinformativo.mx\/#\/schema\/logo\/image\/\"},\"sameAs\":[\"https:\/\/www.facebook.com\/people\/Nexo-Informativo\/61564066885511\/\"]},{\"@type\":\"Person\",\"@id\":\"https:\/\/www.nexoinformativo.mx\/#\/schema\/person\/7749d380ba08c8ca00d7bc76fd907b7d\",\"name\":\"Nexo Informativo\",\"image\":{\"@type\":\"ImageObject\",\"inLanguage\":\"es\",\"@id\":\"https:\/\/www.nexoinformativo.mx\/#\/schema\/person\/image\/\",\"url\":\"https:\/\/secure.gravatar.com\/avatar\/dde2928154642a13d95f87ddf1ea9718fe2b46760a005c53e41ff5ad610704e6?s=96&d=mm&r=g\",\"contentUrl\":\"https:\/\/secure.gravatar.com\/avatar\/dde2928154642a13d95f87ddf1ea9718fe2b46760a005c53e41ff5ad610704e6?s=96&d=mm&r=g\",\"caption\":\"Nexo Informativo\"},\"url\":\"https:\/\/www.nexoinformativo.mx\/index.php\/author\/edicion\/\"}]}<\/script>\n<!-- \/ Yoast SEO plugin. -->","yoast_head_json":{"title":"M\u00e9xico capacita a miles para combatir el Ictus (Derrame cerebral): \u00a1Conoce los s\u00edntomas y salva vidas! | Nexo Informativo Santiago de Quer\u00e9taro","description":"M\u00e9xico capacita a miles para combatir el Ictus: \u00a1Conoce los s\u00edntomas y salva vidas!","robots":{"index":"index","follow":"follow","max-snippet":"max-snippet:-1","max-image-preview":"max-image-preview:large","max-video-preview":"max-video-preview:-1"},"canonical":"https:\/\/www.nexoinformativo.mx\/index.php\/2024\/10\/28\/mexico-capacita-a-miles-para-combatir-el-ictus-conoce-los-sintomas-y-salva-vidas\/","og_locale":"es_MX","og_type":"article","og_title":"M\u00e9xico capacita a miles para combatir el Ictus (Derrame cerebral): \u00a1Conoce los s\u00edntomas y salva vidas! | Nexo Informativo Santiago de Quer\u00e9taro","og_description":"M\u00e9xico capacita a miles para combatir el Ictus: \u00a1Conoce los s\u00edntomas y salva vidas!","og_url":"https:\/\/www.nexoinformativo.mx\/index.php\/2024\/10\/28\/mexico-capacita-a-miles-para-combatir-el-ictus-conoce-los-sintomas-y-salva-vidas\/","og_site_name":"Nexo Informativo Santiago de Quer\u00e9taro","article_publisher":"https:\/\/www.facebook.com\/people\/Nexo-Informativo\/61564066885511\/","article_published_time":"2024-10-28T15:30:12+00:00","article_modified_time":"2024-10-28T17:41:50+00:00","og_image":[{"width":650,"height":380,"url":"https:\/\/www.nexoinformativo.mx\/wp-content\/uploads\/2024\/10\/IMG_7305.jpg","type":"image\/jpeg"}],"author":"Nexo Informativo","twitter_card":"summary_large_image","twitter_misc":{"Escrito por":"Nexo Informativo","Tiempo de lectura":"2 minutos"},"schema":{"@context":"https:\/\/schema.org","@graph":[{"@type":"Article","@id":"https:\/\/www.nexoinformativo.mx\/index.php\/2024\/10\/28\/mexico-capacita-a-miles-para-combatir-el-ictus-conoce-los-sintomas-y-salva-vidas\/#article","isPartOf":{"@id":"https:\/\/www.nexoinformativo.mx\/index.php\/2024\/10\/28\/mexico-capacita-a-miles-para-combatir-el-ictus-conoce-los-sintomas-y-salva-vidas\/"},"author":{"name":"Nexo Informativo","@id":"https:\/\/www.nexoinformativo.mx\/#\/schema\/person\/7749d380ba08c8ca00d7bc76fd907b7d"},"headline":"M\u00e9xico capacita a miles para combatir el Ictus (Derrame cerebral): \u00a1Conoce los s\u00edntomas y salva vidas!","datePublished":"2024-10-28T15:30:12+00:00","dateModified":"2024-10-28T17:41:50+00:00","mainEntityOfPage":{"@id":"https:\/\/www.nexoinformativo.mx\/index.php\/2024\/10\/28\/mexico-capacita-a-miles-para-combatir-el-ictus-conoce-los-sintomas-y-salva-vidas\/"},"wordCount":304,"commentCount":0,"publisher":{"@id":"https:\/\/www.nexoinformativo.mx\/#organization"},"image":{"@id":"https:\/\/www.nexoinformativo.mx\/index.php\/2024\/10\/28\/mexico-capacita-a-miles-para-combatir-el-ictus-conoce-los-sintomas-y-salva-vidas\/#primaryimage"},"thumbnailUrl":"https:\/\/www.nexoinformativo.mx\/wp-content\/uploads\/2024\/10\/IMG_7305.jpg","keywords":["Capacitaci\u00f3n","Ictus","Prevenci\u00f3n","SaludCerebral"],"articleSection":["Nacional","\u00daltima Hora"],"inLanguage":"es","potentialAction":[{"@type":"CommentAction","name":"Comment","target":["https:\/\/www.nexoinformativo.mx\/index.php\/2024\/10\/28\/mexico-capacita-a-miles-para-combatir-el-ictus-conoce-los-sintomas-y-salva-vidas\/#respond"]}]},{"@type":"WebPage","@id":"https:\/\/www.nexoinformativo.mx\/index.php\/2024\/10\/28\/mexico-capacita-a-miles-para-combatir-el-ictus-conoce-los-sintomas-y-salva-vidas\/","url":"https:\/\/www.nexoinformativo.mx\/index.php\/2024\/10\/28\/mexico-capacita-a-miles-para-combatir-el-ictus-conoce-los-sintomas-y-salva-vidas\/","name":"M\u00e9xico capacita a miles para combatir el Ictus (Derrame cerebral): \u00a1Conoce los s\u00edntomas y salva vidas! | Nexo Informativo Santiago de Quer\u00e9taro","isPartOf":{"@id":"https:\/\/www.nexoinformativo.mx\/#website"},"primaryImageOfPage":{"@id":"https:\/\/www.nexoinformativo.mx\/index.php\/2024\/10\/28\/mexico-capacita-a-miles-para-combatir-el-ictus-conoce-los-sintomas-y-salva-vidas\/#primaryimage"},"image":{"@id":"https:\/\/www.nexoinformativo.mx\/index.php\/2024\/10\/28\/mexico-capacita-a-miles-para-combatir-el-ictus-conoce-los-sintomas-y-salva-vidas\/#primaryimage"},"thumbnailUrl":"https:\/\/www.nexoinformativo.mx\/wp-content\/uploads\/2024\/10\/IMG_7305.jpg","datePublished":"2024-10-28T15:30:12+00:00","dateModified":"2024-10-28T17:41:50+00:00","description":"M\u00e9xico capacita a miles para combatir el Ictus: \u00a1Conoce los s\u00edntomas y salva vidas!","breadcrumb":{"@id":"https:\/\/www.nexoinformativo.mx\/index.php\/2024\/10\/28\/mexico-capacita-a-miles-para-combatir-el-ictus-conoce-los-sintomas-y-salva-vidas\/#breadcrumb"},"inLanguage":"es","potentialAction":[{"@type":"ReadAction","target":["https:\/\/www.nexoinformativo.mx\/index.php\/2024\/10\/28\/mexico-capacita-a-miles-para-combatir-el-ictus-conoce-los-sintomas-y-salva-vidas\/"]}]},{"@type":"ImageObject","inLanguage":"es","@id":"https:\/\/www.nexoinformativo.mx\/index.php\/2024\/10\/28\/mexico-capacita-a-miles-para-combatir-el-ictus-conoce-los-sintomas-y-salva-vidas\/#primaryimage","url":"https:\/\/www.nexoinformativo.mx\/wp-content\/uploads\/2024\/10\/IMG_7305.jpg","contentUrl":"https:\/\/www.nexoinformativo.mx\/wp-content\/uploads\/2024\/10\/IMG_7305.jpg","width":650,"height":380},{"@type":"BreadcrumbList","@id":"https:\/\/www.nexoinformativo.mx\/index.php\/2024\/10\/28\/mexico-capacita-a-miles-para-combatir-el-ictus-conoce-los-sintomas-y-salva-vidas\/#breadcrumb","itemListElement":[{"@type":"ListItem","position":1,"name":"Inicio","item":"https:\/\/www.nexoinformativo.mx\/"},{"@type":"ListItem","position":2,"name":"M\u00e9xico capacita a miles para combatir el Ictus (Derrame cerebral): \u00a1Conoce los s\u00edntomas y salva vidas!"}]},{"@type":"WebSite","@id":"https:\/\/www.nexoinformativo.mx\/#website","url":"https:\/\/www.nexoinformativo.mx\/","name":"Nexo Informativo Santiago de Quer\u00e9taro","description":"Explora NexoInformativo y convi\u00e9rtete en parte de una comunidad que valora el conocimiento y la verdad. Tu nexoinformativo es tu puente hacia una comprensi\u00f3n m\u00e1s profunda del mundo que te rodea.","publisher":{"@id":"https:\/\/www.nexoinformativo.mx\/#organization"},"potentialAction":[{"@type":"SearchAction","target":{"@type":"EntryPoint","urlTemplate":"https:\/\/www.nexoinformativo.mx\/?s={search_term_string}"},"query-input":{"@type":"PropertyValueSpecification","valueRequired":true,"valueName":"search_term_string"}}],"inLanguage":"es"},{"@type":"Organization","@id":"https:\/\/www.nexoinformativo.mx\/#organization","name":"Nexo Informativo Santiago de Quer\u00e9taro","url":"https:\/\/www.nexoinformativo.mx\/","logo":{"@type":"ImageObject","inLanguage":"es","@id":"https:\/\/www.nexoinformativo.mx\/#\/schema\/logo\/image\/","url":"https:\/\/www.nexoinformativo.mx\/wp-content\/uploads\/2024\/07\/nexoi-trasparente-2.png","contentUrl":"https:\/\/www.nexoinformativo.mx\/wp-content\/uploads\/2024\/07\/nexoi-trasparente-2.png","width":816,"height":339,"caption":"Nexo Informativo Santiago de Quer\u00e9taro"},"image":{"@id":"https:\/\/www.nexoinformativo.mx\/#\/schema\/logo\/image\/"},"sameAs":["https:\/\/www.facebook.com\/people\/Nexo-Informativo\/61564066885511\/"]},{"@type":"Person","@id":"https:\/\/www.nexoinformativo.mx\/#\/schema\/person\/7749d380ba08c8ca00d7bc76fd907b7d","name":"Nexo Informativo","image":{"@type":"ImageObject","inLanguage":"es","@id":"https:\/\/www.nexoinformativo.mx\/#\/schema\/person\/image\/","url":"https:\/\/secure.gravatar.com\/avatar\/dde2928154642a13d95f87ddf1ea9718fe2b46760a005c53e41ff5ad610704e6?s=96&d=mm&r=g","contentUrl":"https:\/\/secure.gravatar.com\/avatar\/dde2928154642a13d95f87ddf1ea9718fe2b46760a005c53e41ff5ad610704e6?s=96&d=mm&r=g","caption":"Nexo Informativo"},"url":"https:\/\/www.nexoinformativo.mx\/index.php\/author\/edicion\/"}]}},"_links":{"self":[{"href":"https:\/\/www.nexoinformativo.mx\/index.php\/wp-json\/wp\/v2\/posts\/4689","targetHints":{"allow":["GET"]}}],"collection":[{"href":"https:\/\/www.nexoinformativo.mx\/index.php\/wp-json\/wp\/v2\/posts"}],"about":[{"href":"https:\/\/www.nexoinformativo.mx\/index.php\/wp-json\/wp\/v2\/types\/post"}],"author":[{"embeddable":true,"href":"https:\/\/www.nexoinformativo.mx\/index.php\/wp-json\/wp\/v2\/users\/3"}],"replies":[{"embeddable":true,"href":"https:\/\/www.nexoinformativo.mx\/index.php\/wp-json\/wp\/v2\/comments?post=4689"}],"version-history":[{"count":4,"href":"https:\/\/www.nexoinformativo.mx\/index.php\/wp-json\/wp\/v2\/posts\/4689\/revisions"}],"predecessor-version":[{"id":4695,"href":"https:\/\/www.nexoinformativo.mx\/index.php\/wp-json\/wp\/v2\/posts\/4689\/revisions\/4695"}],"wp:featuredmedia":[{"embeddable":true,"href":"https:\/\/www.nexoinformativo.mx\/index.php\/wp-json\/wp\/v2\/media\/4692"}],"wp:attachment":[{"href":"https:\/\/www.nexoinformativo.mx\/index.php\/wp-json\/wp\/v2\/media?parent=4689"}],"wp:term":[{"taxonomy":"category","embeddable":true,"href":"https:\/\/www.nexoinformativo.mx\/index.php\/wp-json\/wp\/v2\/categories?post=4689"},{"taxonomy":"post_tag","embeddable":true,"href":"https:\/\/www.nexoinformativo.mx\/index.php\/wp-json\/wp\/v2\/tags?post=4689"}],"curies":[{"name":"wp","href":"https:\/\/api.w.org\/{rel}","templated":true}]}}