{"id":4701,"date":"2024-10-28T10:00:51","date_gmt":"2024-10-28T16:00:51","guid":{"rendered":"https:\/\/www.nexoinformativo.mx\/?p=4701"},"modified":"2024-10-28T11:56:13","modified_gmt":"2024-10-28T17:56:13","slug":"gran-premio-de-mexico-un-motor-que-impulsa-la-economia-nacional","status":"publish","type":"post","link":"https:\/\/www.nexoinformativo.mx\/index.php\/2024\/10\/28\/gran-premio-de-mexico-un-motor-que-impulsa-la-economia-nacional\/","title":{"rendered":"Gran Premio de M\u00e9xico: Un motor que impulsa la econom\u00eda nacional"},"content":{"rendered":"<p style=\"text-align: justify;\" data-sourcepos=\"5:1-5:336\">La celebraci\u00f3n del Gran Premio de M\u00e9xico se ha convertido en un motor econ\u00f3mico para el pa\u00eds. Este a\u00f1o, se espera una derrama econ\u00f3mica de m\u00e1s de 19 mil 550 millones de pesos, lo que representa un incremento del 13.8% respecto al a\u00f1o anterior, inform\u00f3 la secretaria de Turismo, Josefina Rodr\u00edguez.<\/p>\n<p>&nbsp;<\/p>\n<p style=\"text-align: justify;\" data-sourcepos=\"9:1-9:334\">La competencia automovil\u00edstica m\u00e1s importante de M\u00e9xico atrae a cientos de miles de visitantes, tanto nacionales como extranjeros, generando una derrama econ\u00f3mica significativa en diversos sectores. Se estima que alrededor de 225 mil unidades econ\u00f3micas se beneficiar\u00e1n del evento, generando empleo para m\u00e1s de un mill\u00f3n de personas.<\/p>\n<p>&nbsp;<\/p>\n<p style=\"text-align: justify;\" data-sourcepos=\"11:1-11:315\">Adem\u00e1s, se espera la llegada de 238 mil turistas hospedados en la Ciudad de M\u00e9xico, lo que representa un aumento del 2.8% en comparaci\u00f3n con el a\u00f1o anterior. La ocupaci\u00f3n hotelera alcanzar\u00e1 un promedio de 79.2%, con una derrama econ\u00f3mica por servicios tur\u00edsticos y alojamiento de m\u00e1s de 2 mil 203 millones de pesos.<\/p>\n<p>&nbsp;<\/p>\n<p style=\"text-align: justify;\" data-sourcepos=\"15:1-15:349\">La secretaria de Turismo destac\u00f3 la importancia de incluir a las comunidades y pueblos en estos grandes eventos deportivos. En el caso del Gran Premio de M\u00e9xico, se han destinado 3 mil entradas para el F1 Fan Zone a poblaciones prioritarias, promoviendo as\u00ed el turismo social y generando oportunidades para que m\u00e1s personas disfruten de este evento.<\/p>\n<p>&nbsp;<\/p>\n<p style=\"text-align: justify;\" data-sourcepos=\"19:1-19:272\">El Gran Premio de M\u00e9xico cuenta con una cobertura en m\u00e1s de 200 pa\u00edses y 2 mil 400 horas de transmisi\u00f3n global, lo que posiciona a M\u00e9xico como un destino tur\u00edstico de primer nivel. Este tipo de eventos contribuye a fortalecer la imagen del pa\u00eds y a atraer m\u00e1s inversiones.<\/p>\n<p>&nbsp;<\/p>\n<p style=\"text-align: center;\" data-sourcepos=\"19:1-19:272\"><em><strong>\u00a1Informaci\u00f3n que transforma!<\/strong><\/em><\/p>\n","protected":false},"excerpt":{"rendered":"<p>La celebraci\u00f3n del Gran Premio de M\u00e9xico se ha convertido en un motor econ\u00f3mico para el pa\u00eds. Este a\u00f1o, se espera una derrama econ\u00f3mica de m\u00e1s de 19 mil 550 millones de pesos, lo que representa un incremento del 13.8% respecto al a\u00f1o anterior, inform\u00f3 la secretaria de Turismo, Josefina Rodr\u00edguez.<\/p>\n","protected":false},"author":3,"featured_media":4702,"comment_status":"open","ping_status":"open","sticky":false,"template":"","format":"standard","meta":{"footnotes":""},"categories":[5,88,58],"tags":[141,1687,1685,1686],"class_list":["post-4701","post","type-post","status-publish","format-standard","has-post-thumbnail","hentry","category-economia","category-nacional","category-ultima-hora","tag-economia","tag-f1","tag-granpremiodemexico","tag-turismo"],"yoast_head":"<!-- This site is optimized with the Yoast SEO plugin v25.0 - https:\/\/yoast.com\/wordpress\/plugins\/seo\/ -->\n<title>Gran Premio de M\u00e9xico: Un motor que impulsa la econom\u00eda nacional | Nexo Informativo Santiago de Quer\u00e9taro<\/title>\n<meta name=\"description\" content=\"Gran Premio de M\u00e9xico: Un motor que impulsa la econom\u00eda nacional\" \/>\n<meta name=\"robots\" content=\"index, follow, max-snippet:-1, max-image-preview:large, max-video-preview:-1\" \/>\n<link rel=\"canonical\" href=\"https:\/\/www.nexoinformativo.mx\/index.php\/2024\/10\/28\/gran-premio-de-mexico-un-motor-que-impulsa-la-economia-nacional\/\" \/>\n<meta property=\"og:locale\" content=\"es_MX\" \/>\n<meta property=\"og:type\" content=\"article\" \/>\n<meta property=\"og:title\" content=\"Gran Premio de M\u00e9xico: Un motor que impulsa la econom\u00eda nacional | Nexo Informativo Santiago de Quer\u00e9taro\" \/>\n<meta property=\"og:description\" content=\"Gran Premio de M\u00e9xico: Un motor que impulsa la econom\u00eda nacional\" \/>\n<meta property=\"og:url\" content=\"https:\/\/www.nexoinformativo.mx\/index.php\/2024\/10\/28\/gran-premio-de-mexico-un-motor-que-impulsa-la-economia-nacional\/\" \/>\n<meta property=\"og:site_name\" content=\"Nexo Informativo Santiago de Quer\u00e9taro\" \/>\n<meta property=\"article:publisher\" content=\"https:\/\/www.facebook.com\/people\/Nexo-Informativo\/61564066885511\/\" \/>\n<meta property=\"article:published_time\" content=\"2024-10-28T16:00:51+00:00\" \/>\n<meta property=\"article:modified_time\" content=\"2024-10-28T17:56:13+00:00\" \/>\n<meta property=\"og:image\" content=\"https:\/\/www.nexoinformativo.mx\/wp-content\/uploads\/2024\/10\/IMG_7306.jpg\" \/>\n\t<meta property=\"og:image:width\" content=\"650\" \/>\n\t<meta property=\"og:image:height\" content=\"380\" \/>\n\t<meta property=\"og:image:type\" content=\"image\/jpeg\" \/>\n<meta name=\"author\" content=\"Nexo Informativo\" \/>\n<meta name=\"twitter:card\" content=\"summary_large_image\" \/>\n<meta name=\"twitter:label1\" content=\"Escrito por\" \/>\n\t<meta name=\"twitter:data1\" content=\"Nexo Informativo\" \/>\n\t<meta name=\"twitter:label2\" content=\"Tiempo de lectura\" \/>\n\t<meta name=\"twitter:data2\" content=\"2 minutos\" \/>\n<script type=\"application\/ld+json\" class=\"yoast-schema-graph\">{\"@context\":\"https:\/\/schema.org\",\"@graph\":[{\"@type\":\"Article\",\"@id\":\"https:\/\/www.nexoinformativo.mx\/index.php\/2024\/10\/28\/gran-premio-de-mexico-un-motor-que-impulsa-la-economia-nacional\/#article\",\"isPartOf\":{\"@id\":\"https:\/\/www.nexoinformativo.mx\/index.php\/2024\/10\/28\/gran-premio-de-mexico-un-motor-que-impulsa-la-economia-nacional\/\"},\"author\":{\"name\":\"Nexo Informativo\",\"@id\":\"https:\/\/www.nexoinformativo.mx\/#\/schema\/person\/7749d380ba08c8ca00d7bc76fd907b7d\"},\"headline\":\"Gran Premio de M\u00e9xico: Un motor que impulsa la econom\u00eda nacional\",\"datePublished\":\"2024-10-28T16:00:51+00:00\",\"dateModified\":\"2024-10-28T17:56:13+00:00\",\"mainEntityOfPage\":{\"@id\":\"https:\/\/www.nexoinformativo.mx\/index.php\/2024\/10\/28\/gran-premio-de-mexico-un-motor-que-impulsa-la-economia-nacional\/\"},\"wordCount\":304,\"commentCount\":0,\"publisher\":{\"@id\":\"https:\/\/www.nexoinformativo.mx\/#organization\"},\"image\":{\"@id\":\"https:\/\/www.nexoinformativo.mx\/index.php\/2024\/10\/28\/gran-premio-de-mexico-un-motor-que-impulsa-la-economia-nacional\/#primaryimage\"},\"thumbnailUrl\":\"https:\/\/www.nexoinformativo.mx\/wp-content\/uploads\/2024\/10\/IMG_7306.jpg\",\"keywords\":[\"Economia\",\"F1\",\"GranPremioDeM\u00e9xico\",\"Turismo\"],\"articleSection\":[\"Econom\u00eda\",\"Nacional\",\"\u00daltima Hora\"],\"inLanguage\":\"es\",\"potentialAction\":[{\"@type\":\"CommentAction\",\"name\":\"Comment\",\"target\":[\"https:\/\/www.nexoinformativo.mx\/index.php\/2024\/10\/28\/gran-premio-de-mexico-un-motor-que-impulsa-la-economia-nacional\/#respond\"]}]},{\"@type\":\"WebPage\",\"@id\":\"https:\/\/www.nexoinformativo.mx\/index.php\/2024\/10\/28\/gran-premio-de-mexico-un-motor-que-impulsa-la-economia-nacional\/\",\"url\":\"https:\/\/www.nexoinformativo.mx\/index.php\/2024\/10\/28\/gran-premio-de-mexico-un-motor-que-impulsa-la-economia-nacional\/\",\"name\":\"Gran Premio de M\u00e9xico: Un motor que impulsa la econom\u00eda nacional | Nexo Informativo Santiago de Quer\u00e9taro\",\"isPartOf\":{\"@id\":\"https:\/\/www.nexoinformativo.mx\/#website\"},\"primaryImageOfPage\":{\"@id\":\"https:\/\/www.nexoinformativo.mx\/index.php\/2024\/10\/28\/gran-premio-de-mexico-un-motor-que-impulsa-la-economia-nacional\/#primaryimage\"},\"image\":{\"@id\":\"https:\/\/www.nexoinformativo.mx\/index.php\/2024\/10\/28\/gran-premio-de-mexico-un-motor-que-impulsa-la-economia-nacional\/#primaryimage\"},\"thumbnailUrl\":\"https:\/\/www.nexoinformativo.mx\/wp-content\/uploads\/2024\/10\/IMG_7306.jpg\",\"datePublished\":\"2024-10-28T16:00:51+00:00\",\"dateModified\":\"2024-10-28T17:56:13+00:00\",\"description\":\"Gran Premio de M\u00e9xico: Un motor que impulsa la econom\u00eda nacional\",\"breadcrumb\":{\"@id\":\"https:\/\/www.nexoinformativo.mx\/index.php\/2024\/10\/28\/gran-premio-de-mexico-un-motor-que-impulsa-la-economia-nacional\/#breadcrumb\"},\"inLanguage\":\"es\",\"potentialAction\":[{\"@type\":\"ReadAction\",\"target\":[\"https:\/\/www.nexoinformativo.mx\/index.php\/2024\/10\/28\/gran-premio-de-mexico-un-motor-que-impulsa-la-economia-nacional\/\"]}]},{\"@type\":\"ImageObject\",\"inLanguage\":\"es\",\"@id\":\"https:\/\/www.nexoinformativo.mx\/index.php\/2024\/10\/28\/gran-premio-de-mexico-un-motor-que-impulsa-la-economia-nacional\/#primaryimage\",\"url\":\"https:\/\/www.nexoinformativo.mx\/wp-content\/uploads\/2024\/10\/IMG_7306.jpg\",\"contentUrl\":\"https:\/\/www.nexoinformativo.mx\/wp-content\/uploads\/2024\/10\/IMG_7306.jpg\",\"width\":650,\"height\":380},{\"@type\":\"BreadcrumbList\",\"@id\":\"https:\/\/www.nexoinformativo.mx\/index.php\/2024\/10\/28\/gran-premio-de-mexico-un-motor-que-impulsa-la-economia-nacional\/#breadcrumb\",\"itemListElement\":[{\"@type\":\"ListItem\",\"position\":1,\"name\":\"Inicio\",\"item\":\"https:\/\/www.nexoinformativo.mx\/\"},{\"@type\":\"ListItem\",\"position\":2,\"name\":\"Gran Premio de M\u00e9xico: Un motor que impulsa la econom\u00eda nacional\"}]},{\"@type\":\"WebSite\",\"@id\":\"https:\/\/www.nexoinformativo.mx\/#website\",\"url\":\"https:\/\/www.nexoinformativo.mx\/\",\"name\":\"Nexo Informativo Santiago de Quer\u00e9taro\",\"description\":\"Explora NexoInformativo y convi\u00e9rtete en parte de una comunidad que valora el conocimiento y la verdad. Tu nexoinformativo es tu puente hacia una comprensi\u00f3n m\u00e1s profunda del mundo que te rodea.\",\"publisher\":{\"@id\":\"https:\/\/www.nexoinformativo.mx\/#organization\"},\"potentialAction\":[{\"@type\":\"SearchAction\",\"target\":{\"@type\":\"EntryPoint\",\"urlTemplate\":\"https:\/\/www.nexoinformativo.mx\/?s={search_term_string}\"},\"query-input\":{\"@type\":\"PropertyValueSpecification\",\"valueRequired\":true,\"valueName\":\"search_term_string\"}}],\"inLanguage\":\"es\"},{\"@type\":\"Organization\",\"@id\":\"https:\/\/www.nexoinformativo.mx\/#organization\",\"name\":\"Nexo Informativo Santiago de Quer\u00e9taro\",\"url\":\"https:\/\/www.nexoinformativo.mx\/\",\"logo\":{\"@type\":\"ImageObject\",\"inLanguage\":\"es\",\"@id\":\"https:\/\/www.nexoinformativo.mx\/#\/schema\/logo\/image\/\",\"url\":\"https:\/\/www.nexoinformativo.mx\/wp-content\/uploads\/2024\/07\/nexoi-trasparente-2.png\",\"contentUrl\":\"https:\/\/www.nexoinformativo.mx\/wp-content\/uploads\/2024\/07\/nexoi-trasparente-2.png\",\"width\":816,\"height\":339,\"caption\":\"Nexo Informativo Santiago de Quer\u00e9taro\"},\"image\":{\"@id\":\"https:\/\/www.nexoinformativo.mx\/#\/schema\/logo\/image\/\"},\"sameAs\":[\"https:\/\/www.facebook.com\/people\/Nexo-Informativo\/61564066885511\/\"]},{\"@type\":\"Person\",\"@id\":\"https:\/\/www.nexoinformativo.mx\/#\/schema\/person\/7749d380ba08c8ca00d7bc76fd907b7d\",\"name\":\"Nexo Informativo\",\"image\":{\"@type\":\"ImageObject\",\"inLanguage\":\"es\",\"@id\":\"https:\/\/www.nexoinformativo.mx\/#\/schema\/person\/image\/\",\"url\":\"https:\/\/secure.gravatar.com\/avatar\/dde2928154642a13d95f87ddf1ea9718fe2b46760a005c53e41ff5ad610704e6?s=96&d=mm&r=g\",\"contentUrl\":\"https:\/\/secure.gravatar.com\/avatar\/dde2928154642a13d95f87ddf1ea9718fe2b46760a005c53e41ff5ad610704e6?s=96&d=mm&r=g\",\"caption\":\"Nexo Informativo\"},\"url\":\"https:\/\/www.nexoinformativo.mx\/index.php\/author\/edicion\/\"}]}<\/script>\n<!-- \/ Yoast SEO plugin. -->","yoast_head_json":{"title":"Gran Premio de M\u00e9xico: Un motor que impulsa la econom\u00eda nacional | Nexo Informativo Santiago de Quer\u00e9taro","description":"Gran Premio de M\u00e9xico: Un motor que impulsa la econom\u00eda nacional","robots":{"index":"index","follow":"follow","max-snippet":"max-snippet:-1","max-image-preview":"max-image-preview:large","max-video-preview":"max-video-preview:-1"},"canonical":"https:\/\/www.nexoinformativo.mx\/index.php\/2024\/10\/28\/gran-premio-de-mexico-un-motor-que-impulsa-la-economia-nacional\/","og_locale":"es_MX","og_type":"article","og_title":"Gran Premio de M\u00e9xico: Un motor que impulsa la econom\u00eda nacional | Nexo Informativo Santiago de Quer\u00e9taro","og_description":"Gran Premio de M\u00e9xico: Un motor que impulsa la econom\u00eda nacional","og_url":"https:\/\/www.nexoinformativo.mx\/index.php\/2024\/10\/28\/gran-premio-de-mexico-un-motor-que-impulsa-la-economia-nacional\/","og_site_name":"Nexo Informativo Santiago de Quer\u00e9taro","article_publisher":"https:\/\/www.facebook.com\/people\/Nexo-Informativo\/61564066885511\/","article_published_time":"2024-10-28T16:00:51+00:00","article_modified_time":"2024-10-28T17:56:13+00:00","og_image":[{"width":650,"height":380,"url":"https:\/\/www.nexoinformativo.mx\/wp-content\/uploads\/2024\/10\/IMG_7306.jpg","type":"image\/jpeg"}],"author":"Nexo Informativo","twitter_card":"summary_large_image","twitter_misc":{"Escrito por":"Nexo Informativo","Tiempo de lectura":"2 minutos"},"schema":{"@context":"https:\/\/schema.org","@graph":[{"@type":"Article","@id":"https:\/\/www.nexoinformativo.mx\/index.php\/2024\/10\/28\/gran-premio-de-mexico-un-motor-que-impulsa-la-economia-nacional\/#article","isPartOf":{"@id":"https:\/\/www.nexoinformativo.mx\/index.php\/2024\/10\/28\/gran-premio-de-mexico-un-motor-que-impulsa-la-economia-nacional\/"},"author":{"name":"Nexo Informativo","@id":"https:\/\/www.nexoinformativo.mx\/#\/schema\/person\/7749d380ba08c8ca00d7bc76fd907b7d"},"headline":"Gran Premio de M\u00e9xico: Un motor que impulsa la econom\u00eda nacional","datePublished":"2024-10-28T16:00:51+00:00","dateModified":"2024-10-28T17:56:13+00:00","mainEntityOfPage":{"@id":"https:\/\/www.nexoinformativo.mx\/index.php\/2024\/10\/28\/gran-premio-de-mexico-un-motor-que-impulsa-la-economia-nacional\/"},"wordCount":304,"commentCount":0,"publisher":{"@id":"https:\/\/www.nexoinformativo.mx\/#organization"},"image":{"@id":"https:\/\/www.nexoinformativo.mx\/index.php\/2024\/10\/28\/gran-premio-de-mexico-un-motor-que-impulsa-la-economia-nacional\/#primaryimage"},"thumbnailUrl":"https:\/\/www.nexoinformativo.mx\/wp-content\/uploads\/2024\/10\/IMG_7306.jpg","keywords":["Economia","F1","GranPremioDeM\u00e9xico","Turismo"],"articleSection":["Econom\u00eda","Nacional","\u00daltima Hora"],"inLanguage":"es","potentialAction":[{"@type":"CommentAction","name":"Comment","target":["https:\/\/www.nexoinformativo.mx\/index.php\/2024\/10\/28\/gran-premio-de-mexico-un-motor-que-impulsa-la-economia-nacional\/#respond"]}]},{"@type":"WebPage","@id":"https:\/\/www.nexoinformativo.mx\/index.php\/2024\/10\/28\/gran-premio-de-mexico-un-motor-que-impulsa-la-economia-nacional\/","url":"https:\/\/www.nexoinformativo.mx\/index.php\/2024\/10\/28\/gran-premio-de-mexico-un-motor-que-impulsa-la-economia-nacional\/","name":"Gran Premio de M\u00e9xico: Un motor que impulsa la econom\u00eda nacional | Nexo Informativo Santiago de Quer\u00e9taro","isPartOf":{"@id":"https:\/\/www.nexoinformativo.mx\/#website"},"primaryImageOfPage":{"@id":"https:\/\/www.nexoinformativo.mx\/index.php\/2024\/10\/28\/gran-premio-de-mexico-un-motor-que-impulsa-la-economia-nacional\/#primaryimage"},"image":{"@id":"https:\/\/www.nexoinformativo.mx\/index.php\/2024\/10\/28\/gran-premio-de-mexico-un-motor-que-impulsa-la-economia-nacional\/#primaryimage"},"thumbnailUrl":"https:\/\/www.nexoinformativo.mx\/wp-content\/uploads\/2024\/10\/IMG_7306.jpg","datePublished":"2024-10-28T16:00:51+00:00","dateModified":"2024-10-28T17:56:13+00:00","description":"Gran Premio de M\u00e9xico: Un motor que impulsa la econom\u00eda nacional","breadcrumb":{"@id":"https:\/\/www.nexoinformativo.mx\/index.php\/2024\/10\/28\/gran-premio-de-mexico-un-motor-que-impulsa-la-economia-nacional\/#breadcrumb"},"inLanguage":"es","potentialAction":[{"@type":"ReadAction","target":["https:\/\/www.nexoinformativo.mx\/index.php\/2024\/10\/28\/gran-premio-de-mexico-un-motor-que-impulsa-la-economia-nacional\/"]}]},{"@type":"ImageObject","inLanguage":"es","@id":"https:\/\/www.nexoinformativo.mx\/index.php\/2024\/10\/28\/gran-premio-de-mexico-un-motor-que-impulsa-la-economia-nacional\/#primaryimage","url":"https:\/\/www.nexoinformativo.mx\/wp-content\/uploads\/2024\/10\/IMG_7306.jpg","contentUrl":"https:\/\/www.nexoinformativo.mx\/wp-content\/uploads\/2024\/10\/IMG_7306.jpg","width":650,"height":380},{"@type":"BreadcrumbList","@id":"https:\/\/www.nexoinformativo.mx\/index.php\/2024\/10\/28\/gran-premio-de-mexico-un-motor-que-impulsa-la-economia-nacional\/#breadcrumb","itemListElement":[{"@type":"ListItem","position":1,"name":"Inicio","item":"https:\/\/www.nexoinformativo.mx\/"},{"@type":"ListItem","position":2,"name":"Gran Premio de M\u00e9xico: Un motor que impulsa la econom\u00eda nacional"}]},{"@type":"WebSite","@id":"https:\/\/www.nexoinformativo.mx\/#website","url":"https:\/\/www.nexoinformativo.mx\/","name":"Nexo Informativo Santiago de Quer\u00e9taro","description":"Explora NexoInformativo y convi\u00e9rtete en parte de una comunidad que valora el conocimiento y la verdad. Tu nexoinformativo es tu puente hacia una comprensi\u00f3n m\u00e1s profunda del mundo que te rodea.","publisher":{"@id":"https:\/\/www.nexoinformativo.mx\/#organization"},"potentialAction":[{"@type":"SearchAction","target":{"@type":"EntryPoint","urlTemplate":"https:\/\/www.nexoinformativo.mx\/?s={search_term_string}"},"query-input":{"@type":"PropertyValueSpecification","valueRequired":true,"valueName":"search_term_string"}}],"inLanguage":"es"},{"@type":"Organization","@id":"https:\/\/www.nexoinformativo.mx\/#organization","name":"Nexo Informativo Santiago de Quer\u00e9taro","url":"https:\/\/www.nexoinformativo.mx\/","logo":{"@type":"ImageObject","inLanguage":"es","@id":"https:\/\/www.nexoinformativo.mx\/#\/schema\/logo\/image\/","url":"https:\/\/www.nexoinformativo.mx\/wp-content\/uploads\/2024\/07\/nexoi-trasparente-2.png","contentUrl":"https:\/\/www.nexoinformativo.mx\/wp-content\/uploads\/2024\/07\/nexoi-trasparente-2.png","width":816,"height":339,"caption":"Nexo Informativo Santiago de Quer\u00e9taro"},"image":{"@id":"https:\/\/www.nexoinformativo.mx\/#\/schema\/logo\/image\/"},"sameAs":["https:\/\/www.facebook.com\/people\/Nexo-Informativo\/61564066885511\/"]},{"@type":"Person","@id":"https:\/\/www.nexoinformativo.mx\/#\/schema\/person\/7749d380ba08c8ca00d7bc76fd907b7d","name":"Nexo Informativo","image":{"@type":"ImageObject","inLanguage":"es","@id":"https:\/\/www.nexoinformativo.mx\/#\/schema\/person\/image\/","url":"https:\/\/secure.gravatar.com\/avatar\/dde2928154642a13d95f87ddf1ea9718fe2b46760a005c53e41ff5ad610704e6?s=96&d=mm&r=g","contentUrl":"https:\/\/secure.gravatar.com\/avatar\/dde2928154642a13d95f87ddf1ea9718fe2b46760a005c53e41ff5ad610704e6?s=96&d=mm&r=g","caption":"Nexo Informativo"},"url":"https:\/\/www.nexoinformativo.mx\/index.php\/author\/edicion\/"}]}},"_links":{"self":[{"href":"https:\/\/www.nexoinformativo.mx\/index.php\/wp-json\/wp\/v2\/posts\/4701","targetHints":{"allow":["GET"]}}],"collection":[{"href":"https:\/\/www.nexoinformativo.mx\/index.php\/wp-json\/wp\/v2\/posts"}],"about":[{"href":"https:\/\/www.nexoinformativo.mx\/index.php\/wp-json\/wp\/v2\/types\/post"}],"author":[{"embeddable":true,"href":"https:\/\/www.nexoinformativo.mx\/index.php\/wp-json\/wp\/v2\/users\/3"}],"replies":[{"embeddable":true,"href":"https:\/\/www.nexoinformativo.mx\/index.php\/wp-json\/wp\/v2\/comments?post=4701"}],"version-history":[{"count":4,"href":"https:\/\/www.nexoinformativo.mx\/index.php\/wp-json\/wp\/v2\/posts\/4701\/revisions"}],"predecessor-version":[{"id":4706,"href":"https:\/\/www.nexoinformativo.mx\/index.php\/wp-json\/wp\/v2\/posts\/4701\/revisions\/4706"}],"wp:featuredmedia":[{"embeddable":true,"href":"https:\/\/www.nexoinformativo.mx\/index.php\/wp-json\/wp\/v2\/media\/4702"}],"wp:attachment":[{"href":"https:\/\/www.nexoinformativo.mx\/index.php\/wp-json\/wp\/v2\/media?parent=4701"}],"wp:term":[{"taxonomy":"category","embeddable":true,"href":"https:\/\/www.nexoinformativo.mx\/index.php\/wp-json\/wp\/v2\/categories?post=4701"},{"taxonomy":"post_tag","embeddable":true,"href":"https:\/\/www.nexoinformativo.mx\/index.php\/wp-json\/wp\/v2\/tags?post=4701"}],"curies":[{"name":"wp","href":"https:\/\/api.w.org\/{rel}","templated":true}]}}