{"id":4707,"date":"2024-10-28T10:30:02","date_gmt":"2024-10-28T16:30:02","guid":{"rendered":"https:\/\/www.nexoinformativo.mx\/?p=4707"},"modified":"2024-10-28T12:11:48","modified_gmt":"2024-10-28T18:11:48","slug":"ieeq-presenta-proyeccion-de-financiamiento-publico-para-partidos-politicos-en-2025","status":"publish","type":"post","link":"https:\/\/www.nexoinformativo.mx\/index.php\/2024\/10\/28\/ieeq-presenta-proyeccion-de-financiamiento-publico-para-partidos-politicos-en-2025\/","title":{"rendered":"IEEQ presenta proyecci\u00f3n de financiamiento p\u00fablico para Partidos Pol\u00edticos en 2025"},"content":{"rendered":"<p style=\"text-align: justify;\">La Comisi\u00f3n de Organizaci\u00f3n Electoral, Prerrogativas y Partidos Pol\u00edticos del Instituto Electoral del Estado de Quer\u00e9taro (IEEQ) ha presentado la proyecci\u00f3n del financiamiento p\u00fablico para los partidos pol\u00edticos correspondiente al a\u00f1o 2025.<\/p>\n<p>&nbsp;<\/p>\n<p style=\"text-align: justify;\">Esta proyecci\u00f3n contempla un total de $139,128,383.67, que se distribuir\u00e1 entre las diferentes fuerzas pol\u00edticas seg\u00fan los resultados de las elecciones pasadas. La distribuci\u00f3n del financiamiento p\u00fablico para 2025 se detalla de la siguiente manera:<\/p>\n<p>&nbsp;<\/p>\n<p style=\"text-align: justify;\">El Partido Acci\u00f3n Nacional (PAN) recibir\u00e1 $45,154,291.70; el Partido Revolucionario Institucional (PRI) obtendr\u00e1 $14,339,914.04; Movimiento Ciudadano (MC) recibir\u00e1 $13,208,648.25; el Partido Verde Ecologista de M\u00e9xico (PVEM) contar\u00e1 con $13,690,945.07; Morena ser\u00e1 asignado $42,349,108.74; y el Partido del Trabajo (PT) recibir\u00e1 $10,385,475.84.<\/p>\n<p>&nbsp;<\/p>\n<p style=\"text-align: justify;\">Karla Isabel Olvera, presidenta de la Comisi\u00f3n, destac\u00f3 que esta proyecci\u00f3n es un ejercicio preliminar que requiere la aprobaci\u00f3n del Consejo General. El objetivo de la Comisi\u00f3n es asegurar que los partidos pol\u00edticos comprendan los criterios y procedimientos utilizados para determinar el financiamiento p\u00fablico.<\/p>\n<p>&nbsp;<\/p>\n<p style=\"text-align: justify;\">Por su parte, Diana Jazm\u00edn S\u00e1nchez, coordinadora de Prerrogativas y Partidos Pol\u00edticos, aclar\u00f3 que las cifras podr\u00edan variar debido a deducciones que resulten de sanciones impuestas a los partidos por \u00f3rganos jurisdiccionales en materia electoral. Adem\u00e1s, enfatiz\u00f3 que solo los partidos que obtuvieron al menos el 3% de la votaci\u00f3n v\u00e1lida en la \u00faltima elecci\u00f3n de diputaciones de mayor\u00eda relativa tienen derecho a financiamiento p\u00fablico.<\/p>\n<p>&nbsp;<\/p>\n<p style=\"text-align: justify;\">La distribuci\u00f3n del financiamiento se realiza de la siguiente forma: el 70% se asigna de manera igualitaria entre los partidos, mientras que el 30% restante se distribuye de manera proporcional a la votaci\u00f3n obtenida en la \u00faltima elecci\u00f3n de diputaciones locales por el principio de mayor\u00eda relativa. La presentaci\u00f3n tambi\u00e9n incluy\u00f3 informaci\u00f3n sobre el marco normativo aplicable, las caracter\u00edsticas del financiamiento p\u00fablico y las reglas para su c\u00e1lculo y proyecci\u00f3n.<\/p>\n<p>&nbsp;<\/p>\n<p style=\"text-align: center;\"><em><strong>\u00a1Informaci\u00f3n que transforma!<\/strong><\/em><\/p>\n","protected":false},"excerpt":{"rendered":"<p>La Comisi\u00f3n de Organizaci\u00f3n Electoral, Prerrogativas y Partidos Pol\u00edticos del Instituto Electoral del Estado de Quer\u00e9taro (IEEQ) ha presentado la proyecci\u00f3n del financiamiento p\u00fablico para los partidos pol\u00edticos correspondiente al a\u00f1o 2025.<\/p>\n","protected":false},"author":3,"featured_media":4711,"comment_status":"open","ping_status":"open","sticky":false,"template":"","format":"standard","meta":{"footnotes":""},"categories":[42,58],"tags":[1688,552,1689,133],"class_list":["post-4707","post","type-post","status-publish","format-standard","has-post-thumbnail","hentry","category-estado","category-ultima-hora","tag-financiamientopartidario","tag-ieeq","tag-politica2025","tag-queretaro"],"yoast_head":"<!-- This site is optimized with the Yoast SEO plugin v25.0 - https:\/\/yoast.com\/wordpress\/plugins\/seo\/ -->\n<title>IEEQ presenta proyecci\u00f3n de financiamiento p\u00fablico para Partidos Pol\u00edticos en 2025 | Nexo Informativo Santiago de Quer\u00e9taro<\/title>\n<meta name=\"description\" content=\"IEEQ Presenta Proyecci\u00f3n de Financiamiento P\u00fablico para Partidos Pol\u00edticos en 2025\" \/>\n<meta name=\"robots\" content=\"index, follow, max-snippet:-1, max-image-preview:large, max-video-preview:-1\" \/>\n<link rel=\"canonical\" href=\"https:\/\/www.nexoinformativo.mx\/index.php\/2024\/10\/28\/ieeq-presenta-proyeccion-de-financiamiento-publico-para-partidos-politicos-en-2025\/\" \/>\n<meta property=\"og:locale\" content=\"es_MX\" \/>\n<meta property=\"og:type\" content=\"article\" \/>\n<meta property=\"og:title\" content=\"IEEQ presenta proyecci\u00f3n de financiamiento p\u00fablico para Partidos Pol\u00edticos en 2025 | Nexo Informativo Santiago de Quer\u00e9taro\" \/>\n<meta property=\"og:description\" content=\"IEEQ Presenta Proyecci\u00f3n de Financiamiento P\u00fablico para Partidos Pol\u00edticos en 2025\" \/>\n<meta property=\"og:url\" content=\"https:\/\/www.nexoinformativo.mx\/index.php\/2024\/10\/28\/ieeq-presenta-proyeccion-de-financiamiento-publico-para-partidos-politicos-en-2025\/\" \/>\n<meta property=\"og:site_name\" content=\"Nexo Informativo Santiago de Quer\u00e9taro\" \/>\n<meta property=\"article:publisher\" content=\"https:\/\/www.facebook.com\/people\/Nexo-Informativo\/61564066885511\/\" \/>\n<meta property=\"article:published_time\" content=\"2024-10-28T16:30:02+00:00\" \/>\n<meta property=\"article:modified_time\" content=\"2024-10-28T18:11:48+00:00\" \/>\n<meta property=\"og:image\" content=\"https:\/\/www.nexoinformativo.mx\/wp-content\/uploads\/2024\/10\/PHOTO-2024-10-28-11-09-48-e1730139099953.jpg\" \/>\n\t<meta property=\"og:image:width\" content=\"800\" \/>\n\t<meta property=\"og:image:height\" content=\"374\" \/>\n\t<meta property=\"og:image:type\" content=\"image\/jpeg\" \/>\n<meta name=\"author\" content=\"Nexo Informativo\" \/>\n<meta name=\"twitter:card\" content=\"summary_large_image\" \/>\n<meta name=\"twitter:label1\" content=\"Escrito por\" \/>\n\t<meta name=\"twitter:data1\" content=\"Nexo Informativo\" \/>\n\t<meta name=\"twitter:label2\" content=\"Tiempo de lectura\" \/>\n\t<meta name=\"twitter:data2\" content=\"2 minutos\" \/>\n<script type=\"application\/ld+json\" class=\"yoast-schema-graph\">{\"@context\":\"https:\/\/schema.org\",\"@graph\":[{\"@type\":\"Article\",\"@id\":\"https:\/\/www.nexoinformativo.mx\/index.php\/2024\/10\/28\/ieeq-presenta-proyeccion-de-financiamiento-publico-para-partidos-politicos-en-2025\/#article\",\"isPartOf\":{\"@id\":\"https:\/\/www.nexoinformativo.mx\/index.php\/2024\/10\/28\/ieeq-presenta-proyeccion-de-financiamiento-publico-para-partidos-politicos-en-2025\/\"},\"author\":{\"name\":\"Nexo Informativo\",\"@id\":\"https:\/\/www.nexoinformativo.mx\/#\/schema\/person\/7749d380ba08c8ca00d7bc76fd907b7d\"},\"headline\":\"IEEQ presenta proyecci\u00f3n de financiamiento p\u00fablico para Partidos Pol\u00edticos en 2025\",\"datePublished\":\"2024-10-28T16:30:02+00:00\",\"dateModified\":\"2024-10-28T18:11:48+00:00\",\"mainEntityOfPage\":{\"@id\":\"https:\/\/www.nexoinformativo.mx\/index.php\/2024\/10\/28\/ieeq-presenta-proyeccion-de-financiamiento-publico-para-partidos-politicos-en-2025\/\"},\"wordCount\":340,\"commentCount\":0,\"publisher\":{\"@id\":\"https:\/\/www.nexoinformativo.mx\/#organization\"},\"image\":{\"@id\":\"https:\/\/www.nexoinformativo.mx\/index.php\/2024\/10\/28\/ieeq-presenta-proyeccion-de-financiamiento-publico-para-partidos-politicos-en-2025\/#primaryimage\"},\"thumbnailUrl\":\"https:\/\/www.nexoinformativo.mx\/wp-content\/uploads\/2024\/10\/PHOTO-2024-10-28-11-09-48-e1730139099953.jpg\",\"keywords\":[\"FinanciamientoPartidario\",\"IEEQ\",\"Pol\u00edtica2025\",\"Quer\u00e9taro\"],\"articleSection\":[\"Estado\",\"\u00daltima Hora\"],\"inLanguage\":\"es\",\"potentialAction\":[{\"@type\":\"CommentAction\",\"name\":\"Comment\",\"target\":[\"https:\/\/www.nexoinformativo.mx\/index.php\/2024\/10\/28\/ieeq-presenta-proyeccion-de-financiamiento-publico-para-partidos-politicos-en-2025\/#respond\"]}]},{\"@type\":\"WebPage\",\"@id\":\"https:\/\/www.nexoinformativo.mx\/index.php\/2024\/10\/28\/ieeq-presenta-proyeccion-de-financiamiento-publico-para-partidos-politicos-en-2025\/\",\"url\":\"https:\/\/www.nexoinformativo.mx\/index.php\/2024\/10\/28\/ieeq-presenta-proyeccion-de-financiamiento-publico-para-partidos-politicos-en-2025\/\",\"name\":\"IEEQ presenta proyecci\u00f3n de financiamiento p\u00fablico para Partidos Pol\u00edticos en 2025 | Nexo Informativo Santiago de Quer\u00e9taro\",\"isPartOf\":{\"@id\":\"https:\/\/www.nexoinformativo.mx\/#website\"},\"primaryImageOfPage\":{\"@id\":\"https:\/\/www.nexoinformativo.mx\/index.php\/2024\/10\/28\/ieeq-presenta-proyeccion-de-financiamiento-publico-para-partidos-politicos-en-2025\/#primaryimage\"},\"image\":{\"@id\":\"https:\/\/www.nexoinformativo.mx\/index.php\/2024\/10\/28\/ieeq-presenta-proyeccion-de-financiamiento-publico-para-partidos-politicos-en-2025\/#primaryimage\"},\"thumbnailUrl\":\"https:\/\/www.nexoinformativo.mx\/wp-content\/uploads\/2024\/10\/PHOTO-2024-10-28-11-09-48-e1730139099953.jpg\",\"datePublished\":\"2024-10-28T16:30:02+00:00\",\"dateModified\":\"2024-10-28T18:11:48+00:00\",\"description\":\"IEEQ Presenta Proyecci\u00f3n de Financiamiento P\u00fablico para Partidos Pol\u00edticos en 2025\",\"breadcrumb\":{\"@id\":\"https:\/\/www.nexoinformativo.mx\/index.php\/2024\/10\/28\/ieeq-presenta-proyeccion-de-financiamiento-publico-para-partidos-politicos-en-2025\/#breadcrumb\"},\"inLanguage\":\"es\",\"potentialAction\":[{\"@type\":\"ReadAction\",\"target\":[\"https:\/\/www.nexoinformativo.mx\/index.php\/2024\/10\/28\/ieeq-presenta-proyeccion-de-financiamiento-publico-para-partidos-politicos-en-2025\/\"]}]},{\"@type\":\"ImageObject\",\"inLanguage\":\"es\",\"@id\":\"https:\/\/www.nexoinformativo.mx\/index.php\/2024\/10\/28\/ieeq-presenta-proyeccion-de-financiamiento-publico-para-partidos-politicos-en-2025\/#primaryimage\",\"url\":\"https:\/\/www.nexoinformativo.mx\/wp-content\/uploads\/2024\/10\/PHOTO-2024-10-28-11-09-48-e1730139099953.jpg\",\"contentUrl\":\"https:\/\/www.nexoinformativo.mx\/wp-content\/uploads\/2024\/10\/PHOTO-2024-10-28-11-09-48-e1730139099953.jpg\",\"width\":800,\"height\":374},{\"@type\":\"BreadcrumbList\",\"@id\":\"https:\/\/www.nexoinformativo.mx\/index.php\/2024\/10\/28\/ieeq-presenta-proyeccion-de-financiamiento-publico-para-partidos-politicos-en-2025\/#breadcrumb\",\"itemListElement\":[{\"@type\":\"ListItem\",\"position\":1,\"name\":\"Inicio\",\"item\":\"https:\/\/www.nexoinformativo.mx\/\"},{\"@type\":\"ListItem\",\"position\":2,\"name\":\"IEEQ presenta proyecci\u00f3n de financiamiento p\u00fablico para Partidos Pol\u00edticos en 2025\"}]},{\"@type\":\"WebSite\",\"@id\":\"https:\/\/www.nexoinformativo.mx\/#website\",\"url\":\"https:\/\/www.nexoinformativo.mx\/\",\"name\":\"Nexo Informativo Santiago de Quer\u00e9taro\",\"description\":\"Explora NexoInformativo y convi\u00e9rtete en parte de una comunidad que valora el conocimiento y la verdad. Tu nexoinformativo es tu puente hacia una comprensi\u00f3n m\u00e1s profunda del mundo que te rodea.\",\"publisher\":{\"@id\":\"https:\/\/www.nexoinformativo.mx\/#organization\"},\"potentialAction\":[{\"@type\":\"SearchAction\",\"target\":{\"@type\":\"EntryPoint\",\"urlTemplate\":\"https:\/\/www.nexoinformativo.mx\/?s={search_term_string}\"},\"query-input\":{\"@type\":\"PropertyValueSpecification\",\"valueRequired\":true,\"valueName\":\"search_term_string\"}}],\"inLanguage\":\"es\"},{\"@type\":\"Organization\",\"@id\":\"https:\/\/www.nexoinformativo.mx\/#organization\",\"name\":\"Nexo Informativo Santiago de Quer\u00e9taro\",\"url\":\"https:\/\/www.nexoinformativo.mx\/\",\"logo\":{\"@type\":\"ImageObject\",\"inLanguage\":\"es\",\"@id\":\"https:\/\/www.nexoinformativo.mx\/#\/schema\/logo\/image\/\",\"url\":\"https:\/\/www.nexoinformativo.mx\/wp-content\/uploads\/2024\/07\/nexoi-trasparente-2.png\",\"contentUrl\":\"https:\/\/www.nexoinformativo.mx\/wp-content\/uploads\/2024\/07\/nexoi-trasparente-2.png\",\"width\":816,\"height\":339,\"caption\":\"Nexo Informativo Santiago de Quer\u00e9taro\"},\"image\":{\"@id\":\"https:\/\/www.nexoinformativo.mx\/#\/schema\/logo\/image\/\"},\"sameAs\":[\"https:\/\/www.facebook.com\/people\/Nexo-Informativo\/61564066885511\/\"]},{\"@type\":\"Person\",\"@id\":\"https:\/\/www.nexoinformativo.mx\/#\/schema\/person\/7749d380ba08c8ca00d7bc76fd907b7d\",\"name\":\"Nexo Informativo\",\"image\":{\"@type\":\"ImageObject\",\"inLanguage\":\"es\",\"@id\":\"https:\/\/www.nexoinformativo.mx\/#\/schema\/person\/image\/\",\"url\":\"https:\/\/secure.gravatar.com\/avatar\/dde2928154642a13d95f87ddf1ea9718fe2b46760a005c53e41ff5ad610704e6?s=96&d=mm&r=g\",\"contentUrl\":\"https:\/\/secure.gravatar.com\/avatar\/dde2928154642a13d95f87ddf1ea9718fe2b46760a005c53e41ff5ad610704e6?s=96&d=mm&r=g\",\"caption\":\"Nexo Informativo\"},\"url\":\"https:\/\/www.nexoinformativo.mx\/index.php\/author\/edicion\/\"}]}<\/script>\n<!-- \/ Yoast SEO plugin. -->","yoast_head_json":{"title":"IEEQ presenta proyecci\u00f3n de financiamiento p\u00fablico para Partidos Pol\u00edticos en 2025 | Nexo Informativo Santiago de Quer\u00e9taro","description":"IEEQ Presenta Proyecci\u00f3n de Financiamiento P\u00fablico para Partidos Pol\u00edticos en 2025","robots":{"index":"index","follow":"follow","max-snippet":"max-snippet:-1","max-image-preview":"max-image-preview:large","max-video-preview":"max-video-preview:-1"},"canonical":"https:\/\/www.nexoinformativo.mx\/index.php\/2024\/10\/28\/ieeq-presenta-proyeccion-de-financiamiento-publico-para-partidos-politicos-en-2025\/","og_locale":"es_MX","og_type":"article","og_title":"IEEQ presenta proyecci\u00f3n de financiamiento p\u00fablico para Partidos Pol\u00edticos en 2025 | Nexo Informativo Santiago de Quer\u00e9taro","og_description":"IEEQ Presenta Proyecci\u00f3n de Financiamiento P\u00fablico para Partidos Pol\u00edticos en 2025","og_url":"https:\/\/www.nexoinformativo.mx\/index.php\/2024\/10\/28\/ieeq-presenta-proyeccion-de-financiamiento-publico-para-partidos-politicos-en-2025\/","og_site_name":"Nexo Informativo Santiago de Quer\u00e9taro","article_publisher":"https:\/\/www.facebook.com\/people\/Nexo-Informativo\/61564066885511\/","article_published_time":"2024-10-28T16:30:02+00:00","article_modified_time":"2024-10-28T18:11:48+00:00","og_image":[{"width":800,"height":374,"url":"https:\/\/www.nexoinformativo.mx\/wp-content\/uploads\/2024\/10\/PHOTO-2024-10-28-11-09-48-e1730139099953.jpg","type":"image\/jpeg"}],"author":"Nexo Informativo","twitter_card":"summary_large_image","twitter_misc":{"Escrito por":"Nexo Informativo","Tiempo de lectura":"2 minutos"},"schema":{"@context":"https:\/\/schema.org","@graph":[{"@type":"Article","@id":"https:\/\/www.nexoinformativo.mx\/index.php\/2024\/10\/28\/ieeq-presenta-proyeccion-de-financiamiento-publico-para-partidos-politicos-en-2025\/#article","isPartOf":{"@id":"https:\/\/www.nexoinformativo.mx\/index.php\/2024\/10\/28\/ieeq-presenta-proyeccion-de-financiamiento-publico-para-partidos-politicos-en-2025\/"},"author":{"name":"Nexo Informativo","@id":"https:\/\/www.nexoinformativo.mx\/#\/schema\/person\/7749d380ba08c8ca00d7bc76fd907b7d"},"headline":"IEEQ presenta proyecci\u00f3n de financiamiento p\u00fablico para Partidos Pol\u00edticos en 2025","datePublished":"2024-10-28T16:30:02+00:00","dateModified":"2024-10-28T18:11:48+00:00","mainEntityOfPage":{"@id":"https:\/\/www.nexoinformativo.mx\/index.php\/2024\/10\/28\/ieeq-presenta-proyeccion-de-financiamiento-publico-para-partidos-politicos-en-2025\/"},"wordCount":340,"commentCount":0,"publisher":{"@id":"https:\/\/www.nexoinformativo.mx\/#organization"},"image":{"@id":"https:\/\/www.nexoinformativo.mx\/index.php\/2024\/10\/28\/ieeq-presenta-proyeccion-de-financiamiento-publico-para-partidos-politicos-en-2025\/#primaryimage"},"thumbnailUrl":"https:\/\/www.nexoinformativo.mx\/wp-content\/uploads\/2024\/10\/PHOTO-2024-10-28-11-09-48-e1730139099953.jpg","keywords":["FinanciamientoPartidario","IEEQ","Pol\u00edtica2025","Quer\u00e9taro"],"articleSection":["Estado","\u00daltima Hora"],"inLanguage":"es","potentialAction":[{"@type":"CommentAction","name":"Comment","target":["https:\/\/www.nexoinformativo.mx\/index.php\/2024\/10\/28\/ieeq-presenta-proyeccion-de-financiamiento-publico-para-partidos-politicos-en-2025\/#respond"]}]},{"@type":"WebPage","@id":"https:\/\/www.nexoinformativo.mx\/index.php\/2024\/10\/28\/ieeq-presenta-proyeccion-de-financiamiento-publico-para-partidos-politicos-en-2025\/","url":"https:\/\/www.nexoinformativo.mx\/index.php\/2024\/10\/28\/ieeq-presenta-proyeccion-de-financiamiento-publico-para-partidos-politicos-en-2025\/","name":"IEEQ presenta proyecci\u00f3n de financiamiento p\u00fablico para Partidos Pol\u00edticos en 2025 | Nexo Informativo Santiago de Quer\u00e9taro","isPartOf":{"@id":"https:\/\/www.nexoinformativo.mx\/#website"},"primaryImageOfPage":{"@id":"https:\/\/www.nexoinformativo.mx\/index.php\/2024\/10\/28\/ieeq-presenta-proyeccion-de-financiamiento-publico-para-partidos-politicos-en-2025\/#primaryimage"},"image":{"@id":"https:\/\/www.nexoinformativo.mx\/index.php\/2024\/10\/28\/ieeq-presenta-proyeccion-de-financiamiento-publico-para-partidos-politicos-en-2025\/#primaryimage"},"thumbnailUrl":"https:\/\/www.nexoinformativo.mx\/wp-content\/uploads\/2024\/10\/PHOTO-2024-10-28-11-09-48-e1730139099953.jpg","datePublished":"2024-10-28T16:30:02+00:00","dateModified":"2024-10-28T18:11:48+00:00","description":"IEEQ Presenta Proyecci\u00f3n de Financiamiento P\u00fablico para Partidos Pol\u00edticos en 2025","breadcrumb":{"@id":"https:\/\/www.nexoinformativo.mx\/index.php\/2024\/10\/28\/ieeq-presenta-proyeccion-de-financiamiento-publico-para-partidos-politicos-en-2025\/#breadcrumb"},"inLanguage":"es","potentialAction":[{"@type":"ReadAction","target":["https:\/\/www.nexoinformativo.mx\/index.php\/2024\/10\/28\/ieeq-presenta-proyeccion-de-financiamiento-publico-para-partidos-politicos-en-2025\/"]}]},{"@type":"ImageObject","inLanguage":"es","@id":"https:\/\/www.nexoinformativo.mx\/index.php\/2024\/10\/28\/ieeq-presenta-proyeccion-de-financiamiento-publico-para-partidos-politicos-en-2025\/#primaryimage","url":"https:\/\/www.nexoinformativo.mx\/wp-content\/uploads\/2024\/10\/PHOTO-2024-10-28-11-09-48-e1730139099953.jpg","contentUrl":"https:\/\/www.nexoinformativo.mx\/wp-content\/uploads\/2024\/10\/PHOTO-2024-10-28-11-09-48-e1730139099953.jpg","width":800,"height":374},{"@type":"BreadcrumbList","@id":"https:\/\/www.nexoinformativo.mx\/index.php\/2024\/10\/28\/ieeq-presenta-proyeccion-de-financiamiento-publico-para-partidos-politicos-en-2025\/#breadcrumb","itemListElement":[{"@type":"ListItem","position":1,"name":"Inicio","item":"https:\/\/www.nexoinformativo.mx\/"},{"@type":"ListItem","position":2,"name":"IEEQ presenta proyecci\u00f3n de financiamiento p\u00fablico para Partidos Pol\u00edticos en 2025"}]},{"@type":"WebSite","@id":"https:\/\/www.nexoinformativo.mx\/#website","url":"https:\/\/www.nexoinformativo.mx\/","name":"Nexo Informativo Santiago de Quer\u00e9taro","description":"Explora NexoInformativo y convi\u00e9rtete en parte de una comunidad que valora el conocimiento y la verdad. Tu nexoinformativo es tu puente hacia una comprensi\u00f3n m\u00e1s profunda del mundo que te rodea.","publisher":{"@id":"https:\/\/www.nexoinformativo.mx\/#organization"},"potentialAction":[{"@type":"SearchAction","target":{"@type":"EntryPoint","urlTemplate":"https:\/\/www.nexoinformativo.mx\/?s={search_term_string}"},"query-input":{"@type":"PropertyValueSpecification","valueRequired":true,"valueName":"search_term_string"}}],"inLanguage":"es"},{"@type":"Organization","@id":"https:\/\/www.nexoinformativo.mx\/#organization","name":"Nexo Informativo Santiago de Quer\u00e9taro","url":"https:\/\/www.nexoinformativo.mx\/","logo":{"@type":"ImageObject","inLanguage":"es","@id":"https:\/\/www.nexoinformativo.mx\/#\/schema\/logo\/image\/","url":"https:\/\/www.nexoinformativo.mx\/wp-content\/uploads\/2024\/07\/nexoi-trasparente-2.png","contentUrl":"https:\/\/www.nexoinformativo.mx\/wp-content\/uploads\/2024\/07\/nexoi-trasparente-2.png","width":816,"height":339,"caption":"Nexo Informativo Santiago de Quer\u00e9taro"},"image":{"@id":"https:\/\/www.nexoinformativo.mx\/#\/schema\/logo\/image\/"},"sameAs":["https:\/\/www.facebook.com\/people\/Nexo-Informativo\/61564066885511\/"]},{"@type":"Person","@id":"https:\/\/www.nexoinformativo.mx\/#\/schema\/person\/7749d380ba08c8ca00d7bc76fd907b7d","name":"Nexo Informativo","image":{"@type":"ImageObject","inLanguage":"es","@id":"https:\/\/www.nexoinformativo.mx\/#\/schema\/person\/image\/","url":"https:\/\/secure.gravatar.com\/avatar\/dde2928154642a13d95f87ddf1ea9718fe2b46760a005c53e41ff5ad610704e6?s=96&d=mm&r=g","contentUrl":"https:\/\/secure.gravatar.com\/avatar\/dde2928154642a13d95f87ddf1ea9718fe2b46760a005c53e41ff5ad610704e6?s=96&d=mm&r=g","caption":"Nexo Informativo"},"url":"https:\/\/www.nexoinformativo.mx\/index.php\/author\/edicion\/"}]}},"_links":{"self":[{"href":"https:\/\/www.nexoinformativo.mx\/index.php\/wp-json\/wp\/v2\/posts\/4707","targetHints":{"allow":["GET"]}}],"collection":[{"href":"https:\/\/www.nexoinformativo.mx\/index.php\/wp-json\/wp\/v2\/posts"}],"about":[{"href":"https:\/\/www.nexoinformativo.mx\/index.php\/wp-json\/wp\/v2\/types\/post"}],"author":[{"embeddable":true,"href":"https:\/\/www.nexoinformativo.mx\/index.php\/wp-json\/wp\/v2\/users\/3"}],"replies":[{"embeddable":true,"href":"https:\/\/www.nexoinformativo.mx\/index.php\/wp-json\/wp\/v2\/comments?post=4707"}],"version-history":[{"count":3,"href":"https:\/\/www.nexoinformativo.mx\/index.php\/wp-json\/wp\/v2\/posts\/4707\/revisions"}],"predecessor-version":[{"id":4710,"href":"https:\/\/www.nexoinformativo.mx\/index.php\/wp-json\/wp\/v2\/posts\/4707\/revisions\/4710"}],"wp:featuredmedia":[{"embeddable":true,"href":"https:\/\/www.nexoinformativo.mx\/index.php\/wp-json\/wp\/v2\/media\/4711"}],"wp:attachment":[{"href":"https:\/\/www.nexoinformativo.mx\/index.php\/wp-json\/wp\/v2\/media?parent=4707"}],"wp:term":[{"taxonomy":"category","embeddable":true,"href":"https:\/\/www.nexoinformativo.mx\/index.php\/wp-json\/wp\/v2\/categories?post=4707"},{"taxonomy":"post_tag","embeddable":true,"href":"https:\/\/www.nexoinformativo.mx\/index.php\/wp-json\/wp\/v2\/tags?post=4707"}],"curies":[{"name":"wp","href":"https:\/\/api.w.org\/{rel}","templated":true}]}}