{"id":4712,"date":"2024-10-28T11:00:51","date_gmt":"2024-10-28T17:00:51","guid":{"rendered":"https:\/\/www.nexoinformativo.mx\/?p=4712"},"modified":"2024-10-28T12:20:11","modified_gmt":"2024-10-28T18:20:11","slug":"mauricio-kuri-ofrece-alternativas-a-comerciantes-inconformes-tras-retiro-del-centro-historico","status":"publish","type":"post","link":"https:\/\/www.nexoinformativo.mx\/index.php\/2024\/10\/28\/mauricio-kuri-ofrece-alternativas-a-comerciantes-inconformes-tras-retiro-del-centro-historico\/","title":{"rendered":"Mauricio Kuri ofrece alternativas a comerciantes inconformes tras retiro del Centro Hist\u00f3rico"},"content":{"rendered":"<p style=\"text-align: justify;\">El gobernador de Quer\u00e9taro, Mauricio Kuri, anunci\u00f3 que el gobierno municipal ha presentado alternativas para los comerciantes de la v\u00eda p\u00fablica que fueron retirados del Centro Hist\u00f3rico el pasado viernes. Kuri respald\u00f3 la estrategia de ordenamiento del comercio implementada por el gobierno municipal, enfatizando que el objetivo es poner orden en el sector.<\/p>\n<p>&nbsp;<\/p>\n<p style=\"text-align: justify;\">El mandatario estatal subray\u00f3 la importancia de ofrecer oportunidades a estos comerciantes para que puedan vender sus productos de manera formal. &#8220;<strong>Es crucial darles un espacio, ya lo hizo el municipio, para que puedan vender de manera formal y buscar la forma de que puedan pagar impuestos&#8221;<\/strong>, declar\u00f3 Kuri.<\/p>\n<p>&nbsp;<\/p>\n<p style=\"text-align: justify;\">Tambi\u00e9n coment\u00f3 que es necesario impulsar la regularizaci\u00f3n y formalizaci\u00f3n del comercio informal, que representa alrededor del 60% de las ventas en M\u00e9xico. &#8220;<strong>La mejor forma de combatir la informalidad es apoyando la formalidad, haciendo m\u00e1s f\u00e1cil ser un comercio formal&#8221;<\/strong>, explic\u00f3.<\/p>\n<p>&nbsp;<\/p>\n<p style=\"text-align: justify;\">El gobernador tambi\u00e9n mencion\u00f3 que, si los diputados de Morena deciden modificar la ley para permitir el comercio en la v\u00eda p\u00fablica sin restricciones, el Poder Ejecutivo respetar\u00e1 la normativa, aunque record\u00f3 que actualmente no existe un marco normativo que lo permita.<\/p>\n<p>&nbsp;<\/p>\n<p style=\"text-align: center;\"><em><strong>\u00a1Informaci\u00f3n que transforma!<\/strong><\/em><\/p>\n","protected":false},"excerpt":{"rendered":"<p>El gobernador de Quer\u00e9taro, Mauricio Kuri, anunci\u00f3 que el gobierno municipal ha presentado alternativas para los comerciantes de la v\u00eda p\u00fablica que fueron retirados del Centro Hist\u00f3rico el pasado viernes<\/p>\n","protected":false},"author":3,"featured_media":4713,"comment_status":"open","ping_status":"open","sticky":false,"template":"","format":"standard","meta":{"footnotes":""},"categories":[42,58],"tags":[1691,1690,661,133],"class_list":["post-4712","post","type-post","status-publish","format-standard","has-post-thumbnail","hentry","category-estado","category-ultima-hora","tag-comerciante","tag-comercioformal","tag-mauriciokuri","tag-queretaro"],"yoast_head":"<!-- This site is optimized with the Yoast SEO plugin v25.0 - https:\/\/yoast.com\/wordpress\/plugins\/seo\/ -->\n<title>Mauricio Kuri ofrece alternativas a comerciantes inconformes tras retiro del Centro Hist\u00f3rico | Nexo Informativo Santiago de Quer\u00e9taro<\/title>\n<meta name=\"description\" content=\"Mauricio Kuri ofrece alternativas a comerciantes inconformes tras retiro del Centro Hist\u00f3rico\" \/>\n<meta name=\"robots\" content=\"index, follow, max-snippet:-1, max-image-preview:large, max-video-preview:-1\" \/>\n<link rel=\"canonical\" href=\"https:\/\/www.nexoinformativo.mx\/index.php\/2024\/10\/28\/mauricio-kuri-ofrece-alternativas-a-comerciantes-inconformes-tras-retiro-del-centro-historico\/\" \/>\n<meta property=\"og:locale\" content=\"es_MX\" \/>\n<meta property=\"og:type\" content=\"article\" \/>\n<meta property=\"og:title\" content=\"Mauricio Kuri ofrece alternativas a comerciantes inconformes tras retiro del Centro Hist\u00f3rico | Nexo Informativo Santiago de Quer\u00e9taro\" \/>\n<meta property=\"og:description\" content=\"Mauricio Kuri ofrece alternativas a comerciantes inconformes tras retiro del Centro Hist\u00f3rico\" \/>\n<meta property=\"og:url\" content=\"https:\/\/www.nexoinformativo.mx\/index.php\/2024\/10\/28\/mauricio-kuri-ofrece-alternativas-a-comerciantes-inconformes-tras-retiro-del-centro-historico\/\" \/>\n<meta property=\"og:site_name\" content=\"Nexo Informativo Santiago de Quer\u00e9taro\" \/>\n<meta property=\"article:publisher\" content=\"https:\/\/www.facebook.com\/people\/Nexo-Informativo\/61564066885511\/\" \/>\n<meta property=\"article:published_time\" content=\"2024-10-28T17:00:51+00:00\" \/>\n<meta property=\"article:modified_time\" content=\"2024-10-28T18:20:11+00:00\" \/>\n<meta property=\"og:image\" content=\"https:\/\/www.nexoinformativo.mx\/wp-content\/uploads\/2024\/10\/PHOTO-2024-10-28-11-20-01-e1730139561268.jpg\" \/>\n\t<meta property=\"og:image:width\" content=\"800\" \/>\n\t<meta property=\"og:image:height\" content=\"600\" \/>\n\t<meta property=\"og:image:type\" content=\"image\/jpeg\" \/>\n<meta name=\"author\" content=\"Nexo Informativo\" \/>\n<meta name=\"twitter:card\" content=\"summary_large_image\" \/>\n<meta name=\"twitter:label1\" content=\"Escrito por\" \/>\n\t<meta name=\"twitter:data1\" content=\"Nexo Informativo\" \/>\n\t<meta name=\"twitter:label2\" content=\"Tiempo de lectura\" \/>\n\t<meta name=\"twitter:data2\" content=\"2 minutos\" \/>\n<script type=\"application\/ld+json\" class=\"yoast-schema-graph\">{\"@context\":\"https:\/\/schema.org\",\"@graph\":[{\"@type\":\"Article\",\"@id\":\"https:\/\/www.nexoinformativo.mx\/index.php\/2024\/10\/28\/mauricio-kuri-ofrece-alternativas-a-comerciantes-inconformes-tras-retiro-del-centro-historico\/#article\",\"isPartOf\":{\"@id\":\"https:\/\/www.nexoinformativo.mx\/index.php\/2024\/10\/28\/mauricio-kuri-ofrece-alternativas-a-comerciantes-inconformes-tras-retiro-del-centro-historico\/\"},\"author\":{\"name\":\"Nexo Informativo\",\"@id\":\"https:\/\/www.nexoinformativo.mx\/#\/schema\/person\/7749d380ba08c8ca00d7bc76fd907b7d\"},\"headline\":\"Mauricio Kuri ofrece alternativas a comerciantes inconformes tras retiro del Centro Hist\u00f3rico\",\"datePublished\":\"2024-10-28T17:00:51+00:00\",\"dateModified\":\"2024-10-28T18:20:11+00:00\",\"mainEntityOfPage\":{\"@id\":\"https:\/\/www.nexoinformativo.mx\/index.php\/2024\/10\/28\/mauricio-kuri-ofrece-alternativas-a-comerciantes-inconformes-tras-retiro-del-centro-historico\/\"},\"wordCount\":219,\"commentCount\":0,\"publisher\":{\"@id\":\"https:\/\/www.nexoinformativo.mx\/#organization\"},\"image\":{\"@id\":\"https:\/\/www.nexoinformativo.mx\/index.php\/2024\/10\/28\/mauricio-kuri-ofrece-alternativas-a-comerciantes-inconformes-tras-retiro-del-centro-historico\/#primaryimage\"},\"thumbnailUrl\":\"https:\/\/www.nexoinformativo.mx\/wp-content\/uploads\/2024\/10\/PHOTO-2024-10-28-11-20-01-e1730139561268.jpg\",\"keywords\":[\"Comerciante\",\"ComercioFormal\",\"MauricioKuri\",\"Quer\u00e9taro\"],\"articleSection\":[\"Estado\",\"\u00daltima Hora\"],\"inLanguage\":\"es\",\"potentialAction\":[{\"@type\":\"CommentAction\",\"name\":\"Comment\",\"target\":[\"https:\/\/www.nexoinformativo.mx\/index.php\/2024\/10\/28\/mauricio-kuri-ofrece-alternativas-a-comerciantes-inconformes-tras-retiro-del-centro-historico\/#respond\"]}]},{\"@type\":\"WebPage\",\"@id\":\"https:\/\/www.nexoinformativo.mx\/index.php\/2024\/10\/28\/mauricio-kuri-ofrece-alternativas-a-comerciantes-inconformes-tras-retiro-del-centro-historico\/\",\"url\":\"https:\/\/www.nexoinformativo.mx\/index.php\/2024\/10\/28\/mauricio-kuri-ofrece-alternativas-a-comerciantes-inconformes-tras-retiro-del-centro-historico\/\",\"name\":\"Mauricio Kuri ofrece alternativas a comerciantes inconformes tras retiro del Centro Hist\u00f3rico | Nexo Informativo Santiago de Quer\u00e9taro\",\"isPartOf\":{\"@id\":\"https:\/\/www.nexoinformativo.mx\/#website\"},\"primaryImageOfPage\":{\"@id\":\"https:\/\/www.nexoinformativo.mx\/index.php\/2024\/10\/28\/mauricio-kuri-ofrece-alternativas-a-comerciantes-inconformes-tras-retiro-del-centro-historico\/#primaryimage\"},\"image\":{\"@id\":\"https:\/\/www.nexoinformativo.mx\/index.php\/2024\/10\/28\/mauricio-kuri-ofrece-alternativas-a-comerciantes-inconformes-tras-retiro-del-centro-historico\/#primaryimage\"},\"thumbnailUrl\":\"https:\/\/www.nexoinformativo.mx\/wp-content\/uploads\/2024\/10\/PHOTO-2024-10-28-11-20-01-e1730139561268.jpg\",\"datePublished\":\"2024-10-28T17:00:51+00:00\",\"dateModified\":\"2024-10-28T18:20:11+00:00\",\"description\":\"Mauricio Kuri ofrece alternativas a comerciantes inconformes tras retiro del Centro Hist\u00f3rico\",\"breadcrumb\":{\"@id\":\"https:\/\/www.nexoinformativo.mx\/index.php\/2024\/10\/28\/mauricio-kuri-ofrece-alternativas-a-comerciantes-inconformes-tras-retiro-del-centro-historico\/#breadcrumb\"},\"inLanguage\":\"es\",\"potentialAction\":[{\"@type\":\"ReadAction\",\"target\":[\"https:\/\/www.nexoinformativo.mx\/index.php\/2024\/10\/28\/mauricio-kuri-ofrece-alternativas-a-comerciantes-inconformes-tras-retiro-del-centro-historico\/\"]}]},{\"@type\":\"ImageObject\",\"inLanguage\":\"es\",\"@id\":\"https:\/\/www.nexoinformativo.mx\/index.php\/2024\/10\/28\/mauricio-kuri-ofrece-alternativas-a-comerciantes-inconformes-tras-retiro-del-centro-historico\/#primaryimage\",\"url\":\"https:\/\/www.nexoinformativo.mx\/wp-content\/uploads\/2024\/10\/PHOTO-2024-10-28-11-20-01-e1730139561268.jpg\",\"contentUrl\":\"https:\/\/www.nexoinformativo.mx\/wp-content\/uploads\/2024\/10\/PHOTO-2024-10-28-11-20-01-e1730139561268.jpg\",\"width\":800,\"height\":600},{\"@type\":\"BreadcrumbList\",\"@id\":\"https:\/\/www.nexoinformativo.mx\/index.php\/2024\/10\/28\/mauricio-kuri-ofrece-alternativas-a-comerciantes-inconformes-tras-retiro-del-centro-historico\/#breadcrumb\",\"itemListElement\":[{\"@type\":\"ListItem\",\"position\":1,\"name\":\"Inicio\",\"item\":\"https:\/\/www.nexoinformativo.mx\/\"},{\"@type\":\"ListItem\",\"position\":2,\"name\":\"Mauricio Kuri ofrece alternativas a comerciantes inconformes tras retiro del Centro Hist\u00f3rico\"}]},{\"@type\":\"WebSite\",\"@id\":\"https:\/\/www.nexoinformativo.mx\/#website\",\"url\":\"https:\/\/www.nexoinformativo.mx\/\",\"name\":\"Nexo Informativo Santiago de Quer\u00e9taro\",\"description\":\"Explora NexoInformativo y convi\u00e9rtete en parte de una comunidad que valora el conocimiento y la verdad. Tu nexoinformativo es tu puente hacia una comprensi\u00f3n m\u00e1s profunda del mundo que te rodea.\",\"publisher\":{\"@id\":\"https:\/\/www.nexoinformativo.mx\/#organization\"},\"potentialAction\":[{\"@type\":\"SearchAction\",\"target\":{\"@type\":\"EntryPoint\",\"urlTemplate\":\"https:\/\/www.nexoinformativo.mx\/?s={search_term_string}\"},\"query-input\":{\"@type\":\"PropertyValueSpecification\",\"valueRequired\":true,\"valueName\":\"search_term_string\"}}],\"inLanguage\":\"es\"},{\"@type\":\"Organization\",\"@id\":\"https:\/\/www.nexoinformativo.mx\/#organization\",\"name\":\"Nexo Informativo Santiago de Quer\u00e9taro\",\"url\":\"https:\/\/www.nexoinformativo.mx\/\",\"logo\":{\"@type\":\"ImageObject\",\"inLanguage\":\"es\",\"@id\":\"https:\/\/www.nexoinformativo.mx\/#\/schema\/logo\/image\/\",\"url\":\"https:\/\/www.nexoinformativo.mx\/wp-content\/uploads\/2024\/07\/nexoi-trasparente-2.png\",\"contentUrl\":\"https:\/\/www.nexoinformativo.mx\/wp-content\/uploads\/2024\/07\/nexoi-trasparente-2.png\",\"width\":816,\"height\":339,\"caption\":\"Nexo Informativo Santiago de Quer\u00e9taro\"},\"image\":{\"@id\":\"https:\/\/www.nexoinformativo.mx\/#\/schema\/logo\/image\/\"},\"sameAs\":[\"https:\/\/www.facebook.com\/people\/Nexo-Informativo\/61564066885511\/\"]},{\"@type\":\"Person\",\"@id\":\"https:\/\/www.nexoinformativo.mx\/#\/schema\/person\/7749d380ba08c8ca00d7bc76fd907b7d\",\"name\":\"Nexo Informativo\",\"image\":{\"@type\":\"ImageObject\",\"inLanguage\":\"es\",\"@id\":\"https:\/\/www.nexoinformativo.mx\/#\/schema\/person\/image\/\",\"url\":\"https:\/\/secure.gravatar.com\/avatar\/dde2928154642a13d95f87ddf1ea9718fe2b46760a005c53e41ff5ad610704e6?s=96&d=mm&r=g\",\"contentUrl\":\"https:\/\/secure.gravatar.com\/avatar\/dde2928154642a13d95f87ddf1ea9718fe2b46760a005c53e41ff5ad610704e6?s=96&d=mm&r=g\",\"caption\":\"Nexo Informativo\"},\"url\":\"https:\/\/www.nexoinformativo.mx\/index.php\/author\/edicion\/\"}]}<\/script>\n<!-- \/ Yoast SEO plugin. -->","yoast_head_json":{"title":"Mauricio Kuri ofrece alternativas a comerciantes inconformes tras retiro del Centro Hist\u00f3rico | Nexo Informativo Santiago de Quer\u00e9taro","description":"Mauricio Kuri ofrece alternativas a comerciantes inconformes tras retiro del Centro Hist\u00f3rico","robots":{"index":"index","follow":"follow","max-snippet":"max-snippet:-1","max-image-preview":"max-image-preview:large","max-video-preview":"max-video-preview:-1"},"canonical":"https:\/\/www.nexoinformativo.mx\/index.php\/2024\/10\/28\/mauricio-kuri-ofrece-alternativas-a-comerciantes-inconformes-tras-retiro-del-centro-historico\/","og_locale":"es_MX","og_type":"article","og_title":"Mauricio Kuri ofrece alternativas a comerciantes inconformes tras retiro del Centro Hist\u00f3rico | Nexo Informativo Santiago de Quer\u00e9taro","og_description":"Mauricio Kuri ofrece alternativas a comerciantes inconformes tras retiro del Centro Hist\u00f3rico","og_url":"https:\/\/www.nexoinformativo.mx\/index.php\/2024\/10\/28\/mauricio-kuri-ofrece-alternativas-a-comerciantes-inconformes-tras-retiro-del-centro-historico\/","og_site_name":"Nexo Informativo Santiago de Quer\u00e9taro","article_publisher":"https:\/\/www.facebook.com\/people\/Nexo-Informativo\/61564066885511\/","article_published_time":"2024-10-28T17:00:51+00:00","article_modified_time":"2024-10-28T18:20:11+00:00","og_image":[{"width":800,"height":600,"url":"https:\/\/www.nexoinformativo.mx\/wp-content\/uploads\/2024\/10\/PHOTO-2024-10-28-11-20-01-e1730139561268.jpg","type":"image\/jpeg"}],"author":"Nexo Informativo","twitter_card":"summary_large_image","twitter_misc":{"Escrito por":"Nexo Informativo","Tiempo de lectura":"2 minutos"},"schema":{"@context":"https:\/\/schema.org","@graph":[{"@type":"Article","@id":"https:\/\/www.nexoinformativo.mx\/index.php\/2024\/10\/28\/mauricio-kuri-ofrece-alternativas-a-comerciantes-inconformes-tras-retiro-del-centro-historico\/#article","isPartOf":{"@id":"https:\/\/www.nexoinformativo.mx\/index.php\/2024\/10\/28\/mauricio-kuri-ofrece-alternativas-a-comerciantes-inconformes-tras-retiro-del-centro-historico\/"},"author":{"name":"Nexo Informativo","@id":"https:\/\/www.nexoinformativo.mx\/#\/schema\/person\/7749d380ba08c8ca00d7bc76fd907b7d"},"headline":"Mauricio Kuri ofrece alternativas a comerciantes inconformes tras retiro del Centro Hist\u00f3rico","datePublished":"2024-10-28T17:00:51+00:00","dateModified":"2024-10-28T18:20:11+00:00","mainEntityOfPage":{"@id":"https:\/\/www.nexoinformativo.mx\/index.php\/2024\/10\/28\/mauricio-kuri-ofrece-alternativas-a-comerciantes-inconformes-tras-retiro-del-centro-historico\/"},"wordCount":219,"commentCount":0,"publisher":{"@id":"https:\/\/www.nexoinformativo.mx\/#organization"},"image":{"@id":"https:\/\/www.nexoinformativo.mx\/index.php\/2024\/10\/28\/mauricio-kuri-ofrece-alternativas-a-comerciantes-inconformes-tras-retiro-del-centro-historico\/#primaryimage"},"thumbnailUrl":"https:\/\/www.nexoinformativo.mx\/wp-content\/uploads\/2024\/10\/PHOTO-2024-10-28-11-20-01-e1730139561268.jpg","keywords":["Comerciante","ComercioFormal","MauricioKuri","Quer\u00e9taro"],"articleSection":["Estado","\u00daltima Hora"],"inLanguage":"es","potentialAction":[{"@type":"CommentAction","name":"Comment","target":["https:\/\/www.nexoinformativo.mx\/index.php\/2024\/10\/28\/mauricio-kuri-ofrece-alternativas-a-comerciantes-inconformes-tras-retiro-del-centro-historico\/#respond"]}]},{"@type":"WebPage","@id":"https:\/\/www.nexoinformativo.mx\/index.php\/2024\/10\/28\/mauricio-kuri-ofrece-alternativas-a-comerciantes-inconformes-tras-retiro-del-centro-historico\/","url":"https:\/\/www.nexoinformativo.mx\/index.php\/2024\/10\/28\/mauricio-kuri-ofrece-alternativas-a-comerciantes-inconformes-tras-retiro-del-centro-historico\/","name":"Mauricio Kuri ofrece alternativas a comerciantes inconformes tras retiro del Centro Hist\u00f3rico | Nexo Informativo Santiago de Quer\u00e9taro","isPartOf":{"@id":"https:\/\/www.nexoinformativo.mx\/#website"},"primaryImageOfPage":{"@id":"https:\/\/www.nexoinformativo.mx\/index.php\/2024\/10\/28\/mauricio-kuri-ofrece-alternativas-a-comerciantes-inconformes-tras-retiro-del-centro-historico\/#primaryimage"},"image":{"@id":"https:\/\/www.nexoinformativo.mx\/index.php\/2024\/10\/28\/mauricio-kuri-ofrece-alternativas-a-comerciantes-inconformes-tras-retiro-del-centro-historico\/#primaryimage"},"thumbnailUrl":"https:\/\/www.nexoinformativo.mx\/wp-content\/uploads\/2024\/10\/PHOTO-2024-10-28-11-20-01-e1730139561268.jpg","datePublished":"2024-10-28T17:00:51+00:00","dateModified":"2024-10-28T18:20:11+00:00","description":"Mauricio Kuri ofrece alternativas a comerciantes inconformes tras retiro del Centro Hist\u00f3rico","breadcrumb":{"@id":"https:\/\/www.nexoinformativo.mx\/index.php\/2024\/10\/28\/mauricio-kuri-ofrece-alternativas-a-comerciantes-inconformes-tras-retiro-del-centro-historico\/#breadcrumb"},"inLanguage":"es","potentialAction":[{"@type":"ReadAction","target":["https:\/\/www.nexoinformativo.mx\/index.php\/2024\/10\/28\/mauricio-kuri-ofrece-alternativas-a-comerciantes-inconformes-tras-retiro-del-centro-historico\/"]}]},{"@type":"ImageObject","inLanguage":"es","@id":"https:\/\/www.nexoinformativo.mx\/index.php\/2024\/10\/28\/mauricio-kuri-ofrece-alternativas-a-comerciantes-inconformes-tras-retiro-del-centro-historico\/#primaryimage","url":"https:\/\/www.nexoinformativo.mx\/wp-content\/uploads\/2024\/10\/PHOTO-2024-10-28-11-20-01-e1730139561268.jpg","contentUrl":"https:\/\/www.nexoinformativo.mx\/wp-content\/uploads\/2024\/10\/PHOTO-2024-10-28-11-20-01-e1730139561268.jpg","width":800,"height":600},{"@type":"BreadcrumbList","@id":"https:\/\/www.nexoinformativo.mx\/index.php\/2024\/10\/28\/mauricio-kuri-ofrece-alternativas-a-comerciantes-inconformes-tras-retiro-del-centro-historico\/#breadcrumb","itemListElement":[{"@type":"ListItem","position":1,"name":"Inicio","item":"https:\/\/www.nexoinformativo.mx\/"},{"@type":"ListItem","position":2,"name":"Mauricio Kuri ofrece alternativas a comerciantes inconformes tras retiro del Centro Hist\u00f3rico"}]},{"@type":"WebSite","@id":"https:\/\/www.nexoinformativo.mx\/#website","url":"https:\/\/www.nexoinformativo.mx\/","name":"Nexo Informativo Santiago de Quer\u00e9taro","description":"Explora NexoInformativo y convi\u00e9rtete en parte de una comunidad que valora el conocimiento y la verdad. Tu nexoinformativo es tu puente hacia una comprensi\u00f3n m\u00e1s profunda del mundo que te rodea.","publisher":{"@id":"https:\/\/www.nexoinformativo.mx\/#organization"},"potentialAction":[{"@type":"SearchAction","target":{"@type":"EntryPoint","urlTemplate":"https:\/\/www.nexoinformativo.mx\/?s={search_term_string}"},"query-input":{"@type":"PropertyValueSpecification","valueRequired":true,"valueName":"search_term_string"}}],"inLanguage":"es"},{"@type":"Organization","@id":"https:\/\/www.nexoinformativo.mx\/#organization","name":"Nexo Informativo Santiago de Quer\u00e9taro","url":"https:\/\/www.nexoinformativo.mx\/","logo":{"@type":"ImageObject","inLanguage":"es","@id":"https:\/\/www.nexoinformativo.mx\/#\/schema\/logo\/image\/","url":"https:\/\/www.nexoinformativo.mx\/wp-content\/uploads\/2024\/07\/nexoi-trasparente-2.png","contentUrl":"https:\/\/www.nexoinformativo.mx\/wp-content\/uploads\/2024\/07\/nexoi-trasparente-2.png","width":816,"height":339,"caption":"Nexo Informativo Santiago de Quer\u00e9taro"},"image":{"@id":"https:\/\/www.nexoinformativo.mx\/#\/schema\/logo\/image\/"},"sameAs":["https:\/\/www.facebook.com\/people\/Nexo-Informativo\/61564066885511\/"]},{"@type":"Person","@id":"https:\/\/www.nexoinformativo.mx\/#\/schema\/person\/7749d380ba08c8ca00d7bc76fd907b7d","name":"Nexo Informativo","image":{"@type":"ImageObject","inLanguage":"es","@id":"https:\/\/www.nexoinformativo.mx\/#\/schema\/person\/image\/","url":"https:\/\/secure.gravatar.com\/avatar\/dde2928154642a13d95f87ddf1ea9718fe2b46760a005c53e41ff5ad610704e6?s=96&d=mm&r=g","contentUrl":"https:\/\/secure.gravatar.com\/avatar\/dde2928154642a13d95f87ddf1ea9718fe2b46760a005c53e41ff5ad610704e6?s=96&d=mm&r=g","caption":"Nexo Informativo"},"url":"https:\/\/www.nexoinformativo.mx\/index.php\/author\/edicion\/"}]}},"_links":{"self":[{"href":"https:\/\/www.nexoinformativo.mx\/index.php\/wp-json\/wp\/v2\/posts\/4712","targetHints":{"allow":["GET"]}}],"collection":[{"href":"https:\/\/www.nexoinformativo.mx\/index.php\/wp-json\/wp\/v2\/posts"}],"about":[{"href":"https:\/\/www.nexoinformativo.mx\/index.php\/wp-json\/wp\/v2\/types\/post"}],"author":[{"embeddable":true,"href":"https:\/\/www.nexoinformativo.mx\/index.php\/wp-json\/wp\/v2\/users\/3"}],"replies":[{"embeddable":true,"href":"https:\/\/www.nexoinformativo.mx\/index.php\/wp-json\/wp\/v2\/comments?post=4712"}],"version-history":[{"count":4,"href":"https:\/\/www.nexoinformativo.mx\/index.php\/wp-json\/wp\/v2\/posts\/4712\/revisions"}],"predecessor-version":[{"id":4717,"href":"https:\/\/www.nexoinformativo.mx\/index.php\/wp-json\/wp\/v2\/posts\/4712\/revisions\/4717"}],"wp:featuredmedia":[{"embeddable":true,"href":"https:\/\/www.nexoinformativo.mx\/index.php\/wp-json\/wp\/v2\/media\/4713"}],"wp:attachment":[{"href":"https:\/\/www.nexoinformativo.mx\/index.php\/wp-json\/wp\/v2\/media?parent=4712"}],"wp:term":[{"taxonomy":"category","embeddable":true,"href":"https:\/\/www.nexoinformativo.mx\/index.php\/wp-json\/wp\/v2\/categories?post=4712"},{"taxonomy":"post_tag","embeddable":true,"href":"https:\/\/www.nexoinformativo.mx\/index.php\/wp-json\/wp\/v2\/tags?post=4712"}],"curies":[{"name":"wp","href":"https:\/\/api.w.org\/{rel}","templated":true}]}}