{"id":4718,"date":"2024-10-28T11:30:29","date_gmt":"2024-10-28T17:30:29","guid":{"rendered":"https:\/\/www.nexoinformativo.mx\/?p=4718"},"modified":"2024-10-28T13:24:34","modified_gmt":"2024-10-28T19:24:34","slug":"acapulco-se-levanta-inicia-nueva-etapa-de-recuperacion-turistica","status":"publish","type":"post","link":"https:\/\/www.nexoinformativo.mx\/index.php\/2024\/10\/28\/acapulco-se-levanta-inicia-nueva-etapa-de-recuperacion-turistica\/","title":{"rendered":"Acapulco se levanta: Inicia nueva etapa de recuperaci\u00f3n tur\u00edstica"},"content":{"rendered":"<p style=\"text-align: justify;\" data-sourcepos=\"5:1-5:369\">Tras los devastadores efectos del hurac\u00e1n John, Acapulco inicia una nueva etapa de reconstrucci\u00f3n y reactivaci\u00f3n tur\u00edstica. La Presidenta de M\u00e9xico, Claudia Sheinbaum, anunci\u00f3 el programa <strong><em>\u201cAcapulco se Transforma Contigo\u201d<\/em><\/strong>, el cual tiene como objetivo recuperar el esplendor del puerto y mejorar la calidad de vida de sus habitantes.<\/p>\n<p>&nbsp;<\/p>\n<p style=\"text-align: justify;\" data-sourcepos=\"9:1-9:168\">El gobierno federal, en coordinaci\u00f3n con las autoridades estatales y municipales, ha puesto en marcha una estrategia integral que se centrar\u00e1 en cinco ejes principales:<\/p>\n<p>&nbsp;<\/p>\n<ol style=\"text-align: justify;\" data-sourcepos=\"11:1-16:0\">\n<li data-sourcepos=\"11:1-11:167\"><strong>Infraestructura y servicios p\u00fablicos:<\/strong> Se realizar\u00e1n obras de rehabilitaci\u00f3n de infraestructura da\u00f1ada por el hurac\u00e1n, as\u00ed como mejoras en los servicios b\u00e1sicos.<\/li>\n<li data-sourcepos=\"12:1-12:121\"><strong>Seguridad:<\/strong> Se fortalecer\u00e1n las acciones para garantizar la seguridad de los turistas y los habitantes de Acapulco.<\/li>\n<li data-sourcepos=\"13:1-13:155\"><strong>Transporte y movilidad:<\/strong> Se implementar\u00e1n soluciones para mejorar la movilidad en la ciudad y facilitar el acceso a los diferentes puntos tur\u00edsticos.<\/li>\n<li data-sourcepos=\"14:1-14:146\"><strong>Regeneraci\u00f3n tur\u00edstica y hotelera:<\/strong> Se impulsar\u00e1n acciones para reactivar la actividad tur\u00edstica y mejorar la calidad de la oferta hotelera.<\/li>\n<\/ol>\n<p style=\"text-align: justify;\"><strong>Estrategias para Acapulco Renace:<\/strong> Se desarrollar\u00e1n programas para impulsar la econom\u00eda local y generar empleos.<\/p>\n<p>&nbsp;<\/p>\n<p style=\"text-align: justify;\" data-sourcepos=\"19:1-19:227\">A pesar de los desaf\u00edos, Acapulco ya muestra signos de recuperaci\u00f3n. La ocupaci\u00f3n hotelera ha alcanzado el 40% y se han organizado eventos de gran relevancia como el Major Premier Padel y conciertos de artistas internacionales.<\/p>\n<p>&nbsp;<\/p>\n<p style=\"text-align: justify;\" data-sourcepos=\"21:1-21:193\">El Subsecretario de Turismo, Sebasti\u00e1n Ram\u00edrez Mendoza, destac\u00f3 que esta nueva etapa representa una oportunidad para transformar a Acapulco en un destino tur\u00edstico m\u00e1s sostenible y competitivo.<\/p>\n<p>&nbsp;<\/p>\n<p style=\"text-align: center;\" data-sourcepos=\"21:1-21:193\"><em><strong>\u00a1Informaci\u00f3n que transforma!<\/strong><\/em><\/p>\n","protected":false},"excerpt":{"rendered":"<p>Tras los devastadores efectos del hurac\u00e1n John, Acapulco inicia una nueva etapa de reconstrucci\u00f3n y reactivaci\u00f3n tur\u00edstica. La Presidenta de M\u00e9xico, Claudia Sheinbaum, anunci\u00f3 el programa \u201cAcapulco se Transforma Contigo\u201d.<\/p>\n","protected":false},"author":3,"featured_media":4719,"comment_status":"open","ping_status":"open","sticky":false,"template":"","format":"standard","meta":{"footnotes":""},"categories":[5,88],"tags":[1692,1610,1694,1693],"class_list":["post-4718","post","type-post","status-publish","format-standard","has-post-thumbnail","hentry","category-economia","category-nacional","tag-acapulcosetransforma","tag-mexico","tag-reconstruccion","tag-recuperacionturistica"],"yoast_head":"<!-- This site is optimized with the Yoast SEO plugin v25.0 - https:\/\/yoast.com\/wordpress\/plugins\/seo\/ -->\n<title>Acapulco se levanta: Inicia nueva etapa de recuperaci\u00f3n tur\u00edstica | Nexo Informativo Santiago de Quer\u00e9taro<\/title>\n<meta name=\"description\" content=\"Acapulco se levanta: Inicia nueva etapa de recuperaci\u00f3n tur\u00edstica\" \/>\n<meta name=\"robots\" content=\"index, follow, max-snippet:-1, max-image-preview:large, max-video-preview:-1\" \/>\n<link rel=\"canonical\" href=\"https:\/\/www.nexoinformativo.mx\/index.php\/2024\/10\/28\/acapulco-se-levanta-inicia-nueva-etapa-de-recuperacion-turistica\/\" \/>\n<meta property=\"og:locale\" content=\"es_MX\" \/>\n<meta property=\"og:type\" content=\"article\" \/>\n<meta property=\"og:title\" content=\"Acapulco se levanta: Inicia nueva etapa de recuperaci\u00f3n tur\u00edstica | Nexo Informativo Santiago de Quer\u00e9taro\" \/>\n<meta property=\"og:description\" content=\"Acapulco se levanta: Inicia nueva etapa de recuperaci\u00f3n tur\u00edstica\" \/>\n<meta property=\"og:url\" content=\"https:\/\/www.nexoinformativo.mx\/index.php\/2024\/10\/28\/acapulco-se-levanta-inicia-nueva-etapa-de-recuperacion-turistica\/\" \/>\n<meta property=\"og:site_name\" content=\"Nexo Informativo Santiago de Quer\u00e9taro\" \/>\n<meta property=\"article:publisher\" content=\"https:\/\/www.facebook.com\/people\/Nexo-Informativo\/61564066885511\/\" \/>\n<meta property=\"article:published_time\" content=\"2024-10-28T17:30:29+00:00\" \/>\n<meta property=\"article:modified_time\" content=\"2024-10-28T19:24:34+00:00\" \/>\n<meta property=\"og:image\" content=\"https:\/\/www.nexoinformativo.mx\/wp-content\/uploads\/2024\/10\/IMG_7307.jpg\" \/>\n\t<meta property=\"og:image:width\" content=\"565\" \/>\n\t<meta property=\"og:image:height\" content=\"332\" \/>\n\t<meta property=\"og:image:type\" content=\"image\/jpeg\" \/>\n<meta name=\"author\" content=\"Nexo Informativo\" \/>\n<meta name=\"twitter:card\" content=\"summary_large_image\" \/>\n<meta name=\"twitter:label1\" content=\"Escrito por\" \/>\n\t<meta name=\"twitter:data1\" content=\"Nexo Informativo\" \/>\n\t<meta name=\"twitter:label2\" content=\"Tiempo de lectura\" \/>\n\t<meta name=\"twitter:data2\" content=\"2 minutos\" \/>\n<script type=\"application\/ld+json\" class=\"yoast-schema-graph\">{\"@context\":\"https:\/\/schema.org\",\"@graph\":[{\"@type\":\"Article\",\"@id\":\"https:\/\/www.nexoinformativo.mx\/index.php\/2024\/10\/28\/acapulco-se-levanta-inicia-nueva-etapa-de-recuperacion-turistica\/#article\",\"isPartOf\":{\"@id\":\"https:\/\/www.nexoinformativo.mx\/index.php\/2024\/10\/28\/acapulco-se-levanta-inicia-nueva-etapa-de-recuperacion-turistica\/\"},\"author\":{\"name\":\"Nexo Informativo\",\"@id\":\"https:\/\/www.nexoinformativo.mx\/#\/schema\/person\/7749d380ba08c8ca00d7bc76fd907b7d\"},\"headline\":\"Acapulco se levanta: Inicia nueva etapa de recuperaci\u00f3n tur\u00edstica\",\"datePublished\":\"2024-10-28T17:30:29+00:00\",\"dateModified\":\"2024-10-28T19:24:34+00:00\",\"mainEntityOfPage\":{\"@id\":\"https:\/\/www.nexoinformativo.mx\/index.php\/2024\/10\/28\/acapulco-se-levanta-inicia-nueva-etapa-de-recuperacion-turistica\/\"},\"wordCount\":280,\"commentCount\":0,\"publisher\":{\"@id\":\"https:\/\/www.nexoinformativo.mx\/#organization\"},\"image\":{\"@id\":\"https:\/\/www.nexoinformativo.mx\/index.php\/2024\/10\/28\/acapulco-se-levanta-inicia-nueva-etapa-de-recuperacion-turistica\/#primaryimage\"},\"thumbnailUrl\":\"https:\/\/www.nexoinformativo.mx\/wp-content\/uploads\/2024\/10\/IMG_7307.jpg\",\"keywords\":[\"AcapulcoSeTransforma\",\"M\u00e9xico\",\"Reconstrucci\u00f3n\",\"Recuperaci\u00f3nTur\u00edstica\"],\"articleSection\":[\"Econom\u00eda\",\"Nacional\"],\"inLanguage\":\"es\",\"potentialAction\":[{\"@type\":\"CommentAction\",\"name\":\"Comment\",\"target\":[\"https:\/\/www.nexoinformativo.mx\/index.php\/2024\/10\/28\/acapulco-se-levanta-inicia-nueva-etapa-de-recuperacion-turistica\/#respond\"]}]},{\"@type\":\"WebPage\",\"@id\":\"https:\/\/www.nexoinformativo.mx\/index.php\/2024\/10\/28\/acapulco-se-levanta-inicia-nueva-etapa-de-recuperacion-turistica\/\",\"url\":\"https:\/\/www.nexoinformativo.mx\/index.php\/2024\/10\/28\/acapulco-se-levanta-inicia-nueva-etapa-de-recuperacion-turistica\/\",\"name\":\"Acapulco se levanta: Inicia nueva etapa de recuperaci\u00f3n tur\u00edstica | Nexo Informativo Santiago de Quer\u00e9taro\",\"isPartOf\":{\"@id\":\"https:\/\/www.nexoinformativo.mx\/#website\"},\"primaryImageOfPage\":{\"@id\":\"https:\/\/www.nexoinformativo.mx\/index.php\/2024\/10\/28\/acapulco-se-levanta-inicia-nueva-etapa-de-recuperacion-turistica\/#primaryimage\"},\"image\":{\"@id\":\"https:\/\/www.nexoinformativo.mx\/index.php\/2024\/10\/28\/acapulco-se-levanta-inicia-nueva-etapa-de-recuperacion-turistica\/#primaryimage\"},\"thumbnailUrl\":\"https:\/\/www.nexoinformativo.mx\/wp-content\/uploads\/2024\/10\/IMG_7307.jpg\",\"datePublished\":\"2024-10-28T17:30:29+00:00\",\"dateModified\":\"2024-10-28T19:24:34+00:00\",\"description\":\"Acapulco se levanta: Inicia nueva etapa de recuperaci\u00f3n tur\u00edstica\",\"breadcrumb\":{\"@id\":\"https:\/\/www.nexoinformativo.mx\/index.php\/2024\/10\/28\/acapulco-se-levanta-inicia-nueva-etapa-de-recuperacion-turistica\/#breadcrumb\"},\"inLanguage\":\"es\",\"potentialAction\":[{\"@type\":\"ReadAction\",\"target\":[\"https:\/\/www.nexoinformativo.mx\/index.php\/2024\/10\/28\/acapulco-se-levanta-inicia-nueva-etapa-de-recuperacion-turistica\/\"]}]},{\"@type\":\"ImageObject\",\"inLanguage\":\"es\",\"@id\":\"https:\/\/www.nexoinformativo.mx\/index.php\/2024\/10\/28\/acapulco-se-levanta-inicia-nueva-etapa-de-recuperacion-turistica\/#primaryimage\",\"url\":\"https:\/\/www.nexoinformativo.mx\/wp-content\/uploads\/2024\/10\/IMG_7307.jpg\",\"contentUrl\":\"https:\/\/www.nexoinformativo.mx\/wp-content\/uploads\/2024\/10\/IMG_7307.jpg\",\"width\":565,\"height\":332},{\"@type\":\"BreadcrumbList\",\"@id\":\"https:\/\/www.nexoinformativo.mx\/index.php\/2024\/10\/28\/acapulco-se-levanta-inicia-nueva-etapa-de-recuperacion-turistica\/#breadcrumb\",\"itemListElement\":[{\"@type\":\"ListItem\",\"position\":1,\"name\":\"Inicio\",\"item\":\"https:\/\/www.nexoinformativo.mx\/\"},{\"@type\":\"ListItem\",\"position\":2,\"name\":\"Acapulco se levanta: Inicia nueva etapa de recuperaci\u00f3n tur\u00edstica\"}]},{\"@type\":\"WebSite\",\"@id\":\"https:\/\/www.nexoinformativo.mx\/#website\",\"url\":\"https:\/\/www.nexoinformativo.mx\/\",\"name\":\"Nexo Informativo Santiago de Quer\u00e9taro\",\"description\":\"Explora NexoInformativo y convi\u00e9rtete en parte de una comunidad que valora el conocimiento y la verdad. Tu nexoinformativo es tu puente hacia una comprensi\u00f3n m\u00e1s profunda del mundo que te rodea.\",\"publisher\":{\"@id\":\"https:\/\/www.nexoinformativo.mx\/#organization\"},\"potentialAction\":[{\"@type\":\"SearchAction\",\"target\":{\"@type\":\"EntryPoint\",\"urlTemplate\":\"https:\/\/www.nexoinformativo.mx\/?s={search_term_string}\"},\"query-input\":{\"@type\":\"PropertyValueSpecification\",\"valueRequired\":true,\"valueName\":\"search_term_string\"}}],\"inLanguage\":\"es\"},{\"@type\":\"Organization\",\"@id\":\"https:\/\/www.nexoinformativo.mx\/#organization\",\"name\":\"Nexo Informativo Santiago de Quer\u00e9taro\",\"url\":\"https:\/\/www.nexoinformativo.mx\/\",\"logo\":{\"@type\":\"ImageObject\",\"inLanguage\":\"es\",\"@id\":\"https:\/\/www.nexoinformativo.mx\/#\/schema\/logo\/image\/\",\"url\":\"https:\/\/www.nexoinformativo.mx\/wp-content\/uploads\/2024\/07\/nexoi-trasparente-2.png\",\"contentUrl\":\"https:\/\/www.nexoinformativo.mx\/wp-content\/uploads\/2024\/07\/nexoi-trasparente-2.png\",\"width\":816,\"height\":339,\"caption\":\"Nexo Informativo Santiago de Quer\u00e9taro\"},\"image\":{\"@id\":\"https:\/\/www.nexoinformativo.mx\/#\/schema\/logo\/image\/\"},\"sameAs\":[\"https:\/\/www.facebook.com\/people\/Nexo-Informativo\/61564066885511\/\"]},{\"@type\":\"Person\",\"@id\":\"https:\/\/www.nexoinformativo.mx\/#\/schema\/person\/7749d380ba08c8ca00d7bc76fd907b7d\",\"name\":\"Nexo Informativo\",\"image\":{\"@type\":\"ImageObject\",\"inLanguage\":\"es\",\"@id\":\"https:\/\/www.nexoinformativo.mx\/#\/schema\/person\/image\/\",\"url\":\"https:\/\/secure.gravatar.com\/avatar\/dde2928154642a13d95f87ddf1ea9718fe2b46760a005c53e41ff5ad610704e6?s=96&d=mm&r=g\",\"contentUrl\":\"https:\/\/secure.gravatar.com\/avatar\/dde2928154642a13d95f87ddf1ea9718fe2b46760a005c53e41ff5ad610704e6?s=96&d=mm&r=g\",\"caption\":\"Nexo Informativo\"},\"url\":\"https:\/\/www.nexoinformativo.mx\/index.php\/author\/edicion\/\"}]}<\/script>\n<!-- \/ Yoast SEO plugin. -->","yoast_head_json":{"title":"Acapulco se levanta: Inicia nueva etapa de recuperaci\u00f3n tur\u00edstica | Nexo Informativo Santiago de Quer\u00e9taro","description":"Acapulco se levanta: Inicia nueva etapa de recuperaci\u00f3n tur\u00edstica","robots":{"index":"index","follow":"follow","max-snippet":"max-snippet:-1","max-image-preview":"max-image-preview:large","max-video-preview":"max-video-preview:-1"},"canonical":"https:\/\/www.nexoinformativo.mx\/index.php\/2024\/10\/28\/acapulco-se-levanta-inicia-nueva-etapa-de-recuperacion-turistica\/","og_locale":"es_MX","og_type":"article","og_title":"Acapulco se levanta: Inicia nueva etapa de recuperaci\u00f3n tur\u00edstica | Nexo Informativo Santiago de Quer\u00e9taro","og_description":"Acapulco se levanta: Inicia nueva etapa de recuperaci\u00f3n tur\u00edstica","og_url":"https:\/\/www.nexoinformativo.mx\/index.php\/2024\/10\/28\/acapulco-se-levanta-inicia-nueva-etapa-de-recuperacion-turistica\/","og_site_name":"Nexo Informativo Santiago de Quer\u00e9taro","article_publisher":"https:\/\/www.facebook.com\/people\/Nexo-Informativo\/61564066885511\/","article_published_time":"2024-10-28T17:30:29+00:00","article_modified_time":"2024-10-28T19:24:34+00:00","og_image":[{"width":565,"height":332,"url":"https:\/\/www.nexoinformativo.mx\/wp-content\/uploads\/2024\/10\/IMG_7307.jpg","type":"image\/jpeg"}],"author":"Nexo Informativo","twitter_card":"summary_large_image","twitter_misc":{"Escrito por":"Nexo Informativo","Tiempo de lectura":"2 minutos"},"schema":{"@context":"https:\/\/schema.org","@graph":[{"@type":"Article","@id":"https:\/\/www.nexoinformativo.mx\/index.php\/2024\/10\/28\/acapulco-se-levanta-inicia-nueva-etapa-de-recuperacion-turistica\/#article","isPartOf":{"@id":"https:\/\/www.nexoinformativo.mx\/index.php\/2024\/10\/28\/acapulco-se-levanta-inicia-nueva-etapa-de-recuperacion-turistica\/"},"author":{"name":"Nexo Informativo","@id":"https:\/\/www.nexoinformativo.mx\/#\/schema\/person\/7749d380ba08c8ca00d7bc76fd907b7d"},"headline":"Acapulco se levanta: Inicia nueva etapa de recuperaci\u00f3n tur\u00edstica","datePublished":"2024-10-28T17:30:29+00:00","dateModified":"2024-10-28T19:24:34+00:00","mainEntityOfPage":{"@id":"https:\/\/www.nexoinformativo.mx\/index.php\/2024\/10\/28\/acapulco-se-levanta-inicia-nueva-etapa-de-recuperacion-turistica\/"},"wordCount":280,"commentCount":0,"publisher":{"@id":"https:\/\/www.nexoinformativo.mx\/#organization"},"image":{"@id":"https:\/\/www.nexoinformativo.mx\/index.php\/2024\/10\/28\/acapulco-se-levanta-inicia-nueva-etapa-de-recuperacion-turistica\/#primaryimage"},"thumbnailUrl":"https:\/\/www.nexoinformativo.mx\/wp-content\/uploads\/2024\/10\/IMG_7307.jpg","keywords":["AcapulcoSeTransforma","M\u00e9xico","Reconstrucci\u00f3n","Recuperaci\u00f3nTur\u00edstica"],"articleSection":["Econom\u00eda","Nacional"],"inLanguage":"es","potentialAction":[{"@type":"CommentAction","name":"Comment","target":["https:\/\/www.nexoinformativo.mx\/index.php\/2024\/10\/28\/acapulco-se-levanta-inicia-nueva-etapa-de-recuperacion-turistica\/#respond"]}]},{"@type":"WebPage","@id":"https:\/\/www.nexoinformativo.mx\/index.php\/2024\/10\/28\/acapulco-se-levanta-inicia-nueva-etapa-de-recuperacion-turistica\/","url":"https:\/\/www.nexoinformativo.mx\/index.php\/2024\/10\/28\/acapulco-se-levanta-inicia-nueva-etapa-de-recuperacion-turistica\/","name":"Acapulco se levanta: Inicia nueva etapa de recuperaci\u00f3n tur\u00edstica | Nexo Informativo Santiago de Quer\u00e9taro","isPartOf":{"@id":"https:\/\/www.nexoinformativo.mx\/#website"},"primaryImageOfPage":{"@id":"https:\/\/www.nexoinformativo.mx\/index.php\/2024\/10\/28\/acapulco-se-levanta-inicia-nueva-etapa-de-recuperacion-turistica\/#primaryimage"},"image":{"@id":"https:\/\/www.nexoinformativo.mx\/index.php\/2024\/10\/28\/acapulco-se-levanta-inicia-nueva-etapa-de-recuperacion-turistica\/#primaryimage"},"thumbnailUrl":"https:\/\/www.nexoinformativo.mx\/wp-content\/uploads\/2024\/10\/IMG_7307.jpg","datePublished":"2024-10-28T17:30:29+00:00","dateModified":"2024-10-28T19:24:34+00:00","description":"Acapulco se levanta: Inicia nueva etapa de recuperaci\u00f3n tur\u00edstica","breadcrumb":{"@id":"https:\/\/www.nexoinformativo.mx\/index.php\/2024\/10\/28\/acapulco-se-levanta-inicia-nueva-etapa-de-recuperacion-turistica\/#breadcrumb"},"inLanguage":"es","potentialAction":[{"@type":"ReadAction","target":["https:\/\/www.nexoinformativo.mx\/index.php\/2024\/10\/28\/acapulco-se-levanta-inicia-nueva-etapa-de-recuperacion-turistica\/"]}]},{"@type":"ImageObject","inLanguage":"es","@id":"https:\/\/www.nexoinformativo.mx\/index.php\/2024\/10\/28\/acapulco-se-levanta-inicia-nueva-etapa-de-recuperacion-turistica\/#primaryimage","url":"https:\/\/www.nexoinformativo.mx\/wp-content\/uploads\/2024\/10\/IMG_7307.jpg","contentUrl":"https:\/\/www.nexoinformativo.mx\/wp-content\/uploads\/2024\/10\/IMG_7307.jpg","width":565,"height":332},{"@type":"BreadcrumbList","@id":"https:\/\/www.nexoinformativo.mx\/index.php\/2024\/10\/28\/acapulco-se-levanta-inicia-nueva-etapa-de-recuperacion-turistica\/#breadcrumb","itemListElement":[{"@type":"ListItem","position":1,"name":"Inicio","item":"https:\/\/www.nexoinformativo.mx\/"},{"@type":"ListItem","position":2,"name":"Acapulco se levanta: Inicia nueva etapa de recuperaci\u00f3n tur\u00edstica"}]},{"@type":"WebSite","@id":"https:\/\/www.nexoinformativo.mx\/#website","url":"https:\/\/www.nexoinformativo.mx\/","name":"Nexo Informativo Santiago de Quer\u00e9taro","description":"Explora NexoInformativo y convi\u00e9rtete en parte de una comunidad que valora el conocimiento y la verdad. Tu nexoinformativo es tu puente hacia una comprensi\u00f3n m\u00e1s profunda del mundo que te rodea.","publisher":{"@id":"https:\/\/www.nexoinformativo.mx\/#organization"},"potentialAction":[{"@type":"SearchAction","target":{"@type":"EntryPoint","urlTemplate":"https:\/\/www.nexoinformativo.mx\/?s={search_term_string}"},"query-input":{"@type":"PropertyValueSpecification","valueRequired":true,"valueName":"search_term_string"}}],"inLanguage":"es"},{"@type":"Organization","@id":"https:\/\/www.nexoinformativo.mx\/#organization","name":"Nexo Informativo Santiago de Quer\u00e9taro","url":"https:\/\/www.nexoinformativo.mx\/","logo":{"@type":"ImageObject","inLanguage":"es","@id":"https:\/\/www.nexoinformativo.mx\/#\/schema\/logo\/image\/","url":"https:\/\/www.nexoinformativo.mx\/wp-content\/uploads\/2024\/07\/nexoi-trasparente-2.png","contentUrl":"https:\/\/www.nexoinformativo.mx\/wp-content\/uploads\/2024\/07\/nexoi-trasparente-2.png","width":816,"height":339,"caption":"Nexo Informativo Santiago de Quer\u00e9taro"},"image":{"@id":"https:\/\/www.nexoinformativo.mx\/#\/schema\/logo\/image\/"},"sameAs":["https:\/\/www.facebook.com\/people\/Nexo-Informativo\/61564066885511\/"]},{"@type":"Person","@id":"https:\/\/www.nexoinformativo.mx\/#\/schema\/person\/7749d380ba08c8ca00d7bc76fd907b7d","name":"Nexo Informativo","image":{"@type":"ImageObject","inLanguage":"es","@id":"https:\/\/www.nexoinformativo.mx\/#\/schema\/person\/image\/","url":"https:\/\/secure.gravatar.com\/avatar\/dde2928154642a13d95f87ddf1ea9718fe2b46760a005c53e41ff5ad610704e6?s=96&d=mm&r=g","contentUrl":"https:\/\/secure.gravatar.com\/avatar\/dde2928154642a13d95f87ddf1ea9718fe2b46760a005c53e41ff5ad610704e6?s=96&d=mm&r=g","caption":"Nexo Informativo"},"url":"https:\/\/www.nexoinformativo.mx\/index.php\/author\/edicion\/"}]}},"_links":{"self":[{"href":"https:\/\/www.nexoinformativo.mx\/index.php\/wp-json\/wp\/v2\/posts\/4718","targetHints":{"allow":["GET"]}}],"collection":[{"href":"https:\/\/www.nexoinformativo.mx\/index.php\/wp-json\/wp\/v2\/posts"}],"about":[{"href":"https:\/\/www.nexoinformativo.mx\/index.php\/wp-json\/wp\/v2\/types\/post"}],"author":[{"embeddable":true,"href":"https:\/\/www.nexoinformativo.mx\/index.php\/wp-json\/wp\/v2\/users\/3"}],"replies":[{"embeddable":true,"href":"https:\/\/www.nexoinformativo.mx\/index.php\/wp-json\/wp\/v2\/comments?post=4718"}],"version-history":[{"count":10,"href":"https:\/\/www.nexoinformativo.mx\/index.php\/wp-json\/wp\/v2\/posts\/4718\/revisions"}],"predecessor-version":[{"id":4731,"href":"https:\/\/www.nexoinformativo.mx\/index.php\/wp-json\/wp\/v2\/posts\/4718\/revisions\/4731"}],"wp:featuredmedia":[{"embeddable":true,"href":"https:\/\/www.nexoinformativo.mx\/index.php\/wp-json\/wp\/v2\/media\/4719"}],"wp:attachment":[{"href":"https:\/\/www.nexoinformativo.mx\/index.php\/wp-json\/wp\/v2\/media?parent=4718"}],"wp:term":[{"taxonomy":"category","embeddable":true,"href":"https:\/\/www.nexoinformativo.mx\/index.php\/wp-json\/wp\/v2\/categories?post=4718"},{"taxonomy":"post_tag","embeddable":true,"href":"https:\/\/www.nexoinformativo.mx\/index.php\/wp-json\/wp\/v2\/tags?post=4718"}],"curies":[{"name":"wp","href":"https:\/\/api.w.org\/{rel}","templated":true}]}}