{"id":4752,"date":"2024-10-28T17:00:02","date_gmt":"2024-10-28T23:00:02","guid":{"rendered":"https:\/\/www.nexoinformativo.mx\/?p=4752"},"modified":"2024-10-28T19:53:19","modified_gmt":"2024-10-29T01:53:19","slug":"chepe-guerrero-inicia-la-brigada-antibaches-en-corregidora-para-mejorar-las-vialidades","status":"publish","type":"post","link":"https:\/\/www.nexoinformativo.mx\/index.php\/2024\/10\/28\/chepe-guerrero-inicia-la-brigada-antibaches-en-corregidora-para-mejorar-las-vialidades\/","title":{"rendered":"Chepe Guerrero inicia la brigada antibaches en Corregidora para mejorar las vialidades"},"content":{"rendered":"<div dir=\"auto\" style=\"text-align: justify;\">El presidente municipal de Corregidora, Chepe Guerrero, dio el banderazo de inicio a la Brigada Antibaches en la calle Las Casta\u00f1as, ubicada en la colonia Valle de Los Olivos. Acompa\u00f1ado de vecinos de diversas colonias como San Jos\u00e9 de los Olvera, El P\u00f3rtico, Candiles y Los Pinos, Guerrero destac\u00f3 que esta iniciativa es fundamental para mantener las vialidades en \u00f3ptimas condiciones y mejorar la seguridad de los ciudadanos.<\/p>\n<div dir=\"auto\" style=\"text-align: justify;\">\u201cLas colonias que a\u00fan no cuentan con acceso a obra p\u00fablica recibir\u00e1n atenci\u00f3n r\u00e1pida y eficiente en el tema de bacheo. Estamos apostando por lo m\u00e1s valioso que tenemos en Corregidora: nuestro capital humano, representado por los compa\u00f1eros de la Brigada Antibaches y Servicios P\u00fablicos\u201d, afirm\u00f3 el presidente municipal.<\/p>\n<div dir=\"auto\" style=\"text-align: justify;\">Para reportar un bache, los ciudadanos pueden hacerlo f\u00e1cilmente a trav\u00e9s de un C\u00f3digo QR o enviando un mensaje de WhatsApp al n\u00famero <strong>449 462 1002<\/strong>. Un asistente virtual recopilar\u00e1 los datos del ciudadano y la ubicaci\u00f3n del bache, generando un folio que ser\u00e1 atendido en un plazo no mayor a 48 horas.<\/p>\n<div dir=\"auto\" style=\"text-align: justify;\">La secretaria de Obras P\u00fablicas, Viridiana Nava, explic\u00f3 que esta campa\u00f1a responde a las solicitudes ciudadanas y que el bacheo ser\u00e1 un programa permanente, complementando las diversas obras que se llevan a cabo en colonias y comunidades del municipio. El mantenimiento vial incluye tanto bacheo superficial como bacheo profundo, que consiste en la reposici\u00f3n de una porci\u00f3n de la carpeta asf\u00e1ltica en \u00e1reas peque\u00f1as y espec\u00edficas.<\/p>\n<div dir=\"auto\" style=\"text-align: justify;\">El Departamento de Mantenimiento Vial de Corregidora ser\u00e1 el encargado de gestionar los reportes recibidos y atender las necesidades de bacheo en el municipio. En el evento, tambi\u00e9n estuvieron presentes las secretarias y secretarios del Ayuntamiento, as\u00ed como regidoras y regidores, quienes apoyan esta importante iniciativa para mejorar la infraestructura vial de Corregidora.<\/p>\n<div dir=\"auto\" style=\"text-align: center;\"><em><strong>\u00a1Informaci\u00f3n que transforma!<\/strong><\/em><\/div>\n","protected":false},"excerpt":{"rendered":"<p>El presidente municipal de Corregidora, Chepe Guerrero, dio el banderazo de inicio a la Brigada Antibaches en la calle Las Casta\u00f1as, ubicada en la colonia Valle de Los Olivos.<\/p>\n","protected":false},"author":3,"featured_media":4753,"comment_status":"open","ping_status":"open","sticky":false,"template":"","format":"standard","meta":{"footnotes":""},"categories":[65,58],"tags":[1699,237,233,1700],"class_list":["post-4752","post","type-post","status-publish","format-standard","has-post-thumbnail","hentry","category-municipios","category-ultima-hora","tag-brigadaantibaches","tag-chepeguerrero","tag-corregidora","tag-mantenimientovial"],"yoast_head":"<!-- This site is optimized with the Yoast SEO plugin v25.0 - https:\/\/yoast.com\/wordpress\/plugins\/seo\/ -->\n<title>Chepe Guerrero inicia la brigada antibaches en Corregidora para mejorar las vialidades | Nexo Informativo Santiago de Quer\u00e9taro<\/title>\n<meta name=\"description\" content=\"Chepe Guerrero inicia la brigada antibaches en Corregidora para mejorar las vialidades\" \/>\n<meta name=\"robots\" content=\"index, follow, max-snippet:-1, max-image-preview:large, max-video-preview:-1\" \/>\n<link rel=\"canonical\" href=\"https:\/\/www.nexoinformativo.mx\/index.php\/2024\/10\/28\/chepe-guerrero-inicia-la-brigada-antibaches-en-corregidora-para-mejorar-las-vialidades\/\" \/>\n<meta property=\"og:locale\" content=\"es_MX\" \/>\n<meta property=\"og:type\" content=\"article\" \/>\n<meta property=\"og:title\" content=\"Chepe Guerrero inicia la brigada antibaches en Corregidora para mejorar las vialidades | Nexo Informativo Santiago de Quer\u00e9taro\" \/>\n<meta property=\"og:description\" content=\"Chepe Guerrero inicia la brigada antibaches en Corregidora para mejorar las vialidades\" \/>\n<meta property=\"og:url\" content=\"https:\/\/www.nexoinformativo.mx\/index.php\/2024\/10\/28\/chepe-guerrero-inicia-la-brigada-antibaches-en-corregidora-para-mejorar-las-vialidades\/\" \/>\n<meta property=\"og:site_name\" content=\"Nexo Informativo Santiago de Quer\u00e9taro\" \/>\n<meta property=\"article:publisher\" content=\"https:\/\/www.facebook.com\/people\/Nexo-Informativo\/61564066885511\/\" \/>\n<meta property=\"article:published_time\" content=\"2024-10-28T23:00:02+00:00\" \/>\n<meta property=\"article:modified_time\" content=\"2024-10-29T01:53:19+00:00\" \/>\n<meta property=\"og:image\" content=\"https:\/\/www.nexoinformativo.mx\/wp-content\/uploads\/2024\/10\/PHOTO-2024-10-28-17-39-04-e1730166579262.jpg\" \/>\n\t<meta property=\"og:image:width\" content=\"800\" \/>\n\t<meta property=\"og:image:height\" content=\"1000\" \/>\n\t<meta property=\"og:image:type\" content=\"image\/jpeg\" \/>\n<meta name=\"author\" content=\"Nexo Informativo\" \/>\n<meta name=\"twitter:card\" content=\"summary_large_image\" \/>\n<meta name=\"twitter:label1\" content=\"Escrito por\" \/>\n\t<meta name=\"twitter:data1\" content=\"Nexo Informativo\" \/>\n\t<meta name=\"twitter:label2\" content=\"Tiempo de lectura\" \/>\n\t<meta name=\"twitter:data2\" content=\"2 minutos\" \/>\n<script type=\"application\/ld+json\" class=\"yoast-schema-graph\">{\"@context\":\"https:\/\/schema.org\",\"@graph\":[{\"@type\":\"Article\",\"@id\":\"https:\/\/www.nexoinformativo.mx\/index.php\/2024\/10\/28\/chepe-guerrero-inicia-la-brigada-antibaches-en-corregidora-para-mejorar-las-vialidades\/#article\",\"isPartOf\":{\"@id\":\"https:\/\/www.nexoinformativo.mx\/index.php\/2024\/10\/28\/chepe-guerrero-inicia-la-brigada-antibaches-en-corregidora-para-mejorar-las-vialidades\/\"},\"author\":{\"name\":\"Nexo Informativo\",\"@id\":\"https:\/\/www.nexoinformativo.mx\/#\/schema\/person\/7749d380ba08c8ca00d7bc76fd907b7d\"},\"headline\":\"Chepe Guerrero inicia la brigada antibaches en Corregidora para mejorar las vialidades\",\"datePublished\":\"2024-10-28T23:00:02+00:00\",\"dateModified\":\"2024-10-29T01:53:19+00:00\",\"mainEntityOfPage\":{\"@id\":\"https:\/\/www.nexoinformativo.mx\/index.php\/2024\/10\/28\/chepe-guerrero-inicia-la-brigada-antibaches-en-corregidora-para-mejorar-las-vialidades\/\"},\"wordCount\":325,\"commentCount\":0,\"publisher\":{\"@id\":\"https:\/\/www.nexoinformativo.mx\/#organization\"},\"image\":{\"@id\":\"https:\/\/www.nexoinformativo.mx\/index.php\/2024\/10\/28\/chepe-guerrero-inicia-la-brigada-antibaches-en-corregidora-para-mejorar-las-vialidades\/#primaryimage\"},\"thumbnailUrl\":\"https:\/\/www.nexoinformativo.mx\/wp-content\/uploads\/2024\/10\/PHOTO-2024-10-28-17-39-04-e1730166579262.jpg\",\"keywords\":[\"BrigadaAntibaches\",\"ChepeGuerrero\",\"Corregidora\",\"MantenimientoVial\"],\"articleSection\":[\"Municipios\",\"\u00daltima Hora\"],\"inLanguage\":\"es\",\"potentialAction\":[{\"@type\":\"CommentAction\",\"name\":\"Comment\",\"target\":[\"https:\/\/www.nexoinformativo.mx\/index.php\/2024\/10\/28\/chepe-guerrero-inicia-la-brigada-antibaches-en-corregidora-para-mejorar-las-vialidades\/#respond\"]}]},{\"@type\":\"WebPage\",\"@id\":\"https:\/\/www.nexoinformativo.mx\/index.php\/2024\/10\/28\/chepe-guerrero-inicia-la-brigada-antibaches-en-corregidora-para-mejorar-las-vialidades\/\",\"url\":\"https:\/\/www.nexoinformativo.mx\/index.php\/2024\/10\/28\/chepe-guerrero-inicia-la-brigada-antibaches-en-corregidora-para-mejorar-las-vialidades\/\",\"name\":\"Chepe Guerrero inicia la brigada antibaches en Corregidora para mejorar las vialidades | Nexo Informativo Santiago de Quer\u00e9taro\",\"isPartOf\":{\"@id\":\"https:\/\/www.nexoinformativo.mx\/#website\"},\"primaryImageOfPage\":{\"@id\":\"https:\/\/www.nexoinformativo.mx\/index.php\/2024\/10\/28\/chepe-guerrero-inicia-la-brigada-antibaches-en-corregidora-para-mejorar-las-vialidades\/#primaryimage\"},\"image\":{\"@id\":\"https:\/\/www.nexoinformativo.mx\/index.php\/2024\/10\/28\/chepe-guerrero-inicia-la-brigada-antibaches-en-corregidora-para-mejorar-las-vialidades\/#primaryimage\"},\"thumbnailUrl\":\"https:\/\/www.nexoinformativo.mx\/wp-content\/uploads\/2024\/10\/PHOTO-2024-10-28-17-39-04-e1730166579262.jpg\",\"datePublished\":\"2024-10-28T23:00:02+00:00\",\"dateModified\":\"2024-10-29T01:53:19+00:00\",\"description\":\"Chepe Guerrero inicia la brigada antibaches en Corregidora para mejorar las vialidades\",\"breadcrumb\":{\"@id\":\"https:\/\/www.nexoinformativo.mx\/index.php\/2024\/10\/28\/chepe-guerrero-inicia-la-brigada-antibaches-en-corregidora-para-mejorar-las-vialidades\/#breadcrumb\"},\"inLanguage\":\"es\",\"potentialAction\":[{\"@type\":\"ReadAction\",\"target\":[\"https:\/\/www.nexoinformativo.mx\/index.php\/2024\/10\/28\/chepe-guerrero-inicia-la-brigada-antibaches-en-corregidora-para-mejorar-las-vialidades\/\"]}]},{\"@type\":\"ImageObject\",\"inLanguage\":\"es\",\"@id\":\"https:\/\/www.nexoinformativo.mx\/index.php\/2024\/10\/28\/chepe-guerrero-inicia-la-brigada-antibaches-en-corregidora-para-mejorar-las-vialidades\/#primaryimage\",\"url\":\"https:\/\/www.nexoinformativo.mx\/wp-content\/uploads\/2024\/10\/PHOTO-2024-10-28-17-39-04-e1730166579262.jpg\",\"contentUrl\":\"https:\/\/www.nexoinformativo.mx\/wp-content\/uploads\/2024\/10\/PHOTO-2024-10-28-17-39-04-e1730166579262.jpg\",\"width\":800,\"height\":1000},{\"@type\":\"BreadcrumbList\",\"@id\":\"https:\/\/www.nexoinformativo.mx\/index.php\/2024\/10\/28\/chepe-guerrero-inicia-la-brigada-antibaches-en-corregidora-para-mejorar-las-vialidades\/#breadcrumb\",\"itemListElement\":[{\"@type\":\"ListItem\",\"position\":1,\"name\":\"Inicio\",\"item\":\"https:\/\/www.nexoinformativo.mx\/\"},{\"@type\":\"ListItem\",\"position\":2,\"name\":\"Chepe Guerrero inicia la brigada antibaches en Corregidora para mejorar las vialidades\"}]},{\"@type\":\"WebSite\",\"@id\":\"https:\/\/www.nexoinformativo.mx\/#website\",\"url\":\"https:\/\/www.nexoinformativo.mx\/\",\"name\":\"Nexo Informativo Santiago de Quer\u00e9taro\",\"description\":\"Explora NexoInformativo y convi\u00e9rtete en parte de una comunidad que valora el conocimiento y la verdad. Tu nexoinformativo es tu puente hacia una comprensi\u00f3n m\u00e1s profunda del mundo que te rodea.\",\"publisher\":{\"@id\":\"https:\/\/www.nexoinformativo.mx\/#organization\"},\"potentialAction\":[{\"@type\":\"SearchAction\",\"target\":{\"@type\":\"EntryPoint\",\"urlTemplate\":\"https:\/\/www.nexoinformativo.mx\/?s={search_term_string}\"},\"query-input\":{\"@type\":\"PropertyValueSpecification\",\"valueRequired\":true,\"valueName\":\"search_term_string\"}}],\"inLanguage\":\"es\"},{\"@type\":\"Organization\",\"@id\":\"https:\/\/www.nexoinformativo.mx\/#organization\",\"name\":\"Nexo Informativo Santiago de Quer\u00e9taro\",\"url\":\"https:\/\/www.nexoinformativo.mx\/\",\"logo\":{\"@type\":\"ImageObject\",\"inLanguage\":\"es\",\"@id\":\"https:\/\/www.nexoinformativo.mx\/#\/schema\/logo\/image\/\",\"url\":\"https:\/\/www.nexoinformativo.mx\/wp-content\/uploads\/2024\/07\/nexoi-trasparente-2.png\",\"contentUrl\":\"https:\/\/www.nexoinformativo.mx\/wp-content\/uploads\/2024\/07\/nexoi-trasparente-2.png\",\"width\":816,\"height\":339,\"caption\":\"Nexo Informativo Santiago de Quer\u00e9taro\"},\"image\":{\"@id\":\"https:\/\/www.nexoinformativo.mx\/#\/schema\/logo\/image\/\"},\"sameAs\":[\"https:\/\/www.facebook.com\/people\/Nexo-Informativo\/61564066885511\/\"]},{\"@type\":\"Person\",\"@id\":\"https:\/\/www.nexoinformativo.mx\/#\/schema\/person\/7749d380ba08c8ca00d7bc76fd907b7d\",\"name\":\"Nexo Informativo\",\"image\":{\"@type\":\"ImageObject\",\"inLanguage\":\"es\",\"@id\":\"https:\/\/www.nexoinformativo.mx\/#\/schema\/person\/image\/\",\"url\":\"https:\/\/secure.gravatar.com\/avatar\/dde2928154642a13d95f87ddf1ea9718fe2b46760a005c53e41ff5ad610704e6?s=96&d=mm&r=g\",\"contentUrl\":\"https:\/\/secure.gravatar.com\/avatar\/dde2928154642a13d95f87ddf1ea9718fe2b46760a005c53e41ff5ad610704e6?s=96&d=mm&r=g\",\"caption\":\"Nexo Informativo\"},\"url\":\"https:\/\/www.nexoinformativo.mx\/index.php\/author\/edicion\/\"}]}<\/script>\n<!-- \/ Yoast SEO plugin. -->","yoast_head_json":{"title":"Chepe Guerrero inicia la brigada antibaches en Corregidora para mejorar las vialidades | Nexo Informativo Santiago de Quer\u00e9taro","description":"Chepe Guerrero inicia la brigada antibaches en Corregidora para mejorar las vialidades","robots":{"index":"index","follow":"follow","max-snippet":"max-snippet:-1","max-image-preview":"max-image-preview:large","max-video-preview":"max-video-preview:-1"},"canonical":"https:\/\/www.nexoinformativo.mx\/index.php\/2024\/10\/28\/chepe-guerrero-inicia-la-brigada-antibaches-en-corregidora-para-mejorar-las-vialidades\/","og_locale":"es_MX","og_type":"article","og_title":"Chepe Guerrero inicia la brigada antibaches en Corregidora para mejorar las vialidades | Nexo Informativo Santiago de Quer\u00e9taro","og_description":"Chepe Guerrero inicia la brigada antibaches en Corregidora para mejorar las vialidades","og_url":"https:\/\/www.nexoinformativo.mx\/index.php\/2024\/10\/28\/chepe-guerrero-inicia-la-brigada-antibaches-en-corregidora-para-mejorar-las-vialidades\/","og_site_name":"Nexo Informativo Santiago de Quer\u00e9taro","article_publisher":"https:\/\/www.facebook.com\/people\/Nexo-Informativo\/61564066885511\/","article_published_time":"2024-10-28T23:00:02+00:00","article_modified_time":"2024-10-29T01:53:19+00:00","og_image":[{"width":800,"height":1000,"url":"https:\/\/www.nexoinformativo.mx\/wp-content\/uploads\/2024\/10\/PHOTO-2024-10-28-17-39-04-e1730166579262.jpg","type":"image\/jpeg"}],"author":"Nexo Informativo","twitter_card":"summary_large_image","twitter_misc":{"Escrito por":"Nexo Informativo","Tiempo de lectura":"2 minutos"},"schema":{"@context":"https:\/\/schema.org","@graph":[{"@type":"Article","@id":"https:\/\/www.nexoinformativo.mx\/index.php\/2024\/10\/28\/chepe-guerrero-inicia-la-brigada-antibaches-en-corregidora-para-mejorar-las-vialidades\/#article","isPartOf":{"@id":"https:\/\/www.nexoinformativo.mx\/index.php\/2024\/10\/28\/chepe-guerrero-inicia-la-brigada-antibaches-en-corregidora-para-mejorar-las-vialidades\/"},"author":{"name":"Nexo Informativo","@id":"https:\/\/www.nexoinformativo.mx\/#\/schema\/person\/7749d380ba08c8ca00d7bc76fd907b7d"},"headline":"Chepe Guerrero inicia la brigada antibaches en Corregidora para mejorar las vialidades","datePublished":"2024-10-28T23:00:02+00:00","dateModified":"2024-10-29T01:53:19+00:00","mainEntityOfPage":{"@id":"https:\/\/www.nexoinformativo.mx\/index.php\/2024\/10\/28\/chepe-guerrero-inicia-la-brigada-antibaches-en-corregidora-para-mejorar-las-vialidades\/"},"wordCount":325,"commentCount":0,"publisher":{"@id":"https:\/\/www.nexoinformativo.mx\/#organization"},"image":{"@id":"https:\/\/www.nexoinformativo.mx\/index.php\/2024\/10\/28\/chepe-guerrero-inicia-la-brigada-antibaches-en-corregidora-para-mejorar-las-vialidades\/#primaryimage"},"thumbnailUrl":"https:\/\/www.nexoinformativo.mx\/wp-content\/uploads\/2024\/10\/PHOTO-2024-10-28-17-39-04-e1730166579262.jpg","keywords":["BrigadaAntibaches","ChepeGuerrero","Corregidora","MantenimientoVial"],"articleSection":["Municipios","\u00daltima Hora"],"inLanguage":"es","potentialAction":[{"@type":"CommentAction","name":"Comment","target":["https:\/\/www.nexoinformativo.mx\/index.php\/2024\/10\/28\/chepe-guerrero-inicia-la-brigada-antibaches-en-corregidora-para-mejorar-las-vialidades\/#respond"]}]},{"@type":"WebPage","@id":"https:\/\/www.nexoinformativo.mx\/index.php\/2024\/10\/28\/chepe-guerrero-inicia-la-brigada-antibaches-en-corregidora-para-mejorar-las-vialidades\/","url":"https:\/\/www.nexoinformativo.mx\/index.php\/2024\/10\/28\/chepe-guerrero-inicia-la-brigada-antibaches-en-corregidora-para-mejorar-las-vialidades\/","name":"Chepe Guerrero inicia la brigada antibaches en Corregidora para mejorar las vialidades | Nexo Informativo Santiago de Quer\u00e9taro","isPartOf":{"@id":"https:\/\/www.nexoinformativo.mx\/#website"},"primaryImageOfPage":{"@id":"https:\/\/www.nexoinformativo.mx\/index.php\/2024\/10\/28\/chepe-guerrero-inicia-la-brigada-antibaches-en-corregidora-para-mejorar-las-vialidades\/#primaryimage"},"image":{"@id":"https:\/\/www.nexoinformativo.mx\/index.php\/2024\/10\/28\/chepe-guerrero-inicia-la-brigada-antibaches-en-corregidora-para-mejorar-las-vialidades\/#primaryimage"},"thumbnailUrl":"https:\/\/www.nexoinformativo.mx\/wp-content\/uploads\/2024\/10\/PHOTO-2024-10-28-17-39-04-e1730166579262.jpg","datePublished":"2024-10-28T23:00:02+00:00","dateModified":"2024-10-29T01:53:19+00:00","description":"Chepe Guerrero inicia la brigada antibaches en Corregidora para mejorar las vialidades","breadcrumb":{"@id":"https:\/\/www.nexoinformativo.mx\/index.php\/2024\/10\/28\/chepe-guerrero-inicia-la-brigada-antibaches-en-corregidora-para-mejorar-las-vialidades\/#breadcrumb"},"inLanguage":"es","potentialAction":[{"@type":"ReadAction","target":["https:\/\/www.nexoinformativo.mx\/index.php\/2024\/10\/28\/chepe-guerrero-inicia-la-brigada-antibaches-en-corregidora-para-mejorar-las-vialidades\/"]}]},{"@type":"ImageObject","inLanguage":"es","@id":"https:\/\/www.nexoinformativo.mx\/index.php\/2024\/10\/28\/chepe-guerrero-inicia-la-brigada-antibaches-en-corregidora-para-mejorar-las-vialidades\/#primaryimage","url":"https:\/\/www.nexoinformativo.mx\/wp-content\/uploads\/2024\/10\/PHOTO-2024-10-28-17-39-04-e1730166579262.jpg","contentUrl":"https:\/\/www.nexoinformativo.mx\/wp-content\/uploads\/2024\/10\/PHOTO-2024-10-28-17-39-04-e1730166579262.jpg","width":800,"height":1000},{"@type":"BreadcrumbList","@id":"https:\/\/www.nexoinformativo.mx\/index.php\/2024\/10\/28\/chepe-guerrero-inicia-la-brigada-antibaches-en-corregidora-para-mejorar-las-vialidades\/#breadcrumb","itemListElement":[{"@type":"ListItem","position":1,"name":"Inicio","item":"https:\/\/www.nexoinformativo.mx\/"},{"@type":"ListItem","position":2,"name":"Chepe Guerrero inicia la brigada antibaches en Corregidora para mejorar las vialidades"}]},{"@type":"WebSite","@id":"https:\/\/www.nexoinformativo.mx\/#website","url":"https:\/\/www.nexoinformativo.mx\/","name":"Nexo Informativo Santiago de Quer\u00e9taro","description":"Explora NexoInformativo y convi\u00e9rtete en parte de una comunidad que valora el conocimiento y la verdad. Tu nexoinformativo es tu puente hacia una comprensi\u00f3n m\u00e1s profunda del mundo que te rodea.","publisher":{"@id":"https:\/\/www.nexoinformativo.mx\/#organization"},"potentialAction":[{"@type":"SearchAction","target":{"@type":"EntryPoint","urlTemplate":"https:\/\/www.nexoinformativo.mx\/?s={search_term_string}"},"query-input":{"@type":"PropertyValueSpecification","valueRequired":true,"valueName":"search_term_string"}}],"inLanguage":"es"},{"@type":"Organization","@id":"https:\/\/www.nexoinformativo.mx\/#organization","name":"Nexo Informativo Santiago de Quer\u00e9taro","url":"https:\/\/www.nexoinformativo.mx\/","logo":{"@type":"ImageObject","inLanguage":"es","@id":"https:\/\/www.nexoinformativo.mx\/#\/schema\/logo\/image\/","url":"https:\/\/www.nexoinformativo.mx\/wp-content\/uploads\/2024\/07\/nexoi-trasparente-2.png","contentUrl":"https:\/\/www.nexoinformativo.mx\/wp-content\/uploads\/2024\/07\/nexoi-trasparente-2.png","width":816,"height":339,"caption":"Nexo Informativo Santiago de Quer\u00e9taro"},"image":{"@id":"https:\/\/www.nexoinformativo.mx\/#\/schema\/logo\/image\/"},"sameAs":["https:\/\/www.facebook.com\/people\/Nexo-Informativo\/61564066885511\/"]},{"@type":"Person","@id":"https:\/\/www.nexoinformativo.mx\/#\/schema\/person\/7749d380ba08c8ca00d7bc76fd907b7d","name":"Nexo Informativo","image":{"@type":"ImageObject","inLanguage":"es","@id":"https:\/\/www.nexoinformativo.mx\/#\/schema\/person\/image\/","url":"https:\/\/secure.gravatar.com\/avatar\/dde2928154642a13d95f87ddf1ea9718fe2b46760a005c53e41ff5ad610704e6?s=96&d=mm&r=g","contentUrl":"https:\/\/secure.gravatar.com\/avatar\/dde2928154642a13d95f87ddf1ea9718fe2b46760a005c53e41ff5ad610704e6?s=96&d=mm&r=g","caption":"Nexo Informativo"},"url":"https:\/\/www.nexoinformativo.mx\/index.php\/author\/edicion\/"}]}},"_links":{"self":[{"href":"https:\/\/www.nexoinformativo.mx\/index.php\/wp-json\/wp\/v2\/posts\/4752","targetHints":{"allow":["GET"]}}],"collection":[{"href":"https:\/\/www.nexoinformativo.mx\/index.php\/wp-json\/wp\/v2\/posts"}],"about":[{"href":"https:\/\/www.nexoinformativo.mx\/index.php\/wp-json\/wp\/v2\/types\/post"}],"author":[{"embeddable":true,"href":"https:\/\/www.nexoinformativo.mx\/index.php\/wp-json\/wp\/v2\/users\/3"}],"replies":[{"embeddable":true,"href":"https:\/\/www.nexoinformativo.mx\/index.php\/wp-json\/wp\/v2\/comments?post=4752"}],"version-history":[{"count":8,"href":"https:\/\/www.nexoinformativo.mx\/index.php\/wp-json\/wp\/v2\/posts\/4752\/revisions"}],"predecessor-version":[{"id":4757,"href":"https:\/\/www.nexoinformativo.mx\/index.php\/wp-json\/wp\/v2\/posts\/4752\/revisions\/4757"}],"wp:featuredmedia":[{"embeddable":true,"href":"https:\/\/www.nexoinformativo.mx\/index.php\/wp-json\/wp\/v2\/media\/4753"}],"wp:attachment":[{"href":"https:\/\/www.nexoinformativo.mx\/index.php\/wp-json\/wp\/v2\/media?parent=4752"}],"wp:term":[{"taxonomy":"category","embeddable":true,"href":"https:\/\/www.nexoinformativo.mx\/index.php\/wp-json\/wp\/v2\/categories?post=4752"},{"taxonomy":"post_tag","embeddable":true,"href":"https:\/\/www.nexoinformativo.mx\/index.php\/wp-json\/wp\/v2\/tags?post=4752"}],"curies":[{"name":"wp","href":"https:\/\/api.w.org\/{rel}","templated":true}]}}