{"id":4767,"date":"2024-10-28T19:00:23","date_gmt":"2024-10-29T01:00:23","guid":{"rendered":"https:\/\/www.nexoinformativo.mx\/?p=4767"},"modified":"2024-10-28T20:13:06","modified_gmt":"2024-10-29T02:13:06","slug":"mauricio-kuri-entrega-paquetes-de-libros-defensores-de-queretaro-para-fomentar-la-lectura-y-la-identidad-estatal-a-los-ninos","status":"publish","type":"post","link":"https:\/\/www.nexoinformativo.mx\/index.php\/2024\/10\/28\/mauricio-kuri-entrega-paquetes-de-libros-defensores-de-queretaro-para-fomentar-la-lectura-y-la-identidad-estatal-a-los-ninos\/","title":{"rendered":"Mauricio Kuri entrega paquetes de libros \u201cDefensores de Quer\u00e9taro\u201d para fomentar la lectura y la identidad Estatal a los ni\u00f1os"},"content":{"rendered":"<p style=\"text-align: justify;\">El gobernador de Quer\u00e9taro, Mauricio Kuri, encabez\u00f3 la entrega de paquetes de libros <strong>\u201cDefensores de Quer\u00e9taro\u201d<\/strong> en la Escuela Primaria Josefa Ortiz de Dom\u00ednguez. Esta iniciativa tiene como objetivo fortalecer el amor por Quer\u00e9taro y promover la equidad educativa entre los estudiantes de primaria en escuelas p\u00fablicas del estado.<\/p>\n<p>&nbsp;<\/p>\n<p style=\"text-align: justify;\">Irene Quintanar, titular de la Unidad de Servicios para la Educaci\u00f3n B\u00e1sica en el Estado de Quer\u00e9taro <strong>(USEBEQ)<\/strong>, explic\u00f3 que cada paquete incluye una colecci\u00f3n de 12 libros que, a trav\u00e9s de cuentos, conectan a los estudiantes con su historia, cultura y tradiciones. <strong>&#8220;Estos libros permitir\u00e1n a los ni\u00f1os amar y defender Quer\u00e9taro&#8221;<\/strong>, afirm\u00f3 Quintanar.<\/p>\n<p>&nbsp;<\/p>\n<p style=\"text-align: justify;\">La entrega beneficiar\u00e1 a m\u00e1s de 200,000 estudiantes de m\u00e1s de 1,090 escuelas en el estado, garantizando un acceso equitativo a materiales educativos. Entre los t\u00edtulos destacados de la colecci\u00f3n se encuentran <strong>&#8220;Con\u00edn: As\u00ed se fund\u00f3 Quer\u00e9taro&#8221;<\/strong> y <strong>&#8220;El Camino Real de Tierra Adentro&#8221;<\/strong>.<\/p>\n<p>&nbsp;<\/p>\n<p style=\"text-align: justify;\">Adem\u00e1s, los estudiantes podr\u00e1n consultar otros t\u00edtulos en formato digital a trav\u00e9s del sitio web <strong><a href=\"http:\/\/defensoresdequeretaro.mx\/\" target=\"_blank\" rel=\"noopener\" data-saferedirecturl=\"https:\/\/www.google.com\/url?q=http:\/\/defensoresdequeretaro.mx&amp;source=gmail&amp;ust=1730252517453000&amp;usg=AOvVaw0ZrVdZnMuYi8l4lNRFW2Er\">defensoresdequeretaro.mx<\/a>\u00a0<\/strong>esta iniciativa no solo busca fomentar la lectura, sino tambi\u00e9n cultivar un sentido de pertenencia y orgullo entre los ni\u00f1os queretanos, reforzando su identidad cultural y educativa.<\/p>\n<p>&nbsp;<\/p>\n<p style=\"text-align: center;\"><em><strong>\u00a1Informaci\u00f3n que transforma!<\/strong><\/em><\/p>\n","protected":false},"excerpt":{"rendered":"<p>El gobernador de Quer\u00e9taro, Mauricio Kuri, encabez\u00f3 la entrega de paquetes de libros \u201cDefensores de Quer\u00e9taro\u201d en la Escuela Primaria Josefa Ortiz de Dom\u00ednguez.<\/p>\n","protected":false},"author":3,"featured_media":4768,"comment_status":"open","ping_status":"open","sticky":false,"template":"","format":"standard","meta":{"footnotes":""},"categories":[42,58],"tags":[1701,173,1702,661],"class_list":["post-4767","post","type-post","status-publish","format-standard","has-post-thumbnail","hentry","category-estado","category-ultima-hora","tag-defensoresdequeretaro","tag-educacion","tag-lectura","tag-mauriciokuri"],"yoast_head":"<!-- This site is optimized with the Yoast SEO plugin v25.0 - https:\/\/yoast.com\/wordpress\/plugins\/seo\/ -->\n<title>Mauricio Kuri entrega paquetes de libros \u201cDefensores de Quer\u00e9taro\u201d para fomentar la lectura y la identidad Estatal a los ni\u00f1os | Nexo Informativo Santiago de Quer\u00e9taro<\/title>\n<meta name=\"description\" content=\"Mauricio Kuri entrega paquetes de Libros \u201cDefensores de Quer\u00e9taro\u201d para fomentar la lectura y la identidad Estatal a los ni\u00f1os\" \/>\n<meta name=\"robots\" content=\"index, follow, max-snippet:-1, max-image-preview:large, max-video-preview:-1\" \/>\n<link rel=\"canonical\" href=\"https:\/\/www.nexoinformativo.mx\/index.php\/2024\/10\/28\/mauricio-kuri-entrega-paquetes-de-libros-defensores-de-queretaro-para-fomentar-la-lectura-y-la-identidad-estatal-a-los-ninos\/\" \/>\n<meta property=\"og:locale\" content=\"es_MX\" \/>\n<meta property=\"og:type\" content=\"article\" \/>\n<meta property=\"og:title\" content=\"Mauricio Kuri entrega paquetes de libros \u201cDefensores de Quer\u00e9taro\u201d para fomentar la lectura y la identidad Estatal a los ni\u00f1os | Nexo Informativo Santiago de Quer\u00e9taro\" \/>\n<meta property=\"og:description\" content=\"Mauricio Kuri entrega paquetes de Libros \u201cDefensores de Quer\u00e9taro\u201d para fomentar la lectura y la identidad Estatal a los ni\u00f1os\" \/>\n<meta property=\"og:url\" content=\"https:\/\/www.nexoinformativo.mx\/index.php\/2024\/10\/28\/mauricio-kuri-entrega-paquetes-de-libros-defensores-de-queretaro-para-fomentar-la-lectura-y-la-identidad-estatal-a-los-ninos\/\" \/>\n<meta property=\"og:site_name\" content=\"Nexo Informativo Santiago de Quer\u00e9taro\" \/>\n<meta property=\"article:publisher\" content=\"https:\/\/www.facebook.com\/people\/Nexo-Informativo\/61564066885511\/\" \/>\n<meta property=\"article:published_time\" content=\"2024-10-29T01:00:23+00:00\" \/>\n<meta property=\"article:modified_time\" content=\"2024-10-29T02:13:06+00:00\" \/>\n<meta property=\"og:image\" content=\"https:\/\/www.nexoinformativo.mx\/wp-content\/uploads\/2024\/10\/IMG_3504-scaled-e1730167725460.jpg\" \/>\n\t<meta property=\"og:image:width\" content=\"800\" \/>\n\t<meta property=\"og:image:height\" content=\"1000\" \/>\n\t<meta property=\"og:image:type\" content=\"image\/jpeg\" \/>\n<meta name=\"author\" content=\"Nexo Informativo\" \/>\n<meta name=\"twitter:card\" content=\"summary_large_image\" \/>\n<meta name=\"twitter:label1\" content=\"Escrito por\" \/>\n\t<meta name=\"twitter:data1\" content=\"Nexo Informativo\" \/>\n\t<meta name=\"twitter:label2\" content=\"Tiempo de lectura\" \/>\n\t<meta name=\"twitter:data2\" content=\"2 minutos\" \/>\n<script type=\"application\/ld+json\" class=\"yoast-schema-graph\">{\"@context\":\"https:\/\/schema.org\",\"@graph\":[{\"@type\":\"Article\",\"@id\":\"https:\/\/www.nexoinformativo.mx\/index.php\/2024\/10\/28\/mauricio-kuri-entrega-paquetes-de-libros-defensores-de-queretaro-para-fomentar-la-lectura-y-la-identidad-estatal-a-los-ninos\/#article\",\"isPartOf\":{\"@id\":\"https:\/\/www.nexoinformativo.mx\/index.php\/2024\/10\/28\/mauricio-kuri-entrega-paquetes-de-libros-defensores-de-queretaro-para-fomentar-la-lectura-y-la-identidad-estatal-a-los-ninos\/\"},\"author\":{\"name\":\"Nexo Informativo\",\"@id\":\"https:\/\/www.nexoinformativo.mx\/#\/schema\/person\/7749d380ba08c8ca00d7bc76fd907b7d\"},\"headline\":\"Mauricio Kuri entrega paquetes de libros \u201cDefensores de Quer\u00e9taro\u201d para fomentar la lectura y la identidad Estatal a los ni\u00f1os\",\"datePublished\":\"2024-10-29T01:00:23+00:00\",\"dateModified\":\"2024-10-29T02:13:06+00:00\",\"mainEntityOfPage\":{\"@id\":\"https:\/\/www.nexoinformativo.mx\/index.php\/2024\/10\/28\/mauricio-kuri-entrega-paquetes-de-libros-defensores-de-queretaro-para-fomentar-la-lectura-y-la-identidad-estatal-a-los-ninos\/\"},\"wordCount\":244,\"commentCount\":0,\"publisher\":{\"@id\":\"https:\/\/www.nexoinformativo.mx\/#organization\"},\"image\":{\"@id\":\"https:\/\/www.nexoinformativo.mx\/index.php\/2024\/10\/28\/mauricio-kuri-entrega-paquetes-de-libros-defensores-de-queretaro-para-fomentar-la-lectura-y-la-identidad-estatal-a-los-ninos\/#primaryimage\"},\"thumbnailUrl\":\"https:\/\/www.nexoinformativo.mx\/wp-content\/uploads\/2024\/10\/IMG_3504-scaled-e1730167725460.jpg\",\"keywords\":[\"DefensoresDeQuer\u00e9taro\",\"educacion\",\"Lectura\",\"MauricioKuri\"],\"articleSection\":[\"Estado\",\"\u00daltima Hora\"],\"inLanguage\":\"es\",\"potentialAction\":[{\"@type\":\"CommentAction\",\"name\":\"Comment\",\"target\":[\"https:\/\/www.nexoinformativo.mx\/index.php\/2024\/10\/28\/mauricio-kuri-entrega-paquetes-de-libros-defensores-de-queretaro-para-fomentar-la-lectura-y-la-identidad-estatal-a-los-ninos\/#respond\"]}]},{\"@type\":\"WebPage\",\"@id\":\"https:\/\/www.nexoinformativo.mx\/index.php\/2024\/10\/28\/mauricio-kuri-entrega-paquetes-de-libros-defensores-de-queretaro-para-fomentar-la-lectura-y-la-identidad-estatal-a-los-ninos\/\",\"url\":\"https:\/\/www.nexoinformativo.mx\/index.php\/2024\/10\/28\/mauricio-kuri-entrega-paquetes-de-libros-defensores-de-queretaro-para-fomentar-la-lectura-y-la-identidad-estatal-a-los-ninos\/\",\"name\":\"Mauricio Kuri entrega paquetes de libros \u201cDefensores de Quer\u00e9taro\u201d para fomentar la lectura y la identidad Estatal a los ni\u00f1os | Nexo Informativo Santiago de Quer\u00e9taro\",\"isPartOf\":{\"@id\":\"https:\/\/www.nexoinformativo.mx\/#website\"},\"primaryImageOfPage\":{\"@id\":\"https:\/\/www.nexoinformativo.mx\/index.php\/2024\/10\/28\/mauricio-kuri-entrega-paquetes-de-libros-defensores-de-queretaro-para-fomentar-la-lectura-y-la-identidad-estatal-a-los-ninos\/#primaryimage\"},\"image\":{\"@id\":\"https:\/\/www.nexoinformativo.mx\/index.php\/2024\/10\/28\/mauricio-kuri-entrega-paquetes-de-libros-defensores-de-queretaro-para-fomentar-la-lectura-y-la-identidad-estatal-a-los-ninos\/#primaryimage\"},\"thumbnailUrl\":\"https:\/\/www.nexoinformativo.mx\/wp-content\/uploads\/2024\/10\/IMG_3504-scaled-e1730167725460.jpg\",\"datePublished\":\"2024-10-29T01:00:23+00:00\",\"dateModified\":\"2024-10-29T02:13:06+00:00\",\"description\":\"Mauricio Kuri entrega paquetes de Libros \u201cDefensores de Quer\u00e9taro\u201d para fomentar la lectura y la identidad Estatal a los ni\u00f1os\",\"breadcrumb\":{\"@id\":\"https:\/\/www.nexoinformativo.mx\/index.php\/2024\/10\/28\/mauricio-kuri-entrega-paquetes-de-libros-defensores-de-queretaro-para-fomentar-la-lectura-y-la-identidad-estatal-a-los-ninos\/#breadcrumb\"},\"inLanguage\":\"es\",\"potentialAction\":[{\"@type\":\"ReadAction\",\"target\":[\"https:\/\/www.nexoinformativo.mx\/index.php\/2024\/10\/28\/mauricio-kuri-entrega-paquetes-de-libros-defensores-de-queretaro-para-fomentar-la-lectura-y-la-identidad-estatal-a-los-ninos\/\"]}]},{\"@type\":\"ImageObject\",\"inLanguage\":\"es\",\"@id\":\"https:\/\/www.nexoinformativo.mx\/index.php\/2024\/10\/28\/mauricio-kuri-entrega-paquetes-de-libros-defensores-de-queretaro-para-fomentar-la-lectura-y-la-identidad-estatal-a-los-ninos\/#primaryimage\",\"url\":\"https:\/\/www.nexoinformativo.mx\/wp-content\/uploads\/2024\/10\/IMG_3504-scaled-e1730167725460.jpg\",\"contentUrl\":\"https:\/\/www.nexoinformativo.mx\/wp-content\/uploads\/2024\/10\/IMG_3504-scaled-e1730167725460.jpg\",\"width\":800,\"height\":1000},{\"@type\":\"BreadcrumbList\",\"@id\":\"https:\/\/www.nexoinformativo.mx\/index.php\/2024\/10\/28\/mauricio-kuri-entrega-paquetes-de-libros-defensores-de-queretaro-para-fomentar-la-lectura-y-la-identidad-estatal-a-los-ninos\/#breadcrumb\",\"itemListElement\":[{\"@type\":\"ListItem\",\"position\":1,\"name\":\"Inicio\",\"item\":\"https:\/\/www.nexoinformativo.mx\/\"},{\"@type\":\"ListItem\",\"position\":2,\"name\":\"Mauricio Kuri entrega paquetes de libros \u201cDefensores de Quer\u00e9taro\u201d para fomentar la lectura y la identidad Estatal a los ni\u00f1os\"}]},{\"@type\":\"WebSite\",\"@id\":\"https:\/\/www.nexoinformativo.mx\/#website\",\"url\":\"https:\/\/www.nexoinformativo.mx\/\",\"name\":\"Nexo Informativo Santiago de Quer\u00e9taro\",\"description\":\"Explora NexoInformativo y convi\u00e9rtete en parte de una comunidad que valora el conocimiento y la verdad. Tu nexoinformativo es tu puente hacia una comprensi\u00f3n m\u00e1s profunda del mundo que te rodea.\",\"publisher\":{\"@id\":\"https:\/\/www.nexoinformativo.mx\/#organization\"},\"potentialAction\":[{\"@type\":\"SearchAction\",\"target\":{\"@type\":\"EntryPoint\",\"urlTemplate\":\"https:\/\/www.nexoinformativo.mx\/?s={search_term_string}\"},\"query-input\":{\"@type\":\"PropertyValueSpecification\",\"valueRequired\":true,\"valueName\":\"search_term_string\"}}],\"inLanguage\":\"es\"},{\"@type\":\"Organization\",\"@id\":\"https:\/\/www.nexoinformativo.mx\/#organization\",\"name\":\"Nexo Informativo Santiago de Quer\u00e9taro\",\"url\":\"https:\/\/www.nexoinformativo.mx\/\",\"logo\":{\"@type\":\"ImageObject\",\"inLanguage\":\"es\",\"@id\":\"https:\/\/www.nexoinformativo.mx\/#\/schema\/logo\/image\/\",\"url\":\"https:\/\/www.nexoinformativo.mx\/wp-content\/uploads\/2024\/07\/nexoi-trasparente-2.png\",\"contentUrl\":\"https:\/\/www.nexoinformativo.mx\/wp-content\/uploads\/2024\/07\/nexoi-trasparente-2.png\",\"width\":816,\"height\":339,\"caption\":\"Nexo Informativo Santiago de Quer\u00e9taro\"},\"image\":{\"@id\":\"https:\/\/www.nexoinformativo.mx\/#\/schema\/logo\/image\/\"},\"sameAs\":[\"https:\/\/www.facebook.com\/people\/Nexo-Informativo\/61564066885511\/\"]},{\"@type\":\"Person\",\"@id\":\"https:\/\/www.nexoinformativo.mx\/#\/schema\/person\/7749d380ba08c8ca00d7bc76fd907b7d\",\"name\":\"Nexo Informativo\",\"image\":{\"@type\":\"ImageObject\",\"inLanguage\":\"es\",\"@id\":\"https:\/\/www.nexoinformativo.mx\/#\/schema\/person\/image\/\",\"url\":\"https:\/\/secure.gravatar.com\/avatar\/dde2928154642a13d95f87ddf1ea9718fe2b46760a005c53e41ff5ad610704e6?s=96&d=mm&r=g\",\"contentUrl\":\"https:\/\/secure.gravatar.com\/avatar\/dde2928154642a13d95f87ddf1ea9718fe2b46760a005c53e41ff5ad610704e6?s=96&d=mm&r=g\",\"caption\":\"Nexo Informativo\"},\"url\":\"https:\/\/www.nexoinformativo.mx\/index.php\/author\/edicion\/\"}]}<\/script>\n<!-- \/ Yoast SEO plugin. -->","yoast_head_json":{"title":"Mauricio Kuri entrega paquetes de libros \u201cDefensores de Quer\u00e9taro\u201d para fomentar la lectura y la identidad Estatal a los ni\u00f1os | Nexo Informativo Santiago de Quer\u00e9taro","description":"Mauricio Kuri entrega paquetes de Libros \u201cDefensores de Quer\u00e9taro\u201d para fomentar la lectura y la identidad Estatal a los ni\u00f1os","robots":{"index":"index","follow":"follow","max-snippet":"max-snippet:-1","max-image-preview":"max-image-preview:large","max-video-preview":"max-video-preview:-1"},"canonical":"https:\/\/www.nexoinformativo.mx\/index.php\/2024\/10\/28\/mauricio-kuri-entrega-paquetes-de-libros-defensores-de-queretaro-para-fomentar-la-lectura-y-la-identidad-estatal-a-los-ninos\/","og_locale":"es_MX","og_type":"article","og_title":"Mauricio Kuri entrega paquetes de libros \u201cDefensores de Quer\u00e9taro\u201d para fomentar la lectura y la identidad Estatal a los ni\u00f1os | Nexo Informativo Santiago de Quer\u00e9taro","og_description":"Mauricio Kuri entrega paquetes de Libros \u201cDefensores de Quer\u00e9taro\u201d para fomentar la lectura y la identidad Estatal a los ni\u00f1os","og_url":"https:\/\/www.nexoinformativo.mx\/index.php\/2024\/10\/28\/mauricio-kuri-entrega-paquetes-de-libros-defensores-de-queretaro-para-fomentar-la-lectura-y-la-identidad-estatal-a-los-ninos\/","og_site_name":"Nexo Informativo Santiago de Quer\u00e9taro","article_publisher":"https:\/\/www.facebook.com\/people\/Nexo-Informativo\/61564066885511\/","article_published_time":"2024-10-29T01:00:23+00:00","article_modified_time":"2024-10-29T02:13:06+00:00","og_image":[{"width":800,"height":1000,"url":"https:\/\/www.nexoinformativo.mx\/wp-content\/uploads\/2024\/10\/IMG_3504-scaled-e1730167725460.jpg","type":"image\/jpeg"}],"author":"Nexo Informativo","twitter_card":"summary_large_image","twitter_misc":{"Escrito por":"Nexo Informativo","Tiempo de lectura":"2 minutos"},"schema":{"@context":"https:\/\/schema.org","@graph":[{"@type":"Article","@id":"https:\/\/www.nexoinformativo.mx\/index.php\/2024\/10\/28\/mauricio-kuri-entrega-paquetes-de-libros-defensores-de-queretaro-para-fomentar-la-lectura-y-la-identidad-estatal-a-los-ninos\/#article","isPartOf":{"@id":"https:\/\/www.nexoinformativo.mx\/index.php\/2024\/10\/28\/mauricio-kuri-entrega-paquetes-de-libros-defensores-de-queretaro-para-fomentar-la-lectura-y-la-identidad-estatal-a-los-ninos\/"},"author":{"name":"Nexo Informativo","@id":"https:\/\/www.nexoinformativo.mx\/#\/schema\/person\/7749d380ba08c8ca00d7bc76fd907b7d"},"headline":"Mauricio Kuri entrega paquetes de libros \u201cDefensores de Quer\u00e9taro\u201d para fomentar la lectura y la identidad Estatal a los ni\u00f1os","datePublished":"2024-10-29T01:00:23+00:00","dateModified":"2024-10-29T02:13:06+00:00","mainEntityOfPage":{"@id":"https:\/\/www.nexoinformativo.mx\/index.php\/2024\/10\/28\/mauricio-kuri-entrega-paquetes-de-libros-defensores-de-queretaro-para-fomentar-la-lectura-y-la-identidad-estatal-a-los-ninos\/"},"wordCount":244,"commentCount":0,"publisher":{"@id":"https:\/\/www.nexoinformativo.mx\/#organization"},"image":{"@id":"https:\/\/www.nexoinformativo.mx\/index.php\/2024\/10\/28\/mauricio-kuri-entrega-paquetes-de-libros-defensores-de-queretaro-para-fomentar-la-lectura-y-la-identidad-estatal-a-los-ninos\/#primaryimage"},"thumbnailUrl":"https:\/\/www.nexoinformativo.mx\/wp-content\/uploads\/2024\/10\/IMG_3504-scaled-e1730167725460.jpg","keywords":["DefensoresDeQuer\u00e9taro","educacion","Lectura","MauricioKuri"],"articleSection":["Estado","\u00daltima Hora"],"inLanguage":"es","potentialAction":[{"@type":"CommentAction","name":"Comment","target":["https:\/\/www.nexoinformativo.mx\/index.php\/2024\/10\/28\/mauricio-kuri-entrega-paquetes-de-libros-defensores-de-queretaro-para-fomentar-la-lectura-y-la-identidad-estatal-a-los-ninos\/#respond"]}]},{"@type":"WebPage","@id":"https:\/\/www.nexoinformativo.mx\/index.php\/2024\/10\/28\/mauricio-kuri-entrega-paquetes-de-libros-defensores-de-queretaro-para-fomentar-la-lectura-y-la-identidad-estatal-a-los-ninos\/","url":"https:\/\/www.nexoinformativo.mx\/index.php\/2024\/10\/28\/mauricio-kuri-entrega-paquetes-de-libros-defensores-de-queretaro-para-fomentar-la-lectura-y-la-identidad-estatal-a-los-ninos\/","name":"Mauricio Kuri entrega paquetes de libros \u201cDefensores de Quer\u00e9taro\u201d para fomentar la lectura y la identidad Estatal a los ni\u00f1os | Nexo Informativo Santiago de Quer\u00e9taro","isPartOf":{"@id":"https:\/\/www.nexoinformativo.mx\/#website"},"primaryImageOfPage":{"@id":"https:\/\/www.nexoinformativo.mx\/index.php\/2024\/10\/28\/mauricio-kuri-entrega-paquetes-de-libros-defensores-de-queretaro-para-fomentar-la-lectura-y-la-identidad-estatal-a-los-ninos\/#primaryimage"},"image":{"@id":"https:\/\/www.nexoinformativo.mx\/index.php\/2024\/10\/28\/mauricio-kuri-entrega-paquetes-de-libros-defensores-de-queretaro-para-fomentar-la-lectura-y-la-identidad-estatal-a-los-ninos\/#primaryimage"},"thumbnailUrl":"https:\/\/www.nexoinformativo.mx\/wp-content\/uploads\/2024\/10\/IMG_3504-scaled-e1730167725460.jpg","datePublished":"2024-10-29T01:00:23+00:00","dateModified":"2024-10-29T02:13:06+00:00","description":"Mauricio Kuri entrega paquetes de Libros \u201cDefensores de Quer\u00e9taro\u201d para fomentar la lectura y la identidad Estatal a los ni\u00f1os","breadcrumb":{"@id":"https:\/\/www.nexoinformativo.mx\/index.php\/2024\/10\/28\/mauricio-kuri-entrega-paquetes-de-libros-defensores-de-queretaro-para-fomentar-la-lectura-y-la-identidad-estatal-a-los-ninos\/#breadcrumb"},"inLanguage":"es","potentialAction":[{"@type":"ReadAction","target":["https:\/\/www.nexoinformativo.mx\/index.php\/2024\/10\/28\/mauricio-kuri-entrega-paquetes-de-libros-defensores-de-queretaro-para-fomentar-la-lectura-y-la-identidad-estatal-a-los-ninos\/"]}]},{"@type":"ImageObject","inLanguage":"es","@id":"https:\/\/www.nexoinformativo.mx\/index.php\/2024\/10\/28\/mauricio-kuri-entrega-paquetes-de-libros-defensores-de-queretaro-para-fomentar-la-lectura-y-la-identidad-estatal-a-los-ninos\/#primaryimage","url":"https:\/\/www.nexoinformativo.mx\/wp-content\/uploads\/2024\/10\/IMG_3504-scaled-e1730167725460.jpg","contentUrl":"https:\/\/www.nexoinformativo.mx\/wp-content\/uploads\/2024\/10\/IMG_3504-scaled-e1730167725460.jpg","width":800,"height":1000},{"@type":"BreadcrumbList","@id":"https:\/\/www.nexoinformativo.mx\/index.php\/2024\/10\/28\/mauricio-kuri-entrega-paquetes-de-libros-defensores-de-queretaro-para-fomentar-la-lectura-y-la-identidad-estatal-a-los-ninos\/#breadcrumb","itemListElement":[{"@type":"ListItem","position":1,"name":"Inicio","item":"https:\/\/www.nexoinformativo.mx\/"},{"@type":"ListItem","position":2,"name":"Mauricio Kuri entrega paquetes de libros \u201cDefensores de Quer\u00e9taro\u201d para fomentar la lectura y la identidad Estatal a los ni\u00f1os"}]},{"@type":"WebSite","@id":"https:\/\/www.nexoinformativo.mx\/#website","url":"https:\/\/www.nexoinformativo.mx\/","name":"Nexo Informativo Santiago de Quer\u00e9taro","description":"Explora NexoInformativo y convi\u00e9rtete en parte de una comunidad que valora el conocimiento y la verdad. Tu nexoinformativo es tu puente hacia una comprensi\u00f3n m\u00e1s profunda del mundo que te rodea.","publisher":{"@id":"https:\/\/www.nexoinformativo.mx\/#organization"},"potentialAction":[{"@type":"SearchAction","target":{"@type":"EntryPoint","urlTemplate":"https:\/\/www.nexoinformativo.mx\/?s={search_term_string}"},"query-input":{"@type":"PropertyValueSpecification","valueRequired":true,"valueName":"search_term_string"}}],"inLanguage":"es"},{"@type":"Organization","@id":"https:\/\/www.nexoinformativo.mx\/#organization","name":"Nexo Informativo Santiago de Quer\u00e9taro","url":"https:\/\/www.nexoinformativo.mx\/","logo":{"@type":"ImageObject","inLanguage":"es","@id":"https:\/\/www.nexoinformativo.mx\/#\/schema\/logo\/image\/","url":"https:\/\/www.nexoinformativo.mx\/wp-content\/uploads\/2024\/07\/nexoi-trasparente-2.png","contentUrl":"https:\/\/www.nexoinformativo.mx\/wp-content\/uploads\/2024\/07\/nexoi-trasparente-2.png","width":816,"height":339,"caption":"Nexo Informativo Santiago de Quer\u00e9taro"},"image":{"@id":"https:\/\/www.nexoinformativo.mx\/#\/schema\/logo\/image\/"},"sameAs":["https:\/\/www.facebook.com\/people\/Nexo-Informativo\/61564066885511\/"]},{"@type":"Person","@id":"https:\/\/www.nexoinformativo.mx\/#\/schema\/person\/7749d380ba08c8ca00d7bc76fd907b7d","name":"Nexo Informativo","image":{"@type":"ImageObject","inLanguage":"es","@id":"https:\/\/www.nexoinformativo.mx\/#\/schema\/person\/image\/","url":"https:\/\/secure.gravatar.com\/avatar\/dde2928154642a13d95f87ddf1ea9718fe2b46760a005c53e41ff5ad610704e6?s=96&d=mm&r=g","contentUrl":"https:\/\/secure.gravatar.com\/avatar\/dde2928154642a13d95f87ddf1ea9718fe2b46760a005c53e41ff5ad610704e6?s=96&d=mm&r=g","caption":"Nexo Informativo"},"url":"https:\/\/www.nexoinformativo.mx\/index.php\/author\/edicion\/"}]}},"_links":{"self":[{"href":"https:\/\/www.nexoinformativo.mx\/index.php\/wp-json\/wp\/v2\/posts\/4767","targetHints":{"allow":["GET"]}}],"collection":[{"href":"https:\/\/www.nexoinformativo.mx\/index.php\/wp-json\/wp\/v2\/posts"}],"about":[{"href":"https:\/\/www.nexoinformativo.mx\/index.php\/wp-json\/wp\/v2\/types\/post"}],"author":[{"embeddable":true,"href":"https:\/\/www.nexoinformativo.mx\/index.php\/wp-json\/wp\/v2\/users\/3"}],"replies":[{"embeddable":true,"href":"https:\/\/www.nexoinformativo.mx\/index.php\/wp-json\/wp\/v2\/comments?post=4767"}],"version-history":[{"count":7,"href":"https:\/\/www.nexoinformativo.mx\/index.php\/wp-json\/wp\/v2\/posts\/4767\/revisions"}],"predecessor-version":[{"id":4775,"href":"https:\/\/www.nexoinformativo.mx\/index.php\/wp-json\/wp\/v2\/posts\/4767\/revisions\/4775"}],"wp:featuredmedia":[{"embeddable":true,"href":"https:\/\/www.nexoinformativo.mx\/index.php\/wp-json\/wp\/v2\/media\/4768"}],"wp:attachment":[{"href":"https:\/\/www.nexoinformativo.mx\/index.php\/wp-json\/wp\/v2\/media?parent=4767"}],"wp:term":[{"taxonomy":"category","embeddable":true,"href":"https:\/\/www.nexoinformativo.mx\/index.php\/wp-json\/wp\/v2\/categories?post=4767"},{"taxonomy":"post_tag","embeddable":true,"href":"https:\/\/www.nexoinformativo.mx\/index.php\/wp-json\/wp\/v2\/tags?post=4767"}],"curies":[{"name":"wp","href":"https:\/\/api.w.org\/{rel}","templated":true}]}}