{"id":4796,"date":"2024-10-29T08:30:27","date_gmt":"2024-10-29T14:30:27","guid":{"rendered":"https:\/\/www.nexoinformativo.mx\/?p=4796"},"modified":"2024-10-29T09:39:29","modified_gmt":"2024-10-29T15:39:29","slug":"fiscalia-de-queretaro-y-secretaria-de-las-mujeres-se-unen-para-proteger-a-adolescentes-en-procesos-penales","status":"publish","type":"post","link":"https:\/\/www.nexoinformativo.mx\/index.php\/2024\/10\/29\/fiscalia-de-queretaro-y-secretaria-de-las-mujeres-se-unen-para-proteger-a-adolescentes-en-procesos-penales\/","title":{"rendered":"Fiscal\u00eda de Quer\u00e9taro y Secretar\u00eda de las Mujeres se unen para proteger a adolescentes en procesos penales"},"content":{"rendered":"<p style=\"text-align: justify;\" data-sourcepos=\"5:1-5:273\">En un esfuerzo conjunto por garantizar la protecci\u00f3n de adolescentes involucrados en procesos penales, la Fiscal\u00eda General del Estado de Quer\u00e9taro sostuvo una mesa de trabajo con la Secretar\u00eda de las Mujeres, encabezada por Citlalli Hern\u00e1ndez.<\/p>\n<p>&nbsp;<\/p>\n<p style=\"text-align: justify;\" data-sourcepos=\"7:1-7:370\">El Fiscal General, V\u00edctor Antonio De Jes\u00fas Hern\u00e1ndez, con su equipo, y diversas autoridades e instituciones, evaluaron la creaci\u00f3n de una propuesta s\u00f3lida para este sector vulnerable de la sociedad. Derivado de esta reuni\u00f3n, se plante\u00f3 la firma de un acuerdo que materializar\u00e1 las voluntades de todos los participantes y establecer\u00e1 un precedente a nivel nacional.<\/p>\n<p>&nbsp;<\/p>\n<p style=\"text-align: justify;\" data-sourcepos=\"11:1-11:226\">El objetivo principal de este acuerdo es garantizar que los derechos de los adolescentes sean respetados en todo momento durante el proceso penal, brind\u00e1ndoles las herramientas y el apoyo necesarios para su reinserci\u00f3n social.<\/p>\n<p>&nbsp;<\/p>\n<p style=\"text-align: justify;\" data-sourcepos=\"17:1-17:361\">La firma de este acuerdo representa un paso significativo hacia la construcci\u00f3n de un sistema de justicia juvenil m\u00e1s justo y humano. Se busca garantizar que los adolescentes sean tratados de manera adecuada y que sus derechos sean tutelados en todo momento.<\/p>\n<p>&nbsp;<\/p>\n<p style=\"text-align: center;\" data-sourcepos=\"17:1-17:361\"><strong><em>\u00a1Informaci\u00f3n que transforma!<\/em><\/strong><\/p>\n","protected":false},"excerpt":{"rendered":"<p>En un esfuerzo conjunto por garantizar la protecci\u00f3n de adolescentes involucrados en procesos penales, la Fiscal\u00eda General del Estado de Quer\u00e9taro sostuvo una mesa de trabajo con la Secretar\u00eda de las Mujeres, encabezada por Citlalli Hern\u00e1ndez.<\/p>\n","protected":false},"author":3,"featured_media":4797,"comment_status":"open","ping_status":"open","sticky":false,"template":"","format":"standard","meta":{"footnotes":""},"categories":[65,58],"tags":[1709,499,1708,133],"class_list":["post-4796","post","type-post","status-publish","format-standard","has-post-thumbnail","hentry","category-municipios","category-ultima-hora","tag-colaboracioninstitucional","tag-derechoshumanos","tag-protecciondemenores","tag-queretaro"],"yoast_head":"<!-- This site is optimized with the Yoast SEO plugin v25.0 - https:\/\/yoast.com\/wordpress\/plugins\/seo\/ -->\n<title>Fiscal\u00eda de Quer\u00e9taro y Secretar\u00eda de las Mujeres se unen para proteger a adolescentes en procesos penales | Nexo Informativo Santiago de Quer\u00e9taro<\/title>\n<meta name=\"description\" content=\"Fiscal\u00eda de Quer\u00e9taro y Secretar\u00eda de las Mujeres se unen para proteger a adolescentes en procesos penales\" \/>\n<meta name=\"robots\" content=\"index, follow, max-snippet:-1, max-image-preview:large, max-video-preview:-1\" \/>\n<link rel=\"canonical\" href=\"https:\/\/www.nexoinformativo.mx\/index.php\/2024\/10\/29\/fiscalia-de-queretaro-y-secretaria-de-las-mujeres-se-unen-para-proteger-a-adolescentes-en-procesos-penales\/\" \/>\n<meta property=\"og:locale\" content=\"es_MX\" \/>\n<meta property=\"og:type\" content=\"article\" \/>\n<meta property=\"og:title\" content=\"Fiscal\u00eda de Quer\u00e9taro y Secretar\u00eda de las Mujeres se unen para proteger a adolescentes en procesos penales | Nexo Informativo Santiago de Quer\u00e9taro\" \/>\n<meta property=\"og:description\" content=\"Fiscal\u00eda de Quer\u00e9taro y Secretar\u00eda de las Mujeres se unen para proteger a adolescentes en procesos penales\" \/>\n<meta property=\"og:url\" content=\"https:\/\/www.nexoinformativo.mx\/index.php\/2024\/10\/29\/fiscalia-de-queretaro-y-secretaria-de-las-mujeres-se-unen-para-proteger-a-adolescentes-en-procesos-penales\/\" \/>\n<meta property=\"og:site_name\" content=\"Nexo Informativo Santiago de Quer\u00e9taro\" \/>\n<meta property=\"article:publisher\" content=\"https:\/\/www.facebook.com\/people\/Nexo-Informativo\/61564066885511\/\" \/>\n<meta property=\"article:published_time\" content=\"2024-10-29T14:30:27+00:00\" \/>\n<meta property=\"article:modified_time\" content=\"2024-10-29T15:39:29+00:00\" \/>\n<meta property=\"og:image\" content=\"https:\/\/www.nexoinformativo.mx\/wp-content\/uploads\/2024\/10\/IMG_7324-e1730216119994.jpg\" \/>\n\t<meta property=\"og:image:width\" content=\"800\" \/>\n\t<meta property=\"og:image:height\" content=\"533\" \/>\n\t<meta property=\"og:image:type\" content=\"image\/jpeg\" \/>\n<meta name=\"author\" content=\"Nexo Informativo\" \/>\n<meta name=\"twitter:card\" content=\"summary_large_image\" \/>\n<meta name=\"twitter:label1\" content=\"Escrito por\" \/>\n\t<meta name=\"twitter:data1\" content=\"Nexo Informativo\" \/>\n\t<meta name=\"twitter:label2\" content=\"Tiempo de lectura\" \/>\n\t<meta name=\"twitter:data2\" content=\"1 minuto\" \/>\n<script type=\"application\/ld+json\" class=\"yoast-schema-graph\">{\"@context\":\"https:\/\/schema.org\",\"@graph\":[{\"@type\":\"Article\",\"@id\":\"https:\/\/www.nexoinformativo.mx\/index.php\/2024\/10\/29\/fiscalia-de-queretaro-y-secretaria-de-las-mujeres-se-unen-para-proteger-a-adolescentes-en-procesos-penales\/#article\",\"isPartOf\":{\"@id\":\"https:\/\/www.nexoinformativo.mx\/index.php\/2024\/10\/29\/fiscalia-de-queretaro-y-secretaria-de-las-mujeres-se-unen-para-proteger-a-adolescentes-en-procesos-penales\/\"},\"author\":{\"name\":\"Nexo Informativo\",\"@id\":\"https:\/\/www.nexoinformativo.mx\/#\/schema\/person\/7749d380ba08c8ca00d7bc76fd907b7d\"},\"headline\":\"Fiscal\u00eda de Quer\u00e9taro y Secretar\u00eda de las Mujeres se unen para proteger a adolescentes en procesos penales\",\"datePublished\":\"2024-10-29T14:30:27+00:00\",\"dateModified\":\"2024-10-29T15:39:29+00:00\",\"mainEntityOfPage\":{\"@id\":\"https:\/\/www.nexoinformativo.mx\/index.php\/2024\/10\/29\/fiscalia-de-queretaro-y-secretaria-de-las-mujeres-se-unen-para-proteger-a-adolescentes-en-procesos-penales\/\"},\"wordCount\":211,\"commentCount\":0,\"publisher\":{\"@id\":\"https:\/\/www.nexoinformativo.mx\/#organization\"},\"image\":{\"@id\":\"https:\/\/www.nexoinformativo.mx\/index.php\/2024\/10\/29\/fiscalia-de-queretaro-y-secretaria-de-las-mujeres-se-unen-para-proteger-a-adolescentes-en-procesos-penales\/#primaryimage\"},\"thumbnailUrl\":\"https:\/\/www.nexoinformativo.mx\/wp-content\/uploads\/2024\/10\/IMG_7324-e1730216119994.jpg\",\"keywords\":[\"Colaboraci\u00f3nInstitucional\",\"DerechosHumanos\",\"Protecci\u00f3nDeMenores\",\"Quer\u00e9taro\"],\"articleSection\":[\"Municipios\",\"\u00daltima Hora\"],\"inLanguage\":\"es\",\"potentialAction\":[{\"@type\":\"CommentAction\",\"name\":\"Comment\",\"target\":[\"https:\/\/www.nexoinformativo.mx\/index.php\/2024\/10\/29\/fiscalia-de-queretaro-y-secretaria-de-las-mujeres-se-unen-para-proteger-a-adolescentes-en-procesos-penales\/#respond\"]}]},{\"@type\":\"WebPage\",\"@id\":\"https:\/\/www.nexoinformativo.mx\/index.php\/2024\/10\/29\/fiscalia-de-queretaro-y-secretaria-de-las-mujeres-se-unen-para-proteger-a-adolescentes-en-procesos-penales\/\",\"url\":\"https:\/\/www.nexoinformativo.mx\/index.php\/2024\/10\/29\/fiscalia-de-queretaro-y-secretaria-de-las-mujeres-se-unen-para-proteger-a-adolescentes-en-procesos-penales\/\",\"name\":\"Fiscal\u00eda de Quer\u00e9taro y Secretar\u00eda de las Mujeres se unen para proteger a adolescentes en procesos penales | Nexo Informativo Santiago de Quer\u00e9taro\",\"isPartOf\":{\"@id\":\"https:\/\/www.nexoinformativo.mx\/#website\"},\"primaryImageOfPage\":{\"@id\":\"https:\/\/www.nexoinformativo.mx\/index.php\/2024\/10\/29\/fiscalia-de-queretaro-y-secretaria-de-las-mujeres-se-unen-para-proteger-a-adolescentes-en-procesos-penales\/#primaryimage\"},\"image\":{\"@id\":\"https:\/\/www.nexoinformativo.mx\/index.php\/2024\/10\/29\/fiscalia-de-queretaro-y-secretaria-de-las-mujeres-se-unen-para-proteger-a-adolescentes-en-procesos-penales\/#primaryimage\"},\"thumbnailUrl\":\"https:\/\/www.nexoinformativo.mx\/wp-content\/uploads\/2024\/10\/IMG_7324-e1730216119994.jpg\",\"datePublished\":\"2024-10-29T14:30:27+00:00\",\"dateModified\":\"2024-10-29T15:39:29+00:00\",\"description\":\"Fiscal\u00eda de Quer\u00e9taro y Secretar\u00eda de las Mujeres se unen para proteger a adolescentes en procesos penales\",\"breadcrumb\":{\"@id\":\"https:\/\/www.nexoinformativo.mx\/index.php\/2024\/10\/29\/fiscalia-de-queretaro-y-secretaria-de-las-mujeres-se-unen-para-proteger-a-adolescentes-en-procesos-penales\/#breadcrumb\"},\"inLanguage\":\"es\",\"potentialAction\":[{\"@type\":\"ReadAction\",\"target\":[\"https:\/\/www.nexoinformativo.mx\/index.php\/2024\/10\/29\/fiscalia-de-queretaro-y-secretaria-de-las-mujeres-se-unen-para-proteger-a-adolescentes-en-procesos-penales\/\"]}]},{\"@type\":\"ImageObject\",\"inLanguage\":\"es\",\"@id\":\"https:\/\/www.nexoinformativo.mx\/index.php\/2024\/10\/29\/fiscalia-de-queretaro-y-secretaria-de-las-mujeres-se-unen-para-proteger-a-adolescentes-en-procesos-penales\/#primaryimage\",\"url\":\"https:\/\/www.nexoinformativo.mx\/wp-content\/uploads\/2024\/10\/IMG_7324-e1730216119994.jpg\",\"contentUrl\":\"https:\/\/www.nexoinformativo.mx\/wp-content\/uploads\/2024\/10\/IMG_7324-e1730216119994.jpg\",\"width\":800,\"height\":533},{\"@type\":\"BreadcrumbList\",\"@id\":\"https:\/\/www.nexoinformativo.mx\/index.php\/2024\/10\/29\/fiscalia-de-queretaro-y-secretaria-de-las-mujeres-se-unen-para-proteger-a-adolescentes-en-procesos-penales\/#breadcrumb\",\"itemListElement\":[{\"@type\":\"ListItem\",\"position\":1,\"name\":\"Inicio\",\"item\":\"https:\/\/www.nexoinformativo.mx\/\"},{\"@type\":\"ListItem\",\"position\":2,\"name\":\"Fiscal\u00eda de Quer\u00e9taro y Secretar\u00eda de las Mujeres se unen para proteger a adolescentes en procesos penales\"}]},{\"@type\":\"WebSite\",\"@id\":\"https:\/\/www.nexoinformativo.mx\/#website\",\"url\":\"https:\/\/www.nexoinformativo.mx\/\",\"name\":\"Nexo Informativo Santiago de Quer\u00e9taro\",\"description\":\"Explora NexoInformativo y convi\u00e9rtete en parte de una comunidad que valora el conocimiento y la verdad. Tu nexoinformativo es tu puente hacia una comprensi\u00f3n m\u00e1s profunda del mundo que te rodea.\",\"publisher\":{\"@id\":\"https:\/\/www.nexoinformativo.mx\/#organization\"},\"potentialAction\":[{\"@type\":\"SearchAction\",\"target\":{\"@type\":\"EntryPoint\",\"urlTemplate\":\"https:\/\/www.nexoinformativo.mx\/?s={search_term_string}\"},\"query-input\":{\"@type\":\"PropertyValueSpecification\",\"valueRequired\":true,\"valueName\":\"search_term_string\"}}],\"inLanguage\":\"es\"},{\"@type\":\"Organization\",\"@id\":\"https:\/\/www.nexoinformativo.mx\/#organization\",\"name\":\"Nexo Informativo Santiago de Quer\u00e9taro\",\"url\":\"https:\/\/www.nexoinformativo.mx\/\",\"logo\":{\"@type\":\"ImageObject\",\"inLanguage\":\"es\",\"@id\":\"https:\/\/www.nexoinformativo.mx\/#\/schema\/logo\/image\/\",\"url\":\"https:\/\/www.nexoinformativo.mx\/wp-content\/uploads\/2024\/07\/nexoi-trasparente-2.png\",\"contentUrl\":\"https:\/\/www.nexoinformativo.mx\/wp-content\/uploads\/2024\/07\/nexoi-trasparente-2.png\",\"width\":816,\"height\":339,\"caption\":\"Nexo Informativo Santiago de Quer\u00e9taro\"},\"image\":{\"@id\":\"https:\/\/www.nexoinformativo.mx\/#\/schema\/logo\/image\/\"},\"sameAs\":[\"https:\/\/www.facebook.com\/people\/Nexo-Informativo\/61564066885511\/\"]},{\"@type\":\"Person\",\"@id\":\"https:\/\/www.nexoinformativo.mx\/#\/schema\/person\/7749d380ba08c8ca00d7bc76fd907b7d\",\"name\":\"Nexo Informativo\",\"image\":{\"@type\":\"ImageObject\",\"inLanguage\":\"es\",\"@id\":\"https:\/\/www.nexoinformativo.mx\/#\/schema\/person\/image\/\",\"url\":\"https:\/\/secure.gravatar.com\/avatar\/dde2928154642a13d95f87ddf1ea9718fe2b46760a005c53e41ff5ad610704e6?s=96&d=mm&r=g\",\"contentUrl\":\"https:\/\/secure.gravatar.com\/avatar\/dde2928154642a13d95f87ddf1ea9718fe2b46760a005c53e41ff5ad610704e6?s=96&d=mm&r=g\",\"caption\":\"Nexo Informativo\"},\"url\":\"https:\/\/www.nexoinformativo.mx\/index.php\/author\/edicion\/\"}]}<\/script>\n<!-- \/ Yoast SEO plugin. -->","yoast_head_json":{"title":"Fiscal\u00eda de Quer\u00e9taro y Secretar\u00eda de las Mujeres se unen para proteger a adolescentes en procesos penales | Nexo Informativo Santiago de Quer\u00e9taro","description":"Fiscal\u00eda de Quer\u00e9taro y Secretar\u00eda de las Mujeres se unen para proteger a adolescentes en procesos penales","robots":{"index":"index","follow":"follow","max-snippet":"max-snippet:-1","max-image-preview":"max-image-preview:large","max-video-preview":"max-video-preview:-1"},"canonical":"https:\/\/www.nexoinformativo.mx\/index.php\/2024\/10\/29\/fiscalia-de-queretaro-y-secretaria-de-las-mujeres-se-unen-para-proteger-a-adolescentes-en-procesos-penales\/","og_locale":"es_MX","og_type":"article","og_title":"Fiscal\u00eda de Quer\u00e9taro y Secretar\u00eda de las Mujeres se unen para proteger a adolescentes en procesos penales | Nexo Informativo Santiago de Quer\u00e9taro","og_description":"Fiscal\u00eda de Quer\u00e9taro y Secretar\u00eda de las Mujeres se unen para proteger a adolescentes en procesos penales","og_url":"https:\/\/www.nexoinformativo.mx\/index.php\/2024\/10\/29\/fiscalia-de-queretaro-y-secretaria-de-las-mujeres-se-unen-para-proteger-a-adolescentes-en-procesos-penales\/","og_site_name":"Nexo Informativo Santiago de Quer\u00e9taro","article_publisher":"https:\/\/www.facebook.com\/people\/Nexo-Informativo\/61564066885511\/","article_published_time":"2024-10-29T14:30:27+00:00","article_modified_time":"2024-10-29T15:39:29+00:00","og_image":[{"width":800,"height":533,"url":"https:\/\/www.nexoinformativo.mx\/wp-content\/uploads\/2024\/10\/IMG_7324-e1730216119994.jpg","type":"image\/jpeg"}],"author":"Nexo Informativo","twitter_card":"summary_large_image","twitter_misc":{"Escrito por":"Nexo Informativo","Tiempo de lectura":"1 minuto"},"schema":{"@context":"https:\/\/schema.org","@graph":[{"@type":"Article","@id":"https:\/\/www.nexoinformativo.mx\/index.php\/2024\/10\/29\/fiscalia-de-queretaro-y-secretaria-de-las-mujeres-se-unen-para-proteger-a-adolescentes-en-procesos-penales\/#article","isPartOf":{"@id":"https:\/\/www.nexoinformativo.mx\/index.php\/2024\/10\/29\/fiscalia-de-queretaro-y-secretaria-de-las-mujeres-se-unen-para-proteger-a-adolescentes-en-procesos-penales\/"},"author":{"name":"Nexo Informativo","@id":"https:\/\/www.nexoinformativo.mx\/#\/schema\/person\/7749d380ba08c8ca00d7bc76fd907b7d"},"headline":"Fiscal\u00eda de Quer\u00e9taro y Secretar\u00eda de las Mujeres se unen para proteger a adolescentes en procesos penales","datePublished":"2024-10-29T14:30:27+00:00","dateModified":"2024-10-29T15:39:29+00:00","mainEntityOfPage":{"@id":"https:\/\/www.nexoinformativo.mx\/index.php\/2024\/10\/29\/fiscalia-de-queretaro-y-secretaria-de-las-mujeres-se-unen-para-proteger-a-adolescentes-en-procesos-penales\/"},"wordCount":211,"commentCount":0,"publisher":{"@id":"https:\/\/www.nexoinformativo.mx\/#organization"},"image":{"@id":"https:\/\/www.nexoinformativo.mx\/index.php\/2024\/10\/29\/fiscalia-de-queretaro-y-secretaria-de-las-mujeres-se-unen-para-proteger-a-adolescentes-en-procesos-penales\/#primaryimage"},"thumbnailUrl":"https:\/\/www.nexoinformativo.mx\/wp-content\/uploads\/2024\/10\/IMG_7324-e1730216119994.jpg","keywords":["Colaboraci\u00f3nInstitucional","DerechosHumanos","Protecci\u00f3nDeMenores","Quer\u00e9taro"],"articleSection":["Municipios","\u00daltima Hora"],"inLanguage":"es","potentialAction":[{"@type":"CommentAction","name":"Comment","target":["https:\/\/www.nexoinformativo.mx\/index.php\/2024\/10\/29\/fiscalia-de-queretaro-y-secretaria-de-las-mujeres-se-unen-para-proteger-a-adolescentes-en-procesos-penales\/#respond"]}]},{"@type":"WebPage","@id":"https:\/\/www.nexoinformativo.mx\/index.php\/2024\/10\/29\/fiscalia-de-queretaro-y-secretaria-de-las-mujeres-se-unen-para-proteger-a-adolescentes-en-procesos-penales\/","url":"https:\/\/www.nexoinformativo.mx\/index.php\/2024\/10\/29\/fiscalia-de-queretaro-y-secretaria-de-las-mujeres-se-unen-para-proteger-a-adolescentes-en-procesos-penales\/","name":"Fiscal\u00eda de Quer\u00e9taro y Secretar\u00eda de las Mujeres se unen para proteger a adolescentes en procesos penales | Nexo Informativo Santiago de Quer\u00e9taro","isPartOf":{"@id":"https:\/\/www.nexoinformativo.mx\/#website"},"primaryImageOfPage":{"@id":"https:\/\/www.nexoinformativo.mx\/index.php\/2024\/10\/29\/fiscalia-de-queretaro-y-secretaria-de-las-mujeres-se-unen-para-proteger-a-adolescentes-en-procesos-penales\/#primaryimage"},"image":{"@id":"https:\/\/www.nexoinformativo.mx\/index.php\/2024\/10\/29\/fiscalia-de-queretaro-y-secretaria-de-las-mujeres-se-unen-para-proteger-a-adolescentes-en-procesos-penales\/#primaryimage"},"thumbnailUrl":"https:\/\/www.nexoinformativo.mx\/wp-content\/uploads\/2024\/10\/IMG_7324-e1730216119994.jpg","datePublished":"2024-10-29T14:30:27+00:00","dateModified":"2024-10-29T15:39:29+00:00","description":"Fiscal\u00eda de Quer\u00e9taro y Secretar\u00eda de las Mujeres se unen para proteger a adolescentes en procesos penales","breadcrumb":{"@id":"https:\/\/www.nexoinformativo.mx\/index.php\/2024\/10\/29\/fiscalia-de-queretaro-y-secretaria-de-las-mujeres-se-unen-para-proteger-a-adolescentes-en-procesos-penales\/#breadcrumb"},"inLanguage":"es","potentialAction":[{"@type":"ReadAction","target":["https:\/\/www.nexoinformativo.mx\/index.php\/2024\/10\/29\/fiscalia-de-queretaro-y-secretaria-de-las-mujeres-se-unen-para-proteger-a-adolescentes-en-procesos-penales\/"]}]},{"@type":"ImageObject","inLanguage":"es","@id":"https:\/\/www.nexoinformativo.mx\/index.php\/2024\/10\/29\/fiscalia-de-queretaro-y-secretaria-de-las-mujeres-se-unen-para-proteger-a-adolescentes-en-procesos-penales\/#primaryimage","url":"https:\/\/www.nexoinformativo.mx\/wp-content\/uploads\/2024\/10\/IMG_7324-e1730216119994.jpg","contentUrl":"https:\/\/www.nexoinformativo.mx\/wp-content\/uploads\/2024\/10\/IMG_7324-e1730216119994.jpg","width":800,"height":533},{"@type":"BreadcrumbList","@id":"https:\/\/www.nexoinformativo.mx\/index.php\/2024\/10\/29\/fiscalia-de-queretaro-y-secretaria-de-las-mujeres-se-unen-para-proteger-a-adolescentes-en-procesos-penales\/#breadcrumb","itemListElement":[{"@type":"ListItem","position":1,"name":"Inicio","item":"https:\/\/www.nexoinformativo.mx\/"},{"@type":"ListItem","position":2,"name":"Fiscal\u00eda de Quer\u00e9taro y Secretar\u00eda de las Mujeres se unen para proteger a adolescentes en procesos penales"}]},{"@type":"WebSite","@id":"https:\/\/www.nexoinformativo.mx\/#website","url":"https:\/\/www.nexoinformativo.mx\/","name":"Nexo Informativo Santiago de Quer\u00e9taro","description":"Explora NexoInformativo y convi\u00e9rtete en parte de una comunidad que valora el conocimiento y la verdad. Tu nexoinformativo es tu puente hacia una comprensi\u00f3n m\u00e1s profunda del mundo que te rodea.","publisher":{"@id":"https:\/\/www.nexoinformativo.mx\/#organization"},"potentialAction":[{"@type":"SearchAction","target":{"@type":"EntryPoint","urlTemplate":"https:\/\/www.nexoinformativo.mx\/?s={search_term_string}"},"query-input":{"@type":"PropertyValueSpecification","valueRequired":true,"valueName":"search_term_string"}}],"inLanguage":"es"},{"@type":"Organization","@id":"https:\/\/www.nexoinformativo.mx\/#organization","name":"Nexo Informativo Santiago de Quer\u00e9taro","url":"https:\/\/www.nexoinformativo.mx\/","logo":{"@type":"ImageObject","inLanguage":"es","@id":"https:\/\/www.nexoinformativo.mx\/#\/schema\/logo\/image\/","url":"https:\/\/www.nexoinformativo.mx\/wp-content\/uploads\/2024\/07\/nexoi-trasparente-2.png","contentUrl":"https:\/\/www.nexoinformativo.mx\/wp-content\/uploads\/2024\/07\/nexoi-trasparente-2.png","width":816,"height":339,"caption":"Nexo Informativo Santiago de Quer\u00e9taro"},"image":{"@id":"https:\/\/www.nexoinformativo.mx\/#\/schema\/logo\/image\/"},"sameAs":["https:\/\/www.facebook.com\/people\/Nexo-Informativo\/61564066885511\/"]},{"@type":"Person","@id":"https:\/\/www.nexoinformativo.mx\/#\/schema\/person\/7749d380ba08c8ca00d7bc76fd907b7d","name":"Nexo Informativo","image":{"@type":"ImageObject","inLanguage":"es","@id":"https:\/\/www.nexoinformativo.mx\/#\/schema\/person\/image\/","url":"https:\/\/secure.gravatar.com\/avatar\/dde2928154642a13d95f87ddf1ea9718fe2b46760a005c53e41ff5ad610704e6?s=96&d=mm&r=g","contentUrl":"https:\/\/secure.gravatar.com\/avatar\/dde2928154642a13d95f87ddf1ea9718fe2b46760a005c53e41ff5ad610704e6?s=96&d=mm&r=g","caption":"Nexo Informativo"},"url":"https:\/\/www.nexoinformativo.mx\/index.php\/author\/edicion\/"}]}},"_links":{"self":[{"href":"https:\/\/www.nexoinformativo.mx\/index.php\/wp-json\/wp\/v2\/posts\/4796","targetHints":{"allow":["GET"]}}],"collection":[{"href":"https:\/\/www.nexoinformativo.mx\/index.php\/wp-json\/wp\/v2\/posts"}],"about":[{"href":"https:\/\/www.nexoinformativo.mx\/index.php\/wp-json\/wp\/v2\/types\/post"}],"author":[{"embeddable":true,"href":"https:\/\/www.nexoinformativo.mx\/index.php\/wp-json\/wp\/v2\/users\/3"}],"replies":[{"embeddable":true,"href":"https:\/\/www.nexoinformativo.mx\/index.php\/wp-json\/wp\/v2\/comments?post=4796"}],"version-history":[{"count":4,"href":"https:\/\/www.nexoinformativo.mx\/index.php\/wp-json\/wp\/v2\/posts\/4796\/revisions"}],"predecessor-version":[{"id":4803,"href":"https:\/\/www.nexoinformativo.mx\/index.php\/wp-json\/wp\/v2\/posts\/4796\/revisions\/4803"}],"wp:featuredmedia":[{"embeddable":true,"href":"https:\/\/www.nexoinformativo.mx\/index.php\/wp-json\/wp\/v2\/media\/4797"}],"wp:attachment":[{"href":"https:\/\/www.nexoinformativo.mx\/index.php\/wp-json\/wp\/v2\/media?parent=4796"}],"wp:term":[{"taxonomy":"category","embeddable":true,"href":"https:\/\/www.nexoinformativo.mx\/index.php\/wp-json\/wp\/v2\/categories?post=4796"},{"taxonomy":"post_tag","embeddable":true,"href":"https:\/\/www.nexoinformativo.mx\/index.php\/wp-json\/wp\/v2\/tags?post=4796"}],"curies":[{"name":"wp","href":"https:\/\/api.w.org\/{rel}","templated":true}]}}