{"id":4826,"date":"2024-10-29T09:30:50","date_gmt":"2024-10-29T15:30:50","guid":{"rendered":"https:\/\/www.nexoinformativo.mx\/?p=4826"},"modified":"2024-10-29T10:28:23","modified_gmt":"2024-10-29T16:28:23","slug":"queretaro-abre-convocatoria-permanente-para-hogares-de-corazon","status":"publish","type":"post","link":"https:\/\/www.nexoinformativo.mx\/index.php\/2024\/10\/29\/queretaro-abre-convocatoria-permanente-para-hogares-de-corazon\/","title":{"rendered":"Quer\u00e9taro abre convocatoria permanente para Hogares de Coraz\u00f3n"},"content":{"rendered":"<p style=\"text-align: justify;\" data-sourcepos=\"5:1-5:367\">El Sistema Estatal DIF, a trav\u00e9s de la Procuradur\u00eda de Protecci\u00f3n de Ni\u00f1as, Ni\u00f1os y Adolescentes, ha lanzado una convocatoria permanente para el programa Hogares de Coraz\u00f3n. Esta iniciativa busca ofrecer un ambiente familiar a ni\u00f1as, ni\u00f1os y adolescentes que se encuentran en situaci\u00f3n de vulnerabilidad y que est\u00e1n bajo la tutela del Estado.<\/p>\n<p>&nbsp;<\/p>\n<p style=\"text-align: justify;\" data-sourcepos=\"7:1-7:313\">El Procurador de Protecci\u00f3n, Manuel Hern\u00e1ndez Rodr\u00edguez, destac\u00f3 que este programa representa un nuevo modelo de cuidado alternativo a los Centros de Asistencia Social (CAS). El objetivo es brindar a los menores un entorno familiar que les permita desarrollar sus habilidades y potencialidades de manera integral.<\/p>\n<p>&nbsp;<\/p>\n<p style=\"text-align: justify;\" data-sourcepos=\"11:1-11:330\">Las familias interesadas en brindar un hogar temporal a un menor pueden comunicarse con la Coordinaci\u00f3n de Adopciones de la Procuradur\u00eda de Protecci\u00f3n. El proceso de selecci\u00f3n incluye una evaluaci\u00f3n psicol\u00f3gica y social para garantizar que las familias cuenten con las condiciones adecuadas para ofrecer un hogar seguro y amoroso.<\/p>\n<p>&nbsp;<\/p>\n<p style=\"text-align: justify;\" data-sourcepos=\"13:1-13:42\"><strong>Beneficios de ser un Hogar de Coraz\u00f3n:<\/strong><\/p>\n<ul style=\"text-align: justify;\" data-sourcepos=\"15:1-18:0\">\n<li data-sourcepos=\"15:1-15:97\">Brindar amor y apoyo: Ofrecer un ambiente familiar c\u00e1lido y seguro a un ni\u00f1o o adolescente.<\/li>\n<li data-sourcepos=\"16:1-16:70\">Fortalecer el v\u00ednculo familiar: Crear lazos afectivos duraderos.<\/li>\n<li data-sourcepos=\"17:1-18:0\">Contribuir al bienestar de la comunidad: Ser parte de una red de apoyo para los ni\u00f1os en situaci\u00f3n vulnerable.<\/li>\n<\/ul>\n<p style=\"text-align: justify;\" data-sourcepos=\"19:1-19:31\"><strong>Requisitos para participar:<\/strong><\/p>\n<ul style=\"text-align: justify;\" data-sourcepos=\"21:1-26:0\">\n<li data-sourcepos=\"21:1-21:20\">Ser mayor de edad.<\/li>\n<li data-sourcepos=\"22:1-22:47\">Contar con estabilidad emocional y econ\u00f3mica.<\/li>\n<li data-sourcepos=\"23:1-23:45\">Contar con un espacio adecuado en el hogar.<\/li>\n<li data-sourcepos=\"24:1-24:46\">Presentar documentaci\u00f3n personal y familiar.<\/li>\n<li data-sourcepos=\"25:1-26:0\">Cumplir con los requisitos establecidos por la Procuradur\u00eda de Protecci\u00f3n.\n<p style=\"text-align: justify;\" data-sourcepos=\"29:1-29:332\">\n<\/li>\n<\/ul>\n<p style=\"text-align: justify;\" data-sourcepos=\"29:1-29:332\">Si deseas conocer m\u00e1s sobre el programa Hogares de Coraz\u00f3n y quieres ser parte de esta iniciativa, te invitamos a comunicarte con la Procuradur\u00eda de Protecci\u00f3n de Ni\u00f1as, Ni\u00f1os y Adolescentes al tel\u00e9fono 4425120077 y 4425120665, o acudir a sus oficinas ubicadas en Av. Constituyentes s\/n esquina Reforma Agraria, colonia Casa Blanca.<\/p>\n<p>&nbsp;<\/p>\n<p style=\"text-align: center;\" data-sourcepos=\"29:1-29:332\"><em><strong>\u00a1Informaci\u00f3n que transforma!<\/strong><\/em><\/p>\n","protected":false},"excerpt":{"rendered":"<p>El Sistema Estatal DIF, a trav\u00e9s de la Procuradur\u00eda de Protecci\u00f3n de Ni\u00f1as, Ni\u00f1os y Adolescentes, ha lanzado una convocatoria permanente para el programa Hogares de Coraz\u00f3n.<\/p>\n","protected":false},"author":3,"featured_media":4827,"comment_status":"open","ping_status":"open","sticky":false,"template":"","format":"standard","meta":{"footnotes":""},"categories":[65,58],"tags":[1715,1714,1716,133],"class_list":["post-4826","post","type-post","status-publish","format-standard","has-post-thumbnail","hentry","category-municipios","category-ultima-hora","tag-adopcionqueretaro","tag-hogaresdecorazon","tag-proteccioninfantil","tag-queretaro"],"yoast_head":"<!-- This site is optimized with the Yoast SEO plugin v25.0 - https:\/\/yoast.com\/wordpress\/plugins\/seo\/ -->\n<title>Quer\u00e9taro abre convocatoria permanente para Hogares de Coraz\u00f3n | Nexo Informativo Santiago de Quer\u00e9taro<\/title>\n<meta name=\"description\" content=\"Quer\u00e9taro abre convocatoria permanente para Hogares de Coraz\u00f3n\" \/>\n<meta name=\"robots\" content=\"index, follow, max-snippet:-1, max-image-preview:large, max-video-preview:-1\" \/>\n<link rel=\"canonical\" href=\"https:\/\/www.nexoinformativo.mx\/index.php\/2024\/10\/29\/queretaro-abre-convocatoria-permanente-para-hogares-de-corazon\/\" \/>\n<meta property=\"og:locale\" content=\"es_MX\" \/>\n<meta property=\"og:type\" content=\"article\" \/>\n<meta property=\"og:title\" content=\"Quer\u00e9taro abre convocatoria permanente para Hogares de Coraz\u00f3n | Nexo Informativo Santiago de Quer\u00e9taro\" \/>\n<meta property=\"og:description\" content=\"Quer\u00e9taro abre convocatoria permanente para Hogares de Coraz\u00f3n\" \/>\n<meta property=\"og:url\" content=\"https:\/\/www.nexoinformativo.mx\/index.php\/2024\/10\/29\/queretaro-abre-convocatoria-permanente-para-hogares-de-corazon\/\" \/>\n<meta property=\"og:site_name\" content=\"Nexo Informativo Santiago de Quer\u00e9taro\" \/>\n<meta property=\"article:publisher\" content=\"https:\/\/www.facebook.com\/people\/Nexo-Informativo\/61564066885511\/\" \/>\n<meta property=\"article:published_time\" content=\"2024-10-29T15:30:50+00:00\" \/>\n<meta property=\"article:modified_time\" content=\"2024-10-29T16:28:23+00:00\" \/>\n<meta property=\"og:image\" content=\"https:\/\/www.nexoinformativo.mx\/wp-content\/uploads\/2024\/10\/PHOTO-2024-10-29-09-47-34-e1730218825133.jpg\" \/>\n\t<meta property=\"og:image:width\" content=\"800\" \/>\n\t<meta property=\"og:image:height\" content=\"533\" \/>\n\t<meta property=\"og:image:type\" content=\"image\/jpeg\" \/>\n<meta name=\"author\" content=\"Nexo Informativo\" \/>\n<meta name=\"twitter:card\" content=\"summary_large_image\" \/>\n<meta name=\"twitter:label1\" content=\"Escrito por\" \/>\n\t<meta name=\"twitter:data1\" content=\"Nexo Informativo\" \/>\n\t<meta name=\"twitter:label2\" content=\"Tiempo de lectura\" \/>\n\t<meta name=\"twitter:data2\" content=\"2 minutos\" \/>\n<script type=\"application\/ld+json\" class=\"yoast-schema-graph\">{\"@context\":\"https:\/\/schema.org\",\"@graph\":[{\"@type\":\"Article\",\"@id\":\"https:\/\/www.nexoinformativo.mx\/index.php\/2024\/10\/29\/queretaro-abre-convocatoria-permanente-para-hogares-de-corazon\/#article\",\"isPartOf\":{\"@id\":\"https:\/\/www.nexoinformativo.mx\/index.php\/2024\/10\/29\/queretaro-abre-convocatoria-permanente-para-hogares-de-corazon\/\"},\"author\":{\"name\":\"Nexo Informativo\",\"@id\":\"https:\/\/www.nexoinformativo.mx\/#\/schema\/person\/7749d380ba08c8ca00d7bc76fd907b7d\"},\"headline\":\"Quer\u00e9taro abre convocatoria permanente para Hogares de Coraz\u00f3n\",\"datePublished\":\"2024-10-29T15:30:50+00:00\",\"dateModified\":\"2024-10-29T16:28:23+00:00\",\"mainEntityOfPage\":{\"@id\":\"https:\/\/www.nexoinformativo.mx\/index.php\/2024\/10\/29\/queretaro-abre-convocatoria-permanente-para-hogares-de-corazon\/\"},\"wordCount\":341,\"commentCount\":0,\"publisher\":{\"@id\":\"https:\/\/www.nexoinformativo.mx\/#organization\"},\"image\":{\"@id\":\"https:\/\/www.nexoinformativo.mx\/index.php\/2024\/10\/29\/queretaro-abre-convocatoria-permanente-para-hogares-de-corazon\/#primaryimage\"},\"thumbnailUrl\":\"https:\/\/www.nexoinformativo.mx\/wp-content\/uploads\/2024\/10\/PHOTO-2024-10-29-09-47-34-e1730218825133.jpg\",\"keywords\":[\"Adopci\u00f3nQuer\u00e9taro\",\"HogaresDeCoraz\u00f3n\",\"Protecci\u00f3nInfantil\",\"Quer\u00e9taro\"],\"articleSection\":[\"Municipios\",\"\u00daltima Hora\"],\"inLanguage\":\"es\",\"potentialAction\":[{\"@type\":\"CommentAction\",\"name\":\"Comment\",\"target\":[\"https:\/\/www.nexoinformativo.mx\/index.php\/2024\/10\/29\/queretaro-abre-convocatoria-permanente-para-hogares-de-corazon\/#respond\"]}]},{\"@type\":\"WebPage\",\"@id\":\"https:\/\/www.nexoinformativo.mx\/index.php\/2024\/10\/29\/queretaro-abre-convocatoria-permanente-para-hogares-de-corazon\/\",\"url\":\"https:\/\/www.nexoinformativo.mx\/index.php\/2024\/10\/29\/queretaro-abre-convocatoria-permanente-para-hogares-de-corazon\/\",\"name\":\"Quer\u00e9taro abre convocatoria permanente para Hogares de Coraz\u00f3n | Nexo Informativo Santiago de Quer\u00e9taro\",\"isPartOf\":{\"@id\":\"https:\/\/www.nexoinformativo.mx\/#website\"},\"primaryImageOfPage\":{\"@id\":\"https:\/\/www.nexoinformativo.mx\/index.php\/2024\/10\/29\/queretaro-abre-convocatoria-permanente-para-hogares-de-corazon\/#primaryimage\"},\"image\":{\"@id\":\"https:\/\/www.nexoinformativo.mx\/index.php\/2024\/10\/29\/queretaro-abre-convocatoria-permanente-para-hogares-de-corazon\/#primaryimage\"},\"thumbnailUrl\":\"https:\/\/www.nexoinformativo.mx\/wp-content\/uploads\/2024\/10\/PHOTO-2024-10-29-09-47-34-e1730218825133.jpg\",\"datePublished\":\"2024-10-29T15:30:50+00:00\",\"dateModified\":\"2024-10-29T16:28:23+00:00\",\"description\":\"Quer\u00e9taro abre convocatoria permanente para Hogares de Coraz\u00f3n\",\"breadcrumb\":{\"@id\":\"https:\/\/www.nexoinformativo.mx\/index.php\/2024\/10\/29\/queretaro-abre-convocatoria-permanente-para-hogares-de-corazon\/#breadcrumb\"},\"inLanguage\":\"es\",\"potentialAction\":[{\"@type\":\"ReadAction\",\"target\":[\"https:\/\/www.nexoinformativo.mx\/index.php\/2024\/10\/29\/queretaro-abre-convocatoria-permanente-para-hogares-de-corazon\/\"]}]},{\"@type\":\"ImageObject\",\"inLanguage\":\"es\",\"@id\":\"https:\/\/www.nexoinformativo.mx\/index.php\/2024\/10\/29\/queretaro-abre-convocatoria-permanente-para-hogares-de-corazon\/#primaryimage\",\"url\":\"https:\/\/www.nexoinformativo.mx\/wp-content\/uploads\/2024\/10\/PHOTO-2024-10-29-09-47-34-e1730218825133.jpg\",\"contentUrl\":\"https:\/\/www.nexoinformativo.mx\/wp-content\/uploads\/2024\/10\/PHOTO-2024-10-29-09-47-34-e1730218825133.jpg\",\"width\":800,\"height\":533},{\"@type\":\"BreadcrumbList\",\"@id\":\"https:\/\/www.nexoinformativo.mx\/index.php\/2024\/10\/29\/queretaro-abre-convocatoria-permanente-para-hogares-de-corazon\/#breadcrumb\",\"itemListElement\":[{\"@type\":\"ListItem\",\"position\":1,\"name\":\"Inicio\",\"item\":\"https:\/\/www.nexoinformativo.mx\/\"},{\"@type\":\"ListItem\",\"position\":2,\"name\":\"Quer\u00e9taro abre convocatoria permanente para Hogares de Coraz\u00f3n\"}]},{\"@type\":\"WebSite\",\"@id\":\"https:\/\/www.nexoinformativo.mx\/#website\",\"url\":\"https:\/\/www.nexoinformativo.mx\/\",\"name\":\"Nexo Informativo Santiago de Quer\u00e9taro\",\"description\":\"Explora NexoInformativo y convi\u00e9rtete en parte de una comunidad que valora el conocimiento y la verdad. Tu nexoinformativo es tu puente hacia una comprensi\u00f3n m\u00e1s profunda del mundo que te rodea.\",\"publisher\":{\"@id\":\"https:\/\/www.nexoinformativo.mx\/#organization\"},\"potentialAction\":[{\"@type\":\"SearchAction\",\"target\":{\"@type\":\"EntryPoint\",\"urlTemplate\":\"https:\/\/www.nexoinformativo.mx\/?s={search_term_string}\"},\"query-input\":{\"@type\":\"PropertyValueSpecification\",\"valueRequired\":true,\"valueName\":\"search_term_string\"}}],\"inLanguage\":\"es\"},{\"@type\":\"Organization\",\"@id\":\"https:\/\/www.nexoinformativo.mx\/#organization\",\"name\":\"Nexo Informativo Santiago de Quer\u00e9taro\",\"url\":\"https:\/\/www.nexoinformativo.mx\/\",\"logo\":{\"@type\":\"ImageObject\",\"inLanguage\":\"es\",\"@id\":\"https:\/\/www.nexoinformativo.mx\/#\/schema\/logo\/image\/\",\"url\":\"https:\/\/www.nexoinformativo.mx\/wp-content\/uploads\/2024\/07\/nexoi-trasparente-2.png\",\"contentUrl\":\"https:\/\/www.nexoinformativo.mx\/wp-content\/uploads\/2024\/07\/nexoi-trasparente-2.png\",\"width\":816,\"height\":339,\"caption\":\"Nexo Informativo Santiago de Quer\u00e9taro\"},\"image\":{\"@id\":\"https:\/\/www.nexoinformativo.mx\/#\/schema\/logo\/image\/\"},\"sameAs\":[\"https:\/\/www.facebook.com\/people\/Nexo-Informativo\/61564066885511\/\"]},{\"@type\":\"Person\",\"@id\":\"https:\/\/www.nexoinformativo.mx\/#\/schema\/person\/7749d380ba08c8ca00d7bc76fd907b7d\",\"name\":\"Nexo Informativo\",\"image\":{\"@type\":\"ImageObject\",\"inLanguage\":\"es\",\"@id\":\"https:\/\/www.nexoinformativo.mx\/#\/schema\/person\/image\/\",\"url\":\"https:\/\/secure.gravatar.com\/avatar\/dde2928154642a13d95f87ddf1ea9718fe2b46760a005c53e41ff5ad610704e6?s=96&d=mm&r=g\",\"contentUrl\":\"https:\/\/secure.gravatar.com\/avatar\/dde2928154642a13d95f87ddf1ea9718fe2b46760a005c53e41ff5ad610704e6?s=96&d=mm&r=g\",\"caption\":\"Nexo Informativo\"},\"url\":\"https:\/\/www.nexoinformativo.mx\/index.php\/author\/edicion\/\"}]}<\/script>\n<!-- \/ Yoast SEO plugin. -->","yoast_head_json":{"title":"Quer\u00e9taro abre convocatoria permanente para Hogares de Coraz\u00f3n | Nexo Informativo Santiago de Quer\u00e9taro","description":"Quer\u00e9taro abre convocatoria permanente para Hogares de Coraz\u00f3n","robots":{"index":"index","follow":"follow","max-snippet":"max-snippet:-1","max-image-preview":"max-image-preview:large","max-video-preview":"max-video-preview:-1"},"canonical":"https:\/\/www.nexoinformativo.mx\/index.php\/2024\/10\/29\/queretaro-abre-convocatoria-permanente-para-hogares-de-corazon\/","og_locale":"es_MX","og_type":"article","og_title":"Quer\u00e9taro abre convocatoria permanente para Hogares de Coraz\u00f3n | Nexo Informativo Santiago de Quer\u00e9taro","og_description":"Quer\u00e9taro abre convocatoria permanente para Hogares de Coraz\u00f3n","og_url":"https:\/\/www.nexoinformativo.mx\/index.php\/2024\/10\/29\/queretaro-abre-convocatoria-permanente-para-hogares-de-corazon\/","og_site_name":"Nexo Informativo Santiago de Quer\u00e9taro","article_publisher":"https:\/\/www.facebook.com\/people\/Nexo-Informativo\/61564066885511\/","article_published_time":"2024-10-29T15:30:50+00:00","article_modified_time":"2024-10-29T16:28:23+00:00","og_image":[{"width":800,"height":533,"url":"https:\/\/www.nexoinformativo.mx\/wp-content\/uploads\/2024\/10\/PHOTO-2024-10-29-09-47-34-e1730218825133.jpg","type":"image\/jpeg"}],"author":"Nexo Informativo","twitter_card":"summary_large_image","twitter_misc":{"Escrito por":"Nexo Informativo","Tiempo de lectura":"2 minutos"},"schema":{"@context":"https:\/\/schema.org","@graph":[{"@type":"Article","@id":"https:\/\/www.nexoinformativo.mx\/index.php\/2024\/10\/29\/queretaro-abre-convocatoria-permanente-para-hogares-de-corazon\/#article","isPartOf":{"@id":"https:\/\/www.nexoinformativo.mx\/index.php\/2024\/10\/29\/queretaro-abre-convocatoria-permanente-para-hogares-de-corazon\/"},"author":{"name":"Nexo Informativo","@id":"https:\/\/www.nexoinformativo.mx\/#\/schema\/person\/7749d380ba08c8ca00d7bc76fd907b7d"},"headline":"Quer\u00e9taro abre convocatoria permanente para Hogares de Coraz\u00f3n","datePublished":"2024-10-29T15:30:50+00:00","dateModified":"2024-10-29T16:28:23+00:00","mainEntityOfPage":{"@id":"https:\/\/www.nexoinformativo.mx\/index.php\/2024\/10\/29\/queretaro-abre-convocatoria-permanente-para-hogares-de-corazon\/"},"wordCount":341,"commentCount":0,"publisher":{"@id":"https:\/\/www.nexoinformativo.mx\/#organization"},"image":{"@id":"https:\/\/www.nexoinformativo.mx\/index.php\/2024\/10\/29\/queretaro-abre-convocatoria-permanente-para-hogares-de-corazon\/#primaryimage"},"thumbnailUrl":"https:\/\/www.nexoinformativo.mx\/wp-content\/uploads\/2024\/10\/PHOTO-2024-10-29-09-47-34-e1730218825133.jpg","keywords":["Adopci\u00f3nQuer\u00e9taro","HogaresDeCoraz\u00f3n","Protecci\u00f3nInfantil","Quer\u00e9taro"],"articleSection":["Municipios","\u00daltima Hora"],"inLanguage":"es","potentialAction":[{"@type":"CommentAction","name":"Comment","target":["https:\/\/www.nexoinformativo.mx\/index.php\/2024\/10\/29\/queretaro-abre-convocatoria-permanente-para-hogares-de-corazon\/#respond"]}]},{"@type":"WebPage","@id":"https:\/\/www.nexoinformativo.mx\/index.php\/2024\/10\/29\/queretaro-abre-convocatoria-permanente-para-hogares-de-corazon\/","url":"https:\/\/www.nexoinformativo.mx\/index.php\/2024\/10\/29\/queretaro-abre-convocatoria-permanente-para-hogares-de-corazon\/","name":"Quer\u00e9taro abre convocatoria permanente para Hogares de Coraz\u00f3n | Nexo Informativo Santiago de Quer\u00e9taro","isPartOf":{"@id":"https:\/\/www.nexoinformativo.mx\/#website"},"primaryImageOfPage":{"@id":"https:\/\/www.nexoinformativo.mx\/index.php\/2024\/10\/29\/queretaro-abre-convocatoria-permanente-para-hogares-de-corazon\/#primaryimage"},"image":{"@id":"https:\/\/www.nexoinformativo.mx\/index.php\/2024\/10\/29\/queretaro-abre-convocatoria-permanente-para-hogares-de-corazon\/#primaryimage"},"thumbnailUrl":"https:\/\/www.nexoinformativo.mx\/wp-content\/uploads\/2024\/10\/PHOTO-2024-10-29-09-47-34-e1730218825133.jpg","datePublished":"2024-10-29T15:30:50+00:00","dateModified":"2024-10-29T16:28:23+00:00","description":"Quer\u00e9taro abre convocatoria permanente para Hogares de Coraz\u00f3n","breadcrumb":{"@id":"https:\/\/www.nexoinformativo.mx\/index.php\/2024\/10\/29\/queretaro-abre-convocatoria-permanente-para-hogares-de-corazon\/#breadcrumb"},"inLanguage":"es","potentialAction":[{"@type":"ReadAction","target":["https:\/\/www.nexoinformativo.mx\/index.php\/2024\/10\/29\/queretaro-abre-convocatoria-permanente-para-hogares-de-corazon\/"]}]},{"@type":"ImageObject","inLanguage":"es","@id":"https:\/\/www.nexoinformativo.mx\/index.php\/2024\/10\/29\/queretaro-abre-convocatoria-permanente-para-hogares-de-corazon\/#primaryimage","url":"https:\/\/www.nexoinformativo.mx\/wp-content\/uploads\/2024\/10\/PHOTO-2024-10-29-09-47-34-e1730218825133.jpg","contentUrl":"https:\/\/www.nexoinformativo.mx\/wp-content\/uploads\/2024\/10\/PHOTO-2024-10-29-09-47-34-e1730218825133.jpg","width":800,"height":533},{"@type":"BreadcrumbList","@id":"https:\/\/www.nexoinformativo.mx\/index.php\/2024\/10\/29\/queretaro-abre-convocatoria-permanente-para-hogares-de-corazon\/#breadcrumb","itemListElement":[{"@type":"ListItem","position":1,"name":"Inicio","item":"https:\/\/www.nexoinformativo.mx\/"},{"@type":"ListItem","position":2,"name":"Quer\u00e9taro abre convocatoria permanente para Hogares de Coraz\u00f3n"}]},{"@type":"WebSite","@id":"https:\/\/www.nexoinformativo.mx\/#website","url":"https:\/\/www.nexoinformativo.mx\/","name":"Nexo Informativo Santiago de Quer\u00e9taro","description":"Explora NexoInformativo y convi\u00e9rtete en parte de una comunidad que valora el conocimiento y la verdad. Tu nexoinformativo es tu puente hacia una comprensi\u00f3n m\u00e1s profunda del mundo que te rodea.","publisher":{"@id":"https:\/\/www.nexoinformativo.mx\/#organization"},"potentialAction":[{"@type":"SearchAction","target":{"@type":"EntryPoint","urlTemplate":"https:\/\/www.nexoinformativo.mx\/?s={search_term_string}"},"query-input":{"@type":"PropertyValueSpecification","valueRequired":true,"valueName":"search_term_string"}}],"inLanguage":"es"},{"@type":"Organization","@id":"https:\/\/www.nexoinformativo.mx\/#organization","name":"Nexo Informativo Santiago de Quer\u00e9taro","url":"https:\/\/www.nexoinformativo.mx\/","logo":{"@type":"ImageObject","inLanguage":"es","@id":"https:\/\/www.nexoinformativo.mx\/#\/schema\/logo\/image\/","url":"https:\/\/www.nexoinformativo.mx\/wp-content\/uploads\/2024\/07\/nexoi-trasparente-2.png","contentUrl":"https:\/\/www.nexoinformativo.mx\/wp-content\/uploads\/2024\/07\/nexoi-trasparente-2.png","width":816,"height":339,"caption":"Nexo Informativo Santiago de Quer\u00e9taro"},"image":{"@id":"https:\/\/www.nexoinformativo.mx\/#\/schema\/logo\/image\/"},"sameAs":["https:\/\/www.facebook.com\/people\/Nexo-Informativo\/61564066885511\/"]},{"@type":"Person","@id":"https:\/\/www.nexoinformativo.mx\/#\/schema\/person\/7749d380ba08c8ca00d7bc76fd907b7d","name":"Nexo Informativo","image":{"@type":"ImageObject","inLanguage":"es","@id":"https:\/\/www.nexoinformativo.mx\/#\/schema\/person\/image\/","url":"https:\/\/secure.gravatar.com\/avatar\/dde2928154642a13d95f87ddf1ea9718fe2b46760a005c53e41ff5ad610704e6?s=96&d=mm&r=g","contentUrl":"https:\/\/secure.gravatar.com\/avatar\/dde2928154642a13d95f87ddf1ea9718fe2b46760a005c53e41ff5ad610704e6?s=96&d=mm&r=g","caption":"Nexo Informativo"},"url":"https:\/\/www.nexoinformativo.mx\/index.php\/author\/edicion\/"}]}},"_links":{"self":[{"href":"https:\/\/www.nexoinformativo.mx\/index.php\/wp-json\/wp\/v2\/posts\/4826","targetHints":{"allow":["GET"]}}],"collection":[{"href":"https:\/\/www.nexoinformativo.mx\/index.php\/wp-json\/wp\/v2\/posts"}],"about":[{"href":"https:\/\/www.nexoinformativo.mx\/index.php\/wp-json\/wp\/v2\/types\/post"}],"author":[{"embeddable":true,"href":"https:\/\/www.nexoinformativo.mx\/index.php\/wp-json\/wp\/v2\/users\/3"}],"replies":[{"embeddable":true,"href":"https:\/\/www.nexoinformativo.mx\/index.php\/wp-json\/wp\/v2\/comments?post=4826"}],"version-history":[{"count":5,"href":"https:\/\/www.nexoinformativo.mx\/index.php\/wp-json\/wp\/v2\/posts\/4826\/revisions"}],"predecessor-version":[{"id":4833,"href":"https:\/\/www.nexoinformativo.mx\/index.php\/wp-json\/wp\/v2\/posts\/4826\/revisions\/4833"}],"wp:featuredmedia":[{"embeddable":true,"href":"https:\/\/www.nexoinformativo.mx\/index.php\/wp-json\/wp\/v2\/media\/4827"}],"wp:attachment":[{"href":"https:\/\/www.nexoinformativo.mx\/index.php\/wp-json\/wp\/v2\/media?parent=4826"}],"wp:term":[{"taxonomy":"category","embeddable":true,"href":"https:\/\/www.nexoinformativo.mx\/index.php\/wp-json\/wp\/v2\/categories?post=4826"},{"taxonomy":"post_tag","embeddable":true,"href":"https:\/\/www.nexoinformativo.mx\/index.php\/wp-json\/wp\/v2\/tags?post=4826"}],"curies":[{"name":"wp","href":"https:\/\/api.w.org\/{rel}","templated":true}]}}