{"id":4845,"date":"2024-10-29T12:35:08","date_gmt":"2024-10-29T18:35:08","guid":{"rendered":"https:\/\/www.nexoinformativo.mx\/?p=4845"},"modified":"2024-10-29T15:18:26","modified_gmt":"2024-10-29T21:18:26","slug":"recuperan-motocicletas-robadas-en-ciudad-del-sol-fiscalia-investiga","status":"publish","type":"post","link":"https:\/\/www.nexoinformativo.mx\/index.php\/2024\/10\/29\/recuperan-motocicletas-robadas-en-ciudad-del-sol-fiscalia-investiga\/","title":{"rendered":"Recuperan motocicletas robadas en Ciudad del Sol; Fiscal\u00eda investiga"},"content":{"rendered":"<p style=\"text-align: justify;\" data-sourcepos=\"5:1-5:197\">Elementos de la Polic\u00eda Estatal de Quer\u00e9taro aseguraron varias motocicletas con reporte de robo en la colonia Ciudad del Sol, tras un reporte ciudadano y una investigaci\u00f3n.\u00a0Los hechos ocurrieron cuando las autoridades, gracias a una denuncia ciudadana y al an\u00e1lisis de informaci\u00f3n, localizaron una motocicleta con reporte de robo estacionada en el patio frontal de una vivienda.<\/p>\n<p>&nbsp;<\/p>\n<p style=\"text-align: justify;\" data-sourcepos=\"7:1-7:407\">Al inspeccionar el lugar, se percataron de que hab\u00eda otras dos motocicletas, una de ellas con alteraciones en su n\u00famero de serie, lo que indicaba que tambi\u00e9n podr\u00eda estar relacionada con alg\u00fan il\u00edcito.<\/p>\n<p>&nbsp;<\/p>\n<p style=\"text-align: justify;\" data-sourcepos=\"9:1-9:222\">Con la autorizaci\u00f3n correspondiente, se realiz\u00f3 un cateo en el inmueble, donde se aseguraron las tres motocicletas. Las unidades fueron trasladadas a un lugar seguro para continuar con las investigaciones correspondientes.<\/p>\n<p>&nbsp;<\/p>\n<p style=\"text-align: justify;\" data-sourcepos=\"13:1-13:196\">Este caso demuestra la importancia de la colaboraci\u00f3n entre la ciudadan\u00eda y las autoridades. Gracias a la denuncia de un vecino, se logr\u00f3 recuperar estas motocicletas y detener a los responsables.<\/p>\n<p>&nbsp;<\/p>\n<p style=\"text-align: justify;\" data-sourcepos=\"17:1-17:204\">Si eres v\u00edctima de un robo, es importante que lo reportes de inmediato a las autoridades. Tambi\u00e9n puedes acudir a las redes sociales oficiales de la Polic\u00eda Estatal de Quer\u00e9taro para realizar tu denuncia.<\/p>\n<p>&nbsp;<\/p>\n<p style=\"text-align: center;\" data-sourcepos=\"17:1-17:204\"><em><strong>\u00a1Informaci\u00f3n que transforma!<\/strong><\/em><\/p>\n","protected":false},"excerpt":{"rendered":"<p>Elementos de la Polic\u00eda Estatal de Quer\u00e9taro aseguraron varias motocicletas con reporte de robo en la colonia Ciudad del Sol, tras un reporte ciudadano y una investigaci\u00f3n.<\/p>\n","protected":false},"author":3,"featured_media":4869,"comment_status":"open","ping_status":"open","sticky":false,"template":"","format":"standard","meta":{"footnotes":""},"categories":[137,58],"tags":[1720,1721,133,131],"class_list":["post-4845","post","type-post","status-publish","format-standard","has-post-thumbnail","hentry","category-sucesos","category-ultima-hora","tag-ciudaddelsol","tag-denunciaciudadana","tag-queretaro","tag-seguridad"],"yoast_head":"<!-- This site is optimized with the Yoast SEO plugin v25.0 - https:\/\/yoast.com\/wordpress\/plugins\/seo\/ -->\n<title>Recuperan motocicletas robadas en Ciudad del Sol; Fiscal\u00eda investiga | Nexo Informativo Santiago de Quer\u00e9taro<\/title>\n<meta name=\"description\" content=\"Recuperan motocicletas robadas en Ciudad del Sol; Fiscal\u00eda investiga\" \/>\n<meta name=\"robots\" content=\"index, follow, max-snippet:-1, max-image-preview:large, max-video-preview:-1\" \/>\n<link rel=\"canonical\" href=\"https:\/\/www.nexoinformativo.mx\/index.php\/2024\/10\/29\/recuperan-motocicletas-robadas-en-ciudad-del-sol-fiscalia-investiga\/\" \/>\n<meta property=\"og:locale\" content=\"es_MX\" \/>\n<meta property=\"og:type\" content=\"article\" \/>\n<meta property=\"og:title\" content=\"Recuperan motocicletas robadas en Ciudad del Sol; Fiscal\u00eda investiga | Nexo Informativo Santiago de Quer\u00e9taro\" \/>\n<meta property=\"og:description\" content=\"Recuperan motocicletas robadas en Ciudad del Sol; Fiscal\u00eda investiga\" \/>\n<meta property=\"og:url\" content=\"https:\/\/www.nexoinformativo.mx\/index.php\/2024\/10\/29\/recuperan-motocicletas-robadas-en-ciudad-del-sol-fiscalia-investiga\/\" \/>\n<meta property=\"og:site_name\" content=\"Nexo Informativo Santiago de Quer\u00e9taro\" \/>\n<meta property=\"article:publisher\" content=\"https:\/\/www.facebook.com\/people\/Nexo-Informativo\/61564066885511\/\" \/>\n<meta property=\"article:published_time\" content=\"2024-10-29T18:35:08+00:00\" \/>\n<meta property=\"article:modified_time\" content=\"2024-10-29T21:18:26+00:00\" \/>\n<meta property=\"og:image\" content=\"https:\/\/www.nexoinformativo.mx\/wp-content\/uploads\/2024\/10\/1730236617243-e1730236696230.jpeg\" \/>\n\t<meta property=\"og:image:width\" content=\"800\" \/>\n\t<meta property=\"og:image:height\" content=\"504\" \/>\n\t<meta property=\"og:image:type\" content=\"image\/jpeg\" \/>\n<meta name=\"author\" content=\"Nexo Informativo\" \/>\n<meta name=\"twitter:card\" content=\"summary_large_image\" \/>\n<meta name=\"twitter:label1\" content=\"Escrito por\" \/>\n\t<meta name=\"twitter:data1\" content=\"Nexo Informativo\" \/>\n\t<meta name=\"twitter:label2\" content=\"Tiempo de lectura\" \/>\n\t<meta name=\"twitter:data2\" content=\"1 minuto\" \/>\n<script type=\"application\/ld+json\" class=\"yoast-schema-graph\">{\"@context\":\"https:\/\/schema.org\",\"@graph\":[{\"@type\":\"Article\",\"@id\":\"https:\/\/www.nexoinformativo.mx\/index.php\/2024\/10\/29\/recuperan-motocicletas-robadas-en-ciudad-del-sol-fiscalia-investiga\/#article\",\"isPartOf\":{\"@id\":\"https:\/\/www.nexoinformativo.mx\/index.php\/2024\/10\/29\/recuperan-motocicletas-robadas-en-ciudad-del-sol-fiscalia-investiga\/\"},\"author\":{\"name\":\"Nexo Informativo\",\"@id\":\"https:\/\/www.nexoinformativo.mx\/#\/schema\/person\/7749d380ba08c8ca00d7bc76fd907b7d\"},\"headline\":\"Recuperan motocicletas robadas en Ciudad del Sol; Fiscal\u00eda investiga\",\"datePublished\":\"2024-10-29T18:35:08+00:00\",\"dateModified\":\"2024-10-29T21:18:26+00:00\",\"mainEntityOfPage\":{\"@id\":\"https:\/\/www.nexoinformativo.mx\/index.php\/2024\/10\/29\/recuperan-motocicletas-robadas-en-ciudad-del-sol-fiscalia-investiga\/\"},\"wordCount\":224,\"commentCount\":0,\"publisher\":{\"@id\":\"https:\/\/www.nexoinformativo.mx\/#organization\"},\"image\":{\"@id\":\"https:\/\/www.nexoinformativo.mx\/index.php\/2024\/10\/29\/recuperan-motocicletas-robadas-en-ciudad-del-sol-fiscalia-investiga\/#primaryimage\"},\"thumbnailUrl\":\"https:\/\/www.nexoinformativo.mx\/wp-content\/uploads\/2024\/10\/1730236617243-e1730236696230.jpeg\",\"keywords\":[\"CiudadDelSol\",\"DenunciaCiudadana\",\"Quer\u00e9taro\",\"Seguridad\"],\"articleSection\":[\"Sucesos\",\"\u00daltima Hora\"],\"inLanguage\":\"es\",\"potentialAction\":[{\"@type\":\"CommentAction\",\"name\":\"Comment\",\"target\":[\"https:\/\/www.nexoinformativo.mx\/index.php\/2024\/10\/29\/recuperan-motocicletas-robadas-en-ciudad-del-sol-fiscalia-investiga\/#respond\"]}]},{\"@type\":\"WebPage\",\"@id\":\"https:\/\/www.nexoinformativo.mx\/index.php\/2024\/10\/29\/recuperan-motocicletas-robadas-en-ciudad-del-sol-fiscalia-investiga\/\",\"url\":\"https:\/\/www.nexoinformativo.mx\/index.php\/2024\/10\/29\/recuperan-motocicletas-robadas-en-ciudad-del-sol-fiscalia-investiga\/\",\"name\":\"Recuperan motocicletas robadas en Ciudad del Sol; Fiscal\u00eda investiga | Nexo Informativo Santiago de Quer\u00e9taro\",\"isPartOf\":{\"@id\":\"https:\/\/www.nexoinformativo.mx\/#website\"},\"primaryImageOfPage\":{\"@id\":\"https:\/\/www.nexoinformativo.mx\/index.php\/2024\/10\/29\/recuperan-motocicletas-robadas-en-ciudad-del-sol-fiscalia-investiga\/#primaryimage\"},\"image\":{\"@id\":\"https:\/\/www.nexoinformativo.mx\/index.php\/2024\/10\/29\/recuperan-motocicletas-robadas-en-ciudad-del-sol-fiscalia-investiga\/#primaryimage\"},\"thumbnailUrl\":\"https:\/\/www.nexoinformativo.mx\/wp-content\/uploads\/2024\/10\/1730236617243-e1730236696230.jpeg\",\"datePublished\":\"2024-10-29T18:35:08+00:00\",\"dateModified\":\"2024-10-29T21:18:26+00:00\",\"description\":\"Recuperan motocicletas robadas en Ciudad del Sol; Fiscal\u00eda investiga\",\"breadcrumb\":{\"@id\":\"https:\/\/www.nexoinformativo.mx\/index.php\/2024\/10\/29\/recuperan-motocicletas-robadas-en-ciudad-del-sol-fiscalia-investiga\/#breadcrumb\"},\"inLanguage\":\"es\",\"potentialAction\":[{\"@type\":\"ReadAction\",\"target\":[\"https:\/\/www.nexoinformativo.mx\/index.php\/2024\/10\/29\/recuperan-motocicletas-robadas-en-ciudad-del-sol-fiscalia-investiga\/\"]}]},{\"@type\":\"ImageObject\",\"inLanguage\":\"es\",\"@id\":\"https:\/\/www.nexoinformativo.mx\/index.php\/2024\/10\/29\/recuperan-motocicletas-robadas-en-ciudad-del-sol-fiscalia-investiga\/#primaryimage\",\"url\":\"https:\/\/www.nexoinformativo.mx\/wp-content\/uploads\/2024\/10\/1730236617243-e1730236696230.jpeg\",\"contentUrl\":\"https:\/\/www.nexoinformativo.mx\/wp-content\/uploads\/2024\/10\/1730236617243-e1730236696230.jpeg\",\"width\":800,\"height\":504},{\"@type\":\"BreadcrumbList\",\"@id\":\"https:\/\/www.nexoinformativo.mx\/index.php\/2024\/10\/29\/recuperan-motocicletas-robadas-en-ciudad-del-sol-fiscalia-investiga\/#breadcrumb\",\"itemListElement\":[{\"@type\":\"ListItem\",\"position\":1,\"name\":\"Inicio\",\"item\":\"https:\/\/www.nexoinformativo.mx\/\"},{\"@type\":\"ListItem\",\"position\":2,\"name\":\"Recuperan motocicletas robadas en Ciudad del Sol; Fiscal\u00eda investiga\"}]},{\"@type\":\"WebSite\",\"@id\":\"https:\/\/www.nexoinformativo.mx\/#website\",\"url\":\"https:\/\/www.nexoinformativo.mx\/\",\"name\":\"Nexo Informativo Santiago de Quer\u00e9taro\",\"description\":\"Explora NexoInformativo y convi\u00e9rtete en parte de una comunidad que valora el conocimiento y la verdad. Tu nexoinformativo es tu puente hacia una comprensi\u00f3n m\u00e1s profunda del mundo que te rodea.\",\"publisher\":{\"@id\":\"https:\/\/www.nexoinformativo.mx\/#organization\"},\"potentialAction\":[{\"@type\":\"SearchAction\",\"target\":{\"@type\":\"EntryPoint\",\"urlTemplate\":\"https:\/\/www.nexoinformativo.mx\/?s={search_term_string}\"},\"query-input\":{\"@type\":\"PropertyValueSpecification\",\"valueRequired\":true,\"valueName\":\"search_term_string\"}}],\"inLanguage\":\"es\"},{\"@type\":\"Organization\",\"@id\":\"https:\/\/www.nexoinformativo.mx\/#organization\",\"name\":\"Nexo Informativo Santiago de Quer\u00e9taro\",\"url\":\"https:\/\/www.nexoinformativo.mx\/\",\"logo\":{\"@type\":\"ImageObject\",\"inLanguage\":\"es\",\"@id\":\"https:\/\/www.nexoinformativo.mx\/#\/schema\/logo\/image\/\",\"url\":\"https:\/\/www.nexoinformativo.mx\/wp-content\/uploads\/2024\/07\/nexoi-trasparente-2.png\",\"contentUrl\":\"https:\/\/www.nexoinformativo.mx\/wp-content\/uploads\/2024\/07\/nexoi-trasparente-2.png\",\"width\":816,\"height\":339,\"caption\":\"Nexo Informativo Santiago de Quer\u00e9taro\"},\"image\":{\"@id\":\"https:\/\/www.nexoinformativo.mx\/#\/schema\/logo\/image\/\"},\"sameAs\":[\"https:\/\/www.facebook.com\/people\/Nexo-Informativo\/61564066885511\/\"]},{\"@type\":\"Person\",\"@id\":\"https:\/\/www.nexoinformativo.mx\/#\/schema\/person\/7749d380ba08c8ca00d7bc76fd907b7d\",\"name\":\"Nexo Informativo\",\"image\":{\"@type\":\"ImageObject\",\"inLanguage\":\"es\",\"@id\":\"https:\/\/www.nexoinformativo.mx\/#\/schema\/person\/image\/\",\"url\":\"https:\/\/secure.gravatar.com\/avatar\/dde2928154642a13d95f87ddf1ea9718fe2b46760a005c53e41ff5ad610704e6?s=96&d=mm&r=g\",\"contentUrl\":\"https:\/\/secure.gravatar.com\/avatar\/dde2928154642a13d95f87ddf1ea9718fe2b46760a005c53e41ff5ad610704e6?s=96&d=mm&r=g\",\"caption\":\"Nexo Informativo\"},\"url\":\"https:\/\/www.nexoinformativo.mx\/index.php\/author\/edicion\/\"}]}<\/script>\n<!-- \/ Yoast SEO plugin. -->","yoast_head_json":{"title":"Recuperan motocicletas robadas en Ciudad del Sol; Fiscal\u00eda investiga | Nexo Informativo Santiago de Quer\u00e9taro","description":"Recuperan motocicletas robadas en Ciudad del Sol; Fiscal\u00eda investiga","robots":{"index":"index","follow":"follow","max-snippet":"max-snippet:-1","max-image-preview":"max-image-preview:large","max-video-preview":"max-video-preview:-1"},"canonical":"https:\/\/www.nexoinformativo.mx\/index.php\/2024\/10\/29\/recuperan-motocicletas-robadas-en-ciudad-del-sol-fiscalia-investiga\/","og_locale":"es_MX","og_type":"article","og_title":"Recuperan motocicletas robadas en Ciudad del Sol; Fiscal\u00eda investiga | Nexo Informativo Santiago de Quer\u00e9taro","og_description":"Recuperan motocicletas robadas en Ciudad del Sol; Fiscal\u00eda investiga","og_url":"https:\/\/www.nexoinformativo.mx\/index.php\/2024\/10\/29\/recuperan-motocicletas-robadas-en-ciudad-del-sol-fiscalia-investiga\/","og_site_name":"Nexo Informativo Santiago de Quer\u00e9taro","article_publisher":"https:\/\/www.facebook.com\/people\/Nexo-Informativo\/61564066885511\/","article_published_time":"2024-10-29T18:35:08+00:00","article_modified_time":"2024-10-29T21:18:26+00:00","og_image":[{"width":800,"height":504,"url":"https:\/\/www.nexoinformativo.mx\/wp-content\/uploads\/2024\/10\/1730236617243-e1730236696230.jpeg","type":"image\/jpeg"}],"author":"Nexo Informativo","twitter_card":"summary_large_image","twitter_misc":{"Escrito por":"Nexo Informativo","Tiempo de lectura":"1 minuto"},"schema":{"@context":"https:\/\/schema.org","@graph":[{"@type":"Article","@id":"https:\/\/www.nexoinformativo.mx\/index.php\/2024\/10\/29\/recuperan-motocicletas-robadas-en-ciudad-del-sol-fiscalia-investiga\/#article","isPartOf":{"@id":"https:\/\/www.nexoinformativo.mx\/index.php\/2024\/10\/29\/recuperan-motocicletas-robadas-en-ciudad-del-sol-fiscalia-investiga\/"},"author":{"name":"Nexo Informativo","@id":"https:\/\/www.nexoinformativo.mx\/#\/schema\/person\/7749d380ba08c8ca00d7bc76fd907b7d"},"headline":"Recuperan motocicletas robadas en Ciudad del Sol; Fiscal\u00eda investiga","datePublished":"2024-10-29T18:35:08+00:00","dateModified":"2024-10-29T21:18:26+00:00","mainEntityOfPage":{"@id":"https:\/\/www.nexoinformativo.mx\/index.php\/2024\/10\/29\/recuperan-motocicletas-robadas-en-ciudad-del-sol-fiscalia-investiga\/"},"wordCount":224,"commentCount":0,"publisher":{"@id":"https:\/\/www.nexoinformativo.mx\/#organization"},"image":{"@id":"https:\/\/www.nexoinformativo.mx\/index.php\/2024\/10\/29\/recuperan-motocicletas-robadas-en-ciudad-del-sol-fiscalia-investiga\/#primaryimage"},"thumbnailUrl":"https:\/\/www.nexoinformativo.mx\/wp-content\/uploads\/2024\/10\/1730236617243-e1730236696230.jpeg","keywords":["CiudadDelSol","DenunciaCiudadana","Quer\u00e9taro","Seguridad"],"articleSection":["Sucesos","\u00daltima Hora"],"inLanguage":"es","potentialAction":[{"@type":"CommentAction","name":"Comment","target":["https:\/\/www.nexoinformativo.mx\/index.php\/2024\/10\/29\/recuperan-motocicletas-robadas-en-ciudad-del-sol-fiscalia-investiga\/#respond"]}]},{"@type":"WebPage","@id":"https:\/\/www.nexoinformativo.mx\/index.php\/2024\/10\/29\/recuperan-motocicletas-robadas-en-ciudad-del-sol-fiscalia-investiga\/","url":"https:\/\/www.nexoinformativo.mx\/index.php\/2024\/10\/29\/recuperan-motocicletas-robadas-en-ciudad-del-sol-fiscalia-investiga\/","name":"Recuperan motocicletas robadas en Ciudad del Sol; Fiscal\u00eda investiga | Nexo Informativo Santiago de Quer\u00e9taro","isPartOf":{"@id":"https:\/\/www.nexoinformativo.mx\/#website"},"primaryImageOfPage":{"@id":"https:\/\/www.nexoinformativo.mx\/index.php\/2024\/10\/29\/recuperan-motocicletas-robadas-en-ciudad-del-sol-fiscalia-investiga\/#primaryimage"},"image":{"@id":"https:\/\/www.nexoinformativo.mx\/index.php\/2024\/10\/29\/recuperan-motocicletas-robadas-en-ciudad-del-sol-fiscalia-investiga\/#primaryimage"},"thumbnailUrl":"https:\/\/www.nexoinformativo.mx\/wp-content\/uploads\/2024\/10\/1730236617243-e1730236696230.jpeg","datePublished":"2024-10-29T18:35:08+00:00","dateModified":"2024-10-29T21:18:26+00:00","description":"Recuperan motocicletas robadas en Ciudad del Sol; Fiscal\u00eda investiga","breadcrumb":{"@id":"https:\/\/www.nexoinformativo.mx\/index.php\/2024\/10\/29\/recuperan-motocicletas-robadas-en-ciudad-del-sol-fiscalia-investiga\/#breadcrumb"},"inLanguage":"es","potentialAction":[{"@type":"ReadAction","target":["https:\/\/www.nexoinformativo.mx\/index.php\/2024\/10\/29\/recuperan-motocicletas-robadas-en-ciudad-del-sol-fiscalia-investiga\/"]}]},{"@type":"ImageObject","inLanguage":"es","@id":"https:\/\/www.nexoinformativo.mx\/index.php\/2024\/10\/29\/recuperan-motocicletas-robadas-en-ciudad-del-sol-fiscalia-investiga\/#primaryimage","url":"https:\/\/www.nexoinformativo.mx\/wp-content\/uploads\/2024\/10\/1730236617243-e1730236696230.jpeg","contentUrl":"https:\/\/www.nexoinformativo.mx\/wp-content\/uploads\/2024\/10\/1730236617243-e1730236696230.jpeg","width":800,"height":504},{"@type":"BreadcrumbList","@id":"https:\/\/www.nexoinformativo.mx\/index.php\/2024\/10\/29\/recuperan-motocicletas-robadas-en-ciudad-del-sol-fiscalia-investiga\/#breadcrumb","itemListElement":[{"@type":"ListItem","position":1,"name":"Inicio","item":"https:\/\/www.nexoinformativo.mx\/"},{"@type":"ListItem","position":2,"name":"Recuperan motocicletas robadas en Ciudad del Sol; Fiscal\u00eda investiga"}]},{"@type":"WebSite","@id":"https:\/\/www.nexoinformativo.mx\/#website","url":"https:\/\/www.nexoinformativo.mx\/","name":"Nexo Informativo Santiago de Quer\u00e9taro","description":"Explora NexoInformativo y convi\u00e9rtete en parte de una comunidad que valora el conocimiento y la verdad. Tu nexoinformativo es tu puente hacia una comprensi\u00f3n m\u00e1s profunda del mundo que te rodea.","publisher":{"@id":"https:\/\/www.nexoinformativo.mx\/#organization"},"potentialAction":[{"@type":"SearchAction","target":{"@type":"EntryPoint","urlTemplate":"https:\/\/www.nexoinformativo.mx\/?s={search_term_string}"},"query-input":{"@type":"PropertyValueSpecification","valueRequired":true,"valueName":"search_term_string"}}],"inLanguage":"es"},{"@type":"Organization","@id":"https:\/\/www.nexoinformativo.mx\/#organization","name":"Nexo Informativo Santiago de Quer\u00e9taro","url":"https:\/\/www.nexoinformativo.mx\/","logo":{"@type":"ImageObject","inLanguage":"es","@id":"https:\/\/www.nexoinformativo.mx\/#\/schema\/logo\/image\/","url":"https:\/\/www.nexoinformativo.mx\/wp-content\/uploads\/2024\/07\/nexoi-trasparente-2.png","contentUrl":"https:\/\/www.nexoinformativo.mx\/wp-content\/uploads\/2024\/07\/nexoi-trasparente-2.png","width":816,"height":339,"caption":"Nexo Informativo Santiago de Quer\u00e9taro"},"image":{"@id":"https:\/\/www.nexoinformativo.mx\/#\/schema\/logo\/image\/"},"sameAs":["https:\/\/www.facebook.com\/people\/Nexo-Informativo\/61564066885511\/"]},{"@type":"Person","@id":"https:\/\/www.nexoinformativo.mx\/#\/schema\/person\/7749d380ba08c8ca00d7bc76fd907b7d","name":"Nexo Informativo","image":{"@type":"ImageObject","inLanguage":"es","@id":"https:\/\/www.nexoinformativo.mx\/#\/schema\/person\/image\/","url":"https:\/\/secure.gravatar.com\/avatar\/dde2928154642a13d95f87ddf1ea9718fe2b46760a005c53e41ff5ad610704e6?s=96&d=mm&r=g","contentUrl":"https:\/\/secure.gravatar.com\/avatar\/dde2928154642a13d95f87ddf1ea9718fe2b46760a005c53e41ff5ad610704e6?s=96&d=mm&r=g","caption":"Nexo Informativo"},"url":"https:\/\/www.nexoinformativo.mx\/index.php\/author\/edicion\/"}]}},"_links":{"self":[{"href":"https:\/\/www.nexoinformativo.mx\/index.php\/wp-json\/wp\/v2\/posts\/4845","targetHints":{"allow":["GET"]}}],"collection":[{"href":"https:\/\/www.nexoinformativo.mx\/index.php\/wp-json\/wp\/v2\/posts"}],"about":[{"href":"https:\/\/www.nexoinformativo.mx\/index.php\/wp-json\/wp\/v2\/types\/post"}],"author":[{"embeddable":true,"href":"https:\/\/www.nexoinformativo.mx\/index.php\/wp-json\/wp\/v2\/users\/3"}],"replies":[{"embeddable":true,"href":"https:\/\/www.nexoinformativo.mx\/index.php\/wp-json\/wp\/v2\/comments?post=4845"}],"version-history":[{"count":2,"href":"https:\/\/www.nexoinformativo.mx\/index.php\/wp-json\/wp\/v2\/posts\/4845\/revisions"}],"predecessor-version":[{"id":4849,"href":"https:\/\/www.nexoinformativo.mx\/index.php\/wp-json\/wp\/v2\/posts\/4845\/revisions\/4849"}],"wp:featuredmedia":[{"embeddable":true,"href":"https:\/\/www.nexoinformativo.mx\/index.php\/wp-json\/wp\/v2\/media\/4869"}],"wp:attachment":[{"href":"https:\/\/www.nexoinformativo.mx\/index.php\/wp-json\/wp\/v2\/media?parent=4845"}],"wp:term":[{"taxonomy":"category","embeddable":true,"href":"https:\/\/www.nexoinformativo.mx\/index.php\/wp-json\/wp\/v2\/categories?post=4845"},{"taxonomy":"post_tag","embeddable":true,"href":"https:\/\/www.nexoinformativo.mx\/index.php\/wp-json\/wp\/v2\/tags?post=4845"}],"curies":[{"name":"wp","href":"https:\/\/api.w.org\/{rel}","templated":true}]}}