{"id":4851,"date":"2024-10-29T12:30:44","date_gmt":"2024-10-29T18:30:44","guid":{"rendered":"https:\/\/www.nexoinformativo.mx\/?p=4851"},"modified":"2024-10-29T13:52:39","modified_gmt":"2024-10-29T19:52:39","slug":"el-marques-registra-saldo-blanco-en-las-festividades-de-san-judas-tadeo","status":"publish","type":"post","link":"https:\/\/www.nexoinformativo.mx\/index.php\/2024\/10\/29\/el-marques-registra-saldo-blanco-en-las-festividades-de-san-judas-tadeo\/","title":{"rendered":"El Marqu\u00e9s registra saldo blanco en las festividades de San Judas Tadeo"},"content":{"rendered":"<p style=\"text-align: justify;\" data-sourcepos=\"5:1-5:284\">Las festividades en honor a San Judas Tadeo, celebradas este fin de semana en el municipio de El Marqu\u00e9s, concluyeron con un saldo blanco, gracias a un operativo de seguridad implementado por las autoridades municipales y estatales.<\/p>\n<p>&nbsp;<\/p>\n<p style=\"text-align: justify;\" data-sourcepos=\"7:1-7:388\">M\u00e1s de 106 mil personas acudieron a la capilla ubicada en la carretera federal M\u00e9xico-Quer\u00e9taro para celebrar al santo patrono de las causas dif\u00edciles. Durante los dos d\u00edas de festejos, se realizaron diversas acciones para garantizar la seguridad de los asistentes, como la presencia de elementos de la Guardia Nacional, Polic\u00eda Estatal, Protecci\u00f3n Civil y personal de servicios p\u00fablicos.<\/p>\n<p>&nbsp;<\/p>\n<p style=\"text-align: justify;\" data-sourcepos=\"11:1-11:235\">La Coordinaci\u00f3n Municipal de Protecci\u00f3n Civil (CMPC) report\u00f3 un saldo blanco, destacando que se brindaron 38 atenciones m\u00e9dicas menores y se aseguraron 128 cohetones. Adem\u00e1s, se habilit\u00f3 una zona de comida gratuita para los asistentes.<\/p>\n<p>&nbsp;<\/p>\n<p style=\"text-align: justify;\" data-sourcepos=\"13:1-13:319\">&#8220;Estamos muy satisfechos con los resultados de este operativo. Gracias a la coordinaci\u00f3n entre las diferentes instituciones y a la colaboraci\u00f3n de la ciudadan\u00eda, pudimos garantizar la seguridad de todos los asistentes a estas importantes festividades&#8221; se\u00f1alaron personas que participaron en el operativo.<\/p>\n<p>&nbsp;<\/p>\n<p style=\"text-align: justify;\" data-sourcepos=\"17:1-17:176\">Las autoridades municipales agradecieron a la ciudadan\u00eda su participaci\u00f3n y colaboraci\u00f3n, y los invitaron a seguir participando en las actividades organizadas por el municipio.<\/p>\n<p>&nbsp;<\/p>\n<p style=\"text-align: center;\" data-sourcepos=\"17:1-17:176\"><em><strong>\u00a1Informaci\u00f3n que transforma!<\/strong><\/em><\/p>\n","protected":false},"excerpt":{"rendered":"<p>Las festividades en honor a San Judas Tadeo, celebradas este fin de semana en el municipio de El Marqu\u00e9s, concluyeron con un saldo blanco, gracias a un operativo de seguridad implementado por las autoridades municipales y estatales. &nbsp; M\u00e1s de 106 mil personas acudieron a la capilla ubicada en la carretera federal M\u00e9xico-Quer\u00e9taro para celebrar [&hellip;]<\/p>\n","protected":false},"author":3,"featured_media":4852,"comment_status":"open","ping_status":"open","sticky":false,"template":"","format":"standard","meta":{"footnotes":""},"categories":[65,58],"tags":[149,1723,1722,1682],"class_list":["post-4851","post","type-post","status-publish","format-standard","has-post-thumbnail","hentry","category-municipios","category-ultima-hora","tag-elmarques","tag-festividades","tag-saldoblanco","tag-sanjudastadeo"],"yoast_head":"<!-- This site is optimized with the Yoast SEO plugin v25.0 - https:\/\/yoast.com\/wordpress\/plugins\/seo\/ -->\n<title>El Marqu\u00e9s registra saldo blanco en las festividades de San Judas Tadeo | Nexo Informativo Santiago de Quer\u00e9taro<\/title>\n<meta name=\"description\" content=\"El Marqu\u00e9s registra saldo blanco en las festividades de San Judas Tadeo\" \/>\n<meta name=\"robots\" content=\"index, follow, max-snippet:-1, max-image-preview:large, max-video-preview:-1\" \/>\n<link rel=\"canonical\" href=\"https:\/\/www.nexoinformativo.mx\/index.php\/2024\/10\/29\/el-marques-registra-saldo-blanco-en-las-festividades-de-san-judas-tadeo\/\" \/>\n<meta property=\"og:locale\" content=\"es_MX\" \/>\n<meta property=\"og:type\" content=\"article\" \/>\n<meta property=\"og:title\" content=\"El Marqu\u00e9s registra saldo blanco en las festividades de San Judas Tadeo | Nexo Informativo Santiago de Quer\u00e9taro\" \/>\n<meta property=\"og:description\" content=\"El Marqu\u00e9s registra saldo blanco en las festividades de San Judas Tadeo\" \/>\n<meta property=\"og:url\" content=\"https:\/\/www.nexoinformativo.mx\/index.php\/2024\/10\/29\/el-marques-registra-saldo-blanco-en-las-festividades-de-san-judas-tadeo\/\" \/>\n<meta property=\"og:site_name\" content=\"Nexo Informativo Santiago de Quer\u00e9taro\" \/>\n<meta property=\"article:publisher\" content=\"https:\/\/www.facebook.com\/people\/Nexo-Informativo\/61564066885511\/\" \/>\n<meta property=\"article:published_time\" content=\"2024-10-29T18:30:44+00:00\" \/>\n<meta property=\"article:modified_time\" content=\"2024-10-29T19:52:39+00:00\" \/>\n<meta property=\"og:image\" content=\"https:\/\/www.nexoinformativo.mx\/wp-content\/uploads\/2024\/10\/PHOTO-2024-10-29-13-07-44-e1730231447414.jpg\" \/>\n\t<meta property=\"og:image:width\" content=\"800\" \/>\n\t<meta property=\"og:image:height\" content=\"1000\" \/>\n\t<meta property=\"og:image:type\" content=\"image\/jpeg\" \/>\n<meta name=\"author\" content=\"Nexo Informativo\" \/>\n<meta name=\"twitter:card\" content=\"summary_large_image\" \/>\n<meta name=\"twitter:label1\" content=\"Escrito por\" \/>\n\t<meta name=\"twitter:data1\" content=\"Nexo Informativo\" \/>\n\t<meta name=\"twitter:label2\" content=\"Tiempo de lectura\" \/>\n\t<meta name=\"twitter:data2\" content=\"2 minutos\" \/>\n<script type=\"application\/ld+json\" class=\"yoast-schema-graph\">{\"@context\":\"https:\/\/schema.org\",\"@graph\":[{\"@type\":\"Article\",\"@id\":\"https:\/\/www.nexoinformativo.mx\/index.php\/2024\/10\/29\/el-marques-registra-saldo-blanco-en-las-festividades-de-san-judas-tadeo\/#article\",\"isPartOf\":{\"@id\":\"https:\/\/www.nexoinformativo.mx\/index.php\/2024\/10\/29\/el-marques-registra-saldo-blanco-en-las-festividades-de-san-judas-tadeo\/\"},\"author\":{\"name\":\"Nexo Informativo\",\"@id\":\"https:\/\/www.nexoinformativo.mx\/#\/schema\/person\/7749d380ba08c8ca00d7bc76fd907b7d\"},\"headline\":\"El Marqu\u00e9s registra saldo blanco en las festividades de San Judas Tadeo\",\"datePublished\":\"2024-10-29T18:30:44+00:00\",\"dateModified\":\"2024-10-29T19:52:39+00:00\",\"mainEntityOfPage\":{\"@id\":\"https:\/\/www.nexoinformativo.mx\/index.php\/2024\/10\/29\/el-marques-registra-saldo-blanco-en-las-festividades-de-san-judas-tadeo\/\"},\"wordCount\":237,\"commentCount\":0,\"publisher\":{\"@id\":\"https:\/\/www.nexoinformativo.mx\/#organization\"},\"image\":{\"@id\":\"https:\/\/www.nexoinformativo.mx\/index.php\/2024\/10\/29\/el-marques-registra-saldo-blanco-en-las-festividades-de-san-judas-tadeo\/#primaryimage\"},\"thumbnailUrl\":\"https:\/\/www.nexoinformativo.mx\/wp-content\/uploads\/2024\/10\/PHOTO-2024-10-29-13-07-44-e1730231447414.jpg\",\"keywords\":[\"elmarques\",\"Festividades\",\"SaldoBlanco\",\"SanJudasTadeo\"],\"articleSection\":[\"Municipios\",\"\u00daltima Hora\"],\"inLanguage\":\"es\",\"potentialAction\":[{\"@type\":\"CommentAction\",\"name\":\"Comment\",\"target\":[\"https:\/\/www.nexoinformativo.mx\/index.php\/2024\/10\/29\/el-marques-registra-saldo-blanco-en-las-festividades-de-san-judas-tadeo\/#respond\"]}]},{\"@type\":\"WebPage\",\"@id\":\"https:\/\/www.nexoinformativo.mx\/index.php\/2024\/10\/29\/el-marques-registra-saldo-blanco-en-las-festividades-de-san-judas-tadeo\/\",\"url\":\"https:\/\/www.nexoinformativo.mx\/index.php\/2024\/10\/29\/el-marques-registra-saldo-blanco-en-las-festividades-de-san-judas-tadeo\/\",\"name\":\"El Marqu\u00e9s registra saldo blanco en las festividades de San Judas Tadeo | Nexo Informativo Santiago de Quer\u00e9taro\",\"isPartOf\":{\"@id\":\"https:\/\/www.nexoinformativo.mx\/#website\"},\"primaryImageOfPage\":{\"@id\":\"https:\/\/www.nexoinformativo.mx\/index.php\/2024\/10\/29\/el-marques-registra-saldo-blanco-en-las-festividades-de-san-judas-tadeo\/#primaryimage\"},\"image\":{\"@id\":\"https:\/\/www.nexoinformativo.mx\/index.php\/2024\/10\/29\/el-marques-registra-saldo-blanco-en-las-festividades-de-san-judas-tadeo\/#primaryimage\"},\"thumbnailUrl\":\"https:\/\/www.nexoinformativo.mx\/wp-content\/uploads\/2024\/10\/PHOTO-2024-10-29-13-07-44-e1730231447414.jpg\",\"datePublished\":\"2024-10-29T18:30:44+00:00\",\"dateModified\":\"2024-10-29T19:52:39+00:00\",\"description\":\"El Marqu\u00e9s registra saldo blanco en las festividades de San Judas Tadeo\",\"breadcrumb\":{\"@id\":\"https:\/\/www.nexoinformativo.mx\/index.php\/2024\/10\/29\/el-marques-registra-saldo-blanco-en-las-festividades-de-san-judas-tadeo\/#breadcrumb\"},\"inLanguage\":\"es\",\"potentialAction\":[{\"@type\":\"ReadAction\",\"target\":[\"https:\/\/www.nexoinformativo.mx\/index.php\/2024\/10\/29\/el-marques-registra-saldo-blanco-en-las-festividades-de-san-judas-tadeo\/\"]}]},{\"@type\":\"ImageObject\",\"inLanguage\":\"es\",\"@id\":\"https:\/\/www.nexoinformativo.mx\/index.php\/2024\/10\/29\/el-marques-registra-saldo-blanco-en-las-festividades-de-san-judas-tadeo\/#primaryimage\",\"url\":\"https:\/\/www.nexoinformativo.mx\/wp-content\/uploads\/2024\/10\/PHOTO-2024-10-29-13-07-44-e1730231447414.jpg\",\"contentUrl\":\"https:\/\/www.nexoinformativo.mx\/wp-content\/uploads\/2024\/10\/PHOTO-2024-10-29-13-07-44-e1730231447414.jpg\",\"width\":800,\"height\":1000},{\"@type\":\"BreadcrumbList\",\"@id\":\"https:\/\/www.nexoinformativo.mx\/index.php\/2024\/10\/29\/el-marques-registra-saldo-blanco-en-las-festividades-de-san-judas-tadeo\/#breadcrumb\",\"itemListElement\":[{\"@type\":\"ListItem\",\"position\":1,\"name\":\"Inicio\",\"item\":\"https:\/\/www.nexoinformativo.mx\/\"},{\"@type\":\"ListItem\",\"position\":2,\"name\":\"El Marqu\u00e9s registra saldo blanco en las festividades de San Judas Tadeo\"}]},{\"@type\":\"WebSite\",\"@id\":\"https:\/\/www.nexoinformativo.mx\/#website\",\"url\":\"https:\/\/www.nexoinformativo.mx\/\",\"name\":\"Nexo Informativo Santiago de Quer\u00e9taro\",\"description\":\"Explora NexoInformativo y convi\u00e9rtete en parte de una comunidad que valora el conocimiento y la verdad. Tu nexoinformativo es tu puente hacia una comprensi\u00f3n m\u00e1s profunda del mundo que te rodea.\",\"publisher\":{\"@id\":\"https:\/\/www.nexoinformativo.mx\/#organization\"},\"potentialAction\":[{\"@type\":\"SearchAction\",\"target\":{\"@type\":\"EntryPoint\",\"urlTemplate\":\"https:\/\/www.nexoinformativo.mx\/?s={search_term_string}\"},\"query-input\":{\"@type\":\"PropertyValueSpecification\",\"valueRequired\":true,\"valueName\":\"search_term_string\"}}],\"inLanguage\":\"es\"},{\"@type\":\"Organization\",\"@id\":\"https:\/\/www.nexoinformativo.mx\/#organization\",\"name\":\"Nexo Informativo Santiago de Quer\u00e9taro\",\"url\":\"https:\/\/www.nexoinformativo.mx\/\",\"logo\":{\"@type\":\"ImageObject\",\"inLanguage\":\"es\",\"@id\":\"https:\/\/www.nexoinformativo.mx\/#\/schema\/logo\/image\/\",\"url\":\"https:\/\/www.nexoinformativo.mx\/wp-content\/uploads\/2024\/07\/nexoi-trasparente-2.png\",\"contentUrl\":\"https:\/\/www.nexoinformativo.mx\/wp-content\/uploads\/2024\/07\/nexoi-trasparente-2.png\",\"width\":816,\"height\":339,\"caption\":\"Nexo Informativo Santiago de Quer\u00e9taro\"},\"image\":{\"@id\":\"https:\/\/www.nexoinformativo.mx\/#\/schema\/logo\/image\/\"},\"sameAs\":[\"https:\/\/www.facebook.com\/people\/Nexo-Informativo\/61564066885511\/\"]},{\"@type\":\"Person\",\"@id\":\"https:\/\/www.nexoinformativo.mx\/#\/schema\/person\/7749d380ba08c8ca00d7bc76fd907b7d\",\"name\":\"Nexo Informativo\",\"image\":{\"@type\":\"ImageObject\",\"inLanguage\":\"es\",\"@id\":\"https:\/\/www.nexoinformativo.mx\/#\/schema\/person\/image\/\",\"url\":\"https:\/\/secure.gravatar.com\/avatar\/dde2928154642a13d95f87ddf1ea9718fe2b46760a005c53e41ff5ad610704e6?s=96&d=mm&r=g\",\"contentUrl\":\"https:\/\/secure.gravatar.com\/avatar\/dde2928154642a13d95f87ddf1ea9718fe2b46760a005c53e41ff5ad610704e6?s=96&d=mm&r=g\",\"caption\":\"Nexo Informativo\"},\"url\":\"https:\/\/www.nexoinformativo.mx\/index.php\/author\/edicion\/\"}]}<\/script>\n<!-- \/ Yoast SEO plugin. -->","yoast_head_json":{"title":"El Marqu\u00e9s registra saldo blanco en las festividades de San Judas Tadeo | Nexo Informativo Santiago de Quer\u00e9taro","description":"El Marqu\u00e9s registra saldo blanco en las festividades de San Judas Tadeo","robots":{"index":"index","follow":"follow","max-snippet":"max-snippet:-1","max-image-preview":"max-image-preview:large","max-video-preview":"max-video-preview:-1"},"canonical":"https:\/\/www.nexoinformativo.mx\/index.php\/2024\/10\/29\/el-marques-registra-saldo-blanco-en-las-festividades-de-san-judas-tadeo\/","og_locale":"es_MX","og_type":"article","og_title":"El Marqu\u00e9s registra saldo blanco en las festividades de San Judas Tadeo | Nexo Informativo Santiago de Quer\u00e9taro","og_description":"El Marqu\u00e9s registra saldo blanco en las festividades de San Judas Tadeo","og_url":"https:\/\/www.nexoinformativo.mx\/index.php\/2024\/10\/29\/el-marques-registra-saldo-blanco-en-las-festividades-de-san-judas-tadeo\/","og_site_name":"Nexo Informativo Santiago de Quer\u00e9taro","article_publisher":"https:\/\/www.facebook.com\/people\/Nexo-Informativo\/61564066885511\/","article_published_time":"2024-10-29T18:30:44+00:00","article_modified_time":"2024-10-29T19:52:39+00:00","og_image":[{"width":800,"height":1000,"url":"https:\/\/www.nexoinformativo.mx\/wp-content\/uploads\/2024\/10\/PHOTO-2024-10-29-13-07-44-e1730231447414.jpg","type":"image\/jpeg"}],"author":"Nexo Informativo","twitter_card":"summary_large_image","twitter_misc":{"Escrito por":"Nexo Informativo","Tiempo de lectura":"2 minutos"},"schema":{"@context":"https:\/\/schema.org","@graph":[{"@type":"Article","@id":"https:\/\/www.nexoinformativo.mx\/index.php\/2024\/10\/29\/el-marques-registra-saldo-blanco-en-las-festividades-de-san-judas-tadeo\/#article","isPartOf":{"@id":"https:\/\/www.nexoinformativo.mx\/index.php\/2024\/10\/29\/el-marques-registra-saldo-blanco-en-las-festividades-de-san-judas-tadeo\/"},"author":{"name":"Nexo Informativo","@id":"https:\/\/www.nexoinformativo.mx\/#\/schema\/person\/7749d380ba08c8ca00d7bc76fd907b7d"},"headline":"El Marqu\u00e9s registra saldo blanco en las festividades de San Judas Tadeo","datePublished":"2024-10-29T18:30:44+00:00","dateModified":"2024-10-29T19:52:39+00:00","mainEntityOfPage":{"@id":"https:\/\/www.nexoinformativo.mx\/index.php\/2024\/10\/29\/el-marques-registra-saldo-blanco-en-las-festividades-de-san-judas-tadeo\/"},"wordCount":237,"commentCount":0,"publisher":{"@id":"https:\/\/www.nexoinformativo.mx\/#organization"},"image":{"@id":"https:\/\/www.nexoinformativo.mx\/index.php\/2024\/10\/29\/el-marques-registra-saldo-blanco-en-las-festividades-de-san-judas-tadeo\/#primaryimage"},"thumbnailUrl":"https:\/\/www.nexoinformativo.mx\/wp-content\/uploads\/2024\/10\/PHOTO-2024-10-29-13-07-44-e1730231447414.jpg","keywords":["elmarques","Festividades","SaldoBlanco","SanJudasTadeo"],"articleSection":["Municipios","\u00daltima Hora"],"inLanguage":"es","potentialAction":[{"@type":"CommentAction","name":"Comment","target":["https:\/\/www.nexoinformativo.mx\/index.php\/2024\/10\/29\/el-marques-registra-saldo-blanco-en-las-festividades-de-san-judas-tadeo\/#respond"]}]},{"@type":"WebPage","@id":"https:\/\/www.nexoinformativo.mx\/index.php\/2024\/10\/29\/el-marques-registra-saldo-blanco-en-las-festividades-de-san-judas-tadeo\/","url":"https:\/\/www.nexoinformativo.mx\/index.php\/2024\/10\/29\/el-marques-registra-saldo-blanco-en-las-festividades-de-san-judas-tadeo\/","name":"El Marqu\u00e9s registra saldo blanco en las festividades de San Judas Tadeo | Nexo Informativo Santiago de Quer\u00e9taro","isPartOf":{"@id":"https:\/\/www.nexoinformativo.mx\/#website"},"primaryImageOfPage":{"@id":"https:\/\/www.nexoinformativo.mx\/index.php\/2024\/10\/29\/el-marques-registra-saldo-blanco-en-las-festividades-de-san-judas-tadeo\/#primaryimage"},"image":{"@id":"https:\/\/www.nexoinformativo.mx\/index.php\/2024\/10\/29\/el-marques-registra-saldo-blanco-en-las-festividades-de-san-judas-tadeo\/#primaryimage"},"thumbnailUrl":"https:\/\/www.nexoinformativo.mx\/wp-content\/uploads\/2024\/10\/PHOTO-2024-10-29-13-07-44-e1730231447414.jpg","datePublished":"2024-10-29T18:30:44+00:00","dateModified":"2024-10-29T19:52:39+00:00","description":"El Marqu\u00e9s registra saldo blanco en las festividades de San Judas Tadeo","breadcrumb":{"@id":"https:\/\/www.nexoinformativo.mx\/index.php\/2024\/10\/29\/el-marques-registra-saldo-blanco-en-las-festividades-de-san-judas-tadeo\/#breadcrumb"},"inLanguage":"es","potentialAction":[{"@type":"ReadAction","target":["https:\/\/www.nexoinformativo.mx\/index.php\/2024\/10\/29\/el-marques-registra-saldo-blanco-en-las-festividades-de-san-judas-tadeo\/"]}]},{"@type":"ImageObject","inLanguage":"es","@id":"https:\/\/www.nexoinformativo.mx\/index.php\/2024\/10\/29\/el-marques-registra-saldo-blanco-en-las-festividades-de-san-judas-tadeo\/#primaryimage","url":"https:\/\/www.nexoinformativo.mx\/wp-content\/uploads\/2024\/10\/PHOTO-2024-10-29-13-07-44-e1730231447414.jpg","contentUrl":"https:\/\/www.nexoinformativo.mx\/wp-content\/uploads\/2024\/10\/PHOTO-2024-10-29-13-07-44-e1730231447414.jpg","width":800,"height":1000},{"@type":"BreadcrumbList","@id":"https:\/\/www.nexoinformativo.mx\/index.php\/2024\/10\/29\/el-marques-registra-saldo-blanco-en-las-festividades-de-san-judas-tadeo\/#breadcrumb","itemListElement":[{"@type":"ListItem","position":1,"name":"Inicio","item":"https:\/\/www.nexoinformativo.mx\/"},{"@type":"ListItem","position":2,"name":"El Marqu\u00e9s registra saldo blanco en las festividades de San Judas Tadeo"}]},{"@type":"WebSite","@id":"https:\/\/www.nexoinformativo.mx\/#website","url":"https:\/\/www.nexoinformativo.mx\/","name":"Nexo Informativo Santiago de Quer\u00e9taro","description":"Explora NexoInformativo y convi\u00e9rtete en parte de una comunidad que valora el conocimiento y la verdad. Tu nexoinformativo es tu puente hacia una comprensi\u00f3n m\u00e1s profunda del mundo que te rodea.","publisher":{"@id":"https:\/\/www.nexoinformativo.mx\/#organization"},"potentialAction":[{"@type":"SearchAction","target":{"@type":"EntryPoint","urlTemplate":"https:\/\/www.nexoinformativo.mx\/?s={search_term_string}"},"query-input":{"@type":"PropertyValueSpecification","valueRequired":true,"valueName":"search_term_string"}}],"inLanguage":"es"},{"@type":"Organization","@id":"https:\/\/www.nexoinformativo.mx\/#organization","name":"Nexo Informativo Santiago de Quer\u00e9taro","url":"https:\/\/www.nexoinformativo.mx\/","logo":{"@type":"ImageObject","inLanguage":"es","@id":"https:\/\/www.nexoinformativo.mx\/#\/schema\/logo\/image\/","url":"https:\/\/www.nexoinformativo.mx\/wp-content\/uploads\/2024\/07\/nexoi-trasparente-2.png","contentUrl":"https:\/\/www.nexoinformativo.mx\/wp-content\/uploads\/2024\/07\/nexoi-trasparente-2.png","width":816,"height":339,"caption":"Nexo Informativo Santiago de Quer\u00e9taro"},"image":{"@id":"https:\/\/www.nexoinformativo.mx\/#\/schema\/logo\/image\/"},"sameAs":["https:\/\/www.facebook.com\/people\/Nexo-Informativo\/61564066885511\/"]},{"@type":"Person","@id":"https:\/\/www.nexoinformativo.mx\/#\/schema\/person\/7749d380ba08c8ca00d7bc76fd907b7d","name":"Nexo Informativo","image":{"@type":"ImageObject","inLanguage":"es","@id":"https:\/\/www.nexoinformativo.mx\/#\/schema\/person\/image\/","url":"https:\/\/secure.gravatar.com\/avatar\/dde2928154642a13d95f87ddf1ea9718fe2b46760a005c53e41ff5ad610704e6?s=96&d=mm&r=g","contentUrl":"https:\/\/secure.gravatar.com\/avatar\/dde2928154642a13d95f87ddf1ea9718fe2b46760a005c53e41ff5ad610704e6?s=96&d=mm&r=g","caption":"Nexo Informativo"},"url":"https:\/\/www.nexoinformativo.mx\/index.php\/author\/edicion\/"}]}},"_links":{"self":[{"href":"https:\/\/www.nexoinformativo.mx\/index.php\/wp-json\/wp\/v2\/posts\/4851","targetHints":{"allow":["GET"]}}],"collection":[{"href":"https:\/\/www.nexoinformativo.mx\/index.php\/wp-json\/wp\/v2\/posts"}],"about":[{"href":"https:\/\/www.nexoinformativo.mx\/index.php\/wp-json\/wp\/v2\/types\/post"}],"author":[{"embeddable":true,"href":"https:\/\/www.nexoinformativo.mx\/index.php\/wp-json\/wp\/v2\/users\/3"}],"replies":[{"embeddable":true,"href":"https:\/\/www.nexoinformativo.mx\/index.php\/wp-json\/wp\/v2\/comments?post=4851"}],"version-history":[{"count":3,"href":"https:\/\/www.nexoinformativo.mx\/index.php\/wp-json\/wp\/v2\/posts\/4851\/revisions"}],"predecessor-version":[{"id":4855,"href":"https:\/\/www.nexoinformativo.mx\/index.php\/wp-json\/wp\/v2\/posts\/4851\/revisions\/4855"}],"wp:featuredmedia":[{"embeddable":true,"href":"https:\/\/www.nexoinformativo.mx\/index.php\/wp-json\/wp\/v2\/media\/4852"}],"wp:attachment":[{"href":"https:\/\/www.nexoinformativo.mx\/index.php\/wp-json\/wp\/v2\/media?parent=4851"}],"wp:term":[{"taxonomy":"category","embeddable":true,"href":"https:\/\/www.nexoinformativo.mx\/index.php\/wp-json\/wp\/v2\/categories?post=4851"},{"taxonomy":"post_tag","embeddable":true,"href":"https:\/\/www.nexoinformativo.mx\/index.php\/wp-json\/wp\/v2\/tags?post=4851"}],"curies":[{"name":"wp","href":"https:\/\/api.w.org\/{rel}","templated":true}]}}