{"id":4857,"date":"2024-10-29T13:00:17","date_gmt":"2024-10-29T19:00:17","guid":{"rendered":"https:\/\/www.nexoinformativo.mx\/?p=4857"},"modified":"2024-10-29T14:26:02","modified_gmt":"2024-10-29T20:26:02","slug":"mexico-registra-deficit-comercial-en-septiembre-por-disminucion-en-exportaciones-automotrices-y-petroleras","status":"publish","type":"post","link":"https:\/\/www.nexoinformativo.mx\/index.php\/2024\/10\/29\/mexico-registra-deficit-comercial-en-septiembre-por-disminucion-en-exportaciones-automotrices-y-petroleras\/","title":{"rendered":"M\u00e9xico registra d\u00e9ficit comercial en septiembre, por disminuci\u00f3n en exportaciones automotrices y petroleras"},"content":{"rendered":"<p style=\"text-align: justify;\" data-sourcepos=\"5:1-5:319\">El Instituto Nacional de Estad\u00edstica y Geograf\u00eda <strong>(INEGI)<\/strong> inform\u00f3 este lunes que M\u00e9xico registr\u00f3 un d\u00e9ficit comercial de 579 millones de d\u00f3lares en septiembre pasado. Esta situaci\u00f3n se atribuye principalmente a la disminuci\u00f3n de las exportaciones automotrices y petroleras.<\/p>\n<p>&nbsp;<\/p>\n<p style=\"text-align: justify;\" data-sourcepos=\"7:1-7:411\">Las exportaciones totales de M\u00e9xico alcanzaron los 49,625.9 millones de d\u00f3lares en septiembre, mostrando un crecimiento nulo en comparaci\u00f3n con el mismo mes del a\u00f1o anterior. Este estancamiento se explica por la ca\u00edda de 7.4% en las ventas externas automotrices, que sumaron 15,421.0 millones de d\u00f3lares, y la disminuci\u00f3n de 44.9% en las exportaciones petroleras, que se ubicaron en 1,886.4 millones de d\u00f3lares.<\/p>\n<p>&nbsp;<\/p>\n<p style=\"text-align: justify;\" data-sourcepos=\"11:1-11:381\">Diversos factores incidieron en este desempe\u00f1o. Por un lado, el estancamiento de la producci\u00f3n manufacturera en EU, principal socio comercial de M\u00e9xico, afect\u00f3 las exportaciones automotrices. Por otro lado, la volatilidad en los precios del petr\u00f3leo, asociada a conflictos geopol\u00edticos y la menor demanda de China, impact\u00f3 negativamente en las exportaciones petroleras.<\/p>\n<p>&nbsp;<\/p>\n<p style=\"text-align: justify;\" data-sourcepos=\"15:1-15:326\">En cuanto a las importaciones, se registr\u00f3 una disminuci\u00f3n de 1.8% en comparaci\u00f3n con el mismo periodo del a\u00f1o anterior, alcanzando los 50,204.0 millones de d\u00f3lares. Sin embargo, esta reducci\u00f3n no fue suficiente para compensar la ca\u00edda en las exportaciones, lo que result\u00f3 en un d\u00e9ficit comercial de 578.9 millones de d\u00f3lares.<\/p>\n<p>&nbsp;<\/p>\n<p style=\"text-align: justify;\" data-sourcepos=\"15:1-15:326\">A pesar de la ca\u00edda en las exportaciones automotrices y petroleras, otros sectores mostraron un mejor desempe\u00f1o. Las exportaciones de maquinaria y equipo especial, productos de la minerometalurgia, papel y productos de la industria editorial, equipo profesional y cient\u00edfico, y equipos y aparatos el\u00e9ctricos y electr\u00f3nicos registraron incrementos significativos.<\/p>\n<p>&nbsp;<\/p>\n<p style=\"text-align: justify;\" data-sourcepos=\"23:1-23:266\">Si bien las exportaciones mexicanas han mostrado una ligera mejora en los primeros nueve meses de 2024, la incertidumbre en la econom\u00eda global y los desaf\u00edos que enfrenta el sector automotriz podr\u00edan continuar afectando el desempe\u00f1o exportador en los pr\u00f3ximos meses.<\/p>\n<p>&nbsp;<\/p>\n<p style=\"text-align: center;\" data-sourcepos=\"23:1-23:266\"><em><strong>\u00a1Informaci\u00f3n que transforma!<\/strong><\/em><\/p>\n","protected":false},"excerpt":{"rendered":"<p>El Instituto Nacional de Estad\u00edstica y Geograf\u00eda (INEGI) inform\u00f3 este lunes que M\u00e9xico registr\u00f3 un d\u00e9ficit comercial de 579 millones de d\u00f3lares en septiembre pasado.<\/p>\n","protected":false},"author":3,"featured_media":4858,"comment_status":"open","ping_status":"open","sticky":false,"template":"","format":"standard","meta":{"footnotes":""},"categories":[5,88,58],"tags":[1726,1438,1724,1725,1610],"class_list":["post-4857","post","type-post","status-publish","format-standard","has-post-thumbnail","hentry","category-economia","category-nacional","category-ultima-hora","tag-automotriz","tag-comercioexterior","tag-deficitcomercial","tag-exportaciones","tag-mexico"],"yoast_head":"<!-- This site is optimized with the Yoast SEO plugin v25.0 - https:\/\/yoast.com\/wordpress\/plugins\/seo\/ -->\n<title>M\u00e9xico registra d\u00e9ficit comercial en septiembre, por disminuci\u00f3n en exportaciones automotrices y petroleras | Nexo Informativo Santiago de Quer\u00e9taro<\/title>\n<meta name=\"description\" content=\"M\u00e9xico registra d\u00e9ficit comercial en septiembre, por ca\u00edda en exportaciones automotrices y petroleras\" \/>\n<meta name=\"robots\" content=\"index, follow, max-snippet:-1, max-image-preview:large, max-video-preview:-1\" \/>\n<link rel=\"canonical\" href=\"https:\/\/www.nexoinformativo.mx\/index.php\/2024\/10\/29\/mexico-registra-deficit-comercial-en-septiembre-por-disminucion-en-exportaciones-automotrices-y-petroleras\/\" \/>\n<meta property=\"og:locale\" content=\"es_MX\" \/>\n<meta property=\"og:type\" content=\"article\" \/>\n<meta property=\"og:title\" content=\"M\u00e9xico registra d\u00e9ficit comercial en septiembre, por disminuci\u00f3n en exportaciones automotrices y petroleras | Nexo Informativo Santiago de Quer\u00e9taro\" \/>\n<meta property=\"og:description\" content=\"M\u00e9xico registra d\u00e9ficit comercial en septiembre, por ca\u00edda en exportaciones automotrices y petroleras\" \/>\n<meta property=\"og:url\" content=\"https:\/\/www.nexoinformativo.mx\/index.php\/2024\/10\/29\/mexico-registra-deficit-comercial-en-septiembre-por-disminucion-en-exportaciones-automotrices-y-petroleras\/\" \/>\n<meta property=\"og:site_name\" content=\"Nexo Informativo Santiago de Quer\u00e9taro\" \/>\n<meta property=\"article:publisher\" content=\"https:\/\/www.facebook.com\/people\/Nexo-Informativo\/61564066885511\/\" \/>\n<meta property=\"article:published_time\" content=\"2024-10-29T19:00:17+00:00\" \/>\n<meta property=\"article:modified_time\" content=\"2024-10-29T20:26:02+00:00\" \/>\n<meta property=\"og:image\" content=\"https:\/\/www.nexoinformativo.mx\/wp-content\/uploads\/2024\/10\/pexels-introspectivedsgn-28984519-scaled-e1730233554601.jpeg\" \/>\n\t<meta property=\"og:image:width\" content=\"500\" \/>\n\t<meta property=\"og:image:height\" content=\"749\" \/>\n\t<meta property=\"og:image:type\" content=\"image\/jpeg\" \/>\n<meta name=\"author\" content=\"Nexo Informativo\" \/>\n<meta name=\"twitter:card\" content=\"summary_large_image\" \/>\n<meta name=\"twitter:label1\" content=\"Escrito por\" \/>\n\t<meta name=\"twitter:data1\" content=\"Nexo Informativo\" \/>\n\t<meta name=\"twitter:label2\" content=\"Tiempo de lectura\" \/>\n\t<meta name=\"twitter:data2\" content=\"2 minutos\" \/>\n<script type=\"application\/ld+json\" class=\"yoast-schema-graph\">{\"@context\":\"https:\/\/schema.org\",\"@graph\":[{\"@type\":\"Article\",\"@id\":\"https:\/\/www.nexoinformativo.mx\/index.php\/2024\/10\/29\/mexico-registra-deficit-comercial-en-septiembre-por-disminucion-en-exportaciones-automotrices-y-petroleras\/#article\",\"isPartOf\":{\"@id\":\"https:\/\/www.nexoinformativo.mx\/index.php\/2024\/10\/29\/mexico-registra-deficit-comercial-en-septiembre-por-disminucion-en-exportaciones-automotrices-y-petroleras\/\"},\"author\":{\"name\":\"Nexo Informativo\",\"@id\":\"https:\/\/www.nexoinformativo.mx\/#\/schema\/person\/7749d380ba08c8ca00d7bc76fd907b7d\"},\"headline\":\"M\u00e9xico registra d\u00e9ficit comercial en septiembre, por disminuci\u00f3n en exportaciones automotrices y petroleras\",\"datePublished\":\"2024-10-29T19:00:17+00:00\",\"dateModified\":\"2024-10-29T20:26:02+00:00\",\"mainEntityOfPage\":{\"@id\":\"https:\/\/www.nexoinformativo.mx\/index.php\/2024\/10\/29\/mexico-registra-deficit-comercial-en-septiembre-por-disminucion-en-exportaciones-automotrices-y-petroleras\/\"},\"wordCount\":350,\"commentCount\":0,\"publisher\":{\"@id\":\"https:\/\/www.nexoinformativo.mx\/#organization\"},\"image\":{\"@id\":\"https:\/\/www.nexoinformativo.mx\/index.php\/2024\/10\/29\/mexico-registra-deficit-comercial-en-septiembre-por-disminucion-en-exportaciones-automotrices-y-petroleras\/#primaryimage\"},\"thumbnailUrl\":\"https:\/\/www.nexoinformativo.mx\/wp-content\/uploads\/2024\/10\/pexels-introspectivedsgn-28984519-scaled-e1730233554601.jpeg\",\"keywords\":[\"Automotriz\",\"ComercioExterior\",\"D\u00e9ficitComercial\",\"Exportaciones\",\"M\u00e9xico\"],\"articleSection\":[\"Econom\u00eda\",\"Nacional\",\"\u00daltima Hora\"],\"inLanguage\":\"es\",\"potentialAction\":[{\"@type\":\"CommentAction\",\"name\":\"Comment\",\"target\":[\"https:\/\/www.nexoinformativo.mx\/index.php\/2024\/10\/29\/mexico-registra-deficit-comercial-en-septiembre-por-disminucion-en-exportaciones-automotrices-y-petroleras\/#respond\"]}]},{\"@type\":\"WebPage\",\"@id\":\"https:\/\/www.nexoinformativo.mx\/index.php\/2024\/10\/29\/mexico-registra-deficit-comercial-en-septiembre-por-disminucion-en-exportaciones-automotrices-y-petroleras\/\",\"url\":\"https:\/\/www.nexoinformativo.mx\/index.php\/2024\/10\/29\/mexico-registra-deficit-comercial-en-septiembre-por-disminucion-en-exportaciones-automotrices-y-petroleras\/\",\"name\":\"M\u00e9xico registra d\u00e9ficit comercial en septiembre, por disminuci\u00f3n en exportaciones automotrices y petroleras | Nexo Informativo Santiago de Quer\u00e9taro\",\"isPartOf\":{\"@id\":\"https:\/\/www.nexoinformativo.mx\/#website\"},\"primaryImageOfPage\":{\"@id\":\"https:\/\/www.nexoinformativo.mx\/index.php\/2024\/10\/29\/mexico-registra-deficit-comercial-en-septiembre-por-disminucion-en-exportaciones-automotrices-y-petroleras\/#primaryimage\"},\"image\":{\"@id\":\"https:\/\/www.nexoinformativo.mx\/index.php\/2024\/10\/29\/mexico-registra-deficit-comercial-en-septiembre-por-disminucion-en-exportaciones-automotrices-y-petroleras\/#primaryimage\"},\"thumbnailUrl\":\"https:\/\/www.nexoinformativo.mx\/wp-content\/uploads\/2024\/10\/pexels-introspectivedsgn-28984519-scaled-e1730233554601.jpeg\",\"datePublished\":\"2024-10-29T19:00:17+00:00\",\"dateModified\":\"2024-10-29T20:26:02+00:00\",\"description\":\"M\u00e9xico registra d\u00e9ficit comercial en septiembre, por ca\u00edda en exportaciones automotrices y petroleras\",\"breadcrumb\":{\"@id\":\"https:\/\/www.nexoinformativo.mx\/index.php\/2024\/10\/29\/mexico-registra-deficit-comercial-en-septiembre-por-disminucion-en-exportaciones-automotrices-y-petroleras\/#breadcrumb\"},\"inLanguage\":\"es\",\"potentialAction\":[{\"@type\":\"ReadAction\",\"target\":[\"https:\/\/www.nexoinformativo.mx\/index.php\/2024\/10\/29\/mexico-registra-deficit-comercial-en-septiembre-por-disminucion-en-exportaciones-automotrices-y-petroleras\/\"]}]},{\"@type\":\"ImageObject\",\"inLanguage\":\"es\",\"@id\":\"https:\/\/www.nexoinformativo.mx\/index.php\/2024\/10\/29\/mexico-registra-deficit-comercial-en-septiembre-por-disminucion-en-exportaciones-automotrices-y-petroleras\/#primaryimage\",\"url\":\"https:\/\/www.nexoinformativo.mx\/wp-content\/uploads\/2024\/10\/pexels-introspectivedsgn-28984519-scaled-e1730233554601.jpeg\",\"contentUrl\":\"https:\/\/www.nexoinformativo.mx\/wp-content\/uploads\/2024\/10\/pexels-introspectivedsgn-28984519-scaled-e1730233554601.jpeg\",\"width\":500,\"height\":749},{\"@type\":\"BreadcrumbList\",\"@id\":\"https:\/\/www.nexoinformativo.mx\/index.php\/2024\/10\/29\/mexico-registra-deficit-comercial-en-septiembre-por-disminucion-en-exportaciones-automotrices-y-petroleras\/#breadcrumb\",\"itemListElement\":[{\"@type\":\"ListItem\",\"position\":1,\"name\":\"Inicio\",\"item\":\"https:\/\/www.nexoinformativo.mx\/\"},{\"@type\":\"ListItem\",\"position\":2,\"name\":\"M\u00e9xico registra d\u00e9ficit comercial en septiembre, por disminuci\u00f3n en exportaciones automotrices y petroleras\"}]},{\"@type\":\"WebSite\",\"@id\":\"https:\/\/www.nexoinformativo.mx\/#website\",\"url\":\"https:\/\/www.nexoinformativo.mx\/\",\"name\":\"Nexo Informativo Santiago de Quer\u00e9taro\",\"description\":\"Explora NexoInformativo y convi\u00e9rtete en parte de una comunidad que valora el conocimiento y la verdad. Tu nexoinformativo es tu puente hacia una comprensi\u00f3n m\u00e1s profunda del mundo que te rodea.\",\"publisher\":{\"@id\":\"https:\/\/www.nexoinformativo.mx\/#organization\"},\"potentialAction\":[{\"@type\":\"SearchAction\",\"target\":{\"@type\":\"EntryPoint\",\"urlTemplate\":\"https:\/\/www.nexoinformativo.mx\/?s={search_term_string}\"},\"query-input\":{\"@type\":\"PropertyValueSpecification\",\"valueRequired\":true,\"valueName\":\"search_term_string\"}}],\"inLanguage\":\"es\"},{\"@type\":\"Organization\",\"@id\":\"https:\/\/www.nexoinformativo.mx\/#organization\",\"name\":\"Nexo Informativo Santiago de Quer\u00e9taro\",\"url\":\"https:\/\/www.nexoinformativo.mx\/\",\"logo\":{\"@type\":\"ImageObject\",\"inLanguage\":\"es\",\"@id\":\"https:\/\/www.nexoinformativo.mx\/#\/schema\/logo\/image\/\",\"url\":\"https:\/\/www.nexoinformativo.mx\/wp-content\/uploads\/2024\/07\/nexoi-trasparente-2.png\",\"contentUrl\":\"https:\/\/www.nexoinformativo.mx\/wp-content\/uploads\/2024\/07\/nexoi-trasparente-2.png\",\"width\":816,\"height\":339,\"caption\":\"Nexo Informativo Santiago de Quer\u00e9taro\"},\"image\":{\"@id\":\"https:\/\/www.nexoinformativo.mx\/#\/schema\/logo\/image\/\"},\"sameAs\":[\"https:\/\/www.facebook.com\/people\/Nexo-Informativo\/61564066885511\/\"]},{\"@type\":\"Person\",\"@id\":\"https:\/\/www.nexoinformativo.mx\/#\/schema\/person\/7749d380ba08c8ca00d7bc76fd907b7d\",\"name\":\"Nexo Informativo\",\"image\":{\"@type\":\"ImageObject\",\"inLanguage\":\"es\",\"@id\":\"https:\/\/www.nexoinformativo.mx\/#\/schema\/person\/image\/\",\"url\":\"https:\/\/secure.gravatar.com\/avatar\/dde2928154642a13d95f87ddf1ea9718fe2b46760a005c53e41ff5ad610704e6?s=96&d=mm&r=g\",\"contentUrl\":\"https:\/\/secure.gravatar.com\/avatar\/dde2928154642a13d95f87ddf1ea9718fe2b46760a005c53e41ff5ad610704e6?s=96&d=mm&r=g\",\"caption\":\"Nexo Informativo\"},\"url\":\"https:\/\/www.nexoinformativo.mx\/index.php\/author\/edicion\/\"}]}<\/script>\n<!-- \/ Yoast SEO plugin. -->","yoast_head_json":{"title":"M\u00e9xico registra d\u00e9ficit comercial en septiembre, por disminuci\u00f3n en exportaciones automotrices y petroleras | Nexo Informativo Santiago de Quer\u00e9taro","description":"M\u00e9xico registra d\u00e9ficit comercial en septiembre, por ca\u00edda en exportaciones automotrices y petroleras","robots":{"index":"index","follow":"follow","max-snippet":"max-snippet:-1","max-image-preview":"max-image-preview:large","max-video-preview":"max-video-preview:-1"},"canonical":"https:\/\/www.nexoinformativo.mx\/index.php\/2024\/10\/29\/mexico-registra-deficit-comercial-en-septiembre-por-disminucion-en-exportaciones-automotrices-y-petroleras\/","og_locale":"es_MX","og_type":"article","og_title":"M\u00e9xico registra d\u00e9ficit comercial en septiembre, por disminuci\u00f3n en exportaciones automotrices y petroleras | Nexo Informativo Santiago de Quer\u00e9taro","og_description":"M\u00e9xico registra d\u00e9ficit comercial en septiembre, por ca\u00edda en exportaciones automotrices y petroleras","og_url":"https:\/\/www.nexoinformativo.mx\/index.php\/2024\/10\/29\/mexico-registra-deficit-comercial-en-septiembre-por-disminucion-en-exportaciones-automotrices-y-petroleras\/","og_site_name":"Nexo Informativo Santiago de Quer\u00e9taro","article_publisher":"https:\/\/www.facebook.com\/people\/Nexo-Informativo\/61564066885511\/","article_published_time":"2024-10-29T19:00:17+00:00","article_modified_time":"2024-10-29T20:26:02+00:00","og_image":[{"width":500,"height":749,"url":"https:\/\/www.nexoinformativo.mx\/wp-content\/uploads\/2024\/10\/pexels-introspectivedsgn-28984519-scaled-e1730233554601.jpeg","type":"image\/jpeg"}],"author":"Nexo Informativo","twitter_card":"summary_large_image","twitter_misc":{"Escrito por":"Nexo Informativo","Tiempo de lectura":"2 minutos"},"schema":{"@context":"https:\/\/schema.org","@graph":[{"@type":"Article","@id":"https:\/\/www.nexoinformativo.mx\/index.php\/2024\/10\/29\/mexico-registra-deficit-comercial-en-septiembre-por-disminucion-en-exportaciones-automotrices-y-petroleras\/#article","isPartOf":{"@id":"https:\/\/www.nexoinformativo.mx\/index.php\/2024\/10\/29\/mexico-registra-deficit-comercial-en-septiembre-por-disminucion-en-exportaciones-automotrices-y-petroleras\/"},"author":{"name":"Nexo Informativo","@id":"https:\/\/www.nexoinformativo.mx\/#\/schema\/person\/7749d380ba08c8ca00d7bc76fd907b7d"},"headline":"M\u00e9xico registra d\u00e9ficit comercial en septiembre, por disminuci\u00f3n en exportaciones automotrices y petroleras","datePublished":"2024-10-29T19:00:17+00:00","dateModified":"2024-10-29T20:26:02+00:00","mainEntityOfPage":{"@id":"https:\/\/www.nexoinformativo.mx\/index.php\/2024\/10\/29\/mexico-registra-deficit-comercial-en-septiembre-por-disminucion-en-exportaciones-automotrices-y-petroleras\/"},"wordCount":350,"commentCount":0,"publisher":{"@id":"https:\/\/www.nexoinformativo.mx\/#organization"},"image":{"@id":"https:\/\/www.nexoinformativo.mx\/index.php\/2024\/10\/29\/mexico-registra-deficit-comercial-en-septiembre-por-disminucion-en-exportaciones-automotrices-y-petroleras\/#primaryimage"},"thumbnailUrl":"https:\/\/www.nexoinformativo.mx\/wp-content\/uploads\/2024\/10\/pexels-introspectivedsgn-28984519-scaled-e1730233554601.jpeg","keywords":["Automotriz","ComercioExterior","D\u00e9ficitComercial","Exportaciones","M\u00e9xico"],"articleSection":["Econom\u00eda","Nacional","\u00daltima Hora"],"inLanguage":"es","potentialAction":[{"@type":"CommentAction","name":"Comment","target":["https:\/\/www.nexoinformativo.mx\/index.php\/2024\/10\/29\/mexico-registra-deficit-comercial-en-septiembre-por-disminucion-en-exportaciones-automotrices-y-petroleras\/#respond"]}]},{"@type":"WebPage","@id":"https:\/\/www.nexoinformativo.mx\/index.php\/2024\/10\/29\/mexico-registra-deficit-comercial-en-septiembre-por-disminucion-en-exportaciones-automotrices-y-petroleras\/","url":"https:\/\/www.nexoinformativo.mx\/index.php\/2024\/10\/29\/mexico-registra-deficit-comercial-en-septiembre-por-disminucion-en-exportaciones-automotrices-y-petroleras\/","name":"M\u00e9xico registra d\u00e9ficit comercial en septiembre, por disminuci\u00f3n en exportaciones automotrices y petroleras | Nexo Informativo Santiago de Quer\u00e9taro","isPartOf":{"@id":"https:\/\/www.nexoinformativo.mx\/#website"},"primaryImageOfPage":{"@id":"https:\/\/www.nexoinformativo.mx\/index.php\/2024\/10\/29\/mexico-registra-deficit-comercial-en-septiembre-por-disminucion-en-exportaciones-automotrices-y-petroleras\/#primaryimage"},"image":{"@id":"https:\/\/www.nexoinformativo.mx\/index.php\/2024\/10\/29\/mexico-registra-deficit-comercial-en-septiembre-por-disminucion-en-exportaciones-automotrices-y-petroleras\/#primaryimage"},"thumbnailUrl":"https:\/\/www.nexoinformativo.mx\/wp-content\/uploads\/2024\/10\/pexels-introspectivedsgn-28984519-scaled-e1730233554601.jpeg","datePublished":"2024-10-29T19:00:17+00:00","dateModified":"2024-10-29T20:26:02+00:00","description":"M\u00e9xico registra d\u00e9ficit comercial en septiembre, por ca\u00edda en exportaciones automotrices y petroleras","breadcrumb":{"@id":"https:\/\/www.nexoinformativo.mx\/index.php\/2024\/10\/29\/mexico-registra-deficit-comercial-en-septiembre-por-disminucion-en-exportaciones-automotrices-y-petroleras\/#breadcrumb"},"inLanguage":"es","potentialAction":[{"@type":"ReadAction","target":["https:\/\/www.nexoinformativo.mx\/index.php\/2024\/10\/29\/mexico-registra-deficit-comercial-en-septiembre-por-disminucion-en-exportaciones-automotrices-y-petroleras\/"]}]},{"@type":"ImageObject","inLanguage":"es","@id":"https:\/\/www.nexoinformativo.mx\/index.php\/2024\/10\/29\/mexico-registra-deficit-comercial-en-septiembre-por-disminucion-en-exportaciones-automotrices-y-petroleras\/#primaryimage","url":"https:\/\/www.nexoinformativo.mx\/wp-content\/uploads\/2024\/10\/pexels-introspectivedsgn-28984519-scaled-e1730233554601.jpeg","contentUrl":"https:\/\/www.nexoinformativo.mx\/wp-content\/uploads\/2024\/10\/pexels-introspectivedsgn-28984519-scaled-e1730233554601.jpeg","width":500,"height":749},{"@type":"BreadcrumbList","@id":"https:\/\/www.nexoinformativo.mx\/index.php\/2024\/10\/29\/mexico-registra-deficit-comercial-en-septiembre-por-disminucion-en-exportaciones-automotrices-y-petroleras\/#breadcrumb","itemListElement":[{"@type":"ListItem","position":1,"name":"Inicio","item":"https:\/\/www.nexoinformativo.mx\/"},{"@type":"ListItem","position":2,"name":"M\u00e9xico registra d\u00e9ficit comercial en septiembre, por disminuci\u00f3n en exportaciones automotrices y petroleras"}]},{"@type":"WebSite","@id":"https:\/\/www.nexoinformativo.mx\/#website","url":"https:\/\/www.nexoinformativo.mx\/","name":"Nexo Informativo Santiago de Quer\u00e9taro","description":"Explora NexoInformativo y convi\u00e9rtete en parte de una comunidad que valora el conocimiento y la verdad. Tu nexoinformativo es tu puente hacia una comprensi\u00f3n m\u00e1s profunda del mundo que te rodea.","publisher":{"@id":"https:\/\/www.nexoinformativo.mx\/#organization"},"potentialAction":[{"@type":"SearchAction","target":{"@type":"EntryPoint","urlTemplate":"https:\/\/www.nexoinformativo.mx\/?s={search_term_string}"},"query-input":{"@type":"PropertyValueSpecification","valueRequired":true,"valueName":"search_term_string"}}],"inLanguage":"es"},{"@type":"Organization","@id":"https:\/\/www.nexoinformativo.mx\/#organization","name":"Nexo Informativo Santiago de Quer\u00e9taro","url":"https:\/\/www.nexoinformativo.mx\/","logo":{"@type":"ImageObject","inLanguage":"es","@id":"https:\/\/www.nexoinformativo.mx\/#\/schema\/logo\/image\/","url":"https:\/\/www.nexoinformativo.mx\/wp-content\/uploads\/2024\/07\/nexoi-trasparente-2.png","contentUrl":"https:\/\/www.nexoinformativo.mx\/wp-content\/uploads\/2024\/07\/nexoi-trasparente-2.png","width":816,"height":339,"caption":"Nexo Informativo Santiago de Quer\u00e9taro"},"image":{"@id":"https:\/\/www.nexoinformativo.mx\/#\/schema\/logo\/image\/"},"sameAs":["https:\/\/www.facebook.com\/people\/Nexo-Informativo\/61564066885511\/"]},{"@type":"Person","@id":"https:\/\/www.nexoinformativo.mx\/#\/schema\/person\/7749d380ba08c8ca00d7bc76fd907b7d","name":"Nexo Informativo","image":{"@type":"ImageObject","inLanguage":"es","@id":"https:\/\/www.nexoinformativo.mx\/#\/schema\/person\/image\/","url":"https:\/\/secure.gravatar.com\/avatar\/dde2928154642a13d95f87ddf1ea9718fe2b46760a005c53e41ff5ad610704e6?s=96&d=mm&r=g","contentUrl":"https:\/\/secure.gravatar.com\/avatar\/dde2928154642a13d95f87ddf1ea9718fe2b46760a005c53e41ff5ad610704e6?s=96&d=mm&r=g","caption":"Nexo Informativo"},"url":"https:\/\/www.nexoinformativo.mx\/index.php\/author\/edicion\/"}]}},"_links":{"self":[{"href":"https:\/\/www.nexoinformativo.mx\/index.php\/wp-json\/wp\/v2\/posts\/4857","targetHints":{"allow":["GET"]}}],"collection":[{"href":"https:\/\/www.nexoinformativo.mx\/index.php\/wp-json\/wp\/v2\/posts"}],"about":[{"href":"https:\/\/www.nexoinformativo.mx\/index.php\/wp-json\/wp\/v2\/types\/post"}],"author":[{"embeddable":true,"href":"https:\/\/www.nexoinformativo.mx\/index.php\/wp-json\/wp\/v2\/users\/3"}],"replies":[{"embeddable":true,"href":"https:\/\/www.nexoinformativo.mx\/index.php\/wp-json\/wp\/v2\/comments?post=4857"}],"version-history":[{"count":3,"href":"https:\/\/www.nexoinformativo.mx\/index.php\/wp-json\/wp\/v2\/posts\/4857\/revisions"}],"predecessor-version":[{"id":4860,"href":"https:\/\/www.nexoinformativo.mx\/index.php\/wp-json\/wp\/v2\/posts\/4857\/revisions\/4860"}],"wp:featuredmedia":[{"embeddable":true,"href":"https:\/\/www.nexoinformativo.mx\/index.php\/wp-json\/wp\/v2\/media\/4858"}],"wp:attachment":[{"href":"https:\/\/www.nexoinformativo.mx\/index.php\/wp-json\/wp\/v2\/media?parent=4857"}],"wp:term":[{"taxonomy":"category","embeddable":true,"href":"https:\/\/www.nexoinformativo.mx\/index.php\/wp-json\/wp\/v2\/categories?post=4857"},{"taxonomy":"post_tag","embeddable":true,"href":"https:\/\/www.nexoinformativo.mx\/index.php\/wp-json\/wp\/v2\/tags?post=4857"}],"curies":[{"name":"wp","href":"https:\/\/api.w.org\/{rel}","templated":true}]}}