{"id":4864,"date":"2024-10-29T14:00:45","date_gmt":"2024-10-29T20:00:45","guid":{"rendered":"https:\/\/www.nexoinformativo.mx\/?p=4864"},"modified":"2024-10-29T15:50:50","modified_gmt":"2024-10-29T21:50:50","slug":"nota-periodistica-localizan-sanos-y-salvos-a-equipo-deportivo-queretano-desaparecido-en-guanajuato","status":"publish","type":"post","link":"https:\/\/www.nexoinformativo.mx\/index.php\/2024\/10\/29\/nota-periodistica-localizan-sanos-y-salvos-a-equipo-deportivo-queretano-desaparecido-en-guanajuato\/","title":{"rendered":"Rescate en Irapuato de once j\u00f3venes de Quer\u00e9taro v\u00edctimas de secuestro virtual"},"content":{"rendered":"<p style=\"text-align: justify;\">Once j\u00f3venes queretanos menores de edad vivieron momentos de angustia tras ser v\u00edctimas de un presunto \u201csecuestro virtual\u201d durante un torneo de tenis en Irapuato, Guanajuato. Al no poder contactarlos, sus padres reportaron su desaparici\u00f3n, lo que activ\u00f3 un operativo de b\u00fasqueda por parte de las autoridades.<\/p>\n<p>&nbsp;<\/p>\n<p style=\"text-align: justify;\">Minutos despu\u00e9s, los j\u00f3venes fueron localizados ilesos en el Hotel Misi\u00f3n, donde hab\u00edan sido manipulados por extorsionadores para permanecer ocultos. El Centro de Atenci\u00f3n a V\u00edctimas ofreci\u00f3 apoyo psicol\u00f3gico a los j\u00f3venes y sus familias, quienes sufrieron un impacto emocional significativo. La Fiscal\u00eda de Quer\u00e9taro gestiona su regreso a casa.<\/p>\n<p>&nbsp;<\/p>\n<p style=\"text-align: justify;\">Este incidente destaca la necesidad de que las familias est\u00e9n alerta sobre los riesgos de la extorsi\u00f3n telef\u00f3nica y la importancia de saber c\u00f3mo actuar en tales situaciones.<\/p>\n<p>&nbsp;<\/p>\n<p style=\"text-align: justify;\" data-sourcepos=\"11:1-11:179\"><em><strong>\u00a1Informaci\u00f3n que transforma!<\/strong><\/em><\/p>\n","protected":false},"excerpt":{"rendered":"<p>Once j\u00f3venes queretanos menores de edad vivieron momentos de angustia tras ser v\u00edctimas de un presunto \u201csecuestro virtual\u201d durante un torneo de tenis en Irapuato, Guanajuato.<\/p>\n","protected":false},"author":3,"featured_media":4865,"comment_status":"open","ping_status":"open","sticky":false,"template":"","format":"standard","meta":{"footnotes":""},"categories":[137,58],"tags":[1730,590,1729,266],"class_list":["post-4864","post","type-post","status-publish","format-standard","has-post-thumbnail","hentry","category-sucesos","category-ultima-hora","tag-extorsion","tag-prevenciondelito","tag-secuestrovirtual","tag-seguridadqueretaro"],"yoast_head":"<!-- This site is optimized with the Yoast SEO plugin v25.0 - https:\/\/yoast.com\/wordpress\/plugins\/seo\/ -->\n<title>Rescate en Irapuato de once j\u00f3venes de Quer\u00e9taro v\u00edctimas de secuestro virtual | Nexo Informativo Santiago de Quer\u00e9taro<\/title>\n<meta name=\"description\" content=\"Rescate en Irapuato de once j\u00f3venes de Quer\u00e9taro v\u00edctimas de secuestro virtual\" \/>\n<meta name=\"robots\" content=\"index, follow, max-snippet:-1, max-image-preview:large, max-video-preview:-1\" \/>\n<link rel=\"canonical\" href=\"https:\/\/www.nexoinformativo.mx\/index.php\/2024\/10\/29\/nota-periodistica-localizan-sanos-y-salvos-a-equipo-deportivo-queretano-desaparecido-en-guanajuato\/\" \/>\n<meta property=\"og:locale\" content=\"es_MX\" \/>\n<meta property=\"og:type\" content=\"article\" \/>\n<meta property=\"og:title\" content=\"Rescate en Irapuato de once j\u00f3venes de Quer\u00e9taro v\u00edctimas de secuestro virtual | Nexo Informativo Santiago de Quer\u00e9taro\" \/>\n<meta property=\"og:description\" content=\"Rescate en Irapuato de once j\u00f3venes de Quer\u00e9taro v\u00edctimas de secuestro virtual\" \/>\n<meta property=\"og:url\" content=\"https:\/\/www.nexoinformativo.mx\/index.php\/2024\/10\/29\/nota-periodistica-localizan-sanos-y-salvos-a-equipo-deportivo-queretano-desaparecido-en-guanajuato\/\" \/>\n<meta property=\"og:site_name\" content=\"Nexo Informativo Santiago de Quer\u00e9taro\" \/>\n<meta property=\"article:publisher\" content=\"https:\/\/www.facebook.com\/people\/Nexo-Informativo\/61564066885511\/\" \/>\n<meta property=\"article:published_time\" content=\"2024-10-29T20:00:45+00:00\" \/>\n<meta property=\"article:modified_time\" content=\"2024-10-29T21:50:50+00:00\" \/>\n<meta property=\"og:image\" content=\"https:\/\/www.nexoinformativo.mx\/wp-content\/uploads\/2024\/10\/PHOTO-2024-10-29-15-00-46.jpg\" \/>\n\t<meta property=\"og:image:width\" content=\"678\" \/>\n\t<meta property=\"og:image:height\" content=\"452\" \/>\n\t<meta property=\"og:image:type\" content=\"image\/jpeg\" \/>\n<meta name=\"author\" content=\"Nexo Informativo\" \/>\n<meta name=\"twitter:card\" content=\"summary_large_image\" \/>\n<meta name=\"twitter:label1\" content=\"Escrito por\" \/>\n\t<meta name=\"twitter:data1\" content=\"Nexo Informativo\" \/>\n\t<meta name=\"twitter:label2\" content=\"Tiempo de lectura\" \/>\n\t<meta name=\"twitter:data2\" content=\"1 minuto\" \/>\n<script type=\"application\/ld+json\" class=\"yoast-schema-graph\">{\"@context\":\"https:\/\/schema.org\",\"@graph\":[{\"@type\":\"Article\",\"@id\":\"https:\/\/www.nexoinformativo.mx\/index.php\/2024\/10\/29\/nota-periodistica-localizan-sanos-y-salvos-a-equipo-deportivo-queretano-desaparecido-en-guanajuato\/#article\",\"isPartOf\":{\"@id\":\"https:\/\/www.nexoinformativo.mx\/index.php\/2024\/10\/29\/nota-periodistica-localizan-sanos-y-salvos-a-equipo-deportivo-queretano-desaparecido-en-guanajuato\/\"},\"author\":{\"name\":\"Nexo Informativo\",\"@id\":\"https:\/\/www.nexoinformativo.mx\/#\/schema\/person\/7749d380ba08c8ca00d7bc76fd907b7d\"},\"headline\":\"Rescate en Irapuato de once j\u00f3venes de Quer\u00e9taro v\u00edctimas de secuestro virtual\",\"datePublished\":\"2024-10-29T20:00:45+00:00\",\"dateModified\":\"2024-10-29T21:50:50+00:00\",\"mainEntityOfPage\":{\"@id\":\"https:\/\/www.nexoinformativo.mx\/index.php\/2024\/10\/29\/nota-periodistica-localizan-sanos-y-salvos-a-equipo-deportivo-queretano-desaparecido-en-guanajuato\/\"},\"wordCount\":165,\"commentCount\":0,\"publisher\":{\"@id\":\"https:\/\/www.nexoinformativo.mx\/#organization\"},\"image\":{\"@id\":\"https:\/\/www.nexoinformativo.mx\/index.php\/2024\/10\/29\/nota-periodistica-localizan-sanos-y-salvos-a-equipo-deportivo-queretano-desaparecido-en-guanajuato\/#primaryimage\"},\"thumbnailUrl\":\"https:\/\/www.nexoinformativo.mx\/wp-content\/uploads\/2024\/10\/PHOTO-2024-10-29-15-00-46.jpg\",\"keywords\":[\"Extorsi\u00f3n\",\"Prevenci\u00f3nDelito\",\"SecuestroVirtual\",\"SeguridadQueretaro\"],\"articleSection\":[\"Sucesos\",\"\u00daltima Hora\"],\"inLanguage\":\"es\",\"potentialAction\":[{\"@type\":\"CommentAction\",\"name\":\"Comment\",\"target\":[\"https:\/\/www.nexoinformativo.mx\/index.php\/2024\/10\/29\/nota-periodistica-localizan-sanos-y-salvos-a-equipo-deportivo-queretano-desaparecido-en-guanajuato\/#respond\"]}]},{\"@type\":\"WebPage\",\"@id\":\"https:\/\/www.nexoinformativo.mx\/index.php\/2024\/10\/29\/nota-periodistica-localizan-sanos-y-salvos-a-equipo-deportivo-queretano-desaparecido-en-guanajuato\/\",\"url\":\"https:\/\/www.nexoinformativo.mx\/index.php\/2024\/10\/29\/nota-periodistica-localizan-sanos-y-salvos-a-equipo-deportivo-queretano-desaparecido-en-guanajuato\/\",\"name\":\"Rescate en Irapuato de once j\u00f3venes de Quer\u00e9taro v\u00edctimas de secuestro virtual | Nexo Informativo Santiago de Quer\u00e9taro\",\"isPartOf\":{\"@id\":\"https:\/\/www.nexoinformativo.mx\/#website\"},\"primaryImageOfPage\":{\"@id\":\"https:\/\/www.nexoinformativo.mx\/index.php\/2024\/10\/29\/nota-periodistica-localizan-sanos-y-salvos-a-equipo-deportivo-queretano-desaparecido-en-guanajuato\/#primaryimage\"},\"image\":{\"@id\":\"https:\/\/www.nexoinformativo.mx\/index.php\/2024\/10\/29\/nota-periodistica-localizan-sanos-y-salvos-a-equipo-deportivo-queretano-desaparecido-en-guanajuato\/#primaryimage\"},\"thumbnailUrl\":\"https:\/\/www.nexoinformativo.mx\/wp-content\/uploads\/2024\/10\/PHOTO-2024-10-29-15-00-46.jpg\",\"datePublished\":\"2024-10-29T20:00:45+00:00\",\"dateModified\":\"2024-10-29T21:50:50+00:00\",\"description\":\"Rescate en Irapuato de once j\u00f3venes de Quer\u00e9taro v\u00edctimas de secuestro virtual\",\"breadcrumb\":{\"@id\":\"https:\/\/www.nexoinformativo.mx\/index.php\/2024\/10\/29\/nota-periodistica-localizan-sanos-y-salvos-a-equipo-deportivo-queretano-desaparecido-en-guanajuato\/#breadcrumb\"},\"inLanguage\":\"es\",\"potentialAction\":[{\"@type\":\"ReadAction\",\"target\":[\"https:\/\/www.nexoinformativo.mx\/index.php\/2024\/10\/29\/nota-periodistica-localizan-sanos-y-salvos-a-equipo-deportivo-queretano-desaparecido-en-guanajuato\/\"]}]},{\"@type\":\"ImageObject\",\"inLanguage\":\"es\",\"@id\":\"https:\/\/www.nexoinformativo.mx\/index.php\/2024\/10\/29\/nota-periodistica-localizan-sanos-y-salvos-a-equipo-deportivo-queretano-desaparecido-en-guanajuato\/#primaryimage\",\"url\":\"https:\/\/www.nexoinformativo.mx\/wp-content\/uploads\/2024\/10\/PHOTO-2024-10-29-15-00-46.jpg\",\"contentUrl\":\"https:\/\/www.nexoinformativo.mx\/wp-content\/uploads\/2024\/10\/PHOTO-2024-10-29-15-00-46.jpg\",\"width\":678,\"height\":452},{\"@type\":\"BreadcrumbList\",\"@id\":\"https:\/\/www.nexoinformativo.mx\/index.php\/2024\/10\/29\/nota-periodistica-localizan-sanos-y-salvos-a-equipo-deportivo-queretano-desaparecido-en-guanajuato\/#breadcrumb\",\"itemListElement\":[{\"@type\":\"ListItem\",\"position\":1,\"name\":\"Inicio\",\"item\":\"https:\/\/www.nexoinformativo.mx\/\"},{\"@type\":\"ListItem\",\"position\":2,\"name\":\"Rescate en Irapuato de once j\u00f3venes de Quer\u00e9taro v\u00edctimas de secuestro virtual\"}]},{\"@type\":\"WebSite\",\"@id\":\"https:\/\/www.nexoinformativo.mx\/#website\",\"url\":\"https:\/\/www.nexoinformativo.mx\/\",\"name\":\"Nexo Informativo Santiago de Quer\u00e9taro\",\"description\":\"Explora NexoInformativo y convi\u00e9rtete en parte de una comunidad que valora el conocimiento y la verdad. Tu nexoinformativo es tu puente hacia una comprensi\u00f3n m\u00e1s profunda del mundo que te rodea.\",\"publisher\":{\"@id\":\"https:\/\/www.nexoinformativo.mx\/#organization\"},\"potentialAction\":[{\"@type\":\"SearchAction\",\"target\":{\"@type\":\"EntryPoint\",\"urlTemplate\":\"https:\/\/www.nexoinformativo.mx\/?s={search_term_string}\"},\"query-input\":{\"@type\":\"PropertyValueSpecification\",\"valueRequired\":true,\"valueName\":\"search_term_string\"}}],\"inLanguage\":\"es\"},{\"@type\":\"Organization\",\"@id\":\"https:\/\/www.nexoinformativo.mx\/#organization\",\"name\":\"Nexo Informativo Santiago de Quer\u00e9taro\",\"url\":\"https:\/\/www.nexoinformativo.mx\/\",\"logo\":{\"@type\":\"ImageObject\",\"inLanguage\":\"es\",\"@id\":\"https:\/\/www.nexoinformativo.mx\/#\/schema\/logo\/image\/\",\"url\":\"https:\/\/www.nexoinformativo.mx\/wp-content\/uploads\/2024\/07\/nexoi-trasparente-2.png\",\"contentUrl\":\"https:\/\/www.nexoinformativo.mx\/wp-content\/uploads\/2024\/07\/nexoi-trasparente-2.png\",\"width\":816,\"height\":339,\"caption\":\"Nexo Informativo Santiago de Quer\u00e9taro\"},\"image\":{\"@id\":\"https:\/\/www.nexoinformativo.mx\/#\/schema\/logo\/image\/\"},\"sameAs\":[\"https:\/\/www.facebook.com\/people\/Nexo-Informativo\/61564066885511\/\"]},{\"@type\":\"Person\",\"@id\":\"https:\/\/www.nexoinformativo.mx\/#\/schema\/person\/7749d380ba08c8ca00d7bc76fd907b7d\",\"name\":\"Nexo Informativo\",\"image\":{\"@type\":\"ImageObject\",\"inLanguage\":\"es\",\"@id\":\"https:\/\/www.nexoinformativo.mx\/#\/schema\/person\/image\/\",\"url\":\"https:\/\/secure.gravatar.com\/avatar\/dde2928154642a13d95f87ddf1ea9718fe2b46760a005c53e41ff5ad610704e6?s=96&d=mm&r=g\",\"contentUrl\":\"https:\/\/secure.gravatar.com\/avatar\/dde2928154642a13d95f87ddf1ea9718fe2b46760a005c53e41ff5ad610704e6?s=96&d=mm&r=g\",\"caption\":\"Nexo Informativo\"},\"url\":\"https:\/\/www.nexoinformativo.mx\/index.php\/author\/edicion\/\"}]}<\/script>\n<!-- \/ Yoast SEO plugin. -->","yoast_head_json":{"title":"Rescate en Irapuato de once j\u00f3venes de Quer\u00e9taro v\u00edctimas de secuestro virtual | Nexo Informativo Santiago de Quer\u00e9taro","description":"Rescate en Irapuato de once j\u00f3venes de Quer\u00e9taro v\u00edctimas de secuestro virtual","robots":{"index":"index","follow":"follow","max-snippet":"max-snippet:-1","max-image-preview":"max-image-preview:large","max-video-preview":"max-video-preview:-1"},"canonical":"https:\/\/www.nexoinformativo.mx\/index.php\/2024\/10\/29\/nota-periodistica-localizan-sanos-y-salvos-a-equipo-deportivo-queretano-desaparecido-en-guanajuato\/","og_locale":"es_MX","og_type":"article","og_title":"Rescate en Irapuato de once j\u00f3venes de Quer\u00e9taro v\u00edctimas de secuestro virtual | Nexo Informativo Santiago de Quer\u00e9taro","og_description":"Rescate en Irapuato de once j\u00f3venes de Quer\u00e9taro v\u00edctimas de secuestro virtual","og_url":"https:\/\/www.nexoinformativo.mx\/index.php\/2024\/10\/29\/nota-periodistica-localizan-sanos-y-salvos-a-equipo-deportivo-queretano-desaparecido-en-guanajuato\/","og_site_name":"Nexo Informativo Santiago de Quer\u00e9taro","article_publisher":"https:\/\/www.facebook.com\/people\/Nexo-Informativo\/61564066885511\/","article_published_time":"2024-10-29T20:00:45+00:00","article_modified_time":"2024-10-29T21:50:50+00:00","og_image":[{"width":678,"height":452,"url":"https:\/\/www.nexoinformativo.mx\/wp-content\/uploads\/2024\/10\/PHOTO-2024-10-29-15-00-46.jpg","type":"image\/jpeg"}],"author":"Nexo Informativo","twitter_card":"summary_large_image","twitter_misc":{"Escrito por":"Nexo Informativo","Tiempo de lectura":"1 minuto"},"schema":{"@context":"https:\/\/schema.org","@graph":[{"@type":"Article","@id":"https:\/\/www.nexoinformativo.mx\/index.php\/2024\/10\/29\/nota-periodistica-localizan-sanos-y-salvos-a-equipo-deportivo-queretano-desaparecido-en-guanajuato\/#article","isPartOf":{"@id":"https:\/\/www.nexoinformativo.mx\/index.php\/2024\/10\/29\/nota-periodistica-localizan-sanos-y-salvos-a-equipo-deportivo-queretano-desaparecido-en-guanajuato\/"},"author":{"name":"Nexo Informativo","@id":"https:\/\/www.nexoinformativo.mx\/#\/schema\/person\/7749d380ba08c8ca00d7bc76fd907b7d"},"headline":"Rescate en Irapuato de once j\u00f3venes de Quer\u00e9taro v\u00edctimas de secuestro virtual","datePublished":"2024-10-29T20:00:45+00:00","dateModified":"2024-10-29T21:50:50+00:00","mainEntityOfPage":{"@id":"https:\/\/www.nexoinformativo.mx\/index.php\/2024\/10\/29\/nota-periodistica-localizan-sanos-y-salvos-a-equipo-deportivo-queretano-desaparecido-en-guanajuato\/"},"wordCount":165,"commentCount":0,"publisher":{"@id":"https:\/\/www.nexoinformativo.mx\/#organization"},"image":{"@id":"https:\/\/www.nexoinformativo.mx\/index.php\/2024\/10\/29\/nota-periodistica-localizan-sanos-y-salvos-a-equipo-deportivo-queretano-desaparecido-en-guanajuato\/#primaryimage"},"thumbnailUrl":"https:\/\/www.nexoinformativo.mx\/wp-content\/uploads\/2024\/10\/PHOTO-2024-10-29-15-00-46.jpg","keywords":["Extorsi\u00f3n","Prevenci\u00f3nDelito","SecuestroVirtual","SeguridadQueretaro"],"articleSection":["Sucesos","\u00daltima Hora"],"inLanguage":"es","potentialAction":[{"@type":"CommentAction","name":"Comment","target":["https:\/\/www.nexoinformativo.mx\/index.php\/2024\/10\/29\/nota-periodistica-localizan-sanos-y-salvos-a-equipo-deportivo-queretano-desaparecido-en-guanajuato\/#respond"]}]},{"@type":"WebPage","@id":"https:\/\/www.nexoinformativo.mx\/index.php\/2024\/10\/29\/nota-periodistica-localizan-sanos-y-salvos-a-equipo-deportivo-queretano-desaparecido-en-guanajuato\/","url":"https:\/\/www.nexoinformativo.mx\/index.php\/2024\/10\/29\/nota-periodistica-localizan-sanos-y-salvos-a-equipo-deportivo-queretano-desaparecido-en-guanajuato\/","name":"Rescate en Irapuato de once j\u00f3venes de Quer\u00e9taro v\u00edctimas de secuestro virtual | Nexo Informativo Santiago de Quer\u00e9taro","isPartOf":{"@id":"https:\/\/www.nexoinformativo.mx\/#website"},"primaryImageOfPage":{"@id":"https:\/\/www.nexoinformativo.mx\/index.php\/2024\/10\/29\/nota-periodistica-localizan-sanos-y-salvos-a-equipo-deportivo-queretano-desaparecido-en-guanajuato\/#primaryimage"},"image":{"@id":"https:\/\/www.nexoinformativo.mx\/index.php\/2024\/10\/29\/nota-periodistica-localizan-sanos-y-salvos-a-equipo-deportivo-queretano-desaparecido-en-guanajuato\/#primaryimage"},"thumbnailUrl":"https:\/\/www.nexoinformativo.mx\/wp-content\/uploads\/2024\/10\/PHOTO-2024-10-29-15-00-46.jpg","datePublished":"2024-10-29T20:00:45+00:00","dateModified":"2024-10-29T21:50:50+00:00","description":"Rescate en Irapuato de once j\u00f3venes de Quer\u00e9taro v\u00edctimas de secuestro virtual","breadcrumb":{"@id":"https:\/\/www.nexoinformativo.mx\/index.php\/2024\/10\/29\/nota-periodistica-localizan-sanos-y-salvos-a-equipo-deportivo-queretano-desaparecido-en-guanajuato\/#breadcrumb"},"inLanguage":"es","potentialAction":[{"@type":"ReadAction","target":["https:\/\/www.nexoinformativo.mx\/index.php\/2024\/10\/29\/nota-periodistica-localizan-sanos-y-salvos-a-equipo-deportivo-queretano-desaparecido-en-guanajuato\/"]}]},{"@type":"ImageObject","inLanguage":"es","@id":"https:\/\/www.nexoinformativo.mx\/index.php\/2024\/10\/29\/nota-periodistica-localizan-sanos-y-salvos-a-equipo-deportivo-queretano-desaparecido-en-guanajuato\/#primaryimage","url":"https:\/\/www.nexoinformativo.mx\/wp-content\/uploads\/2024\/10\/PHOTO-2024-10-29-15-00-46.jpg","contentUrl":"https:\/\/www.nexoinformativo.mx\/wp-content\/uploads\/2024\/10\/PHOTO-2024-10-29-15-00-46.jpg","width":678,"height":452},{"@type":"BreadcrumbList","@id":"https:\/\/www.nexoinformativo.mx\/index.php\/2024\/10\/29\/nota-periodistica-localizan-sanos-y-salvos-a-equipo-deportivo-queretano-desaparecido-en-guanajuato\/#breadcrumb","itemListElement":[{"@type":"ListItem","position":1,"name":"Inicio","item":"https:\/\/www.nexoinformativo.mx\/"},{"@type":"ListItem","position":2,"name":"Rescate en Irapuato de once j\u00f3venes de Quer\u00e9taro v\u00edctimas de secuestro virtual"}]},{"@type":"WebSite","@id":"https:\/\/www.nexoinformativo.mx\/#website","url":"https:\/\/www.nexoinformativo.mx\/","name":"Nexo Informativo Santiago de Quer\u00e9taro","description":"Explora NexoInformativo y convi\u00e9rtete en parte de una comunidad que valora el conocimiento y la verdad. Tu nexoinformativo es tu puente hacia una comprensi\u00f3n m\u00e1s profunda del mundo que te rodea.","publisher":{"@id":"https:\/\/www.nexoinformativo.mx\/#organization"},"potentialAction":[{"@type":"SearchAction","target":{"@type":"EntryPoint","urlTemplate":"https:\/\/www.nexoinformativo.mx\/?s={search_term_string}"},"query-input":{"@type":"PropertyValueSpecification","valueRequired":true,"valueName":"search_term_string"}}],"inLanguage":"es"},{"@type":"Organization","@id":"https:\/\/www.nexoinformativo.mx\/#organization","name":"Nexo Informativo Santiago de Quer\u00e9taro","url":"https:\/\/www.nexoinformativo.mx\/","logo":{"@type":"ImageObject","inLanguage":"es","@id":"https:\/\/www.nexoinformativo.mx\/#\/schema\/logo\/image\/","url":"https:\/\/www.nexoinformativo.mx\/wp-content\/uploads\/2024\/07\/nexoi-trasparente-2.png","contentUrl":"https:\/\/www.nexoinformativo.mx\/wp-content\/uploads\/2024\/07\/nexoi-trasparente-2.png","width":816,"height":339,"caption":"Nexo Informativo Santiago de Quer\u00e9taro"},"image":{"@id":"https:\/\/www.nexoinformativo.mx\/#\/schema\/logo\/image\/"},"sameAs":["https:\/\/www.facebook.com\/people\/Nexo-Informativo\/61564066885511\/"]},{"@type":"Person","@id":"https:\/\/www.nexoinformativo.mx\/#\/schema\/person\/7749d380ba08c8ca00d7bc76fd907b7d","name":"Nexo Informativo","image":{"@type":"ImageObject","inLanguage":"es","@id":"https:\/\/www.nexoinformativo.mx\/#\/schema\/person\/image\/","url":"https:\/\/secure.gravatar.com\/avatar\/dde2928154642a13d95f87ddf1ea9718fe2b46760a005c53e41ff5ad610704e6?s=96&d=mm&r=g","contentUrl":"https:\/\/secure.gravatar.com\/avatar\/dde2928154642a13d95f87ddf1ea9718fe2b46760a005c53e41ff5ad610704e6?s=96&d=mm&r=g","caption":"Nexo Informativo"},"url":"https:\/\/www.nexoinformativo.mx\/index.php\/author\/edicion\/"}]}},"_links":{"self":[{"href":"https:\/\/www.nexoinformativo.mx\/index.php\/wp-json\/wp\/v2\/posts\/4864","targetHints":{"allow":["GET"]}}],"collection":[{"href":"https:\/\/www.nexoinformativo.mx\/index.php\/wp-json\/wp\/v2\/posts"}],"about":[{"href":"https:\/\/www.nexoinformativo.mx\/index.php\/wp-json\/wp\/v2\/types\/post"}],"author":[{"embeddable":true,"href":"https:\/\/www.nexoinformativo.mx\/index.php\/wp-json\/wp\/v2\/users\/3"}],"replies":[{"embeddable":true,"href":"https:\/\/www.nexoinformativo.mx\/index.php\/wp-json\/wp\/v2\/comments?post=4864"}],"version-history":[{"count":8,"href":"https:\/\/www.nexoinformativo.mx\/index.php\/wp-json\/wp\/v2\/posts\/4864\/revisions"}],"predecessor-version":[{"id":4875,"href":"https:\/\/www.nexoinformativo.mx\/index.php\/wp-json\/wp\/v2\/posts\/4864\/revisions\/4875"}],"wp:featuredmedia":[{"embeddable":true,"href":"https:\/\/www.nexoinformativo.mx\/index.php\/wp-json\/wp\/v2\/media\/4865"}],"wp:attachment":[{"href":"https:\/\/www.nexoinformativo.mx\/index.php\/wp-json\/wp\/v2\/media?parent=4864"}],"wp:term":[{"taxonomy":"category","embeddable":true,"href":"https:\/\/www.nexoinformativo.mx\/index.php\/wp-json\/wp\/v2\/categories?post=4864"},{"taxonomy":"post_tag","embeddable":true,"href":"https:\/\/www.nexoinformativo.mx\/index.php\/wp-json\/wp\/v2\/tags?post=4864"}],"curies":[{"name":"wp","href":"https:\/\/api.w.org\/{rel}","templated":true}]}}