{"id":4876,"date":"2024-10-29T16:00:45","date_gmt":"2024-10-29T22:00:45","guid":{"rendered":"https:\/\/www.nexoinformativo.mx\/?p=4876"},"modified":"2024-10-29T17:58:46","modified_gmt":"2024-10-29T23:58:46","slug":"itp-aero-impulsa-su-crecimiento-en-queretaro-con-una-inversion-de-580-millones-de-pesos","status":"publish","type":"post","link":"https:\/\/www.nexoinformativo.mx\/index.php\/2024\/10\/29\/itp-aero-impulsa-su-crecimiento-en-queretaro-con-una-inversion-de-580-millones-de-pesos\/","title":{"rendered":"ITP Aero impulsa su crecimiento en Quer\u00e9taro con una inversi\u00f3n de 580 millones de pesos"},"content":{"rendered":"<p style=\"text-align: justify;\">ITP Aero M\u00e9xico, l\u00edder en la industria aeron\u00e1utica, ha dado un nuevo paso en su expansi\u00f3n en Quer\u00e9taro con la inauguraci\u00f3n de nuevas instalaciones de fundici\u00f3n y un almac\u00e9n central. Esta inversi\u00f3n de 580 millones de pesos ha generado 250 nuevos empleos y ha aumentado la capacidad operativa de la planta en un 30%.<\/p>\n<p>&nbsp;<\/p>\n<p style=\"text-align: justify;\">El Gobernador del estado, Mauricio Kuri, resalt\u00f3 la importancia del sector aeron\u00e1utico para Quer\u00e9taro, destacando su contribuci\u00f3n a la innovaci\u00f3n, desarrollo tecnol\u00f3gico y competitividad. La entidad se distingue por ser la \u00fanica en M\u00e9xico con una universidad dedicada exclusivamente a la aeron\u00e1utica, lo que asegura la formaci\u00f3n de especialistas de alto nivel.<\/p>\n<p>&nbsp;<\/p>\n<p style=\"text-align: justify;\">Txomin Crespo, Director de ITP Aero M\u00e9xico, record\u00f3 que la empresa ha estado presente en Quer\u00e9taro desde 1998, siendo pionera en la industria aeron\u00e1utica del estado. &#8220;<strong>La historia de nuestro crecimiento ha ido en paralelo al crecimiento del estado&#8221;<\/strong>, afirm\u00f3.<\/p>\n<p>&nbsp;<\/p>\n<p style=\"text-align: justify;\">Las nuevas instalaciones representan una apuesta por la innovaci\u00f3n y la expansi\u00f3n de la planta, que ahora cuenta con m\u00e1s de mil empleados. Carlos Alzola, Consejero Delegado de ITP Aero, destac\u00f3 la construcci\u00f3n de la nave de fundici\u00f3n, \u00fanica en su tipo en la regi\u00f3n, que permitir\u00e1 la fabricaci\u00f3n de componentes de alta tecnolog\u00eda.<\/p>\n<p>&nbsp;<\/p>\n<p style=\"text-align: justify;\">La expansi\u00f3n de ITP Aero en Quer\u00e9taro consolida su posici\u00f3n como un referente en la industria aeron\u00e1utica global, aportando valor al desarrollo econ\u00f3mico y tecnol\u00f3gico del estado. La inversi\u00f3n y la creaci\u00f3n de empleo demuestran la confianza en la entidad y su capacidad para atraer empresas de alto nivel.<\/p>\n<p>&nbsp;<\/p>\n<p style=\"text-align: center;\"><em><strong>\u00a1Informaci\u00f3n que transforma!<\/strong><\/em><\/p>\n","protected":false},"excerpt":{"rendered":"<p>ITP Aero M\u00e9xico, l\u00edder en la industria aeron\u00e1utica, ha dado un nuevo paso en su expansi\u00f3n en Quer\u00e9taro con la inauguraci\u00f3n de nuevas instalaciones de fundici\u00f3n y un almac\u00e9n central.<\/p>\n","protected":false},"author":3,"featured_media":4877,"comment_status":"open","ping_status":"open","sticky":false,"template":"","format":"standard","meta":{"footnotes":""},"categories":[5,42,58],"tags":[1733,1732,142,1731],"class_list":["post-4876","post","type-post","status-publish","format-standard","has-post-thumbnail","hentry","category-economia","category-estado","category-ultima-hora","tag-empleo","tag-industriaaeronautica","tag-inversion","tag-itpaero-queretaro"],"yoast_head":"<!-- This site is optimized with the Yoast SEO plugin v25.0 - https:\/\/yoast.com\/wordpress\/plugins\/seo\/ -->\n<title>ITP Aero impulsa su crecimiento en Quer\u00e9taro con una inversi\u00f3n de 580 millones de pesos | Nexo Informativo Santiago de Quer\u00e9taro<\/title>\n<meta name=\"description\" content=\"ITP Aero impulsa su crecimiento en Quer\u00e9taro con una inversi\u00f3n de 580 millones de pesos\" \/>\n<meta name=\"robots\" content=\"index, follow, max-snippet:-1, max-image-preview:large, max-video-preview:-1\" \/>\n<link rel=\"canonical\" href=\"https:\/\/www.nexoinformativo.mx\/index.php\/2024\/10\/29\/itp-aero-impulsa-su-crecimiento-en-queretaro-con-una-inversion-de-580-millones-de-pesos\/\" \/>\n<meta property=\"og:locale\" content=\"es_MX\" \/>\n<meta property=\"og:type\" content=\"article\" \/>\n<meta property=\"og:title\" content=\"ITP Aero impulsa su crecimiento en Quer\u00e9taro con una inversi\u00f3n de 580 millones de pesos | Nexo Informativo Santiago de Quer\u00e9taro\" \/>\n<meta property=\"og:description\" content=\"ITP Aero impulsa su crecimiento en Quer\u00e9taro con una inversi\u00f3n de 580 millones de pesos\" \/>\n<meta property=\"og:url\" content=\"https:\/\/www.nexoinformativo.mx\/index.php\/2024\/10\/29\/itp-aero-impulsa-su-crecimiento-en-queretaro-con-una-inversion-de-580-millones-de-pesos\/\" \/>\n<meta property=\"og:site_name\" content=\"Nexo Informativo Santiago de Quer\u00e9taro\" \/>\n<meta property=\"article:publisher\" content=\"https:\/\/www.facebook.com\/people\/Nexo-Informativo\/61564066885511\/\" \/>\n<meta property=\"article:published_time\" content=\"2024-10-29T22:00:45+00:00\" \/>\n<meta property=\"article:modified_time\" content=\"2024-10-29T23:58:46+00:00\" \/>\n<meta property=\"og:image\" content=\"https:\/\/www.nexoinformativo.mx\/wp-content\/uploads\/2024\/10\/IMG_7338-e1730246210762.jpg\" \/>\n\t<meta property=\"og:image:width\" content=\"800\" \/>\n\t<meta property=\"og:image:height\" content=\"1142\" \/>\n\t<meta property=\"og:image:type\" content=\"image\/jpeg\" \/>\n<meta name=\"author\" content=\"Nexo Informativo\" \/>\n<meta name=\"twitter:card\" content=\"summary_large_image\" \/>\n<meta name=\"twitter:label1\" content=\"Escrito por\" \/>\n\t<meta name=\"twitter:data1\" content=\"Nexo Informativo\" \/>\n\t<meta name=\"twitter:label2\" content=\"Tiempo de lectura\" \/>\n\t<meta name=\"twitter:data2\" content=\"2 minutos\" \/>\n<script type=\"application\/ld+json\" class=\"yoast-schema-graph\">{\"@context\":\"https:\/\/schema.org\",\"@graph\":[{\"@type\":\"Article\",\"@id\":\"https:\/\/www.nexoinformativo.mx\/index.php\/2024\/10\/29\/itp-aero-impulsa-su-crecimiento-en-queretaro-con-una-inversion-de-580-millones-de-pesos\/#article\",\"isPartOf\":{\"@id\":\"https:\/\/www.nexoinformativo.mx\/index.php\/2024\/10\/29\/itp-aero-impulsa-su-crecimiento-en-queretaro-con-una-inversion-de-580-millones-de-pesos\/\"},\"author\":{\"name\":\"Nexo Informativo\",\"@id\":\"https:\/\/www.nexoinformativo.mx\/#\/schema\/person\/7749d380ba08c8ca00d7bc76fd907b7d\"},\"headline\":\"ITP Aero impulsa su crecimiento en Quer\u00e9taro con una inversi\u00f3n de 580 millones de pesos\",\"datePublished\":\"2024-10-29T22:00:45+00:00\",\"dateModified\":\"2024-10-29T23:58:46+00:00\",\"mainEntityOfPage\":{\"@id\":\"https:\/\/www.nexoinformativo.mx\/index.php\/2024\/10\/29\/itp-aero-impulsa-su-crecimiento-en-queretaro-con-una-inversion-de-580-millones-de-pesos\/\"},\"wordCount\":306,\"commentCount\":0,\"publisher\":{\"@id\":\"https:\/\/www.nexoinformativo.mx\/#organization\"},\"image\":{\"@id\":\"https:\/\/www.nexoinformativo.mx\/index.php\/2024\/10\/29\/itp-aero-impulsa-su-crecimiento-en-queretaro-con-una-inversion-de-580-millones-de-pesos\/#primaryimage\"},\"thumbnailUrl\":\"https:\/\/www.nexoinformativo.mx\/wp-content\/uploads\/2024\/10\/IMG_7338-e1730246210762.jpg\",\"keywords\":[\"Empleo\",\"IndustriaAeron\u00e1utica\",\"Inversi\u00f3n\",\"ITPAero Quer\u00e9taro\"],\"articleSection\":[\"Econom\u00eda\",\"Estado\",\"\u00daltima Hora\"],\"inLanguage\":\"es\",\"potentialAction\":[{\"@type\":\"CommentAction\",\"name\":\"Comment\",\"target\":[\"https:\/\/www.nexoinformativo.mx\/index.php\/2024\/10\/29\/itp-aero-impulsa-su-crecimiento-en-queretaro-con-una-inversion-de-580-millones-de-pesos\/#respond\"]}]},{\"@type\":\"WebPage\",\"@id\":\"https:\/\/www.nexoinformativo.mx\/index.php\/2024\/10\/29\/itp-aero-impulsa-su-crecimiento-en-queretaro-con-una-inversion-de-580-millones-de-pesos\/\",\"url\":\"https:\/\/www.nexoinformativo.mx\/index.php\/2024\/10\/29\/itp-aero-impulsa-su-crecimiento-en-queretaro-con-una-inversion-de-580-millones-de-pesos\/\",\"name\":\"ITP Aero impulsa su crecimiento en Quer\u00e9taro con una inversi\u00f3n de 580 millones de pesos | Nexo Informativo Santiago de Quer\u00e9taro\",\"isPartOf\":{\"@id\":\"https:\/\/www.nexoinformativo.mx\/#website\"},\"primaryImageOfPage\":{\"@id\":\"https:\/\/www.nexoinformativo.mx\/index.php\/2024\/10\/29\/itp-aero-impulsa-su-crecimiento-en-queretaro-con-una-inversion-de-580-millones-de-pesos\/#primaryimage\"},\"image\":{\"@id\":\"https:\/\/www.nexoinformativo.mx\/index.php\/2024\/10\/29\/itp-aero-impulsa-su-crecimiento-en-queretaro-con-una-inversion-de-580-millones-de-pesos\/#primaryimage\"},\"thumbnailUrl\":\"https:\/\/www.nexoinformativo.mx\/wp-content\/uploads\/2024\/10\/IMG_7338-e1730246210762.jpg\",\"datePublished\":\"2024-10-29T22:00:45+00:00\",\"dateModified\":\"2024-10-29T23:58:46+00:00\",\"description\":\"ITP Aero impulsa su crecimiento en Quer\u00e9taro con una inversi\u00f3n de 580 millones de pesos\",\"breadcrumb\":{\"@id\":\"https:\/\/www.nexoinformativo.mx\/index.php\/2024\/10\/29\/itp-aero-impulsa-su-crecimiento-en-queretaro-con-una-inversion-de-580-millones-de-pesos\/#breadcrumb\"},\"inLanguage\":\"es\",\"potentialAction\":[{\"@type\":\"ReadAction\",\"target\":[\"https:\/\/www.nexoinformativo.mx\/index.php\/2024\/10\/29\/itp-aero-impulsa-su-crecimiento-en-queretaro-con-una-inversion-de-580-millones-de-pesos\/\"]}]},{\"@type\":\"ImageObject\",\"inLanguage\":\"es\",\"@id\":\"https:\/\/www.nexoinformativo.mx\/index.php\/2024\/10\/29\/itp-aero-impulsa-su-crecimiento-en-queretaro-con-una-inversion-de-580-millones-de-pesos\/#primaryimage\",\"url\":\"https:\/\/www.nexoinformativo.mx\/wp-content\/uploads\/2024\/10\/IMG_7338-e1730246210762.jpg\",\"contentUrl\":\"https:\/\/www.nexoinformativo.mx\/wp-content\/uploads\/2024\/10\/IMG_7338-e1730246210762.jpg\",\"width\":800,\"height\":1142},{\"@type\":\"BreadcrumbList\",\"@id\":\"https:\/\/www.nexoinformativo.mx\/index.php\/2024\/10\/29\/itp-aero-impulsa-su-crecimiento-en-queretaro-con-una-inversion-de-580-millones-de-pesos\/#breadcrumb\",\"itemListElement\":[{\"@type\":\"ListItem\",\"position\":1,\"name\":\"Inicio\",\"item\":\"https:\/\/www.nexoinformativo.mx\/\"},{\"@type\":\"ListItem\",\"position\":2,\"name\":\"ITP Aero impulsa su crecimiento en Quer\u00e9taro con una inversi\u00f3n de 580 millones de pesos\"}]},{\"@type\":\"WebSite\",\"@id\":\"https:\/\/www.nexoinformativo.mx\/#website\",\"url\":\"https:\/\/www.nexoinformativo.mx\/\",\"name\":\"Nexo Informativo Santiago de Quer\u00e9taro\",\"description\":\"Explora NexoInformativo y convi\u00e9rtete en parte de una comunidad que valora el conocimiento y la verdad. Tu nexoinformativo es tu puente hacia una comprensi\u00f3n m\u00e1s profunda del mundo que te rodea.\",\"publisher\":{\"@id\":\"https:\/\/www.nexoinformativo.mx\/#organization\"},\"potentialAction\":[{\"@type\":\"SearchAction\",\"target\":{\"@type\":\"EntryPoint\",\"urlTemplate\":\"https:\/\/www.nexoinformativo.mx\/?s={search_term_string}\"},\"query-input\":{\"@type\":\"PropertyValueSpecification\",\"valueRequired\":true,\"valueName\":\"search_term_string\"}}],\"inLanguage\":\"es\"},{\"@type\":\"Organization\",\"@id\":\"https:\/\/www.nexoinformativo.mx\/#organization\",\"name\":\"Nexo Informativo Santiago de Quer\u00e9taro\",\"url\":\"https:\/\/www.nexoinformativo.mx\/\",\"logo\":{\"@type\":\"ImageObject\",\"inLanguage\":\"es\",\"@id\":\"https:\/\/www.nexoinformativo.mx\/#\/schema\/logo\/image\/\",\"url\":\"https:\/\/www.nexoinformativo.mx\/wp-content\/uploads\/2024\/07\/nexoi-trasparente-2.png\",\"contentUrl\":\"https:\/\/www.nexoinformativo.mx\/wp-content\/uploads\/2024\/07\/nexoi-trasparente-2.png\",\"width\":816,\"height\":339,\"caption\":\"Nexo Informativo Santiago de Quer\u00e9taro\"},\"image\":{\"@id\":\"https:\/\/www.nexoinformativo.mx\/#\/schema\/logo\/image\/\"},\"sameAs\":[\"https:\/\/www.facebook.com\/people\/Nexo-Informativo\/61564066885511\/\"]},{\"@type\":\"Person\",\"@id\":\"https:\/\/www.nexoinformativo.mx\/#\/schema\/person\/7749d380ba08c8ca00d7bc76fd907b7d\",\"name\":\"Nexo Informativo\",\"image\":{\"@type\":\"ImageObject\",\"inLanguage\":\"es\",\"@id\":\"https:\/\/www.nexoinformativo.mx\/#\/schema\/person\/image\/\",\"url\":\"https:\/\/secure.gravatar.com\/avatar\/dde2928154642a13d95f87ddf1ea9718fe2b46760a005c53e41ff5ad610704e6?s=96&d=mm&r=g\",\"contentUrl\":\"https:\/\/secure.gravatar.com\/avatar\/dde2928154642a13d95f87ddf1ea9718fe2b46760a005c53e41ff5ad610704e6?s=96&d=mm&r=g\",\"caption\":\"Nexo Informativo\"},\"url\":\"https:\/\/www.nexoinformativo.mx\/index.php\/author\/edicion\/\"}]}<\/script>\n<!-- \/ Yoast SEO plugin. -->","yoast_head_json":{"title":"ITP Aero impulsa su crecimiento en Quer\u00e9taro con una inversi\u00f3n de 580 millones de pesos | Nexo Informativo Santiago de Quer\u00e9taro","description":"ITP Aero impulsa su crecimiento en Quer\u00e9taro con una inversi\u00f3n de 580 millones de pesos","robots":{"index":"index","follow":"follow","max-snippet":"max-snippet:-1","max-image-preview":"max-image-preview:large","max-video-preview":"max-video-preview:-1"},"canonical":"https:\/\/www.nexoinformativo.mx\/index.php\/2024\/10\/29\/itp-aero-impulsa-su-crecimiento-en-queretaro-con-una-inversion-de-580-millones-de-pesos\/","og_locale":"es_MX","og_type":"article","og_title":"ITP Aero impulsa su crecimiento en Quer\u00e9taro con una inversi\u00f3n de 580 millones de pesos | Nexo Informativo Santiago de Quer\u00e9taro","og_description":"ITP Aero impulsa su crecimiento en Quer\u00e9taro con una inversi\u00f3n de 580 millones de pesos","og_url":"https:\/\/www.nexoinformativo.mx\/index.php\/2024\/10\/29\/itp-aero-impulsa-su-crecimiento-en-queretaro-con-una-inversion-de-580-millones-de-pesos\/","og_site_name":"Nexo Informativo Santiago de Quer\u00e9taro","article_publisher":"https:\/\/www.facebook.com\/people\/Nexo-Informativo\/61564066885511\/","article_published_time":"2024-10-29T22:00:45+00:00","article_modified_time":"2024-10-29T23:58:46+00:00","og_image":[{"width":800,"height":1142,"url":"https:\/\/www.nexoinformativo.mx\/wp-content\/uploads\/2024\/10\/IMG_7338-e1730246210762.jpg","type":"image\/jpeg"}],"author":"Nexo Informativo","twitter_card":"summary_large_image","twitter_misc":{"Escrito por":"Nexo Informativo","Tiempo de lectura":"2 minutos"},"schema":{"@context":"https:\/\/schema.org","@graph":[{"@type":"Article","@id":"https:\/\/www.nexoinformativo.mx\/index.php\/2024\/10\/29\/itp-aero-impulsa-su-crecimiento-en-queretaro-con-una-inversion-de-580-millones-de-pesos\/#article","isPartOf":{"@id":"https:\/\/www.nexoinformativo.mx\/index.php\/2024\/10\/29\/itp-aero-impulsa-su-crecimiento-en-queretaro-con-una-inversion-de-580-millones-de-pesos\/"},"author":{"name":"Nexo Informativo","@id":"https:\/\/www.nexoinformativo.mx\/#\/schema\/person\/7749d380ba08c8ca00d7bc76fd907b7d"},"headline":"ITP Aero impulsa su crecimiento en Quer\u00e9taro con una inversi\u00f3n de 580 millones de pesos","datePublished":"2024-10-29T22:00:45+00:00","dateModified":"2024-10-29T23:58:46+00:00","mainEntityOfPage":{"@id":"https:\/\/www.nexoinformativo.mx\/index.php\/2024\/10\/29\/itp-aero-impulsa-su-crecimiento-en-queretaro-con-una-inversion-de-580-millones-de-pesos\/"},"wordCount":306,"commentCount":0,"publisher":{"@id":"https:\/\/www.nexoinformativo.mx\/#organization"},"image":{"@id":"https:\/\/www.nexoinformativo.mx\/index.php\/2024\/10\/29\/itp-aero-impulsa-su-crecimiento-en-queretaro-con-una-inversion-de-580-millones-de-pesos\/#primaryimage"},"thumbnailUrl":"https:\/\/www.nexoinformativo.mx\/wp-content\/uploads\/2024\/10\/IMG_7338-e1730246210762.jpg","keywords":["Empleo","IndustriaAeron\u00e1utica","Inversi\u00f3n","ITPAero Quer\u00e9taro"],"articleSection":["Econom\u00eda","Estado","\u00daltima Hora"],"inLanguage":"es","potentialAction":[{"@type":"CommentAction","name":"Comment","target":["https:\/\/www.nexoinformativo.mx\/index.php\/2024\/10\/29\/itp-aero-impulsa-su-crecimiento-en-queretaro-con-una-inversion-de-580-millones-de-pesos\/#respond"]}]},{"@type":"WebPage","@id":"https:\/\/www.nexoinformativo.mx\/index.php\/2024\/10\/29\/itp-aero-impulsa-su-crecimiento-en-queretaro-con-una-inversion-de-580-millones-de-pesos\/","url":"https:\/\/www.nexoinformativo.mx\/index.php\/2024\/10\/29\/itp-aero-impulsa-su-crecimiento-en-queretaro-con-una-inversion-de-580-millones-de-pesos\/","name":"ITP Aero impulsa su crecimiento en Quer\u00e9taro con una inversi\u00f3n de 580 millones de pesos | Nexo Informativo Santiago de Quer\u00e9taro","isPartOf":{"@id":"https:\/\/www.nexoinformativo.mx\/#website"},"primaryImageOfPage":{"@id":"https:\/\/www.nexoinformativo.mx\/index.php\/2024\/10\/29\/itp-aero-impulsa-su-crecimiento-en-queretaro-con-una-inversion-de-580-millones-de-pesos\/#primaryimage"},"image":{"@id":"https:\/\/www.nexoinformativo.mx\/index.php\/2024\/10\/29\/itp-aero-impulsa-su-crecimiento-en-queretaro-con-una-inversion-de-580-millones-de-pesos\/#primaryimage"},"thumbnailUrl":"https:\/\/www.nexoinformativo.mx\/wp-content\/uploads\/2024\/10\/IMG_7338-e1730246210762.jpg","datePublished":"2024-10-29T22:00:45+00:00","dateModified":"2024-10-29T23:58:46+00:00","description":"ITP Aero impulsa su crecimiento en Quer\u00e9taro con una inversi\u00f3n de 580 millones de pesos","breadcrumb":{"@id":"https:\/\/www.nexoinformativo.mx\/index.php\/2024\/10\/29\/itp-aero-impulsa-su-crecimiento-en-queretaro-con-una-inversion-de-580-millones-de-pesos\/#breadcrumb"},"inLanguage":"es","potentialAction":[{"@type":"ReadAction","target":["https:\/\/www.nexoinformativo.mx\/index.php\/2024\/10\/29\/itp-aero-impulsa-su-crecimiento-en-queretaro-con-una-inversion-de-580-millones-de-pesos\/"]}]},{"@type":"ImageObject","inLanguage":"es","@id":"https:\/\/www.nexoinformativo.mx\/index.php\/2024\/10\/29\/itp-aero-impulsa-su-crecimiento-en-queretaro-con-una-inversion-de-580-millones-de-pesos\/#primaryimage","url":"https:\/\/www.nexoinformativo.mx\/wp-content\/uploads\/2024\/10\/IMG_7338-e1730246210762.jpg","contentUrl":"https:\/\/www.nexoinformativo.mx\/wp-content\/uploads\/2024\/10\/IMG_7338-e1730246210762.jpg","width":800,"height":1142},{"@type":"BreadcrumbList","@id":"https:\/\/www.nexoinformativo.mx\/index.php\/2024\/10\/29\/itp-aero-impulsa-su-crecimiento-en-queretaro-con-una-inversion-de-580-millones-de-pesos\/#breadcrumb","itemListElement":[{"@type":"ListItem","position":1,"name":"Inicio","item":"https:\/\/www.nexoinformativo.mx\/"},{"@type":"ListItem","position":2,"name":"ITP Aero impulsa su crecimiento en Quer\u00e9taro con una inversi\u00f3n de 580 millones de pesos"}]},{"@type":"WebSite","@id":"https:\/\/www.nexoinformativo.mx\/#website","url":"https:\/\/www.nexoinformativo.mx\/","name":"Nexo Informativo Santiago de Quer\u00e9taro","description":"Explora NexoInformativo y convi\u00e9rtete en parte de una comunidad que valora el conocimiento y la verdad. Tu nexoinformativo es tu puente hacia una comprensi\u00f3n m\u00e1s profunda del mundo que te rodea.","publisher":{"@id":"https:\/\/www.nexoinformativo.mx\/#organization"},"potentialAction":[{"@type":"SearchAction","target":{"@type":"EntryPoint","urlTemplate":"https:\/\/www.nexoinformativo.mx\/?s={search_term_string}"},"query-input":{"@type":"PropertyValueSpecification","valueRequired":true,"valueName":"search_term_string"}}],"inLanguage":"es"},{"@type":"Organization","@id":"https:\/\/www.nexoinformativo.mx\/#organization","name":"Nexo Informativo Santiago de Quer\u00e9taro","url":"https:\/\/www.nexoinformativo.mx\/","logo":{"@type":"ImageObject","inLanguage":"es","@id":"https:\/\/www.nexoinformativo.mx\/#\/schema\/logo\/image\/","url":"https:\/\/www.nexoinformativo.mx\/wp-content\/uploads\/2024\/07\/nexoi-trasparente-2.png","contentUrl":"https:\/\/www.nexoinformativo.mx\/wp-content\/uploads\/2024\/07\/nexoi-trasparente-2.png","width":816,"height":339,"caption":"Nexo Informativo Santiago de Quer\u00e9taro"},"image":{"@id":"https:\/\/www.nexoinformativo.mx\/#\/schema\/logo\/image\/"},"sameAs":["https:\/\/www.facebook.com\/people\/Nexo-Informativo\/61564066885511\/"]},{"@type":"Person","@id":"https:\/\/www.nexoinformativo.mx\/#\/schema\/person\/7749d380ba08c8ca00d7bc76fd907b7d","name":"Nexo Informativo","image":{"@type":"ImageObject","inLanguage":"es","@id":"https:\/\/www.nexoinformativo.mx\/#\/schema\/person\/image\/","url":"https:\/\/secure.gravatar.com\/avatar\/dde2928154642a13d95f87ddf1ea9718fe2b46760a005c53e41ff5ad610704e6?s=96&d=mm&r=g","contentUrl":"https:\/\/secure.gravatar.com\/avatar\/dde2928154642a13d95f87ddf1ea9718fe2b46760a005c53e41ff5ad610704e6?s=96&d=mm&r=g","caption":"Nexo Informativo"},"url":"https:\/\/www.nexoinformativo.mx\/index.php\/author\/edicion\/"}]}},"_links":{"self":[{"href":"https:\/\/www.nexoinformativo.mx\/index.php\/wp-json\/wp\/v2\/posts\/4876","targetHints":{"allow":["GET"]}}],"collection":[{"href":"https:\/\/www.nexoinformativo.mx\/index.php\/wp-json\/wp\/v2\/posts"}],"about":[{"href":"https:\/\/www.nexoinformativo.mx\/index.php\/wp-json\/wp\/v2\/types\/post"}],"author":[{"embeddable":true,"href":"https:\/\/www.nexoinformativo.mx\/index.php\/wp-json\/wp\/v2\/users\/3"}],"replies":[{"embeddable":true,"href":"https:\/\/www.nexoinformativo.mx\/index.php\/wp-json\/wp\/v2\/comments?post=4876"}],"version-history":[{"count":5,"href":"https:\/\/www.nexoinformativo.mx\/index.php\/wp-json\/wp\/v2\/posts\/4876\/revisions"}],"predecessor-version":[{"id":4879,"href":"https:\/\/www.nexoinformativo.mx\/index.php\/wp-json\/wp\/v2\/posts\/4876\/revisions\/4879"}],"wp:featuredmedia":[{"embeddable":true,"href":"https:\/\/www.nexoinformativo.mx\/index.php\/wp-json\/wp\/v2\/media\/4877"}],"wp:attachment":[{"href":"https:\/\/www.nexoinformativo.mx\/index.php\/wp-json\/wp\/v2\/media?parent=4876"}],"wp:term":[{"taxonomy":"category","embeddable":true,"href":"https:\/\/www.nexoinformativo.mx\/index.php\/wp-json\/wp\/v2\/categories?post=4876"},{"taxonomy":"post_tag","embeddable":true,"href":"https:\/\/www.nexoinformativo.mx\/index.php\/wp-json\/wp\/v2\/tags?post=4876"}],"curies":[{"name":"wp","href":"https:\/\/api.w.org\/{rel}","templated":true}]}}