{"id":4883,"date":"2024-10-29T17:00:27","date_gmt":"2024-10-29T23:00:27","guid":{"rendered":"https:\/\/www.nexoinformativo.mx\/?p=4883"},"modified":"2024-10-29T18:21:38","modified_gmt":"2024-10-30T00:21:38","slug":"poes-detiene-a-sospechoso-de-robos-con-arma-blanca-y-mascara-en-operativo-calle-segura","status":"publish","type":"post","link":"https:\/\/www.nexoinformativo.mx\/index.php\/2024\/10\/29\/poes-detiene-a-sospechoso-de-robos-con-arma-blanca-y-mascara-en-operativo-calle-segura\/","title":{"rendered":"POES detiene a sospechoso de robos con arma blanca y m\u00e1scara en operativo calle segura"},"content":{"rendered":"<p style=\"text-align: justify;\">En el marco del operativo Calle Segura, implementado en la intersecci\u00f3n de Pie de la Cuesta y el Boulevard de la Naci\u00f3n, la Polic\u00eda Estatal detuvo a un sujeto presuntamente dedicado a cometer robos.<\/p>\n<p>&nbsp;<\/p>\n<p style=\"text-align: justify;\">El individuo, al notar la presencia policial, intent\u00f3 huir, lo que gener\u00f3 la sospecha de los agentes que decidieron seguirlo para verificar su comportamiento. Durante la inspecci\u00f3n del hombre, los polic\u00edas encontraron varios objetos com\u00fanmente utilizados para forzar cerraduras, un arma blanca, diversos aparatos electr\u00f3nicos que no pudo comprobar como de su propiedad y una m\u00e1scara.<\/p>\n<p>&nbsp;<\/p>\n<p style=\"text-align: justify;\">Estos hallazgos sugieren que el detenido podr\u00eda estar involucrado en actividades delictivas relacionadas con el robo. El sospechoso fue informado de sus derechos y fue trasladado ante la autoridad competente para continuar con la indagatoria y determinar su situaci\u00f3n jur\u00eddica.<\/p>\n<p>&nbsp;<\/p>\n<p style=\"text-align: justify;\">La intervenci\u00f3n de la Polic\u00eda Estatal refuerza el compromiso de las autoridades para garantizar la seguridad p\u00fablica y combatir la delincuencia en la regi\u00f3n. Este operativo es parte de una serie de acciones implementadas por las autoridades para mantener el orden y la seguridad en las comunidades, buscando prevenir delitos y proteger a los ciudadanos.<\/p>\n<p>&nbsp;<\/p>\n<p style=\"text-align: center;\"><em><strong>\u00a1Informaci\u00f3n que transforma!<\/strong><\/em><\/p>\n","protected":false},"excerpt":{"rendered":"<p>En el marco del operativo Calle Segura, implementado en la intersecci\u00f3n de Pie de la Cuesta y el Boulevard de la Naci\u00f3n, la Polic\u00eda Estatal detuvo a un sujeto presuntamente dedicado a cometer robos.<\/p>\n","protected":false},"author":3,"featured_media":4884,"comment_status":"open","ping_status":"open","sticky":false,"template":"","format":"standard","meta":{"footnotes":""},"categories":[137,58],"tags":[155,1734,304,207],"class_list":["post-4883","post","type-post","status-publish","format-standard","has-post-thumbnail","hentry","category-sucesos","category-ultima-hora","tag-detencion","tag-operativocallesegura","tag-policiaestatal","tag-seguridadpublica"],"yoast_head":"<!-- This site is optimized with the Yoast SEO plugin v25.0 - https:\/\/yoast.com\/wordpress\/plugins\/seo\/ -->\n<title>POES detiene a sospechoso de robos con arma blanca y m\u00e1scara en operativo calle segura | Nexo Informativo Santiago de Quer\u00e9taro<\/title>\n<meta name=\"description\" content=\"POES detiene a sospechoso de robos con arma blanca y m\u00e1scara en operativo calle segura\" \/>\n<meta name=\"robots\" content=\"index, follow, max-snippet:-1, max-image-preview:large, max-video-preview:-1\" \/>\n<link rel=\"canonical\" href=\"https:\/\/www.nexoinformativo.mx\/index.php\/2024\/10\/29\/poes-detiene-a-sospechoso-de-robos-con-arma-blanca-y-mascara-en-operativo-calle-segura\/\" \/>\n<meta property=\"og:locale\" content=\"es_MX\" \/>\n<meta property=\"og:type\" content=\"article\" \/>\n<meta property=\"og:title\" content=\"POES detiene a sospechoso de robos con arma blanca y m\u00e1scara en operativo calle segura | Nexo Informativo Santiago de Quer\u00e9taro\" \/>\n<meta property=\"og:description\" content=\"POES detiene a sospechoso de robos con arma blanca y m\u00e1scara en operativo calle segura\" \/>\n<meta property=\"og:url\" content=\"https:\/\/www.nexoinformativo.mx\/index.php\/2024\/10\/29\/poes-detiene-a-sospechoso-de-robos-con-arma-blanca-y-mascara-en-operativo-calle-segura\/\" \/>\n<meta property=\"og:site_name\" content=\"Nexo Informativo Santiago de Quer\u00e9taro\" \/>\n<meta property=\"article:publisher\" content=\"https:\/\/www.facebook.com\/people\/Nexo-Informativo\/61564066885511\/\" \/>\n<meta property=\"article:published_time\" content=\"2024-10-29T23:00:27+00:00\" \/>\n<meta property=\"article:modified_time\" content=\"2024-10-30T00:21:38+00:00\" \/>\n<meta property=\"og:image\" content=\"https:\/\/www.nexoinformativo.mx\/wp-content\/uploads\/2024\/10\/PHOTO-2024-10-29-17-57-59.jpg\" \/>\n\t<meta property=\"og:image:width\" content=\"278\" \/>\n\t<meta property=\"og:image:height\" content=\"338\" \/>\n\t<meta property=\"og:image:type\" content=\"image\/jpeg\" \/>\n<meta name=\"author\" content=\"Nexo Informativo\" \/>\n<meta name=\"twitter:card\" content=\"summary_large_image\" \/>\n<meta name=\"twitter:label1\" content=\"Escrito por\" \/>\n\t<meta name=\"twitter:data1\" content=\"Nexo Informativo\" \/>\n\t<meta name=\"twitter:label2\" content=\"Tiempo de lectura\" \/>\n\t<meta name=\"twitter:data2\" content=\"2 minutos\" \/>\n<script type=\"application\/ld+json\" class=\"yoast-schema-graph\">{\"@context\":\"https:\/\/schema.org\",\"@graph\":[{\"@type\":\"Article\",\"@id\":\"https:\/\/www.nexoinformativo.mx\/index.php\/2024\/10\/29\/poes-detiene-a-sospechoso-de-robos-con-arma-blanca-y-mascara-en-operativo-calle-segura\/#article\",\"isPartOf\":{\"@id\":\"https:\/\/www.nexoinformativo.mx\/index.php\/2024\/10\/29\/poes-detiene-a-sospechoso-de-robos-con-arma-blanca-y-mascara-en-operativo-calle-segura\/\"},\"author\":{\"name\":\"Nexo Informativo\",\"@id\":\"https:\/\/www.nexoinformativo.mx\/#\/schema\/person\/7749d380ba08c8ca00d7bc76fd907b7d\"},\"headline\":\"POES detiene a sospechoso de robos con arma blanca y m\u00e1scara en operativo calle segura\",\"datePublished\":\"2024-10-29T23:00:27+00:00\",\"dateModified\":\"2024-10-30T00:21:38+00:00\",\"mainEntityOfPage\":{\"@id\":\"https:\/\/www.nexoinformativo.mx\/index.php\/2024\/10\/29\/poes-detiene-a-sospechoso-de-robos-con-arma-blanca-y-mascara-en-operativo-calle-segura\/\"},\"wordCount\":224,\"commentCount\":0,\"publisher\":{\"@id\":\"https:\/\/www.nexoinformativo.mx\/#organization\"},\"image\":{\"@id\":\"https:\/\/www.nexoinformativo.mx\/index.php\/2024\/10\/29\/poes-detiene-a-sospechoso-de-robos-con-arma-blanca-y-mascara-en-operativo-calle-segura\/#primaryimage\"},\"thumbnailUrl\":\"https:\/\/www.nexoinformativo.mx\/wp-content\/uploads\/2024\/10\/PHOTO-2024-10-29-17-57-59.jpg\",\"keywords\":[\"Detenci\u00f3n\",\"OperativoCalleSegura\",\"Polic\u00edaEstatal\",\"SeguridadP\u00fablica\"],\"articleSection\":[\"Sucesos\",\"\u00daltima Hora\"],\"inLanguage\":\"es\",\"potentialAction\":[{\"@type\":\"CommentAction\",\"name\":\"Comment\",\"target\":[\"https:\/\/www.nexoinformativo.mx\/index.php\/2024\/10\/29\/poes-detiene-a-sospechoso-de-robos-con-arma-blanca-y-mascara-en-operativo-calle-segura\/#respond\"]}]},{\"@type\":\"WebPage\",\"@id\":\"https:\/\/www.nexoinformativo.mx\/index.php\/2024\/10\/29\/poes-detiene-a-sospechoso-de-robos-con-arma-blanca-y-mascara-en-operativo-calle-segura\/\",\"url\":\"https:\/\/www.nexoinformativo.mx\/index.php\/2024\/10\/29\/poes-detiene-a-sospechoso-de-robos-con-arma-blanca-y-mascara-en-operativo-calle-segura\/\",\"name\":\"POES detiene a sospechoso de robos con arma blanca y m\u00e1scara en operativo calle segura | Nexo Informativo Santiago de Quer\u00e9taro\",\"isPartOf\":{\"@id\":\"https:\/\/www.nexoinformativo.mx\/#website\"},\"primaryImageOfPage\":{\"@id\":\"https:\/\/www.nexoinformativo.mx\/index.php\/2024\/10\/29\/poes-detiene-a-sospechoso-de-robos-con-arma-blanca-y-mascara-en-operativo-calle-segura\/#primaryimage\"},\"image\":{\"@id\":\"https:\/\/www.nexoinformativo.mx\/index.php\/2024\/10\/29\/poes-detiene-a-sospechoso-de-robos-con-arma-blanca-y-mascara-en-operativo-calle-segura\/#primaryimage\"},\"thumbnailUrl\":\"https:\/\/www.nexoinformativo.mx\/wp-content\/uploads\/2024\/10\/PHOTO-2024-10-29-17-57-59.jpg\",\"datePublished\":\"2024-10-29T23:00:27+00:00\",\"dateModified\":\"2024-10-30T00:21:38+00:00\",\"description\":\"POES detiene a sospechoso de robos con arma blanca y m\u00e1scara en operativo calle segura\",\"breadcrumb\":{\"@id\":\"https:\/\/www.nexoinformativo.mx\/index.php\/2024\/10\/29\/poes-detiene-a-sospechoso-de-robos-con-arma-blanca-y-mascara-en-operativo-calle-segura\/#breadcrumb\"},\"inLanguage\":\"es\",\"potentialAction\":[{\"@type\":\"ReadAction\",\"target\":[\"https:\/\/www.nexoinformativo.mx\/index.php\/2024\/10\/29\/poes-detiene-a-sospechoso-de-robos-con-arma-blanca-y-mascara-en-operativo-calle-segura\/\"]}]},{\"@type\":\"ImageObject\",\"inLanguage\":\"es\",\"@id\":\"https:\/\/www.nexoinformativo.mx\/index.php\/2024\/10\/29\/poes-detiene-a-sospechoso-de-robos-con-arma-blanca-y-mascara-en-operativo-calle-segura\/#primaryimage\",\"url\":\"https:\/\/www.nexoinformativo.mx\/wp-content\/uploads\/2024\/10\/PHOTO-2024-10-29-17-57-59.jpg\",\"contentUrl\":\"https:\/\/www.nexoinformativo.mx\/wp-content\/uploads\/2024\/10\/PHOTO-2024-10-29-17-57-59.jpg\",\"width\":278,\"height\":338},{\"@type\":\"BreadcrumbList\",\"@id\":\"https:\/\/www.nexoinformativo.mx\/index.php\/2024\/10\/29\/poes-detiene-a-sospechoso-de-robos-con-arma-blanca-y-mascara-en-operativo-calle-segura\/#breadcrumb\",\"itemListElement\":[{\"@type\":\"ListItem\",\"position\":1,\"name\":\"Inicio\",\"item\":\"https:\/\/www.nexoinformativo.mx\/\"},{\"@type\":\"ListItem\",\"position\":2,\"name\":\"POES detiene a sospechoso de robos con arma blanca y m\u00e1scara en operativo calle segura\"}]},{\"@type\":\"WebSite\",\"@id\":\"https:\/\/www.nexoinformativo.mx\/#website\",\"url\":\"https:\/\/www.nexoinformativo.mx\/\",\"name\":\"Nexo Informativo Santiago de Quer\u00e9taro\",\"description\":\"Explora NexoInformativo y convi\u00e9rtete en parte de una comunidad que valora el conocimiento y la verdad. Tu nexoinformativo es tu puente hacia una comprensi\u00f3n m\u00e1s profunda del mundo que te rodea.\",\"publisher\":{\"@id\":\"https:\/\/www.nexoinformativo.mx\/#organization\"},\"potentialAction\":[{\"@type\":\"SearchAction\",\"target\":{\"@type\":\"EntryPoint\",\"urlTemplate\":\"https:\/\/www.nexoinformativo.mx\/?s={search_term_string}\"},\"query-input\":{\"@type\":\"PropertyValueSpecification\",\"valueRequired\":true,\"valueName\":\"search_term_string\"}}],\"inLanguage\":\"es\"},{\"@type\":\"Organization\",\"@id\":\"https:\/\/www.nexoinformativo.mx\/#organization\",\"name\":\"Nexo Informativo Santiago de Quer\u00e9taro\",\"url\":\"https:\/\/www.nexoinformativo.mx\/\",\"logo\":{\"@type\":\"ImageObject\",\"inLanguage\":\"es\",\"@id\":\"https:\/\/www.nexoinformativo.mx\/#\/schema\/logo\/image\/\",\"url\":\"https:\/\/www.nexoinformativo.mx\/wp-content\/uploads\/2024\/07\/nexoi-trasparente-2.png\",\"contentUrl\":\"https:\/\/www.nexoinformativo.mx\/wp-content\/uploads\/2024\/07\/nexoi-trasparente-2.png\",\"width\":816,\"height\":339,\"caption\":\"Nexo Informativo Santiago de Quer\u00e9taro\"},\"image\":{\"@id\":\"https:\/\/www.nexoinformativo.mx\/#\/schema\/logo\/image\/\"},\"sameAs\":[\"https:\/\/www.facebook.com\/people\/Nexo-Informativo\/61564066885511\/\"]},{\"@type\":\"Person\",\"@id\":\"https:\/\/www.nexoinformativo.mx\/#\/schema\/person\/7749d380ba08c8ca00d7bc76fd907b7d\",\"name\":\"Nexo Informativo\",\"image\":{\"@type\":\"ImageObject\",\"inLanguage\":\"es\",\"@id\":\"https:\/\/www.nexoinformativo.mx\/#\/schema\/person\/image\/\",\"url\":\"https:\/\/secure.gravatar.com\/avatar\/dde2928154642a13d95f87ddf1ea9718fe2b46760a005c53e41ff5ad610704e6?s=96&d=mm&r=g\",\"contentUrl\":\"https:\/\/secure.gravatar.com\/avatar\/dde2928154642a13d95f87ddf1ea9718fe2b46760a005c53e41ff5ad610704e6?s=96&d=mm&r=g\",\"caption\":\"Nexo Informativo\"},\"url\":\"https:\/\/www.nexoinformativo.mx\/index.php\/author\/edicion\/\"}]}<\/script>\n<!-- \/ Yoast SEO plugin. -->","yoast_head_json":{"title":"POES detiene a sospechoso de robos con arma blanca y m\u00e1scara en operativo calle segura | Nexo Informativo Santiago de Quer\u00e9taro","description":"POES detiene a sospechoso de robos con arma blanca y m\u00e1scara en operativo calle segura","robots":{"index":"index","follow":"follow","max-snippet":"max-snippet:-1","max-image-preview":"max-image-preview:large","max-video-preview":"max-video-preview:-1"},"canonical":"https:\/\/www.nexoinformativo.mx\/index.php\/2024\/10\/29\/poes-detiene-a-sospechoso-de-robos-con-arma-blanca-y-mascara-en-operativo-calle-segura\/","og_locale":"es_MX","og_type":"article","og_title":"POES detiene a sospechoso de robos con arma blanca y m\u00e1scara en operativo calle segura | Nexo Informativo Santiago de Quer\u00e9taro","og_description":"POES detiene a sospechoso de robos con arma blanca y m\u00e1scara en operativo calle segura","og_url":"https:\/\/www.nexoinformativo.mx\/index.php\/2024\/10\/29\/poes-detiene-a-sospechoso-de-robos-con-arma-blanca-y-mascara-en-operativo-calle-segura\/","og_site_name":"Nexo Informativo Santiago de Quer\u00e9taro","article_publisher":"https:\/\/www.facebook.com\/people\/Nexo-Informativo\/61564066885511\/","article_published_time":"2024-10-29T23:00:27+00:00","article_modified_time":"2024-10-30T00:21:38+00:00","og_image":[{"width":278,"height":338,"url":"https:\/\/www.nexoinformativo.mx\/wp-content\/uploads\/2024\/10\/PHOTO-2024-10-29-17-57-59.jpg","type":"image\/jpeg"}],"author":"Nexo Informativo","twitter_card":"summary_large_image","twitter_misc":{"Escrito por":"Nexo Informativo","Tiempo de lectura":"2 minutos"},"schema":{"@context":"https:\/\/schema.org","@graph":[{"@type":"Article","@id":"https:\/\/www.nexoinformativo.mx\/index.php\/2024\/10\/29\/poes-detiene-a-sospechoso-de-robos-con-arma-blanca-y-mascara-en-operativo-calle-segura\/#article","isPartOf":{"@id":"https:\/\/www.nexoinformativo.mx\/index.php\/2024\/10\/29\/poes-detiene-a-sospechoso-de-robos-con-arma-blanca-y-mascara-en-operativo-calle-segura\/"},"author":{"name":"Nexo Informativo","@id":"https:\/\/www.nexoinformativo.mx\/#\/schema\/person\/7749d380ba08c8ca00d7bc76fd907b7d"},"headline":"POES detiene a sospechoso de robos con arma blanca y m\u00e1scara en operativo calle segura","datePublished":"2024-10-29T23:00:27+00:00","dateModified":"2024-10-30T00:21:38+00:00","mainEntityOfPage":{"@id":"https:\/\/www.nexoinformativo.mx\/index.php\/2024\/10\/29\/poes-detiene-a-sospechoso-de-robos-con-arma-blanca-y-mascara-en-operativo-calle-segura\/"},"wordCount":224,"commentCount":0,"publisher":{"@id":"https:\/\/www.nexoinformativo.mx\/#organization"},"image":{"@id":"https:\/\/www.nexoinformativo.mx\/index.php\/2024\/10\/29\/poes-detiene-a-sospechoso-de-robos-con-arma-blanca-y-mascara-en-operativo-calle-segura\/#primaryimage"},"thumbnailUrl":"https:\/\/www.nexoinformativo.mx\/wp-content\/uploads\/2024\/10\/PHOTO-2024-10-29-17-57-59.jpg","keywords":["Detenci\u00f3n","OperativoCalleSegura","Polic\u00edaEstatal","SeguridadP\u00fablica"],"articleSection":["Sucesos","\u00daltima Hora"],"inLanguage":"es","potentialAction":[{"@type":"CommentAction","name":"Comment","target":["https:\/\/www.nexoinformativo.mx\/index.php\/2024\/10\/29\/poes-detiene-a-sospechoso-de-robos-con-arma-blanca-y-mascara-en-operativo-calle-segura\/#respond"]}]},{"@type":"WebPage","@id":"https:\/\/www.nexoinformativo.mx\/index.php\/2024\/10\/29\/poes-detiene-a-sospechoso-de-robos-con-arma-blanca-y-mascara-en-operativo-calle-segura\/","url":"https:\/\/www.nexoinformativo.mx\/index.php\/2024\/10\/29\/poes-detiene-a-sospechoso-de-robos-con-arma-blanca-y-mascara-en-operativo-calle-segura\/","name":"POES detiene a sospechoso de robos con arma blanca y m\u00e1scara en operativo calle segura | Nexo Informativo Santiago de Quer\u00e9taro","isPartOf":{"@id":"https:\/\/www.nexoinformativo.mx\/#website"},"primaryImageOfPage":{"@id":"https:\/\/www.nexoinformativo.mx\/index.php\/2024\/10\/29\/poes-detiene-a-sospechoso-de-robos-con-arma-blanca-y-mascara-en-operativo-calle-segura\/#primaryimage"},"image":{"@id":"https:\/\/www.nexoinformativo.mx\/index.php\/2024\/10\/29\/poes-detiene-a-sospechoso-de-robos-con-arma-blanca-y-mascara-en-operativo-calle-segura\/#primaryimage"},"thumbnailUrl":"https:\/\/www.nexoinformativo.mx\/wp-content\/uploads\/2024\/10\/PHOTO-2024-10-29-17-57-59.jpg","datePublished":"2024-10-29T23:00:27+00:00","dateModified":"2024-10-30T00:21:38+00:00","description":"POES detiene a sospechoso de robos con arma blanca y m\u00e1scara en operativo calle segura","breadcrumb":{"@id":"https:\/\/www.nexoinformativo.mx\/index.php\/2024\/10\/29\/poes-detiene-a-sospechoso-de-robos-con-arma-blanca-y-mascara-en-operativo-calle-segura\/#breadcrumb"},"inLanguage":"es","potentialAction":[{"@type":"ReadAction","target":["https:\/\/www.nexoinformativo.mx\/index.php\/2024\/10\/29\/poes-detiene-a-sospechoso-de-robos-con-arma-blanca-y-mascara-en-operativo-calle-segura\/"]}]},{"@type":"ImageObject","inLanguage":"es","@id":"https:\/\/www.nexoinformativo.mx\/index.php\/2024\/10\/29\/poes-detiene-a-sospechoso-de-robos-con-arma-blanca-y-mascara-en-operativo-calle-segura\/#primaryimage","url":"https:\/\/www.nexoinformativo.mx\/wp-content\/uploads\/2024\/10\/PHOTO-2024-10-29-17-57-59.jpg","contentUrl":"https:\/\/www.nexoinformativo.mx\/wp-content\/uploads\/2024\/10\/PHOTO-2024-10-29-17-57-59.jpg","width":278,"height":338},{"@type":"BreadcrumbList","@id":"https:\/\/www.nexoinformativo.mx\/index.php\/2024\/10\/29\/poes-detiene-a-sospechoso-de-robos-con-arma-blanca-y-mascara-en-operativo-calle-segura\/#breadcrumb","itemListElement":[{"@type":"ListItem","position":1,"name":"Inicio","item":"https:\/\/www.nexoinformativo.mx\/"},{"@type":"ListItem","position":2,"name":"POES detiene a sospechoso de robos con arma blanca y m\u00e1scara en operativo calle segura"}]},{"@type":"WebSite","@id":"https:\/\/www.nexoinformativo.mx\/#website","url":"https:\/\/www.nexoinformativo.mx\/","name":"Nexo Informativo Santiago de Quer\u00e9taro","description":"Explora NexoInformativo y convi\u00e9rtete en parte de una comunidad que valora el conocimiento y la verdad. Tu nexoinformativo es tu puente hacia una comprensi\u00f3n m\u00e1s profunda del mundo que te rodea.","publisher":{"@id":"https:\/\/www.nexoinformativo.mx\/#organization"},"potentialAction":[{"@type":"SearchAction","target":{"@type":"EntryPoint","urlTemplate":"https:\/\/www.nexoinformativo.mx\/?s={search_term_string}"},"query-input":{"@type":"PropertyValueSpecification","valueRequired":true,"valueName":"search_term_string"}}],"inLanguage":"es"},{"@type":"Organization","@id":"https:\/\/www.nexoinformativo.mx\/#organization","name":"Nexo Informativo Santiago de Quer\u00e9taro","url":"https:\/\/www.nexoinformativo.mx\/","logo":{"@type":"ImageObject","inLanguage":"es","@id":"https:\/\/www.nexoinformativo.mx\/#\/schema\/logo\/image\/","url":"https:\/\/www.nexoinformativo.mx\/wp-content\/uploads\/2024\/07\/nexoi-trasparente-2.png","contentUrl":"https:\/\/www.nexoinformativo.mx\/wp-content\/uploads\/2024\/07\/nexoi-trasparente-2.png","width":816,"height":339,"caption":"Nexo Informativo Santiago de Quer\u00e9taro"},"image":{"@id":"https:\/\/www.nexoinformativo.mx\/#\/schema\/logo\/image\/"},"sameAs":["https:\/\/www.facebook.com\/people\/Nexo-Informativo\/61564066885511\/"]},{"@type":"Person","@id":"https:\/\/www.nexoinformativo.mx\/#\/schema\/person\/7749d380ba08c8ca00d7bc76fd907b7d","name":"Nexo Informativo","image":{"@type":"ImageObject","inLanguage":"es","@id":"https:\/\/www.nexoinformativo.mx\/#\/schema\/person\/image\/","url":"https:\/\/secure.gravatar.com\/avatar\/dde2928154642a13d95f87ddf1ea9718fe2b46760a005c53e41ff5ad610704e6?s=96&d=mm&r=g","contentUrl":"https:\/\/secure.gravatar.com\/avatar\/dde2928154642a13d95f87ddf1ea9718fe2b46760a005c53e41ff5ad610704e6?s=96&d=mm&r=g","caption":"Nexo Informativo"},"url":"https:\/\/www.nexoinformativo.mx\/index.php\/author\/edicion\/"}]}},"_links":{"self":[{"href":"https:\/\/www.nexoinformativo.mx\/index.php\/wp-json\/wp\/v2\/posts\/4883","targetHints":{"allow":["GET"]}}],"collection":[{"href":"https:\/\/www.nexoinformativo.mx\/index.php\/wp-json\/wp\/v2\/posts"}],"about":[{"href":"https:\/\/www.nexoinformativo.mx\/index.php\/wp-json\/wp\/v2\/types\/post"}],"author":[{"embeddable":true,"href":"https:\/\/www.nexoinformativo.mx\/index.php\/wp-json\/wp\/v2\/users\/3"}],"replies":[{"embeddable":true,"href":"https:\/\/www.nexoinformativo.mx\/index.php\/wp-json\/wp\/v2\/comments?post=4883"}],"version-history":[{"count":3,"href":"https:\/\/www.nexoinformativo.mx\/index.php\/wp-json\/wp\/v2\/posts\/4883\/revisions"}],"predecessor-version":[{"id":4887,"href":"https:\/\/www.nexoinformativo.mx\/index.php\/wp-json\/wp\/v2\/posts\/4883\/revisions\/4887"}],"wp:featuredmedia":[{"embeddable":true,"href":"https:\/\/www.nexoinformativo.mx\/index.php\/wp-json\/wp\/v2\/media\/4884"}],"wp:attachment":[{"href":"https:\/\/www.nexoinformativo.mx\/index.php\/wp-json\/wp\/v2\/media?parent=4883"}],"wp:term":[{"taxonomy":"category","embeddable":true,"href":"https:\/\/www.nexoinformativo.mx\/index.php\/wp-json\/wp\/v2\/categories?post=4883"},{"taxonomy":"post_tag","embeddable":true,"href":"https:\/\/www.nexoinformativo.mx\/index.php\/wp-json\/wp\/v2\/tags?post=4883"}],"curies":[{"name":"wp","href":"https:\/\/api.w.org\/{rel}","templated":true}]}}