{"id":4888,"date":"2024-10-29T20:00:04","date_gmt":"2024-10-30T02:00:04","guid":{"rendered":"https:\/\/www.nexoinformativo.mx\/?p=4888"},"modified":"2024-10-30T09:25:31","modified_gmt":"2024-10-30T15:25:31","slug":"vicefiscal-de-queretaro-detalla-en-entrevista-con-loret-de-mola-investigacion-de-presunto-homicidio-de-recien-nacido-en-huimilpan","status":"publish","type":"post","link":"https:\/\/www.nexoinformativo.mx\/index.php\/2024\/10\/29\/vicefiscal-de-queretaro-detalla-en-entrevista-con-loret-de-mola-investigacion-de-presunto-homicidio-de-recien-nacido-en-huimilpan\/","title":{"rendered":"Vicefiscal de Quer\u00e9taro detalla en entrevista con Loret de Mola investigaci\u00f3n de presunto homicidio de reci\u00e9n nacido en Huimilpan"},"content":{"rendered":"<p style=\"text-align: justify;\">En una entrevista con el periodista Carlos Loret de Mola, la vicefiscal de Investigaci\u00f3n y Persecuci\u00f3n del Delito de la Fiscal\u00eda de Quer\u00e9taro, Margarita Luna T\u00e9llez, dio detalles sobre el caso de una menor de 14 a\u00f1os de Huimilpan, quien habr\u00eda dado a luz recientemente y enfrenta acusaciones relacionadas con la muerte de su reci\u00e9n nacido. Luna T\u00e9llez precis\u00f3 que, seg\u00fan la investigaci\u00f3n, la menor no fue v\u00edctima de violaci\u00f3n, sino que manten\u00eda relaciones consensuadas con otras personas.<\/p>\n<p>&nbsp;<\/p>\n<p style=\"text-align: justify;\">La vicefiscal explic\u00f3 que el beb\u00e9 era un reci\u00e9n nacido a t\u00e9rmino que naci\u00f3 vivo. Posteriormente, la menor\u00a0 ya en hospital, comunic\u00f3 al personal m\u00e9dico y a su padre que el beb\u00e9 se hab\u00eda quedado en casa. Al regresar, el padre encontr\u00f3 al reci\u00e9n nacido sin vida y lo entreg\u00f3 al hospital, por lo que el este alerto a la Fiscal\u00eda y se dio inicio a una carpeta de investigaci\u00f3n por presunto homicidio por parte de la menor.<\/p>\n<p>&nbsp;<\/p>\n<p style=\"text-align: justify;\">Luna T\u00e9llez enfatiz\u00f3 que la Fiscal\u00eda cuenta con pruebas cient\u00edficas y objetivas que fundamentan su l\u00ednea de investigaci\u00f3n pericial y aclar\u00f3 que la la fiscal\u00eda se apega a la Ley Nacional del Sistema Integral de Justicia para Adolescentes.<\/p>\n<p>&nbsp;<\/p>\n<p style=\"text-align: justify;\">Finalmente, la vicefiscal se\u00f1al\u00f3 que, tras los testimonios y declaraciones de la menor, se cuenta con evidencia objetiva de que ella habr\u00eda realizado la acci\u00f3n que priv\u00f3 de la vida al reci\u00e9n nacido, concluyo.<\/p>\n","protected":false},"excerpt":{"rendered":"<p>En una entrevista con el periodista Carlos Loret de Mola, la vicefiscal de Investigaci\u00f3n y Persecuci\u00f3n del Delito de la Fiscal\u00eda de Quer\u00e9taro, Margarita Luna T\u00e9llez, dio detalles sobre el caso de una menor de 14 a\u00f1os de Huimilpan.<\/p>\n","protected":false},"author":3,"featured_media":4889,"comment_status":"open","ping_status":"open","sticky":false,"template":"","format":"standard","meta":{"footnotes":""},"categories":[42,58],"tags":[1737,500,1736,1735],"class_list":["post-4888","post","type-post","status-publish","format-standard","has-post-thumbnail","hentry","category-estado","category-ultima-hora","tag-entrevistaloretdemola","tag-fiscaliaqueretaro","tag-investigacionhuimilpan","tag-justiciaadolescentes"],"yoast_head":"<!-- This site is optimized with the Yoast SEO plugin v25.0 - https:\/\/yoast.com\/wordpress\/plugins\/seo\/ -->\n<title>Vicefiscal de Quer\u00e9taro detalla en entrevista con Loret de Mola investigaci\u00f3n de presunto homicidio de reci\u00e9n nacido en Huimilpan | Nexo Informativo Santiago de Quer\u00e9taro<\/title>\n<meta name=\"description\" content=\"Vicefiscal de Quer\u00e9taro detalla en entrevista con Loret de Mola investigaci\u00f3n de presunto homicidio de reci\u00e9n nacido en Huimilpan\" \/>\n<meta name=\"robots\" content=\"index, follow, max-snippet:-1, max-image-preview:large, max-video-preview:-1\" \/>\n<link rel=\"canonical\" href=\"https:\/\/www.nexoinformativo.mx\/index.php\/2024\/10\/29\/vicefiscal-de-queretaro-detalla-en-entrevista-con-loret-de-mola-investigacion-de-presunto-homicidio-de-recien-nacido-en-huimilpan\/\" \/>\n<meta property=\"og:locale\" content=\"es_MX\" \/>\n<meta property=\"og:type\" content=\"article\" \/>\n<meta property=\"og:title\" content=\"Vicefiscal de Quer\u00e9taro detalla en entrevista con Loret de Mola investigaci\u00f3n de presunto homicidio de reci\u00e9n nacido en Huimilpan | Nexo Informativo Santiago de Quer\u00e9taro\" \/>\n<meta property=\"og:description\" content=\"Vicefiscal de Quer\u00e9taro detalla en entrevista con Loret de Mola investigaci\u00f3n de presunto homicidio de reci\u00e9n nacido en Huimilpan\" \/>\n<meta property=\"og:url\" content=\"https:\/\/www.nexoinformativo.mx\/index.php\/2024\/10\/29\/vicefiscal-de-queretaro-detalla-en-entrevista-con-loret-de-mola-investigacion-de-presunto-homicidio-de-recien-nacido-en-huimilpan\/\" \/>\n<meta property=\"og:site_name\" content=\"Nexo Informativo Santiago de Quer\u00e9taro\" \/>\n<meta property=\"article:publisher\" content=\"https:\/\/www.facebook.com\/people\/Nexo-Informativo\/61564066885511\/\" \/>\n<meta property=\"article:published_time\" content=\"2024-10-30T02:00:04+00:00\" \/>\n<meta property=\"article:modified_time\" content=\"2024-10-30T15:25:31+00:00\" \/>\n<meta property=\"og:image\" content=\"https:\/\/www.nexoinformativo.mx\/wp-content\/uploads\/2024\/10\/1730300956216-e1730301053844.jpg\" \/>\n\t<meta property=\"og:image:width\" content=\"800\" \/>\n\t<meta property=\"og:image:height\" content=\"776\" \/>\n\t<meta property=\"og:image:type\" content=\"image\/jpeg\" \/>\n<meta name=\"author\" content=\"Nexo Informativo\" \/>\n<meta name=\"twitter:card\" content=\"summary_large_image\" \/>\n<meta name=\"twitter:label1\" content=\"Escrito por\" \/>\n\t<meta name=\"twitter:data1\" content=\"Nexo Informativo\" \/>\n\t<meta name=\"twitter:label2\" content=\"Tiempo de lectura\" \/>\n\t<meta name=\"twitter:data2\" content=\"2 minutos\" \/>\n<script type=\"application\/ld+json\" class=\"yoast-schema-graph\">{\"@context\":\"https:\/\/schema.org\",\"@graph\":[{\"@type\":\"Article\",\"@id\":\"https:\/\/www.nexoinformativo.mx\/index.php\/2024\/10\/29\/vicefiscal-de-queretaro-detalla-en-entrevista-con-loret-de-mola-investigacion-de-presunto-homicidio-de-recien-nacido-en-huimilpan\/#article\",\"isPartOf\":{\"@id\":\"https:\/\/www.nexoinformativo.mx\/index.php\/2024\/10\/29\/vicefiscal-de-queretaro-detalla-en-entrevista-con-loret-de-mola-investigacion-de-presunto-homicidio-de-recien-nacido-en-huimilpan\/\"},\"author\":{\"name\":\"Nexo Informativo\",\"@id\":\"https:\/\/www.nexoinformativo.mx\/#\/schema\/person\/7749d380ba08c8ca00d7bc76fd907b7d\"},\"headline\":\"Vicefiscal de Quer\u00e9taro detalla en entrevista con Loret de Mola investigaci\u00f3n de presunto homicidio de reci\u00e9n nacido en Huimilpan\",\"datePublished\":\"2024-10-30T02:00:04+00:00\",\"dateModified\":\"2024-10-30T15:25:31+00:00\",\"mainEntityOfPage\":{\"@id\":\"https:\/\/www.nexoinformativo.mx\/index.php\/2024\/10\/29\/vicefiscal-de-queretaro-detalla-en-entrevista-con-loret-de-mola-investigacion-de-presunto-homicidio-de-recien-nacido-en-huimilpan\/\"},\"wordCount\":283,\"commentCount\":0,\"publisher\":{\"@id\":\"https:\/\/www.nexoinformativo.mx\/#organization\"},\"image\":{\"@id\":\"https:\/\/www.nexoinformativo.mx\/index.php\/2024\/10\/29\/vicefiscal-de-queretaro-detalla-en-entrevista-con-loret-de-mola-investigacion-de-presunto-homicidio-de-recien-nacido-en-huimilpan\/#primaryimage\"},\"thumbnailUrl\":\"https:\/\/www.nexoinformativo.mx\/wp-content\/uploads\/2024\/10\/1730300956216-e1730301053844.jpg\",\"keywords\":[\"EntrevistaLoretdeMola\",\"Fiscal\u00edaQuer\u00e9taro\",\"Investigaci\u00f3nHuimilpan\",\"JusticiaAdolescentes\"],\"articleSection\":[\"Estado\",\"\u00daltima Hora\"],\"inLanguage\":\"es\",\"potentialAction\":[{\"@type\":\"CommentAction\",\"name\":\"Comment\",\"target\":[\"https:\/\/www.nexoinformativo.mx\/index.php\/2024\/10\/29\/vicefiscal-de-queretaro-detalla-en-entrevista-con-loret-de-mola-investigacion-de-presunto-homicidio-de-recien-nacido-en-huimilpan\/#respond\"]}]},{\"@type\":\"WebPage\",\"@id\":\"https:\/\/www.nexoinformativo.mx\/index.php\/2024\/10\/29\/vicefiscal-de-queretaro-detalla-en-entrevista-con-loret-de-mola-investigacion-de-presunto-homicidio-de-recien-nacido-en-huimilpan\/\",\"url\":\"https:\/\/www.nexoinformativo.mx\/index.php\/2024\/10\/29\/vicefiscal-de-queretaro-detalla-en-entrevista-con-loret-de-mola-investigacion-de-presunto-homicidio-de-recien-nacido-en-huimilpan\/\",\"name\":\"Vicefiscal de Quer\u00e9taro detalla en entrevista con Loret de Mola investigaci\u00f3n de presunto homicidio de reci\u00e9n nacido en Huimilpan | Nexo Informativo Santiago de Quer\u00e9taro\",\"isPartOf\":{\"@id\":\"https:\/\/www.nexoinformativo.mx\/#website\"},\"primaryImageOfPage\":{\"@id\":\"https:\/\/www.nexoinformativo.mx\/index.php\/2024\/10\/29\/vicefiscal-de-queretaro-detalla-en-entrevista-con-loret-de-mola-investigacion-de-presunto-homicidio-de-recien-nacido-en-huimilpan\/#primaryimage\"},\"image\":{\"@id\":\"https:\/\/www.nexoinformativo.mx\/index.php\/2024\/10\/29\/vicefiscal-de-queretaro-detalla-en-entrevista-con-loret-de-mola-investigacion-de-presunto-homicidio-de-recien-nacido-en-huimilpan\/#primaryimage\"},\"thumbnailUrl\":\"https:\/\/www.nexoinformativo.mx\/wp-content\/uploads\/2024\/10\/1730300956216-e1730301053844.jpg\",\"datePublished\":\"2024-10-30T02:00:04+00:00\",\"dateModified\":\"2024-10-30T15:25:31+00:00\",\"description\":\"Vicefiscal de Quer\u00e9taro detalla en entrevista con Loret de Mola investigaci\u00f3n de presunto homicidio de reci\u00e9n nacido en Huimilpan\",\"breadcrumb\":{\"@id\":\"https:\/\/www.nexoinformativo.mx\/index.php\/2024\/10\/29\/vicefiscal-de-queretaro-detalla-en-entrevista-con-loret-de-mola-investigacion-de-presunto-homicidio-de-recien-nacido-en-huimilpan\/#breadcrumb\"},\"inLanguage\":\"es\",\"potentialAction\":[{\"@type\":\"ReadAction\",\"target\":[\"https:\/\/www.nexoinformativo.mx\/index.php\/2024\/10\/29\/vicefiscal-de-queretaro-detalla-en-entrevista-con-loret-de-mola-investigacion-de-presunto-homicidio-de-recien-nacido-en-huimilpan\/\"]}]},{\"@type\":\"ImageObject\",\"inLanguage\":\"es\",\"@id\":\"https:\/\/www.nexoinformativo.mx\/index.php\/2024\/10\/29\/vicefiscal-de-queretaro-detalla-en-entrevista-con-loret-de-mola-investigacion-de-presunto-homicidio-de-recien-nacido-en-huimilpan\/#primaryimage\",\"url\":\"https:\/\/www.nexoinformativo.mx\/wp-content\/uploads\/2024\/10\/1730300956216-e1730301053844.jpg\",\"contentUrl\":\"https:\/\/www.nexoinformativo.mx\/wp-content\/uploads\/2024\/10\/1730300956216-e1730301053844.jpg\",\"width\":800,\"height\":776},{\"@type\":\"BreadcrumbList\",\"@id\":\"https:\/\/www.nexoinformativo.mx\/index.php\/2024\/10\/29\/vicefiscal-de-queretaro-detalla-en-entrevista-con-loret-de-mola-investigacion-de-presunto-homicidio-de-recien-nacido-en-huimilpan\/#breadcrumb\",\"itemListElement\":[{\"@type\":\"ListItem\",\"position\":1,\"name\":\"Inicio\",\"item\":\"https:\/\/www.nexoinformativo.mx\/\"},{\"@type\":\"ListItem\",\"position\":2,\"name\":\"Vicefiscal de Quer\u00e9taro detalla en entrevista con Loret de Mola investigaci\u00f3n de presunto homicidio de reci\u00e9n nacido en Huimilpan\"}]},{\"@type\":\"WebSite\",\"@id\":\"https:\/\/www.nexoinformativo.mx\/#website\",\"url\":\"https:\/\/www.nexoinformativo.mx\/\",\"name\":\"Nexo Informativo Santiago de Quer\u00e9taro\",\"description\":\"Explora NexoInformativo y convi\u00e9rtete en parte de una comunidad que valora el conocimiento y la verdad. Tu nexoinformativo es tu puente hacia una comprensi\u00f3n m\u00e1s profunda del mundo que te rodea.\",\"publisher\":{\"@id\":\"https:\/\/www.nexoinformativo.mx\/#organization\"},\"potentialAction\":[{\"@type\":\"SearchAction\",\"target\":{\"@type\":\"EntryPoint\",\"urlTemplate\":\"https:\/\/www.nexoinformativo.mx\/?s={search_term_string}\"},\"query-input\":{\"@type\":\"PropertyValueSpecification\",\"valueRequired\":true,\"valueName\":\"search_term_string\"}}],\"inLanguage\":\"es\"},{\"@type\":\"Organization\",\"@id\":\"https:\/\/www.nexoinformativo.mx\/#organization\",\"name\":\"Nexo Informativo Santiago de Quer\u00e9taro\",\"url\":\"https:\/\/www.nexoinformativo.mx\/\",\"logo\":{\"@type\":\"ImageObject\",\"inLanguage\":\"es\",\"@id\":\"https:\/\/www.nexoinformativo.mx\/#\/schema\/logo\/image\/\",\"url\":\"https:\/\/www.nexoinformativo.mx\/wp-content\/uploads\/2024\/07\/nexoi-trasparente-2.png\",\"contentUrl\":\"https:\/\/www.nexoinformativo.mx\/wp-content\/uploads\/2024\/07\/nexoi-trasparente-2.png\",\"width\":816,\"height\":339,\"caption\":\"Nexo Informativo Santiago de Quer\u00e9taro\"},\"image\":{\"@id\":\"https:\/\/www.nexoinformativo.mx\/#\/schema\/logo\/image\/\"},\"sameAs\":[\"https:\/\/www.facebook.com\/people\/Nexo-Informativo\/61564066885511\/\"]},{\"@type\":\"Person\",\"@id\":\"https:\/\/www.nexoinformativo.mx\/#\/schema\/person\/7749d380ba08c8ca00d7bc76fd907b7d\",\"name\":\"Nexo Informativo\",\"image\":{\"@type\":\"ImageObject\",\"inLanguage\":\"es\",\"@id\":\"https:\/\/www.nexoinformativo.mx\/#\/schema\/person\/image\/\",\"url\":\"https:\/\/secure.gravatar.com\/avatar\/dde2928154642a13d95f87ddf1ea9718fe2b46760a005c53e41ff5ad610704e6?s=96&d=mm&r=g\",\"contentUrl\":\"https:\/\/secure.gravatar.com\/avatar\/dde2928154642a13d95f87ddf1ea9718fe2b46760a005c53e41ff5ad610704e6?s=96&d=mm&r=g\",\"caption\":\"Nexo Informativo\"},\"url\":\"https:\/\/www.nexoinformativo.mx\/index.php\/author\/edicion\/\"}]}<\/script>\n<!-- \/ Yoast SEO plugin. -->","yoast_head_json":{"title":"Vicefiscal de Quer\u00e9taro detalla en entrevista con Loret de Mola investigaci\u00f3n de presunto homicidio de reci\u00e9n nacido en Huimilpan | Nexo Informativo Santiago de Quer\u00e9taro","description":"Vicefiscal de Quer\u00e9taro detalla en entrevista con Loret de Mola investigaci\u00f3n de presunto homicidio de reci\u00e9n nacido en Huimilpan","robots":{"index":"index","follow":"follow","max-snippet":"max-snippet:-1","max-image-preview":"max-image-preview:large","max-video-preview":"max-video-preview:-1"},"canonical":"https:\/\/www.nexoinformativo.mx\/index.php\/2024\/10\/29\/vicefiscal-de-queretaro-detalla-en-entrevista-con-loret-de-mola-investigacion-de-presunto-homicidio-de-recien-nacido-en-huimilpan\/","og_locale":"es_MX","og_type":"article","og_title":"Vicefiscal de Quer\u00e9taro detalla en entrevista con Loret de Mola investigaci\u00f3n de presunto homicidio de reci\u00e9n nacido en Huimilpan | Nexo Informativo Santiago de Quer\u00e9taro","og_description":"Vicefiscal de Quer\u00e9taro detalla en entrevista con Loret de Mola investigaci\u00f3n de presunto homicidio de reci\u00e9n nacido en Huimilpan","og_url":"https:\/\/www.nexoinformativo.mx\/index.php\/2024\/10\/29\/vicefiscal-de-queretaro-detalla-en-entrevista-con-loret-de-mola-investigacion-de-presunto-homicidio-de-recien-nacido-en-huimilpan\/","og_site_name":"Nexo Informativo Santiago de Quer\u00e9taro","article_publisher":"https:\/\/www.facebook.com\/people\/Nexo-Informativo\/61564066885511\/","article_published_time":"2024-10-30T02:00:04+00:00","article_modified_time":"2024-10-30T15:25:31+00:00","og_image":[{"width":800,"height":776,"url":"https:\/\/www.nexoinformativo.mx\/wp-content\/uploads\/2024\/10\/1730300956216-e1730301053844.jpg","type":"image\/jpeg"}],"author":"Nexo Informativo","twitter_card":"summary_large_image","twitter_misc":{"Escrito por":"Nexo Informativo","Tiempo de lectura":"2 minutos"},"schema":{"@context":"https:\/\/schema.org","@graph":[{"@type":"Article","@id":"https:\/\/www.nexoinformativo.mx\/index.php\/2024\/10\/29\/vicefiscal-de-queretaro-detalla-en-entrevista-con-loret-de-mola-investigacion-de-presunto-homicidio-de-recien-nacido-en-huimilpan\/#article","isPartOf":{"@id":"https:\/\/www.nexoinformativo.mx\/index.php\/2024\/10\/29\/vicefiscal-de-queretaro-detalla-en-entrevista-con-loret-de-mola-investigacion-de-presunto-homicidio-de-recien-nacido-en-huimilpan\/"},"author":{"name":"Nexo Informativo","@id":"https:\/\/www.nexoinformativo.mx\/#\/schema\/person\/7749d380ba08c8ca00d7bc76fd907b7d"},"headline":"Vicefiscal de Quer\u00e9taro detalla en entrevista con Loret de Mola investigaci\u00f3n de presunto homicidio de reci\u00e9n nacido en Huimilpan","datePublished":"2024-10-30T02:00:04+00:00","dateModified":"2024-10-30T15:25:31+00:00","mainEntityOfPage":{"@id":"https:\/\/www.nexoinformativo.mx\/index.php\/2024\/10\/29\/vicefiscal-de-queretaro-detalla-en-entrevista-con-loret-de-mola-investigacion-de-presunto-homicidio-de-recien-nacido-en-huimilpan\/"},"wordCount":283,"commentCount":0,"publisher":{"@id":"https:\/\/www.nexoinformativo.mx\/#organization"},"image":{"@id":"https:\/\/www.nexoinformativo.mx\/index.php\/2024\/10\/29\/vicefiscal-de-queretaro-detalla-en-entrevista-con-loret-de-mola-investigacion-de-presunto-homicidio-de-recien-nacido-en-huimilpan\/#primaryimage"},"thumbnailUrl":"https:\/\/www.nexoinformativo.mx\/wp-content\/uploads\/2024\/10\/1730300956216-e1730301053844.jpg","keywords":["EntrevistaLoretdeMola","Fiscal\u00edaQuer\u00e9taro","Investigaci\u00f3nHuimilpan","JusticiaAdolescentes"],"articleSection":["Estado","\u00daltima Hora"],"inLanguage":"es","potentialAction":[{"@type":"CommentAction","name":"Comment","target":["https:\/\/www.nexoinformativo.mx\/index.php\/2024\/10\/29\/vicefiscal-de-queretaro-detalla-en-entrevista-con-loret-de-mola-investigacion-de-presunto-homicidio-de-recien-nacido-en-huimilpan\/#respond"]}]},{"@type":"WebPage","@id":"https:\/\/www.nexoinformativo.mx\/index.php\/2024\/10\/29\/vicefiscal-de-queretaro-detalla-en-entrevista-con-loret-de-mola-investigacion-de-presunto-homicidio-de-recien-nacido-en-huimilpan\/","url":"https:\/\/www.nexoinformativo.mx\/index.php\/2024\/10\/29\/vicefiscal-de-queretaro-detalla-en-entrevista-con-loret-de-mola-investigacion-de-presunto-homicidio-de-recien-nacido-en-huimilpan\/","name":"Vicefiscal de Quer\u00e9taro detalla en entrevista con Loret de Mola investigaci\u00f3n de presunto homicidio de reci\u00e9n nacido en Huimilpan | Nexo Informativo Santiago de Quer\u00e9taro","isPartOf":{"@id":"https:\/\/www.nexoinformativo.mx\/#website"},"primaryImageOfPage":{"@id":"https:\/\/www.nexoinformativo.mx\/index.php\/2024\/10\/29\/vicefiscal-de-queretaro-detalla-en-entrevista-con-loret-de-mola-investigacion-de-presunto-homicidio-de-recien-nacido-en-huimilpan\/#primaryimage"},"image":{"@id":"https:\/\/www.nexoinformativo.mx\/index.php\/2024\/10\/29\/vicefiscal-de-queretaro-detalla-en-entrevista-con-loret-de-mola-investigacion-de-presunto-homicidio-de-recien-nacido-en-huimilpan\/#primaryimage"},"thumbnailUrl":"https:\/\/www.nexoinformativo.mx\/wp-content\/uploads\/2024\/10\/1730300956216-e1730301053844.jpg","datePublished":"2024-10-30T02:00:04+00:00","dateModified":"2024-10-30T15:25:31+00:00","description":"Vicefiscal de Quer\u00e9taro detalla en entrevista con Loret de Mola investigaci\u00f3n de presunto homicidio de reci\u00e9n nacido en Huimilpan","breadcrumb":{"@id":"https:\/\/www.nexoinformativo.mx\/index.php\/2024\/10\/29\/vicefiscal-de-queretaro-detalla-en-entrevista-con-loret-de-mola-investigacion-de-presunto-homicidio-de-recien-nacido-en-huimilpan\/#breadcrumb"},"inLanguage":"es","potentialAction":[{"@type":"ReadAction","target":["https:\/\/www.nexoinformativo.mx\/index.php\/2024\/10\/29\/vicefiscal-de-queretaro-detalla-en-entrevista-con-loret-de-mola-investigacion-de-presunto-homicidio-de-recien-nacido-en-huimilpan\/"]}]},{"@type":"ImageObject","inLanguage":"es","@id":"https:\/\/www.nexoinformativo.mx\/index.php\/2024\/10\/29\/vicefiscal-de-queretaro-detalla-en-entrevista-con-loret-de-mola-investigacion-de-presunto-homicidio-de-recien-nacido-en-huimilpan\/#primaryimage","url":"https:\/\/www.nexoinformativo.mx\/wp-content\/uploads\/2024\/10\/1730300956216-e1730301053844.jpg","contentUrl":"https:\/\/www.nexoinformativo.mx\/wp-content\/uploads\/2024\/10\/1730300956216-e1730301053844.jpg","width":800,"height":776},{"@type":"BreadcrumbList","@id":"https:\/\/www.nexoinformativo.mx\/index.php\/2024\/10\/29\/vicefiscal-de-queretaro-detalla-en-entrevista-con-loret-de-mola-investigacion-de-presunto-homicidio-de-recien-nacido-en-huimilpan\/#breadcrumb","itemListElement":[{"@type":"ListItem","position":1,"name":"Inicio","item":"https:\/\/www.nexoinformativo.mx\/"},{"@type":"ListItem","position":2,"name":"Vicefiscal de Quer\u00e9taro detalla en entrevista con Loret de Mola investigaci\u00f3n de presunto homicidio de reci\u00e9n nacido en Huimilpan"}]},{"@type":"WebSite","@id":"https:\/\/www.nexoinformativo.mx\/#website","url":"https:\/\/www.nexoinformativo.mx\/","name":"Nexo Informativo Santiago de Quer\u00e9taro","description":"Explora NexoInformativo y convi\u00e9rtete en parte de una comunidad que valora el conocimiento y la verdad. Tu nexoinformativo es tu puente hacia una comprensi\u00f3n m\u00e1s profunda del mundo que te rodea.","publisher":{"@id":"https:\/\/www.nexoinformativo.mx\/#organization"},"potentialAction":[{"@type":"SearchAction","target":{"@type":"EntryPoint","urlTemplate":"https:\/\/www.nexoinformativo.mx\/?s={search_term_string}"},"query-input":{"@type":"PropertyValueSpecification","valueRequired":true,"valueName":"search_term_string"}}],"inLanguage":"es"},{"@type":"Organization","@id":"https:\/\/www.nexoinformativo.mx\/#organization","name":"Nexo Informativo Santiago de Quer\u00e9taro","url":"https:\/\/www.nexoinformativo.mx\/","logo":{"@type":"ImageObject","inLanguage":"es","@id":"https:\/\/www.nexoinformativo.mx\/#\/schema\/logo\/image\/","url":"https:\/\/www.nexoinformativo.mx\/wp-content\/uploads\/2024\/07\/nexoi-trasparente-2.png","contentUrl":"https:\/\/www.nexoinformativo.mx\/wp-content\/uploads\/2024\/07\/nexoi-trasparente-2.png","width":816,"height":339,"caption":"Nexo Informativo Santiago de Quer\u00e9taro"},"image":{"@id":"https:\/\/www.nexoinformativo.mx\/#\/schema\/logo\/image\/"},"sameAs":["https:\/\/www.facebook.com\/people\/Nexo-Informativo\/61564066885511\/"]},{"@type":"Person","@id":"https:\/\/www.nexoinformativo.mx\/#\/schema\/person\/7749d380ba08c8ca00d7bc76fd907b7d","name":"Nexo Informativo","image":{"@type":"ImageObject","inLanguage":"es","@id":"https:\/\/www.nexoinformativo.mx\/#\/schema\/person\/image\/","url":"https:\/\/secure.gravatar.com\/avatar\/dde2928154642a13d95f87ddf1ea9718fe2b46760a005c53e41ff5ad610704e6?s=96&d=mm&r=g","contentUrl":"https:\/\/secure.gravatar.com\/avatar\/dde2928154642a13d95f87ddf1ea9718fe2b46760a005c53e41ff5ad610704e6?s=96&d=mm&r=g","caption":"Nexo Informativo"},"url":"https:\/\/www.nexoinformativo.mx\/index.php\/author\/edicion\/"}]}},"_links":{"self":[{"href":"https:\/\/www.nexoinformativo.mx\/index.php\/wp-json\/wp\/v2\/posts\/4888","targetHints":{"allow":["GET"]}}],"collection":[{"href":"https:\/\/www.nexoinformativo.mx\/index.php\/wp-json\/wp\/v2\/posts"}],"about":[{"href":"https:\/\/www.nexoinformativo.mx\/index.php\/wp-json\/wp\/v2\/types\/post"}],"author":[{"embeddable":true,"href":"https:\/\/www.nexoinformativo.mx\/index.php\/wp-json\/wp\/v2\/users\/3"}],"replies":[{"embeddable":true,"href":"https:\/\/www.nexoinformativo.mx\/index.php\/wp-json\/wp\/v2\/comments?post=4888"}],"version-history":[{"count":3,"href":"https:\/\/www.nexoinformativo.mx\/index.php\/wp-json\/wp\/v2\/posts\/4888\/revisions"}],"predecessor-version":[{"id":4892,"href":"https:\/\/www.nexoinformativo.mx\/index.php\/wp-json\/wp\/v2\/posts\/4888\/revisions\/4892"}],"wp:featuredmedia":[{"embeddable":true,"href":"https:\/\/www.nexoinformativo.mx\/index.php\/wp-json\/wp\/v2\/media\/4889"}],"wp:attachment":[{"href":"https:\/\/www.nexoinformativo.mx\/index.php\/wp-json\/wp\/v2\/media?parent=4888"}],"wp:term":[{"taxonomy":"category","embeddable":true,"href":"https:\/\/www.nexoinformativo.mx\/index.php\/wp-json\/wp\/v2\/categories?post=4888"},{"taxonomy":"post_tag","embeddable":true,"href":"https:\/\/www.nexoinformativo.mx\/index.php\/wp-json\/wp\/v2\/tags?post=4888"}],"curies":[{"name":"wp","href":"https:\/\/api.w.org\/{rel}","templated":true}]}}