{"id":4893,"date":"2024-10-30T08:30:14","date_gmt":"2024-10-30T14:30:14","guid":{"rendered":"https:\/\/www.nexoinformativo.mx\/?p=4893"},"modified":"2024-10-30T10:53:36","modified_gmt":"2024-10-30T16:53:36","slug":"nuevos-lideres-en-conocer-y-conalep-impulsan-la-educacion-tecnica-en-mexico","status":"publish","type":"post","link":"https:\/\/www.nexoinformativo.mx\/index.php\/2024\/10\/30\/nuevos-lideres-en-conocer-y-conalep-impulsan-la-educacion-tecnica-en-mexico\/","title":{"rendered":"Nuevos l\u00edderes en Conocer y Conalep: Impulsan la educaci\u00f3n t\u00e9cnica en M\u00e9xico"},"content":{"rendered":"<p style=\"text-align: justify;\">La Secretar\u00eda de Educaci\u00f3n P\u00fablica (SEP) llev\u00f3 a cabo este lunes la toma de posesi\u00f3n de los nuevos titulares del Consejo Nacional de Normalizaci\u00f3n y Certificaci\u00f3n de Competencias Laborales (Conocer) y del Colegio Nacional de Educaci\u00f3n Profesional T\u00e9cnica (Conalep).<\/p>\n<p>&nbsp;<\/p>\n<p style=\"text-align: justify;\">La subsecretaria de Educaci\u00f3n Media Superior, Tania Rodr\u00edguez Mora, tom\u00f3 protesta a Guillermina Alvarado Moreno como directora del Conocer y a Rodrigo Rojas Navarrete como director general del Conalep.<\/p>\n<p>&nbsp;<\/p>\n<p style=\"text-align: justify;\">En una ceremonia realizada en el sal\u00f3n Coro Alto de la SEP, Rodr\u00edguez Mora dese\u00f3 \u00e9xito a ambos funcionarios y reafirm\u00f3 el compromiso de la dependencia para asegurar la formaci\u00f3n de profesionales t\u00e9cnicos y el reconocimiento de competencias laborales en el pa\u00eds.<\/p>\n<p>&nbsp;<\/p>\n<p style=\"text-align: justify;\">Durante la Segunda Sesi\u00f3n Extraordinaria del \u00d3rgano de Gobierno del Conocer, la subsecretaria destac\u00f3 que el organismo se fortalecer\u00e1 en los pr\u00f3ximos a\u00f1os, contribuyendo a la mejora de los trabajadores en M\u00e9xico. Guillermina Alvarado, al asumir su cargo, afirm\u00f3 que su visi\u00f3n ser\u00e1 la de un Estado comprometido con la transformaci\u00f3n educativa impulsada por la Presidenta Claudia Sheinbaum.<\/p>\n<p>&nbsp;<\/p>\n<p style=\"text-align: justify;\">Prometi\u00f3 una pol\u00edtica de puertas abiertas, donde se atender\u00e1n propuestas de todos los sectores para desarrollar las capacidades de los mexicanos sin tintes partidistas. Por su parte, Rodrigo Rojas, al ser nombrado director general del Conalep, se comprometi\u00f3 a liderar el colegio hacia un modelo educativo que responda a las demandas del mercado laboral y a los cambios tecnol\u00f3gicos.<\/p>\n<p>&nbsp;<\/p>\n<p style=\"text-align: justify;\">Agradeci\u00f3 a la presidenta Sheinbaum y al secretario de Educaci\u00f3n P\u00fablica, Mario Delgado, por su confianza y apoyo en su nuevo cargo. Ambos nuevos l\u00edderes se mostraron optimistas sobre el futuro de la educaci\u00f3n t\u00e9cnica en M\u00e9xico y el papel que jugar\u00e1n en el fortalecimiento del Sistema Educativo Nacional.<\/p>\n<p>&nbsp;<\/p>\n<p style=\"text-align: center;\"><strong><em>\u00a1Informaci\u00f3n que transforma!<\/em><\/strong><\/p>\n","protected":false},"excerpt":{"rendered":"<p>La Secretar\u00eda de Educaci\u00f3n P\u00fablica (SEP) llev\u00f3 a cabo este lunes la toma de posesi\u00f3n de los nuevos titulares del Consejo Nacional de Normalizaci\u00f3n y Certificaci\u00f3n de Competencias Laborales (Conocer) y del Colegio Nacional de Educaci\u00f3n Profesional T\u00e9cnica (Conalep).<\/p>\n","protected":false},"author":3,"featured_media":4894,"comment_status":"open","ping_status":"open","sticky":false,"template":"","format":"standard","meta":{"footnotes":""},"categories":[88,58],"tags":[1739,1738,1740,1741],"class_list":["post-4893","post","type-post","status-publish","format-standard","has-post-thumbnail","hentry","category-nacional","category-ultima-hora","tag-conalep","tag-conocer","tag-educaciontecnica","tag-reformaeducativa"],"yoast_head":"<!-- This site is optimized with the Yoast SEO plugin v25.0 - https:\/\/yoast.com\/wordpress\/plugins\/seo\/ -->\n<title>Nuevos l\u00edderes en Conocer y Conalep: Impulsan la educaci\u00f3n t\u00e9cnica en M\u00e9xico | Nexo Informativo Santiago de Quer\u00e9taro<\/title>\n<meta name=\"description\" content=\"Nuevos l\u00edderes en Conocer y Conalep: Impulsan la educaci\u00f3n t\u00e9cnica en M\u00e9xico\" \/>\n<meta name=\"robots\" content=\"index, follow, max-snippet:-1, max-image-preview:large, max-video-preview:-1\" \/>\n<link rel=\"canonical\" href=\"https:\/\/www.nexoinformativo.mx\/index.php\/2024\/10\/30\/nuevos-lideres-en-conocer-y-conalep-impulsan-la-educacion-tecnica-en-mexico\/\" \/>\n<meta property=\"og:locale\" content=\"es_MX\" \/>\n<meta property=\"og:type\" content=\"article\" \/>\n<meta property=\"og:title\" content=\"Nuevos l\u00edderes en Conocer y Conalep: Impulsan la educaci\u00f3n t\u00e9cnica en M\u00e9xico | Nexo Informativo Santiago de Quer\u00e9taro\" \/>\n<meta property=\"og:description\" content=\"Nuevos l\u00edderes en Conocer y Conalep: Impulsan la educaci\u00f3n t\u00e9cnica en M\u00e9xico\" \/>\n<meta property=\"og:url\" content=\"https:\/\/www.nexoinformativo.mx\/index.php\/2024\/10\/30\/nuevos-lideres-en-conocer-y-conalep-impulsan-la-educacion-tecnica-en-mexico\/\" \/>\n<meta property=\"og:site_name\" content=\"Nexo Informativo Santiago de Quer\u00e9taro\" \/>\n<meta property=\"article:publisher\" content=\"https:\/\/www.facebook.com\/people\/Nexo-Informativo\/61564066885511\/\" \/>\n<meta property=\"article:published_time\" content=\"2024-10-30T14:30:14+00:00\" \/>\n<meta property=\"article:modified_time\" content=\"2024-10-30T16:53:36+00:00\" \/>\n<meta property=\"og:image\" content=\"https:\/\/www.nexoinformativo.mx\/wp-content\/uploads\/2024\/10\/IMG_7345.jpg\" \/>\n\t<meta property=\"og:image:width\" content=\"650\" \/>\n\t<meta property=\"og:image:height\" content=\"380\" \/>\n\t<meta property=\"og:image:type\" content=\"image\/jpeg\" \/>\n<meta name=\"author\" content=\"Nexo Informativo\" \/>\n<meta name=\"twitter:card\" content=\"summary_large_image\" \/>\n<meta name=\"twitter:label1\" content=\"Escrito por\" \/>\n\t<meta name=\"twitter:data1\" content=\"Nexo Informativo\" \/>\n\t<meta name=\"twitter:label2\" content=\"Tiempo de lectura\" \/>\n\t<meta name=\"twitter:data2\" content=\"2 minutos\" \/>\n<script type=\"application\/ld+json\" class=\"yoast-schema-graph\">{\"@context\":\"https:\/\/schema.org\",\"@graph\":[{\"@type\":\"Article\",\"@id\":\"https:\/\/www.nexoinformativo.mx\/index.php\/2024\/10\/30\/nuevos-lideres-en-conocer-y-conalep-impulsan-la-educacion-tecnica-en-mexico\/#article\",\"isPartOf\":{\"@id\":\"https:\/\/www.nexoinformativo.mx\/index.php\/2024\/10\/30\/nuevos-lideres-en-conocer-y-conalep-impulsan-la-educacion-tecnica-en-mexico\/\"},\"author\":{\"name\":\"Nexo Informativo\",\"@id\":\"https:\/\/www.nexoinformativo.mx\/#\/schema\/person\/7749d380ba08c8ca00d7bc76fd907b7d\"},\"headline\":\"Nuevos l\u00edderes en Conocer y Conalep: Impulsan la educaci\u00f3n t\u00e9cnica en M\u00e9xico\",\"datePublished\":\"2024-10-30T14:30:14+00:00\",\"dateModified\":\"2024-10-30T16:53:36+00:00\",\"mainEntityOfPage\":{\"@id\":\"https:\/\/www.nexoinformativo.mx\/index.php\/2024\/10\/30\/nuevos-lideres-en-conocer-y-conalep-impulsan-la-educacion-tecnica-en-mexico\/\"},\"wordCount\":333,\"commentCount\":0,\"publisher\":{\"@id\":\"https:\/\/www.nexoinformativo.mx\/#organization\"},\"image\":{\"@id\":\"https:\/\/www.nexoinformativo.mx\/index.php\/2024\/10\/30\/nuevos-lideres-en-conocer-y-conalep-impulsan-la-educacion-tecnica-en-mexico\/#primaryimage\"},\"thumbnailUrl\":\"https:\/\/www.nexoinformativo.mx\/wp-content\/uploads\/2024\/10\/IMG_7345.jpg\",\"keywords\":[\"Conalep\",\"Conocer\",\"Educaci\u00f3nT\u00e9cnica\",\"ReformaEducativa\"],\"articleSection\":[\"Nacional\",\"\u00daltima Hora\"],\"inLanguage\":\"es\",\"potentialAction\":[{\"@type\":\"CommentAction\",\"name\":\"Comment\",\"target\":[\"https:\/\/www.nexoinformativo.mx\/index.php\/2024\/10\/30\/nuevos-lideres-en-conocer-y-conalep-impulsan-la-educacion-tecnica-en-mexico\/#respond\"]}]},{\"@type\":\"WebPage\",\"@id\":\"https:\/\/www.nexoinformativo.mx\/index.php\/2024\/10\/30\/nuevos-lideres-en-conocer-y-conalep-impulsan-la-educacion-tecnica-en-mexico\/\",\"url\":\"https:\/\/www.nexoinformativo.mx\/index.php\/2024\/10\/30\/nuevos-lideres-en-conocer-y-conalep-impulsan-la-educacion-tecnica-en-mexico\/\",\"name\":\"Nuevos l\u00edderes en Conocer y Conalep: Impulsan la educaci\u00f3n t\u00e9cnica en M\u00e9xico | Nexo Informativo Santiago de Quer\u00e9taro\",\"isPartOf\":{\"@id\":\"https:\/\/www.nexoinformativo.mx\/#website\"},\"primaryImageOfPage\":{\"@id\":\"https:\/\/www.nexoinformativo.mx\/index.php\/2024\/10\/30\/nuevos-lideres-en-conocer-y-conalep-impulsan-la-educacion-tecnica-en-mexico\/#primaryimage\"},\"image\":{\"@id\":\"https:\/\/www.nexoinformativo.mx\/index.php\/2024\/10\/30\/nuevos-lideres-en-conocer-y-conalep-impulsan-la-educacion-tecnica-en-mexico\/#primaryimage\"},\"thumbnailUrl\":\"https:\/\/www.nexoinformativo.mx\/wp-content\/uploads\/2024\/10\/IMG_7345.jpg\",\"datePublished\":\"2024-10-30T14:30:14+00:00\",\"dateModified\":\"2024-10-30T16:53:36+00:00\",\"description\":\"Nuevos l\u00edderes en Conocer y Conalep: Impulsan la educaci\u00f3n t\u00e9cnica en M\u00e9xico\",\"breadcrumb\":{\"@id\":\"https:\/\/www.nexoinformativo.mx\/index.php\/2024\/10\/30\/nuevos-lideres-en-conocer-y-conalep-impulsan-la-educacion-tecnica-en-mexico\/#breadcrumb\"},\"inLanguage\":\"es\",\"potentialAction\":[{\"@type\":\"ReadAction\",\"target\":[\"https:\/\/www.nexoinformativo.mx\/index.php\/2024\/10\/30\/nuevos-lideres-en-conocer-y-conalep-impulsan-la-educacion-tecnica-en-mexico\/\"]}]},{\"@type\":\"ImageObject\",\"inLanguage\":\"es\",\"@id\":\"https:\/\/www.nexoinformativo.mx\/index.php\/2024\/10\/30\/nuevos-lideres-en-conocer-y-conalep-impulsan-la-educacion-tecnica-en-mexico\/#primaryimage\",\"url\":\"https:\/\/www.nexoinformativo.mx\/wp-content\/uploads\/2024\/10\/IMG_7345.jpg\",\"contentUrl\":\"https:\/\/www.nexoinformativo.mx\/wp-content\/uploads\/2024\/10\/IMG_7345.jpg\",\"width\":650,\"height\":380},{\"@type\":\"BreadcrumbList\",\"@id\":\"https:\/\/www.nexoinformativo.mx\/index.php\/2024\/10\/30\/nuevos-lideres-en-conocer-y-conalep-impulsan-la-educacion-tecnica-en-mexico\/#breadcrumb\",\"itemListElement\":[{\"@type\":\"ListItem\",\"position\":1,\"name\":\"Inicio\",\"item\":\"https:\/\/www.nexoinformativo.mx\/\"},{\"@type\":\"ListItem\",\"position\":2,\"name\":\"Nuevos l\u00edderes en Conocer y Conalep: Impulsan la educaci\u00f3n t\u00e9cnica en M\u00e9xico\"}]},{\"@type\":\"WebSite\",\"@id\":\"https:\/\/www.nexoinformativo.mx\/#website\",\"url\":\"https:\/\/www.nexoinformativo.mx\/\",\"name\":\"Nexo Informativo Santiago de Quer\u00e9taro\",\"description\":\"Explora NexoInformativo y convi\u00e9rtete en parte de una comunidad que valora el conocimiento y la verdad. Tu nexoinformativo es tu puente hacia una comprensi\u00f3n m\u00e1s profunda del mundo que te rodea.\",\"publisher\":{\"@id\":\"https:\/\/www.nexoinformativo.mx\/#organization\"},\"potentialAction\":[{\"@type\":\"SearchAction\",\"target\":{\"@type\":\"EntryPoint\",\"urlTemplate\":\"https:\/\/www.nexoinformativo.mx\/?s={search_term_string}\"},\"query-input\":{\"@type\":\"PropertyValueSpecification\",\"valueRequired\":true,\"valueName\":\"search_term_string\"}}],\"inLanguage\":\"es\"},{\"@type\":\"Organization\",\"@id\":\"https:\/\/www.nexoinformativo.mx\/#organization\",\"name\":\"Nexo Informativo Santiago de Quer\u00e9taro\",\"url\":\"https:\/\/www.nexoinformativo.mx\/\",\"logo\":{\"@type\":\"ImageObject\",\"inLanguage\":\"es\",\"@id\":\"https:\/\/www.nexoinformativo.mx\/#\/schema\/logo\/image\/\",\"url\":\"https:\/\/www.nexoinformativo.mx\/wp-content\/uploads\/2024\/07\/nexoi-trasparente-2.png\",\"contentUrl\":\"https:\/\/www.nexoinformativo.mx\/wp-content\/uploads\/2024\/07\/nexoi-trasparente-2.png\",\"width\":816,\"height\":339,\"caption\":\"Nexo Informativo Santiago de Quer\u00e9taro\"},\"image\":{\"@id\":\"https:\/\/www.nexoinformativo.mx\/#\/schema\/logo\/image\/\"},\"sameAs\":[\"https:\/\/www.facebook.com\/people\/Nexo-Informativo\/61564066885511\/\"]},{\"@type\":\"Person\",\"@id\":\"https:\/\/www.nexoinformativo.mx\/#\/schema\/person\/7749d380ba08c8ca00d7bc76fd907b7d\",\"name\":\"Nexo Informativo\",\"image\":{\"@type\":\"ImageObject\",\"inLanguage\":\"es\",\"@id\":\"https:\/\/www.nexoinformativo.mx\/#\/schema\/person\/image\/\",\"url\":\"https:\/\/secure.gravatar.com\/avatar\/dde2928154642a13d95f87ddf1ea9718fe2b46760a005c53e41ff5ad610704e6?s=96&d=mm&r=g\",\"contentUrl\":\"https:\/\/secure.gravatar.com\/avatar\/dde2928154642a13d95f87ddf1ea9718fe2b46760a005c53e41ff5ad610704e6?s=96&d=mm&r=g\",\"caption\":\"Nexo Informativo\"},\"url\":\"https:\/\/www.nexoinformativo.mx\/index.php\/author\/edicion\/\"}]}<\/script>\n<!-- \/ Yoast SEO plugin. -->","yoast_head_json":{"title":"Nuevos l\u00edderes en Conocer y Conalep: Impulsan la educaci\u00f3n t\u00e9cnica en M\u00e9xico | Nexo Informativo Santiago de Quer\u00e9taro","description":"Nuevos l\u00edderes en Conocer y Conalep: Impulsan la educaci\u00f3n t\u00e9cnica en M\u00e9xico","robots":{"index":"index","follow":"follow","max-snippet":"max-snippet:-1","max-image-preview":"max-image-preview:large","max-video-preview":"max-video-preview:-1"},"canonical":"https:\/\/www.nexoinformativo.mx\/index.php\/2024\/10\/30\/nuevos-lideres-en-conocer-y-conalep-impulsan-la-educacion-tecnica-en-mexico\/","og_locale":"es_MX","og_type":"article","og_title":"Nuevos l\u00edderes en Conocer y Conalep: Impulsan la educaci\u00f3n t\u00e9cnica en M\u00e9xico | Nexo Informativo Santiago de Quer\u00e9taro","og_description":"Nuevos l\u00edderes en Conocer y Conalep: Impulsan la educaci\u00f3n t\u00e9cnica en M\u00e9xico","og_url":"https:\/\/www.nexoinformativo.mx\/index.php\/2024\/10\/30\/nuevos-lideres-en-conocer-y-conalep-impulsan-la-educacion-tecnica-en-mexico\/","og_site_name":"Nexo Informativo Santiago de Quer\u00e9taro","article_publisher":"https:\/\/www.facebook.com\/people\/Nexo-Informativo\/61564066885511\/","article_published_time":"2024-10-30T14:30:14+00:00","article_modified_time":"2024-10-30T16:53:36+00:00","og_image":[{"width":650,"height":380,"url":"https:\/\/www.nexoinformativo.mx\/wp-content\/uploads\/2024\/10\/IMG_7345.jpg","type":"image\/jpeg"}],"author":"Nexo Informativo","twitter_card":"summary_large_image","twitter_misc":{"Escrito por":"Nexo Informativo","Tiempo de lectura":"2 minutos"},"schema":{"@context":"https:\/\/schema.org","@graph":[{"@type":"Article","@id":"https:\/\/www.nexoinformativo.mx\/index.php\/2024\/10\/30\/nuevos-lideres-en-conocer-y-conalep-impulsan-la-educacion-tecnica-en-mexico\/#article","isPartOf":{"@id":"https:\/\/www.nexoinformativo.mx\/index.php\/2024\/10\/30\/nuevos-lideres-en-conocer-y-conalep-impulsan-la-educacion-tecnica-en-mexico\/"},"author":{"name":"Nexo Informativo","@id":"https:\/\/www.nexoinformativo.mx\/#\/schema\/person\/7749d380ba08c8ca00d7bc76fd907b7d"},"headline":"Nuevos l\u00edderes en Conocer y Conalep: Impulsan la educaci\u00f3n t\u00e9cnica en M\u00e9xico","datePublished":"2024-10-30T14:30:14+00:00","dateModified":"2024-10-30T16:53:36+00:00","mainEntityOfPage":{"@id":"https:\/\/www.nexoinformativo.mx\/index.php\/2024\/10\/30\/nuevos-lideres-en-conocer-y-conalep-impulsan-la-educacion-tecnica-en-mexico\/"},"wordCount":333,"commentCount":0,"publisher":{"@id":"https:\/\/www.nexoinformativo.mx\/#organization"},"image":{"@id":"https:\/\/www.nexoinformativo.mx\/index.php\/2024\/10\/30\/nuevos-lideres-en-conocer-y-conalep-impulsan-la-educacion-tecnica-en-mexico\/#primaryimage"},"thumbnailUrl":"https:\/\/www.nexoinformativo.mx\/wp-content\/uploads\/2024\/10\/IMG_7345.jpg","keywords":["Conalep","Conocer","Educaci\u00f3nT\u00e9cnica","ReformaEducativa"],"articleSection":["Nacional","\u00daltima Hora"],"inLanguage":"es","potentialAction":[{"@type":"CommentAction","name":"Comment","target":["https:\/\/www.nexoinformativo.mx\/index.php\/2024\/10\/30\/nuevos-lideres-en-conocer-y-conalep-impulsan-la-educacion-tecnica-en-mexico\/#respond"]}]},{"@type":"WebPage","@id":"https:\/\/www.nexoinformativo.mx\/index.php\/2024\/10\/30\/nuevos-lideres-en-conocer-y-conalep-impulsan-la-educacion-tecnica-en-mexico\/","url":"https:\/\/www.nexoinformativo.mx\/index.php\/2024\/10\/30\/nuevos-lideres-en-conocer-y-conalep-impulsan-la-educacion-tecnica-en-mexico\/","name":"Nuevos l\u00edderes en Conocer y Conalep: Impulsan la educaci\u00f3n t\u00e9cnica en M\u00e9xico | Nexo Informativo Santiago de Quer\u00e9taro","isPartOf":{"@id":"https:\/\/www.nexoinformativo.mx\/#website"},"primaryImageOfPage":{"@id":"https:\/\/www.nexoinformativo.mx\/index.php\/2024\/10\/30\/nuevos-lideres-en-conocer-y-conalep-impulsan-la-educacion-tecnica-en-mexico\/#primaryimage"},"image":{"@id":"https:\/\/www.nexoinformativo.mx\/index.php\/2024\/10\/30\/nuevos-lideres-en-conocer-y-conalep-impulsan-la-educacion-tecnica-en-mexico\/#primaryimage"},"thumbnailUrl":"https:\/\/www.nexoinformativo.mx\/wp-content\/uploads\/2024\/10\/IMG_7345.jpg","datePublished":"2024-10-30T14:30:14+00:00","dateModified":"2024-10-30T16:53:36+00:00","description":"Nuevos l\u00edderes en Conocer y Conalep: Impulsan la educaci\u00f3n t\u00e9cnica en M\u00e9xico","breadcrumb":{"@id":"https:\/\/www.nexoinformativo.mx\/index.php\/2024\/10\/30\/nuevos-lideres-en-conocer-y-conalep-impulsan-la-educacion-tecnica-en-mexico\/#breadcrumb"},"inLanguage":"es","potentialAction":[{"@type":"ReadAction","target":["https:\/\/www.nexoinformativo.mx\/index.php\/2024\/10\/30\/nuevos-lideres-en-conocer-y-conalep-impulsan-la-educacion-tecnica-en-mexico\/"]}]},{"@type":"ImageObject","inLanguage":"es","@id":"https:\/\/www.nexoinformativo.mx\/index.php\/2024\/10\/30\/nuevos-lideres-en-conocer-y-conalep-impulsan-la-educacion-tecnica-en-mexico\/#primaryimage","url":"https:\/\/www.nexoinformativo.mx\/wp-content\/uploads\/2024\/10\/IMG_7345.jpg","contentUrl":"https:\/\/www.nexoinformativo.mx\/wp-content\/uploads\/2024\/10\/IMG_7345.jpg","width":650,"height":380},{"@type":"BreadcrumbList","@id":"https:\/\/www.nexoinformativo.mx\/index.php\/2024\/10\/30\/nuevos-lideres-en-conocer-y-conalep-impulsan-la-educacion-tecnica-en-mexico\/#breadcrumb","itemListElement":[{"@type":"ListItem","position":1,"name":"Inicio","item":"https:\/\/www.nexoinformativo.mx\/"},{"@type":"ListItem","position":2,"name":"Nuevos l\u00edderes en Conocer y Conalep: Impulsan la educaci\u00f3n t\u00e9cnica en M\u00e9xico"}]},{"@type":"WebSite","@id":"https:\/\/www.nexoinformativo.mx\/#website","url":"https:\/\/www.nexoinformativo.mx\/","name":"Nexo Informativo Santiago de Quer\u00e9taro","description":"Explora NexoInformativo y convi\u00e9rtete en parte de una comunidad que valora el conocimiento y la verdad. Tu nexoinformativo es tu puente hacia una comprensi\u00f3n m\u00e1s profunda del mundo que te rodea.","publisher":{"@id":"https:\/\/www.nexoinformativo.mx\/#organization"},"potentialAction":[{"@type":"SearchAction","target":{"@type":"EntryPoint","urlTemplate":"https:\/\/www.nexoinformativo.mx\/?s={search_term_string}"},"query-input":{"@type":"PropertyValueSpecification","valueRequired":true,"valueName":"search_term_string"}}],"inLanguage":"es"},{"@type":"Organization","@id":"https:\/\/www.nexoinformativo.mx\/#organization","name":"Nexo Informativo Santiago de Quer\u00e9taro","url":"https:\/\/www.nexoinformativo.mx\/","logo":{"@type":"ImageObject","inLanguage":"es","@id":"https:\/\/www.nexoinformativo.mx\/#\/schema\/logo\/image\/","url":"https:\/\/www.nexoinformativo.mx\/wp-content\/uploads\/2024\/07\/nexoi-trasparente-2.png","contentUrl":"https:\/\/www.nexoinformativo.mx\/wp-content\/uploads\/2024\/07\/nexoi-trasparente-2.png","width":816,"height":339,"caption":"Nexo Informativo Santiago de Quer\u00e9taro"},"image":{"@id":"https:\/\/www.nexoinformativo.mx\/#\/schema\/logo\/image\/"},"sameAs":["https:\/\/www.facebook.com\/people\/Nexo-Informativo\/61564066885511\/"]},{"@type":"Person","@id":"https:\/\/www.nexoinformativo.mx\/#\/schema\/person\/7749d380ba08c8ca00d7bc76fd907b7d","name":"Nexo Informativo","image":{"@type":"ImageObject","inLanguage":"es","@id":"https:\/\/www.nexoinformativo.mx\/#\/schema\/person\/image\/","url":"https:\/\/secure.gravatar.com\/avatar\/dde2928154642a13d95f87ddf1ea9718fe2b46760a005c53e41ff5ad610704e6?s=96&d=mm&r=g","contentUrl":"https:\/\/secure.gravatar.com\/avatar\/dde2928154642a13d95f87ddf1ea9718fe2b46760a005c53e41ff5ad610704e6?s=96&d=mm&r=g","caption":"Nexo Informativo"},"url":"https:\/\/www.nexoinformativo.mx\/index.php\/author\/edicion\/"}]}},"_links":{"self":[{"href":"https:\/\/www.nexoinformativo.mx\/index.php\/wp-json\/wp\/v2\/posts\/4893","targetHints":{"allow":["GET"]}}],"collection":[{"href":"https:\/\/www.nexoinformativo.mx\/index.php\/wp-json\/wp\/v2\/posts"}],"about":[{"href":"https:\/\/www.nexoinformativo.mx\/index.php\/wp-json\/wp\/v2\/types\/post"}],"author":[{"embeddable":true,"href":"https:\/\/www.nexoinformativo.mx\/index.php\/wp-json\/wp\/v2\/users\/3"}],"replies":[{"embeddable":true,"href":"https:\/\/www.nexoinformativo.mx\/index.php\/wp-json\/wp\/v2\/comments?post=4893"}],"version-history":[{"count":3,"href":"https:\/\/www.nexoinformativo.mx\/index.php\/wp-json\/wp\/v2\/posts\/4893\/revisions"}],"predecessor-version":[{"id":4898,"href":"https:\/\/www.nexoinformativo.mx\/index.php\/wp-json\/wp\/v2\/posts\/4893\/revisions\/4898"}],"wp:featuredmedia":[{"embeddable":true,"href":"https:\/\/www.nexoinformativo.mx\/index.php\/wp-json\/wp\/v2\/media\/4894"}],"wp:attachment":[{"href":"https:\/\/www.nexoinformativo.mx\/index.php\/wp-json\/wp\/v2\/media?parent=4893"}],"wp:term":[{"taxonomy":"category","embeddable":true,"href":"https:\/\/www.nexoinformativo.mx\/index.php\/wp-json\/wp\/v2\/categories?post=4893"},{"taxonomy":"post_tag","embeddable":true,"href":"https:\/\/www.nexoinformativo.mx\/index.php\/wp-json\/wp\/v2\/tags?post=4893"}],"curies":[{"name":"wp","href":"https:\/\/api.w.org\/{rel}","templated":true}]}}