{"id":4899,"date":"2024-10-30T09:00:16","date_gmt":"2024-10-30T15:00:16","guid":{"rendered":"https:\/\/www.nexoinformativo.mx\/?p=4899"},"modified":"2024-10-30T10:42:36","modified_gmt":"2024-10-30T16:42:36","slug":"felifer-macias-se-reune-con-consul-de-japon-para-potenciar-el-talento-queretano","status":"publish","type":"post","link":"https:\/\/www.nexoinformativo.mx\/index.php\/2024\/10\/30\/felifer-macias-se-reune-con-consul-de-japon-para-potenciar-el-talento-queretano\/","title":{"rendered":"Felifer Mac\u00edas se re\u00fane con c\u00f3nsul de Jap\u00f3n para potenciar el talento Queretano"},"content":{"rendered":"<p style=\"text-align: justify;\">Ayer martes, el presidente municipal de Quer\u00e9taro, Felifer Mac\u00edas, sostuvo una reuni\u00f3n en el Centro de Innovaci\u00f3n y Tecnolog\u00eda Creativa <strong>BLOQUE<\/strong> con Katsumi Itagaki, C\u00f3nsul General del Jap\u00f3n en Le\u00f3n, y Akitake Kato, Presidente de Misumi M\u00e9xico.<\/p>\n<p>&nbsp;<\/p>\n<p style=\"text-align: justify;\">El objetivo del encuentro fue conocer las instalaciones y explorar el panorama de innovaci\u00f3n en la capital, as\u00ed como la participaci\u00f3n de Misumi en la capacitaci\u00f3n de j\u00f3venes queretanos. Durante la reuni\u00f3n, Felifer Mac\u00edas expres\u00f3 su agradecimiento por la intenci\u00f3n de Misumi de buscar el talento local.<\/p>\n<p>&nbsp;<\/p>\n<p style=\"text-align: justify;\"><strong>&#8220;Agradezco que tengan esta visi\u00f3n de ir por el talento queretano. Tenemos grandes j\u00f3venes talentosos en escuelas p\u00fablicas y privadas. Cuenten con este gobierno municipal y con el proyecto BLOQUE para que sea fruct\u00edfero para todos&#8221;<\/strong>, coment\u00f3 el presidente.<\/p>\n<p>&nbsp;<\/p>\n<p style=\"text-align: justify;\">Mac\u00edas enfatiz\u00f3 que la nueva generaci\u00f3n de gobiernos debe actuar como facilitadores para la iniciativa privada, la academia y los ciudadanos, asegurando que el gobierno proporcione los instrumentos necesarios para que los especialistas realicen su trabajo de manera efectiva.<\/p>\n<p>&nbsp;<\/p>\n<p style=\"text-align: justify;\">Por su parte, Katsumi Itagaki destac\u00f3 la evoluci\u00f3n de Quer\u00e9taro como un centro clave para empresas que buscan no solo producir, sino tambi\u00e9n desarrollar talento humano. Subray\u00f3 que el Centro <strong>BLOQUE<\/strong> es un ejemplo de colaboraci\u00f3n entre los sectores privado, gubernamental y acad\u00e9mico, lo que fortalecer\u00e1 la preparaci\u00f3n de los j\u00f3venes y promover\u00e1 una capacitaci\u00f3n avanzada.<\/p>\n<p>&nbsp;<\/p>\n<p style=\"text-align: justify;\">Es relevante mencionar que la empresa japonesa Misumi, que lleva nueve a\u00f1os en el estado, ha decidido colaborar con <strong>BLOQUE<\/strong> para formar talento en Ingenier\u00eda en Animaci\u00f3n y Programaci\u00f3n.<\/p>\n<p>&nbsp;<\/p>\n<p style=\"text-align: justify;\">A partir del pr\u00f3ximo a\u00f1o, Misumi lanzar\u00e1 un programa para capacitar a mil estudiantes en tecnolog\u00eda, impulsando as\u00ed el ecosistema local de emprendedores, fondos de inversi\u00f3n y empresas.<\/p>\n<p>&nbsp;<\/p>\n<p style=\"text-align: center;\"><em><strong>\u00a1Informaci\u00f3n que transforma!<\/strong><\/em><\/p>\n","protected":false},"excerpt":{"rendered":"<p>El d\u00eda de ayer martes, \u00a0presidente municipal de Quer\u00e9taro, Felifer Mac\u00edas, sostuvo una reuni\u00f3n en el Centro de Innovaci\u00f3n y Tecnolog\u00eda Creativa BLOQUE con Katsumi Itagaki, C\u00f3nsul General del Jap\u00f3n en Le\u00f3n, y Akitake Kato, Presidente de Misumi M\u00e9xico.<\/p>\n","protected":false},"author":3,"featured_media":4900,"comment_status":"open","ping_status":"open","sticky":false,"template":"","format":"standard","meta":{"footnotes":""},"categories":[65,58],"tags":[1743,341,1742,1169],"class_list":["post-4899","post","type-post","status-publish","format-standard","has-post-thumbnail","hentry","category-municipios","category-ultima-hora","tag-colaboracion","tag-innovacion","tag-misumimexico","tag-talentoqueretano"],"yoast_head":"<!-- This site is optimized with the Yoast SEO plugin v25.0 - https:\/\/yoast.com\/wordpress\/plugins\/seo\/ -->\n<title>Felifer Mac\u00edas se re\u00fane con c\u00f3nsul de Jap\u00f3n para potenciar el talento Queretano | Nexo Informativo Santiago de Quer\u00e9taro<\/title>\n<meta name=\"description\" content=\"Felifer Mac\u00edas se re\u00fane con c\u00f3nsul de Jap\u00f3n para potenciar el talento Queretano\" \/>\n<meta name=\"robots\" content=\"index, follow, max-snippet:-1, max-image-preview:large, max-video-preview:-1\" \/>\n<link rel=\"canonical\" href=\"https:\/\/www.nexoinformativo.mx\/index.php\/2024\/10\/30\/felifer-macias-se-reune-con-consul-de-japon-para-potenciar-el-talento-queretano\/\" \/>\n<meta property=\"og:locale\" content=\"es_MX\" \/>\n<meta property=\"og:type\" content=\"article\" \/>\n<meta property=\"og:title\" content=\"Felifer Mac\u00edas se re\u00fane con c\u00f3nsul de Jap\u00f3n para potenciar el talento Queretano | Nexo Informativo Santiago de Quer\u00e9taro\" \/>\n<meta property=\"og:description\" content=\"Felifer Mac\u00edas se re\u00fane con c\u00f3nsul de Jap\u00f3n para potenciar el talento Queretano\" \/>\n<meta property=\"og:url\" content=\"https:\/\/www.nexoinformativo.mx\/index.php\/2024\/10\/30\/felifer-macias-se-reune-con-consul-de-japon-para-potenciar-el-talento-queretano\/\" \/>\n<meta property=\"og:site_name\" content=\"Nexo Informativo Santiago de Quer\u00e9taro\" \/>\n<meta property=\"article:publisher\" content=\"https:\/\/www.facebook.com\/people\/Nexo-Informativo\/61564066885511\/\" \/>\n<meta property=\"article:published_time\" content=\"2024-10-30T15:00:16+00:00\" \/>\n<meta property=\"article:modified_time\" content=\"2024-10-30T16:42:36+00:00\" \/>\n<meta property=\"og:image\" content=\"https:\/\/www.nexoinformativo.mx\/wp-content\/uploads\/2024\/10\/IMG_7339-e1730306396716.jpg\" \/>\n\t<meta property=\"og:image:width\" content=\"800\" \/>\n\t<meta property=\"og:image:height\" content=\"533\" \/>\n\t<meta property=\"og:image:type\" content=\"image\/jpeg\" \/>\n<meta name=\"author\" content=\"Nexo Informativo\" \/>\n<meta name=\"twitter:card\" content=\"summary_large_image\" \/>\n<meta name=\"twitter:label1\" content=\"Escrito por\" \/>\n\t<meta name=\"twitter:data1\" content=\"Nexo Informativo\" \/>\n\t<meta name=\"twitter:label2\" content=\"Tiempo de lectura\" \/>\n\t<meta name=\"twitter:data2\" content=\"2 minutos\" \/>\n<script type=\"application\/ld+json\" class=\"yoast-schema-graph\">{\"@context\":\"https:\/\/schema.org\",\"@graph\":[{\"@type\":\"Article\",\"@id\":\"https:\/\/www.nexoinformativo.mx\/index.php\/2024\/10\/30\/felifer-macias-se-reune-con-consul-de-japon-para-potenciar-el-talento-queretano\/#article\",\"isPartOf\":{\"@id\":\"https:\/\/www.nexoinformativo.mx\/index.php\/2024\/10\/30\/felifer-macias-se-reune-con-consul-de-japon-para-potenciar-el-talento-queretano\/\"},\"author\":{\"name\":\"Nexo Informativo\",\"@id\":\"https:\/\/www.nexoinformativo.mx\/#\/schema\/person\/7749d380ba08c8ca00d7bc76fd907b7d\"},\"headline\":\"Felifer Mac\u00edas se re\u00fane con c\u00f3nsul de Jap\u00f3n para potenciar el talento Queretano\",\"datePublished\":\"2024-10-30T15:00:16+00:00\",\"dateModified\":\"2024-10-30T16:42:36+00:00\",\"mainEntityOfPage\":{\"@id\":\"https:\/\/www.nexoinformativo.mx\/index.php\/2024\/10\/30\/felifer-macias-se-reune-con-consul-de-japon-para-potenciar-el-talento-queretano\/\"},\"wordCount\":341,\"commentCount\":0,\"publisher\":{\"@id\":\"https:\/\/www.nexoinformativo.mx\/#organization\"},\"image\":{\"@id\":\"https:\/\/www.nexoinformativo.mx\/index.php\/2024\/10\/30\/felifer-macias-se-reune-con-consul-de-japon-para-potenciar-el-talento-queretano\/#primaryimage\"},\"thumbnailUrl\":\"https:\/\/www.nexoinformativo.mx\/wp-content\/uploads\/2024\/10\/IMG_7339-e1730306396716.jpg\",\"keywords\":[\"Colaboraci\u00f3n\",\"Innovaci\u00f3n\",\"MisumiM\u00e9xico\",\"TalentoQueretano\"],\"articleSection\":[\"Municipios\",\"\u00daltima Hora\"],\"inLanguage\":\"es\",\"potentialAction\":[{\"@type\":\"CommentAction\",\"name\":\"Comment\",\"target\":[\"https:\/\/www.nexoinformativo.mx\/index.php\/2024\/10\/30\/felifer-macias-se-reune-con-consul-de-japon-para-potenciar-el-talento-queretano\/#respond\"]}]},{\"@type\":\"WebPage\",\"@id\":\"https:\/\/www.nexoinformativo.mx\/index.php\/2024\/10\/30\/felifer-macias-se-reune-con-consul-de-japon-para-potenciar-el-talento-queretano\/\",\"url\":\"https:\/\/www.nexoinformativo.mx\/index.php\/2024\/10\/30\/felifer-macias-se-reune-con-consul-de-japon-para-potenciar-el-talento-queretano\/\",\"name\":\"Felifer Mac\u00edas se re\u00fane con c\u00f3nsul de Jap\u00f3n para potenciar el talento Queretano | Nexo Informativo Santiago de Quer\u00e9taro\",\"isPartOf\":{\"@id\":\"https:\/\/www.nexoinformativo.mx\/#website\"},\"primaryImageOfPage\":{\"@id\":\"https:\/\/www.nexoinformativo.mx\/index.php\/2024\/10\/30\/felifer-macias-se-reune-con-consul-de-japon-para-potenciar-el-talento-queretano\/#primaryimage\"},\"image\":{\"@id\":\"https:\/\/www.nexoinformativo.mx\/index.php\/2024\/10\/30\/felifer-macias-se-reune-con-consul-de-japon-para-potenciar-el-talento-queretano\/#primaryimage\"},\"thumbnailUrl\":\"https:\/\/www.nexoinformativo.mx\/wp-content\/uploads\/2024\/10\/IMG_7339-e1730306396716.jpg\",\"datePublished\":\"2024-10-30T15:00:16+00:00\",\"dateModified\":\"2024-10-30T16:42:36+00:00\",\"description\":\"Felifer Mac\u00edas se re\u00fane con c\u00f3nsul de Jap\u00f3n para potenciar el talento Queretano\",\"breadcrumb\":{\"@id\":\"https:\/\/www.nexoinformativo.mx\/index.php\/2024\/10\/30\/felifer-macias-se-reune-con-consul-de-japon-para-potenciar-el-talento-queretano\/#breadcrumb\"},\"inLanguage\":\"es\",\"potentialAction\":[{\"@type\":\"ReadAction\",\"target\":[\"https:\/\/www.nexoinformativo.mx\/index.php\/2024\/10\/30\/felifer-macias-se-reune-con-consul-de-japon-para-potenciar-el-talento-queretano\/\"]}]},{\"@type\":\"ImageObject\",\"inLanguage\":\"es\",\"@id\":\"https:\/\/www.nexoinformativo.mx\/index.php\/2024\/10\/30\/felifer-macias-se-reune-con-consul-de-japon-para-potenciar-el-talento-queretano\/#primaryimage\",\"url\":\"https:\/\/www.nexoinformativo.mx\/wp-content\/uploads\/2024\/10\/IMG_7339-e1730306396716.jpg\",\"contentUrl\":\"https:\/\/www.nexoinformativo.mx\/wp-content\/uploads\/2024\/10\/IMG_7339-e1730306396716.jpg\",\"width\":800,\"height\":533},{\"@type\":\"BreadcrumbList\",\"@id\":\"https:\/\/www.nexoinformativo.mx\/index.php\/2024\/10\/30\/felifer-macias-se-reune-con-consul-de-japon-para-potenciar-el-talento-queretano\/#breadcrumb\",\"itemListElement\":[{\"@type\":\"ListItem\",\"position\":1,\"name\":\"Inicio\",\"item\":\"https:\/\/www.nexoinformativo.mx\/\"},{\"@type\":\"ListItem\",\"position\":2,\"name\":\"Felifer Mac\u00edas se re\u00fane con c\u00f3nsul de Jap\u00f3n para potenciar el talento Queretano\"}]},{\"@type\":\"WebSite\",\"@id\":\"https:\/\/www.nexoinformativo.mx\/#website\",\"url\":\"https:\/\/www.nexoinformativo.mx\/\",\"name\":\"Nexo Informativo Santiago de Quer\u00e9taro\",\"description\":\"Explora NexoInformativo y convi\u00e9rtete en parte de una comunidad que valora el conocimiento y la verdad. Tu nexoinformativo es tu puente hacia una comprensi\u00f3n m\u00e1s profunda del mundo que te rodea.\",\"publisher\":{\"@id\":\"https:\/\/www.nexoinformativo.mx\/#organization\"},\"potentialAction\":[{\"@type\":\"SearchAction\",\"target\":{\"@type\":\"EntryPoint\",\"urlTemplate\":\"https:\/\/www.nexoinformativo.mx\/?s={search_term_string}\"},\"query-input\":{\"@type\":\"PropertyValueSpecification\",\"valueRequired\":true,\"valueName\":\"search_term_string\"}}],\"inLanguage\":\"es\"},{\"@type\":\"Organization\",\"@id\":\"https:\/\/www.nexoinformativo.mx\/#organization\",\"name\":\"Nexo Informativo Santiago de Quer\u00e9taro\",\"url\":\"https:\/\/www.nexoinformativo.mx\/\",\"logo\":{\"@type\":\"ImageObject\",\"inLanguage\":\"es\",\"@id\":\"https:\/\/www.nexoinformativo.mx\/#\/schema\/logo\/image\/\",\"url\":\"https:\/\/www.nexoinformativo.mx\/wp-content\/uploads\/2024\/07\/nexoi-trasparente-2.png\",\"contentUrl\":\"https:\/\/www.nexoinformativo.mx\/wp-content\/uploads\/2024\/07\/nexoi-trasparente-2.png\",\"width\":816,\"height\":339,\"caption\":\"Nexo Informativo Santiago de Quer\u00e9taro\"},\"image\":{\"@id\":\"https:\/\/www.nexoinformativo.mx\/#\/schema\/logo\/image\/\"},\"sameAs\":[\"https:\/\/www.facebook.com\/people\/Nexo-Informativo\/61564066885511\/\"]},{\"@type\":\"Person\",\"@id\":\"https:\/\/www.nexoinformativo.mx\/#\/schema\/person\/7749d380ba08c8ca00d7bc76fd907b7d\",\"name\":\"Nexo Informativo\",\"image\":{\"@type\":\"ImageObject\",\"inLanguage\":\"es\",\"@id\":\"https:\/\/www.nexoinformativo.mx\/#\/schema\/person\/image\/\",\"url\":\"https:\/\/secure.gravatar.com\/avatar\/dde2928154642a13d95f87ddf1ea9718fe2b46760a005c53e41ff5ad610704e6?s=96&d=mm&r=g\",\"contentUrl\":\"https:\/\/secure.gravatar.com\/avatar\/dde2928154642a13d95f87ddf1ea9718fe2b46760a005c53e41ff5ad610704e6?s=96&d=mm&r=g\",\"caption\":\"Nexo Informativo\"},\"url\":\"https:\/\/www.nexoinformativo.mx\/index.php\/author\/edicion\/\"}]}<\/script>\n<!-- \/ Yoast SEO plugin. -->","yoast_head_json":{"title":"Felifer Mac\u00edas se re\u00fane con c\u00f3nsul de Jap\u00f3n para potenciar el talento Queretano | Nexo Informativo Santiago de Quer\u00e9taro","description":"Felifer Mac\u00edas se re\u00fane con c\u00f3nsul de Jap\u00f3n para potenciar el talento Queretano","robots":{"index":"index","follow":"follow","max-snippet":"max-snippet:-1","max-image-preview":"max-image-preview:large","max-video-preview":"max-video-preview:-1"},"canonical":"https:\/\/www.nexoinformativo.mx\/index.php\/2024\/10\/30\/felifer-macias-se-reune-con-consul-de-japon-para-potenciar-el-talento-queretano\/","og_locale":"es_MX","og_type":"article","og_title":"Felifer Mac\u00edas se re\u00fane con c\u00f3nsul de Jap\u00f3n para potenciar el talento Queretano | Nexo Informativo Santiago de Quer\u00e9taro","og_description":"Felifer Mac\u00edas se re\u00fane con c\u00f3nsul de Jap\u00f3n para potenciar el talento Queretano","og_url":"https:\/\/www.nexoinformativo.mx\/index.php\/2024\/10\/30\/felifer-macias-se-reune-con-consul-de-japon-para-potenciar-el-talento-queretano\/","og_site_name":"Nexo Informativo Santiago de Quer\u00e9taro","article_publisher":"https:\/\/www.facebook.com\/people\/Nexo-Informativo\/61564066885511\/","article_published_time":"2024-10-30T15:00:16+00:00","article_modified_time":"2024-10-30T16:42:36+00:00","og_image":[{"width":800,"height":533,"url":"https:\/\/www.nexoinformativo.mx\/wp-content\/uploads\/2024\/10\/IMG_7339-e1730306396716.jpg","type":"image\/jpeg"}],"author":"Nexo Informativo","twitter_card":"summary_large_image","twitter_misc":{"Escrito por":"Nexo Informativo","Tiempo de lectura":"2 minutos"},"schema":{"@context":"https:\/\/schema.org","@graph":[{"@type":"Article","@id":"https:\/\/www.nexoinformativo.mx\/index.php\/2024\/10\/30\/felifer-macias-se-reune-con-consul-de-japon-para-potenciar-el-talento-queretano\/#article","isPartOf":{"@id":"https:\/\/www.nexoinformativo.mx\/index.php\/2024\/10\/30\/felifer-macias-se-reune-con-consul-de-japon-para-potenciar-el-talento-queretano\/"},"author":{"name":"Nexo Informativo","@id":"https:\/\/www.nexoinformativo.mx\/#\/schema\/person\/7749d380ba08c8ca00d7bc76fd907b7d"},"headline":"Felifer Mac\u00edas se re\u00fane con c\u00f3nsul de Jap\u00f3n para potenciar el talento Queretano","datePublished":"2024-10-30T15:00:16+00:00","dateModified":"2024-10-30T16:42:36+00:00","mainEntityOfPage":{"@id":"https:\/\/www.nexoinformativo.mx\/index.php\/2024\/10\/30\/felifer-macias-se-reune-con-consul-de-japon-para-potenciar-el-talento-queretano\/"},"wordCount":341,"commentCount":0,"publisher":{"@id":"https:\/\/www.nexoinformativo.mx\/#organization"},"image":{"@id":"https:\/\/www.nexoinformativo.mx\/index.php\/2024\/10\/30\/felifer-macias-se-reune-con-consul-de-japon-para-potenciar-el-talento-queretano\/#primaryimage"},"thumbnailUrl":"https:\/\/www.nexoinformativo.mx\/wp-content\/uploads\/2024\/10\/IMG_7339-e1730306396716.jpg","keywords":["Colaboraci\u00f3n","Innovaci\u00f3n","MisumiM\u00e9xico","TalentoQueretano"],"articleSection":["Municipios","\u00daltima Hora"],"inLanguage":"es","potentialAction":[{"@type":"CommentAction","name":"Comment","target":["https:\/\/www.nexoinformativo.mx\/index.php\/2024\/10\/30\/felifer-macias-se-reune-con-consul-de-japon-para-potenciar-el-talento-queretano\/#respond"]}]},{"@type":"WebPage","@id":"https:\/\/www.nexoinformativo.mx\/index.php\/2024\/10\/30\/felifer-macias-se-reune-con-consul-de-japon-para-potenciar-el-talento-queretano\/","url":"https:\/\/www.nexoinformativo.mx\/index.php\/2024\/10\/30\/felifer-macias-se-reune-con-consul-de-japon-para-potenciar-el-talento-queretano\/","name":"Felifer Mac\u00edas se re\u00fane con c\u00f3nsul de Jap\u00f3n para potenciar el talento Queretano | Nexo Informativo Santiago de Quer\u00e9taro","isPartOf":{"@id":"https:\/\/www.nexoinformativo.mx\/#website"},"primaryImageOfPage":{"@id":"https:\/\/www.nexoinformativo.mx\/index.php\/2024\/10\/30\/felifer-macias-se-reune-con-consul-de-japon-para-potenciar-el-talento-queretano\/#primaryimage"},"image":{"@id":"https:\/\/www.nexoinformativo.mx\/index.php\/2024\/10\/30\/felifer-macias-se-reune-con-consul-de-japon-para-potenciar-el-talento-queretano\/#primaryimage"},"thumbnailUrl":"https:\/\/www.nexoinformativo.mx\/wp-content\/uploads\/2024\/10\/IMG_7339-e1730306396716.jpg","datePublished":"2024-10-30T15:00:16+00:00","dateModified":"2024-10-30T16:42:36+00:00","description":"Felifer Mac\u00edas se re\u00fane con c\u00f3nsul de Jap\u00f3n para potenciar el talento Queretano","breadcrumb":{"@id":"https:\/\/www.nexoinformativo.mx\/index.php\/2024\/10\/30\/felifer-macias-se-reune-con-consul-de-japon-para-potenciar-el-talento-queretano\/#breadcrumb"},"inLanguage":"es","potentialAction":[{"@type":"ReadAction","target":["https:\/\/www.nexoinformativo.mx\/index.php\/2024\/10\/30\/felifer-macias-se-reune-con-consul-de-japon-para-potenciar-el-talento-queretano\/"]}]},{"@type":"ImageObject","inLanguage":"es","@id":"https:\/\/www.nexoinformativo.mx\/index.php\/2024\/10\/30\/felifer-macias-se-reune-con-consul-de-japon-para-potenciar-el-talento-queretano\/#primaryimage","url":"https:\/\/www.nexoinformativo.mx\/wp-content\/uploads\/2024\/10\/IMG_7339-e1730306396716.jpg","contentUrl":"https:\/\/www.nexoinformativo.mx\/wp-content\/uploads\/2024\/10\/IMG_7339-e1730306396716.jpg","width":800,"height":533},{"@type":"BreadcrumbList","@id":"https:\/\/www.nexoinformativo.mx\/index.php\/2024\/10\/30\/felifer-macias-se-reune-con-consul-de-japon-para-potenciar-el-talento-queretano\/#breadcrumb","itemListElement":[{"@type":"ListItem","position":1,"name":"Inicio","item":"https:\/\/www.nexoinformativo.mx\/"},{"@type":"ListItem","position":2,"name":"Felifer Mac\u00edas se re\u00fane con c\u00f3nsul de Jap\u00f3n para potenciar el talento Queretano"}]},{"@type":"WebSite","@id":"https:\/\/www.nexoinformativo.mx\/#website","url":"https:\/\/www.nexoinformativo.mx\/","name":"Nexo Informativo Santiago de Quer\u00e9taro","description":"Explora NexoInformativo y convi\u00e9rtete en parte de una comunidad que valora el conocimiento y la verdad. Tu nexoinformativo es tu puente hacia una comprensi\u00f3n m\u00e1s profunda del mundo que te rodea.","publisher":{"@id":"https:\/\/www.nexoinformativo.mx\/#organization"},"potentialAction":[{"@type":"SearchAction","target":{"@type":"EntryPoint","urlTemplate":"https:\/\/www.nexoinformativo.mx\/?s={search_term_string}"},"query-input":{"@type":"PropertyValueSpecification","valueRequired":true,"valueName":"search_term_string"}}],"inLanguage":"es"},{"@type":"Organization","@id":"https:\/\/www.nexoinformativo.mx\/#organization","name":"Nexo Informativo Santiago de Quer\u00e9taro","url":"https:\/\/www.nexoinformativo.mx\/","logo":{"@type":"ImageObject","inLanguage":"es","@id":"https:\/\/www.nexoinformativo.mx\/#\/schema\/logo\/image\/","url":"https:\/\/www.nexoinformativo.mx\/wp-content\/uploads\/2024\/07\/nexoi-trasparente-2.png","contentUrl":"https:\/\/www.nexoinformativo.mx\/wp-content\/uploads\/2024\/07\/nexoi-trasparente-2.png","width":816,"height":339,"caption":"Nexo Informativo Santiago de Quer\u00e9taro"},"image":{"@id":"https:\/\/www.nexoinformativo.mx\/#\/schema\/logo\/image\/"},"sameAs":["https:\/\/www.facebook.com\/people\/Nexo-Informativo\/61564066885511\/"]},{"@type":"Person","@id":"https:\/\/www.nexoinformativo.mx\/#\/schema\/person\/7749d380ba08c8ca00d7bc76fd907b7d","name":"Nexo Informativo","image":{"@type":"ImageObject","inLanguage":"es","@id":"https:\/\/www.nexoinformativo.mx\/#\/schema\/person\/image\/","url":"https:\/\/secure.gravatar.com\/avatar\/dde2928154642a13d95f87ddf1ea9718fe2b46760a005c53e41ff5ad610704e6?s=96&d=mm&r=g","contentUrl":"https:\/\/secure.gravatar.com\/avatar\/dde2928154642a13d95f87ddf1ea9718fe2b46760a005c53e41ff5ad610704e6?s=96&d=mm&r=g","caption":"Nexo Informativo"},"url":"https:\/\/www.nexoinformativo.mx\/index.php\/author\/edicion\/"}]}},"_links":{"self":[{"href":"https:\/\/www.nexoinformativo.mx\/index.php\/wp-json\/wp\/v2\/posts\/4899","targetHints":{"allow":["GET"]}}],"collection":[{"href":"https:\/\/www.nexoinformativo.mx\/index.php\/wp-json\/wp\/v2\/posts"}],"about":[{"href":"https:\/\/www.nexoinformativo.mx\/index.php\/wp-json\/wp\/v2\/types\/post"}],"author":[{"embeddable":true,"href":"https:\/\/www.nexoinformativo.mx\/index.php\/wp-json\/wp\/v2\/users\/3"}],"replies":[{"embeddable":true,"href":"https:\/\/www.nexoinformativo.mx\/index.php\/wp-json\/wp\/v2\/comments?post=4899"}],"version-history":[{"count":6,"href":"https:\/\/www.nexoinformativo.mx\/index.php\/wp-json\/wp\/v2\/posts\/4899\/revisions"}],"predecessor-version":[{"id":4904,"href":"https:\/\/www.nexoinformativo.mx\/index.php\/wp-json\/wp\/v2\/posts\/4899\/revisions\/4904"}],"wp:featuredmedia":[{"embeddable":true,"href":"https:\/\/www.nexoinformativo.mx\/index.php\/wp-json\/wp\/v2\/media\/4900"}],"wp:attachment":[{"href":"https:\/\/www.nexoinformativo.mx\/index.php\/wp-json\/wp\/v2\/media?parent=4899"}],"wp:term":[{"taxonomy":"category","embeddable":true,"href":"https:\/\/www.nexoinformativo.mx\/index.php\/wp-json\/wp\/v2\/categories?post=4899"},{"taxonomy":"post_tag","embeddable":true,"href":"https:\/\/www.nexoinformativo.mx\/index.php\/wp-json\/wp\/v2\/tags?post=4899"}],"curies":[{"name":"wp","href":"https:\/\/api.w.org\/{rel}","templated":true}]}}