{"id":4907,"date":"2024-10-30T09:30:42","date_gmt":"2024-10-30T15:30:42","guid":{"rendered":"https:\/\/www.nexoinformativo.mx\/?p=4907"},"modified":"2024-10-30T10:58:19","modified_gmt":"2024-10-30T16:58:19","slug":"descubre-las-35-variedades-de-flor-de-cempasuchil-en-mexico-y-su-importancia-cultural-en-mexico","status":"publish","type":"post","link":"https:\/\/www.nexoinformativo.mx\/index.php\/2024\/10\/30\/descubre-las-35-variedades-de-flor-de-cempasuchil-en-mexico-y-su-importancia-cultural-en-mexico\/","title":{"rendered":"Descubre las 35 Variedades de flor de Cempas\u00fachil en M\u00e9xico y su importancia cultural en M\u00e9xico"},"content":{"rendered":"<p style=\"text-align: justify;\">Se han registrado 35 variedades de la flor de cempas\u00fachil (Tagetes erecta) de las 58 que existen a nivel mundial. Este importante registro se encuentra en el Cat\u00e1logo Nacional de Variedades Vegetales del Servicio Nacional de Inspecci\u00f3n y Certificaci\u00f3n de Semillas (SNICS) y refleja el uso y manejo de esta flor desde tiempos prehisp\u00e1nicos.<\/p>\n<p>&nbsp;<\/p>\n<p style=\"text-align: justify;\">La flor de cempas\u00fachil es ampliamente utilizada durante los meses de octubre y noviembre para decorar altares en la celebraci\u00f3n del D\u00eda de Muertos. Sus tonalidades var\u00edan desde el amarillo fuerte y claro, hasta el rojo y blanco, lo que la convierte en una opci\u00f3n popular para adornar los ofrendas.<\/p>\n<p>&nbsp;<\/p>\n<p style=\"text-align: justify;\">Entre las variedades registradas se encuentran Acuexcomac, Tzapingo, Chapingo, Coatlinchan, y muchas m\u00e1s, que son de uso com\u00fan entre los productores de flores a cielo abierto.<\/p>\n<p>&nbsp;<\/p>\n<p style=\"text-align: justify;\">La base gen\u00e9tica del cempas\u00fachil no solo es significativa por su belleza, sino que tambi\u00e9n puede ser aprovechada para desarrollar nuevas variedades en las industrias ornamental, medicinal, cosm\u00e9tica, y de alimentaci\u00f3n animal y humana.<\/p>\n<p>&nbsp;<\/p>\n<p style=\"text-align: justify;\">Esto es posible gracias a los centros de ense\u00f1anza e investigaci\u00f3n agr\u00edcola, que cuentan con la experiencia necesaria para llevar a cabo este tipo de trabajos.<\/p>\n<p>&nbsp;<\/p>\n<p style=\"text-align: justify;\">En cifras, en 2023, la producci\u00f3n de cempas\u00fachil en M\u00e9xico incluye 1,558 gruesas, 21,355 toneladas, 518,712 manojos y 2,368,200 plantas, seg\u00fan el Servicio de Informaci\u00f3n Agroalimentaria y Pesquera (SIAP).<\/p>\n<p>&nbsp;<\/p>\n<p style=\"text-align: justify;\">La flor de cempas\u00fachil no solo simboliza la conexi\u00f3n con la tradici\u00f3n y la cultura mexicana, sino que tambi\u00e9n representa una oportunidad para el desarrollo sostenible y la diversificaci\u00f3n de la producci\u00f3n agr\u00edcola en el pa\u00eds.<\/p>\n<p>&nbsp;<\/p>\n<p style=\"text-align: center;\"><em><strong>\u00a1Informaci\u00f3n que transforma!<\/strong><\/em><\/p>\n","protected":false},"excerpt":{"rendered":"<p>Se han registrado 35 variedades de la flor de cempas\u00fachil (Tagetes erecta) de las 58 que existen a nivel mundial. Este importante registro se encuentra en el Cat\u00e1logo Nacional de Variedades Vegetales del Servicio Nacional de Inspecci\u00f3n y Certificaci\u00f3n de Semillas (SNICS) y refleja el uso y manejo de esta flor desde tiempos prehisp\u00e1nicos. &nbsp; [&hellip;]<\/p>\n","protected":false},"author":3,"featured_media":4908,"comment_status":"open","ping_status":"open","sticky":false,"template":"","format":"standard","meta":{"footnotes":""},"categories":[88,58],"tags":[1744,1287,1745,1746],"class_list":["post-4907","post","type-post","status-publish","format-standard","has-post-thumbnail","hentry","category-nacional","category-ultima-hora","tag-cempasuchil","tag-diademuertos","tag-floresmexicanas","tag-tradicionmexicana"],"yoast_head":"<!-- This site is optimized with the Yoast SEO plugin v25.0 - https:\/\/yoast.com\/wordpress\/plugins\/seo\/ -->\n<title>Descubre las 35 Variedades de flor de Cempas\u00fachil en M\u00e9xico y su importancia cultural en M\u00e9xico | Nexo Informativo Santiago de Quer\u00e9taro<\/title>\n<meta name=\"description\" content=\"Descubre las 35 Variedades de flor de Cempas\u00fachil en M\u00e9xico y su importancia cultural en M\u00e9xico\" \/>\n<meta name=\"robots\" content=\"index, follow, max-snippet:-1, max-image-preview:large, max-video-preview:-1\" \/>\n<link rel=\"canonical\" href=\"https:\/\/www.nexoinformativo.mx\/index.php\/2024\/10\/30\/descubre-las-35-variedades-de-flor-de-cempasuchil-en-mexico-y-su-importancia-cultural-en-mexico\/\" \/>\n<meta property=\"og:locale\" content=\"es_MX\" \/>\n<meta property=\"og:type\" content=\"article\" \/>\n<meta property=\"og:title\" content=\"Descubre las 35 Variedades de flor de Cempas\u00fachil en M\u00e9xico y su importancia cultural en M\u00e9xico | Nexo Informativo Santiago de Quer\u00e9taro\" \/>\n<meta property=\"og:description\" content=\"Descubre las 35 Variedades de flor de Cempas\u00fachil en M\u00e9xico y su importancia cultural en M\u00e9xico\" \/>\n<meta property=\"og:url\" content=\"https:\/\/www.nexoinformativo.mx\/index.php\/2024\/10\/30\/descubre-las-35-variedades-de-flor-de-cempasuchil-en-mexico-y-su-importancia-cultural-en-mexico\/\" \/>\n<meta property=\"og:site_name\" content=\"Nexo Informativo Santiago de Quer\u00e9taro\" \/>\n<meta property=\"article:publisher\" content=\"https:\/\/www.facebook.com\/people\/Nexo-Informativo\/61564066885511\/\" \/>\n<meta property=\"article:published_time\" content=\"2024-10-30T15:30:42+00:00\" \/>\n<meta property=\"article:modified_time\" content=\"2024-10-30T16:58:19+00:00\" \/>\n<meta property=\"og:image\" content=\"https:\/\/www.nexoinformativo.mx\/wp-content\/uploads\/2024\/10\/pexels-marco-ramos-223569157-18970000-e1730307360489.jpeg\" \/>\n\t<meta property=\"og:image:width\" content=\"800\" \/>\n\t<meta property=\"og:image:height\" content=\"533\" \/>\n\t<meta property=\"og:image:type\" content=\"image\/jpeg\" \/>\n<meta name=\"author\" content=\"Nexo Informativo\" \/>\n<meta name=\"twitter:card\" content=\"summary_large_image\" \/>\n<meta name=\"twitter:label1\" content=\"Escrito por\" \/>\n\t<meta name=\"twitter:data1\" content=\"Nexo Informativo\" \/>\n\t<meta name=\"twitter:label2\" content=\"Tiempo de lectura\" \/>\n\t<meta name=\"twitter:data2\" content=\"2 minutos\" \/>\n<script type=\"application\/ld+json\" class=\"yoast-schema-graph\">{\"@context\":\"https:\/\/schema.org\",\"@graph\":[{\"@type\":\"Article\",\"@id\":\"https:\/\/www.nexoinformativo.mx\/index.php\/2024\/10\/30\/descubre-las-35-variedades-de-flor-de-cempasuchil-en-mexico-y-su-importancia-cultural-en-mexico\/#article\",\"isPartOf\":{\"@id\":\"https:\/\/www.nexoinformativo.mx\/index.php\/2024\/10\/30\/descubre-las-35-variedades-de-flor-de-cempasuchil-en-mexico-y-su-importancia-cultural-en-mexico\/\"},\"author\":{\"name\":\"Nexo Informativo\",\"@id\":\"https:\/\/www.nexoinformativo.mx\/#\/schema\/person\/7749d380ba08c8ca00d7bc76fd907b7d\"},\"headline\":\"Descubre las 35 Variedades de flor de Cempas\u00fachil en M\u00e9xico y su importancia cultural en M\u00e9xico\",\"datePublished\":\"2024-10-30T15:30:42+00:00\",\"dateModified\":\"2024-10-30T16:58:19+00:00\",\"mainEntityOfPage\":{\"@id\":\"https:\/\/www.nexoinformativo.mx\/index.php\/2024\/10\/30\/descubre-las-35-variedades-de-flor-de-cempasuchil-en-mexico-y-su-importancia-cultural-en-mexico\/\"},\"wordCount\":310,\"commentCount\":0,\"publisher\":{\"@id\":\"https:\/\/www.nexoinformativo.mx\/#organization\"},\"image\":{\"@id\":\"https:\/\/www.nexoinformativo.mx\/index.php\/2024\/10\/30\/descubre-las-35-variedades-de-flor-de-cempasuchil-en-mexico-y-su-importancia-cultural-en-mexico\/#primaryimage\"},\"thumbnailUrl\":\"https:\/\/www.nexoinformativo.mx\/wp-content\/uploads\/2024\/10\/pexels-marco-ramos-223569157-18970000-e1730307360489.jpeg\",\"keywords\":[\"Cempas\u00fachil\",\"D\u00edaDeMuertos\",\"FloresMexicanas\",\"Tradici\u00f3nMexicana\"],\"articleSection\":[\"Nacional\",\"\u00daltima Hora\"],\"inLanguage\":\"es\",\"potentialAction\":[{\"@type\":\"CommentAction\",\"name\":\"Comment\",\"target\":[\"https:\/\/www.nexoinformativo.mx\/index.php\/2024\/10\/30\/descubre-las-35-variedades-de-flor-de-cempasuchil-en-mexico-y-su-importancia-cultural-en-mexico\/#respond\"]}]},{\"@type\":\"WebPage\",\"@id\":\"https:\/\/www.nexoinformativo.mx\/index.php\/2024\/10\/30\/descubre-las-35-variedades-de-flor-de-cempasuchil-en-mexico-y-su-importancia-cultural-en-mexico\/\",\"url\":\"https:\/\/www.nexoinformativo.mx\/index.php\/2024\/10\/30\/descubre-las-35-variedades-de-flor-de-cempasuchil-en-mexico-y-su-importancia-cultural-en-mexico\/\",\"name\":\"Descubre las 35 Variedades de flor de Cempas\u00fachil en M\u00e9xico y su importancia cultural en M\u00e9xico | Nexo Informativo Santiago de Quer\u00e9taro\",\"isPartOf\":{\"@id\":\"https:\/\/www.nexoinformativo.mx\/#website\"},\"primaryImageOfPage\":{\"@id\":\"https:\/\/www.nexoinformativo.mx\/index.php\/2024\/10\/30\/descubre-las-35-variedades-de-flor-de-cempasuchil-en-mexico-y-su-importancia-cultural-en-mexico\/#primaryimage\"},\"image\":{\"@id\":\"https:\/\/www.nexoinformativo.mx\/index.php\/2024\/10\/30\/descubre-las-35-variedades-de-flor-de-cempasuchil-en-mexico-y-su-importancia-cultural-en-mexico\/#primaryimage\"},\"thumbnailUrl\":\"https:\/\/www.nexoinformativo.mx\/wp-content\/uploads\/2024\/10\/pexels-marco-ramos-223569157-18970000-e1730307360489.jpeg\",\"datePublished\":\"2024-10-30T15:30:42+00:00\",\"dateModified\":\"2024-10-30T16:58:19+00:00\",\"description\":\"Descubre las 35 Variedades de flor de Cempas\u00fachil en M\u00e9xico y su importancia cultural en M\u00e9xico\",\"breadcrumb\":{\"@id\":\"https:\/\/www.nexoinformativo.mx\/index.php\/2024\/10\/30\/descubre-las-35-variedades-de-flor-de-cempasuchil-en-mexico-y-su-importancia-cultural-en-mexico\/#breadcrumb\"},\"inLanguage\":\"es\",\"potentialAction\":[{\"@type\":\"ReadAction\",\"target\":[\"https:\/\/www.nexoinformativo.mx\/index.php\/2024\/10\/30\/descubre-las-35-variedades-de-flor-de-cempasuchil-en-mexico-y-su-importancia-cultural-en-mexico\/\"]}]},{\"@type\":\"ImageObject\",\"inLanguage\":\"es\",\"@id\":\"https:\/\/www.nexoinformativo.mx\/index.php\/2024\/10\/30\/descubre-las-35-variedades-de-flor-de-cempasuchil-en-mexico-y-su-importancia-cultural-en-mexico\/#primaryimage\",\"url\":\"https:\/\/www.nexoinformativo.mx\/wp-content\/uploads\/2024\/10\/pexels-marco-ramos-223569157-18970000-e1730307360489.jpeg\",\"contentUrl\":\"https:\/\/www.nexoinformativo.mx\/wp-content\/uploads\/2024\/10\/pexels-marco-ramos-223569157-18970000-e1730307360489.jpeg\",\"width\":800,\"height\":533},{\"@type\":\"BreadcrumbList\",\"@id\":\"https:\/\/www.nexoinformativo.mx\/index.php\/2024\/10\/30\/descubre-las-35-variedades-de-flor-de-cempasuchil-en-mexico-y-su-importancia-cultural-en-mexico\/#breadcrumb\",\"itemListElement\":[{\"@type\":\"ListItem\",\"position\":1,\"name\":\"Inicio\",\"item\":\"https:\/\/www.nexoinformativo.mx\/\"},{\"@type\":\"ListItem\",\"position\":2,\"name\":\"Descubre las 35 Variedades de flor de Cempas\u00fachil en M\u00e9xico y su importancia cultural en M\u00e9xico\"}]},{\"@type\":\"WebSite\",\"@id\":\"https:\/\/www.nexoinformativo.mx\/#website\",\"url\":\"https:\/\/www.nexoinformativo.mx\/\",\"name\":\"Nexo Informativo Santiago de Quer\u00e9taro\",\"description\":\"Explora NexoInformativo y convi\u00e9rtete en parte de una comunidad que valora el conocimiento y la verdad. Tu nexoinformativo es tu puente hacia una comprensi\u00f3n m\u00e1s profunda del mundo que te rodea.\",\"publisher\":{\"@id\":\"https:\/\/www.nexoinformativo.mx\/#organization\"},\"potentialAction\":[{\"@type\":\"SearchAction\",\"target\":{\"@type\":\"EntryPoint\",\"urlTemplate\":\"https:\/\/www.nexoinformativo.mx\/?s={search_term_string}\"},\"query-input\":{\"@type\":\"PropertyValueSpecification\",\"valueRequired\":true,\"valueName\":\"search_term_string\"}}],\"inLanguage\":\"es\"},{\"@type\":\"Organization\",\"@id\":\"https:\/\/www.nexoinformativo.mx\/#organization\",\"name\":\"Nexo Informativo Santiago de Quer\u00e9taro\",\"url\":\"https:\/\/www.nexoinformativo.mx\/\",\"logo\":{\"@type\":\"ImageObject\",\"inLanguage\":\"es\",\"@id\":\"https:\/\/www.nexoinformativo.mx\/#\/schema\/logo\/image\/\",\"url\":\"https:\/\/www.nexoinformativo.mx\/wp-content\/uploads\/2024\/07\/nexoi-trasparente-2.png\",\"contentUrl\":\"https:\/\/www.nexoinformativo.mx\/wp-content\/uploads\/2024\/07\/nexoi-trasparente-2.png\",\"width\":816,\"height\":339,\"caption\":\"Nexo Informativo Santiago de Quer\u00e9taro\"},\"image\":{\"@id\":\"https:\/\/www.nexoinformativo.mx\/#\/schema\/logo\/image\/\"},\"sameAs\":[\"https:\/\/www.facebook.com\/people\/Nexo-Informativo\/61564066885511\/\"]},{\"@type\":\"Person\",\"@id\":\"https:\/\/www.nexoinformativo.mx\/#\/schema\/person\/7749d380ba08c8ca00d7bc76fd907b7d\",\"name\":\"Nexo Informativo\",\"image\":{\"@type\":\"ImageObject\",\"inLanguage\":\"es\",\"@id\":\"https:\/\/www.nexoinformativo.mx\/#\/schema\/person\/image\/\",\"url\":\"https:\/\/secure.gravatar.com\/avatar\/dde2928154642a13d95f87ddf1ea9718fe2b46760a005c53e41ff5ad610704e6?s=96&d=mm&r=g\",\"contentUrl\":\"https:\/\/secure.gravatar.com\/avatar\/dde2928154642a13d95f87ddf1ea9718fe2b46760a005c53e41ff5ad610704e6?s=96&d=mm&r=g\",\"caption\":\"Nexo Informativo\"},\"url\":\"https:\/\/www.nexoinformativo.mx\/index.php\/author\/edicion\/\"}]}<\/script>\n<!-- \/ Yoast SEO plugin. -->","yoast_head_json":{"title":"Descubre las 35 Variedades de flor de Cempas\u00fachil en M\u00e9xico y su importancia cultural en M\u00e9xico | Nexo Informativo Santiago de Quer\u00e9taro","description":"Descubre las 35 Variedades de flor de Cempas\u00fachil en M\u00e9xico y su importancia cultural en M\u00e9xico","robots":{"index":"index","follow":"follow","max-snippet":"max-snippet:-1","max-image-preview":"max-image-preview:large","max-video-preview":"max-video-preview:-1"},"canonical":"https:\/\/www.nexoinformativo.mx\/index.php\/2024\/10\/30\/descubre-las-35-variedades-de-flor-de-cempasuchil-en-mexico-y-su-importancia-cultural-en-mexico\/","og_locale":"es_MX","og_type":"article","og_title":"Descubre las 35 Variedades de flor de Cempas\u00fachil en M\u00e9xico y su importancia cultural en M\u00e9xico | Nexo Informativo Santiago de Quer\u00e9taro","og_description":"Descubre las 35 Variedades de flor de Cempas\u00fachil en M\u00e9xico y su importancia cultural en M\u00e9xico","og_url":"https:\/\/www.nexoinformativo.mx\/index.php\/2024\/10\/30\/descubre-las-35-variedades-de-flor-de-cempasuchil-en-mexico-y-su-importancia-cultural-en-mexico\/","og_site_name":"Nexo Informativo Santiago de Quer\u00e9taro","article_publisher":"https:\/\/www.facebook.com\/people\/Nexo-Informativo\/61564066885511\/","article_published_time":"2024-10-30T15:30:42+00:00","article_modified_time":"2024-10-30T16:58:19+00:00","og_image":[{"width":800,"height":533,"url":"https:\/\/www.nexoinformativo.mx\/wp-content\/uploads\/2024\/10\/pexels-marco-ramos-223569157-18970000-e1730307360489.jpeg","type":"image\/jpeg"}],"author":"Nexo Informativo","twitter_card":"summary_large_image","twitter_misc":{"Escrito por":"Nexo Informativo","Tiempo de lectura":"2 minutos"},"schema":{"@context":"https:\/\/schema.org","@graph":[{"@type":"Article","@id":"https:\/\/www.nexoinformativo.mx\/index.php\/2024\/10\/30\/descubre-las-35-variedades-de-flor-de-cempasuchil-en-mexico-y-su-importancia-cultural-en-mexico\/#article","isPartOf":{"@id":"https:\/\/www.nexoinformativo.mx\/index.php\/2024\/10\/30\/descubre-las-35-variedades-de-flor-de-cempasuchil-en-mexico-y-su-importancia-cultural-en-mexico\/"},"author":{"name":"Nexo Informativo","@id":"https:\/\/www.nexoinformativo.mx\/#\/schema\/person\/7749d380ba08c8ca00d7bc76fd907b7d"},"headline":"Descubre las 35 Variedades de flor de Cempas\u00fachil en M\u00e9xico y su importancia cultural en M\u00e9xico","datePublished":"2024-10-30T15:30:42+00:00","dateModified":"2024-10-30T16:58:19+00:00","mainEntityOfPage":{"@id":"https:\/\/www.nexoinformativo.mx\/index.php\/2024\/10\/30\/descubre-las-35-variedades-de-flor-de-cempasuchil-en-mexico-y-su-importancia-cultural-en-mexico\/"},"wordCount":310,"commentCount":0,"publisher":{"@id":"https:\/\/www.nexoinformativo.mx\/#organization"},"image":{"@id":"https:\/\/www.nexoinformativo.mx\/index.php\/2024\/10\/30\/descubre-las-35-variedades-de-flor-de-cempasuchil-en-mexico-y-su-importancia-cultural-en-mexico\/#primaryimage"},"thumbnailUrl":"https:\/\/www.nexoinformativo.mx\/wp-content\/uploads\/2024\/10\/pexels-marco-ramos-223569157-18970000-e1730307360489.jpeg","keywords":["Cempas\u00fachil","D\u00edaDeMuertos","FloresMexicanas","Tradici\u00f3nMexicana"],"articleSection":["Nacional","\u00daltima Hora"],"inLanguage":"es","potentialAction":[{"@type":"CommentAction","name":"Comment","target":["https:\/\/www.nexoinformativo.mx\/index.php\/2024\/10\/30\/descubre-las-35-variedades-de-flor-de-cempasuchil-en-mexico-y-su-importancia-cultural-en-mexico\/#respond"]}]},{"@type":"WebPage","@id":"https:\/\/www.nexoinformativo.mx\/index.php\/2024\/10\/30\/descubre-las-35-variedades-de-flor-de-cempasuchil-en-mexico-y-su-importancia-cultural-en-mexico\/","url":"https:\/\/www.nexoinformativo.mx\/index.php\/2024\/10\/30\/descubre-las-35-variedades-de-flor-de-cempasuchil-en-mexico-y-su-importancia-cultural-en-mexico\/","name":"Descubre las 35 Variedades de flor de Cempas\u00fachil en M\u00e9xico y su importancia cultural en M\u00e9xico | Nexo Informativo Santiago de Quer\u00e9taro","isPartOf":{"@id":"https:\/\/www.nexoinformativo.mx\/#website"},"primaryImageOfPage":{"@id":"https:\/\/www.nexoinformativo.mx\/index.php\/2024\/10\/30\/descubre-las-35-variedades-de-flor-de-cempasuchil-en-mexico-y-su-importancia-cultural-en-mexico\/#primaryimage"},"image":{"@id":"https:\/\/www.nexoinformativo.mx\/index.php\/2024\/10\/30\/descubre-las-35-variedades-de-flor-de-cempasuchil-en-mexico-y-su-importancia-cultural-en-mexico\/#primaryimage"},"thumbnailUrl":"https:\/\/www.nexoinformativo.mx\/wp-content\/uploads\/2024\/10\/pexels-marco-ramos-223569157-18970000-e1730307360489.jpeg","datePublished":"2024-10-30T15:30:42+00:00","dateModified":"2024-10-30T16:58:19+00:00","description":"Descubre las 35 Variedades de flor de Cempas\u00fachil en M\u00e9xico y su importancia cultural en M\u00e9xico","breadcrumb":{"@id":"https:\/\/www.nexoinformativo.mx\/index.php\/2024\/10\/30\/descubre-las-35-variedades-de-flor-de-cempasuchil-en-mexico-y-su-importancia-cultural-en-mexico\/#breadcrumb"},"inLanguage":"es","potentialAction":[{"@type":"ReadAction","target":["https:\/\/www.nexoinformativo.mx\/index.php\/2024\/10\/30\/descubre-las-35-variedades-de-flor-de-cempasuchil-en-mexico-y-su-importancia-cultural-en-mexico\/"]}]},{"@type":"ImageObject","inLanguage":"es","@id":"https:\/\/www.nexoinformativo.mx\/index.php\/2024\/10\/30\/descubre-las-35-variedades-de-flor-de-cempasuchil-en-mexico-y-su-importancia-cultural-en-mexico\/#primaryimage","url":"https:\/\/www.nexoinformativo.mx\/wp-content\/uploads\/2024\/10\/pexels-marco-ramos-223569157-18970000-e1730307360489.jpeg","contentUrl":"https:\/\/www.nexoinformativo.mx\/wp-content\/uploads\/2024\/10\/pexels-marco-ramos-223569157-18970000-e1730307360489.jpeg","width":800,"height":533},{"@type":"BreadcrumbList","@id":"https:\/\/www.nexoinformativo.mx\/index.php\/2024\/10\/30\/descubre-las-35-variedades-de-flor-de-cempasuchil-en-mexico-y-su-importancia-cultural-en-mexico\/#breadcrumb","itemListElement":[{"@type":"ListItem","position":1,"name":"Inicio","item":"https:\/\/www.nexoinformativo.mx\/"},{"@type":"ListItem","position":2,"name":"Descubre las 35 Variedades de flor de Cempas\u00fachil en M\u00e9xico y su importancia cultural en M\u00e9xico"}]},{"@type":"WebSite","@id":"https:\/\/www.nexoinformativo.mx\/#website","url":"https:\/\/www.nexoinformativo.mx\/","name":"Nexo Informativo Santiago de Quer\u00e9taro","description":"Explora NexoInformativo y convi\u00e9rtete en parte de una comunidad que valora el conocimiento y la verdad. Tu nexoinformativo es tu puente hacia una comprensi\u00f3n m\u00e1s profunda del mundo que te rodea.","publisher":{"@id":"https:\/\/www.nexoinformativo.mx\/#organization"},"potentialAction":[{"@type":"SearchAction","target":{"@type":"EntryPoint","urlTemplate":"https:\/\/www.nexoinformativo.mx\/?s={search_term_string}"},"query-input":{"@type":"PropertyValueSpecification","valueRequired":true,"valueName":"search_term_string"}}],"inLanguage":"es"},{"@type":"Organization","@id":"https:\/\/www.nexoinformativo.mx\/#organization","name":"Nexo Informativo Santiago de Quer\u00e9taro","url":"https:\/\/www.nexoinformativo.mx\/","logo":{"@type":"ImageObject","inLanguage":"es","@id":"https:\/\/www.nexoinformativo.mx\/#\/schema\/logo\/image\/","url":"https:\/\/www.nexoinformativo.mx\/wp-content\/uploads\/2024\/07\/nexoi-trasparente-2.png","contentUrl":"https:\/\/www.nexoinformativo.mx\/wp-content\/uploads\/2024\/07\/nexoi-trasparente-2.png","width":816,"height":339,"caption":"Nexo Informativo Santiago de Quer\u00e9taro"},"image":{"@id":"https:\/\/www.nexoinformativo.mx\/#\/schema\/logo\/image\/"},"sameAs":["https:\/\/www.facebook.com\/people\/Nexo-Informativo\/61564066885511\/"]},{"@type":"Person","@id":"https:\/\/www.nexoinformativo.mx\/#\/schema\/person\/7749d380ba08c8ca00d7bc76fd907b7d","name":"Nexo Informativo","image":{"@type":"ImageObject","inLanguage":"es","@id":"https:\/\/www.nexoinformativo.mx\/#\/schema\/person\/image\/","url":"https:\/\/secure.gravatar.com\/avatar\/dde2928154642a13d95f87ddf1ea9718fe2b46760a005c53e41ff5ad610704e6?s=96&d=mm&r=g","contentUrl":"https:\/\/secure.gravatar.com\/avatar\/dde2928154642a13d95f87ddf1ea9718fe2b46760a005c53e41ff5ad610704e6?s=96&d=mm&r=g","caption":"Nexo Informativo"},"url":"https:\/\/www.nexoinformativo.mx\/index.php\/author\/edicion\/"}]}},"_links":{"self":[{"href":"https:\/\/www.nexoinformativo.mx\/index.php\/wp-json\/wp\/v2\/posts\/4907","targetHints":{"allow":["GET"]}}],"collection":[{"href":"https:\/\/www.nexoinformativo.mx\/index.php\/wp-json\/wp\/v2\/posts"}],"about":[{"href":"https:\/\/www.nexoinformativo.mx\/index.php\/wp-json\/wp\/v2\/types\/post"}],"author":[{"embeddable":true,"href":"https:\/\/www.nexoinformativo.mx\/index.php\/wp-json\/wp\/v2\/users\/3"}],"replies":[{"embeddable":true,"href":"https:\/\/www.nexoinformativo.mx\/index.php\/wp-json\/wp\/v2\/comments?post=4907"}],"version-history":[{"count":3,"href":"https:\/\/www.nexoinformativo.mx\/index.php\/wp-json\/wp\/v2\/posts\/4907\/revisions"}],"predecessor-version":[{"id":4912,"href":"https:\/\/www.nexoinformativo.mx\/index.php\/wp-json\/wp\/v2\/posts\/4907\/revisions\/4912"}],"wp:featuredmedia":[{"embeddable":true,"href":"https:\/\/www.nexoinformativo.mx\/index.php\/wp-json\/wp\/v2\/media\/4908"}],"wp:attachment":[{"href":"https:\/\/www.nexoinformativo.mx\/index.php\/wp-json\/wp\/v2\/media?parent=4907"}],"wp:term":[{"taxonomy":"category","embeddable":true,"href":"https:\/\/www.nexoinformativo.mx\/index.php\/wp-json\/wp\/v2\/categories?post=4907"},{"taxonomy":"post_tag","embeddable":true,"href":"https:\/\/www.nexoinformativo.mx\/index.php\/wp-json\/wp\/v2\/tags?post=4907"}],"curies":[{"name":"wp","href":"https:\/\/api.w.org\/{rel}","templated":true}]}}