{"id":4927,"date":"2024-10-30T12:00:02","date_gmt":"2024-10-30T18:00:02","guid":{"rendered":"https:\/\/www.nexoinformativo.mx\/?p=4927"},"modified":"2024-10-30T13:41:57","modified_gmt":"2024-10-30T19:41:57","slug":"queretaro-se-viste-de-arte-montaje-y-el-zoo-de-cristal-llegan-a-la-escena-cultural","status":"publish","type":"post","link":"https:\/\/www.nexoinformativo.mx\/index.php\/2024\/10\/30\/queretaro-se-viste-de-arte-montaje-y-el-zoo-de-cristal-llegan-a-la-escena-cultural\/","title":{"rendered":"Quer\u00e9taro se viste de arte: &#8220;Montaje&#8221; y &#8220;El Zoo de Cristal&#8221; llegan a la escena cultural"},"content":{"rendered":"<p style=\"text-align: justify;\" data-sourcepos=\"5:1-5:376\">La Secretar\u00eda de Cultura del Estado ha anunciado dos emocionantes proyectos art\u00edsticos que pronto podr\u00e1n disfrutar los queretanos: la pel\u00edcula <strong>&#8220;Montaje&#8221;<\/strong> y la obra de teatro <strong>&#8220;El Zoo de Cristal&#8221;<\/strong>. Ambas producciones prometen enriquecer la escena cultural de la ciudad y consolidar a Quer\u00e9taro como un referente en el \u00e1mbito art\u00edstico.<\/p>\n<p>&nbsp;<\/p>\n<p style=\"text-align: justify;\" data-sourcepos=\"7:1-7:59\"><strong>&#8220;Montaje&#8221;:<\/strong> Un reflejo de la realidad mexicana\u00a0La pel\u00edcula, producida por Centro Entertaiment Cine, es un drama que aborda temas como el sistema de justicia en M\u00e9xico y la presunci\u00f3n de inocencia. Filmada durante cinco a\u00f1os en Quer\u00e9taro y Tlaxcala, esta producci\u00f3n cuenta la historia de un joven que se enfrenta a decisiones cruciales. La pel\u00edcula ser\u00e1 proyectada en 44 salas de 14 estados a partir de hoy, y su preestreno ya ha generado gran expectativa.<\/p>\n<p>&nbsp;<\/p>\n<p style=\"text-align: justify;\" data-sourcepos=\"11:1-11:57\"><strong>&#8220;El Zoo de Cristal&#8221;:<\/strong> Un cl\u00e1sico reinventado\u00a0Por su parte, la obra de teatro &#8220;El Zoo de Cristal&#8221;, dirigida por V\u00edctor Bonilla, presenta una versi\u00f3n fresca y contempor\u00e1nea de este cl\u00e1sico de Tennessee Williams. A trav\u00e9s de cuatro personajes complejos e interconectados, la obra explora temas como la familia, la soledad y la b\u00fasqueda de la identidad. El p\u00fablico podr\u00e1 disfrutar de esta puesta en escena a partir de este viernes a las 6 pm en el Teatro Laberinto.<\/p>\n<p>&nbsp;<\/p>\n<p style=\"text-align: justify;\" data-sourcepos=\"17:1-17:276\">La Secretar\u00eda de Cultura ha destacado su compromiso con el apoyo a los artistas locales. Al impulsar proyectos como &#8220;Montaje&#8221; y &#8220;El Zoo de Cristal&#8221;, se busca fomentar la profesionalizaci\u00f3n y la creaci\u00f3n de nuevas oportunidades para los talentos queretanos.<\/p>\n<p>&nbsp;<\/p>\n<p style=\"text-align: justify;\" data-sourcepos=\"19:1-19:263\">Adem\u00e1s, la presentaci\u00f3n de estos proyectos se enmarca dentro de la creaci\u00f3n del Cl\u00faster de la Industria Creativa, una iniciativa que busca fortalecer la colaboraci\u00f3n entre los diferentes actores del sector cultural y fomentar el desarrollo econ\u00f3mico de la regi\u00f3n.<\/p>\n<p>&nbsp;<\/p>\n<p style=\"text-align: center;\" data-sourcepos=\"19:1-19:263\"><em><strong>\u00a1Informaci\u00f3n que transforma!<\/strong><\/em><\/p>\n","protected":false},"excerpt":{"rendered":"<p>La Secretar\u00eda de Cultura del Estado ha anunciado dos emocionantes proyectos art\u00edsticos que pronto podr\u00e1n disfrutar los queretanos: la pel\u00edcula &#8220;Montaje&#8221; y la obra de teatro &#8220;El Zoo de Cristal&#8221;.<\/p>\n","protected":false},"author":3,"featured_media":4928,"comment_status":"open","ping_status":"open","sticky":false,"template":"","format":"standard","meta":{"footnotes":""},"categories":[50,58],"tags":[1754,1752,417,1753],"class_list":["post-4927","post","type-post","status-publish","format-standard","has-post-thumbnail","hentry","category-espectaculos","category-ultima-hora","tag-artemexicano","tag-cinequeretano","tag-culturaqueretaro","tag-teatroqueretaro"],"yoast_head":"<!-- This site is optimized with the Yoast SEO plugin v25.0 - https:\/\/yoast.com\/wordpress\/plugins\/seo\/ -->\n<title>Quer\u00e9taro se viste de arte: &quot;Montaje&quot; y &quot;El Zoo de Cristal&quot; llegan a la escena cultural | Nexo Informativo Santiago de Quer\u00e9taro<\/title>\n<meta name=\"description\" content=\"Quer\u00e9taro se viste de arte: &quot;Montaje&quot; y &quot;El Zoo de Cristal&quot; llegan a la escena cultural\" \/>\n<meta name=\"robots\" content=\"index, follow, max-snippet:-1, max-image-preview:large, max-video-preview:-1\" \/>\n<link rel=\"canonical\" href=\"https:\/\/www.nexoinformativo.mx\/index.php\/2024\/10\/30\/queretaro-se-viste-de-arte-montaje-y-el-zoo-de-cristal-llegan-a-la-escena-cultural\/\" \/>\n<meta property=\"og:locale\" content=\"es_MX\" \/>\n<meta property=\"og:type\" content=\"article\" \/>\n<meta property=\"og:title\" content=\"Quer\u00e9taro se viste de arte: &quot;Montaje&quot; y &quot;El Zoo de Cristal&quot; llegan a la escena cultural | Nexo Informativo Santiago de Quer\u00e9taro\" \/>\n<meta property=\"og:description\" content=\"Quer\u00e9taro se viste de arte: &quot;Montaje&quot; y &quot;El Zoo de Cristal&quot; llegan a la escena cultural\" \/>\n<meta property=\"og:url\" content=\"https:\/\/www.nexoinformativo.mx\/index.php\/2024\/10\/30\/queretaro-se-viste-de-arte-montaje-y-el-zoo-de-cristal-llegan-a-la-escena-cultural\/\" \/>\n<meta property=\"og:site_name\" content=\"Nexo Informativo Santiago de Quer\u00e9taro\" \/>\n<meta property=\"article:publisher\" content=\"https:\/\/www.facebook.com\/people\/Nexo-Informativo\/61564066885511\/\" \/>\n<meta property=\"article:published_time\" content=\"2024-10-30T18:00:02+00:00\" \/>\n<meta property=\"article:modified_time\" content=\"2024-10-30T19:41:57+00:00\" \/>\n<meta property=\"og:image\" content=\"https:\/\/www.nexoinformativo.mx\/wp-content\/uploads\/2024\/10\/PHOTO-2024-10-30-12-15-51-e1730317144520.jpg\" \/>\n\t<meta property=\"og:image:width\" content=\"800\" \/>\n\t<meta property=\"og:image:height\" content=\"600\" \/>\n\t<meta property=\"og:image:type\" content=\"image\/jpeg\" \/>\n<meta name=\"author\" content=\"Nexo Informativo\" \/>\n<meta name=\"twitter:card\" content=\"summary_large_image\" \/>\n<meta name=\"twitter:label1\" content=\"Escrito por\" \/>\n\t<meta name=\"twitter:data1\" content=\"Nexo Informativo\" \/>\n\t<meta name=\"twitter:label2\" content=\"Tiempo de lectura\" \/>\n\t<meta name=\"twitter:data2\" content=\"2 minutos\" \/>\n<script type=\"application\/ld+json\" class=\"yoast-schema-graph\">{\"@context\":\"https:\/\/schema.org\",\"@graph\":[{\"@type\":\"Article\",\"@id\":\"https:\/\/www.nexoinformativo.mx\/index.php\/2024\/10\/30\/queretaro-se-viste-de-arte-montaje-y-el-zoo-de-cristal-llegan-a-la-escena-cultural\/#article\",\"isPartOf\":{\"@id\":\"https:\/\/www.nexoinformativo.mx\/index.php\/2024\/10\/30\/queretaro-se-viste-de-arte-montaje-y-el-zoo-de-cristal-llegan-a-la-escena-cultural\/\"},\"author\":{\"name\":\"Nexo Informativo\",\"@id\":\"https:\/\/www.nexoinformativo.mx\/#\/schema\/person\/7749d380ba08c8ca00d7bc76fd907b7d\"},\"headline\":\"Quer\u00e9taro se viste de arte: &#8220;Montaje&#8221; y &#8220;El Zoo de Cristal&#8221; llegan a la escena cultural\",\"datePublished\":\"2024-10-30T18:00:02+00:00\",\"dateModified\":\"2024-10-30T19:41:57+00:00\",\"mainEntityOfPage\":{\"@id\":\"https:\/\/www.nexoinformativo.mx\/index.php\/2024\/10\/30\/queretaro-se-viste-de-arte-montaje-y-el-zoo-de-cristal-llegan-a-la-escena-cultural\/\"},\"wordCount\":340,\"commentCount\":0,\"publisher\":{\"@id\":\"https:\/\/www.nexoinformativo.mx\/#organization\"},\"image\":{\"@id\":\"https:\/\/www.nexoinformativo.mx\/index.php\/2024\/10\/30\/queretaro-se-viste-de-arte-montaje-y-el-zoo-de-cristal-llegan-a-la-escena-cultural\/#primaryimage\"},\"thumbnailUrl\":\"https:\/\/www.nexoinformativo.mx\/wp-content\/uploads\/2024\/10\/PHOTO-2024-10-30-12-15-51-e1730317144520.jpg\",\"keywords\":[\"ArteMexicano\",\"CineQueretano\",\"CulturaQuer\u00e9taro\",\"TeatroQuer\u00e9taro\"],\"articleSection\":[\"Espect\u00e1culos\",\"\u00daltima Hora\"],\"inLanguage\":\"es\",\"potentialAction\":[{\"@type\":\"CommentAction\",\"name\":\"Comment\",\"target\":[\"https:\/\/www.nexoinformativo.mx\/index.php\/2024\/10\/30\/queretaro-se-viste-de-arte-montaje-y-el-zoo-de-cristal-llegan-a-la-escena-cultural\/#respond\"]}]},{\"@type\":\"WebPage\",\"@id\":\"https:\/\/www.nexoinformativo.mx\/index.php\/2024\/10\/30\/queretaro-se-viste-de-arte-montaje-y-el-zoo-de-cristal-llegan-a-la-escena-cultural\/\",\"url\":\"https:\/\/www.nexoinformativo.mx\/index.php\/2024\/10\/30\/queretaro-se-viste-de-arte-montaje-y-el-zoo-de-cristal-llegan-a-la-escena-cultural\/\",\"name\":\"Quer\u00e9taro se viste de arte: \\\"Montaje\\\" y \\\"El Zoo de Cristal\\\" llegan a la escena cultural | Nexo Informativo Santiago de Quer\u00e9taro\",\"isPartOf\":{\"@id\":\"https:\/\/www.nexoinformativo.mx\/#website\"},\"primaryImageOfPage\":{\"@id\":\"https:\/\/www.nexoinformativo.mx\/index.php\/2024\/10\/30\/queretaro-se-viste-de-arte-montaje-y-el-zoo-de-cristal-llegan-a-la-escena-cultural\/#primaryimage\"},\"image\":{\"@id\":\"https:\/\/www.nexoinformativo.mx\/index.php\/2024\/10\/30\/queretaro-se-viste-de-arte-montaje-y-el-zoo-de-cristal-llegan-a-la-escena-cultural\/#primaryimage\"},\"thumbnailUrl\":\"https:\/\/www.nexoinformativo.mx\/wp-content\/uploads\/2024\/10\/PHOTO-2024-10-30-12-15-51-e1730317144520.jpg\",\"datePublished\":\"2024-10-30T18:00:02+00:00\",\"dateModified\":\"2024-10-30T19:41:57+00:00\",\"description\":\"Quer\u00e9taro se viste de arte: \\\"Montaje\\\" y \\\"El Zoo de Cristal\\\" llegan a la escena cultural\",\"breadcrumb\":{\"@id\":\"https:\/\/www.nexoinformativo.mx\/index.php\/2024\/10\/30\/queretaro-se-viste-de-arte-montaje-y-el-zoo-de-cristal-llegan-a-la-escena-cultural\/#breadcrumb\"},\"inLanguage\":\"es\",\"potentialAction\":[{\"@type\":\"ReadAction\",\"target\":[\"https:\/\/www.nexoinformativo.mx\/index.php\/2024\/10\/30\/queretaro-se-viste-de-arte-montaje-y-el-zoo-de-cristal-llegan-a-la-escena-cultural\/\"]}]},{\"@type\":\"ImageObject\",\"inLanguage\":\"es\",\"@id\":\"https:\/\/www.nexoinformativo.mx\/index.php\/2024\/10\/30\/queretaro-se-viste-de-arte-montaje-y-el-zoo-de-cristal-llegan-a-la-escena-cultural\/#primaryimage\",\"url\":\"https:\/\/www.nexoinformativo.mx\/wp-content\/uploads\/2024\/10\/PHOTO-2024-10-30-12-15-51-e1730317144520.jpg\",\"contentUrl\":\"https:\/\/www.nexoinformativo.mx\/wp-content\/uploads\/2024\/10\/PHOTO-2024-10-30-12-15-51-e1730317144520.jpg\",\"width\":800,\"height\":600},{\"@type\":\"BreadcrumbList\",\"@id\":\"https:\/\/www.nexoinformativo.mx\/index.php\/2024\/10\/30\/queretaro-se-viste-de-arte-montaje-y-el-zoo-de-cristal-llegan-a-la-escena-cultural\/#breadcrumb\",\"itemListElement\":[{\"@type\":\"ListItem\",\"position\":1,\"name\":\"Inicio\",\"item\":\"https:\/\/www.nexoinformativo.mx\/\"},{\"@type\":\"ListItem\",\"position\":2,\"name\":\"Quer\u00e9taro se viste de arte: &#8220;Montaje&#8221; y &#8220;El Zoo de Cristal&#8221; llegan a la escena cultural\"}]},{\"@type\":\"WebSite\",\"@id\":\"https:\/\/www.nexoinformativo.mx\/#website\",\"url\":\"https:\/\/www.nexoinformativo.mx\/\",\"name\":\"Nexo Informativo Santiago de Quer\u00e9taro\",\"description\":\"Explora NexoInformativo y convi\u00e9rtete en parte de una comunidad que valora el conocimiento y la verdad. Tu nexoinformativo es tu puente hacia una comprensi\u00f3n m\u00e1s profunda del mundo que te rodea.\",\"publisher\":{\"@id\":\"https:\/\/www.nexoinformativo.mx\/#organization\"},\"potentialAction\":[{\"@type\":\"SearchAction\",\"target\":{\"@type\":\"EntryPoint\",\"urlTemplate\":\"https:\/\/www.nexoinformativo.mx\/?s={search_term_string}\"},\"query-input\":{\"@type\":\"PropertyValueSpecification\",\"valueRequired\":true,\"valueName\":\"search_term_string\"}}],\"inLanguage\":\"es\"},{\"@type\":\"Organization\",\"@id\":\"https:\/\/www.nexoinformativo.mx\/#organization\",\"name\":\"Nexo Informativo Santiago de Quer\u00e9taro\",\"url\":\"https:\/\/www.nexoinformativo.mx\/\",\"logo\":{\"@type\":\"ImageObject\",\"inLanguage\":\"es\",\"@id\":\"https:\/\/www.nexoinformativo.mx\/#\/schema\/logo\/image\/\",\"url\":\"https:\/\/www.nexoinformativo.mx\/wp-content\/uploads\/2024\/07\/nexoi-trasparente-2.png\",\"contentUrl\":\"https:\/\/www.nexoinformativo.mx\/wp-content\/uploads\/2024\/07\/nexoi-trasparente-2.png\",\"width\":816,\"height\":339,\"caption\":\"Nexo Informativo Santiago de Quer\u00e9taro\"},\"image\":{\"@id\":\"https:\/\/www.nexoinformativo.mx\/#\/schema\/logo\/image\/\"},\"sameAs\":[\"https:\/\/www.facebook.com\/people\/Nexo-Informativo\/61564066885511\/\"]},{\"@type\":\"Person\",\"@id\":\"https:\/\/www.nexoinformativo.mx\/#\/schema\/person\/7749d380ba08c8ca00d7bc76fd907b7d\",\"name\":\"Nexo Informativo\",\"image\":{\"@type\":\"ImageObject\",\"inLanguage\":\"es\",\"@id\":\"https:\/\/www.nexoinformativo.mx\/#\/schema\/person\/image\/\",\"url\":\"https:\/\/secure.gravatar.com\/avatar\/dde2928154642a13d95f87ddf1ea9718fe2b46760a005c53e41ff5ad610704e6?s=96&d=mm&r=g\",\"contentUrl\":\"https:\/\/secure.gravatar.com\/avatar\/dde2928154642a13d95f87ddf1ea9718fe2b46760a005c53e41ff5ad610704e6?s=96&d=mm&r=g\",\"caption\":\"Nexo Informativo\"},\"url\":\"https:\/\/www.nexoinformativo.mx\/index.php\/author\/edicion\/\"}]}<\/script>\n<!-- \/ Yoast SEO plugin. -->","yoast_head_json":{"title":"Quer\u00e9taro se viste de arte: \"Montaje\" y \"El Zoo de Cristal\" llegan a la escena cultural | Nexo Informativo Santiago de Quer\u00e9taro","description":"Quer\u00e9taro se viste de arte: \"Montaje\" y \"El Zoo de Cristal\" llegan a la escena cultural","robots":{"index":"index","follow":"follow","max-snippet":"max-snippet:-1","max-image-preview":"max-image-preview:large","max-video-preview":"max-video-preview:-1"},"canonical":"https:\/\/www.nexoinformativo.mx\/index.php\/2024\/10\/30\/queretaro-se-viste-de-arte-montaje-y-el-zoo-de-cristal-llegan-a-la-escena-cultural\/","og_locale":"es_MX","og_type":"article","og_title":"Quer\u00e9taro se viste de arte: \"Montaje\" y \"El Zoo de Cristal\" llegan a la escena cultural | Nexo Informativo Santiago de Quer\u00e9taro","og_description":"Quer\u00e9taro se viste de arte: \"Montaje\" y \"El Zoo de Cristal\" llegan a la escena cultural","og_url":"https:\/\/www.nexoinformativo.mx\/index.php\/2024\/10\/30\/queretaro-se-viste-de-arte-montaje-y-el-zoo-de-cristal-llegan-a-la-escena-cultural\/","og_site_name":"Nexo Informativo Santiago de Quer\u00e9taro","article_publisher":"https:\/\/www.facebook.com\/people\/Nexo-Informativo\/61564066885511\/","article_published_time":"2024-10-30T18:00:02+00:00","article_modified_time":"2024-10-30T19:41:57+00:00","og_image":[{"width":800,"height":600,"url":"https:\/\/www.nexoinformativo.mx\/wp-content\/uploads\/2024\/10\/PHOTO-2024-10-30-12-15-51-e1730317144520.jpg","type":"image\/jpeg"}],"author":"Nexo Informativo","twitter_card":"summary_large_image","twitter_misc":{"Escrito por":"Nexo Informativo","Tiempo de lectura":"2 minutos"},"schema":{"@context":"https:\/\/schema.org","@graph":[{"@type":"Article","@id":"https:\/\/www.nexoinformativo.mx\/index.php\/2024\/10\/30\/queretaro-se-viste-de-arte-montaje-y-el-zoo-de-cristal-llegan-a-la-escena-cultural\/#article","isPartOf":{"@id":"https:\/\/www.nexoinformativo.mx\/index.php\/2024\/10\/30\/queretaro-se-viste-de-arte-montaje-y-el-zoo-de-cristal-llegan-a-la-escena-cultural\/"},"author":{"name":"Nexo Informativo","@id":"https:\/\/www.nexoinformativo.mx\/#\/schema\/person\/7749d380ba08c8ca00d7bc76fd907b7d"},"headline":"Quer\u00e9taro se viste de arte: &#8220;Montaje&#8221; y &#8220;El Zoo de Cristal&#8221; llegan a la escena cultural","datePublished":"2024-10-30T18:00:02+00:00","dateModified":"2024-10-30T19:41:57+00:00","mainEntityOfPage":{"@id":"https:\/\/www.nexoinformativo.mx\/index.php\/2024\/10\/30\/queretaro-se-viste-de-arte-montaje-y-el-zoo-de-cristal-llegan-a-la-escena-cultural\/"},"wordCount":340,"commentCount":0,"publisher":{"@id":"https:\/\/www.nexoinformativo.mx\/#organization"},"image":{"@id":"https:\/\/www.nexoinformativo.mx\/index.php\/2024\/10\/30\/queretaro-se-viste-de-arte-montaje-y-el-zoo-de-cristal-llegan-a-la-escena-cultural\/#primaryimage"},"thumbnailUrl":"https:\/\/www.nexoinformativo.mx\/wp-content\/uploads\/2024\/10\/PHOTO-2024-10-30-12-15-51-e1730317144520.jpg","keywords":["ArteMexicano","CineQueretano","CulturaQuer\u00e9taro","TeatroQuer\u00e9taro"],"articleSection":["Espect\u00e1culos","\u00daltima Hora"],"inLanguage":"es","potentialAction":[{"@type":"CommentAction","name":"Comment","target":["https:\/\/www.nexoinformativo.mx\/index.php\/2024\/10\/30\/queretaro-se-viste-de-arte-montaje-y-el-zoo-de-cristal-llegan-a-la-escena-cultural\/#respond"]}]},{"@type":"WebPage","@id":"https:\/\/www.nexoinformativo.mx\/index.php\/2024\/10\/30\/queretaro-se-viste-de-arte-montaje-y-el-zoo-de-cristal-llegan-a-la-escena-cultural\/","url":"https:\/\/www.nexoinformativo.mx\/index.php\/2024\/10\/30\/queretaro-se-viste-de-arte-montaje-y-el-zoo-de-cristal-llegan-a-la-escena-cultural\/","name":"Quer\u00e9taro se viste de arte: \"Montaje\" y \"El Zoo de Cristal\" llegan a la escena cultural | Nexo Informativo Santiago de Quer\u00e9taro","isPartOf":{"@id":"https:\/\/www.nexoinformativo.mx\/#website"},"primaryImageOfPage":{"@id":"https:\/\/www.nexoinformativo.mx\/index.php\/2024\/10\/30\/queretaro-se-viste-de-arte-montaje-y-el-zoo-de-cristal-llegan-a-la-escena-cultural\/#primaryimage"},"image":{"@id":"https:\/\/www.nexoinformativo.mx\/index.php\/2024\/10\/30\/queretaro-se-viste-de-arte-montaje-y-el-zoo-de-cristal-llegan-a-la-escena-cultural\/#primaryimage"},"thumbnailUrl":"https:\/\/www.nexoinformativo.mx\/wp-content\/uploads\/2024\/10\/PHOTO-2024-10-30-12-15-51-e1730317144520.jpg","datePublished":"2024-10-30T18:00:02+00:00","dateModified":"2024-10-30T19:41:57+00:00","description":"Quer\u00e9taro se viste de arte: \"Montaje\" y \"El Zoo de Cristal\" llegan a la escena cultural","breadcrumb":{"@id":"https:\/\/www.nexoinformativo.mx\/index.php\/2024\/10\/30\/queretaro-se-viste-de-arte-montaje-y-el-zoo-de-cristal-llegan-a-la-escena-cultural\/#breadcrumb"},"inLanguage":"es","potentialAction":[{"@type":"ReadAction","target":["https:\/\/www.nexoinformativo.mx\/index.php\/2024\/10\/30\/queretaro-se-viste-de-arte-montaje-y-el-zoo-de-cristal-llegan-a-la-escena-cultural\/"]}]},{"@type":"ImageObject","inLanguage":"es","@id":"https:\/\/www.nexoinformativo.mx\/index.php\/2024\/10\/30\/queretaro-se-viste-de-arte-montaje-y-el-zoo-de-cristal-llegan-a-la-escena-cultural\/#primaryimage","url":"https:\/\/www.nexoinformativo.mx\/wp-content\/uploads\/2024\/10\/PHOTO-2024-10-30-12-15-51-e1730317144520.jpg","contentUrl":"https:\/\/www.nexoinformativo.mx\/wp-content\/uploads\/2024\/10\/PHOTO-2024-10-30-12-15-51-e1730317144520.jpg","width":800,"height":600},{"@type":"BreadcrumbList","@id":"https:\/\/www.nexoinformativo.mx\/index.php\/2024\/10\/30\/queretaro-se-viste-de-arte-montaje-y-el-zoo-de-cristal-llegan-a-la-escena-cultural\/#breadcrumb","itemListElement":[{"@type":"ListItem","position":1,"name":"Inicio","item":"https:\/\/www.nexoinformativo.mx\/"},{"@type":"ListItem","position":2,"name":"Quer\u00e9taro se viste de arte: &#8220;Montaje&#8221; y &#8220;El Zoo de Cristal&#8221; llegan a la escena cultural"}]},{"@type":"WebSite","@id":"https:\/\/www.nexoinformativo.mx\/#website","url":"https:\/\/www.nexoinformativo.mx\/","name":"Nexo Informativo Santiago de Quer\u00e9taro","description":"Explora NexoInformativo y convi\u00e9rtete en parte de una comunidad que valora el conocimiento y la verdad. Tu nexoinformativo es tu puente hacia una comprensi\u00f3n m\u00e1s profunda del mundo que te rodea.","publisher":{"@id":"https:\/\/www.nexoinformativo.mx\/#organization"},"potentialAction":[{"@type":"SearchAction","target":{"@type":"EntryPoint","urlTemplate":"https:\/\/www.nexoinformativo.mx\/?s={search_term_string}"},"query-input":{"@type":"PropertyValueSpecification","valueRequired":true,"valueName":"search_term_string"}}],"inLanguage":"es"},{"@type":"Organization","@id":"https:\/\/www.nexoinformativo.mx\/#organization","name":"Nexo Informativo Santiago de Quer\u00e9taro","url":"https:\/\/www.nexoinformativo.mx\/","logo":{"@type":"ImageObject","inLanguage":"es","@id":"https:\/\/www.nexoinformativo.mx\/#\/schema\/logo\/image\/","url":"https:\/\/www.nexoinformativo.mx\/wp-content\/uploads\/2024\/07\/nexoi-trasparente-2.png","contentUrl":"https:\/\/www.nexoinformativo.mx\/wp-content\/uploads\/2024\/07\/nexoi-trasparente-2.png","width":816,"height":339,"caption":"Nexo Informativo Santiago de Quer\u00e9taro"},"image":{"@id":"https:\/\/www.nexoinformativo.mx\/#\/schema\/logo\/image\/"},"sameAs":["https:\/\/www.facebook.com\/people\/Nexo-Informativo\/61564066885511\/"]},{"@type":"Person","@id":"https:\/\/www.nexoinformativo.mx\/#\/schema\/person\/7749d380ba08c8ca00d7bc76fd907b7d","name":"Nexo Informativo","image":{"@type":"ImageObject","inLanguage":"es","@id":"https:\/\/www.nexoinformativo.mx\/#\/schema\/person\/image\/","url":"https:\/\/secure.gravatar.com\/avatar\/dde2928154642a13d95f87ddf1ea9718fe2b46760a005c53e41ff5ad610704e6?s=96&d=mm&r=g","contentUrl":"https:\/\/secure.gravatar.com\/avatar\/dde2928154642a13d95f87ddf1ea9718fe2b46760a005c53e41ff5ad610704e6?s=96&d=mm&r=g","caption":"Nexo Informativo"},"url":"https:\/\/www.nexoinformativo.mx\/index.php\/author\/edicion\/"}]}},"_links":{"self":[{"href":"https:\/\/www.nexoinformativo.mx\/index.php\/wp-json\/wp\/v2\/posts\/4927","targetHints":{"allow":["GET"]}}],"collection":[{"href":"https:\/\/www.nexoinformativo.mx\/index.php\/wp-json\/wp\/v2\/posts"}],"about":[{"href":"https:\/\/www.nexoinformativo.mx\/index.php\/wp-json\/wp\/v2\/types\/post"}],"author":[{"embeddable":true,"href":"https:\/\/www.nexoinformativo.mx\/index.php\/wp-json\/wp\/v2\/users\/3"}],"replies":[{"embeddable":true,"href":"https:\/\/www.nexoinformativo.mx\/index.php\/wp-json\/wp\/v2\/comments?post=4927"}],"version-history":[{"count":4,"href":"https:\/\/www.nexoinformativo.mx\/index.php\/wp-json\/wp\/v2\/posts\/4927\/revisions"}],"predecessor-version":[{"id":4930,"href":"https:\/\/www.nexoinformativo.mx\/index.php\/wp-json\/wp\/v2\/posts\/4927\/revisions\/4930"}],"wp:featuredmedia":[{"embeddable":true,"href":"https:\/\/www.nexoinformativo.mx\/index.php\/wp-json\/wp\/v2\/media\/4928"}],"wp:attachment":[{"href":"https:\/\/www.nexoinformativo.mx\/index.php\/wp-json\/wp\/v2\/media?parent=4927"}],"wp:term":[{"taxonomy":"category","embeddable":true,"href":"https:\/\/www.nexoinformativo.mx\/index.php\/wp-json\/wp\/v2\/categories?post=4927"},{"taxonomy":"post_tag","embeddable":true,"href":"https:\/\/www.nexoinformativo.mx\/index.php\/wp-json\/wp\/v2\/tags?post=4927"}],"curies":[{"name":"wp","href":"https:\/\/api.w.org\/{rel}","templated":true}]}}