{"id":4957,"date":"2024-10-30T16:00:28","date_gmt":"2024-10-30T22:00:28","guid":{"rendered":"https:\/\/www.nexoinformativo.mx\/?p=4957"},"modified":"2024-10-30T17:58:45","modified_gmt":"2024-10-30T23:58:45","slug":"queretaro-y-chicago-se-unen-para-impulsar-el-intercambio-turistico","status":"publish","type":"post","link":"https:\/\/www.nexoinformativo.mx\/index.php\/2024\/10\/30\/queretaro-y-chicago-se-unen-para-impulsar-el-intercambio-turistico\/","title":{"rendered":"Quer\u00e9taro y Chicago Se unen para impulsar el intercambio tur\u00edstico"},"content":{"rendered":"<p style=\"text-align: justify;\">La Secretar\u00eda de Turismo del estado de Quer\u00e9taro (SECTUR) recibi\u00f3 a representantes de las principales agencias de viaje de Chicago, en un esfuerzo por establecer lazos de colaboraci\u00f3n que promuevan el intercambio tur\u00edstico entre ambos destinos.<\/p>\n<p>&nbsp;<\/p>\n<p style=\"text-align: justify;\">La coordinadora de Enlace y Seguimiento, Yara Beltr\u00e1n G\u00f3mez, lider\u00f3 esta iniciativa que busca atraer m\u00e1s visitantes norteamericanos a Quer\u00e9taro. Durante la presentaci\u00f3n de los principales destinos y servicios tur\u00edsticos de la entidad, Beltr\u00e1n destac\u00f3 la importancia de fomentar relaciones con los agentes de viajes de Chicago.<\/p>\n<p>&nbsp;<\/p>\n<p style=\"text-align: justify;\"><strong>&#8220;Queremos seguir promoviendo nuestro destino en Estados Unidos, donde contamos con un vuelo directo operado por la aerol\u00ednea Volaris, que conecta a ambos destinos con dos vuelos semanales&#8221;<\/strong>, mencion\u00f3. El objetivo es elevar el perfil del turista que visita Quer\u00e9taro, as\u00ed como aumentar la derrama econ\u00f3mica que generan.<\/p>\n<p>&nbsp;<\/p>\n<p style=\"text-align: justify;\">Adem\u00e1s, se busca vincular el trabajo de agencias, tour operadores y prestadores de servicios locales para trabajar juntos en la venta de productos y servicios tur\u00edsticos. Cabe recordar que Quer\u00e9taro tuvo una significativa participaci\u00f3n en la <strong>&#8220;Semana de M\u00e9xico en Chicago&#8221;<\/strong> hace algunos meses, donde se llevaron a cabo diversas actividades de vinculaci\u00f3n con tour operadores y agencias de viaje mayoristas.<\/p>\n<p>&nbsp;<\/p>\n<p style=\"text-align: justify;\">Esta colaboraci\u00f3n incluye sesiones de networking que fortalecen las conexiones entre ambos mercados. Los empresarios norteamericanos, en conjunto con Volaris, visitaron varios atractivos tur\u00edsticos de Quer\u00e9taro, como los Pueblos M\u00e1gicos de Bernal, Pinal de Amoles y Tequisquiapan, as\u00ed como el Centro Hist\u00f3rico de la capital.<\/p>\n<p>&nbsp;<\/p>\n<p style=\"text-align: justify;\">Tambi\u00e9n participaron en reuniones de trabajo con operadores tur\u00edsticos y agencias locales, sentando las bases para un intercambio tur\u00edstico m\u00e1s robusto y efectivo.<\/p>\n<p>&nbsp;<\/p>\n<p style=\"text-align: center;\"><em><strong>\u00a1Informaci\u00f3n que transforma!<\/strong><\/em><\/p>\n<p>&nbsp;<\/p>\n","protected":false},"excerpt":{"rendered":"<p>La Secretar\u00eda de Turismo del estado de Quer\u00e9taro (SECTUR) recibi\u00f3 a representantes de las principales agencias de viaje de Chicago, en un esfuerzo por establecer lazos de colaboraci\u00f3n que promuevan el intercambio tur\u00edstico entre ambos destinos.<\/p>\n","protected":false},"author":3,"featured_media":4958,"comment_status":"open","ping_status":"open","sticky":false,"template":"","format":"standard","meta":{"footnotes":""},"categories":[1],"tags":[1763,1762,992,1764],"class_list":["post-4957","post","type-post","status-publish","format-standard","has-post-thumbnail","hentry","category-uncategorized","tag-chicago","tag-intercambioturistico","tag-turismoqueretaro","tag-volaris"],"yoast_head":"<!-- This site is optimized with the Yoast SEO plugin v25.0 - https:\/\/yoast.com\/wordpress\/plugins\/seo\/ -->\n<title>Quer\u00e9taro y Chicago Se unen para impulsar el intercambio tur\u00edstico | Nexo Informativo Santiago de Quer\u00e9taro<\/title>\n<meta name=\"description\" content=\"Quer\u00e9taro y Chicago Se unen para impulsar el intercambio tur\u00edstico\" \/>\n<meta name=\"robots\" content=\"index, follow, max-snippet:-1, max-image-preview:large, max-video-preview:-1\" \/>\n<link rel=\"canonical\" href=\"https:\/\/www.nexoinformativo.mx\/index.php\/2024\/10\/30\/queretaro-y-chicago-se-unen-para-impulsar-el-intercambio-turistico\/\" \/>\n<meta property=\"og:locale\" content=\"es_MX\" \/>\n<meta property=\"og:type\" content=\"article\" \/>\n<meta property=\"og:title\" content=\"Quer\u00e9taro y Chicago Se unen para impulsar el intercambio tur\u00edstico | Nexo Informativo Santiago de Quer\u00e9taro\" \/>\n<meta property=\"og:description\" content=\"Quer\u00e9taro y Chicago Se unen para impulsar el intercambio tur\u00edstico\" \/>\n<meta property=\"og:url\" content=\"https:\/\/www.nexoinformativo.mx\/index.php\/2024\/10\/30\/queretaro-y-chicago-se-unen-para-impulsar-el-intercambio-turistico\/\" \/>\n<meta property=\"og:site_name\" content=\"Nexo Informativo Santiago de Quer\u00e9taro\" \/>\n<meta property=\"article:publisher\" content=\"https:\/\/www.facebook.com\/people\/Nexo-Informativo\/61564066885511\/\" \/>\n<meta property=\"article:published_time\" content=\"2024-10-30T22:00:28+00:00\" \/>\n<meta property=\"article:modified_time\" content=\"2024-10-30T23:58:45+00:00\" \/>\n<meta property=\"og:image\" content=\"https:\/\/www.nexoinformativo.mx\/wp-content\/uploads\/2024\/10\/PHOTO-2024-10-30-15-02-01-e1730332646132.jpg\" \/>\n\t<meta property=\"og:image:width\" content=\"700\" \/>\n\t<meta property=\"og:image:height\" content=\"875\" \/>\n\t<meta property=\"og:image:type\" content=\"image\/jpeg\" \/>\n<meta name=\"author\" content=\"Nexo Informativo\" \/>\n<meta name=\"twitter:card\" content=\"summary_large_image\" \/>\n<meta name=\"twitter:label1\" content=\"Escrito por\" \/>\n\t<meta name=\"twitter:data1\" content=\"Nexo Informativo\" \/>\n\t<meta name=\"twitter:label2\" content=\"Tiempo de lectura\" \/>\n\t<meta name=\"twitter:data2\" content=\"2 minutos\" \/>\n<script type=\"application\/ld+json\" class=\"yoast-schema-graph\">{\"@context\":\"https:\/\/schema.org\",\"@graph\":[{\"@type\":\"Article\",\"@id\":\"https:\/\/www.nexoinformativo.mx\/index.php\/2024\/10\/30\/queretaro-y-chicago-se-unen-para-impulsar-el-intercambio-turistico\/#article\",\"isPartOf\":{\"@id\":\"https:\/\/www.nexoinformativo.mx\/index.php\/2024\/10\/30\/queretaro-y-chicago-se-unen-para-impulsar-el-intercambio-turistico\/\"},\"author\":{\"name\":\"Nexo Informativo\",\"@id\":\"https:\/\/www.nexoinformativo.mx\/#\/schema\/person\/7749d380ba08c8ca00d7bc76fd907b7d\"},\"headline\":\"Quer\u00e9taro y Chicago Se unen para impulsar el intercambio tur\u00edstico\",\"datePublished\":\"2024-10-30T22:00:28+00:00\",\"dateModified\":\"2024-10-30T23:58:45+00:00\",\"mainEntityOfPage\":{\"@id\":\"https:\/\/www.nexoinformativo.mx\/index.php\/2024\/10\/30\/queretaro-y-chicago-se-unen-para-impulsar-el-intercambio-turistico\/\"},\"wordCount\":312,\"commentCount\":0,\"publisher\":{\"@id\":\"https:\/\/www.nexoinformativo.mx\/#organization\"},\"image\":{\"@id\":\"https:\/\/www.nexoinformativo.mx\/index.php\/2024\/10\/30\/queretaro-y-chicago-se-unen-para-impulsar-el-intercambio-turistico\/#primaryimage\"},\"thumbnailUrl\":\"https:\/\/www.nexoinformativo.mx\/wp-content\/uploads\/2024\/10\/PHOTO-2024-10-30-15-02-01-e1730332646132.jpg\",\"keywords\":[\"Chicago\",\"IntercambioTur\u00edstico\",\"TurismoQuer\u00e9taro\",\"Volaris\"],\"articleSection\":[\"Uncategorized\"],\"inLanguage\":\"es\",\"potentialAction\":[{\"@type\":\"CommentAction\",\"name\":\"Comment\",\"target\":[\"https:\/\/www.nexoinformativo.mx\/index.php\/2024\/10\/30\/queretaro-y-chicago-se-unen-para-impulsar-el-intercambio-turistico\/#respond\"]}]},{\"@type\":\"WebPage\",\"@id\":\"https:\/\/www.nexoinformativo.mx\/index.php\/2024\/10\/30\/queretaro-y-chicago-se-unen-para-impulsar-el-intercambio-turistico\/\",\"url\":\"https:\/\/www.nexoinformativo.mx\/index.php\/2024\/10\/30\/queretaro-y-chicago-se-unen-para-impulsar-el-intercambio-turistico\/\",\"name\":\"Quer\u00e9taro y Chicago Se unen para impulsar el intercambio tur\u00edstico | Nexo Informativo Santiago de Quer\u00e9taro\",\"isPartOf\":{\"@id\":\"https:\/\/www.nexoinformativo.mx\/#website\"},\"primaryImageOfPage\":{\"@id\":\"https:\/\/www.nexoinformativo.mx\/index.php\/2024\/10\/30\/queretaro-y-chicago-se-unen-para-impulsar-el-intercambio-turistico\/#primaryimage\"},\"image\":{\"@id\":\"https:\/\/www.nexoinformativo.mx\/index.php\/2024\/10\/30\/queretaro-y-chicago-se-unen-para-impulsar-el-intercambio-turistico\/#primaryimage\"},\"thumbnailUrl\":\"https:\/\/www.nexoinformativo.mx\/wp-content\/uploads\/2024\/10\/PHOTO-2024-10-30-15-02-01-e1730332646132.jpg\",\"datePublished\":\"2024-10-30T22:00:28+00:00\",\"dateModified\":\"2024-10-30T23:58:45+00:00\",\"description\":\"Quer\u00e9taro y Chicago Se unen para impulsar el intercambio tur\u00edstico\",\"breadcrumb\":{\"@id\":\"https:\/\/www.nexoinformativo.mx\/index.php\/2024\/10\/30\/queretaro-y-chicago-se-unen-para-impulsar-el-intercambio-turistico\/#breadcrumb\"},\"inLanguage\":\"es\",\"potentialAction\":[{\"@type\":\"ReadAction\",\"target\":[\"https:\/\/www.nexoinformativo.mx\/index.php\/2024\/10\/30\/queretaro-y-chicago-se-unen-para-impulsar-el-intercambio-turistico\/\"]}]},{\"@type\":\"ImageObject\",\"inLanguage\":\"es\",\"@id\":\"https:\/\/www.nexoinformativo.mx\/index.php\/2024\/10\/30\/queretaro-y-chicago-se-unen-para-impulsar-el-intercambio-turistico\/#primaryimage\",\"url\":\"https:\/\/www.nexoinformativo.mx\/wp-content\/uploads\/2024\/10\/PHOTO-2024-10-30-15-02-01-e1730332646132.jpg\",\"contentUrl\":\"https:\/\/www.nexoinformativo.mx\/wp-content\/uploads\/2024\/10\/PHOTO-2024-10-30-15-02-01-e1730332646132.jpg\",\"width\":700,\"height\":875},{\"@type\":\"BreadcrumbList\",\"@id\":\"https:\/\/www.nexoinformativo.mx\/index.php\/2024\/10\/30\/queretaro-y-chicago-se-unen-para-impulsar-el-intercambio-turistico\/#breadcrumb\",\"itemListElement\":[{\"@type\":\"ListItem\",\"position\":1,\"name\":\"Inicio\",\"item\":\"https:\/\/www.nexoinformativo.mx\/\"},{\"@type\":\"ListItem\",\"position\":2,\"name\":\"Quer\u00e9taro y Chicago Se unen para impulsar el intercambio tur\u00edstico\"}]},{\"@type\":\"WebSite\",\"@id\":\"https:\/\/www.nexoinformativo.mx\/#website\",\"url\":\"https:\/\/www.nexoinformativo.mx\/\",\"name\":\"Nexo Informativo Santiago de Quer\u00e9taro\",\"description\":\"Explora NexoInformativo y convi\u00e9rtete en parte de una comunidad que valora el conocimiento y la verdad. Tu nexoinformativo es tu puente hacia una comprensi\u00f3n m\u00e1s profunda del mundo que te rodea.\",\"publisher\":{\"@id\":\"https:\/\/www.nexoinformativo.mx\/#organization\"},\"potentialAction\":[{\"@type\":\"SearchAction\",\"target\":{\"@type\":\"EntryPoint\",\"urlTemplate\":\"https:\/\/www.nexoinformativo.mx\/?s={search_term_string}\"},\"query-input\":{\"@type\":\"PropertyValueSpecification\",\"valueRequired\":true,\"valueName\":\"search_term_string\"}}],\"inLanguage\":\"es\"},{\"@type\":\"Organization\",\"@id\":\"https:\/\/www.nexoinformativo.mx\/#organization\",\"name\":\"Nexo Informativo Santiago de Quer\u00e9taro\",\"url\":\"https:\/\/www.nexoinformativo.mx\/\",\"logo\":{\"@type\":\"ImageObject\",\"inLanguage\":\"es\",\"@id\":\"https:\/\/www.nexoinformativo.mx\/#\/schema\/logo\/image\/\",\"url\":\"https:\/\/www.nexoinformativo.mx\/wp-content\/uploads\/2024\/07\/nexoi-trasparente-2.png\",\"contentUrl\":\"https:\/\/www.nexoinformativo.mx\/wp-content\/uploads\/2024\/07\/nexoi-trasparente-2.png\",\"width\":816,\"height\":339,\"caption\":\"Nexo Informativo Santiago de Quer\u00e9taro\"},\"image\":{\"@id\":\"https:\/\/www.nexoinformativo.mx\/#\/schema\/logo\/image\/\"},\"sameAs\":[\"https:\/\/www.facebook.com\/people\/Nexo-Informativo\/61564066885511\/\"]},{\"@type\":\"Person\",\"@id\":\"https:\/\/www.nexoinformativo.mx\/#\/schema\/person\/7749d380ba08c8ca00d7bc76fd907b7d\",\"name\":\"Nexo Informativo\",\"image\":{\"@type\":\"ImageObject\",\"inLanguage\":\"es\",\"@id\":\"https:\/\/www.nexoinformativo.mx\/#\/schema\/person\/image\/\",\"url\":\"https:\/\/secure.gravatar.com\/avatar\/dde2928154642a13d95f87ddf1ea9718fe2b46760a005c53e41ff5ad610704e6?s=96&d=mm&r=g\",\"contentUrl\":\"https:\/\/secure.gravatar.com\/avatar\/dde2928154642a13d95f87ddf1ea9718fe2b46760a005c53e41ff5ad610704e6?s=96&d=mm&r=g\",\"caption\":\"Nexo Informativo\"},\"url\":\"https:\/\/www.nexoinformativo.mx\/index.php\/author\/edicion\/\"}]}<\/script>\n<!-- \/ Yoast SEO plugin. -->","yoast_head_json":{"title":"Quer\u00e9taro y Chicago Se unen para impulsar el intercambio tur\u00edstico | Nexo Informativo Santiago de Quer\u00e9taro","description":"Quer\u00e9taro y Chicago Se unen para impulsar el intercambio tur\u00edstico","robots":{"index":"index","follow":"follow","max-snippet":"max-snippet:-1","max-image-preview":"max-image-preview:large","max-video-preview":"max-video-preview:-1"},"canonical":"https:\/\/www.nexoinformativo.mx\/index.php\/2024\/10\/30\/queretaro-y-chicago-se-unen-para-impulsar-el-intercambio-turistico\/","og_locale":"es_MX","og_type":"article","og_title":"Quer\u00e9taro y Chicago Se unen para impulsar el intercambio tur\u00edstico | Nexo Informativo Santiago de Quer\u00e9taro","og_description":"Quer\u00e9taro y Chicago Se unen para impulsar el intercambio tur\u00edstico","og_url":"https:\/\/www.nexoinformativo.mx\/index.php\/2024\/10\/30\/queretaro-y-chicago-se-unen-para-impulsar-el-intercambio-turistico\/","og_site_name":"Nexo Informativo Santiago de Quer\u00e9taro","article_publisher":"https:\/\/www.facebook.com\/people\/Nexo-Informativo\/61564066885511\/","article_published_time":"2024-10-30T22:00:28+00:00","article_modified_time":"2024-10-30T23:58:45+00:00","og_image":[{"width":700,"height":875,"url":"https:\/\/www.nexoinformativo.mx\/wp-content\/uploads\/2024\/10\/PHOTO-2024-10-30-15-02-01-e1730332646132.jpg","type":"image\/jpeg"}],"author":"Nexo Informativo","twitter_card":"summary_large_image","twitter_misc":{"Escrito por":"Nexo Informativo","Tiempo de lectura":"2 minutos"},"schema":{"@context":"https:\/\/schema.org","@graph":[{"@type":"Article","@id":"https:\/\/www.nexoinformativo.mx\/index.php\/2024\/10\/30\/queretaro-y-chicago-se-unen-para-impulsar-el-intercambio-turistico\/#article","isPartOf":{"@id":"https:\/\/www.nexoinformativo.mx\/index.php\/2024\/10\/30\/queretaro-y-chicago-se-unen-para-impulsar-el-intercambio-turistico\/"},"author":{"name":"Nexo Informativo","@id":"https:\/\/www.nexoinformativo.mx\/#\/schema\/person\/7749d380ba08c8ca00d7bc76fd907b7d"},"headline":"Quer\u00e9taro y Chicago Se unen para impulsar el intercambio tur\u00edstico","datePublished":"2024-10-30T22:00:28+00:00","dateModified":"2024-10-30T23:58:45+00:00","mainEntityOfPage":{"@id":"https:\/\/www.nexoinformativo.mx\/index.php\/2024\/10\/30\/queretaro-y-chicago-se-unen-para-impulsar-el-intercambio-turistico\/"},"wordCount":312,"commentCount":0,"publisher":{"@id":"https:\/\/www.nexoinformativo.mx\/#organization"},"image":{"@id":"https:\/\/www.nexoinformativo.mx\/index.php\/2024\/10\/30\/queretaro-y-chicago-se-unen-para-impulsar-el-intercambio-turistico\/#primaryimage"},"thumbnailUrl":"https:\/\/www.nexoinformativo.mx\/wp-content\/uploads\/2024\/10\/PHOTO-2024-10-30-15-02-01-e1730332646132.jpg","keywords":["Chicago","IntercambioTur\u00edstico","TurismoQuer\u00e9taro","Volaris"],"articleSection":["Uncategorized"],"inLanguage":"es","potentialAction":[{"@type":"CommentAction","name":"Comment","target":["https:\/\/www.nexoinformativo.mx\/index.php\/2024\/10\/30\/queretaro-y-chicago-se-unen-para-impulsar-el-intercambio-turistico\/#respond"]}]},{"@type":"WebPage","@id":"https:\/\/www.nexoinformativo.mx\/index.php\/2024\/10\/30\/queretaro-y-chicago-se-unen-para-impulsar-el-intercambio-turistico\/","url":"https:\/\/www.nexoinformativo.mx\/index.php\/2024\/10\/30\/queretaro-y-chicago-se-unen-para-impulsar-el-intercambio-turistico\/","name":"Quer\u00e9taro y Chicago Se unen para impulsar el intercambio tur\u00edstico | Nexo Informativo Santiago de Quer\u00e9taro","isPartOf":{"@id":"https:\/\/www.nexoinformativo.mx\/#website"},"primaryImageOfPage":{"@id":"https:\/\/www.nexoinformativo.mx\/index.php\/2024\/10\/30\/queretaro-y-chicago-se-unen-para-impulsar-el-intercambio-turistico\/#primaryimage"},"image":{"@id":"https:\/\/www.nexoinformativo.mx\/index.php\/2024\/10\/30\/queretaro-y-chicago-se-unen-para-impulsar-el-intercambio-turistico\/#primaryimage"},"thumbnailUrl":"https:\/\/www.nexoinformativo.mx\/wp-content\/uploads\/2024\/10\/PHOTO-2024-10-30-15-02-01-e1730332646132.jpg","datePublished":"2024-10-30T22:00:28+00:00","dateModified":"2024-10-30T23:58:45+00:00","description":"Quer\u00e9taro y Chicago Se unen para impulsar el intercambio tur\u00edstico","breadcrumb":{"@id":"https:\/\/www.nexoinformativo.mx\/index.php\/2024\/10\/30\/queretaro-y-chicago-se-unen-para-impulsar-el-intercambio-turistico\/#breadcrumb"},"inLanguage":"es","potentialAction":[{"@type":"ReadAction","target":["https:\/\/www.nexoinformativo.mx\/index.php\/2024\/10\/30\/queretaro-y-chicago-se-unen-para-impulsar-el-intercambio-turistico\/"]}]},{"@type":"ImageObject","inLanguage":"es","@id":"https:\/\/www.nexoinformativo.mx\/index.php\/2024\/10\/30\/queretaro-y-chicago-se-unen-para-impulsar-el-intercambio-turistico\/#primaryimage","url":"https:\/\/www.nexoinformativo.mx\/wp-content\/uploads\/2024\/10\/PHOTO-2024-10-30-15-02-01-e1730332646132.jpg","contentUrl":"https:\/\/www.nexoinformativo.mx\/wp-content\/uploads\/2024\/10\/PHOTO-2024-10-30-15-02-01-e1730332646132.jpg","width":700,"height":875},{"@type":"BreadcrumbList","@id":"https:\/\/www.nexoinformativo.mx\/index.php\/2024\/10\/30\/queretaro-y-chicago-se-unen-para-impulsar-el-intercambio-turistico\/#breadcrumb","itemListElement":[{"@type":"ListItem","position":1,"name":"Inicio","item":"https:\/\/www.nexoinformativo.mx\/"},{"@type":"ListItem","position":2,"name":"Quer\u00e9taro y Chicago Se unen para impulsar el intercambio tur\u00edstico"}]},{"@type":"WebSite","@id":"https:\/\/www.nexoinformativo.mx\/#website","url":"https:\/\/www.nexoinformativo.mx\/","name":"Nexo Informativo Santiago de Quer\u00e9taro","description":"Explora NexoInformativo y convi\u00e9rtete en parte de una comunidad que valora el conocimiento y la verdad. Tu nexoinformativo es tu puente hacia una comprensi\u00f3n m\u00e1s profunda del mundo que te rodea.","publisher":{"@id":"https:\/\/www.nexoinformativo.mx\/#organization"},"potentialAction":[{"@type":"SearchAction","target":{"@type":"EntryPoint","urlTemplate":"https:\/\/www.nexoinformativo.mx\/?s={search_term_string}"},"query-input":{"@type":"PropertyValueSpecification","valueRequired":true,"valueName":"search_term_string"}}],"inLanguage":"es"},{"@type":"Organization","@id":"https:\/\/www.nexoinformativo.mx\/#organization","name":"Nexo Informativo Santiago de Quer\u00e9taro","url":"https:\/\/www.nexoinformativo.mx\/","logo":{"@type":"ImageObject","inLanguage":"es","@id":"https:\/\/www.nexoinformativo.mx\/#\/schema\/logo\/image\/","url":"https:\/\/www.nexoinformativo.mx\/wp-content\/uploads\/2024\/07\/nexoi-trasparente-2.png","contentUrl":"https:\/\/www.nexoinformativo.mx\/wp-content\/uploads\/2024\/07\/nexoi-trasparente-2.png","width":816,"height":339,"caption":"Nexo Informativo Santiago de Quer\u00e9taro"},"image":{"@id":"https:\/\/www.nexoinformativo.mx\/#\/schema\/logo\/image\/"},"sameAs":["https:\/\/www.facebook.com\/people\/Nexo-Informativo\/61564066885511\/"]},{"@type":"Person","@id":"https:\/\/www.nexoinformativo.mx\/#\/schema\/person\/7749d380ba08c8ca00d7bc76fd907b7d","name":"Nexo Informativo","image":{"@type":"ImageObject","inLanguage":"es","@id":"https:\/\/www.nexoinformativo.mx\/#\/schema\/person\/image\/","url":"https:\/\/secure.gravatar.com\/avatar\/dde2928154642a13d95f87ddf1ea9718fe2b46760a005c53e41ff5ad610704e6?s=96&d=mm&r=g","contentUrl":"https:\/\/secure.gravatar.com\/avatar\/dde2928154642a13d95f87ddf1ea9718fe2b46760a005c53e41ff5ad610704e6?s=96&d=mm&r=g","caption":"Nexo Informativo"},"url":"https:\/\/www.nexoinformativo.mx\/index.php\/author\/edicion\/"}]}},"_links":{"self":[{"href":"https:\/\/www.nexoinformativo.mx\/index.php\/wp-json\/wp\/v2\/posts\/4957","targetHints":{"allow":["GET"]}}],"collection":[{"href":"https:\/\/www.nexoinformativo.mx\/index.php\/wp-json\/wp\/v2\/posts"}],"about":[{"href":"https:\/\/www.nexoinformativo.mx\/index.php\/wp-json\/wp\/v2\/types\/post"}],"author":[{"embeddable":true,"href":"https:\/\/www.nexoinformativo.mx\/index.php\/wp-json\/wp\/v2\/users\/3"}],"replies":[{"embeddable":true,"href":"https:\/\/www.nexoinformativo.mx\/index.php\/wp-json\/wp\/v2\/comments?post=4957"}],"version-history":[{"count":3,"href":"https:\/\/www.nexoinformativo.mx\/index.php\/wp-json\/wp\/v2\/posts\/4957\/revisions"}],"predecessor-version":[{"id":4962,"href":"https:\/\/www.nexoinformativo.mx\/index.php\/wp-json\/wp\/v2\/posts\/4957\/revisions\/4962"}],"wp:featuredmedia":[{"embeddable":true,"href":"https:\/\/www.nexoinformativo.mx\/index.php\/wp-json\/wp\/v2\/media\/4958"}],"wp:attachment":[{"href":"https:\/\/www.nexoinformativo.mx\/index.php\/wp-json\/wp\/v2\/media?parent=4957"}],"wp:term":[{"taxonomy":"category","embeddable":true,"href":"https:\/\/www.nexoinformativo.mx\/index.php\/wp-json\/wp\/v2\/categories?post=4957"},{"taxonomy":"post_tag","embeddable":true,"href":"https:\/\/www.nexoinformativo.mx\/index.php\/wp-json\/wp\/v2\/tags?post=4957"}],"curies":[{"name":"wp","href":"https:\/\/api.w.org\/{rel}","templated":true}]}}