{"id":4963,"date":"2024-10-30T18:30:45","date_gmt":"2024-10-31T00:30:45","guid":{"rendered":"https:\/\/www.nexoinformativo.mx\/?p=4963"},"modified":"2024-10-30T21:04:19","modified_gmt":"2024-10-31T03:04:19","slug":"caso-esmeralda-un-giro-historico-fiscalia-de-queretaro-desiste-de-accion-penal-contra-nina-de-14-anos","status":"publish","type":"post","link":"https:\/\/www.nexoinformativo.mx\/index.php\/2024\/10\/30\/caso-esmeralda-un-giro-historico-fiscalia-de-queretaro-desiste-de-accion-penal-contra-nina-de-14-anos\/","title":{"rendered":"Fiscal\u00eda de Quer\u00e9taro desiste de acci\u00f3n penal contra menor de 14 a\u00f1os"},"content":{"rendered":"<p style=\"text-align: justify;\" data-sourcepos=\"5:1-5:439\">En un hecho hist\u00f3rico para el estado, la Fiscal\u00eda General de Quer\u00e9taro ha decidido desistir de toda acci\u00f3n penal en contra de una ni\u00f1a de 14 a\u00f1os que hab\u00eda sido acusada de homicidio doloso. Esta decisi\u00f3n, anunciada conjuntamente por la secretaria de las Mujeres, Citlalli Hern\u00e1ndez, y el Fiscal General del Estado, V\u00edctor Antonio de Jes\u00fas Hdez, es el resultado de un di\u00e1logo y trabajo interinstitucional.<\/p>\n<p>&nbsp;<\/p>\n<p style=\"text-align: justify;\" data-sourcepos=\"7:1-7:317\">Las autoridades estatales y federales se comprometieron a brindar un acompa\u00f1amiento integral a la menor, garantizando su bienestar y desarrollo. Adem\u00e1s, se firmar\u00e1 un convenio de colaboraci\u00f3n para capacitar al personal de la Fiscal\u00eda en perspectiva de g\u00e9nero, con el objetivo de prevenir casos similares en el futuro.<\/p>\n<p>&nbsp;<\/p>\n<p style=\"text-align: justify;\" data-sourcepos=\"9:1-9:220\">Asimismo, se dar\u00e1 vista al \u00f3rgano interno de control de la Fiscal\u00eda para iniciar los procesos administrativos correspondientes contra los servidores p\u00fablicos responsables de cualquier falla u omisi\u00f3n en la investigaci\u00f3n.<\/p>\n<p>&nbsp;<\/p>\n<p style=\"text-align: justify;\" data-sourcepos=\"11:1-11:171\">La secretaria Hern\u00e1ndez Mora hizo un llamado al Congreso local de Quer\u00e9taro para despenalizar el aborto, reiterando que las mujeres de M\u00e9xico no est\u00e1n solas en esta lucha.<\/p>\n<p>&nbsp;<\/p>\n<p style=\"text-align: justify;\" data-sourcepos=\"13:1-13:182\">Este caso representa un avance significativo en la protecci\u00f3n de los derechos de las ni\u00f1as y adolescentes en Quer\u00e9taro y sienta un precedente importante para futuras investigaciones.<\/p>\n<p>&nbsp;<\/p>\n<p style=\"text-align: center;\" data-sourcepos=\"13:1-13:182\"><em><strong>\u00a1Informaci\u00f3n que transforma!<\/strong><\/em><\/p>\n","protected":false},"excerpt":{"rendered":"<p>En un hecho hist\u00f3rico para el estado, la Fiscal\u00eda General de Quer\u00e9taro ha decidido desistir de toda acci\u00f3n penal en contra de una ni\u00f1a de 14 a\u00f1os que hab\u00eda sido acusada de homicidio doloso.<\/p>\n","protected":false},"author":3,"featured_media":4964,"comment_status":"open","ping_status":"open","sticky":false,"template":"","format":"standard","meta":{"footnotes":""},"categories":[42,88,58],"tags":[1766,1765,1767,133],"class_list":["post-4963","post","type-post","status-publish","format-standard","has-post-thumbnail","hentry","category-estado","category-nacional","category-ultima-hora","tag-despenalizaciondelaborto","tag-justiciaparaninas","tag-perspectivadegenero","tag-queretaro"],"yoast_head":"<!-- This site is optimized with the Yoast SEO plugin v25.0 - https:\/\/yoast.com\/wordpress\/plugins\/seo\/ -->\n<title>Fiscal\u00eda de Quer\u00e9taro desiste de acci\u00f3n penal contra menor de 14 a\u00f1os | Nexo Informativo Santiago de Quer\u00e9taro<\/title>\n<meta name=\"description\" content=\"Fiscal\u00eda de Quer\u00e9taro desiste de acci\u00f3n penal contra menor de 14 a\u00f1os\" \/>\n<meta name=\"robots\" content=\"index, follow, max-snippet:-1, max-image-preview:large, max-video-preview:-1\" \/>\n<link rel=\"canonical\" href=\"https:\/\/www.nexoinformativo.mx\/index.php\/2024\/10\/30\/caso-esmeralda-un-giro-historico-fiscalia-de-queretaro-desiste-de-accion-penal-contra-nina-de-14-anos\/\" \/>\n<meta property=\"og:locale\" content=\"es_MX\" \/>\n<meta property=\"og:type\" content=\"article\" \/>\n<meta property=\"og:title\" content=\"Fiscal\u00eda de Quer\u00e9taro desiste de acci\u00f3n penal contra menor de 14 a\u00f1os | Nexo Informativo Santiago de Quer\u00e9taro\" \/>\n<meta property=\"og:description\" content=\"Fiscal\u00eda de Quer\u00e9taro desiste de acci\u00f3n penal contra menor de 14 a\u00f1os\" \/>\n<meta property=\"og:url\" content=\"https:\/\/www.nexoinformativo.mx\/index.php\/2024\/10\/30\/caso-esmeralda-un-giro-historico-fiscalia-de-queretaro-desiste-de-accion-penal-contra-nina-de-14-anos\/\" \/>\n<meta property=\"og:site_name\" content=\"Nexo Informativo Santiago de Quer\u00e9taro\" \/>\n<meta property=\"article:publisher\" content=\"https:\/\/www.facebook.com\/people\/Nexo-Informativo\/61564066885511\/\" \/>\n<meta property=\"article:published_time\" content=\"2024-10-31T00:30:45+00:00\" \/>\n<meta property=\"article:modified_time\" content=\"2024-10-31T03:04:19+00:00\" \/>\n<meta property=\"og:image\" content=\"https:\/\/www.nexoinformativo.mx\/wp-content\/uploads\/2024\/10\/PHOTO-2024-10-30-20-53-17-e1730343675428.jpg\" \/>\n\t<meta property=\"og:image:width\" content=\"800\" \/>\n\t<meta property=\"og:image:height\" content=\"433\" \/>\n\t<meta property=\"og:image:type\" content=\"image\/jpeg\" \/>\n<meta name=\"author\" content=\"Nexo Informativo\" \/>\n<meta name=\"twitter:card\" content=\"summary_large_image\" \/>\n<meta name=\"twitter:label1\" content=\"Escrito por\" \/>\n\t<meta name=\"twitter:data1\" content=\"Nexo Informativo\" \/>\n\t<meta name=\"twitter:label2\" content=\"Tiempo de lectura\" \/>\n\t<meta name=\"twitter:data2\" content=\"2 minutos\" \/>\n<script type=\"application\/ld+json\" class=\"yoast-schema-graph\">{\"@context\":\"https:\/\/schema.org\",\"@graph\":[{\"@type\":\"Article\",\"@id\":\"https:\/\/www.nexoinformativo.mx\/index.php\/2024\/10\/30\/caso-esmeralda-un-giro-historico-fiscalia-de-queretaro-desiste-de-accion-penal-contra-nina-de-14-anos\/#article\",\"isPartOf\":{\"@id\":\"https:\/\/www.nexoinformativo.mx\/index.php\/2024\/10\/30\/caso-esmeralda-un-giro-historico-fiscalia-de-queretaro-desiste-de-accion-penal-contra-nina-de-14-anos\/\"},\"author\":{\"name\":\"Nexo Informativo\",\"@id\":\"https:\/\/www.nexoinformativo.mx\/#\/schema\/person\/7749d380ba08c8ca00d7bc76fd907b7d\"},\"headline\":\"Fiscal\u00eda de Quer\u00e9taro desiste de acci\u00f3n penal contra menor de 14 a\u00f1os\",\"datePublished\":\"2024-10-31T00:30:45+00:00\",\"dateModified\":\"2024-10-31T03:04:19+00:00\",\"mainEntityOfPage\":{\"@id\":\"https:\/\/www.nexoinformativo.mx\/index.php\/2024\/10\/30\/caso-esmeralda-un-giro-historico-fiscalia-de-queretaro-desiste-de-accion-penal-contra-nina-de-14-anos\/\"},\"wordCount\":251,\"commentCount\":0,\"publisher\":{\"@id\":\"https:\/\/www.nexoinformativo.mx\/#organization\"},\"image\":{\"@id\":\"https:\/\/www.nexoinformativo.mx\/index.php\/2024\/10\/30\/caso-esmeralda-un-giro-historico-fiscalia-de-queretaro-desiste-de-accion-penal-contra-nina-de-14-anos\/#primaryimage\"},\"thumbnailUrl\":\"https:\/\/www.nexoinformativo.mx\/wp-content\/uploads\/2024\/10\/PHOTO-2024-10-30-20-53-17-e1730343675428.jpg\",\"keywords\":[\"Despenalizaci\u00f3nDelAborto\",\"JusticiaParaNi\u00f1as\",\"PerspectivaDeG\u00e9nero\",\"Quer\u00e9taro\"],\"articleSection\":[\"Estado\",\"Nacional\",\"\u00daltima Hora\"],\"inLanguage\":\"es\",\"potentialAction\":[{\"@type\":\"CommentAction\",\"name\":\"Comment\",\"target\":[\"https:\/\/www.nexoinformativo.mx\/index.php\/2024\/10\/30\/caso-esmeralda-un-giro-historico-fiscalia-de-queretaro-desiste-de-accion-penal-contra-nina-de-14-anos\/#respond\"]}]},{\"@type\":\"WebPage\",\"@id\":\"https:\/\/www.nexoinformativo.mx\/index.php\/2024\/10\/30\/caso-esmeralda-un-giro-historico-fiscalia-de-queretaro-desiste-de-accion-penal-contra-nina-de-14-anos\/\",\"url\":\"https:\/\/www.nexoinformativo.mx\/index.php\/2024\/10\/30\/caso-esmeralda-un-giro-historico-fiscalia-de-queretaro-desiste-de-accion-penal-contra-nina-de-14-anos\/\",\"name\":\"Fiscal\u00eda de Quer\u00e9taro desiste de acci\u00f3n penal contra menor de 14 a\u00f1os | Nexo Informativo Santiago de Quer\u00e9taro\",\"isPartOf\":{\"@id\":\"https:\/\/www.nexoinformativo.mx\/#website\"},\"primaryImageOfPage\":{\"@id\":\"https:\/\/www.nexoinformativo.mx\/index.php\/2024\/10\/30\/caso-esmeralda-un-giro-historico-fiscalia-de-queretaro-desiste-de-accion-penal-contra-nina-de-14-anos\/#primaryimage\"},\"image\":{\"@id\":\"https:\/\/www.nexoinformativo.mx\/index.php\/2024\/10\/30\/caso-esmeralda-un-giro-historico-fiscalia-de-queretaro-desiste-de-accion-penal-contra-nina-de-14-anos\/#primaryimage\"},\"thumbnailUrl\":\"https:\/\/www.nexoinformativo.mx\/wp-content\/uploads\/2024\/10\/PHOTO-2024-10-30-20-53-17-e1730343675428.jpg\",\"datePublished\":\"2024-10-31T00:30:45+00:00\",\"dateModified\":\"2024-10-31T03:04:19+00:00\",\"description\":\"Fiscal\u00eda de Quer\u00e9taro desiste de acci\u00f3n penal contra menor de 14 a\u00f1os\",\"breadcrumb\":{\"@id\":\"https:\/\/www.nexoinformativo.mx\/index.php\/2024\/10\/30\/caso-esmeralda-un-giro-historico-fiscalia-de-queretaro-desiste-de-accion-penal-contra-nina-de-14-anos\/#breadcrumb\"},\"inLanguage\":\"es\",\"potentialAction\":[{\"@type\":\"ReadAction\",\"target\":[\"https:\/\/www.nexoinformativo.mx\/index.php\/2024\/10\/30\/caso-esmeralda-un-giro-historico-fiscalia-de-queretaro-desiste-de-accion-penal-contra-nina-de-14-anos\/\"]}]},{\"@type\":\"ImageObject\",\"inLanguage\":\"es\",\"@id\":\"https:\/\/www.nexoinformativo.mx\/index.php\/2024\/10\/30\/caso-esmeralda-un-giro-historico-fiscalia-de-queretaro-desiste-de-accion-penal-contra-nina-de-14-anos\/#primaryimage\",\"url\":\"https:\/\/www.nexoinformativo.mx\/wp-content\/uploads\/2024\/10\/PHOTO-2024-10-30-20-53-17-e1730343675428.jpg\",\"contentUrl\":\"https:\/\/www.nexoinformativo.mx\/wp-content\/uploads\/2024\/10\/PHOTO-2024-10-30-20-53-17-e1730343675428.jpg\",\"width\":800,\"height\":433},{\"@type\":\"BreadcrumbList\",\"@id\":\"https:\/\/www.nexoinformativo.mx\/index.php\/2024\/10\/30\/caso-esmeralda-un-giro-historico-fiscalia-de-queretaro-desiste-de-accion-penal-contra-nina-de-14-anos\/#breadcrumb\",\"itemListElement\":[{\"@type\":\"ListItem\",\"position\":1,\"name\":\"Inicio\",\"item\":\"https:\/\/www.nexoinformativo.mx\/\"},{\"@type\":\"ListItem\",\"position\":2,\"name\":\"Fiscal\u00eda de Quer\u00e9taro desiste de acci\u00f3n penal contra menor de 14 a\u00f1os\"}]},{\"@type\":\"WebSite\",\"@id\":\"https:\/\/www.nexoinformativo.mx\/#website\",\"url\":\"https:\/\/www.nexoinformativo.mx\/\",\"name\":\"Nexo Informativo Santiago de Quer\u00e9taro\",\"description\":\"Explora NexoInformativo y convi\u00e9rtete en parte de una comunidad que valora el conocimiento y la verdad. Tu nexoinformativo es tu puente hacia una comprensi\u00f3n m\u00e1s profunda del mundo que te rodea.\",\"publisher\":{\"@id\":\"https:\/\/www.nexoinformativo.mx\/#organization\"},\"potentialAction\":[{\"@type\":\"SearchAction\",\"target\":{\"@type\":\"EntryPoint\",\"urlTemplate\":\"https:\/\/www.nexoinformativo.mx\/?s={search_term_string}\"},\"query-input\":{\"@type\":\"PropertyValueSpecification\",\"valueRequired\":true,\"valueName\":\"search_term_string\"}}],\"inLanguage\":\"es\"},{\"@type\":\"Organization\",\"@id\":\"https:\/\/www.nexoinformativo.mx\/#organization\",\"name\":\"Nexo Informativo Santiago de Quer\u00e9taro\",\"url\":\"https:\/\/www.nexoinformativo.mx\/\",\"logo\":{\"@type\":\"ImageObject\",\"inLanguage\":\"es\",\"@id\":\"https:\/\/www.nexoinformativo.mx\/#\/schema\/logo\/image\/\",\"url\":\"https:\/\/www.nexoinformativo.mx\/wp-content\/uploads\/2024\/07\/nexoi-trasparente-2.png\",\"contentUrl\":\"https:\/\/www.nexoinformativo.mx\/wp-content\/uploads\/2024\/07\/nexoi-trasparente-2.png\",\"width\":816,\"height\":339,\"caption\":\"Nexo Informativo Santiago de Quer\u00e9taro\"},\"image\":{\"@id\":\"https:\/\/www.nexoinformativo.mx\/#\/schema\/logo\/image\/\"},\"sameAs\":[\"https:\/\/www.facebook.com\/people\/Nexo-Informativo\/61564066885511\/\"]},{\"@type\":\"Person\",\"@id\":\"https:\/\/www.nexoinformativo.mx\/#\/schema\/person\/7749d380ba08c8ca00d7bc76fd907b7d\",\"name\":\"Nexo Informativo\",\"image\":{\"@type\":\"ImageObject\",\"inLanguage\":\"es\",\"@id\":\"https:\/\/www.nexoinformativo.mx\/#\/schema\/person\/image\/\",\"url\":\"https:\/\/secure.gravatar.com\/avatar\/dde2928154642a13d95f87ddf1ea9718fe2b46760a005c53e41ff5ad610704e6?s=96&d=mm&r=g\",\"contentUrl\":\"https:\/\/secure.gravatar.com\/avatar\/dde2928154642a13d95f87ddf1ea9718fe2b46760a005c53e41ff5ad610704e6?s=96&d=mm&r=g\",\"caption\":\"Nexo Informativo\"},\"url\":\"https:\/\/www.nexoinformativo.mx\/index.php\/author\/edicion\/\"}]}<\/script>\n<!-- \/ Yoast SEO plugin. -->","yoast_head_json":{"title":"Fiscal\u00eda de Quer\u00e9taro desiste de acci\u00f3n penal contra menor de 14 a\u00f1os | Nexo Informativo Santiago de Quer\u00e9taro","description":"Fiscal\u00eda de Quer\u00e9taro desiste de acci\u00f3n penal contra menor de 14 a\u00f1os","robots":{"index":"index","follow":"follow","max-snippet":"max-snippet:-1","max-image-preview":"max-image-preview:large","max-video-preview":"max-video-preview:-1"},"canonical":"https:\/\/www.nexoinformativo.mx\/index.php\/2024\/10\/30\/caso-esmeralda-un-giro-historico-fiscalia-de-queretaro-desiste-de-accion-penal-contra-nina-de-14-anos\/","og_locale":"es_MX","og_type":"article","og_title":"Fiscal\u00eda de Quer\u00e9taro desiste de acci\u00f3n penal contra menor de 14 a\u00f1os | Nexo Informativo Santiago de Quer\u00e9taro","og_description":"Fiscal\u00eda de Quer\u00e9taro desiste de acci\u00f3n penal contra menor de 14 a\u00f1os","og_url":"https:\/\/www.nexoinformativo.mx\/index.php\/2024\/10\/30\/caso-esmeralda-un-giro-historico-fiscalia-de-queretaro-desiste-de-accion-penal-contra-nina-de-14-anos\/","og_site_name":"Nexo Informativo Santiago de Quer\u00e9taro","article_publisher":"https:\/\/www.facebook.com\/people\/Nexo-Informativo\/61564066885511\/","article_published_time":"2024-10-31T00:30:45+00:00","article_modified_time":"2024-10-31T03:04:19+00:00","og_image":[{"width":800,"height":433,"url":"https:\/\/www.nexoinformativo.mx\/wp-content\/uploads\/2024\/10\/PHOTO-2024-10-30-20-53-17-e1730343675428.jpg","type":"image\/jpeg"}],"author":"Nexo Informativo","twitter_card":"summary_large_image","twitter_misc":{"Escrito por":"Nexo Informativo","Tiempo de lectura":"2 minutos"},"schema":{"@context":"https:\/\/schema.org","@graph":[{"@type":"Article","@id":"https:\/\/www.nexoinformativo.mx\/index.php\/2024\/10\/30\/caso-esmeralda-un-giro-historico-fiscalia-de-queretaro-desiste-de-accion-penal-contra-nina-de-14-anos\/#article","isPartOf":{"@id":"https:\/\/www.nexoinformativo.mx\/index.php\/2024\/10\/30\/caso-esmeralda-un-giro-historico-fiscalia-de-queretaro-desiste-de-accion-penal-contra-nina-de-14-anos\/"},"author":{"name":"Nexo Informativo","@id":"https:\/\/www.nexoinformativo.mx\/#\/schema\/person\/7749d380ba08c8ca00d7bc76fd907b7d"},"headline":"Fiscal\u00eda de Quer\u00e9taro desiste de acci\u00f3n penal contra menor de 14 a\u00f1os","datePublished":"2024-10-31T00:30:45+00:00","dateModified":"2024-10-31T03:04:19+00:00","mainEntityOfPage":{"@id":"https:\/\/www.nexoinformativo.mx\/index.php\/2024\/10\/30\/caso-esmeralda-un-giro-historico-fiscalia-de-queretaro-desiste-de-accion-penal-contra-nina-de-14-anos\/"},"wordCount":251,"commentCount":0,"publisher":{"@id":"https:\/\/www.nexoinformativo.mx\/#organization"},"image":{"@id":"https:\/\/www.nexoinformativo.mx\/index.php\/2024\/10\/30\/caso-esmeralda-un-giro-historico-fiscalia-de-queretaro-desiste-de-accion-penal-contra-nina-de-14-anos\/#primaryimage"},"thumbnailUrl":"https:\/\/www.nexoinformativo.mx\/wp-content\/uploads\/2024\/10\/PHOTO-2024-10-30-20-53-17-e1730343675428.jpg","keywords":["Despenalizaci\u00f3nDelAborto","JusticiaParaNi\u00f1as","PerspectivaDeG\u00e9nero","Quer\u00e9taro"],"articleSection":["Estado","Nacional","\u00daltima Hora"],"inLanguage":"es","potentialAction":[{"@type":"CommentAction","name":"Comment","target":["https:\/\/www.nexoinformativo.mx\/index.php\/2024\/10\/30\/caso-esmeralda-un-giro-historico-fiscalia-de-queretaro-desiste-de-accion-penal-contra-nina-de-14-anos\/#respond"]}]},{"@type":"WebPage","@id":"https:\/\/www.nexoinformativo.mx\/index.php\/2024\/10\/30\/caso-esmeralda-un-giro-historico-fiscalia-de-queretaro-desiste-de-accion-penal-contra-nina-de-14-anos\/","url":"https:\/\/www.nexoinformativo.mx\/index.php\/2024\/10\/30\/caso-esmeralda-un-giro-historico-fiscalia-de-queretaro-desiste-de-accion-penal-contra-nina-de-14-anos\/","name":"Fiscal\u00eda de Quer\u00e9taro desiste de acci\u00f3n penal contra menor de 14 a\u00f1os | Nexo Informativo Santiago de Quer\u00e9taro","isPartOf":{"@id":"https:\/\/www.nexoinformativo.mx\/#website"},"primaryImageOfPage":{"@id":"https:\/\/www.nexoinformativo.mx\/index.php\/2024\/10\/30\/caso-esmeralda-un-giro-historico-fiscalia-de-queretaro-desiste-de-accion-penal-contra-nina-de-14-anos\/#primaryimage"},"image":{"@id":"https:\/\/www.nexoinformativo.mx\/index.php\/2024\/10\/30\/caso-esmeralda-un-giro-historico-fiscalia-de-queretaro-desiste-de-accion-penal-contra-nina-de-14-anos\/#primaryimage"},"thumbnailUrl":"https:\/\/www.nexoinformativo.mx\/wp-content\/uploads\/2024\/10\/PHOTO-2024-10-30-20-53-17-e1730343675428.jpg","datePublished":"2024-10-31T00:30:45+00:00","dateModified":"2024-10-31T03:04:19+00:00","description":"Fiscal\u00eda de Quer\u00e9taro desiste de acci\u00f3n penal contra menor de 14 a\u00f1os","breadcrumb":{"@id":"https:\/\/www.nexoinformativo.mx\/index.php\/2024\/10\/30\/caso-esmeralda-un-giro-historico-fiscalia-de-queretaro-desiste-de-accion-penal-contra-nina-de-14-anos\/#breadcrumb"},"inLanguage":"es","potentialAction":[{"@type":"ReadAction","target":["https:\/\/www.nexoinformativo.mx\/index.php\/2024\/10\/30\/caso-esmeralda-un-giro-historico-fiscalia-de-queretaro-desiste-de-accion-penal-contra-nina-de-14-anos\/"]}]},{"@type":"ImageObject","inLanguage":"es","@id":"https:\/\/www.nexoinformativo.mx\/index.php\/2024\/10\/30\/caso-esmeralda-un-giro-historico-fiscalia-de-queretaro-desiste-de-accion-penal-contra-nina-de-14-anos\/#primaryimage","url":"https:\/\/www.nexoinformativo.mx\/wp-content\/uploads\/2024\/10\/PHOTO-2024-10-30-20-53-17-e1730343675428.jpg","contentUrl":"https:\/\/www.nexoinformativo.mx\/wp-content\/uploads\/2024\/10\/PHOTO-2024-10-30-20-53-17-e1730343675428.jpg","width":800,"height":433},{"@type":"BreadcrumbList","@id":"https:\/\/www.nexoinformativo.mx\/index.php\/2024\/10\/30\/caso-esmeralda-un-giro-historico-fiscalia-de-queretaro-desiste-de-accion-penal-contra-nina-de-14-anos\/#breadcrumb","itemListElement":[{"@type":"ListItem","position":1,"name":"Inicio","item":"https:\/\/www.nexoinformativo.mx\/"},{"@type":"ListItem","position":2,"name":"Fiscal\u00eda de Quer\u00e9taro desiste de acci\u00f3n penal contra menor de 14 a\u00f1os"}]},{"@type":"WebSite","@id":"https:\/\/www.nexoinformativo.mx\/#website","url":"https:\/\/www.nexoinformativo.mx\/","name":"Nexo Informativo Santiago de Quer\u00e9taro","description":"Explora NexoInformativo y convi\u00e9rtete en parte de una comunidad que valora el conocimiento y la verdad. Tu nexoinformativo es tu puente hacia una comprensi\u00f3n m\u00e1s profunda del mundo que te rodea.","publisher":{"@id":"https:\/\/www.nexoinformativo.mx\/#organization"},"potentialAction":[{"@type":"SearchAction","target":{"@type":"EntryPoint","urlTemplate":"https:\/\/www.nexoinformativo.mx\/?s={search_term_string}"},"query-input":{"@type":"PropertyValueSpecification","valueRequired":true,"valueName":"search_term_string"}}],"inLanguage":"es"},{"@type":"Organization","@id":"https:\/\/www.nexoinformativo.mx\/#organization","name":"Nexo Informativo Santiago de Quer\u00e9taro","url":"https:\/\/www.nexoinformativo.mx\/","logo":{"@type":"ImageObject","inLanguage":"es","@id":"https:\/\/www.nexoinformativo.mx\/#\/schema\/logo\/image\/","url":"https:\/\/www.nexoinformativo.mx\/wp-content\/uploads\/2024\/07\/nexoi-trasparente-2.png","contentUrl":"https:\/\/www.nexoinformativo.mx\/wp-content\/uploads\/2024\/07\/nexoi-trasparente-2.png","width":816,"height":339,"caption":"Nexo Informativo Santiago de Quer\u00e9taro"},"image":{"@id":"https:\/\/www.nexoinformativo.mx\/#\/schema\/logo\/image\/"},"sameAs":["https:\/\/www.facebook.com\/people\/Nexo-Informativo\/61564066885511\/"]},{"@type":"Person","@id":"https:\/\/www.nexoinformativo.mx\/#\/schema\/person\/7749d380ba08c8ca00d7bc76fd907b7d","name":"Nexo Informativo","image":{"@type":"ImageObject","inLanguage":"es","@id":"https:\/\/www.nexoinformativo.mx\/#\/schema\/person\/image\/","url":"https:\/\/secure.gravatar.com\/avatar\/dde2928154642a13d95f87ddf1ea9718fe2b46760a005c53e41ff5ad610704e6?s=96&d=mm&r=g","contentUrl":"https:\/\/secure.gravatar.com\/avatar\/dde2928154642a13d95f87ddf1ea9718fe2b46760a005c53e41ff5ad610704e6?s=96&d=mm&r=g","caption":"Nexo Informativo"},"url":"https:\/\/www.nexoinformativo.mx\/index.php\/author\/edicion\/"}]}},"_links":{"self":[{"href":"https:\/\/www.nexoinformativo.mx\/index.php\/wp-json\/wp\/v2\/posts\/4963","targetHints":{"allow":["GET"]}}],"collection":[{"href":"https:\/\/www.nexoinformativo.mx\/index.php\/wp-json\/wp\/v2\/posts"}],"about":[{"href":"https:\/\/www.nexoinformativo.mx\/index.php\/wp-json\/wp\/v2\/types\/post"}],"author":[{"embeddable":true,"href":"https:\/\/www.nexoinformativo.mx\/index.php\/wp-json\/wp\/v2\/users\/3"}],"replies":[{"embeddable":true,"href":"https:\/\/www.nexoinformativo.mx\/index.php\/wp-json\/wp\/v2\/comments?post=4963"}],"version-history":[{"count":3,"href":"https:\/\/www.nexoinformativo.mx\/index.php\/wp-json\/wp\/v2\/posts\/4963\/revisions"}],"predecessor-version":[{"id":4967,"href":"https:\/\/www.nexoinformativo.mx\/index.php\/wp-json\/wp\/v2\/posts\/4963\/revisions\/4967"}],"wp:featuredmedia":[{"embeddable":true,"href":"https:\/\/www.nexoinformativo.mx\/index.php\/wp-json\/wp\/v2\/media\/4964"}],"wp:attachment":[{"href":"https:\/\/www.nexoinformativo.mx\/index.php\/wp-json\/wp\/v2\/media?parent=4963"}],"wp:term":[{"taxonomy":"category","embeddable":true,"href":"https:\/\/www.nexoinformativo.mx\/index.php\/wp-json\/wp\/v2\/categories?post=4963"},{"taxonomy":"post_tag","embeddable":true,"href":"https:\/\/www.nexoinformativo.mx\/index.php\/wp-json\/wp\/v2\/tags?post=4963"}],"curies":[{"name":"wp","href":"https:\/\/api.w.org\/{rel}","templated":true}]}}