{"id":4969,"date":"2024-10-31T08:00:46","date_gmt":"2024-10-31T14:00:46","guid":{"rendered":"https:\/\/www.nexoinformativo.mx\/?p=4969"},"modified":"2024-10-31T10:46:52","modified_gmt":"2024-10-31T16:46:52","slug":"la-unidad-de-servicios-de-educacion-basica-para-el-estado-de-queretaro-usebeq-anuncia-implementacion-de-horario-de-invierno-para-proteger-la-salud-de-estudiantes","status":"publish","type":"post","link":"https:\/\/www.nexoinformativo.mx\/index.php\/2024\/10\/31\/la-unidad-de-servicios-de-educacion-basica-para-el-estado-de-queretaro-usebeq-anuncia-implementacion-de-horario-de-invierno-para-proteger-la-salud-de-estudiantes\/","title":{"rendered":"La unidad de servicios de Educaci\u00f3n B\u00e1sica para el Estado de Quer\u00e9taro USEBEQ: Anuncia implementaci\u00f3n de horario de invierno para proteger la salud de estudiantes"},"content":{"rendered":"<p style=\"text-align: justify;\">La <strong>USEBEQ<\/strong> anunci\u00f3 la implementaci\u00f3n de un horario de invierno a partir del 11 de noviembre y hasta el 25 de febrero de 2025. Esta medida se toma con el objetivo de proteger a los estudiantes de enfermedades respiratorias y otros problemas de salud t\u00edpicos de la temporada invernal.<\/p>\n<p>&nbsp;<\/p>\n<p style=\"text-align: justify;\">Irene Quintanar, coordinadora general de USEBEQ, inform\u00f3 que se retrasar\u00e1 media hora el horario de entrada en 865 escuelas primarias p\u00fablicas generales e ind\u00edgenas del turno matutino, que albergan a 147,602 alumnos.<\/p>\n<p>&nbsp;<\/p>\n<p style=\"text-align: justify;\">A partir de la fecha mencionada, las actividades comenzar\u00e1n a las 8:30 horas, con salida a las 13:00 horas. Para las escuelas que forman parte del programa Contigo Escuelas de Tiempo Completo, la salida se mantendr\u00e1 a las 15:00 horas. Las escuelas del turno vespertino no sufrir\u00e1n cambios en sus horarios.<\/p>\n<p>&nbsp;<\/p>\n<p style=\"text-align: justify;\">Quintanar destac\u00f3 que los planteles educativos contar\u00e1n con personal de guardia para abrir sus puertas en el horario habitual. Esto significa que los padres o tutores que necesiten dejar a sus hijos antes del horario de entrada invernal podr\u00e1n hacerlo sin inconvenientes.<\/p>\n<p>&nbsp;<\/p>\n<p style=\"text-align: justify;\">Para garantizar la salud de los estudiantes, se mantendr\u00e1n filtros en las escuelas para detectar infecciones en las v\u00edas respiratorias, por lo que se solicita el apoyo de las familias en el cuidado de la salud de los ni\u00f1os. Adem\u00e1s, se permitir\u00e1 que los alumnos ingresen con ropa abrigadora, como chamarras, su\u00e9teres y gorras.<\/p>\n<p>&nbsp;<\/p>\n<p style=\"text-align: justify;\">La coordinadora tambi\u00e9n hizo hincapi\u00e9 en que el horario de entrada puede ajustarse seg\u00fan las indicaciones de la Coordinaci\u00f3n Estatal de Protecci\u00f3n Civil y el Servicio Meteorol\u00f3gico Nacional. Por ello, se exhorta a las familias y docentes a informarse diariamente sobre la temperatura y seguir las recomendaciones oficiales para protegerse del fr\u00edo.<\/p>\n<p>&nbsp;<\/p>\n<p style=\"text-align: center;\"><em><strong>\u00a1Informaci\u00f3n que transforma!<\/strong><\/em><\/p>\n","protected":false},"excerpt":{"rendered":"<p>La USEBEQ anunci\u00f3 la implementaci\u00f3n de un horario de invierno a partir del 11 de noviembre y hasta el 25 de febrero de 2025.<\/p>\n","protected":false},"author":3,"featured_media":4970,"comment_status":"open","ping_status":"open","sticky":false,"template":"","format":"standard","meta":{"footnotes":""},"categories":[42,58],"tags":[1768,133,947,254],"class_list":["post-4969","post","type-post","status-publish","format-standard","has-post-thumbnail","hentry","category-estado","category-ultima-hora","tag-horariodeinvierno","tag-queretaro","tag-saludescolar","tag-usebeq"],"yoast_head":"<!-- This site is optimized with the Yoast SEO plugin v25.0 - https:\/\/yoast.com\/wordpress\/plugins\/seo\/ -->\n<title>La unidad de servicios de Educaci\u00f3n B\u00e1sica para el Estado de Quer\u00e9taro USEBEQ: Anuncia implementaci\u00f3n de horario de invierno para proteger la salud de estudiantes | Nexo Informativo Santiago de Quer\u00e9taro<\/title>\n<meta name=\"description\" content=\"La unidad de servicios de Educaci\u00f3n B\u00e1sica para el Estado de Quer\u00e9taro USEBEQ: Anuncia implementaci\u00f3n de horario de invierno para proteger la salud de estudiantes\" \/>\n<meta name=\"robots\" content=\"index, follow, max-snippet:-1, max-image-preview:large, max-video-preview:-1\" \/>\n<link rel=\"canonical\" href=\"https:\/\/www.nexoinformativo.mx\/index.php\/2024\/10\/31\/la-unidad-de-servicios-de-educacion-basica-para-el-estado-de-queretaro-usebeq-anuncia-implementacion-de-horario-de-invierno-para-proteger-la-salud-de-estudiantes\/\" \/>\n<meta property=\"og:locale\" content=\"es_MX\" \/>\n<meta property=\"og:type\" content=\"article\" \/>\n<meta property=\"og:title\" content=\"La unidad de servicios de Educaci\u00f3n B\u00e1sica para el Estado de Quer\u00e9taro USEBEQ: Anuncia implementaci\u00f3n de horario de invierno para proteger la salud de estudiantes | Nexo Informativo Santiago de Quer\u00e9taro\" \/>\n<meta property=\"og:description\" content=\"La unidad de servicios de Educaci\u00f3n B\u00e1sica para el Estado de Quer\u00e9taro USEBEQ: Anuncia implementaci\u00f3n de horario de invierno para proteger la salud de estudiantes\" \/>\n<meta property=\"og:url\" content=\"https:\/\/www.nexoinformativo.mx\/index.php\/2024\/10\/31\/la-unidad-de-servicios-de-educacion-basica-para-el-estado-de-queretaro-usebeq-anuncia-implementacion-de-horario-de-invierno-para-proteger-la-salud-de-estudiantes\/\" \/>\n<meta property=\"og:site_name\" content=\"Nexo Informativo Santiago de Quer\u00e9taro\" \/>\n<meta property=\"article:publisher\" content=\"https:\/\/www.facebook.com\/people\/Nexo-Informativo\/61564066885511\/\" \/>\n<meta property=\"article:published_time\" content=\"2024-10-31T14:00:46+00:00\" \/>\n<meta property=\"article:modified_time\" content=\"2024-10-31T16:46:52+00:00\" \/>\n<meta property=\"og:image\" content=\"https:\/\/www.nexoinformativo.mx\/wp-content\/uploads\/2024\/10\/PHOTO-2024-10-31-08-11-08-e1730392218417.jpg\" \/>\n\t<meta property=\"og:image:width\" content=\"700\" \/>\n\t<meta property=\"og:image:height\" content=\"875\" \/>\n\t<meta property=\"og:image:type\" content=\"image\/jpeg\" \/>\n<meta name=\"author\" content=\"Nexo Informativo\" \/>\n<meta name=\"twitter:card\" content=\"summary_large_image\" \/>\n<meta name=\"twitter:label1\" content=\"Escrito por\" \/>\n\t<meta name=\"twitter:data1\" content=\"Nexo Informativo\" \/>\n\t<meta name=\"twitter:label2\" content=\"Tiempo de lectura\" \/>\n\t<meta name=\"twitter:data2\" content=\"2 minutos\" \/>\n<script type=\"application\/ld+json\" class=\"yoast-schema-graph\">{\"@context\":\"https:\/\/schema.org\",\"@graph\":[{\"@type\":\"Article\",\"@id\":\"https:\/\/www.nexoinformativo.mx\/index.php\/2024\/10\/31\/la-unidad-de-servicios-de-educacion-basica-para-el-estado-de-queretaro-usebeq-anuncia-implementacion-de-horario-de-invierno-para-proteger-la-salud-de-estudiantes\/#article\",\"isPartOf\":{\"@id\":\"https:\/\/www.nexoinformativo.mx\/index.php\/2024\/10\/31\/la-unidad-de-servicios-de-educacion-basica-para-el-estado-de-queretaro-usebeq-anuncia-implementacion-de-horario-de-invierno-para-proteger-la-salud-de-estudiantes\/\"},\"author\":{\"name\":\"Nexo Informativo\",\"@id\":\"https:\/\/www.nexoinformativo.mx\/#\/schema\/person\/7749d380ba08c8ca00d7bc76fd907b7d\"},\"headline\":\"La unidad de servicios de Educaci\u00f3n B\u00e1sica para el Estado de Quer\u00e9taro USEBEQ: Anuncia implementaci\u00f3n de horario de invierno para proteger la salud de estudiantes\",\"datePublished\":\"2024-10-31T14:00:46+00:00\",\"dateModified\":\"2024-10-31T16:46:52+00:00\",\"mainEntityOfPage\":{\"@id\":\"https:\/\/www.nexoinformativo.mx\/index.php\/2024\/10\/31\/la-unidad-de-servicios-de-educacion-basica-para-el-estado-de-queretaro-usebeq-anuncia-implementacion-de-horario-de-invierno-para-proteger-la-salud-de-estudiantes\/\"},\"wordCount\":330,\"commentCount\":0,\"publisher\":{\"@id\":\"https:\/\/www.nexoinformativo.mx\/#organization\"},\"image\":{\"@id\":\"https:\/\/www.nexoinformativo.mx\/index.php\/2024\/10\/31\/la-unidad-de-servicios-de-educacion-basica-para-el-estado-de-queretaro-usebeq-anuncia-implementacion-de-horario-de-invierno-para-proteger-la-salud-de-estudiantes\/#primaryimage\"},\"thumbnailUrl\":\"https:\/\/www.nexoinformativo.mx\/wp-content\/uploads\/2024\/10\/PHOTO-2024-10-31-08-11-08-e1730392218417.jpg\",\"keywords\":[\"HorarioDeInvierno\",\"Quer\u00e9taro\",\"SaludEscolar\",\"USEBEQ\"],\"articleSection\":[\"Estado\",\"\u00daltima Hora\"],\"inLanguage\":\"es\",\"potentialAction\":[{\"@type\":\"CommentAction\",\"name\":\"Comment\",\"target\":[\"https:\/\/www.nexoinformativo.mx\/index.php\/2024\/10\/31\/la-unidad-de-servicios-de-educacion-basica-para-el-estado-de-queretaro-usebeq-anuncia-implementacion-de-horario-de-invierno-para-proteger-la-salud-de-estudiantes\/#respond\"]}]},{\"@type\":\"WebPage\",\"@id\":\"https:\/\/www.nexoinformativo.mx\/index.php\/2024\/10\/31\/la-unidad-de-servicios-de-educacion-basica-para-el-estado-de-queretaro-usebeq-anuncia-implementacion-de-horario-de-invierno-para-proteger-la-salud-de-estudiantes\/\",\"url\":\"https:\/\/www.nexoinformativo.mx\/index.php\/2024\/10\/31\/la-unidad-de-servicios-de-educacion-basica-para-el-estado-de-queretaro-usebeq-anuncia-implementacion-de-horario-de-invierno-para-proteger-la-salud-de-estudiantes\/\",\"name\":\"La unidad de servicios de Educaci\u00f3n B\u00e1sica para el Estado de Quer\u00e9taro USEBEQ: Anuncia implementaci\u00f3n de horario de invierno para proteger la salud de estudiantes | Nexo Informativo Santiago de Quer\u00e9taro\",\"isPartOf\":{\"@id\":\"https:\/\/www.nexoinformativo.mx\/#website\"},\"primaryImageOfPage\":{\"@id\":\"https:\/\/www.nexoinformativo.mx\/index.php\/2024\/10\/31\/la-unidad-de-servicios-de-educacion-basica-para-el-estado-de-queretaro-usebeq-anuncia-implementacion-de-horario-de-invierno-para-proteger-la-salud-de-estudiantes\/#primaryimage\"},\"image\":{\"@id\":\"https:\/\/www.nexoinformativo.mx\/index.php\/2024\/10\/31\/la-unidad-de-servicios-de-educacion-basica-para-el-estado-de-queretaro-usebeq-anuncia-implementacion-de-horario-de-invierno-para-proteger-la-salud-de-estudiantes\/#primaryimage\"},\"thumbnailUrl\":\"https:\/\/www.nexoinformativo.mx\/wp-content\/uploads\/2024\/10\/PHOTO-2024-10-31-08-11-08-e1730392218417.jpg\",\"datePublished\":\"2024-10-31T14:00:46+00:00\",\"dateModified\":\"2024-10-31T16:46:52+00:00\",\"description\":\"La unidad de servicios de Educaci\u00f3n B\u00e1sica para el Estado de Quer\u00e9taro USEBEQ: Anuncia implementaci\u00f3n de horario de invierno para proteger la salud de estudiantes\",\"breadcrumb\":{\"@id\":\"https:\/\/www.nexoinformativo.mx\/index.php\/2024\/10\/31\/la-unidad-de-servicios-de-educacion-basica-para-el-estado-de-queretaro-usebeq-anuncia-implementacion-de-horario-de-invierno-para-proteger-la-salud-de-estudiantes\/#breadcrumb\"},\"inLanguage\":\"es\",\"potentialAction\":[{\"@type\":\"ReadAction\",\"target\":[\"https:\/\/www.nexoinformativo.mx\/index.php\/2024\/10\/31\/la-unidad-de-servicios-de-educacion-basica-para-el-estado-de-queretaro-usebeq-anuncia-implementacion-de-horario-de-invierno-para-proteger-la-salud-de-estudiantes\/\"]}]},{\"@type\":\"ImageObject\",\"inLanguage\":\"es\",\"@id\":\"https:\/\/www.nexoinformativo.mx\/index.php\/2024\/10\/31\/la-unidad-de-servicios-de-educacion-basica-para-el-estado-de-queretaro-usebeq-anuncia-implementacion-de-horario-de-invierno-para-proteger-la-salud-de-estudiantes\/#primaryimage\",\"url\":\"https:\/\/www.nexoinformativo.mx\/wp-content\/uploads\/2024\/10\/PHOTO-2024-10-31-08-11-08-e1730392218417.jpg\",\"contentUrl\":\"https:\/\/www.nexoinformativo.mx\/wp-content\/uploads\/2024\/10\/PHOTO-2024-10-31-08-11-08-e1730392218417.jpg\",\"width\":700,\"height\":875},{\"@type\":\"BreadcrumbList\",\"@id\":\"https:\/\/www.nexoinformativo.mx\/index.php\/2024\/10\/31\/la-unidad-de-servicios-de-educacion-basica-para-el-estado-de-queretaro-usebeq-anuncia-implementacion-de-horario-de-invierno-para-proteger-la-salud-de-estudiantes\/#breadcrumb\",\"itemListElement\":[{\"@type\":\"ListItem\",\"position\":1,\"name\":\"Inicio\",\"item\":\"https:\/\/www.nexoinformativo.mx\/\"},{\"@type\":\"ListItem\",\"position\":2,\"name\":\"La unidad de servicios de Educaci\u00f3n B\u00e1sica para el Estado de Quer\u00e9taro USEBEQ: Anuncia implementaci\u00f3n de horario de invierno para proteger la salud de estudiantes\"}]},{\"@type\":\"WebSite\",\"@id\":\"https:\/\/www.nexoinformativo.mx\/#website\",\"url\":\"https:\/\/www.nexoinformativo.mx\/\",\"name\":\"Nexo Informativo Santiago de Quer\u00e9taro\",\"description\":\"Explora NexoInformativo y convi\u00e9rtete en parte de una comunidad que valora el conocimiento y la verdad. Tu nexoinformativo es tu puente hacia una comprensi\u00f3n m\u00e1s profunda del mundo que te rodea.\",\"publisher\":{\"@id\":\"https:\/\/www.nexoinformativo.mx\/#organization\"},\"potentialAction\":[{\"@type\":\"SearchAction\",\"target\":{\"@type\":\"EntryPoint\",\"urlTemplate\":\"https:\/\/www.nexoinformativo.mx\/?s={search_term_string}\"},\"query-input\":{\"@type\":\"PropertyValueSpecification\",\"valueRequired\":true,\"valueName\":\"search_term_string\"}}],\"inLanguage\":\"es\"},{\"@type\":\"Organization\",\"@id\":\"https:\/\/www.nexoinformativo.mx\/#organization\",\"name\":\"Nexo Informativo Santiago de Quer\u00e9taro\",\"url\":\"https:\/\/www.nexoinformativo.mx\/\",\"logo\":{\"@type\":\"ImageObject\",\"inLanguage\":\"es\",\"@id\":\"https:\/\/www.nexoinformativo.mx\/#\/schema\/logo\/image\/\",\"url\":\"https:\/\/www.nexoinformativo.mx\/wp-content\/uploads\/2024\/07\/nexoi-trasparente-2.png\",\"contentUrl\":\"https:\/\/www.nexoinformativo.mx\/wp-content\/uploads\/2024\/07\/nexoi-trasparente-2.png\",\"width\":816,\"height\":339,\"caption\":\"Nexo Informativo Santiago de Quer\u00e9taro\"},\"image\":{\"@id\":\"https:\/\/www.nexoinformativo.mx\/#\/schema\/logo\/image\/\"},\"sameAs\":[\"https:\/\/www.facebook.com\/people\/Nexo-Informativo\/61564066885511\/\"]},{\"@type\":\"Person\",\"@id\":\"https:\/\/www.nexoinformativo.mx\/#\/schema\/person\/7749d380ba08c8ca00d7bc76fd907b7d\",\"name\":\"Nexo Informativo\",\"image\":{\"@type\":\"ImageObject\",\"inLanguage\":\"es\",\"@id\":\"https:\/\/www.nexoinformativo.mx\/#\/schema\/person\/image\/\",\"url\":\"https:\/\/secure.gravatar.com\/avatar\/dde2928154642a13d95f87ddf1ea9718fe2b46760a005c53e41ff5ad610704e6?s=96&d=mm&r=g\",\"contentUrl\":\"https:\/\/secure.gravatar.com\/avatar\/dde2928154642a13d95f87ddf1ea9718fe2b46760a005c53e41ff5ad610704e6?s=96&d=mm&r=g\",\"caption\":\"Nexo Informativo\"},\"url\":\"https:\/\/www.nexoinformativo.mx\/index.php\/author\/edicion\/\"}]}<\/script>\n<!-- \/ Yoast SEO plugin. -->","yoast_head_json":{"title":"La unidad de servicios de Educaci\u00f3n B\u00e1sica para el Estado de Quer\u00e9taro USEBEQ: Anuncia implementaci\u00f3n de horario de invierno para proteger la salud de estudiantes | Nexo Informativo Santiago de Quer\u00e9taro","description":"La unidad de servicios de Educaci\u00f3n B\u00e1sica para el Estado de Quer\u00e9taro USEBEQ: Anuncia implementaci\u00f3n de horario de invierno para proteger la salud de estudiantes","robots":{"index":"index","follow":"follow","max-snippet":"max-snippet:-1","max-image-preview":"max-image-preview:large","max-video-preview":"max-video-preview:-1"},"canonical":"https:\/\/www.nexoinformativo.mx\/index.php\/2024\/10\/31\/la-unidad-de-servicios-de-educacion-basica-para-el-estado-de-queretaro-usebeq-anuncia-implementacion-de-horario-de-invierno-para-proteger-la-salud-de-estudiantes\/","og_locale":"es_MX","og_type":"article","og_title":"La unidad de servicios de Educaci\u00f3n B\u00e1sica para el Estado de Quer\u00e9taro USEBEQ: Anuncia implementaci\u00f3n de horario de invierno para proteger la salud de estudiantes | Nexo Informativo Santiago de Quer\u00e9taro","og_description":"La unidad de servicios de Educaci\u00f3n B\u00e1sica para el Estado de Quer\u00e9taro USEBEQ: Anuncia implementaci\u00f3n de horario de invierno para proteger la salud de estudiantes","og_url":"https:\/\/www.nexoinformativo.mx\/index.php\/2024\/10\/31\/la-unidad-de-servicios-de-educacion-basica-para-el-estado-de-queretaro-usebeq-anuncia-implementacion-de-horario-de-invierno-para-proteger-la-salud-de-estudiantes\/","og_site_name":"Nexo Informativo Santiago de Quer\u00e9taro","article_publisher":"https:\/\/www.facebook.com\/people\/Nexo-Informativo\/61564066885511\/","article_published_time":"2024-10-31T14:00:46+00:00","article_modified_time":"2024-10-31T16:46:52+00:00","og_image":[{"width":700,"height":875,"url":"https:\/\/www.nexoinformativo.mx\/wp-content\/uploads\/2024\/10\/PHOTO-2024-10-31-08-11-08-e1730392218417.jpg","type":"image\/jpeg"}],"author":"Nexo Informativo","twitter_card":"summary_large_image","twitter_misc":{"Escrito por":"Nexo Informativo","Tiempo de lectura":"2 minutos"},"schema":{"@context":"https:\/\/schema.org","@graph":[{"@type":"Article","@id":"https:\/\/www.nexoinformativo.mx\/index.php\/2024\/10\/31\/la-unidad-de-servicios-de-educacion-basica-para-el-estado-de-queretaro-usebeq-anuncia-implementacion-de-horario-de-invierno-para-proteger-la-salud-de-estudiantes\/#article","isPartOf":{"@id":"https:\/\/www.nexoinformativo.mx\/index.php\/2024\/10\/31\/la-unidad-de-servicios-de-educacion-basica-para-el-estado-de-queretaro-usebeq-anuncia-implementacion-de-horario-de-invierno-para-proteger-la-salud-de-estudiantes\/"},"author":{"name":"Nexo Informativo","@id":"https:\/\/www.nexoinformativo.mx\/#\/schema\/person\/7749d380ba08c8ca00d7bc76fd907b7d"},"headline":"La unidad de servicios de Educaci\u00f3n B\u00e1sica para el Estado de Quer\u00e9taro USEBEQ: Anuncia implementaci\u00f3n de horario de invierno para proteger la salud de estudiantes","datePublished":"2024-10-31T14:00:46+00:00","dateModified":"2024-10-31T16:46:52+00:00","mainEntityOfPage":{"@id":"https:\/\/www.nexoinformativo.mx\/index.php\/2024\/10\/31\/la-unidad-de-servicios-de-educacion-basica-para-el-estado-de-queretaro-usebeq-anuncia-implementacion-de-horario-de-invierno-para-proteger-la-salud-de-estudiantes\/"},"wordCount":330,"commentCount":0,"publisher":{"@id":"https:\/\/www.nexoinformativo.mx\/#organization"},"image":{"@id":"https:\/\/www.nexoinformativo.mx\/index.php\/2024\/10\/31\/la-unidad-de-servicios-de-educacion-basica-para-el-estado-de-queretaro-usebeq-anuncia-implementacion-de-horario-de-invierno-para-proteger-la-salud-de-estudiantes\/#primaryimage"},"thumbnailUrl":"https:\/\/www.nexoinformativo.mx\/wp-content\/uploads\/2024\/10\/PHOTO-2024-10-31-08-11-08-e1730392218417.jpg","keywords":["HorarioDeInvierno","Quer\u00e9taro","SaludEscolar","USEBEQ"],"articleSection":["Estado","\u00daltima Hora"],"inLanguage":"es","potentialAction":[{"@type":"CommentAction","name":"Comment","target":["https:\/\/www.nexoinformativo.mx\/index.php\/2024\/10\/31\/la-unidad-de-servicios-de-educacion-basica-para-el-estado-de-queretaro-usebeq-anuncia-implementacion-de-horario-de-invierno-para-proteger-la-salud-de-estudiantes\/#respond"]}]},{"@type":"WebPage","@id":"https:\/\/www.nexoinformativo.mx\/index.php\/2024\/10\/31\/la-unidad-de-servicios-de-educacion-basica-para-el-estado-de-queretaro-usebeq-anuncia-implementacion-de-horario-de-invierno-para-proteger-la-salud-de-estudiantes\/","url":"https:\/\/www.nexoinformativo.mx\/index.php\/2024\/10\/31\/la-unidad-de-servicios-de-educacion-basica-para-el-estado-de-queretaro-usebeq-anuncia-implementacion-de-horario-de-invierno-para-proteger-la-salud-de-estudiantes\/","name":"La unidad de servicios de Educaci\u00f3n B\u00e1sica para el Estado de Quer\u00e9taro USEBEQ: Anuncia implementaci\u00f3n de horario de invierno para proteger la salud de estudiantes | Nexo Informativo Santiago de Quer\u00e9taro","isPartOf":{"@id":"https:\/\/www.nexoinformativo.mx\/#website"},"primaryImageOfPage":{"@id":"https:\/\/www.nexoinformativo.mx\/index.php\/2024\/10\/31\/la-unidad-de-servicios-de-educacion-basica-para-el-estado-de-queretaro-usebeq-anuncia-implementacion-de-horario-de-invierno-para-proteger-la-salud-de-estudiantes\/#primaryimage"},"image":{"@id":"https:\/\/www.nexoinformativo.mx\/index.php\/2024\/10\/31\/la-unidad-de-servicios-de-educacion-basica-para-el-estado-de-queretaro-usebeq-anuncia-implementacion-de-horario-de-invierno-para-proteger-la-salud-de-estudiantes\/#primaryimage"},"thumbnailUrl":"https:\/\/www.nexoinformativo.mx\/wp-content\/uploads\/2024\/10\/PHOTO-2024-10-31-08-11-08-e1730392218417.jpg","datePublished":"2024-10-31T14:00:46+00:00","dateModified":"2024-10-31T16:46:52+00:00","description":"La unidad de servicios de Educaci\u00f3n B\u00e1sica para el Estado de Quer\u00e9taro USEBEQ: Anuncia implementaci\u00f3n de horario de invierno para proteger la salud de estudiantes","breadcrumb":{"@id":"https:\/\/www.nexoinformativo.mx\/index.php\/2024\/10\/31\/la-unidad-de-servicios-de-educacion-basica-para-el-estado-de-queretaro-usebeq-anuncia-implementacion-de-horario-de-invierno-para-proteger-la-salud-de-estudiantes\/#breadcrumb"},"inLanguage":"es","potentialAction":[{"@type":"ReadAction","target":["https:\/\/www.nexoinformativo.mx\/index.php\/2024\/10\/31\/la-unidad-de-servicios-de-educacion-basica-para-el-estado-de-queretaro-usebeq-anuncia-implementacion-de-horario-de-invierno-para-proteger-la-salud-de-estudiantes\/"]}]},{"@type":"ImageObject","inLanguage":"es","@id":"https:\/\/www.nexoinformativo.mx\/index.php\/2024\/10\/31\/la-unidad-de-servicios-de-educacion-basica-para-el-estado-de-queretaro-usebeq-anuncia-implementacion-de-horario-de-invierno-para-proteger-la-salud-de-estudiantes\/#primaryimage","url":"https:\/\/www.nexoinformativo.mx\/wp-content\/uploads\/2024\/10\/PHOTO-2024-10-31-08-11-08-e1730392218417.jpg","contentUrl":"https:\/\/www.nexoinformativo.mx\/wp-content\/uploads\/2024\/10\/PHOTO-2024-10-31-08-11-08-e1730392218417.jpg","width":700,"height":875},{"@type":"BreadcrumbList","@id":"https:\/\/www.nexoinformativo.mx\/index.php\/2024\/10\/31\/la-unidad-de-servicios-de-educacion-basica-para-el-estado-de-queretaro-usebeq-anuncia-implementacion-de-horario-de-invierno-para-proteger-la-salud-de-estudiantes\/#breadcrumb","itemListElement":[{"@type":"ListItem","position":1,"name":"Inicio","item":"https:\/\/www.nexoinformativo.mx\/"},{"@type":"ListItem","position":2,"name":"La unidad de servicios de Educaci\u00f3n B\u00e1sica para el Estado de Quer\u00e9taro USEBEQ: Anuncia implementaci\u00f3n de horario de invierno para proteger la salud de estudiantes"}]},{"@type":"WebSite","@id":"https:\/\/www.nexoinformativo.mx\/#website","url":"https:\/\/www.nexoinformativo.mx\/","name":"Nexo Informativo Santiago de Quer\u00e9taro","description":"Explora NexoInformativo y convi\u00e9rtete en parte de una comunidad que valora el conocimiento y la verdad. Tu nexoinformativo es tu puente hacia una comprensi\u00f3n m\u00e1s profunda del mundo que te rodea.","publisher":{"@id":"https:\/\/www.nexoinformativo.mx\/#organization"},"potentialAction":[{"@type":"SearchAction","target":{"@type":"EntryPoint","urlTemplate":"https:\/\/www.nexoinformativo.mx\/?s={search_term_string}"},"query-input":{"@type":"PropertyValueSpecification","valueRequired":true,"valueName":"search_term_string"}}],"inLanguage":"es"},{"@type":"Organization","@id":"https:\/\/www.nexoinformativo.mx\/#organization","name":"Nexo Informativo Santiago de Quer\u00e9taro","url":"https:\/\/www.nexoinformativo.mx\/","logo":{"@type":"ImageObject","inLanguage":"es","@id":"https:\/\/www.nexoinformativo.mx\/#\/schema\/logo\/image\/","url":"https:\/\/www.nexoinformativo.mx\/wp-content\/uploads\/2024\/07\/nexoi-trasparente-2.png","contentUrl":"https:\/\/www.nexoinformativo.mx\/wp-content\/uploads\/2024\/07\/nexoi-trasparente-2.png","width":816,"height":339,"caption":"Nexo Informativo Santiago de Quer\u00e9taro"},"image":{"@id":"https:\/\/www.nexoinformativo.mx\/#\/schema\/logo\/image\/"},"sameAs":["https:\/\/www.facebook.com\/people\/Nexo-Informativo\/61564066885511\/"]},{"@type":"Person","@id":"https:\/\/www.nexoinformativo.mx\/#\/schema\/person\/7749d380ba08c8ca00d7bc76fd907b7d","name":"Nexo Informativo","image":{"@type":"ImageObject","inLanguage":"es","@id":"https:\/\/www.nexoinformativo.mx\/#\/schema\/person\/image\/","url":"https:\/\/secure.gravatar.com\/avatar\/dde2928154642a13d95f87ddf1ea9718fe2b46760a005c53e41ff5ad610704e6?s=96&d=mm&r=g","contentUrl":"https:\/\/secure.gravatar.com\/avatar\/dde2928154642a13d95f87ddf1ea9718fe2b46760a005c53e41ff5ad610704e6?s=96&d=mm&r=g","caption":"Nexo Informativo"},"url":"https:\/\/www.nexoinformativo.mx\/index.php\/author\/edicion\/"}]}},"_links":{"self":[{"href":"https:\/\/www.nexoinformativo.mx\/index.php\/wp-json\/wp\/v2\/posts\/4969","targetHints":{"allow":["GET"]}}],"collection":[{"href":"https:\/\/www.nexoinformativo.mx\/index.php\/wp-json\/wp\/v2\/posts"}],"about":[{"href":"https:\/\/www.nexoinformativo.mx\/index.php\/wp-json\/wp\/v2\/types\/post"}],"author":[{"embeddable":true,"href":"https:\/\/www.nexoinformativo.mx\/index.php\/wp-json\/wp\/v2\/users\/3"}],"replies":[{"embeddable":true,"href":"https:\/\/www.nexoinformativo.mx\/index.php\/wp-json\/wp\/v2\/comments?post=4969"}],"version-history":[{"count":4,"href":"https:\/\/www.nexoinformativo.mx\/index.php\/wp-json\/wp\/v2\/posts\/4969\/revisions"}],"predecessor-version":[{"id":4990,"href":"https:\/\/www.nexoinformativo.mx\/index.php\/wp-json\/wp\/v2\/posts\/4969\/revisions\/4990"}],"wp:featuredmedia":[{"embeddable":true,"href":"https:\/\/www.nexoinformativo.mx\/index.php\/wp-json\/wp\/v2\/media\/4970"}],"wp:attachment":[{"href":"https:\/\/www.nexoinformativo.mx\/index.php\/wp-json\/wp\/v2\/media?parent=4969"}],"wp:term":[{"taxonomy":"category","embeddable":true,"href":"https:\/\/www.nexoinformativo.mx\/index.php\/wp-json\/wp\/v2\/categories?post=4969"},{"taxonomy":"post_tag","embeddable":true,"href":"https:\/\/www.nexoinformativo.mx\/index.php\/wp-json\/wp\/v2\/tags?post=4969"}],"curies":[{"name":"wp","href":"https:\/\/api.w.org\/{rel}","templated":true}]}}