{"id":4975,"date":"2024-10-31T08:00:22","date_gmt":"2024-10-31T14:00:22","guid":{"rendered":"https:\/\/www.nexoinformativo.mx\/?p=4975"},"modified":"2024-10-31T10:36:13","modified_gmt":"2024-10-31T16:36:13","slug":"chepe-guerrero-45-de-llamadas-al-9-1-1-en-corregidora-son-falsas-autoridades-piden-responsabilidad","status":"publish","type":"post","link":"https:\/\/www.nexoinformativo.mx\/index.php\/2024\/10\/31\/chepe-guerrero-45-de-llamadas-al-9-1-1-en-corregidora-son-falsas-autoridades-piden-responsabilidad\/","title":{"rendered":"Chepe Guerrero: 45% de llamadas al 9-1-1 en Corregidora son falsas, autoridades piden responsabilidad"},"content":{"rendered":"<p style=\"text-align: justify;\">El presidente municipal de Corregidora, Josu\u00e9 Guerrero Tr\u00e1pala, revel\u00f3 que el 45% de las llamadas que recibe el n\u00famero de emergencias 9-1-1 son falsas o de broma.<\/p>\n<p>&nbsp;<\/p>\n<p style=\"text-align: justify;\">Ante esta situaci\u00f3n, hizo un llamado a la poblaci\u00f3n para que sea m\u00e1s responsable al utilizar este servicio vital. Guerrero Tr\u00e1pala destac\u00f3 que las llamadas falsas no solo desv\u00edan recursos humanos y materiales de las corporaciones de emergencia, sino que tambi\u00e9n pueden poner en riesgo la vida de personas que realmente necesitan ayuda.<\/p>\n<p>&nbsp;<\/p>\n<p style=\"text-align: justify;\"><strong>\u201cSi tenemos que enviar una patrulla o una ambulancia a una llamada falsa, estamos perdiendo tiempo valioso que podr\u00eda ser utilizado para atender una emergencia real\u201d<\/strong>, afirm\u00f3. Debido a esta problem\u00e1tica, el municipio ha implementado un protocolo para verificar la autenticidad de las llamadas antes de despachar unidades de emergencia.<\/p>\n<p>&nbsp;<\/p>\n<p style=\"text-align: justify;\">Esta medida busca minimizar el impacto de las llamadas de broma y garantizar que los servicios est\u00e9n disponibles para quienes realmente los necesiten. Adem\u00e1s, el presidente municipal anunci\u00f3 que para el pr\u00f3ximo a\u00f1o se contemplan recursos destinados a la contrataci\u00f3n de m\u00e1s personal y la adquisici\u00f3n de tecnolog\u00eda que permita mejorar la atenci\u00f3n de emergencias.<\/p>\n<p>&nbsp;<\/p>\n<p style=\"text-align: justify;\">Con estas acciones, las autoridades esperan reducir el n\u00famero de llamadas falsas y optimizar la respuesta ante situaciones cr\u00edticas. La responsabilidad de cada ciudadano es fundamental para asegurar que el sistema de emergencias funcione de manera eficiente y efectiva, salvaguardando as\u00ed la seguridad de todos los habitantes de Corregidora.<\/p>\n<p>&nbsp;<\/p>\n<p style=\"text-align: center;\"><em><strong>\u00a1Informaci\u00f3n que transforma!<\/strong><\/em><\/p>\n","protected":false},"excerpt":{"rendered":"<p>El presidente municipal de Corregidora, Josu\u00e9 Guerrero Tr\u00e1pala, revel\u00f3 que el 45% de las llamadas que recibe el n\u00famero de emergencias 9-1-1 son falsas o de broma.<\/p>\n","protected":false},"author":3,"featured_media":4976,"comment_status":"open","ping_status":"open","sticky":false,"template":"","format":"standard","meta":{"footnotes":""},"categories":[65,58],"tags":[1770,1769,1771,157],"class_list":["post-4975","post","type-post","status-publish","format-standard","has-post-thumbnail","hentry","category-municipios","category-ultima-hora","tag-911responsable","tag-emergenciascorregidora","tag-llamadasfalsas","tag-seguridadciudadana"],"yoast_head":"<!-- This site is optimized with the Yoast SEO plugin v25.0 - https:\/\/yoast.com\/wordpress\/plugins\/seo\/ -->\n<title>Chepe Guerrero: 45% de llamadas al 9-1-1 en Corregidora son falsas, autoridades piden responsabilidad | Nexo Informativo Santiago de Quer\u00e9taro<\/title>\n<meta name=\"description\" content=\"Chepe Guerrero: 45% de llamadas al 9-1-1 en Corregidora son falsas, autoridades piden responsabilidad\" \/>\n<meta name=\"robots\" content=\"index, follow, max-snippet:-1, max-image-preview:large, max-video-preview:-1\" \/>\n<link rel=\"canonical\" href=\"https:\/\/www.nexoinformativo.mx\/index.php\/2024\/10\/31\/chepe-guerrero-45-de-llamadas-al-9-1-1-en-corregidora-son-falsas-autoridades-piden-responsabilidad\/\" \/>\n<meta property=\"og:locale\" content=\"es_MX\" \/>\n<meta property=\"og:type\" content=\"article\" \/>\n<meta property=\"og:title\" content=\"Chepe Guerrero: 45% de llamadas al 9-1-1 en Corregidora son falsas, autoridades piden responsabilidad | Nexo Informativo Santiago de Quer\u00e9taro\" \/>\n<meta property=\"og:description\" content=\"Chepe Guerrero: 45% de llamadas al 9-1-1 en Corregidora son falsas, autoridades piden responsabilidad\" \/>\n<meta property=\"og:url\" content=\"https:\/\/www.nexoinformativo.mx\/index.php\/2024\/10\/31\/chepe-guerrero-45-de-llamadas-al-9-1-1-en-corregidora-son-falsas-autoridades-piden-responsabilidad\/\" \/>\n<meta property=\"og:site_name\" content=\"Nexo Informativo Santiago de Quer\u00e9taro\" \/>\n<meta property=\"article:publisher\" content=\"https:\/\/www.facebook.com\/people\/Nexo-Informativo\/61564066885511\/\" \/>\n<meta property=\"article:published_time\" content=\"2024-10-31T14:00:22+00:00\" \/>\n<meta property=\"article:modified_time\" content=\"2024-10-31T16:36:13+00:00\" \/>\n<meta property=\"og:image\" content=\"https:\/\/www.nexoinformativo.mx\/wp-content\/uploads\/2024\/10\/PHOTO-2024-10-31-08-11-08-2-e1730392524813.jpg\" \/>\n\t<meta property=\"og:image:width\" content=\"800\" \/>\n\t<meta property=\"og:image:height\" content=\"533\" \/>\n\t<meta property=\"og:image:type\" content=\"image\/jpeg\" \/>\n<meta name=\"author\" content=\"Nexo Informativo\" \/>\n<meta name=\"twitter:card\" content=\"summary_large_image\" \/>\n<meta name=\"twitter:label1\" content=\"Escrito por\" \/>\n\t<meta name=\"twitter:data1\" content=\"Nexo Informativo\" \/>\n\t<meta name=\"twitter:label2\" content=\"Tiempo de lectura\" \/>\n\t<meta name=\"twitter:data2\" content=\"2 minutos\" \/>\n<script type=\"application\/ld+json\" class=\"yoast-schema-graph\">{\"@context\":\"https:\/\/schema.org\",\"@graph\":[{\"@type\":\"Article\",\"@id\":\"https:\/\/www.nexoinformativo.mx\/index.php\/2024\/10\/31\/chepe-guerrero-45-de-llamadas-al-9-1-1-en-corregidora-son-falsas-autoridades-piden-responsabilidad\/#article\",\"isPartOf\":{\"@id\":\"https:\/\/www.nexoinformativo.mx\/index.php\/2024\/10\/31\/chepe-guerrero-45-de-llamadas-al-9-1-1-en-corregidora-son-falsas-autoridades-piden-responsabilidad\/\"},\"author\":{\"name\":\"Nexo Informativo\",\"@id\":\"https:\/\/www.nexoinformativo.mx\/#\/schema\/person\/7749d380ba08c8ca00d7bc76fd907b7d\"},\"headline\":\"Chepe Guerrero: 45% de llamadas al 9-1-1 en Corregidora son falsas, autoridades piden responsabilidad\",\"datePublished\":\"2024-10-31T14:00:22+00:00\",\"dateModified\":\"2024-10-31T16:36:13+00:00\",\"mainEntityOfPage\":{\"@id\":\"https:\/\/www.nexoinformativo.mx\/index.php\/2024\/10\/31\/chepe-guerrero-45-de-llamadas-al-9-1-1-en-corregidora-son-falsas-autoridades-piden-responsabilidad\/\"},\"wordCount\":278,\"commentCount\":0,\"publisher\":{\"@id\":\"https:\/\/www.nexoinformativo.mx\/#organization\"},\"image\":{\"@id\":\"https:\/\/www.nexoinformativo.mx\/index.php\/2024\/10\/31\/chepe-guerrero-45-de-llamadas-al-9-1-1-en-corregidora-son-falsas-autoridades-piden-responsabilidad\/#primaryimage\"},\"thumbnailUrl\":\"https:\/\/www.nexoinformativo.mx\/wp-content\/uploads\/2024\/10\/PHOTO-2024-10-31-08-11-08-2-e1730392524813.jpg\",\"keywords\":[\"911Responsable\",\"EmergenciasCorregidora\",\"LlamadasFalsas\",\"SeguridadCiudadana\"],\"articleSection\":[\"Municipios\",\"\u00daltima Hora\"],\"inLanguage\":\"es\",\"potentialAction\":[{\"@type\":\"CommentAction\",\"name\":\"Comment\",\"target\":[\"https:\/\/www.nexoinformativo.mx\/index.php\/2024\/10\/31\/chepe-guerrero-45-de-llamadas-al-9-1-1-en-corregidora-son-falsas-autoridades-piden-responsabilidad\/#respond\"]}]},{\"@type\":\"WebPage\",\"@id\":\"https:\/\/www.nexoinformativo.mx\/index.php\/2024\/10\/31\/chepe-guerrero-45-de-llamadas-al-9-1-1-en-corregidora-son-falsas-autoridades-piden-responsabilidad\/\",\"url\":\"https:\/\/www.nexoinformativo.mx\/index.php\/2024\/10\/31\/chepe-guerrero-45-de-llamadas-al-9-1-1-en-corregidora-son-falsas-autoridades-piden-responsabilidad\/\",\"name\":\"Chepe Guerrero: 45% de llamadas al 9-1-1 en Corregidora son falsas, autoridades piden responsabilidad | Nexo Informativo Santiago de Quer\u00e9taro\",\"isPartOf\":{\"@id\":\"https:\/\/www.nexoinformativo.mx\/#website\"},\"primaryImageOfPage\":{\"@id\":\"https:\/\/www.nexoinformativo.mx\/index.php\/2024\/10\/31\/chepe-guerrero-45-de-llamadas-al-9-1-1-en-corregidora-son-falsas-autoridades-piden-responsabilidad\/#primaryimage\"},\"image\":{\"@id\":\"https:\/\/www.nexoinformativo.mx\/index.php\/2024\/10\/31\/chepe-guerrero-45-de-llamadas-al-9-1-1-en-corregidora-son-falsas-autoridades-piden-responsabilidad\/#primaryimage\"},\"thumbnailUrl\":\"https:\/\/www.nexoinformativo.mx\/wp-content\/uploads\/2024\/10\/PHOTO-2024-10-31-08-11-08-2-e1730392524813.jpg\",\"datePublished\":\"2024-10-31T14:00:22+00:00\",\"dateModified\":\"2024-10-31T16:36:13+00:00\",\"description\":\"Chepe Guerrero: 45% de llamadas al 9-1-1 en Corregidora son falsas, autoridades piden responsabilidad\",\"breadcrumb\":{\"@id\":\"https:\/\/www.nexoinformativo.mx\/index.php\/2024\/10\/31\/chepe-guerrero-45-de-llamadas-al-9-1-1-en-corregidora-son-falsas-autoridades-piden-responsabilidad\/#breadcrumb\"},\"inLanguage\":\"es\",\"potentialAction\":[{\"@type\":\"ReadAction\",\"target\":[\"https:\/\/www.nexoinformativo.mx\/index.php\/2024\/10\/31\/chepe-guerrero-45-de-llamadas-al-9-1-1-en-corregidora-son-falsas-autoridades-piden-responsabilidad\/\"]}]},{\"@type\":\"ImageObject\",\"inLanguage\":\"es\",\"@id\":\"https:\/\/www.nexoinformativo.mx\/index.php\/2024\/10\/31\/chepe-guerrero-45-de-llamadas-al-9-1-1-en-corregidora-son-falsas-autoridades-piden-responsabilidad\/#primaryimage\",\"url\":\"https:\/\/www.nexoinformativo.mx\/wp-content\/uploads\/2024\/10\/PHOTO-2024-10-31-08-11-08-2-e1730392524813.jpg\",\"contentUrl\":\"https:\/\/www.nexoinformativo.mx\/wp-content\/uploads\/2024\/10\/PHOTO-2024-10-31-08-11-08-2-e1730392524813.jpg\",\"width\":800,\"height\":533},{\"@type\":\"BreadcrumbList\",\"@id\":\"https:\/\/www.nexoinformativo.mx\/index.php\/2024\/10\/31\/chepe-guerrero-45-de-llamadas-al-9-1-1-en-corregidora-son-falsas-autoridades-piden-responsabilidad\/#breadcrumb\",\"itemListElement\":[{\"@type\":\"ListItem\",\"position\":1,\"name\":\"Inicio\",\"item\":\"https:\/\/www.nexoinformativo.mx\/\"},{\"@type\":\"ListItem\",\"position\":2,\"name\":\"Chepe Guerrero: 45% de llamadas al 9-1-1 en Corregidora son falsas, autoridades piden responsabilidad\"}]},{\"@type\":\"WebSite\",\"@id\":\"https:\/\/www.nexoinformativo.mx\/#website\",\"url\":\"https:\/\/www.nexoinformativo.mx\/\",\"name\":\"Nexo Informativo Santiago de Quer\u00e9taro\",\"description\":\"Explora NexoInformativo y convi\u00e9rtete en parte de una comunidad que valora el conocimiento y la verdad. Tu nexoinformativo es tu puente hacia una comprensi\u00f3n m\u00e1s profunda del mundo que te rodea.\",\"publisher\":{\"@id\":\"https:\/\/www.nexoinformativo.mx\/#organization\"},\"potentialAction\":[{\"@type\":\"SearchAction\",\"target\":{\"@type\":\"EntryPoint\",\"urlTemplate\":\"https:\/\/www.nexoinformativo.mx\/?s={search_term_string}\"},\"query-input\":{\"@type\":\"PropertyValueSpecification\",\"valueRequired\":true,\"valueName\":\"search_term_string\"}}],\"inLanguage\":\"es\"},{\"@type\":\"Organization\",\"@id\":\"https:\/\/www.nexoinformativo.mx\/#organization\",\"name\":\"Nexo Informativo Santiago de Quer\u00e9taro\",\"url\":\"https:\/\/www.nexoinformativo.mx\/\",\"logo\":{\"@type\":\"ImageObject\",\"inLanguage\":\"es\",\"@id\":\"https:\/\/www.nexoinformativo.mx\/#\/schema\/logo\/image\/\",\"url\":\"https:\/\/www.nexoinformativo.mx\/wp-content\/uploads\/2024\/07\/nexoi-trasparente-2.png\",\"contentUrl\":\"https:\/\/www.nexoinformativo.mx\/wp-content\/uploads\/2024\/07\/nexoi-trasparente-2.png\",\"width\":816,\"height\":339,\"caption\":\"Nexo Informativo Santiago de Quer\u00e9taro\"},\"image\":{\"@id\":\"https:\/\/www.nexoinformativo.mx\/#\/schema\/logo\/image\/\"},\"sameAs\":[\"https:\/\/www.facebook.com\/people\/Nexo-Informativo\/61564066885511\/\"]},{\"@type\":\"Person\",\"@id\":\"https:\/\/www.nexoinformativo.mx\/#\/schema\/person\/7749d380ba08c8ca00d7bc76fd907b7d\",\"name\":\"Nexo Informativo\",\"image\":{\"@type\":\"ImageObject\",\"inLanguage\":\"es\",\"@id\":\"https:\/\/www.nexoinformativo.mx\/#\/schema\/person\/image\/\",\"url\":\"https:\/\/secure.gravatar.com\/avatar\/dde2928154642a13d95f87ddf1ea9718fe2b46760a005c53e41ff5ad610704e6?s=96&d=mm&r=g\",\"contentUrl\":\"https:\/\/secure.gravatar.com\/avatar\/dde2928154642a13d95f87ddf1ea9718fe2b46760a005c53e41ff5ad610704e6?s=96&d=mm&r=g\",\"caption\":\"Nexo Informativo\"},\"url\":\"https:\/\/www.nexoinformativo.mx\/index.php\/author\/edicion\/\"}]}<\/script>\n<!-- \/ Yoast SEO plugin. -->","yoast_head_json":{"title":"Chepe Guerrero: 45% de llamadas al 9-1-1 en Corregidora son falsas, autoridades piden responsabilidad | Nexo Informativo Santiago de Quer\u00e9taro","description":"Chepe Guerrero: 45% de llamadas al 9-1-1 en Corregidora son falsas, autoridades piden responsabilidad","robots":{"index":"index","follow":"follow","max-snippet":"max-snippet:-1","max-image-preview":"max-image-preview:large","max-video-preview":"max-video-preview:-1"},"canonical":"https:\/\/www.nexoinformativo.mx\/index.php\/2024\/10\/31\/chepe-guerrero-45-de-llamadas-al-9-1-1-en-corregidora-son-falsas-autoridades-piden-responsabilidad\/","og_locale":"es_MX","og_type":"article","og_title":"Chepe Guerrero: 45% de llamadas al 9-1-1 en Corregidora son falsas, autoridades piden responsabilidad | Nexo Informativo Santiago de Quer\u00e9taro","og_description":"Chepe Guerrero: 45% de llamadas al 9-1-1 en Corregidora son falsas, autoridades piden responsabilidad","og_url":"https:\/\/www.nexoinformativo.mx\/index.php\/2024\/10\/31\/chepe-guerrero-45-de-llamadas-al-9-1-1-en-corregidora-son-falsas-autoridades-piden-responsabilidad\/","og_site_name":"Nexo Informativo Santiago de Quer\u00e9taro","article_publisher":"https:\/\/www.facebook.com\/people\/Nexo-Informativo\/61564066885511\/","article_published_time":"2024-10-31T14:00:22+00:00","article_modified_time":"2024-10-31T16:36:13+00:00","og_image":[{"width":800,"height":533,"url":"https:\/\/www.nexoinformativo.mx\/wp-content\/uploads\/2024\/10\/PHOTO-2024-10-31-08-11-08-2-e1730392524813.jpg","type":"image\/jpeg"}],"author":"Nexo Informativo","twitter_card":"summary_large_image","twitter_misc":{"Escrito por":"Nexo Informativo","Tiempo de lectura":"2 minutos"},"schema":{"@context":"https:\/\/schema.org","@graph":[{"@type":"Article","@id":"https:\/\/www.nexoinformativo.mx\/index.php\/2024\/10\/31\/chepe-guerrero-45-de-llamadas-al-9-1-1-en-corregidora-son-falsas-autoridades-piden-responsabilidad\/#article","isPartOf":{"@id":"https:\/\/www.nexoinformativo.mx\/index.php\/2024\/10\/31\/chepe-guerrero-45-de-llamadas-al-9-1-1-en-corregidora-son-falsas-autoridades-piden-responsabilidad\/"},"author":{"name":"Nexo Informativo","@id":"https:\/\/www.nexoinformativo.mx\/#\/schema\/person\/7749d380ba08c8ca00d7bc76fd907b7d"},"headline":"Chepe Guerrero: 45% de llamadas al 9-1-1 en Corregidora son falsas, autoridades piden responsabilidad","datePublished":"2024-10-31T14:00:22+00:00","dateModified":"2024-10-31T16:36:13+00:00","mainEntityOfPage":{"@id":"https:\/\/www.nexoinformativo.mx\/index.php\/2024\/10\/31\/chepe-guerrero-45-de-llamadas-al-9-1-1-en-corregidora-son-falsas-autoridades-piden-responsabilidad\/"},"wordCount":278,"commentCount":0,"publisher":{"@id":"https:\/\/www.nexoinformativo.mx\/#organization"},"image":{"@id":"https:\/\/www.nexoinformativo.mx\/index.php\/2024\/10\/31\/chepe-guerrero-45-de-llamadas-al-9-1-1-en-corregidora-son-falsas-autoridades-piden-responsabilidad\/#primaryimage"},"thumbnailUrl":"https:\/\/www.nexoinformativo.mx\/wp-content\/uploads\/2024\/10\/PHOTO-2024-10-31-08-11-08-2-e1730392524813.jpg","keywords":["911Responsable","EmergenciasCorregidora","LlamadasFalsas","SeguridadCiudadana"],"articleSection":["Municipios","\u00daltima Hora"],"inLanguage":"es","potentialAction":[{"@type":"CommentAction","name":"Comment","target":["https:\/\/www.nexoinformativo.mx\/index.php\/2024\/10\/31\/chepe-guerrero-45-de-llamadas-al-9-1-1-en-corregidora-son-falsas-autoridades-piden-responsabilidad\/#respond"]}]},{"@type":"WebPage","@id":"https:\/\/www.nexoinformativo.mx\/index.php\/2024\/10\/31\/chepe-guerrero-45-de-llamadas-al-9-1-1-en-corregidora-son-falsas-autoridades-piden-responsabilidad\/","url":"https:\/\/www.nexoinformativo.mx\/index.php\/2024\/10\/31\/chepe-guerrero-45-de-llamadas-al-9-1-1-en-corregidora-son-falsas-autoridades-piden-responsabilidad\/","name":"Chepe Guerrero: 45% de llamadas al 9-1-1 en Corregidora son falsas, autoridades piden responsabilidad | Nexo Informativo Santiago de Quer\u00e9taro","isPartOf":{"@id":"https:\/\/www.nexoinformativo.mx\/#website"},"primaryImageOfPage":{"@id":"https:\/\/www.nexoinformativo.mx\/index.php\/2024\/10\/31\/chepe-guerrero-45-de-llamadas-al-9-1-1-en-corregidora-son-falsas-autoridades-piden-responsabilidad\/#primaryimage"},"image":{"@id":"https:\/\/www.nexoinformativo.mx\/index.php\/2024\/10\/31\/chepe-guerrero-45-de-llamadas-al-9-1-1-en-corregidora-son-falsas-autoridades-piden-responsabilidad\/#primaryimage"},"thumbnailUrl":"https:\/\/www.nexoinformativo.mx\/wp-content\/uploads\/2024\/10\/PHOTO-2024-10-31-08-11-08-2-e1730392524813.jpg","datePublished":"2024-10-31T14:00:22+00:00","dateModified":"2024-10-31T16:36:13+00:00","description":"Chepe Guerrero: 45% de llamadas al 9-1-1 en Corregidora son falsas, autoridades piden responsabilidad","breadcrumb":{"@id":"https:\/\/www.nexoinformativo.mx\/index.php\/2024\/10\/31\/chepe-guerrero-45-de-llamadas-al-9-1-1-en-corregidora-son-falsas-autoridades-piden-responsabilidad\/#breadcrumb"},"inLanguage":"es","potentialAction":[{"@type":"ReadAction","target":["https:\/\/www.nexoinformativo.mx\/index.php\/2024\/10\/31\/chepe-guerrero-45-de-llamadas-al-9-1-1-en-corregidora-son-falsas-autoridades-piden-responsabilidad\/"]}]},{"@type":"ImageObject","inLanguage":"es","@id":"https:\/\/www.nexoinformativo.mx\/index.php\/2024\/10\/31\/chepe-guerrero-45-de-llamadas-al-9-1-1-en-corregidora-son-falsas-autoridades-piden-responsabilidad\/#primaryimage","url":"https:\/\/www.nexoinformativo.mx\/wp-content\/uploads\/2024\/10\/PHOTO-2024-10-31-08-11-08-2-e1730392524813.jpg","contentUrl":"https:\/\/www.nexoinformativo.mx\/wp-content\/uploads\/2024\/10\/PHOTO-2024-10-31-08-11-08-2-e1730392524813.jpg","width":800,"height":533},{"@type":"BreadcrumbList","@id":"https:\/\/www.nexoinformativo.mx\/index.php\/2024\/10\/31\/chepe-guerrero-45-de-llamadas-al-9-1-1-en-corregidora-son-falsas-autoridades-piden-responsabilidad\/#breadcrumb","itemListElement":[{"@type":"ListItem","position":1,"name":"Inicio","item":"https:\/\/www.nexoinformativo.mx\/"},{"@type":"ListItem","position":2,"name":"Chepe Guerrero: 45% de llamadas al 9-1-1 en Corregidora son falsas, autoridades piden responsabilidad"}]},{"@type":"WebSite","@id":"https:\/\/www.nexoinformativo.mx\/#website","url":"https:\/\/www.nexoinformativo.mx\/","name":"Nexo Informativo Santiago de Quer\u00e9taro","description":"Explora NexoInformativo y convi\u00e9rtete en parte de una comunidad que valora el conocimiento y la verdad. Tu nexoinformativo es tu puente hacia una comprensi\u00f3n m\u00e1s profunda del mundo que te rodea.","publisher":{"@id":"https:\/\/www.nexoinformativo.mx\/#organization"},"potentialAction":[{"@type":"SearchAction","target":{"@type":"EntryPoint","urlTemplate":"https:\/\/www.nexoinformativo.mx\/?s={search_term_string}"},"query-input":{"@type":"PropertyValueSpecification","valueRequired":true,"valueName":"search_term_string"}}],"inLanguage":"es"},{"@type":"Organization","@id":"https:\/\/www.nexoinformativo.mx\/#organization","name":"Nexo Informativo Santiago de Quer\u00e9taro","url":"https:\/\/www.nexoinformativo.mx\/","logo":{"@type":"ImageObject","inLanguage":"es","@id":"https:\/\/www.nexoinformativo.mx\/#\/schema\/logo\/image\/","url":"https:\/\/www.nexoinformativo.mx\/wp-content\/uploads\/2024\/07\/nexoi-trasparente-2.png","contentUrl":"https:\/\/www.nexoinformativo.mx\/wp-content\/uploads\/2024\/07\/nexoi-trasparente-2.png","width":816,"height":339,"caption":"Nexo Informativo Santiago de Quer\u00e9taro"},"image":{"@id":"https:\/\/www.nexoinformativo.mx\/#\/schema\/logo\/image\/"},"sameAs":["https:\/\/www.facebook.com\/people\/Nexo-Informativo\/61564066885511\/"]},{"@type":"Person","@id":"https:\/\/www.nexoinformativo.mx\/#\/schema\/person\/7749d380ba08c8ca00d7bc76fd907b7d","name":"Nexo Informativo","image":{"@type":"ImageObject","inLanguage":"es","@id":"https:\/\/www.nexoinformativo.mx\/#\/schema\/person\/image\/","url":"https:\/\/secure.gravatar.com\/avatar\/dde2928154642a13d95f87ddf1ea9718fe2b46760a005c53e41ff5ad610704e6?s=96&d=mm&r=g","contentUrl":"https:\/\/secure.gravatar.com\/avatar\/dde2928154642a13d95f87ddf1ea9718fe2b46760a005c53e41ff5ad610704e6?s=96&d=mm&r=g","caption":"Nexo Informativo"},"url":"https:\/\/www.nexoinformativo.mx\/index.php\/author\/edicion\/"}]}},"_links":{"self":[{"href":"https:\/\/www.nexoinformativo.mx\/index.php\/wp-json\/wp\/v2\/posts\/4975","targetHints":{"allow":["GET"]}}],"collection":[{"href":"https:\/\/www.nexoinformativo.mx\/index.php\/wp-json\/wp\/v2\/posts"}],"about":[{"href":"https:\/\/www.nexoinformativo.mx\/index.php\/wp-json\/wp\/v2\/types\/post"}],"author":[{"embeddable":true,"href":"https:\/\/www.nexoinformativo.mx\/index.php\/wp-json\/wp\/v2\/users\/3"}],"replies":[{"embeddable":true,"href":"https:\/\/www.nexoinformativo.mx\/index.php\/wp-json\/wp\/v2\/comments?post=4975"}],"version-history":[{"count":3,"href":"https:\/\/www.nexoinformativo.mx\/index.php\/wp-json\/wp\/v2\/posts\/4975\/revisions"}],"predecessor-version":[{"id":4979,"href":"https:\/\/www.nexoinformativo.mx\/index.php\/wp-json\/wp\/v2\/posts\/4975\/revisions\/4979"}],"wp:featuredmedia":[{"embeddable":true,"href":"https:\/\/www.nexoinformativo.mx\/index.php\/wp-json\/wp\/v2\/media\/4976"}],"wp:attachment":[{"href":"https:\/\/www.nexoinformativo.mx\/index.php\/wp-json\/wp\/v2\/media?parent=4975"}],"wp:term":[{"taxonomy":"category","embeddable":true,"href":"https:\/\/www.nexoinformativo.mx\/index.php\/wp-json\/wp\/v2\/categories?post=4975"},{"taxonomy":"post_tag","embeddable":true,"href":"https:\/\/www.nexoinformativo.mx\/index.php\/wp-json\/wp\/v2\/tags?post=4975"}],"curies":[{"name":"wp","href":"https:\/\/api.w.org\/{rel}","templated":true}]}}