{"id":4998,"date":"2024-10-31T09:00:00","date_gmt":"2024-10-31T15:00:00","guid":{"rendered":"https:\/\/www.nexoinformativo.mx\/?p=4998"},"modified":"2024-10-31T11:06:57","modified_gmt":"2024-10-31T17:06:57","slug":"pablo-talamantes-busca-la-presidencia-del-cicq-y-promete-mayor-participacion-femenina","status":"publish","type":"post","link":"https:\/\/www.nexoinformativo.mx\/index.php\/2024\/10\/31\/pablo-talamantes-busca-la-presidencia-del-cicq-y-promete-mayor-participacion-femenina\/","title":{"rendered":"Pablo Talamantes busca la presidencia del CICQ y promete mayor participaci\u00f3n femenina"},"content":{"rendered":"<p style=\"text-align: justify;\" data-sourcepos=\"5:1-5:362\">El ingeniero civil Pablo Talamantes present\u00f3 su planilla para contender por la presidencia del Colegio de Ingenieros Civiles de Quer\u00e9taro <strong>(CICQ)<\/strong>. En su propuesta, destaca la necesidad de impulsar la participaci\u00f3n de las mujeres en el organismo y consolidar el liderazgo de los ingenieros en proyectos de obra p\u00fablica y privada.<\/p>\n<p>&nbsp;<\/p>\n<p style=\"text-align: justify;\" data-sourcepos=\"7:1-7:394\">Talamantes, reconocido por su trayectoria en la Universidad Aut\u00f3noma de Quer\u00e9taro<strong> (UAQ)<\/strong>, se\u00f1al\u00f3 que actualmente existe una brecha de g\u00e9nero significativa en el CICQ, con solo 19 mujeres de un total de 401 agremiados. Por ello, se comprometi\u00f3 a implementar acciones para fomentar la incorporaci\u00f3n de m\u00e1s mujeres al colegio y brindarles las herramientas necesarias para su desarrollo profesional.<\/p>\n<p>&nbsp;<\/p>\n<p style=\"text-align: justify;\" data-sourcepos=\"9:1-9:216\"><strong>&#8220;Como maestro con m\u00e1s de 35 a\u00f1os en la UAQ, hemos estado trabajando en sumar a los egresados al Colegio y brindar facilidades a las mujeres para que puedan tener una mayor participaci\u00f3n&#8221;<\/strong>, afirm\u00f3 Talamantes.<\/p>\n<p>&nbsp;<\/p>\n<p style=\"text-align: justify;\" data-sourcepos=\"11:1-11:309\">Adem\u00e1s de la equidad de g\u00e9nero, el candidato destac\u00f3 la importancia de fortalecer el papel del CICQ en la toma de decisiones relacionadas con el desarrollo urbano del estado. Propone que los ingenieros civiles tengan un mayor protagonismo en la planeaci\u00f3n, proyecci\u00f3n y ejecuci\u00f3n de obras p\u00fablicas y privadas.<\/p>\n<p>&nbsp;<\/p>\n<p style=\"text-align: justify;\" data-sourcepos=\"15:1-15:250\">La planilla de Talamantes, denominada SER-ES (Sentido, Responsabilidad y Espacios para el colegiado), est\u00e1 conformada por un equipo de profesionales con amplia experiencia en el sector. Entre los principales objetivos de esta propuesta:\u00a0Mayor participaci\u00f3n de las mujeres, consolidar el liderazgo de los ingenieros.<\/p>\n<p>&nbsp;<\/p>\n<p style=\"text-align: justify;\" data-sourcepos=\"15:1-15:250\">Y por supuesto fomentar la colaboraci\u00f3n con universidades: Estrechar lazos con instituciones educativas para promover la formaci\u00f3n de nuevos ingenieros.<strong>&#8220;El respaldo del Colegio garantiza la capacidad, experiencia y sobre todo la excelencia profesional y responsabilidad social&#8221;<\/strong>, asegur\u00f3 Talamantes.<\/p>\n<p>&nbsp;<\/p>\n<p style=\"text-align: center;\" data-sourcepos=\"15:1-15:250\"><em><strong>\u00a1Informaci\u00f3n que transforma!<\/strong><\/em><\/p>\n","protected":false},"excerpt":{"rendered":"<p>El ingeniero civil Pablo Talamantes present\u00f3 su planilla para contender por la presidencia del Colegio de Ingenieros Civiles de Quer\u00e9taro (CICQ).<\/p>\n","protected":false},"author":3,"featured_media":4999,"comment_status":"open","ping_status":"open","sticky":false,"template":"","format":"standard","meta":{"footnotes":""},"categories":[42],"tags":[1777,1778,1780,1779],"class_list":["post-4998","post","type-post","status-publish","format-standard","has-post-thumbnail","hentry","category-estado","tag-cicq","tag-eleccionescicq","tag-equidaddegenero","tag-ingenieriacivil"],"yoast_head":"<!-- This site is optimized with the Yoast SEO plugin v25.0 - https:\/\/yoast.com\/wordpress\/plugins\/seo\/ -->\n<title>Pablo Talamantes busca la presidencia del CICQ y promete mayor participaci\u00f3n femenina | Nexo Informativo Santiago de Quer\u00e9taro<\/title>\n<meta name=\"description\" content=\"Pablo Talamantes busca la presidencia del CICQ y promete mayor participaci\u00f3n femenina\" \/>\n<meta name=\"robots\" content=\"index, follow, max-snippet:-1, max-image-preview:large, max-video-preview:-1\" \/>\n<link rel=\"canonical\" href=\"https:\/\/www.nexoinformativo.mx\/index.php\/2024\/10\/31\/pablo-talamantes-busca-la-presidencia-del-cicq-y-promete-mayor-participacion-femenina\/\" \/>\n<meta property=\"og:locale\" content=\"es_MX\" \/>\n<meta property=\"og:type\" content=\"article\" \/>\n<meta property=\"og:title\" content=\"Pablo Talamantes busca la presidencia del CICQ y promete mayor participaci\u00f3n femenina | Nexo Informativo Santiago de Quer\u00e9taro\" \/>\n<meta property=\"og:description\" content=\"Pablo Talamantes busca la presidencia del CICQ y promete mayor participaci\u00f3n femenina\" \/>\n<meta property=\"og:url\" content=\"https:\/\/www.nexoinformativo.mx\/index.php\/2024\/10\/31\/pablo-talamantes-busca-la-presidencia-del-cicq-y-promete-mayor-participacion-femenina\/\" \/>\n<meta property=\"og:site_name\" content=\"Nexo Informativo Santiago de Quer\u00e9taro\" \/>\n<meta property=\"article:publisher\" content=\"https:\/\/www.facebook.com\/people\/Nexo-Informativo\/61564066885511\/\" \/>\n<meta property=\"article:published_time\" content=\"2024-10-31T15:00:00+00:00\" \/>\n<meta property=\"article:modified_time\" content=\"2024-10-31T17:06:57+00:00\" \/>\n<meta property=\"og:image\" content=\"https:\/\/www.nexoinformativo.mx\/wp-content\/uploads\/2024\/10\/PHOTO-2024-10-31-09-13-27-e1730394280967.jpg\" \/>\n\t<meta property=\"og:image:width\" content=\"700\" \/>\n\t<meta property=\"og:image:height\" content=\"875\" \/>\n\t<meta property=\"og:image:type\" content=\"image\/jpeg\" \/>\n<meta name=\"author\" content=\"Nexo Informativo\" \/>\n<meta name=\"twitter:card\" content=\"summary_large_image\" \/>\n<meta name=\"twitter:label1\" content=\"Escrito por\" \/>\n\t<meta name=\"twitter:data1\" content=\"Nexo Informativo\" \/>\n\t<meta name=\"twitter:label2\" content=\"Tiempo de lectura\" \/>\n\t<meta name=\"twitter:data2\" content=\"2 minutos\" \/>\n<script type=\"application\/ld+json\" class=\"yoast-schema-graph\">{\"@context\":\"https:\/\/schema.org\",\"@graph\":[{\"@type\":\"Article\",\"@id\":\"https:\/\/www.nexoinformativo.mx\/index.php\/2024\/10\/31\/pablo-talamantes-busca-la-presidencia-del-cicq-y-promete-mayor-participacion-femenina\/#article\",\"isPartOf\":{\"@id\":\"https:\/\/www.nexoinformativo.mx\/index.php\/2024\/10\/31\/pablo-talamantes-busca-la-presidencia-del-cicq-y-promete-mayor-participacion-femenina\/\"},\"author\":{\"name\":\"Nexo Informativo\",\"@id\":\"https:\/\/www.nexoinformativo.mx\/#\/schema\/person\/7749d380ba08c8ca00d7bc76fd907b7d\"},\"headline\":\"Pablo Talamantes busca la presidencia del CICQ y promete mayor participaci\u00f3n femenina\",\"datePublished\":\"2024-10-31T15:00:00+00:00\",\"dateModified\":\"2024-10-31T17:06:57+00:00\",\"mainEntityOfPage\":{\"@id\":\"https:\/\/www.nexoinformativo.mx\/index.php\/2024\/10\/31\/pablo-talamantes-busca-la-presidencia-del-cicq-y-promete-mayor-participacion-femenina\/\"},\"wordCount\":318,\"commentCount\":0,\"publisher\":{\"@id\":\"https:\/\/www.nexoinformativo.mx\/#organization\"},\"image\":{\"@id\":\"https:\/\/www.nexoinformativo.mx\/index.php\/2024\/10\/31\/pablo-talamantes-busca-la-presidencia-del-cicq-y-promete-mayor-participacion-femenina\/#primaryimage\"},\"thumbnailUrl\":\"https:\/\/www.nexoinformativo.mx\/wp-content\/uploads\/2024\/10\/PHOTO-2024-10-31-09-13-27-e1730394280967.jpg\",\"keywords\":[\"CICQ\",\"EleccionesCICQ\",\"EquidadDeG\u00e9nero\",\"Ingenier\u00edaCivil\"],\"articleSection\":[\"Estado\"],\"inLanguage\":\"es\",\"potentialAction\":[{\"@type\":\"CommentAction\",\"name\":\"Comment\",\"target\":[\"https:\/\/www.nexoinformativo.mx\/index.php\/2024\/10\/31\/pablo-talamantes-busca-la-presidencia-del-cicq-y-promete-mayor-participacion-femenina\/#respond\"]}]},{\"@type\":\"WebPage\",\"@id\":\"https:\/\/www.nexoinformativo.mx\/index.php\/2024\/10\/31\/pablo-talamantes-busca-la-presidencia-del-cicq-y-promete-mayor-participacion-femenina\/\",\"url\":\"https:\/\/www.nexoinformativo.mx\/index.php\/2024\/10\/31\/pablo-talamantes-busca-la-presidencia-del-cicq-y-promete-mayor-participacion-femenina\/\",\"name\":\"Pablo Talamantes busca la presidencia del CICQ y promete mayor participaci\u00f3n femenina | Nexo Informativo Santiago de Quer\u00e9taro\",\"isPartOf\":{\"@id\":\"https:\/\/www.nexoinformativo.mx\/#website\"},\"primaryImageOfPage\":{\"@id\":\"https:\/\/www.nexoinformativo.mx\/index.php\/2024\/10\/31\/pablo-talamantes-busca-la-presidencia-del-cicq-y-promete-mayor-participacion-femenina\/#primaryimage\"},\"image\":{\"@id\":\"https:\/\/www.nexoinformativo.mx\/index.php\/2024\/10\/31\/pablo-talamantes-busca-la-presidencia-del-cicq-y-promete-mayor-participacion-femenina\/#primaryimage\"},\"thumbnailUrl\":\"https:\/\/www.nexoinformativo.mx\/wp-content\/uploads\/2024\/10\/PHOTO-2024-10-31-09-13-27-e1730394280967.jpg\",\"datePublished\":\"2024-10-31T15:00:00+00:00\",\"dateModified\":\"2024-10-31T17:06:57+00:00\",\"description\":\"Pablo Talamantes busca la presidencia del CICQ y promete mayor participaci\u00f3n femenina\",\"breadcrumb\":{\"@id\":\"https:\/\/www.nexoinformativo.mx\/index.php\/2024\/10\/31\/pablo-talamantes-busca-la-presidencia-del-cicq-y-promete-mayor-participacion-femenina\/#breadcrumb\"},\"inLanguage\":\"es\",\"potentialAction\":[{\"@type\":\"ReadAction\",\"target\":[\"https:\/\/www.nexoinformativo.mx\/index.php\/2024\/10\/31\/pablo-talamantes-busca-la-presidencia-del-cicq-y-promete-mayor-participacion-femenina\/\"]}]},{\"@type\":\"ImageObject\",\"inLanguage\":\"es\",\"@id\":\"https:\/\/www.nexoinformativo.mx\/index.php\/2024\/10\/31\/pablo-talamantes-busca-la-presidencia-del-cicq-y-promete-mayor-participacion-femenina\/#primaryimage\",\"url\":\"https:\/\/www.nexoinformativo.mx\/wp-content\/uploads\/2024\/10\/PHOTO-2024-10-31-09-13-27-e1730394280967.jpg\",\"contentUrl\":\"https:\/\/www.nexoinformativo.mx\/wp-content\/uploads\/2024\/10\/PHOTO-2024-10-31-09-13-27-e1730394280967.jpg\",\"width\":700,\"height\":875},{\"@type\":\"BreadcrumbList\",\"@id\":\"https:\/\/www.nexoinformativo.mx\/index.php\/2024\/10\/31\/pablo-talamantes-busca-la-presidencia-del-cicq-y-promete-mayor-participacion-femenina\/#breadcrumb\",\"itemListElement\":[{\"@type\":\"ListItem\",\"position\":1,\"name\":\"Inicio\",\"item\":\"https:\/\/www.nexoinformativo.mx\/\"},{\"@type\":\"ListItem\",\"position\":2,\"name\":\"Pablo Talamantes busca la presidencia del CICQ y promete mayor participaci\u00f3n femenina\"}]},{\"@type\":\"WebSite\",\"@id\":\"https:\/\/www.nexoinformativo.mx\/#website\",\"url\":\"https:\/\/www.nexoinformativo.mx\/\",\"name\":\"Nexo Informativo Santiago de Quer\u00e9taro\",\"description\":\"Explora NexoInformativo y convi\u00e9rtete en parte de una comunidad que valora el conocimiento y la verdad. Tu nexoinformativo es tu puente hacia una comprensi\u00f3n m\u00e1s profunda del mundo que te rodea.\",\"publisher\":{\"@id\":\"https:\/\/www.nexoinformativo.mx\/#organization\"},\"potentialAction\":[{\"@type\":\"SearchAction\",\"target\":{\"@type\":\"EntryPoint\",\"urlTemplate\":\"https:\/\/www.nexoinformativo.mx\/?s={search_term_string}\"},\"query-input\":{\"@type\":\"PropertyValueSpecification\",\"valueRequired\":true,\"valueName\":\"search_term_string\"}}],\"inLanguage\":\"es\"},{\"@type\":\"Organization\",\"@id\":\"https:\/\/www.nexoinformativo.mx\/#organization\",\"name\":\"Nexo Informativo Santiago de Quer\u00e9taro\",\"url\":\"https:\/\/www.nexoinformativo.mx\/\",\"logo\":{\"@type\":\"ImageObject\",\"inLanguage\":\"es\",\"@id\":\"https:\/\/www.nexoinformativo.mx\/#\/schema\/logo\/image\/\",\"url\":\"https:\/\/www.nexoinformativo.mx\/wp-content\/uploads\/2024\/07\/nexoi-trasparente-2.png\",\"contentUrl\":\"https:\/\/www.nexoinformativo.mx\/wp-content\/uploads\/2024\/07\/nexoi-trasparente-2.png\",\"width\":816,\"height\":339,\"caption\":\"Nexo Informativo Santiago de Quer\u00e9taro\"},\"image\":{\"@id\":\"https:\/\/www.nexoinformativo.mx\/#\/schema\/logo\/image\/\"},\"sameAs\":[\"https:\/\/www.facebook.com\/people\/Nexo-Informativo\/61564066885511\/\"]},{\"@type\":\"Person\",\"@id\":\"https:\/\/www.nexoinformativo.mx\/#\/schema\/person\/7749d380ba08c8ca00d7bc76fd907b7d\",\"name\":\"Nexo Informativo\",\"image\":{\"@type\":\"ImageObject\",\"inLanguage\":\"es\",\"@id\":\"https:\/\/www.nexoinformativo.mx\/#\/schema\/person\/image\/\",\"url\":\"https:\/\/secure.gravatar.com\/avatar\/dde2928154642a13d95f87ddf1ea9718fe2b46760a005c53e41ff5ad610704e6?s=96&d=mm&r=g\",\"contentUrl\":\"https:\/\/secure.gravatar.com\/avatar\/dde2928154642a13d95f87ddf1ea9718fe2b46760a005c53e41ff5ad610704e6?s=96&d=mm&r=g\",\"caption\":\"Nexo Informativo\"},\"url\":\"https:\/\/www.nexoinformativo.mx\/index.php\/author\/edicion\/\"}]}<\/script>\n<!-- \/ Yoast SEO plugin. -->","yoast_head_json":{"title":"Pablo Talamantes busca la presidencia del CICQ y promete mayor participaci\u00f3n femenina | Nexo Informativo Santiago de Quer\u00e9taro","description":"Pablo Talamantes busca la presidencia del CICQ y promete mayor participaci\u00f3n femenina","robots":{"index":"index","follow":"follow","max-snippet":"max-snippet:-1","max-image-preview":"max-image-preview:large","max-video-preview":"max-video-preview:-1"},"canonical":"https:\/\/www.nexoinformativo.mx\/index.php\/2024\/10\/31\/pablo-talamantes-busca-la-presidencia-del-cicq-y-promete-mayor-participacion-femenina\/","og_locale":"es_MX","og_type":"article","og_title":"Pablo Talamantes busca la presidencia del CICQ y promete mayor participaci\u00f3n femenina | Nexo Informativo Santiago de Quer\u00e9taro","og_description":"Pablo Talamantes busca la presidencia del CICQ y promete mayor participaci\u00f3n femenina","og_url":"https:\/\/www.nexoinformativo.mx\/index.php\/2024\/10\/31\/pablo-talamantes-busca-la-presidencia-del-cicq-y-promete-mayor-participacion-femenina\/","og_site_name":"Nexo Informativo Santiago de Quer\u00e9taro","article_publisher":"https:\/\/www.facebook.com\/people\/Nexo-Informativo\/61564066885511\/","article_published_time":"2024-10-31T15:00:00+00:00","article_modified_time":"2024-10-31T17:06:57+00:00","og_image":[{"width":700,"height":875,"url":"https:\/\/www.nexoinformativo.mx\/wp-content\/uploads\/2024\/10\/PHOTO-2024-10-31-09-13-27-e1730394280967.jpg","type":"image\/jpeg"}],"author":"Nexo Informativo","twitter_card":"summary_large_image","twitter_misc":{"Escrito por":"Nexo Informativo","Tiempo de lectura":"2 minutos"},"schema":{"@context":"https:\/\/schema.org","@graph":[{"@type":"Article","@id":"https:\/\/www.nexoinformativo.mx\/index.php\/2024\/10\/31\/pablo-talamantes-busca-la-presidencia-del-cicq-y-promete-mayor-participacion-femenina\/#article","isPartOf":{"@id":"https:\/\/www.nexoinformativo.mx\/index.php\/2024\/10\/31\/pablo-talamantes-busca-la-presidencia-del-cicq-y-promete-mayor-participacion-femenina\/"},"author":{"name":"Nexo Informativo","@id":"https:\/\/www.nexoinformativo.mx\/#\/schema\/person\/7749d380ba08c8ca00d7bc76fd907b7d"},"headline":"Pablo Talamantes busca la presidencia del CICQ y promete mayor participaci\u00f3n femenina","datePublished":"2024-10-31T15:00:00+00:00","dateModified":"2024-10-31T17:06:57+00:00","mainEntityOfPage":{"@id":"https:\/\/www.nexoinformativo.mx\/index.php\/2024\/10\/31\/pablo-talamantes-busca-la-presidencia-del-cicq-y-promete-mayor-participacion-femenina\/"},"wordCount":318,"commentCount":0,"publisher":{"@id":"https:\/\/www.nexoinformativo.mx\/#organization"},"image":{"@id":"https:\/\/www.nexoinformativo.mx\/index.php\/2024\/10\/31\/pablo-talamantes-busca-la-presidencia-del-cicq-y-promete-mayor-participacion-femenina\/#primaryimage"},"thumbnailUrl":"https:\/\/www.nexoinformativo.mx\/wp-content\/uploads\/2024\/10\/PHOTO-2024-10-31-09-13-27-e1730394280967.jpg","keywords":["CICQ","EleccionesCICQ","EquidadDeG\u00e9nero","Ingenier\u00edaCivil"],"articleSection":["Estado"],"inLanguage":"es","potentialAction":[{"@type":"CommentAction","name":"Comment","target":["https:\/\/www.nexoinformativo.mx\/index.php\/2024\/10\/31\/pablo-talamantes-busca-la-presidencia-del-cicq-y-promete-mayor-participacion-femenina\/#respond"]}]},{"@type":"WebPage","@id":"https:\/\/www.nexoinformativo.mx\/index.php\/2024\/10\/31\/pablo-talamantes-busca-la-presidencia-del-cicq-y-promete-mayor-participacion-femenina\/","url":"https:\/\/www.nexoinformativo.mx\/index.php\/2024\/10\/31\/pablo-talamantes-busca-la-presidencia-del-cicq-y-promete-mayor-participacion-femenina\/","name":"Pablo Talamantes busca la presidencia del CICQ y promete mayor participaci\u00f3n femenina | Nexo Informativo Santiago de Quer\u00e9taro","isPartOf":{"@id":"https:\/\/www.nexoinformativo.mx\/#website"},"primaryImageOfPage":{"@id":"https:\/\/www.nexoinformativo.mx\/index.php\/2024\/10\/31\/pablo-talamantes-busca-la-presidencia-del-cicq-y-promete-mayor-participacion-femenina\/#primaryimage"},"image":{"@id":"https:\/\/www.nexoinformativo.mx\/index.php\/2024\/10\/31\/pablo-talamantes-busca-la-presidencia-del-cicq-y-promete-mayor-participacion-femenina\/#primaryimage"},"thumbnailUrl":"https:\/\/www.nexoinformativo.mx\/wp-content\/uploads\/2024\/10\/PHOTO-2024-10-31-09-13-27-e1730394280967.jpg","datePublished":"2024-10-31T15:00:00+00:00","dateModified":"2024-10-31T17:06:57+00:00","description":"Pablo Talamantes busca la presidencia del CICQ y promete mayor participaci\u00f3n femenina","breadcrumb":{"@id":"https:\/\/www.nexoinformativo.mx\/index.php\/2024\/10\/31\/pablo-talamantes-busca-la-presidencia-del-cicq-y-promete-mayor-participacion-femenina\/#breadcrumb"},"inLanguage":"es","potentialAction":[{"@type":"ReadAction","target":["https:\/\/www.nexoinformativo.mx\/index.php\/2024\/10\/31\/pablo-talamantes-busca-la-presidencia-del-cicq-y-promete-mayor-participacion-femenina\/"]}]},{"@type":"ImageObject","inLanguage":"es","@id":"https:\/\/www.nexoinformativo.mx\/index.php\/2024\/10\/31\/pablo-talamantes-busca-la-presidencia-del-cicq-y-promete-mayor-participacion-femenina\/#primaryimage","url":"https:\/\/www.nexoinformativo.mx\/wp-content\/uploads\/2024\/10\/PHOTO-2024-10-31-09-13-27-e1730394280967.jpg","contentUrl":"https:\/\/www.nexoinformativo.mx\/wp-content\/uploads\/2024\/10\/PHOTO-2024-10-31-09-13-27-e1730394280967.jpg","width":700,"height":875},{"@type":"BreadcrumbList","@id":"https:\/\/www.nexoinformativo.mx\/index.php\/2024\/10\/31\/pablo-talamantes-busca-la-presidencia-del-cicq-y-promete-mayor-participacion-femenina\/#breadcrumb","itemListElement":[{"@type":"ListItem","position":1,"name":"Inicio","item":"https:\/\/www.nexoinformativo.mx\/"},{"@type":"ListItem","position":2,"name":"Pablo Talamantes busca la presidencia del CICQ y promete mayor participaci\u00f3n femenina"}]},{"@type":"WebSite","@id":"https:\/\/www.nexoinformativo.mx\/#website","url":"https:\/\/www.nexoinformativo.mx\/","name":"Nexo Informativo Santiago de Quer\u00e9taro","description":"Explora NexoInformativo y convi\u00e9rtete en parte de una comunidad que valora el conocimiento y la verdad. Tu nexoinformativo es tu puente hacia una comprensi\u00f3n m\u00e1s profunda del mundo que te rodea.","publisher":{"@id":"https:\/\/www.nexoinformativo.mx\/#organization"},"potentialAction":[{"@type":"SearchAction","target":{"@type":"EntryPoint","urlTemplate":"https:\/\/www.nexoinformativo.mx\/?s={search_term_string}"},"query-input":{"@type":"PropertyValueSpecification","valueRequired":true,"valueName":"search_term_string"}}],"inLanguage":"es"},{"@type":"Organization","@id":"https:\/\/www.nexoinformativo.mx\/#organization","name":"Nexo Informativo Santiago de Quer\u00e9taro","url":"https:\/\/www.nexoinformativo.mx\/","logo":{"@type":"ImageObject","inLanguage":"es","@id":"https:\/\/www.nexoinformativo.mx\/#\/schema\/logo\/image\/","url":"https:\/\/www.nexoinformativo.mx\/wp-content\/uploads\/2024\/07\/nexoi-trasparente-2.png","contentUrl":"https:\/\/www.nexoinformativo.mx\/wp-content\/uploads\/2024\/07\/nexoi-trasparente-2.png","width":816,"height":339,"caption":"Nexo Informativo Santiago de Quer\u00e9taro"},"image":{"@id":"https:\/\/www.nexoinformativo.mx\/#\/schema\/logo\/image\/"},"sameAs":["https:\/\/www.facebook.com\/people\/Nexo-Informativo\/61564066885511\/"]},{"@type":"Person","@id":"https:\/\/www.nexoinformativo.mx\/#\/schema\/person\/7749d380ba08c8ca00d7bc76fd907b7d","name":"Nexo Informativo","image":{"@type":"ImageObject","inLanguage":"es","@id":"https:\/\/www.nexoinformativo.mx\/#\/schema\/person\/image\/","url":"https:\/\/secure.gravatar.com\/avatar\/dde2928154642a13d95f87ddf1ea9718fe2b46760a005c53e41ff5ad610704e6?s=96&d=mm&r=g","contentUrl":"https:\/\/secure.gravatar.com\/avatar\/dde2928154642a13d95f87ddf1ea9718fe2b46760a005c53e41ff5ad610704e6?s=96&d=mm&r=g","caption":"Nexo Informativo"},"url":"https:\/\/www.nexoinformativo.mx\/index.php\/author\/edicion\/"}]}},"_links":{"self":[{"href":"https:\/\/www.nexoinformativo.mx\/index.php\/wp-json\/wp\/v2\/posts\/4998","targetHints":{"allow":["GET"]}}],"collection":[{"href":"https:\/\/www.nexoinformativo.mx\/index.php\/wp-json\/wp\/v2\/posts"}],"about":[{"href":"https:\/\/www.nexoinformativo.mx\/index.php\/wp-json\/wp\/v2\/types\/post"}],"author":[{"embeddable":true,"href":"https:\/\/www.nexoinformativo.mx\/index.php\/wp-json\/wp\/v2\/users\/3"}],"replies":[{"embeddable":true,"href":"https:\/\/www.nexoinformativo.mx\/index.php\/wp-json\/wp\/v2\/comments?post=4998"}],"version-history":[{"count":3,"href":"https:\/\/www.nexoinformativo.mx\/index.php\/wp-json\/wp\/v2\/posts\/4998\/revisions"}],"predecessor-version":[{"id":5002,"href":"https:\/\/www.nexoinformativo.mx\/index.php\/wp-json\/wp\/v2\/posts\/4998\/revisions\/5002"}],"wp:featuredmedia":[{"embeddable":true,"href":"https:\/\/www.nexoinformativo.mx\/index.php\/wp-json\/wp\/v2\/media\/4999"}],"wp:attachment":[{"href":"https:\/\/www.nexoinformativo.mx\/index.php\/wp-json\/wp\/v2\/media?parent=4998"}],"wp:term":[{"taxonomy":"category","embeddable":true,"href":"https:\/\/www.nexoinformativo.mx\/index.php\/wp-json\/wp\/v2\/categories?post=4998"},{"taxonomy":"post_tag","embeddable":true,"href":"https:\/\/www.nexoinformativo.mx\/index.php\/wp-json\/wp\/v2\/tags?post=4998"}],"curies":[{"name":"wp","href":"https:\/\/api.w.org\/{rel}","templated":true}]}}