{"id":5004,"date":"2024-10-31T09:00:52","date_gmt":"2024-10-31T15:00:52","guid":{"rendered":"https:\/\/www.nexoinformativo.mx\/?p=5004"},"modified":"2024-10-31T12:31:49","modified_gmt":"2024-10-31T18:31:49","slug":"retiran-el-resguardo-domiciliario-a-nina-de-14-anos-acusada-de-homicidio-en-queretaro","status":"publish","type":"post","link":"https:\/\/www.nexoinformativo.mx\/index.php\/2024\/10\/31\/retiran-el-resguardo-domiciliario-a-nina-de-14-anos-acusada-de-homicidio-en-queretaro\/","title":{"rendered":"Retiran el resguardo domiciliario a ni\u00f1a de 14 a\u00f1os acusada de homicidio en Quer\u00e9taro\u00a0"},"content":{"rendered":"<p style=\"text-align: justify;\">El Sistema Integral de Justicia Penal para Adolescentes en Quer\u00e9taro ha decidido dejar sin efecto la medida de resguardo domiciliario impuesta a una ni\u00f1a de 14 a\u00f1os acusada de homicidio doloso.<\/p>\n<p>&nbsp;<\/p>\n<p style=\"text-align: justify;\">Esta decisi\u00f3n se tom\u00f3 despu\u00e9s de que la Fiscal\u00eda General del Estado optara por desistirse de toda acci\u00f3n penal en contra de la menor, seg\u00fan inform\u00f3 el magistrado presidente del Poder Judicial de Quer\u00e9taro, Braulio Guerra.<\/p>\n<p>&nbsp;<\/p>\n<p style=\"text-align: justify;\">Guerra explic\u00f3 que las partes involucradas tienen un plazo de cinco d\u00edas para hacer efectiva esta determinaci\u00f3n, lo que significa que el asunto quedar\u00e1 firme el 8 de noviembre de 2024. Una vez concluido este plazo, la causa ser\u00e1 archivada como un asunto cerrado.<\/p>\n<p>&nbsp;<\/p>\n<p style=\"text-align: justify;\"><strong>\u201cSe ha ordenado notificar a todas las partes y se girar\u00e1 oficio a la autoridad de Ejecuci\u00f3n de medidas del Sistema Integral de Justicia Penal para Adolescentes en el Estado de Quer\u00e9taro, para informarles sobre este sobreseimiento decretado; esto significa que se deja sin efecto la medida cautelar de resguardo en su domicilio\u201d<\/strong>, detall\u00f3 el magistrado.<\/p>\n<p>&nbsp;<\/p>\n<p style=\"text-align: justify;\">Tambi\u00e9n subray\u00f3 que este caso ha sido tratado con un enfoque humano, considerando su relevancia tanto a nivel nacional como local. Las autoridades, junto con la Fiscal\u00eda General del Estado, han mostrado empat\u00eda y sensibilidad hacia la situaci\u00f3n de la menor.<\/p>\n<p>&nbsp;<\/p>\n<p style=\"text-align: justify;\">El magistrado a\u00f1adi\u00f3 que para el Poder Judicial de Quer\u00e9taro, este caso representa un s\u00edmbolo de sensibilidad humana hacia la adolescente, priorizando su inter\u00e9s superior y aplicando el principio de m\u00ednima intervenci\u00f3n del Estado.<\/p>\n<p>&nbsp;<\/p>\n<p style=\"text-align: justify;\">Este importante desarrollo en el caso de la ni\u00f1a de 14 a\u00f1os marca un paso hacia la b\u00fasqueda de justicia y equidad en el tratamiento de adolescentes en situaciones legales complejas.<\/p>\n<p>&nbsp;<\/p>\n<p style=\"text-align: center;\"><em><strong>\u00a1Informaci\u00f3n que transforma!<\/strong><\/em><\/p>\n","protected":false},"excerpt":{"rendered":"<p>El Sistema Integral de Justicia Penal para Adolescentes en Quer\u00e9taro ha decidido dejar sin efecto la medida de resguardo domiciliario impuesta a una ni\u00f1a de 14 a\u00f1os acusada de homicidio doloso.<\/p>\n","protected":false},"author":3,"featured_media":4865,"comment_status":"open","ping_status":"open","sticky":false,"template":"","format":"standard","meta":{"footnotes":""},"categories":[42,58],"tags":[893,1446,1781,133],"class_list":["post-5004","post","type-post","status-publish","format-standard","has-post-thumbnail","hentry","category-estado","category-ultima-hora","tag-derechosinfantiles","tag-homicidio","tag-justiciaparaadolescentes","tag-queretaro"],"yoast_head":"<!-- This site is optimized with the Yoast SEO plugin v25.0 - https:\/\/yoast.com\/wordpress\/plugins\/seo\/ -->\n<title>Retiran el resguardo domiciliario a ni\u00f1a de 14 a\u00f1os acusada de homicidio en Quer\u00e9taro\u00a0 | Nexo Informativo Santiago de Quer\u00e9taro<\/title>\n<meta name=\"description\" content=\"Retiran el resguardo domiciliario a ni\u00f1a de 14 a\u00f1os acusada de homicidio en Quer\u00e9taro\u00a0\" \/>\n<meta name=\"robots\" content=\"index, follow, max-snippet:-1, max-image-preview:large, max-video-preview:-1\" \/>\n<link rel=\"canonical\" href=\"https:\/\/www.nexoinformativo.mx\/index.php\/2024\/10\/31\/retiran-el-resguardo-domiciliario-a-nina-de-14-anos-acusada-de-homicidio-en-queretaro\/\" \/>\n<meta property=\"og:locale\" content=\"es_MX\" \/>\n<meta property=\"og:type\" content=\"article\" \/>\n<meta property=\"og:title\" content=\"Retiran el resguardo domiciliario a ni\u00f1a de 14 a\u00f1os acusada de homicidio en Quer\u00e9taro\u00a0 | Nexo Informativo Santiago de Quer\u00e9taro\" \/>\n<meta property=\"og:description\" content=\"Retiran el resguardo domiciliario a ni\u00f1a de 14 a\u00f1os acusada de homicidio en Quer\u00e9taro\u00a0\" \/>\n<meta property=\"og:url\" content=\"https:\/\/www.nexoinformativo.mx\/index.php\/2024\/10\/31\/retiran-el-resguardo-domiciliario-a-nina-de-14-anos-acusada-de-homicidio-en-queretaro\/\" \/>\n<meta property=\"og:site_name\" content=\"Nexo Informativo Santiago de Quer\u00e9taro\" \/>\n<meta property=\"article:publisher\" content=\"https:\/\/www.facebook.com\/people\/Nexo-Informativo\/61564066885511\/\" \/>\n<meta property=\"article:published_time\" content=\"2024-10-31T15:00:52+00:00\" \/>\n<meta property=\"article:modified_time\" content=\"2024-10-31T18:31:49+00:00\" \/>\n<meta property=\"og:image\" content=\"https:\/\/www.nexoinformativo.mx\/wp-content\/uploads\/2024\/10\/PHOTO-2024-10-29-15-00-46.jpg\" \/>\n\t<meta property=\"og:image:width\" content=\"678\" \/>\n\t<meta property=\"og:image:height\" content=\"452\" \/>\n\t<meta property=\"og:image:type\" content=\"image\/jpeg\" \/>\n<meta name=\"author\" content=\"Nexo Informativo\" \/>\n<meta name=\"twitter:card\" content=\"summary_large_image\" \/>\n<meta name=\"twitter:label1\" content=\"Escrito por\" \/>\n\t<meta name=\"twitter:data1\" content=\"Nexo Informativo\" \/>\n\t<meta name=\"twitter:label2\" content=\"Tiempo de lectura\" \/>\n\t<meta name=\"twitter:data2\" content=\"2 minutos\" \/>\n<script type=\"application\/ld+json\" class=\"yoast-schema-graph\">{\"@context\":\"https:\/\/schema.org\",\"@graph\":[{\"@type\":\"Article\",\"@id\":\"https:\/\/www.nexoinformativo.mx\/index.php\/2024\/10\/31\/retiran-el-resguardo-domiciliario-a-nina-de-14-anos-acusada-de-homicidio-en-queretaro\/#article\",\"isPartOf\":{\"@id\":\"https:\/\/www.nexoinformativo.mx\/index.php\/2024\/10\/31\/retiran-el-resguardo-domiciliario-a-nina-de-14-anos-acusada-de-homicidio-en-queretaro\/\"},\"author\":{\"name\":\"Nexo Informativo\",\"@id\":\"https:\/\/www.nexoinformativo.mx\/#\/schema\/person\/7749d380ba08c8ca00d7bc76fd907b7d\"},\"headline\":\"Retiran el resguardo domiciliario a ni\u00f1a de 14 a\u00f1os acusada de homicidio en Quer\u00e9taro\u00a0\",\"datePublished\":\"2024-10-31T15:00:52+00:00\",\"dateModified\":\"2024-10-31T18:31:49+00:00\",\"mainEntityOfPage\":{\"@id\":\"https:\/\/www.nexoinformativo.mx\/index.php\/2024\/10\/31\/retiran-el-resguardo-domiciliario-a-nina-de-14-anos-acusada-de-homicidio-en-queretaro\/\"},\"wordCount\":322,\"commentCount\":0,\"publisher\":{\"@id\":\"https:\/\/www.nexoinformativo.mx\/#organization\"},\"image\":{\"@id\":\"https:\/\/www.nexoinformativo.mx\/index.php\/2024\/10\/31\/retiran-el-resguardo-domiciliario-a-nina-de-14-anos-acusada-de-homicidio-en-queretaro\/#primaryimage\"},\"thumbnailUrl\":\"https:\/\/www.nexoinformativo.mx\/wp-content\/uploads\/2024\/10\/PHOTO-2024-10-29-15-00-46.jpg\",\"keywords\":[\"DerechosInfantiles\",\"Homicidio\",\"JusticiaParaAdolescentes\",\"Quer\u00e9taro\"],\"articleSection\":[\"Estado\",\"\u00daltima Hora\"],\"inLanguage\":\"es\",\"potentialAction\":[{\"@type\":\"CommentAction\",\"name\":\"Comment\",\"target\":[\"https:\/\/www.nexoinformativo.mx\/index.php\/2024\/10\/31\/retiran-el-resguardo-domiciliario-a-nina-de-14-anos-acusada-de-homicidio-en-queretaro\/#respond\"]}]},{\"@type\":\"WebPage\",\"@id\":\"https:\/\/www.nexoinformativo.mx\/index.php\/2024\/10\/31\/retiran-el-resguardo-domiciliario-a-nina-de-14-anos-acusada-de-homicidio-en-queretaro\/\",\"url\":\"https:\/\/www.nexoinformativo.mx\/index.php\/2024\/10\/31\/retiran-el-resguardo-domiciliario-a-nina-de-14-anos-acusada-de-homicidio-en-queretaro\/\",\"name\":\"Retiran el resguardo domiciliario a ni\u00f1a de 14 a\u00f1os acusada de homicidio en Quer\u00e9taro\u00a0 | Nexo Informativo Santiago de Quer\u00e9taro\",\"isPartOf\":{\"@id\":\"https:\/\/www.nexoinformativo.mx\/#website\"},\"primaryImageOfPage\":{\"@id\":\"https:\/\/www.nexoinformativo.mx\/index.php\/2024\/10\/31\/retiran-el-resguardo-domiciliario-a-nina-de-14-anos-acusada-de-homicidio-en-queretaro\/#primaryimage\"},\"image\":{\"@id\":\"https:\/\/www.nexoinformativo.mx\/index.php\/2024\/10\/31\/retiran-el-resguardo-domiciliario-a-nina-de-14-anos-acusada-de-homicidio-en-queretaro\/#primaryimage\"},\"thumbnailUrl\":\"https:\/\/www.nexoinformativo.mx\/wp-content\/uploads\/2024\/10\/PHOTO-2024-10-29-15-00-46.jpg\",\"datePublished\":\"2024-10-31T15:00:52+00:00\",\"dateModified\":\"2024-10-31T18:31:49+00:00\",\"description\":\"Retiran el resguardo domiciliario a ni\u00f1a de 14 a\u00f1os acusada de homicidio en Quer\u00e9taro\u00a0\",\"breadcrumb\":{\"@id\":\"https:\/\/www.nexoinformativo.mx\/index.php\/2024\/10\/31\/retiran-el-resguardo-domiciliario-a-nina-de-14-anos-acusada-de-homicidio-en-queretaro\/#breadcrumb\"},\"inLanguage\":\"es\",\"potentialAction\":[{\"@type\":\"ReadAction\",\"target\":[\"https:\/\/www.nexoinformativo.mx\/index.php\/2024\/10\/31\/retiran-el-resguardo-domiciliario-a-nina-de-14-anos-acusada-de-homicidio-en-queretaro\/\"]}]},{\"@type\":\"ImageObject\",\"inLanguage\":\"es\",\"@id\":\"https:\/\/www.nexoinformativo.mx\/index.php\/2024\/10\/31\/retiran-el-resguardo-domiciliario-a-nina-de-14-anos-acusada-de-homicidio-en-queretaro\/#primaryimage\",\"url\":\"https:\/\/www.nexoinformativo.mx\/wp-content\/uploads\/2024\/10\/PHOTO-2024-10-29-15-00-46.jpg\",\"contentUrl\":\"https:\/\/www.nexoinformativo.mx\/wp-content\/uploads\/2024\/10\/PHOTO-2024-10-29-15-00-46.jpg\",\"width\":678,\"height\":452},{\"@type\":\"BreadcrumbList\",\"@id\":\"https:\/\/www.nexoinformativo.mx\/index.php\/2024\/10\/31\/retiran-el-resguardo-domiciliario-a-nina-de-14-anos-acusada-de-homicidio-en-queretaro\/#breadcrumb\",\"itemListElement\":[{\"@type\":\"ListItem\",\"position\":1,\"name\":\"Inicio\",\"item\":\"https:\/\/www.nexoinformativo.mx\/\"},{\"@type\":\"ListItem\",\"position\":2,\"name\":\"Retiran el resguardo domiciliario a ni\u00f1a de 14 a\u00f1os acusada de homicidio en Quer\u00e9taro\u00a0\"}]},{\"@type\":\"WebSite\",\"@id\":\"https:\/\/www.nexoinformativo.mx\/#website\",\"url\":\"https:\/\/www.nexoinformativo.mx\/\",\"name\":\"Nexo Informativo Santiago de Quer\u00e9taro\",\"description\":\"Explora NexoInformativo y convi\u00e9rtete en parte de una comunidad que valora el conocimiento y la verdad. Tu nexoinformativo es tu puente hacia una comprensi\u00f3n m\u00e1s profunda del mundo que te rodea.\",\"publisher\":{\"@id\":\"https:\/\/www.nexoinformativo.mx\/#organization\"},\"potentialAction\":[{\"@type\":\"SearchAction\",\"target\":{\"@type\":\"EntryPoint\",\"urlTemplate\":\"https:\/\/www.nexoinformativo.mx\/?s={search_term_string}\"},\"query-input\":{\"@type\":\"PropertyValueSpecification\",\"valueRequired\":true,\"valueName\":\"search_term_string\"}}],\"inLanguage\":\"es\"},{\"@type\":\"Organization\",\"@id\":\"https:\/\/www.nexoinformativo.mx\/#organization\",\"name\":\"Nexo Informativo Santiago de Quer\u00e9taro\",\"url\":\"https:\/\/www.nexoinformativo.mx\/\",\"logo\":{\"@type\":\"ImageObject\",\"inLanguage\":\"es\",\"@id\":\"https:\/\/www.nexoinformativo.mx\/#\/schema\/logo\/image\/\",\"url\":\"https:\/\/www.nexoinformativo.mx\/wp-content\/uploads\/2024\/07\/nexoi-trasparente-2.png\",\"contentUrl\":\"https:\/\/www.nexoinformativo.mx\/wp-content\/uploads\/2024\/07\/nexoi-trasparente-2.png\",\"width\":816,\"height\":339,\"caption\":\"Nexo Informativo Santiago de Quer\u00e9taro\"},\"image\":{\"@id\":\"https:\/\/www.nexoinformativo.mx\/#\/schema\/logo\/image\/\"},\"sameAs\":[\"https:\/\/www.facebook.com\/people\/Nexo-Informativo\/61564066885511\/\"]},{\"@type\":\"Person\",\"@id\":\"https:\/\/www.nexoinformativo.mx\/#\/schema\/person\/7749d380ba08c8ca00d7bc76fd907b7d\",\"name\":\"Nexo Informativo\",\"image\":{\"@type\":\"ImageObject\",\"inLanguage\":\"es\",\"@id\":\"https:\/\/www.nexoinformativo.mx\/#\/schema\/person\/image\/\",\"url\":\"https:\/\/secure.gravatar.com\/avatar\/dde2928154642a13d95f87ddf1ea9718fe2b46760a005c53e41ff5ad610704e6?s=96&d=mm&r=g\",\"contentUrl\":\"https:\/\/secure.gravatar.com\/avatar\/dde2928154642a13d95f87ddf1ea9718fe2b46760a005c53e41ff5ad610704e6?s=96&d=mm&r=g\",\"caption\":\"Nexo Informativo\"},\"url\":\"https:\/\/www.nexoinformativo.mx\/index.php\/author\/edicion\/\"}]}<\/script>\n<!-- \/ Yoast SEO plugin. -->","yoast_head_json":{"title":"Retiran el resguardo domiciliario a ni\u00f1a de 14 a\u00f1os acusada de homicidio en Quer\u00e9taro\u00a0 | Nexo Informativo Santiago de Quer\u00e9taro","description":"Retiran el resguardo domiciliario a ni\u00f1a de 14 a\u00f1os acusada de homicidio en Quer\u00e9taro\u00a0","robots":{"index":"index","follow":"follow","max-snippet":"max-snippet:-1","max-image-preview":"max-image-preview:large","max-video-preview":"max-video-preview:-1"},"canonical":"https:\/\/www.nexoinformativo.mx\/index.php\/2024\/10\/31\/retiran-el-resguardo-domiciliario-a-nina-de-14-anos-acusada-de-homicidio-en-queretaro\/","og_locale":"es_MX","og_type":"article","og_title":"Retiran el resguardo domiciliario a ni\u00f1a de 14 a\u00f1os acusada de homicidio en Quer\u00e9taro\u00a0 | Nexo Informativo Santiago de Quer\u00e9taro","og_description":"Retiran el resguardo domiciliario a ni\u00f1a de 14 a\u00f1os acusada de homicidio en Quer\u00e9taro\u00a0","og_url":"https:\/\/www.nexoinformativo.mx\/index.php\/2024\/10\/31\/retiran-el-resguardo-domiciliario-a-nina-de-14-anos-acusada-de-homicidio-en-queretaro\/","og_site_name":"Nexo Informativo Santiago de Quer\u00e9taro","article_publisher":"https:\/\/www.facebook.com\/people\/Nexo-Informativo\/61564066885511\/","article_published_time":"2024-10-31T15:00:52+00:00","article_modified_time":"2024-10-31T18:31:49+00:00","og_image":[{"width":678,"height":452,"url":"https:\/\/www.nexoinformativo.mx\/wp-content\/uploads\/2024\/10\/PHOTO-2024-10-29-15-00-46.jpg","type":"image\/jpeg"}],"author":"Nexo Informativo","twitter_card":"summary_large_image","twitter_misc":{"Escrito por":"Nexo Informativo","Tiempo de lectura":"2 minutos"},"schema":{"@context":"https:\/\/schema.org","@graph":[{"@type":"Article","@id":"https:\/\/www.nexoinformativo.mx\/index.php\/2024\/10\/31\/retiran-el-resguardo-domiciliario-a-nina-de-14-anos-acusada-de-homicidio-en-queretaro\/#article","isPartOf":{"@id":"https:\/\/www.nexoinformativo.mx\/index.php\/2024\/10\/31\/retiran-el-resguardo-domiciliario-a-nina-de-14-anos-acusada-de-homicidio-en-queretaro\/"},"author":{"name":"Nexo Informativo","@id":"https:\/\/www.nexoinformativo.mx\/#\/schema\/person\/7749d380ba08c8ca00d7bc76fd907b7d"},"headline":"Retiran el resguardo domiciliario a ni\u00f1a de 14 a\u00f1os acusada de homicidio en Quer\u00e9taro\u00a0","datePublished":"2024-10-31T15:00:52+00:00","dateModified":"2024-10-31T18:31:49+00:00","mainEntityOfPage":{"@id":"https:\/\/www.nexoinformativo.mx\/index.php\/2024\/10\/31\/retiran-el-resguardo-domiciliario-a-nina-de-14-anos-acusada-de-homicidio-en-queretaro\/"},"wordCount":322,"commentCount":0,"publisher":{"@id":"https:\/\/www.nexoinformativo.mx\/#organization"},"image":{"@id":"https:\/\/www.nexoinformativo.mx\/index.php\/2024\/10\/31\/retiran-el-resguardo-domiciliario-a-nina-de-14-anos-acusada-de-homicidio-en-queretaro\/#primaryimage"},"thumbnailUrl":"https:\/\/www.nexoinformativo.mx\/wp-content\/uploads\/2024\/10\/PHOTO-2024-10-29-15-00-46.jpg","keywords":["DerechosInfantiles","Homicidio","JusticiaParaAdolescentes","Quer\u00e9taro"],"articleSection":["Estado","\u00daltima Hora"],"inLanguage":"es","potentialAction":[{"@type":"CommentAction","name":"Comment","target":["https:\/\/www.nexoinformativo.mx\/index.php\/2024\/10\/31\/retiran-el-resguardo-domiciliario-a-nina-de-14-anos-acusada-de-homicidio-en-queretaro\/#respond"]}]},{"@type":"WebPage","@id":"https:\/\/www.nexoinformativo.mx\/index.php\/2024\/10\/31\/retiran-el-resguardo-domiciliario-a-nina-de-14-anos-acusada-de-homicidio-en-queretaro\/","url":"https:\/\/www.nexoinformativo.mx\/index.php\/2024\/10\/31\/retiran-el-resguardo-domiciliario-a-nina-de-14-anos-acusada-de-homicidio-en-queretaro\/","name":"Retiran el resguardo domiciliario a ni\u00f1a de 14 a\u00f1os acusada de homicidio en Quer\u00e9taro\u00a0 | Nexo Informativo Santiago de Quer\u00e9taro","isPartOf":{"@id":"https:\/\/www.nexoinformativo.mx\/#website"},"primaryImageOfPage":{"@id":"https:\/\/www.nexoinformativo.mx\/index.php\/2024\/10\/31\/retiran-el-resguardo-domiciliario-a-nina-de-14-anos-acusada-de-homicidio-en-queretaro\/#primaryimage"},"image":{"@id":"https:\/\/www.nexoinformativo.mx\/index.php\/2024\/10\/31\/retiran-el-resguardo-domiciliario-a-nina-de-14-anos-acusada-de-homicidio-en-queretaro\/#primaryimage"},"thumbnailUrl":"https:\/\/www.nexoinformativo.mx\/wp-content\/uploads\/2024\/10\/PHOTO-2024-10-29-15-00-46.jpg","datePublished":"2024-10-31T15:00:52+00:00","dateModified":"2024-10-31T18:31:49+00:00","description":"Retiran el resguardo domiciliario a ni\u00f1a de 14 a\u00f1os acusada de homicidio en Quer\u00e9taro\u00a0","breadcrumb":{"@id":"https:\/\/www.nexoinformativo.mx\/index.php\/2024\/10\/31\/retiran-el-resguardo-domiciliario-a-nina-de-14-anos-acusada-de-homicidio-en-queretaro\/#breadcrumb"},"inLanguage":"es","potentialAction":[{"@type":"ReadAction","target":["https:\/\/www.nexoinformativo.mx\/index.php\/2024\/10\/31\/retiran-el-resguardo-domiciliario-a-nina-de-14-anos-acusada-de-homicidio-en-queretaro\/"]}]},{"@type":"ImageObject","inLanguage":"es","@id":"https:\/\/www.nexoinformativo.mx\/index.php\/2024\/10\/31\/retiran-el-resguardo-domiciliario-a-nina-de-14-anos-acusada-de-homicidio-en-queretaro\/#primaryimage","url":"https:\/\/www.nexoinformativo.mx\/wp-content\/uploads\/2024\/10\/PHOTO-2024-10-29-15-00-46.jpg","contentUrl":"https:\/\/www.nexoinformativo.mx\/wp-content\/uploads\/2024\/10\/PHOTO-2024-10-29-15-00-46.jpg","width":678,"height":452},{"@type":"BreadcrumbList","@id":"https:\/\/www.nexoinformativo.mx\/index.php\/2024\/10\/31\/retiran-el-resguardo-domiciliario-a-nina-de-14-anos-acusada-de-homicidio-en-queretaro\/#breadcrumb","itemListElement":[{"@type":"ListItem","position":1,"name":"Inicio","item":"https:\/\/www.nexoinformativo.mx\/"},{"@type":"ListItem","position":2,"name":"Retiran el resguardo domiciliario a ni\u00f1a de 14 a\u00f1os acusada de homicidio en Quer\u00e9taro\u00a0"}]},{"@type":"WebSite","@id":"https:\/\/www.nexoinformativo.mx\/#website","url":"https:\/\/www.nexoinformativo.mx\/","name":"Nexo Informativo Santiago de Quer\u00e9taro","description":"Explora NexoInformativo y convi\u00e9rtete en parte de una comunidad que valora el conocimiento y la verdad. Tu nexoinformativo es tu puente hacia una comprensi\u00f3n m\u00e1s profunda del mundo que te rodea.","publisher":{"@id":"https:\/\/www.nexoinformativo.mx\/#organization"},"potentialAction":[{"@type":"SearchAction","target":{"@type":"EntryPoint","urlTemplate":"https:\/\/www.nexoinformativo.mx\/?s={search_term_string}"},"query-input":{"@type":"PropertyValueSpecification","valueRequired":true,"valueName":"search_term_string"}}],"inLanguage":"es"},{"@type":"Organization","@id":"https:\/\/www.nexoinformativo.mx\/#organization","name":"Nexo Informativo Santiago de Quer\u00e9taro","url":"https:\/\/www.nexoinformativo.mx\/","logo":{"@type":"ImageObject","inLanguage":"es","@id":"https:\/\/www.nexoinformativo.mx\/#\/schema\/logo\/image\/","url":"https:\/\/www.nexoinformativo.mx\/wp-content\/uploads\/2024\/07\/nexoi-trasparente-2.png","contentUrl":"https:\/\/www.nexoinformativo.mx\/wp-content\/uploads\/2024\/07\/nexoi-trasparente-2.png","width":816,"height":339,"caption":"Nexo Informativo Santiago de Quer\u00e9taro"},"image":{"@id":"https:\/\/www.nexoinformativo.mx\/#\/schema\/logo\/image\/"},"sameAs":["https:\/\/www.facebook.com\/people\/Nexo-Informativo\/61564066885511\/"]},{"@type":"Person","@id":"https:\/\/www.nexoinformativo.mx\/#\/schema\/person\/7749d380ba08c8ca00d7bc76fd907b7d","name":"Nexo Informativo","image":{"@type":"ImageObject","inLanguage":"es","@id":"https:\/\/www.nexoinformativo.mx\/#\/schema\/person\/image\/","url":"https:\/\/secure.gravatar.com\/avatar\/dde2928154642a13d95f87ddf1ea9718fe2b46760a005c53e41ff5ad610704e6?s=96&d=mm&r=g","contentUrl":"https:\/\/secure.gravatar.com\/avatar\/dde2928154642a13d95f87ddf1ea9718fe2b46760a005c53e41ff5ad610704e6?s=96&d=mm&r=g","caption":"Nexo Informativo"},"url":"https:\/\/www.nexoinformativo.mx\/index.php\/author\/edicion\/"}]}},"_links":{"self":[{"href":"https:\/\/www.nexoinformativo.mx\/index.php\/wp-json\/wp\/v2\/posts\/5004","targetHints":{"allow":["GET"]}}],"collection":[{"href":"https:\/\/www.nexoinformativo.mx\/index.php\/wp-json\/wp\/v2\/posts"}],"about":[{"href":"https:\/\/www.nexoinformativo.mx\/index.php\/wp-json\/wp\/v2\/types\/post"}],"author":[{"embeddable":true,"href":"https:\/\/www.nexoinformativo.mx\/index.php\/wp-json\/wp\/v2\/users\/3"}],"replies":[{"embeddable":true,"href":"https:\/\/www.nexoinformativo.mx\/index.php\/wp-json\/wp\/v2\/comments?post=5004"}],"version-history":[{"count":2,"href":"https:\/\/www.nexoinformativo.mx\/index.php\/wp-json\/wp\/v2\/posts\/5004\/revisions"}],"predecessor-version":[{"id":5007,"href":"https:\/\/www.nexoinformativo.mx\/index.php\/wp-json\/wp\/v2\/posts\/5004\/revisions\/5007"}],"wp:featuredmedia":[{"embeddable":true,"href":"https:\/\/www.nexoinformativo.mx\/index.php\/wp-json\/wp\/v2\/media\/4865"}],"wp:attachment":[{"href":"https:\/\/www.nexoinformativo.mx\/index.php\/wp-json\/wp\/v2\/media?parent=5004"}],"wp:term":[{"taxonomy":"category","embeddable":true,"href":"https:\/\/www.nexoinformativo.mx\/index.php\/wp-json\/wp\/v2\/categories?post=5004"},{"taxonomy":"post_tag","embeddable":true,"href":"https:\/\/www.nexoinformativo.mx\/index.php\/wp-json\/wp\/v2\/tags?post=5004"}],"curies":[{"name":"wp","href":"https:\/\/api.w.org\/{rel}","templated":true}]}}