{"id":5009,"date":"2024-10-31T09:00:14","date_gmt":"2024-10-31T15:00:14","guid":{"rendered":"https:\/\/www.nexoinformativo.mx\/?p=5009"},"modified":"2024-10-31T11:22:44","modified_gmt":"2024-10-31T17:22:44","slug":"presidente-municipal-gaspar-trueba-encabeza-el-colorido-desfile-de-dia-de-muertos-en-colon","status":"publish","type":"post","link":"https:\/\/www.nexoinformativo.mx\/index.php\/2024\/10\/31\/presidente-municipal-gaspar-trueba-encabeza-el-colorido-desfile-de-dia-de-muertos-en-colon\/","title":{"rendered":"Presidente Municipal Gaspar Trueba encabeza el colorido desfile de D\u00eda de Muertos en Col\u00f3n"},"content":{"rendered":"<p style=\"text-align: justify;\" data-sourcepos=\"5:1-5:407\">El presidente municipal de Col\u00f3n, Gaspar Trueba, encabez\u00f3 el tradicional desfile de carros aleg\u00f3ricos que marc\u00f3 el inicio de las festividades de D\u00eda de Muertos en este municipio.<\/p>\n<p>&nbsp;<\/p>\n<p style=\"text-align: justify;\" data-sourcepos=\"5:1-5:407\">Con un recorrido que parti\u00f3 de la Plaza Soriano y culmin\u00f3 en el Jard\u00edn H\u00e9roes de la Revoluci\u00f3n, el evento reuni\u00f3 a estudiantes, autoridades y vecinos para celebrar esta importante tradici\u00f3n mexicana.<\/p>\n<p>&nbsp;<\/p>\n<p style=\"text-align: justify;\" data-sourcepos=\"7:1-7:338\">Once carros aleg\u00f3ricos, elaborados por alumnos de la Escuela Primaria <strong>&#8220;Leona Vicario&#8221;<\/strong>, y otros tres de diferentes instituciones educativas, llenaron de color y creatividad las calles de Col\u00f3n. Los contingentes, acompa\u00f1ados por m\u00fasica y disfraces, representaron diversas tradiciones y leyendas relacionadas con el D\u00eda de Muertos.<\/p>\n<p>&nbsp;<\/p>\n<p style=\"text-align: justify;\" data-sourcepos=\"9:1-9:320\"><strong>&#8220;Este desfile es una muestra del gran esfuerzo que realizamos para preservar nuestras tradiciones y fortalecer el sentido de comunidad&#8221;<\/strong>, expres\u00f3 el alcalde Gaspar Trueba. Acompa\u00f1ado por autoridades municipales y educativas, destac\u00f3 la importancia de involucrar a las nuevas generaciones en estas celebraciones.<\/p>\n<p>&nbsp;<\/p>\n<p style=\"text-align: justify;\" data-sourcepos=\"11:1-11:232\">El desfile fue solo el inicio de una serie de actividades programadas para el D\u00eda de Muertos en Col\u00f3n, entre las que se incluyen recorridos en tranv\u00eda, concursos de altares, leyendas y calaveritas literarias, y la rodada del terror.<\/p>\n<p>&nbsp;<\/p>\n<p style=\"text-align: justify;\" data-sourcepos=\"13:1-13:167\">Con estas actividades, el municipio de Col\u00f3n busca no solo honrar a los difuntos sino tambi\u00e9n promover el turismo y fortalecer la identidad cultural de sus habitantes.<\/p>\n<p>&nbsp;<\/p>\n<p style=\"text-align: center;\" data-sourcepos=\"13:1-13:167\"><em><strong>\u00a1Informaci\u00f3n que transforma!<\/strong><\/em><\/p>\n","protected":false},"excerpt":{"rendered":"<p>El presidente municipal de Col\u00f3n, Gaspar Trueba, encabez\u00f3 el tradicional desfile de carros aleg\u00f3ricos que marc\u00f3 el inicio de las festividades de D\u00eda de Muertos en este municipio. &nbsp; Con un recorrido que parti\u00f3 de la Plaza Soriano y culmin\u00f3 en el Jard\u00edn H\u00e9roes de la Revoluci\u00f3n, el evento reuni\u00f3 a estudiantes, autoridades y vecinos [&hellip;]<\/p>\n","protected":false},"author":3,"featured_media":5010,"comment_status":"open","ping_status":"open","sticky":false,"template":"","format":"standard","meta":{"footnotes":""},"categories":[65,58],"tags":[1782,1783,1287,1288],"class_list":["post-5009","post","type-post","status-publish","format-standard","has-post-thumbnail","hentry","category-municipios","category-ultima-hora","tag-colon","tag-desfilealegorico","tag-diademuertos","tag-tradicionesmexicanas"],"yoast_head":"<!-- This site is optimized with the Yoast SEO plugin v25.0 - https:\/\/yoast.com\/wordpress\/plugins\/seo\/ -->\n<title>Presidente Municipal Gaspar Trueba encabeza el colorido desfile de D\u00eda de Muertos en Col\u00f3n | Nexo Informativo Santiago de Quer\u00e9taro<\/title>\n<meta name=\"description\" content=\"Presidente Municipal Gaspar Trueba encabeza el colorido desfile de D\u00eda de Muertos en Col\u00f3n\" \/>\n<meta name=\"robots\" content=\"index, follow, max-snippet:-1, max-image-preview:large, max-video-preview:-1\" \/>\n<link rel=\"canonical\" href=\"https:\/\/www.nexoinformativo.mx\/index.php\/2024\/10\/31\/presidente-municipal-gaspar-trueba-encabeza-el-colorido-desfile-de-dia-de-muertos-en-colon\/\" \/>\n<meta property=\"og:locale\" content=\"es_MX\" \/>\n<meta property=\"og:type\" content=\"article\" \/>\n<meta property=\"og:title\" content=\"Presidente Municipal Gaspar Trueba encabeza el colorido desfile de D\u00eda de Muertos en Col\u00f3n | Nexo Informativo Santiago de Quer\u00e9taro\" \/>\n<meta property=\"og:description\" content=\"Presidente Municipal Gaspar Trueba encabeza el colorido desfile de D\u00eda de Muertos en Col\u00f3n\" \/>\n<meta property=\"og:url\" content=\"https:\/\/www.nexoinformativo.mx\/index.php\/2024\/10\/31\/presidente-municipal-gaspar-trueba-encabeza-el-colorido-desfile-de-dia-de-muertos-en-colon\/\" \/>\n<meta property=\"og:site_name\" content=\"Nexo Informativo Santiago de Quer\u00e9taro\" \/>\n<meta property=\"article:publisher\" content=\"https:\/\/www.facebook.com\/people\/Nexo-Informativo\/61564066885511\/\" \/>\n<meta property=\"article:published_time\" content=\"2024-10-31T15:00:14+00:00\" \/>\n<meta property=\"article:modified_time\" content=\"2024-10-31T17:22:44+00:00\" \/>\n<meta property=\"og:image\" content=\"https:\/\/www.nexoinformativo.mx\/wp-content\/uploads\/2024\/10\/PHOTO-2024-10-31-10-53-53-e1730395258322.jpg\" \/>\n\t<meta property=\"og:image:width\" content=\"700\" \/>\n\t<meta property=\"og:image:height\" content=\"875\" \/>\n\t<meta property=\"og:image:type\" content=\"image\/jpeg\" \/>\n<meta name=\"author\" content=\"Nexo Informativo\" \/>\n<meta name=\"twitter:card\" content=\"summary_large_image\" \/>\n<meta name=\"twitter:label1\" content=\"Escrito por\" \/>\n\t<meta name=\"twitter:data1\" content=\"Nexo Informativo\" \/>\n\t<meta name=\"twitter:label2\" content=\"Tiempo de lectura\" \/>\n\t<meta name=\"twitter:data2\" content=\"2 minutos\" \/>\n<script type=\"application\/ld+json\" class=\"yoast-schema-graph\">{\"@context\":\"https:\/\/schema.org\",\"@graph\":[{\"@type\":\"Article\",\"@id\":\"https:\/\/www.nexoinformativo.mx\/index.php\/2024\/10\/31\/presidente-municipal-gaspar-trueba-encabeza-el-colorido-desfile-de-dia-de-muertos-en-colon\/#article\",\"isPartOf\":{\"@id\":\"https:\/\/www.nexoinformativo.mx\/index.php\/2024\/10\/31\/presidente-municipal-gaspar-trueba-encabeza-el-colorido-desfile-de-dia-de-muertos-en-colon\/\"},\"author\":{\"name\":\"Nexo Informativo\",\"@id\":\"https:\/\/www.nexoinformativo.mx\/#\/schema\/person\/7749d380ba08c8ca00d7bc76fd907b7d\"},\"headline\":\"Presidente Municipal Gaspar Trueba encabeza el colorido desfile de D\u00eda de Muertos en Col\u00f3n\",\"datePublished\":\"2024-10-31T15:00:14+00:00\",\"dateModified\":\"2024-10-31T17:22:44+00:00\",\"mainEntityOfPage\":{\"@id\":\"https:\/\/www.nexoinformativo.mx\/index.php\/2024\/10\/31\/presidente-municipal-gaspar-trueba-encabeza-el-colorido-desfile-de-dia-de-muertos-en-colon\/\"},\"wordCount\":259,\"commentCount\":0,\"publisher\":{\"@id\":\"https:\/\/www.nexoinformativo.mx\/#organization\"},\"image\":{\"@id\":\"https:\/\/www.nexoinformativo.mx\/index.php\/2024\/10\/31\/presidente-municipal-gaspar-trueba-encabeza-el-colorido-desfile-de-dia-de-muertos-en-colon\/#primaryimage\"},\"thumbnailUrl\":\"https:\/\/www.nexoinformativo.mx\/wp-content\/uploads\/2024\/10\/PHOTO-2024-10-31-10-53-53-e1730395258322.jpg\",\"keywords\":[\"Col\u00f3n\",\"DesfileAleg\u00f3rico\",\"D\u00edaDeMuertos\",\"TradicionesMexicanas\"],\"articleSection\":[\"Municipios\",\"\u00daltima Hora\"],\"inLanguage\":\"es\",\"potentialAction\":[{\"@type\":\"CommentAction\",\"name\":\"Comment\",\"target\":[\"https:\/\/www.nexoinformativo.mx\/index.php\/2024\/10\/31\/presidente-municipal-gaspar-trueba-encabeza-el-colorido-desfile-de-dia-de-muertos-en-colon\/#respond\"]}]},{\"@type\":\"WebPage\",\"@id\":\"https:\/\/www.nexoinformativo.mx\/index.php\/2024\/10\/31\/presidente-municipal-gaspar-trueba-encabeza-el-colorido-desfile-de-dia-de-muertos-en-colon\/\",\"url\":\"https:\/\/www.nexoinformativo.mx\/index.php\/2024\/10\/31\/presidente-municipal-gaspar-trueba-encabeza-el-colorido-desfile-de-dia-de-muertos-en-colon\/\",\"name\":\"Presidente Municipal Gaspar Trueba encabeza el colorido desfile de D\u00eda de Muertos en Col\u00f3n | Nexo Informativo Santiago de Quer\u00e9taro\",\"isPartOf\":{\"@id\":\"https:\/\/www.nexoinformativo.mx\/#website\"},\"primaryImageOfPage\":{\"@id\":\"https:\/\/www.nexoinformativo.mx\/index.php\/2024\/10\/31\/presidente-municipal-gaspar-trueba-encabeza-el-colorido-desfile-de-dia-de-muertos-en-colon\/#primaryimage\"},\"image\":{\"@id\":\"https:\/\/www.nexoinformativo.mx\/index.php\/2024\/10\/31\/presidente-municipal-gaspar-trueba-encabeza-el-colorido-desfile-de-dia-de-muertos-en-colon\/#primaryimage\"},\"thumbnailUrl\":\"https:\/\/www.nexoinformativo.mx\/wp-content\/uploads\/2024\/10\/PHOTO-2024-10-31-10-53-53-e1730395258322.jpg\",\"datePublished\":\"2024-10-31T15:00:14+00:00\",\"dateModified\":\"2024-10-31T17:22:44+00:00\",\"description\":\"Presidente Municipal Gaspar Trueba encabeza el colorido desfile de D\u00eda de Muertos en Col\u00f3n\",\"breadcrumb\":{\"@id\":\"https:\/\/www.nexoinformativo.mx\/index.php\/2024\/10\/31\/presidente-municipal-gaspar-trueba-encabeza-el-colorido-desfile-de-dia-de-muertos-en-colon\/#breadcrumb\"},\"inLanguage\":\"es\",\"potentialAction\":[{\"@type\":\"ReadAction\",\"target\":[\"https:\/\/www.nexoinformativo.mx\/index.php\/2024\/10\/31\/presidente-municipal-gaspar-trueba-encabeza-el-colorido-desfile-de-dia-de-muertos-en-colon\/\"]}]},{\"@type\":\"ImageObject\",\"inLanguage\":\"es\",\"@id\":\"https:\/\/www.nexoinformativo.mx\/index.php\/2024\/10\/31\/presidente-municipal-gaspar-trueba-encabeza-el-colorido-desfile-de-dia-de-muertos-en-colon\/#primaryimage\",\"url\":\"https:\/\/www.nexoinformativo.mx\/wp-content\/uploads\/2024\/10\/PHOTO-2024-10-31-10-53-53-e1730395258322.jpg\",\"contentUrl\":\"https:\/\/www.nexoinformativo.mx\/wp-content\/uploads\/2024\/10\/PHOTO-2024-10-31-10-53-53-e1730395258322.jpg\",\"width\":700,\"height\":875},{\"@type\":\"BreadcrumbList\",\"@id\":\"https:\/\/www.nexoinformativo.mx\/index.php\/2024\/10\/31\/presidente-municipal-gaspar-trueba-encabeza-el-colorido-desfile-de-dia-de-muertos-en-colon\/#breadcrumb\",\"itemListElement\":[{\"@type\":\"ListItem\",\"position\":1,\"name\":\"Inicio\",\"item\":\"https:\/\/www.nexoinformativo.mx\/\"},{\"@type\":\"ListItem\",\"position\":2,\"name\":\"Presidente Municipal Gaspar Trueba encabeza el colorido desfile de D\u00eda de Muertos en Col\u00f3n\"}]},{\"@type\":\"WebSite\",\"@id\":\"https:\/\/www.nexoinformativo.mx\/#website\",\"url\":\"https:\/\/www.nexoinformativo.mx\/\",\"name\":\"Nexo Informativo Santiago de Quer\u00e9taro\",\"description\":\"Explora NexoInformativo y convi\u00e9rtete en parte de una comunidad que valora el conocimiento y la verdad. Tu nexoinformativo es tu puente hacia una comprensi\u00f3n m\u00e1s profunda del mundo que te rodea.\",\"publisher\":{\"@id\":\"https:\/\/www.nexoinformativo.mx\/#organization\"},\"potentialAction\":[{\"@type\":\"SearchAction\",\"target\":{\"@type\":\"EntryPoint\",\"urlTemplate\":\"https:\/\/www.nexoinformativo.mx\/?s={search_term_string}\"},\"query-input\":{\"@type\":\"PropertyValueSpecification\",\"valueRequired\":true,\"valueName\":\"search_term_string\"}}],\"inLanguage\":\"es\"},{\"@type\":\"Organization\",\"@id\":\"https:\/\/www.nexoinformativo.mx\/#organization\",\"name\":\"Nexo Informativo Santiago de Quer\u00e9taro\",\"url\":\"https:\/\/www.nexoinformativo.mx\/\",\"logo\":{\"@type\":\"ImageObject\",\"inLanguage\":\"es\",\"@id\":\"https:\/\/www.nexoinformativo.mx\/#\/schema\/logo\/image\/\",\"url\":\"https:\/\/www.nexoinformativo.mx\/wp-content\/uploads\/2024\/07\/nexoi-trasparente-2.png\",\"contentUrl\":\"https:\/\/www.nexoinformativo.mx\/wp-content\/uploads\/2024\/07\/nexoi-trasparente-2.png\",\"width\":816,\"height\":339,\"caption\":\"Nexo Informativo Santiago de Quer\u00e9taro\"},\"image\":{\"@id\":\"https:\/\/www.nexoinformativo.mx\/#\/schema\/logo\/image\/\"},\"sameAs\":[\"https:\/\/www.facebook.com\/people\/Nexo-Informativo\/61564066885511\/\"]},{\"@type\":\"Person\",\"@id\":\"https:\/\/www.nexoinformativo.mx\/#\/schema\/person\/7749d380ba08c8ca00d7bc76fd907b7d\",\"name\":\"Nexo Informativo\",\"image\":{\"@type\":\"ImageObject\",\"inLanguage\":\"es\",\"@id\":\"https:\/\/www.nexoinformativo.mx\/#\/schema\/person\/image\/\",\"url\":\"https:\/\/secure.gravatar.com\/avatar\/dde2928154642a13d95f87ddf1ea9718fe2b46760a005c53e41ff5ad610704e6?s=96&d=mm&r=g\",\"contentUrl\":\"https:\/\/secure.gravatar.com\/avatar\/dde2928154642a13d95f87ddf1ea9718fe2b46760a005c53e41ff5ad610704e6?s=96&d=mm&r=g\",\"caption\":\"Nexo Informativo\"},\"url\":\"https:\/\/www.nexoinformativo.mx\/index.php\/author\/edicion\/\"}]}<\/script>\n<!-- \/ Yoast SEO plugin. -->","yoast_head_json":{"title":"Presidente Municipal Gaspar Trueba encabeza el colorido desfile de D\u00eda de Muertos en Col\u00f3n | Nexo Informativo Santiago de Quer\u00e9taro","description":"Presidente Municipal Gaspar Trueba encabeza el colorido desfile de D\u00eda de Muertos en Col\u00f3n","robots":{"index":"index","follow":"follow","max-snippet":"max-snippet:-1","max-image-preview":"max-image-preview:large","max-video-preview":"max-video-preview:-1"},"canonical":"https:\/\/www.nexoinformativo.mx\/index.php\/2024\/10\/31\/presidente-municipal-gaspar-trueba-encabeza-el-colorido-desfile-de-dia-de-muertos-en-colon\/","og_locale":"es_MX","og_type":"article","og_title":"Presidente Municipal Gaspar Trueba encabeza el colorido desfile de D\u00eda de Muertos en Col\u00f3n | Nexo Informativo Santiago de Quer\u00e9taro","og_description":"Presidente Municipal Gaspar Trueba encabeza el colorido desfile de D\u00eda de Muertos en Col\u00f3n","og_url":"https:\/\/www.nexoinformativo.mx\/index.php\/2024\/10\/31\/presidente-municipal-gaspar-trueba-encabeza-el-colorido-desfile-de-dia-de-muertos-en-colon\/","og_site_name":"Nexo Informativo Santiago de Quer\u00e9taro","article_publisher":"https:\/\/www.facebook.com\/people\/Nexo-Informativo\/61564066885511\/","article_published_time":"2024-10-31T15:00:14+00:00","article_modified_time":"2024-10-31T17:22:44+00:00","og_image":[{"width":700,"height":875,"url":"https:\/\/www.nexoinformativo.mx\/wp-content\/uploads\/2024\/10\/PHOTO-2024-10-31-10-53-53-e1730395258322.jpg","type":"image\/jpeg"}],"author":"Nexo Informativo","twitter_card":"summary_large_image","twitter_misc":{"Escrito por":"Nexo Informativo","Tiempo de lectura":"2 minutos"},"schema":{"@context":"https:\/\/schema.org","@graph":[{"@type":"Article","@id":"https:\/\/www.nexoinformativo.mx\/index.php\/2024\/10\/31\/presidente-municipal-gaspar-trueba-encabeza-el-colorido-desfile-de-dia-de-muertos-en-colon\/#article","isPartOf":{"@id":"https:\/\/www.nexoinformativo.mx\/index.php\/2024\/10\/31\/presidente-municipal-gaspar-trueba-encabeza-el-colorido-desfile-de-dia-de-muertos-en-colon\/"},"author":{"name":"Nexo Informativo","@id":"https:\/\/www.nexoinformativo.mx\/#\/schema\/person\/7749d380ba08c8ca00d7bc76fd907b7d"},"headline":"Presidente Municipal Gaspar Trueba encabeza el colorido desfile de D\u00eda de Muertos en Col\u00f3n","datePublished":"2024-10-31T15:00:14+00:00","dateModified":"2024-10-31T17:22:44+00:00","mainEntityOfPage":{"@id":"https:\/\/www.nexoinformativo.mx\/index.php\/2024\/10\/31\/presidente-municipal-gaspar-trueba-encabeza-el-colorido-desfile-de-dia-de-muertos-en-colon\/"},"wordCount":259,"commentCount":0,"publisher":{"@id":"https:\/\/www.nexoinformativo.mx\/#organization"},"image":{"@id":"https:\/\/www.nexoinformativo.mx\/index.php\/2024\/10\/31\/presidente-municipal-gaspar-trueba-encabeza-el-colorido-desfile-de-dia-de-muertos-en-colon\/#primaryimage"},"thumbnailUrl":"https:\/\/www.nexoinformativo.mx\/wp-content\/uploads\/2024\/10\/PHOTO-2024-10-31-10-53-53-e1730395258322.jpg","keywords":["Col\u00f3n","DesfileAleg\u00f3rico","D\u00edaDeMuertos","TradicionesMexicanas"],"articleSection":["Municipios","\u00daltima Hora"],"inLanguage":"es","potentialAction":[{"@type":"CommentAction","name":"Comment","target":["https:\/\/www.nexoinformativo.mx\/index.php\/2024\/10\/31\/presidente-municipal-gaspar-trueba-encabeza-el-colorido-desfile-de-dia-de-muertos-en-colon\/#respond"]}]},{"@type":"WebPage","@id":"https:\/\/www.nexoinformativo.mx\/index.php\/2024\/10\/31\/presidente-municipal-gaspar-trueba-encabeza-el-colorido-desfile-de-dia-de-muertos-en-colon\/","url":"https:\/\/www.nexoinformativo.mx\/index.php\/2024\/10\/31\/presidente-municipal-gaspar-trueba-encabeza-el-colorido-desfile-de-dia-de-muertos-en-colon\/","name":"Presidente Municipal Gaspar Trueba encabeza el colorido desfile de D\u00eda de Muertos en Col\u00f3n | Nexo Informativo Santiago de Quer\u00e9taro","isPartOf":{"@id":"https:\/\/www.nexoinformativo.mx\/#website"},"primaryImageOfPage":{"@id":"https:\/\/www.nexoinformativo.mx\/index.php\/2024\/10\/31\/presidente-municipal-gaspar-trueba-encabeza-el-colorido-desfile-de-dia-de-muertos-en-colon\/#primaryimage"},"image":{"@id":"https:\/\/www.nexoinformativo.mx\/index.php\/2024\/10\/31\/presidente-municipal-gaspar-trueba-encabeza-el-colorido-desfile-de-dia-de-muertos-en-colon\/#primaryimage"},"thumbnailUrl":"https:\/\/www.nexoinformativo.mx\/wp-content\/uploads\/2024\/10\/PHOTO-2024-10-31-10-53-53-e1730395258322.jpg","datePublished":"2024-10-31T15:00:14+00:00","dateModified":"2024-10-31T17:22:44+00:00","description":"Presidente Municipal Gaspar Trueba encabeza el colorido desfile de D\u00eda de Muertos en Col\u00f3n","breadcrumb":{"@id":"https:\/\/www.nexoinformativo.mx\/index.php\/2024\/10\/31\/presidente-municipal-gaspar-trueba-encabeza-el-colorido-desfile-de-dia-de-muertos-en-colon\/#breadcrumb"},"inLanguage":"es","potentialAction":[{"@type":"ReadAction","target":["https:\/\/www.nexoinformativo.mx\/index.php\/2024\/10\/31\/presidente-municipal-gaspar-trueba-encabeza-el-colorido-desfile-de-dia-de-muertos-en-colon\/"]}]},{"@type":"ImageObject","inLanguage":"es","@id":"https:\/\/www.nexoinformativo.mx\/index.php\/2024\/10\/31\/presidente-municipal-gaspar-trueba-encabeza-el-colorido-desfile-de-dia-de-muertos-en-colon\/#primaryimage","url":"https:\/\/www.nexoinformativo.mx\/wp-content\/uploads\/2024\/10\/PHOTO-2024-10-31-10-53-53-e1730395258322.jpg","contentUrl":"https:\/\/www.nexoinformativo.mx\/wp-content\/uploads\/2024\/10\/PHOTO-2024-10-31-10-53-53-e1730395258322.jpg","width":700,"height":875},{"@type":"BreadcrumbList","@id":"https:\/\/www.nexoinformativo.mx\/index.php\/2024\/10\/31\/presidente-municipal-gaspar-trueba-encabeza-el-colorido-desfile-de-dia-de-muertos-en-colon\/#breadcrumb","itemListElement":[{"@type":"ListItem","position":1,"name":"Inicio","item":"https:\/\/www.nexoinformativo.mx\/"},{"@type":"ListItem","position":2,"name":"Presidente Municipal Gaspar Trueba encabeza el colorido desfile de D\u00eda de Muertos en Col\u00f3n"}]},{"@type":"WebSite","@id":"https:\/\/www.nexoinformativo.mx\/#website","url":"https:\/\/www.nexoinformativo.mx\/","name":"Nexo Informativo Santiago de Quer\u00e9taro","description":"Explora NexoInformativo y convi\u00e9rtete en parte de una comunidad que valora el conocimiento y la verdad. Tu nexoinformativo es tu puente hacia una comprensi\u00f3n m\u00e1s profunda del mundo que te rodea.","publisher":{"@id":"https:\/\/www.nexoinformativo.mx\/#organization"},"potentialAction":[{"@type":"SearchAction","target":{"@type":"EntryPoint","urlTemplate":"https:\/\/www.nexoinformativo.mx\/?s={search_term_string}"},"query-input":{"@type":"PropertyValueSpecification","valueRequired":true,"valueName":"search_term_string"}}],"inLanguage":"es"},{"@type":"Organization","@id":"https:\/\/www.nexoinformativo.mx\/#organization","name":"Nexo Informativo Santiago de Quer\u00e9taro","url":"https:\/\/www.nexoinformativo.mx\/","logo":{"@type":"ImageObject","inLanguage":"es","@id":"https:\/\/www.nexoinformativo.mx\/#\/schema\/logo\/image\/","url":"https:\/\/www.nexoinformativo.mx\/wp-content\/uploads\/2024\/07\/nexoi-trasparente-2.png","contentUrl":"https:\/\/www.nexoinformativo.mx\/wp-content\/uploads\/2024\/07\/nexoi-trasparente-2.png","width":816,"height":339,"caption":"Nexo Informativo Santiago de Quer\u00e9taro"},"image":{"@id":"https:\/\/www.nexoinformativo.mx\/#\/schema\/logo\/image\/"},"sameAs":["https:\/\/www.facebook.com\/people\/Nexo-Informativo\/61564066885511\/"]},{"@type":"Person","@id":"https:\/\/www.nexoinformativo.mx\/#\/schema\/person\/7749d380ba08c8ca00d7bc76fd907b7d","name":"Nexo Informativo","image":{"@type":"ImageObject","inLanguage":"es","@id":"https:\/\/www.nexoinformativo.mx\/#\/schema\/person\/image\/","url":"https:\/\/secure.gravatar.com\/avatar\/dde2928154642a13d95f87ddf1ea9718fe2b46760a005c53e41ff5ad610704e6?s=96&d=mm&r=g","contentUrl":"https:\/\/secure.gravatar.com\/avatar\/dde2928154642a13d95f87ddf1ea9718fe2b46760a005c53e41ff5ad610704e6?s=96&d=mm&r=g","caption":"Nexo Informativo"},"url":"https:\/\/www.nexoinformativo.mx\/index.php\/author\/edicion\/"}]}},"_links":{"self":[{"href":"https:\/\/www.nexoinformativo.mx\/index.php\/wp-json\/wp\/v2\/posts\/5009","targetHints":{"allow":["GET"]}}],"collection":[{"href":"https:\/\/www.nexoinformativo.mx\/index.php\/wp-json\/wp\/v2\/posts"}],"about":[{"href":"https:\/\/www.nexoinformativo.mx\/index.php\/wp-json\/wp\/v2\/types\/post"}],"author":[{"embeddable":true,"href":"https:\/\/www.nexoinformativo.mx\/index.php\/wp-json\/wp\/v2\/users\/3"}],"replies":[{"embeddable":true,"href":"https:\/\/www.nexoinformativo.mx\/index.php\/wp-json\/wp\/v2\/comments?post=5009"}],"version-history":[{"count":2,"href":"https:\/\/www.nexoinformativo.mx\/index.php\/wp-json\/wp\/v2\/posts\/5009\/revisions"}],"predecessor-version":[{"id":5012,"href":"https:\/\/www.nexoinformativo.mx\/index.php\/wp-json\/wp\/v2\/posts\/5009\/revisions\/5012"}],"wp:featuredmedia":[{"embeddable":true,"href":"https:\/\/www.nexoinformativo.mx\/index.php\/wp-json\/wp\/v2\/media\/5010"}],"wp:attachment":[{"href":"https:\/\/www.nexoinformativo.mx\/index.php\/wp-json\/wp\/v2\/media?parent=5009"}],"wp:term":[{"taxonomy":"category","embeddable":true,"href":"https:\/\/www.nexoinformativo.mx\/index.php\/wp-json\/wp\/v2\/categories?post=5009"},{"taxonomy":"post_tag","embeddable":true,"href":"https:\/\/www.nexoinformativo.mx\/index.php\/wp-json\/wp\/v2\/tags?post=5009"}],"curies":[{"name":"wp","href":"https:\/\/api.w.org\/{rel}","templated":true}]}}