{"id":5020,"date":"2024-10-31T10:00:25","date_gmt":"2024-10-31T16:00:25","guid":{"rendered":"https:\/\/www.nexoinformativo.mx\/?p=5020"},"modified":"2024-10-31T11:42:05","modified_gmt":"2024-10-31T17:42:05","slug":"gobierno-de-mexico-reitera-compromiso-con-la-proteccion-de-defensores-de-derechos-humanos-y-periodistas","status":"publish","type":"post","link":"https:\/\/www.nexoinformativo.mx\/index.php\/2024\/10\/31\/gobierno-de-mexico-reitera-compromiso-con-la-proteccion-de-defensores-de-derechos-humanos-y-periodistas\/","title":{"rendered":"Gobierno de M\u00e9xico reitera compromiso con la protecci\u00f3n de defensores de derechos humanos y periodistas"},"content":{"rendered":"<p style=\"text-align: justify;\" data-sourcepos=\"5:1-5:351\">La secretaria de Gobernaci\u00f3n, Rosa Icela Rodr\u00edguez, encabez\u00f3 la 137\u00aa sesi\u00f3n de la Junta de Gobierno del Mecanismo de Protecci\u00f3n para personas defensoras de Derechos Humanos y Periodistas, reafirmando el compromiso del gobierno de M\u00e9xico con la defensa de la libertad de expresi\u00f3n y el ejercicio de los derechos humanos.<\/p>\n<p>&nbsp;<\/p>\n<p style=\"text-align: justify;\" data-sourcepos=\"7:1-7:363\">Durante la sesi\u00f3n, la funcionaria destac\u00f3 el incremento en el n\u00famero de personas incorporadas al Mecanismo desde el inicio del gobierno de AMLO. Este aumento refleja la importancia que el gobierno le otorga a la protecci\u00f3n de quienes defienden los derechos de los dem\u00e1s y ejercen el periodismo.<\/p>\n<p>&nbsp;<\/p>\n<p style=\"text-align: justify;\" data-sourcepos=\"9:1-9:263\"><strong>&#8220;Estaremos evaluando el trabajo del Mecanismo, para consolidar la atenci\u00f3n de defensores de derechos humanos y periodistas. Cuentan conmigo para seguir abonando a la defensa de la libertad de expresi\u00f3n y al ejercicio de derechos&#8221;<\/strong>, asegur\u00f3 la secretaria.<\/p>\n<p>&nbsp;<\/p>\n<p style=\"text-align: justify;\" data-sourcepos=\"11:1-11:222\">En relaci\u00f3n al reciente homicidio del periodista Mauricio Sol\u00eds en Uruapan, Michoac\u00e1n, la secretaria Rodr\u00edguez anunci\u00f3 que la Fiscal\u00eda General de la Rep\u00fablica (FGR) atraer\u00e1 el caso y se comprometi\u00f3 a que no haya impunidad.<\/p>\n<p>&nbsp;<\/p>\n<p style=\"text-align: justify;\" data-sourcepos=\"13:1-13:216\">Por su parte, el subsecretario de Derechos Humanos, Poblaci\u00f3n y Migraci\u00f3n, Arturo Medina, resalt\u00f3 la coordinaci\u00f3n entre las autoridades federales y estatales para garantizar la protecci\u00f3n de defensores y periodistas.<\/p>\n<p>&nbsp;<\/p>\n<p style=\"text-align: justify;\" data-sourcepos=\"15:1-15:306\">La presencia de la secretaria de Gobernaci\u00f3n en esta sesi\u00f3n fue destacada por representantes de la Oficina del Alto Comisionado de las Naciones Unidas para los Derechos Humanos, quienes se\u00f1alaron la importancia de este gesto para fortalecer la protecci\u00f3n de los defensores y periodistas en M\u00e9xico.<\/p>\n<p>&nbsp;<\/p>\n<p style=\"text-align: center;\" data-sourcepos=\"15:1-15:306\"><strong><em>\u00a1Informaci\u00f3n que transforma!<\/em><\/strong><\/p>\n","protected":false},"excerpt":{"rendered":"<p>La secretaria de Gobernaci\u00f3n, Rosa Icela Rodr\u00edguez, encabez\u00f3 la 137\u00aa sesi\u00f3n de la Junta de Gobierno del Mecanismo de Protecci\u00f3n para personas defensoras de Derechos Humanos y Periodistas, reafirmando el compromiso del gobierno de M\u00e9xico con la defensa de la libertad de expresi\u00f3n y el ejercicio de los derechos humanos.<\/p>\n","protected":false},"author":3,"featured_media":5021,"comment_status":"open","ping_status":"open","sticky":false,"template":"","format":"standard","meta":{"footnotes":""},"categories":[88,58],"tags":[499,1786,1785,1610],"class_list":["post-5020","post","type-post","status-publish","format-standard","has-post-thumbnail","hentry","category-nacional","category-ultima-hora","tag-derechoshumanos","tag-libertaddeexpresion","tag-mecanismodeproteccion","tag-mexico"],"yoast_head":"<!-- This site is optimized with the Yoast SEO plugin v25.0 - https:\/\/yoast.com\/wordpress\/plugins\/seo\/ -->\n<title>Gobierno de M\u00e9xico reitera compromiso con la protecci\u00f3n de defensores de derechos humanos y periodistas | Nexo Informativo Santiago de Quer\u00e9taro<\/title>\n<meta name=\"description\" content=\"Gobierno de M\u00e9xico reitera compromiso con la protecci\u00f3n de defensores de derechos humanos y periodistas\" \/>\n<meta name=\"robots\" content=\"index, follow, max-snippet:-1, max-image-preview:large, max-video-preview:-1\" \/>\n<link rel=\"canonical\" href=\"https:\/\/www.nexoinformativo.mx\/index.php\/2024\/10\/31\/gobierno-de-mexico-reitera-compromiso-con-la-proteccion-de-defensores-de-derechos-humanos-y-periodistas\/\" \/>\n<meta property=\"og:locale\" content=\"es_MX\" \/>\n<meta property=\"og:type\" content=\"article\" \/>\n<meta property=\"og:title\" content=\"Gobierno de M\u00e9xico reitera compromiso con la protecci\u00f3n de defensores de derechos humanos y periodistas | Nexo Informativo Santiago de Quer\u00e9taro\" \/>\n<meta property=\"og:description\" content=\"Gobierno de M\u00e9xico reitera compromiso con la protecci\u00f3n de defensores de derechos humanos y periodistas\" \/>\n<meta property=\"og:url\" content=\"https:\/\/www.nexoinformativo.mx\/index.php\/2024\/10\/31\/gobierno-de-mexico-reitera-compromiso-con-la-proteccion-de-defensores-de-derechos-humanos-y-periodistas\/\" \/>\n<meta property=\"og:site_name\" content=\"Nexo Informativo Santiago de Quer\u00e9taro\" \/>\n<meta property=\"article:publisher\" content=\"https:\/\/www.facebook.com\/people\/Nexo-Informativo\/61564066885511\/\" \/>\n<meta property=\"article:published_time\" content=\"2024-10-31T16:00:25+00:00\" \/>\n<meta property=\"article:modified_time\" content=\"2024-10-31T17:42:05+00:00\" \/>\n<meta property=\"og:image\" content=\"https:\/\/www.nexoinformativo.mx\/wp-content\/uploads\/2024\/10\/IMG_7357.jpg\" \/>\n\t<meta property=\"og:image:width\" content=\"650\" \/>\n\t<meta property=\"og:image:height\" content=\"374\" \/>\n\t<meta property=\"og:image:type\" content=\"image\/jpeg\" \/>\n<meta name=\"author\" content=\"Nexo Informativo\" \/>\n<meta name=\"twitter:card\" content=\"summary_large_image\" \/>\n<meta name=\"twitter:label1\" content=\"Escrito por\" \/>\n\t<meta name=\"twitter:data1\" content=\"Nexo Informativo\" \/>\n\t<meta name=\"twitter:label2\" content=\"Tiempo de lectura\" \/>\n\t<meta name=\"twitter:data2\" content=\"2 minutos\" \/>\n<script type=\"application\/ld+json\" class=\"yoast-schema-graph\">{\"@context\":\"https:\/\/schema.org\",\"@graph\":[{\"@type\":\"Article\",\"@id\":\"https:\/\/www.nexoinformativo.mx\/index.php\/2024\/10\/31\/gobierno-de-mexico-reitera-compromiso-con-la-proteccion-de-defensores-de-derechos-humanos-y-periodistas\/#article\",\"isPartOf\":{\"@id\":\"https:\/\/www.nexoinformativo.mx\/index.php\/2024\/10\/31\/gobierno-de-mexico-reitera-compromiso-con-la-proteccion-de-defensores-de-derechos-humanos-y-periodistas\/\"},\"author\":{\"name\":\"Nexo Informativo\",\"@id\":\"https:\/\/www.nexoinformativo.mx\/#\/schema\/person\/7749d380ba08c8ca00d7bc76fd907b7d\"},\"headline\":\"Gobierno de M\u00e9xico reitera compromiso con la protecci\u00f3n de defensores de derechos humanos y periodistas\",\"datePublished\":\"2024-10-31T16:00:25+00:00\",\"dateModified\":\"2024-10-31T17:42:05+00:00\",\"mainEntityOfPage\":{\"@id\":\"https:\/\/www.nexoinformativo.mx\/index.php\/2024\/10\/31\/gobierno-de-mexico-reitera-compromiso-con-la-proteccion-de-defensores-de-derechos-humanos-y-periodistas\/\"},\"wordCount\":300,\"commentCount\":0,\"publisher\":{\"@id\":\"https:\/\/www.nexoinformativo.mx\/#organization\"},\"image\":{\"@id\":\"https:\/\/www.nexoinformativo.mx\/index.php\/2024\/10\/31\/gobierno-de-mexico-reitera-compromiso-con-la-proteccion-de-defensores-de-derechos-humanos-y-periodistas\/#primaryimage\"},\"thumbnailUrl\":\"https:\/\/www.nexoinformativo.mx\/wp-content\/uploads\/2024\/10\/IMG_7357.jpg\",\"keywords\":[\"DerechosHumanos\",\"LibertadDeExpresi\u00f3n\",\"MecanismoDeProtecci\u00f3n\",\"M\u00e9xico\"],\"articleSection\":[\"Nacional\",\"\u00daltima Hora\"],\"inLanguage\":\"es\",\"potentialAction\":[{\"@type\":\"CommentAction\",\"name\":\"Comment\",\"target\":[\"https:\/\/www.nexoinformativo.mx\/index.php\/2024\/10\/31\/gobierno-de-mexico-reitera-compromiso-con-la-proteccion-de-defensores-de-derechos-humanos-y-periodistas\/#respond\"]}]},{\"@type\":\"WebPage\",\"@id\":\"https:\/\/www.nexoinformativo.mx\/index.php\/2024\/10\/31\/gobierno-de-mexico-reitera-compromiso-con-la-proteccion-de-defensores-de-derechos-humanos-y-periodistas\/\",\"url\":\"https:\/\/www.nexoinformativo.mx\/index.php\/2024\/10\/31\/gobierno-de-mexico-reitera-compromiso-con-la-proteccion-de-defensores-de-derechos-humanos-y-periodistas\/\",\"name\":\"Gobierno de M\u00e9xico reitera compromiso con la protecci\u00f3n de defensores de derechos humanos y periodistas | Nexo Informativo Santiago de Quer\u00e9taro\",\"isPartOf\":{\"@id\":\"https:\/\/www.nexoinformativo.mx\/#website\"},\"primaryImageOfPage\":{\"@id\":\"https:\/\/www.nexoinformativo.mx\/index.php\/2024\/10\/31\/gobierno-de-mexico-reitera-compromiso-con-la-proteccion-de-defensores-de-derechos-humanos-y-periodistas\/#primaryimage\"},\"image\":{\"@id\":\"https:\/\/www.nexoinformativo.mx\/index.php\/2024\/10\/31\/gobierno-de-mexico-reitera-compromiso-con-la-proteccion-de-defensores-de-derechos-humanos-y-periodistas\/#primaryimage\"},\"thumbnailUrl\":\"https:\/\/www.nexoinformativo.mx\/wp-content\/uploads\/2024\/10\/IMG_7357.jpg\",\"datePublished\":\"2024-10-31T16:00:25+00:00\",\"dateModified\":\"2024-10-31T17:42:05+00:00\",\"description\":\"Gobierno de M\u00e9xico reitera compromiso con la protecci\u00f3n de defensores de derechos humanos y periodistas\",\"breadcrumb\":{\"@id\":\"https:\/\/www.nexoinformativo.mx\/index.php\/2024\/10\/31\/gobierno-de-mexico-reitera-compromiso-con-la-proteccion-de-defensores-de-derechos-humanos-y-periodistas\/#breadcrumb\"},\"inLanguage\":\"es\",\"potentialAction\":[{\"@type\":\"ReadAction\",\"target\":[\"https:\/\/www.nexoinformativo.mx\/index.php\/2024\/10\/31\/gobierno-de-mexico-reitera-compromiso-con-la-proteccion-de-defensores-de-derechos-humanos-y-periodistas\/\"]}]},{\"@type\":\"ImageObject\",\"inLanguage\":\"es\",\"@id\":\"https:\/\/www.nexoinformativo.mx\/index.php\/2024\/10\/31\/gobierno-de-mexico-reitera-compromiso-con-la-proteccion-de-defensores-de-derechos-humanos-y-periodistas\/#primaryimage\",\"url\":\"https:\/\/www.nexoinformativo.mx\/wp-content\/uploads\/2024\/10\/IMG_7357.jpg\",\"contentUrl\":\"https:\/\/www.nexoinformativo.mx\/wp-content\/uploads\/2024\/10\/IMG_7357.jpg\",\"width\":650,\"height\":374},{\"@type\":\"BreadcrumbList\",\"@id\":\"https:\/\/www.nexoinformativo.mx\/index.php\/2024\/10\/31\/gobierno-de-mexico-reitera-compromiso-con-la-proteccion-de-defensores-de-derechos-humanos-y-periodistas\/#breadcrumb\",\"itemListElement\":[{\"@type\":\"ListItem\",\"position\":1,\"name\":\"Inicio\",\"item\":\"https:\/\/www.nexoinformativo.mx\/\"},{\"@type\":\"ListItem\",\"position\":2,\"name\":\"Gobierno de M\u00e9xico reitera compromiso con la protecci\u00f3n de defensores de derechos humanos y periodistas\"}]},{\"@type\":\"WebSite\",\"@id\":\"https:\/\/www.nexoinformativo.mx\/#website\",\"url\":\"https:\/\/www.nexoinformativo.mx\/\",\"name\":\"Nexo Informativo Santiago de Quer\u00e9taro\",\"description\":\"Explora NexoInformativo y convi\u00e9rtete en parte de una comunidad que valora el conocimiento y la verdad. Tu nexoinformativo es tu puente hacia una comprensi\u00f3n m\u00e1s profunda del mundo que te rodea.\",\"publisher\":{\"@id\":\"https:\/\/www.nexoinformativo.mx\/#organization\"},\"potentialAction\":[{\"@type\":\"SearchAction\",\"target\":{\"@type\":\"EntryPoint\",\"urlTemplate\":\"https:\/\/www.nexoinformativo.mx\/?s={search_term_string}\"},\"query-input\":{\"@type\":\"PropertyValueSpecification\",\"valueRequired\":true,\"valueName\":\"search_term_string\"}}],\"inLanguage\":\"es\"},{\"@type\":\"Organization\",\"@id\":\"https:\/\/www.nexoinformativo.mx\/#organization\",\"name\":\"Nexo Informativo Santiago de Quer\u00e9taro\",\"url\":\"https:\/\/www.nexoinformativo.mx\/\",\"logo\":{\"@type\":\"ImageObject\",\"inLanguage\":\"es\",\"@id\":\"https:\/\/www.nexoinformativo.mx\/#\/schema\/logo\/image\/\",\"url\":\"https:\/\/www.nexoinformativo.mx\/wp-content\/uploads\/2024\/07\/nexoi-trasparente-2.png\",\"contentUrl\":\"https:\/\/www.nexoinformativo.mx\/wp-content\/uploads\/2024\/07\/nexoi-trasparente-2.png\",\"width\":816,\"height\":339,\"caption\":\"Nexo Informativo Santiago de Quer\u00e9taro\"},\"image\":{\"@id\":\"https:\/\/www.nexoinformativo.mx\/#\/schema\/logo\/image\/\"},\"sameAs\":[\"https:\/\/www.facebook.com\/people\/Nexo-Informativo\/61564066885511\/\"]},{\"@type\":\"Person\",\"@id\":\"https:\/\/www.nexoinformativo.mx\/#\/schema\/person\/7749d380ba08c8ca00d7bc76fd907b7d\",\"name\":\"Nexo Informativo\",\"image\":{\"@type\":\"ImageObject\",\"inLanguage\":\"es\",\"@id\":\"https:\/\/www.nexoinformativo.mx\/#\/schema\/person\/image\/\",\"url\":\"https:\/\/secure.gravatar.com\/avatar\/dde2928154642a13d95f87ddf1ea9718fe2b46760a005c53e41ff5ad610704e6?s=96&d=mm&r=g\",\"contentUrl\":\"https:\/\/secure.gravatar.com\/avatar\/dde2928154642a13d95f87ddf1ea9718fe2b46760a005c53e41ff5ad610704e6?s=96&d=mm&r=g\",\"caption\":\"Nexo Informativo\"},\"url\":\"https:\/\/www.nexoinformativo.mx\/index.php\/author\/edicion\/\"}]}<\/script>\n<!-- \/ Yoast SEO plugin. -->","yoast_head_json":{"title":"Gobierno de M\u00e9xico reitera compromiso con la protecci\u00f3n de defensores de derechos humanos y periodistas | Nexo Informativo Santiago de Quer\u00e9taro","description":"Gobierno de M\u00e9xico reitera compromiso con la protecci\u00f3n de defensores de derechos humanos y periodistas","robots":{"index":"index","follow":"follow","max-snippet":"max-snippet:-1","max-image-preview":"max-image-preview:large","max-video-preview":"max-video-preview:-1"},"canonical":"https:\/\/www.nexoinformativo.mx\/index.php\/2024\/10\/31\/gobierno-de-mexico-reitera-compromiso-con-la-proteccion-de-defensores-de-derechos-humanos-y-periodistas\/","og_locale":"es_MX","og_type":"article","og_title":"Gobierno de M\u00e9xico reitera compromiso con la protecci\u00f3n de defensores de derechos humanos y periodistas | Nexo Informativo Santiago de Quer\u00e9taro","og_description":"Gobierno de M\u00e9xico reitera compromiso con la protecci\u00f3n de defensores de derechos humanos y periodistas","og_url":"https:\/\/www.nexoinformativo.mx\/index.php\/2024\/10\/31\/gobierno-de-mexico-reitera-compromiso-con-la-proteccion-de-defensores-de-derechos-humanos-y-periodistas\/","og_site_name":"Nexo Informativo Santiago de Quer\u00e9taro","article_publisher":"https:\/\/www.facebook.com\/people\/Nexo-Informativo\/61564066885511\/","article_published_time":"2024-10-31T16:00:25+00:00","article_modified_time":"2024-10-31T17:42:05+00:00","og_image":[{"width":650,"height":374,"url":"https:\/\/www.nexoinformativo.mx\/wp-content\/uploads\/2024\/10\/IMG_7357.jpg","type":"image\/jpeg"}],"author":"Nexo Informativo","twitter_card":"summary_large_image","twitter_misc":{"Escrito por":"Nexo Informativo","Tiempo de lectura":"2 minutos"},"schema":{"@context":"https:\/\/schema.org","@graph":[{"@type":"Article","@id":"https:\/\/www.nexoinformativo.mx\/index.php\/2024\/10\/31\/gobierno-de-mexico-reitera-compromiso-con-la-proteccion-de-defensores-de-derechos-humanos-y-periodistas\/#article","isPartOf":{"@id":"https:\/\/www.nexoinformativo.mx\/index.php\/2024\/10\/31\/gobierno-de-mexico-reitera-compromiso-con-la-proteccion-de-defensores-de-derechos-humanos-y-periodistas\/"},"author":{"name":"Nexo Informativo","@id":"https:\/\/www.nexoinformativo.mx\/#\/schema\/person\/7749d380ba08c8ca00d7bc76fd907b7d"},"headline":"Gobierno de M\u00e9xico reitera compromiso con la protecci\u00f3n de defensores de derechos humanos y periodistas","datePublished":"2024-10-31T16:00:25+00:00","dateModified":"2024-10-31T17:42:05+00:00","mainEntityOfPage":{"@id":"https:\/\/www.nexoinformativo.mx\/index.php\/2024\/10\/31\/gobierno-de-mexico-reitera-compromiso-con-la-proteccion-de-defensores-de-derechos-humanos-y-periodistas\/"},"wordCount":300,"commentCount":0,"publisher":{"@id":"https:\/\/www.nexoinformativo.mx\/#organization"},"image":{"@id":"https:\/\/www.nexoinformativo.mx\/index.php\/2024\/10\/31\/gobierno-de-mexico-reitera-compromiso-con-la-proteccion-de-defensores-de-derechos-humanos-y-periodistas\/#primaryimage"},"thumbnailUrl":"https:\/\/www.nexoinformativo.mx\/wp-content\/uploads\/2024\/10\/IMG_7357.jpg","keywords":["DerechosHumanos","LibertadDeExpresi\u00f3n","MecanismoDeProtecci\u00f3n","M\u00e9xico"],"articleSection":["Nacional","\u00daltima Hora"],"inLanguage":"es","potentialAction":[{"@type":"CommentAction","name":"Comment","target":["https:\/\/www.nexoinformativo.mx\/index.php\/2024\/10\/31\/gobierno-de-mexico-reitera-compromiso-con-la-proteccion-de-defensores-de-derechos-humanos-y-periodistas\/#respond"]}]},{"@type":"WebPage","@id":"https:\/\/www.nexoinformativo.mx\/index.php\/2024\/10\/31\/gobierno-de-mexico-reitera-compromiso-con-la-proteccion-de-defensores-de-derechos-humanos-y-periodistas\/","url":"https:\/\/www.nexoinformativo.mx\/index.php\/2024\/10\/31\/gobierno-de-mexico-reitera-compromiso-con-la-proteccion-de-defensores-de-derechos-humanos-y-periodistas\/","name":"Gobierno de M\u00e9xico reitera compromiso con la protecci\u00f3n de defensores de derechos humanos y periodistas | Nexo Informativo Santiago de Quer\u00e9taro","isPartOf":{"@id":"https:\/\/www.nexoinformativo.mx\/#website"},"primaryImageOfPage":{"@id":"https:\/\/www.nexoinformativo.mx\/index.php\/2024\/10\/31\/gobierno-de-mexico-reitera-compromiso-con-la-proteccion-de-defensores-de-derechos-humanos-y-periodistas\/#primaryimage"},"image":{"@id":"https:\/\/www.nexoinformativo.mx\/index.php\/2024\/10\/31\/gobierno-de-mexico-reitera-compromiso-con-la-proteccion-de-defensores-de-derechos-humanos-y-periodistas\/#primaryimage"},"thumbnailUrl":"https:\/\/www.nexoinformativo.mx\/wp-content\/uploads\/2024\/10\/IMG_7357.jpg","datePublished":"2024-10-31T16:00:25+00:00","dateModified":"2024-10-31T17:42:05+00:00","description":"Gobierno de M\u00e9xico reitera compromiso con la protecci\u00f3n de defensores de derechos humanos y periodistas","breadcrumb":{"@id":"https:\/\/www.nexoinformativo.mx\/index.php\/2024\/10\/31\/gobierno-de-mexico-reitera-compromiso-con-la-proteccion-de-defensores-de-derechos-humanos-y-periodistas\/#breadcrumb"},"inLanguage":"es","potentialAction":[{"@type":"ReadAction","target":["https:\/\/www.nexoinformativo.mx\/index.php\/2024\/10\/31\/gobierno-de-mexico-reitera-compromiso-con-la-proteccion-de-defensores-de-derechos-humanos-y-periodistas\/"]}]},{"@type":"ImageObject","inLanguage":"es","@id":"https:\/\/www.nexoinformativo.mx\/index.php\/2024\/10\/31\/gobierno-de-mexico-reitera-compromiso-con-la-proteccion-de-defensores-de-derechos-humanos-y-periodistas\/#primaryimage","url":"https:\/\/www.nexoinformativo.mx\/wp-content\/uploads\/2024\/10\/IMG_7357.jpg","contentUrl":"https:\/\/www.nexoinformativo.mx\/wp-content\/uploads\/2024\/10\/IMG_7357.jpg","width":650,"height":374},{"@type":"BreadcrumbList","@id":"https:\/\/www.nexoinformativo.mx\/index.php\/2024\/10\/31\/gobierno-de-mexico-reitera-compromiso-con-la-proteccion-de-defensores-de-derechos-humanos-y-periodistas\/#breadcrumb","itemListElement":[{"@type":"ListItem","position":1,"name":"Inicio","item":"https:\/\/www.nexoinformativo.mx\/"},{"@type":"ListItem","position":2,"name":"Gobierno de M\u00e9xico reitera compromiso con la protecci\u00f3n de defensores de derechos humanos y periodistas"}]},{"@type":"WebSite","@id":"https:\/\/www.nexoinformativo.mx\/#website","url":"https:\/\/www.nexoinformativo.mx\/","name":"Nexo Informativo Santiago de Quer\u00e9taro","description":"Explora NexoInformativo y convi\u00e9rtete en parte de una comunidad que valora el conocimiento y la verdad. Tu nexoinformativo es tu puente hacia una comprensi\u00f3n m\u00e1s profunda del mundo que te rodea.","publisher":{"@id":"https:\/\/www.nexoinformativo.mx\/#organization"},"potentialAction":[{"@type":"SearchAction","target":{"@type":"EntryPoint","urlTemplate":"https:\/\/www.nexoinformativo.mx\/?s={search_term_string}"},"query-input":{"@type":"PropertyValueSpecification","valueRequired":true,"valueName":"search_term_string"}}],"inLanguage":"es"},{"@type":"Organization","@id":"https:\/\/www.nexoinformativo.mx\/#organization","name":"Nexo Informativo Santiago de Quer\u00e9taro","url":"https:\/\/www.nexoinformativo.mx\/","logo":{"@type":"ImageObject","inLanguage":"es","@id":"https:\/\/www.nexoinformativo.mx\/#\/schema\/logo\/image\/","url":"https:\/\/www.nexoinformativo.mx\/wp-content\/uploads\/2024\/07\/nexoi-trasparente-2.png","contentUrl":"https:\/\/www.nexoinformativo.mx\/wp-content\/uploads\/2024\/07\/nexoi-trasparente-2.png","width":816,"height":339,"caption":"Nexo Informativo Santiago de Quer\u00e9taro"},"image":{"@id":"https:\/\/www.nexoinformativo.mx\/#\/schema\/logo\/image\/"},"sameAs":["https:\/\/www.facebook.com\/people\/Nexo-Informativo\/61564066885511\/"]},{"@type":"Person","@id":"https:\/\/www.nexoinformativo.mx\/#\/schema\/person\/7749d380ba08c8ca00d7bc76fd907b7d","name":"Nexo Informativo","image":{"@type":"ImageObject","inLanguage":"es","@id":"https:\/\/www.nexoinformativo.mx\/#\/schema\/person\/image\/","url":"https:\/\/secure.gravatar.com\/avatar\/dde2928154642a13d95f87ddf1ea9718fe2b46760a005c53e41ff5ad610704e6?s=96&d=mm&r=g","contentUrl":"https:\/\/secure.gravatar.com\/avatar\/dde2928154642a13d95f87ddf1ea9718fe2b46760a005c53e41ff5ad610704e6?s=96&d=mm&r=g","caption":"Nexo Informativo"},"url":"https:\/\/www.nexoinformativo.mx\/index.php\/author\/edicion\/"}]}},"_links":{"self":[{"href":"https:\/\/www.nexoinformativo.mx\/index.php\/wp-json\/wp\/v2\/posts\/5020","targetHints":{"allow":["GET"]}}],"collection":[{"href":"https:\/\/www.nexoinformativo.mx\/index.php\/wp-json\/wp\/v2\/posts"}],"about":[{"href":"https:\/\/www.nexoinformativo.mx\/index.php\/wp-json\/wp\/v2\/types\/post"}],"author":[{"embeddable":true,"href":"https:\/\/www.nexoinformativo.mx\/index.php\/wp-json\/wp\/v2\/users\/3"}],"replies":[{"embeddable":true,"href":"https:\/\/www.nexoinformativo.mx\/index.php\/wp-json\/wp\/v2\/comments?post=5020"}],"version-history":[{"count":2,"href":"https:\/\/www.nexoinformativo.mx\/index.php\/wp-json\/wp\/v2\/posts\/5020\/revisions"}],"predecessor-version":[{"id":5023,"href":"https:\/\/www.nexoinformativo.mx\/index.php\/wp-json\/wp\/v2\/posts\/5020\/revisions\/5023"}],"wp:featuredmedia":[{"embeddable":true,"href":"https:\/\/www.nexoinformativo.mx\/index.php\/wp-json\/wp\/v2\/media\/5021"}],"wp:attachment":[{"href":"https:\/\/www.nexoinformativo.mx\/index.php\/wp-json\/wp\/v2\/media?parent=5020"}],"wp:term":[{"taxonomy":"category","embeddable":true,"href":"https:\/\/www.nexoinformativo.mx\/index.php\/wp-json\/wp\/v2\/categories?post=5020"},{"taxonomy":"post_tag","embeddable":true,"href":"https:\/\/www.nexoinformativo.mx\/index.php\/wp-json\/wp\/v2\/tags?post=5020"}],"curies":[{"name":"wp","href":"https:\/\/api.w.org\/{rel}","templated":true}]}}