{"id":5028,"date":"2024-10-31T12:00:50","date_gmt":"2024-10-31T18:00:50","guid":{"rendered":"https:\/\/www.nexoinformativo.mx\/?p=5028"},"modified":"2024-10-31T15:18:03","modified_gmt":"2024-10-31T21:18:03","slug":"proteccion-civil-de-corregidora-emite-recomendaciones-para-visitas-a-panteones-durante-el-dia-de-muertos","status":"publish","type":"post","link":"https:\/\/www.nexoinformativo.mx\/index.php\/2024\/10\/31\/proteccion-civil-de-corregidora-emite-recomendaciones-para-visitas-a-panteones-durante-el-dia-de-muertos\/","title":{"rendered":"Protecci\u00f3n Civil de Corregidora emite recomendaciones para visitas a panteones durante el d\u00eda de Muertos\u00a0"},"content":{"rendered":"<p style=\"text-align: justify;\">Con la llegada de las festividades de D\u00eda de Muertos, el director de Protecci\u00f3n Civil del municipio de Corregidora, Omar Lugo, ha emitido una serie de recomendaciones para garantizar la seguridad y bienestar de los visitantes a los panteones.<\/p>\n<p>&nbsp;<\/p>\n<p style=\"text-align: justify;\">Ante la expectativa de altas temperaturas para el s\u00e1bado, se aconseja a la poblaci\u00f3n hidratarse adecuadamente y utilizar bloqueador solar o gorra. Lugo se\u00f1al\u00f3 que el personal de Protecci\u00f3n Civil estar\u00e1 presente en los panteones para atender cualquier eventualidad que pudiera surgir, como deshidrataciones, desmayos o problemas de presi\u00f3n.<\/p>\n<p>&nbsp;<\/p>\n<p style=\"text-align: justify;\">\u201cVa a estar un poquito caluroso como estamos ahorita, y estamos montando el operativo para resguardar a las personas que asisten\u201d, explic\u00f3. Entre las recomendaciones, el director sugiri\u00f3 que los visitantes lleguen bien hidratados y alimentados. Adem\u00e1s, hizo hincapi\u00e9 en la importancia de mantener un ojo en los adultos mayores y los menores de edad durante la visita.<\/p>\n<p>&nbsp;<\/p>\n<p style=\"text-align: justify;\">En caso de alg\u00fan incidente, se pidi\u00f3 a la poblaci\u00f3n que se comunique al n\u00famero de emergencia 911. \u201cTraigan protector solar o bloqueador porque vamos a tener un poco de intensidad con el sol\u201d, agreg\u00f3 Lugo, subrayando la necesidad de cuidar la salud durante estas festividades.<\/p>\n<p>&nbsp;<\/p>\n<p style=\"text-align: justify;\">Con estas acciones, Protecci\u00f3n Civil busca asegurar que las celebraciones por el D\u00eda de Muertos se desarrollen de manera segura y agradable para todos los asistentes.<\/p>\n<p>&nbsp;<\/p>\n<p style=\"text-align: center;\"><em><strong>\u00a1Informaci\u00f3n que transforma!<\/strong><\/em><\/p>\n","protected":false},"excerpt":{"rendered":"<p>Con la llegada de las festividades de D\u00eda de Muertos, el director de Protecci\u00f3n Civil del municipio de Corregidora.<\/p>\n","protected":false},"author":3,"featured_media":5030,"comment_status":"open","ping_status":"open","sticky":false,"template":"","format":"standard","meta":{"footnotes":""},"categories":[42,58],"tags":[233,1287,154,131],"class_list":["post-5028","post","type-post","status-publish","format-standard","has-post-thumbnail","hentry","category-estado","category-ultima-hora","tag-corregidora","tag-diademuertos","tag-proteccioncivil","tag-seguridad"],"yoast_head":"<!-- This site is optimized with the Yoast SEO plugin v25.0 - https:\/\/yoast.com\/wordpress\/plugins\/seo\/ -->\n<title>Protecci\u00f3n Civil de Corregidora emite recomendaciones para visitas a panteones durante el d\u00eda de Muertos\u00a0 | Nexo Informativo Santiago de Quer\u00e9taro<\/title>\n<meta name=\"description\" content=\"Protecci\u00f3n Civil de Corregidora emite recomendaciones para visitas a panteones durante el d\u00eda de Muertos\u00a0\" \/>\n<meta name=\"robots\" content=\"index, follow, max-snippet:-1, max-image-preview:large, max-video-preview:-1\" \/>\n<link rel=\"canonical\" href=\"https:\/\/www.nexoinformativo.mx\/index.php\/2024\/10\/31\/proteccion-civil-de-corregidora-emite-recomendaciones-para-visitas-a-panteones-durante-el-dia-de-muertos\/\" \/>\n<meta property=\"og:locale\" content=\"es_MX\" \/>\n<meta property=\"og:type\" content=\"article\" \/>\n<meta property=\"og:title\" content=\"Protecci\u00f3n Civil de Corregidora emite recomendaciones para visitas a panteones durante el d\u00eda de Muertos\u00a0 | Nexo Informativo Santiago de Quer\u00e9taro\" \/>\n<meta property=\"og:description\" content=\"Protecci\u00f3n Civil de Corregidora emite recomendaciones para visitas a panteones durante el d\u00eda de Muertos\u00a0\" \/>\n<meta property=\"og:url\" content=\"https:\/\/www.nexoinformativo.mx\/index.php\/2024\/10\/31\/proteccion-civil-de-corregidora-emite-recomendaciones-para-visitas-a-panteones-durante-el-dia-de-muertos\/\" \/>\n<meta property=\"og:site_name\" content=\"Nexo Informativo Santiago de Quer\u00e9taro\" \/>\n<meta property=\"article:publisher\" content=\"https:\/\/www.facebook.com\/people\/Nexo-Informativo\/61564066885511\/\" \/>\n<meta property=\"article:published_time\" content=\"2024-10-31T18:00:50+00:00\" \/>\n<meta property=\"article:modified_time\" content=\"2024-10-31T21:18:03+00:00\" \/>\n<meta property=\"og:image\" content=\"https:\/\/www.nexoinformativo.mx\/wp-content\/uploads\/2024\/10\/PHOTO-2024-10-31-14-26-14-e1730409029353.jpg\" \/>\n\t<meta property=\"og:image:width\" content=\"700\" \/>\n\t<meta property=\"og:image:height\" content=\"525\" \/>\n\t<meta property=\"og:image:type\" content=\"image\/jpeg\" \/>\n<meta name=\"author\" content=\"Nexo Informativo\" \/>\n<meta name=\"twitter:card\" content=\"summary_large_image\" \/>\n<meta name=\"twitter:label1\" content=\"Escrito por\" \/>\n\t<meta name=\"twitter:data1\" content=\"Nexo Informativo\" \/>\n\t<meta name=\"twitter:label2\" content=\"Tiempo de lectura\" \/>\n\t<meta name=\"twitter:data2\" content=\"2 minutos\" \/>\n<script type=\"application\/ld+json\" class=\"yoast-schema-graph\">{\"@context\":\"https:\/\/schema.org\",\"@graph\":[{\"@type\":\"Article\",\"@id\":\"https:\/\/www.nexoinformativo.mx\/index.php\/2024\/10\/31\/proteccion-civil-de-corregidora-emite-recomendaciones-para-visitas-a-panteones-durante-el-dia-de-muertos\/#article\",\"isPartOf\":{\"@id\":\"https:\/\/www.nexoinformativo.mx\/index.php\/2024\/10\/31\/proteccion-civil-de-corregidora-emite-recomendaciones-para-visitas-a-panteones-durante-el-dia-de-muertos\/\"},\"author\":{\"name\":\"Nexo Informativo\",\"@id\":\"https:\/\/www.nexoinformativo.mx\/#\/schema\/person\/7749d380ba08c8ca00d7bc76fd907b7d\"},\"headline\":\"Protecci\u00f3n Civil de Corregidora emite recomendaciones para visitas a panteones durante el d\u00eda de Muertos\u00a0\",\"datePublished\":\"2024-10-31T18:00:50+00:00\",\"dateModified\":\"2024-10-31T21:18:03+00:00\",\"mainEntityOfPage\":{\"@id\":\"https:\/\/www.nexoinformativo.mx\/index.php\/2024\/10\/31\/proteccion-civil-de-corregidora-emite-recomendaciones-para-visitas-a-panteones-durante-el-dia-de-muertos\/\"},\"wordCount\":256,\"commentCount\":0,\"publisher\":{\"@id\":\"https:\/\/www.nexoinformativo.mx\/#organization\"},\"image\":{\"@id\":\"https:\/\/www.nexoinformativo.mx\/index.php\/2024\/10\/31\/proteccion-civil-de-corregidora-emite-recomendaciones-para-visitas-a-panteones-durante-el-dia-de-muertos\/#primaryimage\"},\"thumbnailUrl\":\"https:\/\/www.nexoinformativo.mx\/wp-content\/uploads\/2024\/10\/PHOTO-2024-10-31-14-26-14-e1730409029353.jpg\",\"keywords\":[\"Corregidora\",\"D\u00edaDeMuertos\",\"proteccioncivil\",\"Seguridad\"],\"articleSection\":[\"Estado\",\"\u00daltima Hora\"],\"inLanguage\":\"es\",\"potentialAction\":[{\"@type\":\"CommentAction\",\"name\":\"Comment\",\"target\":[\"https:\/\/www.nexoinformativo.mx\/index.php\/2024\/10\/31\/proteccion-civil-de-corregidora-emite-recomendaciones-para-visitas-a-panteones-durante-el-dia-de-muertos\/#respond\"]}]},{\"@type\":\"WebPage\",\"@id\":\"https:\/\/www.nexoinformativo.mx\/index.php\/2024\/10\/31\/proteccion-civil-de-corregidora-emite-recomendaciones-para-visitas-a-panteones-durante-el-dia-de-muertos\/\",\"url\":\"https:\/\/www.nexoinformativo.mx\/index.php\/2024\/10\/31\/proteccion-civil-de-corregidora-emite-recomendaciones-para-visitas-a-panteones-durante-el-dia-de-muertos\/\",\"name\":\"Protecci\u00f3n Civil de Corregidora emite recomendaciones para visitas a panteones durante el d\u00eda de Muertos\u00a0 | Nexo Informativo Santiago de Quer\u00e9taro\",\"isPartOf\":{\"@id\":\"https:\/\/www.nexoinformativo.mx\/#website\"},\"primaryImageOfPage\":{\"@id\":\"https:\/\/www.nexoinformativo.mx\/index.php\/2024\/10\/31\/proteccion-civil-de-corregidora-emite-recomendaciones-para-visitas-a-panteones-durante-el-dia-de-muertos\/#primaryimage\"},\"image\":{\"@id\":\"https:\/\/www.nexoinformativo.mx\/index.php\/2024\/10\/31\/proteccion-civil-de-corregidora-emite-recomendaciones-para-visitas-a-panteones-durante-el-dia-de-muertos\/#primaryimage\"},\"thumbnailUrl\":\"https:\/\/www.nexoinformativo.mx\/wp-content\/uploads\/2024\/10\/PHOTO-2024-10-31-14-26-14-e1730409029353.jpg\",\"datePublished\":\"2024-10-31T18:00:50+00:00\",\"dateModified\":\"2024-10-31T21:18:03+00:00\",\"description\":\"Protecci\u00f3n Civil de Corregidora emite recomendaciones para visitas a panteones durante el d\u00eda de Muertos\u00a0\",\"breadcrumb\":{\"@id\":\"https:\/\/www.nexoinformativo.mx\/index.php\/2024\/10\/31\/proteccion-civil-de-corregidora-emite-recomendaciones-para-visitas-a-panteones-durante-el-dia-de-muertos\/#breadcrumb\"},\"inLanguage\":\"es\",\"potentialAction\":[{\"@type\":\"ReadAction\",\"target\":[\"https:\/\/www.nexoinformativo.mx\/index.php\/2024\/10\/31\/proteccion-civil-de-corregidora-emite-recomendaciones-para-visitas-a-panteones-durante-el-dia-de-muertos\/\"]}]},{\"@type\":\"ImageObject\",\"inLanguage\":\"es\",\"@id\":\"https:\/\/www.nexoinformativo.mx\/index.php\/2024\/10\/31\/proteccion-civil-de-corregidora-emite-recomendaciones-para-visitas-a-panteones-durante-el-dia-de-muertos\/#primaryimage\",\"url\":\"https:\/\/www.nexoinformativo.mx\/wp-content\/uploads\/2024\/10\/PHOTO-2024-10-31-14-26-14-e1730409029353.jpg\",\"contentUrl\":\"https:\/\/www.nexoinformativo.mx\/wp-content\/uploads\/2024\/10\/PHOTO-2024-10-31-14-26-14-e1730409029353.jpg\",\"width\":700,\"height\":525},{\"@type\":\"BreadcrumbList\",\"@id\":\"https:\/\/www.nexoinformativo.mx\/index.php\/2024\/10\/31\/proteccion-civil-de-corregidora-emite-recomendaciones-para-visitas-a-panteones-durante-el-dia-de-muertos\/#breadcrumb\",\"itemListElement\":[{\"@type\":\"ListItem\",\"position\":1,\"name\":\"Inicio\",\"item\":\"https:\/\/www.nexoinformativo.mx\/\"},{\"@type\":\"ListItem\",\"position\":2,\"name\":\"Protecci\u00f3n Civil de Corregidora emite recomendaciones para visitas a panteones durante el d\u00eda de Muertos\u00a0\"}]},{\"@type\":\"WebSite\",\"@id\":\"https:\/\/www.nexoinformativo.mx\/#website\",\"url\":\"https:\/\/www.nexoinformativo.mx\/\",\"name\":\"Nexo Informativo Santiago de Quer\u00e9taro\",\"description\":\"Explora NexoInformativo y convi\u00e9rtete en parte de una comunidad que valora el conocimiento y la verdad. Tu nexoinformativo es tu puente hacia una comprensi\u00f3n m\u00e1s profunda del mundo que te rodea.\",\"publisher\":{\"@id\":\"https:\/\/www.nexoinformativo.mx\/#organization\"},\"potentialAction\":[{\"@type\":\"SearchAction\",\"target\":{\"@type\":\"EntryPoint\",\"urlTemplate\":\"https:\/\/www.nexoinformativo.mx\/?s={search_term_string}\"},\"query-input\":{\"@type\":\"PropertyValueSpecification\",\"valueRequired\":true,\"valueName\":\"search_term_string\"}}],\"inLanguage\":\"es\"},{\"@type\":\"Organization\",\"@id\":\"https:\/\/www.nexoinformativo.mx\/#organization\",\"name\":\"Nexo Informativo Santiago de Quer\u00e9taro\",\"url\":\"https:\/\/www.nexoinformativo.mx\/\",\"logo\":{\"@type\":\"ImageObject\",\"inLanguage\":\"es\",\"@id\":\"https:\/\/www.nexoinformativo.mx\/#\/schema\/logo\/image\/\",\"url\":\"https:\/\/www.nexoinformativo.mx\/wp-content\/uploads\/2024\/07\/nexoi-trasparente-2.png\",\"contentUrl\":\"https:\/\/www.nexoinformativo.mx\/wp-content\/uploads\/2024\/07\/nexoi-trasparente-2.png\",\"width\":816,\"height\":339,\"caption\":\"Nexo Informativo Santiago de Quer\u00e9taro\"},\"image\":{\"@id\":\"https:\/\/www.nexoinformativo.mx\/#\/schema\/logo\/image\/\"},\"sameAs\":[\"https:\/\/www.facebook.com\/people\/Nexo-Informativo\/61564066885511\/\"]},{\"@type\":\"Person\",\"@id\":\"https:\/\/www.nexoinformativo.mx\/#\/schema\/person\/7749d380ba08c8ca00d7bc76fd907b7d\",\"name\":\"Nexo Informativo\",\"image\":{\"@type\":\"ImageObject\",\"inLanguage\":\"es\",\"@id\":\"https:\/\/www.nexoinformativo.mx\/#\/schema\/person\/image\/\",\"url\":\"https:\/\/secure.gravatar.com\/avatar\/dde2928154642a13d95f87ddf1ea9718fe2b46760a005c53e41ff5ad610704e6?s=96&d=mm&r=g\",\"contentUrl\":\"https:\/\/secure.gravatar.com\/avatar\/dde2928154642a13d95f87ddf1ea9718fe2b46760a005c53e41ff5ad610704e6?s=96&d=mm&r=g\",\"caption\":\"Nexo Informativo\"},\"url\":\"https:\/\/www.nexoinformativo.mx\/index.php\/author\/edicion\/\"}]}<\/script>\n<!-- \/ Yoast SEO plugin. -->","yoast_head_json":{"title":"Protecci\u00f3n Civil de Corregidora emite recomendaciones para visitas a panteones durante el d\u00eda de Muertos\u00a0 | Nexo Informativo Santiago de Quer\u00e9taro","description":"Protecci\u00f3n Civil de Corregidora emite recomendaciones para visitas a panteones durante el d\u00eda de Muertos\u00a0","robots":{"index":"index","follow":"follow","max-snippet":"max-snippet:-1","max-image-preview":"max-image-preview:large","max-video-preview":"max-video-preview:-1"},"canonical":"https:\/\/www.nexoinformativo.mx\/index.php\/2024\/10\/31\/proteccion-civil-de-corregidora-emite-recomendaciones-para-visitas-a-panteones-durante-el-dia-de-muertos\/","og_locale":"es_MX","og_type":"article","og_title":"Protecci\u00f3n Civil de Corregidora emite recomendaciones para visitas a panteones durante el d\u00eda de Muertos\u00a0 | Nexo Informativo Santiago de Quer\u00e9taro","og_description":"Protecci\u00f3n Civil de Corregidora emite recomendaciones para visitas a panteones durante el d\u00eda de Muertos\u00a0","og_url":"https:\/\/www.nexoinformativo.mx\/index.php\/2024\/10\/31\/proteccion-civil-de-corregidora-emite-recomendaciones-para-visitas-a-panteones-durante-el-dia-de-muertos\/","og_site_name":"Nexo Informativo Santiago de Quer\u00e9taro","article_publisher":"https:\/\/www.facebook.com\/people\/Nexo-Informativo\/61564066885511\/","article_published_time":"2024-10-31T18:00:50+00:00","article_modified_time":"2024-10-31T21:18:03+00:00","og_image":[{"width":700,"height":525,"url":"https:\/\/www.nexoinformativo.mx\/wp-content\/uploads\/2024\/10\/PHOTO-2024-10-31-14-26-14-e1730409029353.jpg","type":"image\/jpeg"}],"author":"Nexo Informativo","twitter_card":"summary_large_image","twitter_misc":{"Escrito por":"Nexo Informativo","Tiempo de lectura":"2 minutos"},"schema":{"@context":"https:\/\/schema.org","@graph":[{"@type":"Article","@id":"https:\/\/www.nexoinformativo.mx\/index.php\/2024\/10\/31\/proteccion-civil-de-corregidora-emite-recomendaciones-para-visitas-a-panteones-durante-el-dia-de-muertos\/#article","isPartOf":{"@id":"https:\/\/www.nexoinformativo.mx\/index.php\/2024\/10\/31\/proteccion-civil-de-corregidora-emite-recomendaciones-para-visitas-a-panteones-durante-el-dia-de-muertos\/"},"author":{"name":"Nexo Informativo","@id":"https:\/\/www.nexoinformativo.mx\/#\/schema\/person\/7749d380ba08c8ca00d7bc76fd907b7d"},"headline":"Protecci\u00f3n Civil de Corregidora emite recomendaciones para visitas a panteones durante el d\u00eda de Muertos\u00a0","datePublished":"2024-10-31T18:00:50+00:00","dateModified":"2024-10-31T21:18:03+00:00","mainEntityOfPage":{"@id":"https:\/\/www.nexoinformativo.mx\/index.php\/2024\/10\/31\/proteccion-civil-de-corregidora-emite-recomendaciones-para-visitas-a-panteones-durante-el-dia-de-muertos\/"},"wordCount":256,"commentCount":0,"publisher":{"@id":"https:\/\/www.nexoinformativo.mx\/#organization"},"image":{"@id":"https:\/\/www.nexoinformativo.mx\/index.php\/2024\/10\/31\/proteccion-civil-de-corregidora-emite-recomendaciones-para-visitas-a-panteones-durante-el-dia-de-muertos\/#primaryimage"},"thumbnailUrl":"https:\/\/www.nexoinformativo.mx\/wp-content\/uploads\/2024\/10\/PHOTO-2024-10-31-14-26-14-e1730409029353.jpg","keywords":["Corregidora","D\u00edaDeMuertos","proteccioncivil","Seguridad"],"articleSection":["Estado","\u00daltima Hora"],"inLanguage":"es","potentialAction":[{"@type":"CommentAction","name":"Comment","target":["https:\/\/www.nexoinformativo.mx\/index.php\/2024\/10\/31\/proteccion-civil-de-corregidora-emite-recomendaciones-para-visitas-a-panteones-durante-el-dia-de-muertos\/#respond"]}]},{"@type":"WebPage","@id":"https:\/\/www.nexoinformativo.mx\/index.php\/2024\/10\/31\/proteccion-civil-de-corregidora-emite-recomendaciones-para-visitas-a-panteones-durante-el-dia-de-muertos\/","url":"https:\/\/www.nexoinformativo.mx\/index.php\/2024\/10\/31\/proteccion-civil-de-corregidora-emite-recomendaciones-para-visitas-a-panteones-durante-el-dia-de-muertos\/","name":"Protecci\u00f3n Civil de Corregidora emite recomendaciones para visitas a panteones durante el d\u00eda de Muertos\u00a0 | Nexo Informativo Santiago de Quer\u00e9taro","isPartOf":{"@id":"https:\/\/www.nexoinformativo.mx\/#website"},"primaryImageOfPage":{"@id":"https:\/\/www.nexoinformativo.mx\/index.php\/2024\/10\/31\/proteccion-civil-de-corregidora-emite-recomendaciones-para-visitas-a-panteones-durante-el-dia-de-muertos\/#primaryimage"},"image":{"@id":"https:\/\/www.nexoinformativo.mx\/index.php\/2024\/10\/31\/proteccion-civil-de-corregidora-emite-recomendaciones-para-visitas-a-panteones-durante-el-dia-de-muertos\/#primaryimage"},"thumbnailUrl":"https:\/\/www.nexoinformativo.mx\/wp-content\/uploads\/2024\/10\/PHOTO-2024-10-31-14-26-14-e1730409029353.jpg","datePublished":"2024-10-31T18:00:50+00:00","dateModified":"2024-10-31T21:18:03+00:00","description":"Protecci\u00f3n Civil de Corregidora emite recomendaciones para visitas a panteones durante el d\u00eda de Muertos\u00a0","breadcrumb":{"@id":"https:\/\/www.nexoinformativo.mx\/index.php\/2024\/10\/31\/proteccion-civil-de-corregidora-emite-recomendaciones-para-visitas-a-panteones-durante-el-dia-de-muertos\/#breadcrumb"},"inLanguage":"es","potentialAction":[{"@type":"ReadAction","target":["https:\/\/www.nexoinformativo.mx\/index.php\/2024\/10\/31\/proteccion-civil-de-corregidora-emite-recomendaciones-para-visitas-a-panteones-durante-el-dia-de-muertos\/"]}]},{"@type":"ImageObject","inLanguage":"es","@id":"https:\/\/www.nexoinformativo.mx\/index.php\/2024\/10\/31\/proteccion-civil-de-corregidora-emite-recomendaciones-para-visitas-a-panteones-durante-el-dia-de-muertos\/#primaryimage","url":"https:\/\/www.nexoinformativo.mx\/wp-content\/uploads\/2024\/10\/PHOTO-2024-10-31-14-26-14-e1730409029353.jpg","contentUrl":"https:\/\/www.nexoinformativo.mx\/wp-content\/uploads\/2024\/10\/PHOTO-2024-10-31-14-26-14-e1730409029353.jpg","width":700,"height":525},{"@type":"BreadcrumbList","@id":"https:\/\/www.nexoinformativo.mx\/index.php\/2024\/10\/31\/proteccion-civil-de-corregidora-emite-recomendaciones-para-visitas-a-panteones-durante-el-dia-de-muertos\/#breadcrumb","itemListElement":[{"@type":"ListItem","position":1,"name":"Inicio","item":"https:\/\/www.nexoinformativo.mx\/"},{"@type":"ListItem","position":2,"name":"Protecci\u00f3n Civil de Corregidora emite recomendaciones para visitas a panteones durante el d\u00eda de Muertos\u00a0"}]},{"@type":"WebSite","@id":"https:\/\/www.nexoinformativo.mx\/#website","url":"https:\/\/www.nexoinformativo.mx\/","name":"Nexo Informativo Santiago de Quer\u00e9taro","description":"Explora NexoInformativo y convi\u00e9rtete en parte de una comunidad que valora el conocimiento y la verdad. Tu nexoinformativo es tu puente hacia una comprensi\u00f3n m\u00e1s profunda del mundo que te rodea.","publisher":{"@id":"https:\/\/www.nexoinformativo.mx\/#organization"},"potentialAction":[{"@type":"SearchAction","target":{"@type":"EntryPoint","urlTemplate":"https:\/\/www.nexoinformativo.mx\/?s={search_term_string}"},"query-input":{"@type":"PropertyValueSpecification","valueRequired":true,"valueName":"search_term_string"}}],"inLanguage":"es"},{"@type":"Organization","@id":"https:\/\/www.nexoinformativo.mx\/#organization","name":"Nexo Informativo Santiago de Quer\u00e9taro","url":"https:\/\/www.nexoinformativo.mx\/","logo":{"@type":"ImageObject","inLanguage":"es","@id":"https:\/\/www.nexoinformativo.mx\/#\/schema\/logo\/image\/","url":"https:\/\/www.nexoinformativo.mx\/wp-content\/uploads\/2024\/07\/nexoi-trasparente-2.png","contentUrl":"https:\/\/www.nexoinformativo.mx\/wp-content\/uploads\/2024\/07\/nexoi-trasparente-2.png","width":816,"height":339,"caption":"Nexo Informativo Santiago de Quer\u00e9taro"},"image":{"@id":"https:\/\/www.nexoinformativo.mx\/#\/schema\/logo\/image\/"},"sameAs":["https:\/\/www.facebook.com\/people\/Nexo-Informativo\/61564066885511\/"]},{"@type":"Person","@id":"https:\/\/www.nexoinformativo.mx\/#\/schema\/person\/7749d380ba08c8ca00d7bc76fd907b7d","name":"Nexo Informativo","image":{"@type":"ImageObject","inLanguage":"es","@id":"https:\/\/www.nexoinformativo.mx\/#\/schema\/person\/image\/","url":"https:\/\/secure.gravatar.com\/avatar\/dde2928154642a13d95f87ddf1ea9718fe2b46760a005c53e41ff5ad610704e6?s=96&d=mm&r=g","contentUrl":"https:\/\/secure.gravatar.com\/avatar\/dde2928154642a13d95f87ddf1ea9718fe2b46760a005c53e41ff5ad610704e6?s=96&d=mm&r=g","caption":"Nexo Informativo"},"url":"https:\/\/www.nexoinformativo.mx\/index.php\/author\/edicion\/"}]}},"_links":{"self":[{"href":"https:\/\/www.nexoinformativo.mx\/index.php\/wp-json\/wp\/v2\/posts\/5028","targetHints":{"allow":["GET"]}}],"collection":[{"href":"https:\/\/www.nexoinformativo.mx\/index.php\/wp-json\/wp\/v2\/posts"}],"about":[{"href":"https:\/\/www.nexoinformativo.mx\/index.php\/wp-json\/wp\/v2\/types\/post"}],"author":[{"embeddable":true,"href":"https:\/\/www.nexoinformativo.mx\/index.php\/wp-json\/wp\/v2\/users\/3"}],"replies":[{"embeddable":true,"href":"https:\/\/www.nexoinformativo.mx\/index.php\/wp-json\/wp\/v2\/comments?post=5028"}],"version-history":[{"count":4,"href":"https:\/\/www.nexoinformativo.mx\/index.php\/wp-json\/wp\/v2\/posts\/5028\/revisions"}],"predecessor-version":[{"id":5034,"href":"https:\/\/www.nexoinformativo.mx\/index.php\/wp-json\/wp\/v2\/posts\/5028\/revisions\/5034"}],"wp:featuredmedia":[{"embeddable":true,"href":"https:\/\/www.nexoinformativo.mx\/index.php\/wp-json\/wp\/v2\/media\/5030"}],"wp:attachment":[{"href":"https:\/\/www.nexoinformativo.mx\/index.php\/wp-json\/wp\/v2\/media?parent=5028"}],"wp:term":[{"taxonomy":"category","embeddable":true,"href":"https:\/\/www.nexoinformativo.mx\/index.php\/wp-json\/wp\/v2\/categories?post=5028"},{"taxonomy":"post_tag","embeddable":true,"href":"https:\/\/www.nexoinformativo.mx\/index.php\/wp-json\/wp\/v2\/tags?post=5028"}],"curies":[{"name":"wp","href":"https:\/\/api.w.org\/{rel}","templated":true}]}}