{"id":5041,"date":"2024-10-31T13:00:42","date_gmt":"2024-10-31T19:00:42","guid":{"rendered":"https:\/\/www.nexoinformativo.mx\/?p=5041"},"modified":"2024-10-31T16:54:14","modified_gmt":"2024-10-31T22:54:14","slug":"tecnm-y-futura-secretaria-de-ciencia-y-tecnologia-impulsan-expo-electromovilidad-en-mexico-en-el-marco-de-produccion-del-carro-electrico-mexicano","status":"publish","type":"post","link":"https:\/\/www.nexoinformativo.mx\/index.php\/2024\/10\/31\/tecnm-y-futura-secretaria-de-ciencia-y-tecnologia-impulsan-expo-electromovilidad-en-mexico-en-el-marco-de-produccion-del-carro-electrico-mexicano\/","title":{"rendered":"TecNM y futura Secretar\u00eda de Ciencia y Tecnolog\u00eda impulsan Expo electromovilidad en M\u00e9xico"},"content":{"rendered":"<p style=\"text-align: justify;\" data-sourcepos=\"5:1-5:545\">El Tecnol\u00f3gico Nacional de M\u00e9xico <strong>(TecNM)<\/strong> y el Consejo Nacional de Humanidades, Ciencias y Tecnolog\u00edas <strong>(Conahcyt)<\/strong>, en el marco de la transici\u00f3n hacia la Secretar\u00eda de Ciencia, Humanidades, Tecnolog\u00eda e Innovaci\u00f3n <strong>(Ciencia y Tecnolog\u00eda)<\/strong>, organizaron la <strong>Expo Electromovilidad TecNM<\/strong>.<\/p>\n<p>&nbsp;<\/p>\n<p style=\"text-align: justify;\" data-sourcepos=\"5:1-5:545\">Este evento, celebrado en el Instituto Tecnol\u00f3gico de Tlalnepantla, busca impulsar el desarrollo de tecnolog\u00edas nacionales para la movilidad el\u00e9ctrica, en l\u00ednea con los objetivos de la Nueva Escuela Mexicana y el Humanismo Mexicano.<\/p>\n<p>&nbsp;<\/p>\n<p style=\"text-align: justify;\" data-sourcepos=\"7:1-7:402\">El director general del TecNM, Ram\u00f3n Jim\u00e9nez, destac\u00f3 la importancia de este encuentro para fomentar la colaboraci\u00f3n entre estudiantes, investigadores y empresas, y as\u00ed acelerar la transici\u00f3n hacia un transporte m\u00e1s limpio y sostenible. Adem\u00e1s, subray\u00f3 el compromiso del TecNM con la independencia tecnol\u00f3gica y el desarrollo de soluciones innovadoras que contribuyan al bienestar de la sociedad.<\/p>\n<p>&nbsp;<\/p>\n<p style=\"text-align: justify;\" data-sourcepos=\"9:1-9:309\">Uno de los proyectos destacados en la expo fue <strong>&#8220;Taruk&#8221;<\/strong>, el primer autob\u00fas el\u00e9ctrico mexicano, que representa un avance significativo en la industria del transporte p\u00fablico sustentable y demuestra el potencial de M\u00e9xico para aprovechar el litio, un recurso estrat\u00e9gico para la producci\u00f3n de bater\u00edas.<\/p>\n<p>&nbsp;<\/p>\n<p style=\"text-align: justify;\" data-sourcepos=\"11:1-11:389\">La expo cont\u00f3 con la participaci\u00f3n de estudiantes y docentes de diversos institutos tecnol\u00f3gicos, quienes presentaron proyectos innovadores en \u00e1reas como veh\u00edculos el\u00e9ctricos, sistemas de almacenamiento de energ\u00eda y software vehicular.<\/p>\n<p>&nbsp;<\/p>\n<p style=\"text-align: justify;\" data-sourcepos=\"11:1-11:389\">Los proyectos ganadores ser\u00e1n evaluados por la Secretar\u00eda de Medio Ambiente y Recursos Naturales <strong>(Semarnat)<\/strong> para su posible implementaci\u00f3n a gran escala.<\/p>\n<p>&nbsp;<\/p>\n<p style=\"text-align: justify;\" data-sourcepos=\"13:1-13:211\">Con esta iniciativa, el TecNM y el gobierno de M\u00e9xico reafirman su compromiso con la transici\u00f3n hacia una econom\u00eda m\u00e1s sostenible y con la generaci\u00f3n de empleos de calidad en el sector de la movilidad el\u00e9ctrica.<\/p>\n<p>&nbsp;<\/p>\n<p style=\"text-align: center;\" data-sourcepos=\"13:1-13:211\"><em><strong>\u00a1Informaci\u00f3n que transforma!<\/strong><\/em><\/p>\n","protected":false},"excerpt":{"rendered":"<p>El Tecnol\u00f3gico Nacional de M\u00e9xico (TecNM) y el Consejo Nacional de Humanidades, Ciencias y Tecnolog\u00edas (Conahcyt), en el marco de la transici\u00f3n hacia la Secretar\u00eda de Ciencia, Humanidades, Tecnolog\u00eda e Innovaci\u00f3n (Ciencia y Tecnolog\u00eda), organizaron la Expo Electromovilidad TecNM.<\/p>\n","protected":false},"author":3,"featured_media":5042,"comment_status":"open","ping_status":"open","sticky":false,"template":"","format":"standard","meta":{"footnotes":""},"categories":[13,58],"tags":[1795,1793,1610,1794],"class_list":["post-5041","post","type-post","status-publish","format-standard","has-post-thumbnail","hentry","category-tecnologia","category-ultima-hora","tag-cienciaytecnologia","tag-electromovilidad","tag-mexico","tag-tecnm"],"yoast_head":"<!-- This site is optimized with the Yoast SEO plugin v25.0 - https:\/\/yoast.com\/wordpress\/plugins\/seo\/ -->\n<title>TecNM y futura Secretar\u00eda de Ciencia y Tecnolog\u00eda impulsan Expo electromovilidad en M\u00e9xico | Nexo Informativo Santiago de Quer\u00e9taro<\/title>\n<meta name=\"description\" content=\"TecNM y futura Secretar\u00eda de Ciencia y Tecnolog\u00eda impulsan Expo electromovilidad en M\u00e9xico, en el marco de producci\u00f3n del carro el\u00e9ctrico mexicano\" \/>\n<meta name=\"robots\" content=\"index, follow, max-snippet:-1, max-image-preview:large, max-video-preview:-1\" \/>\n<link rel=\"canonical\" href=\"https:\/\/www.nexoinformativo.mx\/index.php\/2024\/10\/31\/tecnm-y-futura-secretaria-de-ciencia-y-tecnologia-impulsan-expo-electromovilidad-en-mexico-en-el-marco-de-produccion-del-carro-electrico-mexicano\/\" \/>\n<meta property=\"og:locale\" content=\"es_MX\" \/>\n<meta property=\"og:type\" content=\"article\" \/>\n<meta property=\"og:title\" content=\"TecNM y futura Secretar\u00eda de Ciencia y Tecnolog\u00eda impulsan Expo electromovilidad en M\u00e9xico | Nexo Informativo Santiago de Quer\u00e9taro\" \/>\n<meta property=\"og:description\" content=\"TecNM y futura Secretar\u00eda de Ciencia y Tecnolog\u00eda impulsan Expo electromovilidad en M\u00e9xico, en el marco de producci\u00f3n del carro el\u00e9ctrico mexicano\" \/>\n<meta property=\"og:url\" content=\"https:\/\/www.nexoinformativo.mx\/index.php\/2024\/10\/31\/tecnm-y-futura-secretaria-de-ciencia-y-tecnologia-impulsan-expo-electromovilidad-en-mexico-en-el-marco-de-produccion-del-carro-electrico-mexicano\/\" \/>\n<meta property=\"og:site_name\" content=\"Nexo Informativo Santiago de Quer\u00e9taro\" \/>\n<meta property=\"article:publisher\" content=\"https:\/\/www.facebook.com\/people\/Nexo-Informativo\/61564066885511\/\" \/>\n<meta property=\"article:published_time\" content=\"2024-10-31T19:00:42+00:00\" \/>\n<meta property=\"article:modified_time\" content=\"2024-10-31T22:54:14+00:00\" \/>\n<meta property=\"og:image\" content=\"https:\/\/www.nexoinformativo.mx\/wp-content\/uploads\/2024\/10\/IMG_7362.jpg\" \/>\n\t<meta property=\"og:image:width\" content=\"650\" \/>\n\t<meta property=\"og:image:height\" content=\"380\" \/>\n\t<meta property=\"og:image:type\" content=\"image\/jpeg\" \/>\n<meta name=\"author\" content=\"Nexo Informativo\" \/>\n<meta name=\"twitter:card\" content=\"summary_large_image\" \/>\n<meta name=\"twitter:label1\" content=\"Escrito por\" \/>\n\t<meta name=\"twitter:data1\" content=\"Nexo Informativo\" \/>\n\t<meta name=\"twitter:label2\" content=\"Tiempo de lectura\" \/>\n\t<meta name=\"twitter:data2\" content=\"2 minutos\" \/>\n<script type=\"application\/ld+json\" class=\"yoast-schema-graph\">{\"@context\":\"https:\/\/schema.org\",\"@graph\":[{\"@type\":\"Article\",\"@id\":\"https:\/\/www.nexoinformativo.mx\/index.php\/2024\/10\/31\/tecnm-y-futura-secretaria-de-ciencia-y-tecnologia-impulsan-expo-electromovilidad-en-mexico-en-el-marco-de-produccion-del-carro-electrico-mexicano\/#article\",\"isPartOf\":{\"@id\":\"https:\/\/www.nexoinformativo.mx\/index.php\/2024\/10\/31\/tecnm-y-futura-secretaria-de-ciencia-y-tecnologia-impulsan-expo-electromovilidad-en-mexico-en-el-marco-de-produccion-del-carro-electrico-mexicano\/\"},\"author\":{\"name\":\"Nexo Informativo\",\"@id\":\"https:\/\/www.nexoinformativo.mx\/#\/schema\/person\/7749d380ba08c8ca00d7bc76fd907b7d\"},\"headline\":\"TecNM y futura Secretar\u00eda de Ciencia y Tecnolog\u00eda impulsan Expo electromovilidad en M\u00e9xico\",\"datePublished\":\"2024-10-31T19:00:42+00:00\",\"dateModified\":\"2024-10-31T22:54:14+00:00\",\"mainEntityOfPage\":{\"@id\":\"https:\/\/www.nexoinformativo.mx\/index.php\/2024\/10\/31\/tecnm-y-futura-secretaria-de-ciencia-y-tecnologia-impulsan-expo-electromovilidad-en-mexico-en-el-marco-de-produccion-del-carro-electrico-mexicano\/\"},\"wordCount\":331,\"commentCount\":0,\"publisher\":{\"@id\":\"https:\/\/www.nexoinformativo.mx\/#organization\"},\"image\":{\"@id\":\"https:\/\/www.nexoinformativo.mx\/index.php\/2024\/10\/31\/tecnm-y-futura-secretaria-de-ciencia-y-tecnologia-impulsan-expo-electromovilidad-en-mexico-en-el-marco-de-produccion-del-carro-electrico-mexicano\/#primaryimage\"},\"thumbnailUrl\":\"https:\/\/www.nexoinformativo.mx\/wp-content\/uploads\/2024\/10\/IMG_7362.jpg\",\"keywords\":[\"CienciaYTecnolog\u00eda\",\"Electromovilidad\",\"M\u00e9xico\",\"TecNM\"],\"articleSection\":[\"Tecnolog\u00eda\",\"\u00daltima Hora\"],\"inLanguage\":\"es\",\"potentialAction\":[{\"@type\":\"CommentAction\",\"name\":\"Comment\",\"target\":[\"https:\/\/www.nexoinformativo.mx\/index.php\/2024\/10\/31\/tecnm-y-futura-secretaria-de-ciencia-y-tecnologia-impulsan-expo-electromovilidad-en-mexico-en-el-marco-de-produccion-del-carro-electrico-mexicano\/#respond\"]}]},{\"@type\":\"WebPage\",\"@id\":\"https:\/\/www.nexoinformativo.mx\/index.php\/2024\/10\/31\/tecnm-y-futura-secretaria-de-ciencia-y-tecnologia-impulsan-expo-electromovilidad-en-mexico-en-el-marco-de-produccion-del-carro-electrico-mexicano\/\",\"url\":\"https:\/\/www.nexoinformativo.mx\/index.php\/2024\/10\/31\/tecnm-y-futura-secretaria-de-ciencia-y-tecnologia-impulsan-expo-electromovilidad-en-mexico-en-el-marco-de-produccion-del-carro-electrico-mexicano\/\",\"name\":\"TecNM y futura Secretar\u00eda de Ciencia y Tecnolog\u00eda impulsan Expo electromovilidad en M\u00e9xico | Nexo Informativo Santiago de Quer\u00e9taro\",\"isPartOf\":{\"@id\":\"https:\/\/www.nexoinformativo.mx\/#website\"},\"primaryImageOfPage\":{\"@id\":\"https:\/\/www.nexoinformativo.mx\/index.php\/2024\/10\/31\/tecnm-y-futura-secretaria-de-ciencia-y-tecnologia-impulsan-expo-electromovilidad-en-mexico-en-el-marco-de-produccion-del-carro-electrico-mexicano\/#primaryimage\"},\"image\":{\"@id\":\"https:\/\/www.nexoinformativo.mx\/index.php\/2024\/10\/31\/tecnm-y-futura-secretaria-de-ciencia-y-tecnologia-impulsan-expo-electromovilidad-en-mexico-en-el-marco-de-produccion-del-carro-electrico-mexicano\/#primaryimage\"},\"thumbnailUrl\":\"https:\/\/www.nexoinformativo.mx\/wp-content\/uploads\/2024\/10\/IMG_7362.jpg\",\"datePublished\":\"2024-10-31T19:00:42+00:00\",\"dateModified\":\"2024-10-31T22:54:14+00:00\",\"description\":\"TecNM y futura Secretar\u00eda de Ciencia y Tecnolog\u00eda impulsan Expo electromovilidad en M\u00e9xico, en el marco de producci\u00f3n del carro el\u00e9ctrico mexicano\",\"breadcrumb\":{\"@id\":\"https:\/\/www.nexoinformativo.mx\/index.php\/2024\/10\/31\/tecnm-y-futura-secretaria-de-ciencia-y-tecnologia-impulsan-expo-electromovilidad-en-mexico-en-el-marco-de-produccion-del-carro-electrico-mexicano\/#breadcrumb\"},\"inLanguage\":\"es\",\"potentialAction\":[{\"@type\":\"ReadAction\",\"target\":[\"https:\/\/www.nexoinformativo.mx\/index.php\/2024\/10\/31\/tecnm-y-futura-secretaria-de-ciencia-y-tecnologia-impulsan-expo-electromovilidad-en-mexico-en-el-marco-de-produccion-del-carro-electrico-mexicano\/\"]}]},{\"@type\":\"ImageObject\",\"inLanguage\":\"es\",\"@id\":\"https:\/\/www.nexoinformativo.mx\/index.php\/2024\/10\/31\/tecnm-y-futura-secretaria-de-ciencia-y-tecnologia-impulsan-expo-electromovilidad-en-mexico-en-el-marco-de-produccion-del-carro-electrico-mexicano\/#primaryimage\",\"url\":\"https:\/\/www.nexoinformativo.mx\/wp-content\/uploads\/2024\/10\/IMG_7362.jpg\",\"contentUrl\":\"https:\/\/www.nexoinformativo.mx\/wp-content\/uploads\/2024\/10\/IMG_7362.jpg\",\"width\":650,\"height\":380},{\"@type\":\"BreadcrumbList\",\"@id\":\"https:\/\/www.nexoinformativo.mx\/index.php\/2024\/10\/31\/tecnm-y-futura-secretaria-de-ciencia-y-tecnologia-impulsan-expo-electromovilidad-en-mexico-en-el-marco-de-produccion-del-carro-electrico-mexicano\/#breadcrumb\",\"itemListElement\":[{\"@type\":\"ListItem\",\"position\":1,\"name\":\"Inicio\",\"item\":\"https:\/\/www.nexoinformativo.mx\/\"},{\"@type\":\"ListItem\",\"position\":2,\"name\":\"TecNM y futura Secretar\u00eda de Ciencia y Tecnolog\u00eda impulsan Expo electromovilidad en M\u00e9xico\"}]},{\"@type\":\"WebSite\",\"@id\":\"https:\/\/www.nexoinformativo.mx\/#website\",\"url\":\"https:\/\/www.nexoinformativo.mx\/\",\"name\":\"Nexo Informativo Santiago de Quer\u00e9taro\",\"description\":\"Explora NexoInformativo y convi\u00e9rtete en parte de una comunidad que valora el conocimiento y la verdad. Tu nexoinformativo es tu puente hacia una comprensi\u00f3n m\u00e1s profunda del mundo que te rodea.\",\"publisher\":{\"@id\":\"https:\/\/www.nexoinformativo.mx\/#organization\"},\"potentialAction\":[{\"@type\":\"SearchAction\",\"target\":{\"@type\":\"EntryPoint\",\"urlTemplate\":\"https:\/\/www.nexoinformativo.mx\/?s={search_term_string}\"},\"query-input\":{\"@type\":\"PropertyValueSpecification\",\"valueRequired\":true,\"valueName\":\"search_term_string\"}}],\"inLanguage\":\"es\"},{\"@type\":\"Organization\",\"@id\":\"https:\/\/www.nexoinformativo.mx\/#organization\",\"name\":\"Nexo Informativo Santiago de Quer\u00e9taro\",\"url\":\"https:\/\/www.nexoinformativo.mx\/\",\"logo\":{\"@type\":\"ImageObject\",\"inLanguage\":\"es\",\"@id\":\"https:\/\/www.nexoinformativo.mx\/#\/schema\/logo\/image\/\",\"url\":\"https:\/\/www.nexoinformativo.mx\/wp-content\/uploads\/2024\/07\/nexoi-trasparente-2.png\",\"contentUrl\":\"https:\/\/www.nexoinformativo.mx\/wp-content\/uploads\/2024\/07\/nexoi-trasparente-2.png\",\"width\":816,\"height\":339,\"caption\":\"Nexo Informativo Santiago de Quer\u00e9taro\"},\"image\":{\"@id\":\"https:\/\/www.nexoinformativo.mx\/#\/schema\/logo\/image\/\"},\"sameAs\":[\"https:\/\/www.facebook.com\/people\/Nexo-Informativo\/61564066885511\/\"]},{\"@type\":\"Person\",\"@id\":\"https:\/\/www.nexoinformativo.mx\/#\/schema\/person\/7749d380ba08c8ca00d7bc76fd907b7d\",\"name\":\"Nexo Informativo\",\"image\":{\"@type\":\"ImageObject\",\"inLanguage\":\"es\",\"@id\":\"https:\/\/www.nexoinformativo.mx\/#\/schema\/person\/image\/\",\"url\":\"https:\/\/secure.gravatar.com\/avatar\/dde2928154642a13d95f87ddf1ea9718fe2b46760a005c53e41ff5ad610704e6?s=96&d=mm&r=g\",\"contentUrl\":\"https:\/\/secure.gravatar.com\/avatar\/dde2928154642a13d95f87ddf1ea9718fe2b46760a005c53e41ff5ad610704e6?s=96&d=mm&r=g\",\"caption\":\"Nexo Informativo\"},\"url\":\"https:\/\/www.nexoinformativo.mx\/index.php\/author\/edicion\/\"}]}<\/script>\n<!-- \/ Yoast SEO plugin. -->","yoast_head_json":{"title":"TecNM y futura Secretar\u00eda de Ciencia y Tecnolog\u00eda impulsan Expo electromovilidad en M\u00e9xico | Nexo Informativo Santiago de Quer\u00e9taro","description":"TecNM y futura Secretar\u00eda de Ciencia y Tecnolog\u00eda impulsan Expo electromovilidad en M\u00e9xico, en el marco de producci\u00f3n del carro el\u00e9ctrico mexicano","robots":{"index":"index","follow":"follow","max-snippet":"max-snippet:-1","max-image-preview":"max-image-preview:large","max-video-preview":"max-video-preview:-1"},"canonical":"https:\/\/www.nexoinformativo.mx\/index.php\/2024\/10\/31\/tecnm-y-futura-secretaria-de-ciencia-y-tecnologia-impulsan-expo-electromovilidad-en-mexico-en-el-marco-de-produccion-del-carro-electrico-mexicano\/","og_locale":"es_MX","og_type":"article","og_title":"TecNM y futura Secretar\u00eda de Ciencia y Tecnolog\u00eda impulsan Expo electromovilidad en M\u00e9xico | Nexo Informativo Santiago de Quer\u00e9taro","og_description":"TecNM y futura Secretar\u00eda de Ciencia y Tecnolog\u00eda impulsan Expo electromovilidad en M\u00e9xico, en el marco de producci\u00f3n del carro el\u00e9ctrico mexicano","og_url":"https:\/\/www.nexoinformativo.mx\/index.php\/2024\/10\/31\/tecnm-y-futura-secretaria-de-ciencia-y-tecnologia-impulsan-expo-electromovilidad-en-mexico-en-el-marco-de-produccion-del-carro-electrico-mexicano\/","og_site_name":"Nexo Informativo Santiago de Quer\u00e9taro","article_publisher":"https:\/\/www.facebook.com\/people\/Nexo-Informativo\/61564066885511\/","article_published_time":"2024-10-31T19:00:42+00:00","article_modified_time":"2024-10-31T22:54:14+00:00","og_image":[{"width":650,"height":380,"url":"https:\/\/www.nexoinformativo.mx\/wp-content\/uploads\/2024\/10\/IMG_7362.jpg","type":"image\/jpeg"}],"author":"Nexo Informativo","twitter_card":"summary_large_image","twitter_misc":{"Escrito por":"Nexo Informativo","Tiempo de lectura":"2 minutos"},"schema":{"@context":"https:\/\/schema.org","@graph":[{"@type":"Article","@id":"https:\/\/www.nexoinformativo.mx\/index.php\/2024\/10\/31\/tecnm-y-futura-secretaria-de-ciencia-y-tecnologia-impulsan-expo-electromovilidad-en-mexico-en-el-marco-de-produccion-del-carro-electrico-mexicano\/#article","isPartOf":{"@id":"https:\/\/www.nexoinformativo.mx\/index.php\/2024\/10\/31\/tecnm-y-futura-secretaria-de-ciencia-y-tecnologia-impulsan-expo-electromovilidad-en-mexico-en-el-marco-de-produccion-del-carro-electrico-mexicano\/"},"author":{"name":"Nexo Informativo","@id":"https:\/\/www.nexoinformativo.mx\/#\/schema\/person\/7749d380ba08c8ca00d7bc76fd907b7d"},"headline":"TecNM y futura Secretar\u00eda de Ciencia y Tecnolog\u00eda impulsan Expo electromovilidad en M\u00e9xico","datePublished":"2024-10-31T19:00:42+00:00","dateModified":"2024-10-31T22:54:14+00:00","mainEntityOfPage":{"@id":"https:\/\/www.nexoinformativo.mx\/index.php\/2024\/10\/31\/tecnm-y-futura-secretaria-de-ciencia-y-tecnologia-impulsan-expo-electromovilidad-en-mexico-en-el-marco-de-produccion-del-carro-electrico-mexicano\/"},"wordCount":331,"commentCount":0,"publisher":{"@id":"https:\/\/www.nexoinformativo.mx\/#organization"},"image":{"@id":"https:\/\/www.nexoinformativo.mx\/index.php\/2024\/10\/31\/tecnm-y-futura-secretaria-de-ciencia-y-tecnologia-impulsan-expo-electromovilidad-en-mexico-en-el-marco-de-produccion-del-carro-electrico-mexicano\/#primaryimage"},"thumbnailUrl":"https:\/\/www.nexoinformativo.mx\/wp-content\/uploads\/2024\/10\/IMG_7362.jpg","keywords":["CienciaYTecnolog\u00eda","Electromovilidad","M\u00e9xico","TecNM"],"articleSection":["Tecnolog\u00eda","\u00daltima Hora"],"inLanguage":"es","potentialAction":[{"@type":"CommentAction","name":"Comment","target":["https:\/\/www.nexoinformativo.mx\/index.php\/2024\/10\/31\/tecnm-y-futura-secretaria-de-ciencia-y-tecnologia-impulsan-expo-electromovilidad-en-mexico-en-el-marco-de-produccion-del-carro-electrico-mexicano\/#respond"]}]},{"@type":"WebPage","@id":"https:\/\/www.nexoinformativo.mx\/index.php\/2024\/10\/31\/tecnm-y-futura-secretaria-de-ciencia-y-tecnologia-impulsan-expo-electromovilidad-en-mexico-en-el-marco-de-produccion-del-carro-electrico-mexicano\/","url":"https:\/\/www.nexoinformativo.mx\/index.php\/2024\/10\/31\/tecnm-y-futura-secretaria-de-ciencia-y-tecnologia-impulsan-expo-electromovilidad-en-mexico-en-el-marco-de-produccion-del-carro-electrico-mexicano\/","name":"TecNM y futura Secretar\u00eda de Ciencia y Tecnolog\u00eda impulsan Expo electromovilidad en M\u00e9xico | Nexo Informativo Santiago de Quer\u00e9taro","isPartOf":{"@id":"https:\/\/www.nexoinformativo.mx\/#website"},"primaryImageOfPage":{"@id":"https:\/\/www.nexoinformativo.mx\/index.php\/2024\/10\/31\/tecnm-y-futura-secretaria-de-ciencia-y-tecnologia-impulsan-expo-electromovilidad-en-mexico-en-el-marco-de-produccion-del-carro-electrico-mexicano\/#primaryimage"},"image":{"@id":"https:\/\/www.nexoinformativo.mx\/index.php\/2024\/10\/31\/tecnm-y-futura-secretaria-de-ciencia-y-tecnologia-impulsan-expo-electromovilidad-en-mexico-en-el-marco-de-produccion-del-carro-electrico-mexicano\/#primaryimage"},"thumbnailUrl":"https:\/\/www.nexoinformativo.mx\/wp-content\/uploads\/2024\/10\/IMG_7362.jpg","datePublished":"2024-10-31T19:00:42+00:00","dateModified":"2024-10-31T22:54:14+00:00","description":"TecNM y futura Secretar\u00eda de Ciencia y Tecnolog\u00eda impulsan Expo electromovilidad en M\u00e9xico, en el marco de producci\u00f3n del carro el\u00e9ctrico mexicano","breadcrumb":{"@id":"https:\/\/www.nexoinformativo.mx\/index.php\/2024\/10\/31\/tecnm-y-futura-secretaria-de-ciencia-y-tecnologia-impulsan-expo-electromovilidad-en-mexico-en-el-marco-de-produccion-del-carro-electrico-mexicano\/#breadcrumb"},"inLanguage":"es","potentialAction":[{"@type":"ReadAction","target":["https:\/\/www.nexoinformativo.mx\/index.php\/2024\/10\/31\/tecnm-y-futura-secretaria-de-ciencia-y-tecnologia-impulsan-expo-electromovilidad-en-mexico-en-el-marco-de-produccion-del-carro-electrico-mexicano\/"]}]},{"@type":"ImageObject","inLanguage":"es","@id":"https:\/\/www.nexoinformativo.mx\/index.php\/2024\/10\/31\/tecnm-y-futura-secretaria-de-ciencia-y-tecnologia-impulsan-expo-electromovilidad-en-mexico-en-el-marco-de-produccion-del-carro-electrico-mexicano\/#primaryimage","url":"https:\/\/www.nexoinformativo.mx\/wp-content\/uploads\/2024\/10\/IMG_7362.jpg","contentUrl":"https:\/\/www.nexoinformativo.mx\/wp-content\/uploads\/2024\/10\/IMG_7362.jpg","width":650,"height":380},{"@type":"BreadcrumbList","@id":"https:\/\/www.nexoinformativo.mx\/index.php\/2024\/10\/31\/tecnm-y-futura-secretaria-de-ciencia-y-tecnologia-impulsan-expo-electromovilidad-en-mexico-en-el-marco-de-produccion-del-carro-electrico-mexicano\/#breadcrumb","itemListElement":[{"@type":"ListItem","position":1,"name":"Inicio","item":"https:\/\/www.nexoinformativo.mx\/"},{"@type":"ListItem","position":2,"name":"TecNM y futura Secretar\u00eda de Ciencia y Tecnolog\u00eda impulsan Expo electromovilidad en M\u00e9xico"}]},{"@type":"WebSite","@id":"https:\/\/www.nexoinformativo.mx\/#website","url":"https:\/\/www.nexoinformativo.mx\/","name":"Nexo Informativo Santiago de Quer\u00e9taro","description":"Explora NexoInformativo y convi\u00e9rtete en parte de una comunidad que valora el conocimiento y la verdad. Tu nexoinformativo es tu puente hacia una comprensi\u00f3n m\u00e1s profunda del mundo que te rodea.","publisher":{"@id":"https:\/\/www.nexoinformativo.mx\/#organization"},"potentialAction":[{"@type":"SearchAction","target":{"@type":"EntryPoint","urlTemplate":"https:\/\/www.nexoinformativo.mx\/?s={search_term_string}"},"query-input":{"@type":"PropertyValueSpecification","valueRequired":true,"valueName":"search_term_string"}}],"inLanguage":"es"},{"@type":"Organization","@id":"https:\/\/www.nexoinformativo.mx\/#organization","name":"Nexo Informativo Santiago de Quer\u00e9taro","url":"https:\/\/www.nexoinformativo.mx\/","logo":{"@type":"ImageObject","inLanguage":"es","@id":"https:\/\/www.nexoinformativo.mx\/#\/schema\/logo\/image\/","url":"https:\/\/www.nexoinformativo.mx\/wp-content\/uploads\/2024\/07\/nexoi-trasparente-2.png","contentUrl":"https:\/\/www.nexoinformativo.mx\/wp-content\/uploads\/2024\/07\/nexoi-trasparente-2.png","width":816,"height":339,"caption":"Nexo Informativo Santiago de Quer\u00e9taro"},"image":{"@id":"https:\/\/www.nexoinformativo.mx\/#\/schema\/logo\/image\/"},"sameAs":["https:\/\/www.facebook.com\/people\/Nexo-Informativo\/61564066885511\/"]},{"@type":"Person","@id":"https:\/\/www.nexoinformativo.mx\/#\/schema\/person\/7749d380ba08c8ca00d7bc76fd907b7d","name":"Nexo Informativo","image":{"@type":"ImageObject","inLanguage":"es","@id":"https:\/\/www.nexoinformativo.mx\/#\/schema\/person\/image\/","url":"https:\/\/secure.gravatar.com\/avatar\/dde2928154642a13d95f87ddf1ea9718fe2b46760a005c53e41ff5ad610704e6?s=96&d=mm&r=g","contentUrl":"https:\/\/secure.gravatar.com\/avatar\/dde2928154642a13d95f87ddf1ea9718fe2b46760a005c53e41ff5ad610704e6?s=96&d=mm&r=g","caption":"Nexo Informativo"},"url":"https:\/\/www.nexoinformativo.mx\/index.php\/author\/edicion\/"}]}},"_links":{"self":[{"href":"https:\/\/www.nexoinformativo.mx\/index.php\/wp-json\/wp\/v2\/posts\/5041","targetHints":{"allow":["GET"]}}],"collection":[{"href":"https:\/\/www.nexoinformativo.mx\/index.php\/wp-json\/wp\/v2\/posts"}],"about":[{"href":"https:\/\/www.nexoinformativo.mx\/index.php\/wp-json\/wp\/v2\/types\/post"}],"author":[{"embeddable":true,"href":"https:\/\/www.nexoinformativo.mx\/index.php\/wp-json\/wp\/v2\/users\/3"}],"replies":[{"embeddable":true,"href":"https:\/\/www.nexoinformativo.mx\/index.php\/wp-json\/wp\/v2\/comments?post=5041"}],"version-history":[{"count":5,"href":"https:\/\/www.nexoinformativo.mx\/index.php\/wp-json\/wp\/v2\/posts\/5041\/revisions"}],"predecessor-version":[{"id":5064,"href":"https:\/\/www.nexoinformativo.mx\/index.php\/wp-json\/wp\/v2\/posts\/5041\/revisions\/5064"}],"wp:featuredmedia":[{"embeddable":true,"href":"https:\/\/www.nexoinformativo.mx\/index.php\/wp-json\/wp\/v2\/media\/5042"}],"wp:attachment":[{"href":"https:\/\/www.nexoinformativo.mx\/index.php\/wp-json\/wp\/v2\/media?parent=5041"}],"wp:term":[{"taxonomy":"category","embeddable":true,"href":"https:\/\/www.nexoinformativo.mx\/index.php\/wp-json\/wp\/v2\/categories?post=5041"},{"taxonomy":"post_tag","embeddable":true,"href":"https:\/\/www.nexoinformativo.mx\/index.php\/wp-json\/wp\/v2\/tags?post=5041"}],"curies":[{"name":"wp","href":"https:\/\/api.w.org\/{rel}","templated":true}]}}