{"id":5065,"date":"2024-10-31T15:00:08","date_gmt":"2024-10-31T21:00:08","guid":{"rendered":"https:\/\/www.nexoinformativo.mx\/?p=5065"},"modified":"2024-10-31T17:06:55","modified_gmt":"2024-10-31T23:06:55","slug":"queretaro-avanza-hacia-la-despenalizacion-del-aborto-un-paso-historico-para-los-derechos-de-las-mujeres","status":"publish","type":"post","link":"https:\/\/www.nexoinformativo.mx\/index.php\/2024\/10\/31\/queretaro-avanza-hacia-la-despenalizacion-del-aborto-un-paso-historico-para-los-derechos-de-las-mujeres\/","title":{"rendered":"Quer\u00e9taro avanza hacia la despenalizaci\u00f3n del aborto: Un paso hist\u00f3rico para los derechos de las mujeres"},"content":{"rendered":"<p style=\"text-align: justify;\" data-sourcepos=\"5:1-5:380\">En un hecho hist\u00f3rico para el estado, el diputado Arturo Maximiliano Garc\u00eda present\u00f3 una iniciativa de ley que busca despenalizar el aborto en las primeras 12 semanas de gestaci\u00f3n. Esta propuesta busca garantizar el acceso seguro y legal a la interrupci\u00f3n voluntaria del embarazo, poniendo a Quer\u00e9taro a la vanguardia en materia de derechos reproductivos.<\/p>\n<p>&nbsp;<\/p>\n<p style=\"text-align: justify;\" data-sourcepos=\"7:1-7:276\">La iniciativa, que reforma el C\u00f3digo Penal y la Ley de Salud del estado, establece que las mujeres tendr\u00e1n derecho a decidir sobre su cuerpo y su salud reproductiva, y que las instituciones p\u00fablicas de salud deber\u00e1n brindar este servicio de manera gratuita y sin condiciones.<\/p>\n<p>&nbsp;<\/p>\n<p style=\"text-align: justify;\" data-sourcepos=\"9:1-9:33\">\u00bfQu\u00e9 implica esta iniciativa?\u00a0Las mujeres que decidan interrumpir su embarazo podr\u00e1n acceder a este servicio de manera segura y gratuita en las instituciones p\u00fablicas de salud.\u00a0Protecci\u00f3n a la salud,\u00a0buscando reducir las muertes causadas por abortos clandestinos y garantizar la salud de las mujeres.<\/p>\n<p>&nbsp;<\/p>\n<p style=\"text-align: justify;\" data-sourcepos=\"9:1-9:33\">Se reconoce el derecho de cada mujer a decidir sobre su cuerpo y su vida.\u00a0La iniciativa se fundamenta en tratados internacionales y recomendaciones de organismos como la ONU y la Corte Interamericana de Derechos Humanos.<\/p>\n<p>&nbsp;<\/p>\n<p style=\"text-align: justify;\" data-sourcepos=\"18:1-18:66\">Se podr\u00e1 acceder al aborto legal y seguro en los siguientes casos:\u00a0Embarazo producto de una violaci\u00f3n, riesgo para la salud de la mujer y detecci\u00f3n de malformaciones fetales graves.<\/p>\n<p>&nbsp;<\/p>\n<p style=\"text-align: justify;\">Se propone implementar campa\u00f1as de educaci\u00f3n sexual para prevenir embarazos no deseados en adolescentes. Reconociendo\u00a0el derecho de los m\u00e9dicos a la objeci\u00f3n de conciencia, pero se establece la obligaci\u00f3n de referir a la paciente con otro profesional.<\/p>\n<p>&nbsp;<\/p>\n<p style=\"text-align: justify;\" data-sourcepos=\"29:1-29:144\">Con esta iniciativa, Quer\u00e9taro se suma a otros estados de M\u00e9xico que han avanzado en la protecci\u00f3n de los derechos reproductivos de las mujeres.<\/p>\n<p>&nbsp;<\/p>\n<p style=\"text-align: center;\" data-sourcepos=\"29:1-29:144\"><em><strong>\u00a1Informaci\u00f3n que transforma!<\/strong><\/em><\/p>\n","protected":false},"excerpt":{"rendered":"<p>En un hecho hist\u00f3rico para el estado, el diputado Arturo Maximiliano Garc\u00eda present\u00f3 una iniciativa de ley que busca despenalizar el aborto en las primeras 12 semanas de gestaci\u00f3n.<\/p>\n","protected":false},"author":3,"featured_media":5066,"comment_status":"open","ping_status":"open","sticky":false,"template":"","format":"standard","meta":{"footnotes":""},"categories":[42,58],"tags":[1261,609,1430,133],"class_list":["post-5065","post","type-post","status-publish","format-standard","has-post-thumbnail","hentry","category-estado","category-ultima-hora","tag-abortolegal","tag-derechosreproductivos","tag-mujeres","tag-queretaro"],"yoast_head":"<!-- This site is optimized with the Yoast SEO plugin v25.0 - https:\/\/yoast.com\/wordpress\/plugins\/seo\/ -->\n<title>Quer\u00e9taro avanza hacia la despenalizaci\u00f3n del aborto: Un paso hist\u00f3rico para los derechos de las mujeres | Nexo Informativo Santiago de Quer\u00e9taro<\/title>\n<meta name=\"description\" content=\"Quer\u00e9taro avanza hacia la despenalizaci\u00f3n del aborto: Un paso hist\u00f3rico para los derechos de las mujeres\" \/>\n<meta name=\"robots\" content=\"index, follow, max-snippet:-1, max-image-preview:large, max-video-preview:-1\" \/>\n<link rel=\"canonical\" href=\"https:\/\/www.nexoinformativo.mx\/index.php\/2024\/10\/31\/queretaro-avanza-hacia-la-despenalizacion-del-aborto-un-paso-historico-para-los-derechos-de-las-mujeres\/\" \/>\n<meta property=\"og:locale\" content=\"es_MX\" \/>\n<meta property=\"og:type\" content=\"article\" \/>\n<meta property=\"og:title\" content=\"Quer\u00e9taro avanza hacia la despenalizaci\u00f3n del aborto: Un paso hist\u00f3rico para los derechos de las mujeres | Nexo Informativo Santiago de Quer\u00e9taro\" \/>\n<meta property=\"og:description\" content=\"Quer\u00e9taro avanza hacia la despenalizaci\u00f3n del aborto: Un paso hist\u00f3rico para los derechos de las mujeres\" \/>\n<meta property=\"og:url\" content=\"https:\/\/www.nexoinformativo.mx\/index.php\/2024\/10\/31\/queretaro-avanza-hacia-la-despenalizacion-del-aborto-un-paso-historico-para-los-derechos-de-las-mujeres\/\" \/>\n<meta property=\"og:site_name\" content=\"Nexo Informativo Santiago de Quer\u00e9taro\" \/>\n<meta property=\"article:publisher\" content=\"https:\/\/www.facebook.com\/people\/Nexo-Informativo\/61564066885511\/\" \/>\n<meta property=\"article:published_time\" content=\"2024-10-31T21:00:08+00:00\" \/>\n<meta property=\"article:modified_time\" content=\"2024-10-31T23:06:55+00:00\" \/>\n<meta property=\"og:image\" content=\"https:\/\/www.nexoinformativo.mx\/wp-content\/uploads\/2024\/10\/IMG_7370-e1730415774571.jpg\" \/>\n\t<meta property=\"og:image:width\" content=\"700\" \/>\n\t<meta property=\"og:image:height\" content=\"392\" \/>\n\t<meta property=\"og:image:type\" content=\"image\/jpeg\" \/>\n<meta name=\"author\" content=\"Nexo Informativo\" \/>\n<meta name=\"twitter:card\" content=\"summary_large_image\" \/>\n<meta name=\"twitter:label1\" content=\"Escrito por\" \/>\n\t<meta name=\"twitter:data1\" content=\"Nexo Informativo\" \/>\n\t<meta name=\"twitter:label2\" content=\"Tiempo de lectura\" \/>\n\t<meta name=\"twitter:data2\" content=\"2 minutos\" \/>\n<script type=\"application\/ld+json\" class=\"yoast-schema-graph\">{\"@context\":\"https:\/\/schema.org\",\"@graph\":[{\"@type\":\"Article\",\"@id\":\"https:\/\/www.nexoinformativo.mx\/index.php\/2024\/10\/31\/queretaro-avanza-hacia-la-despenalizacion-del-aborto-un-paso-historico-para-los-derechos-de-las-mujeres\/#article\",\"isPartOf\":{\"@id\":\"https:\/\/www.nexoinformativo.mx\/index.php\/2024\/10\/31\/queretaro-avanza-hacia-la-despenalizacion-del-aborto-un-paso-historico-para-los-derechos-de-las-mujeres\/\"},\"author\":{\"name\":\"Nexo Informativo\",\"@id\":\"https:\/\/www.nexoinformativo.mx\/#\/schema\/person\/7749d380ba08c8ca00d7bc76fd907b7d\"},\"headline\":\"Quer\u00e9taro avanza hacia la despenalizaci\u00f3n del aborto: Un paso hist\u00f3rico para los derechos de las mujeres\",\"datePublished\":\"2024-10-31T21:00:08+00:00\",\"dateModified\":\"2024-10-31T23:06:55+00:00\",\"mainEntityOfPage\":{\"@id\":\"https:\/\/www.nexoinformativo.mx\/index.php\/2024\/10\/31\/queretaro-avanza-hacia-la-despenalizacion-del-aborto-un-paso-historico-para-los-derechos-de-las-mujeres\/\"},\"wordCount\":326,\"commentCount\":0,\"publisher\":{\"@id\":\"https:\/\/www.nexoinformativo.mx\/#organization\"},\"image\":{\"@id\":\"https:\/\/www.nexoinformativo.mx\/index.php\/2024\/10\/31\/queretaro-avanza-hacia-la-despenalizacion-del-aborto-un-paso-historico-para-los-derechos-de-las-mujeres\/#primaryimage\"},\"thumbnailUrl\":\"https:\/\/www.nexoinformativo.mx\/wp-content\/uploads\/2024\/10\/IMG_7370-e1730415774571.jpg\",\"keywords\":[\"AbortoLegal\",\"DerechosReproductivos\",\"Mujeres\",\"Quer\u00e9taro\"],\"articleSection\":[\"Estado\",\"\u00daltima Hora\"],\"inLanguage\":\"es\",\"potentialAction\":[{\"@type\":\"CommentAction\",\"name\":\"Comment\",\"target\":[\"https:\/\/www.nexoinformativo.mx\/index.php\/2024\/10\/31\/queretaro-avanza-hacia-la-despenalizacion-del-aborto-un-paso-historico-para-los-derechos-de-las-mujeres\/#respond\"]}]},{\"@type\":\"WebPage\",\"@id\":\"https:\/\/www.nexoinformativo.mx\/index.php\/2024\/10\/31\/queretaro-avanza-hacia-la-despenalizacion-del-aborto-un-paso-historico-para-los-derechos-de-las-mujeres\/\",\"url\":\"https:\/\/www.nexoinformativo.mx\/index.php\/2024\/10\/31\/queretaro-avanza-hacia-la-despenalizacion-del-aborto-un-paso-historico-para-los-derechos-de-las-mujeres\/\",\"name\":\"Quer\u00e9taro avanza hacia la despenalizaci\u00f3n del aborto: Un paso hist\u00f3rico para los derechos de las mujeres | Nexo Informativo Santiago de Quer\u00e9taro\",\"isPartOf\":{\"@id\":\"https:\/\/www.nexoinformativo.mx\/#website\"},\"primaryImageOfPage\":{\"@id\":\"https:\/\/www.nexoinformativo.mx\/index.php\/2024\/10\/31\/queretaro-avanza-hacia-la-despenalizacion-del-aborto-un-paso-historico-para-los-derechos-de-las-mujeres\/#primaryimage\"},\"image\":{\"@id\":\"https:\/\/www.nexoinformativo.mx\/index.php\/2024\/10\/31\/queretaro-avanza-hacia-la-despenalizacion-del-aborto-un-paso-historico-para-los-derechos-de-las-mujeres\/#primaryimage\"},\"thumbnailUrl\":\"https:\/\/www.nexoinformativo.mx\/wp-content\/uploads\/2024\/10\/IMG_7370-e1730415774571.jpg\",\"datePublished\":\"2024-10-31T21:00:08+00:00\",\"dateModified\":\"2024-10-31T23:06:55+00:00\",\"description\":\"Quer\u00e9taro avanza hacia la despenalizaci\u00f3n del aborto: Un paso hist\u00f3rico para los derechos de las mujeres\",\"breadcrumb\":{\"@id\":\"https:\/\/www.nexoinformativo.mx\/index.php\/2024\/10\/31\/queretaro-avanza-hacia-la-despenalizacion-del-aborto-un-paso-historico-para-los-derechos-de-las-mujeres\/#breadcrumb\"},\"inLanguage\":\"es\",\"potentialAction\":[{\"@type\":\"ReadAction\",\"target\":[\"https:\/\/www.nexoinformativo.mx\/index.php\/2024\/10\/31\/queretaro-avanza-hacia-la-despenalizacion-del-aborto-un-paso-historico-para-los-derechos-de-las-mujeres\/\"]}]},{\"@type\":\"ImageObject\",\"inLanguage\":\"es\",\"@id\":\"https:\/\/www.nexoinformativo.mx\/index.php\/2024\/10\/31\/queretaro-avanza-hacia-la-despenalizacion-del-aborto-un-paso-historico-para-los-derechos-de-las-mujeres\/#primaryimage\",\"url\":\"https:\/\/www.nexoinformativo.mx\/wp-content\/uploads\/2024\/10\/IMG_7370-e1730415774571.jpg\",\"contentUrl\":\"https:\/\/www.nexoinformativo.mx\/wp-content\/uploads\/2024\/10\/IMG_7370-e1730415774571.jpg\",\"width\":700,\"height\":392,\"caption\":\"Screenshot\"},{\"@type\":\"BreadcrumbList\",\"@id\":\"https:\/\/www.nexoinformativo.mx\/index.php\/2024\/10\/31\/queretaro-avanza-hacia-la-despenalizacion-del-aborto-un-paso-historico-para-los-derechos-de-las-mujeres\/#breadcrumb\",\"itemListElement\":[{\"@type\":\"ListItem\",\"position\":1,\"name\":\"Inicio\",\"item\":\"https:\/\/www.nexoinformativo.mx\/\"},{\"@type\":\"ListItem\",\"position\":2,\"name\":\"Quer\u00e9taro avanza hacia la despenalizaci\u00f3n del aborto: Un paso hist\u00f3rico para los derechos de las mujeres\"}]},{\"@type\":\"WebSite\",\"@id\":\"https:\/\/www.nexoinformativo.mx\/#website\",\"url\":\"https:\/\/www.nexoinformativo.mx\/\",\"name\":\"Nexo Informativo Santiago de Quer\u00e9taro\",\"description\":\"Explora NexoInformativo y convi\u00e9rtete en parte de una comunidad que valora el conocimiento y la verdad. Tu nexoinformativo es tu puente hacia una comprensi\u00f3n m\u00e1s profunda del mundo que te rodea.\",\"publisher\":{\"@id\":\"https:\/\/www.nexoinformativo.mx\/#organization\"},\"potentialAction\":[{\"@type\":\"SearchAction\",\"target\":{\"@type\":\"EntryPoint\",\"urlTemplate\":\"https:\/\/www.nexoinformativo.mx\/?s={search_term_string}\"},\"query-input\":{\"@type\":\"PropertyValueSpecification\",\"valueRequired\":true,\"valueName\":\"search_term_string\"}}],\"inLanguage\":\"es\"},{\"@type\":\"Organization\",\"@id\":\"https:\/\/www.nexoinformativo.mx\/#organization\",\"name\":\"Nexo Informativo Santiago de Quer\u00e9taro\",\"url\":\"https:\/\/www.nexoinformativo.mx\/\",\"logo\":{\"@type\":\"ImageObject\",\"inLanguage\":\"es\",\"@id\":\"https:\/\/www.nexoinformativo.mx\/#\/schema\/logo\/image\/\",\"url\":\"https:\/\/www.nexoinformativo.mx\/wp-content\/uploads\/2024\/07\/nexoi-trasparente-2.png\",\"contentUrl\":\"https:\/\/www.nexoinformativo.mx\/wp-content\/uploads\/2024\/07\/nexoi-trasparente-2.png\",\"width\":816,\"height\":339,\"caption\":\"Nexo Informativo Santiago de Quer\u00e9taro\"},\"image\":{\"@id\":\"https:\/\/www.nexoinformativo.mx\/#\/schema\/logo\/image\/\"},\"sameAs\":[\"https:\/\/www.facebook.com\/people\/Nexo-Informativo\/61564066885511\/\"]},{\"@type\":\"Person\",\"@id\":\"https:\/\/www.nexoinformativo.mx\/#\/schema\/person\/7749d380ba08c8ca00d7bc76fd907b7d\",\"name\":\"Nexo Informativo\",\"image\":{\"@type\":\"ImageObject\",\"inLanguage\":\"es\",\"@id\":\"https:\/\/www.nexoinformativo.mx\/#\/schema\/person\/image\/\",\"url\":\"https:\/\/secure.gravatar.com\/avatar\/dde2928154642a13d95f87ddf1ea9718fe2b46760a005c53e41ff5ad610704e6?s=96&d=mm&r=g\",\"contentUrl\":\"https:\/\/secure.gravatar.com\/avatar\/dde2928154642a13d95f87ddf1ea9718fe2b46760a005c53e41ff5ad610704e6?s=96&d=mm&r=g\",\"caption\":\"Nexo Informativo\"},\"url\":\"https:\/\/www.nexoinformativo.mx\/index.php\/author\/edicion\/\"}]}<\/script>\n<!-- \/ Yoast SEO plugin. -->","yoast_head_json":{"title":"Quer\u00e9taro avanza hacia la despenalizaci\u00f3n del aborto: Un paso hist\u00f3rico para los derechos de las mujeres | Nexo Informativo Santiago de Quer\u00e9taro","description":"Quer\u00e9taro avanza hacia la despenalizaci\u00f3n del aborto: Un paso hist\u00f3rico para los derechos de las mujeres","robots":{"index":"index","follow":"follow","max-snippet":"max-snippet:-1","max-image-preview":"max-image-preview:large","max-video-preview":"max-video-preview:-1"},"canonical":"https:\/\/www.nexoinformativo.mx\/index.php\/2024\/10\/31\/queretaro-avanza-hacia-la-despenalizacion-del-aborto-un-paso-historico-para-los-derechos-de-las-mujeres\/","og_locale":"es_MX","og_type":"article","og_title":"Quer\u00e9taro avanza hacia la despenalizaci\u00f3n del aborto: Un paso hist\u00f3rico para los derechos de las mujeres | Nexo Informativo Santiago de Quer\u00e9taro","og_description":"Quer\u00e9taro avanza hacia la despenalizaci\u00f3n del aborto: Un paso hist\u00f3rico para los derechos de las mujeres","og_url":"https:\/\/www.nexoinformativo.mx\/index.php\/2024\/10\/31\/queretaro-avanza-hacia-la-despenalizacion-del-aborto-un-paso-historico-para-los-derechos-de-las-mujeres\/","og_site_name":"Nexo Informativo Santiago de Quer\u00e9taro","article_publisher":"https:\/\/www.facebook.com\/people\/Nexo-Informativo\/61564066885511\/","article_published_time":"2024-10-31T21:00:08+00:00","article_modified_time":"2024-10-31T23:06:55+00:00","og_image":[{"width":700,"height":392,"url":"https:\/\/www.nexoinformativo.mx\/wp-content\/uploads\/2024\/10\/IMG_7370-e1730415774571.jpg","type":"image\/jpeg"}],"author":"Nexo Informativo","twitter_card":"summary_large_image","twitter_misc":{"Escrito por":"Nexo Informativo","Tiempo de lectura":"2 minutos"},"schema":{"@context":"https:\/\/schema.org","@graph":[{"@type":"Article","@id":"https:\/\/www.nexoinformativo.mx\/index.php\/2024\/10\/31\/queretaro-avanza-hacia-la-despenalizacion-del-aborto-un-paso-historico-para-los-derechos-de-las-mujeres\/#article","isPartOf":{"@id":"https:\/\/www.nexoinformativo.mx\/index.php\/2024\/10\/31\/queretaro-avanza-hacia-la-despenalizacion-del-aborto-un-paso-historico-para-los-derechos-de-las-mujeres\/"},"author":{"name":"Nexo Informativo","@id":"https:\/\/www.nexoinformativo.mx\/#\/schema\/person\/7749d380ba08c8ca00d7bc76fd907b7d"},"headline":"Quer\u00e9taro avanza hacia la despenalizaci\u00f3n del aborto: Un paso hist\u00f3rico para los derechos de las mujeres","datePublished":"2024-10-31T21:00:08+00:00","dateModified":"2024-10-31T23:06:55+00:00","mainEntityOfPage":{"@id":"https:\/\/www.nexoinformativo.mx\/index.php\/2024\/10\/31\/queretaro-avanza-hacia-la-despenalizacion-del-aborto-un-paso-historico-para-los-derechos-de-las-mujeres\/"},"wordCount":326,"commentCount":0,"publisher":{"@id":"https:\/\/www.nexoinformativo.mx\/#organization"},"image":{"@id":"https:\/\/www.nexoinformativo.mx\/index.php\/2024\/10\/31\/queretaro-avanza-hacia-la-despenalizacion-del-aborto-un-paso-historico-para-los-derechos-de-las-mujeres\/#primaryimage"},"thumbnailUrl":"https:\/\/www.nexoinformativo.mx\/wp-content\/uploads\/2024\/10\/IMG_7370-e1730415774571.jpg","keywords":["AbortoLegal","DerechosReproductivos","Mujeres","Quer\u00e9taro"],"articleSection":["Estado","\u00daltima Hora"],"inLanguage":"es","potentialAction":[{"@type":"CommentAction","name":"Comment","target":["https:\/\/www.nexoinformativo.mx\/index.php\/2024\/10\/31\/queretaro-avanza-hacia-la-despenalizacion-del-aborto-un-paso-historico-para-los-derechos-de-las-mujeres\/#respond"]}]},{"@type":"WebPage","@id":"https:\/\/www.nexoinformativo.mx\/index.php\/2024\/10\/31\/queretaro-avanza-hacia-la-despenalizacion-del-aborto-un-paso-historico-para-los-derechos-de-las-mujeres\/","url":"https:\/\/www.nexoinformativo.mx\/index.php\/2024\/10\/31\/queretaro-avanza-hacia-la-despenalizacion-del-aborto-un-paso-historico-para-los-derechos-de-las-mujeres\/","name":"Quer\u00e9taro avanza hacia la despenalizaci\u00f3n del aborto: Un paso hist\u00f3rico para los derechos de las mujeres | Nexo Informativo Santiago de Quer\u00e9taro","isPartOf":{"@id":"https:\/\/www.nexoinformativo.mx\/#website"},"primaryImageOfPage":{"@id":"https:\/\/www.nexoinformativo.mx\/index.php\/2024\/10\/31\/queretaro-avanza-hacia-la-despenalizacion-del-aborto-un-paso-historico-para-los-derechos-de-las-mujeres\/#primaryimage"},"image":{"@id":"https:\/\/www.nexoinformativo.mx\/index.php\/2024\/10\/31\/queretaro-avanza-hacia-la-despenalizacion-del-aborto-un-paso-historico-para-los-derechos-de-las-mujeres\/#primaryimage"},"thumbnailUrl":"https:\/\/www.nexoinformativo.mx\/wp-content\/uploads\/2024\/10\/IMG_7370-e1730415774571.jpg","datePublished":"2024-10-31T21:00:08+00:00","dateModified":"2024-10-31T23:06:55+00:00","description":"Quer\u00e9taro avanza hacia la despenalizaci\u00f3n del aborto: Un paso hist\u00f3rico para los derechos de las mujeres","breadcrumb":{"@id":"https:\/\/www.nexoinformativo.mx\/index.php\/2024\/10\/31\/queretaro-avanza-hacia-la-despenalizacion-del-aborto-un-paso-historico-para-los-derechos-de-las-mujeres\/#breadcrumb"},"inLanguage":"es","potentialAction":[{"@type":"ReadAction","target":["https:\/\/www.nexoinformativo.mx\/index.php\/2024\/10\/31\/queretaro-avanza-hacia-la-despenalizacion-del-aborto-un-paso-historico-para-los-derechos-de-las-mujeres\/"]}]},{"@type":"ImageObject","inLanguage":"es","@id":"https:\/\/www.nexoinformativo.mx\/index.php\/2024\/10\/31\/queretaro-avanza-hacia-la-despenalizacion-del-aborto-un-paso-historico-para-los-derechos-de-las-mujeres\/#primaryimage","url":"https:\/\/www.nexoinformativo.mx\/wp-content\/uploads\/2024\/10\/IMG_7370-e1730415774571.jpg","contentUrl":"https:\/\/www.nexoinformativo.mx\/wp-content\/uploads\/2024\/10\/IMG_7370-e1730415774571.jpg","width":700,"height":392,"caption":"Screenshot"},{"@type":"BreadcrumbList","@id":"https:\/\/www.nexoinformativo.mx\/index.php\/2024\/10\/31\/queretaro-avanza-hacia-la-despenalizacion-del-aborto-un-paso-historico-para-los-derechos-de-las-mujeres\/#breadcrumb","itemListElement":[{"@type":"ListItem","position":1,"name":"Inicio","item":"https:\/\/www.nexoinformativo.mx\/"},{"@type":"ListItem","position":2,"name":"Quer\u00e9taro avanza hacia la despenalizaci\u00f3n del aborto: Un paso hist\u00f3rico para los derechos de las mujeres"}]},{"@type":"WebSite","@id":"https:\/\/www.nexoinformativo.mx\/#website","url":"https:\/\/www.nexoinformativo.mx\/","name":"Nexo Informativo Santiago de Quer\u00e9taro","description":"Explora NexoInformativo y convi\u00e9rtete en parte de una comunidad que valora el conocimiento y la verdad. Tu nexoinformativo es tu puente hacia una comprensi\u00f3n m\u00e1s profunda del mundo que te rodea.","publisher":{"@id":"https:\/\/www.nexoinformativo.mx\/#organization"},"potentialAction":[{"@type":"SearchAction","target":{"@type":"EntryPoint","urlTemplate":"https:\/\/www.nexoinformativo.mx\/?s={search_term_string}"},"query-input":{"@type":"PropertyValueSpecification","valueRequired":true,"valueName":"search_term_string"}}],"inLanguage":"es"},{"@type":"Organization","@id":"https:\/\/www.nexoinformativo.mx\/#organization","name":"Nexo Informativo Santiago de Quer\u00e9taro","url":"https:\/\/www.nexoinformativo.mx\/","logo":{"@type":"ImageObject","inLanguage":"es","@id":"https:\/\/www.nexoinformativo.mx\/#\/schema\/logo\/image\/","url":"https:\/\/www.nexoinformativo.mx\/wp-content\/uploads\/2024\/07\/nexoi-trasparente-2.png","contentUrl":"https:\/\/www.nexoinformativo.mx\/wp-content\/uploads\/2024\/07\/nexoi-trasparente-2.png","width":816,"height":339,"caption":"Nexo Informativo Santiago de Quer\u00e9taro"},"image":{"@id":"https:\/\/www.nexoinformativo.mx\/#\/schema\/logo\/image\/"},"sameAs":["https:\/\/www.facebook.com\/people\/Nexo-Informativo\/61564066885511\/"]},{"@type":"Person","@id":"https:\/\/www.nexoinformativo.mx\/#\/schema\/person\/7749d380ba08c8ca00d7bc76fd907b7d","name":"Nexo Informativo","image":{"@type":"ImageObject","inLanguage":"es","@id":"https:\/\/www.nexoinformativo.mx\/#\/schema\/person\/image\/","url":"https:\/\/secure.gravatar.com\/avatar\/dde2928154642a13d95f87ddf1ea9718fe2b46760a005c53e41ff5ad610704e6?s=96&d=mm&r=g","contentUrl":"https:\/\/secure.gravatar.com\/avatar\/dde2928154642a13d95f87ddf1ea9718fe2b46760a005c53e41ff5ad610704e6?s=96&d=mm&r=g","caption":"Nexo Informativo"},"url":"https:\/\/www.nexoinformativo.mx\/index.php\/author\/edicion\/"}]}},"_links":{"self":[{"href":"https:\/\/www.nexoinformativo.mx\/index.php\/wp-json\/wp\/v2\/posts\/5065","targetHints":{"allow":["GET"]}}],"collection":[{"href":"https:\/\/www.nexoinformativo.mx\/index.php\/wp-json\/wp\/v2\/posts"}],"about":[{"href":"https:\/\/www.nexoinformativo.mx\/index.php\/wp-json\/wp\/v2\/types\/post"}],"author":[{"embeddable":true,"href":"https:\/\/www.nexoinformativo.mx\/index.php\/wp-json\/wp\/v2\/users\/3"}],"replies":[{"embeddable":true,"href":"https:\/\/www.nexoinformativo.mx\/index.php\/wp-json\/wp\/v2\/comments?post=5065"}],"version-history":[{"count":6,"href":"https:\/\/www.nexoinformativo.mx\/index.php\/wp-json\/wp\/v2\/posts\/5065\/revisions"}],"predecessor-version":[{"id":5068,"href":"https:\/\/www.nexoinformativo.mx\/index.php\/wp-json\/wp\/v2\/posts\/5065\/revisions\/5068"}],"wp:featuredmedia":[{"embeddable":true,"href":"https:\/\/www.nexoinformativo.mx\/index.php\/wp-json\/wp\/v2\/media\/5066"}],"wp:attachment":[{"href":"https:\/\/www.nexoinformativo.mx\/index.php\/wp-json\/wp\/v2\/media?parent=5065"}],"wp:term":[{"taxonomy":"category","embeddable":true,"href":"https:\/\/www.nexoinformativo.mx\/index.php\/wp-json\/wp\/v2\/categories?post=5065"},{"taxonomy":"post_tag","embeddable":true,"href":"https:\/\/www.nexoinformativo.mx\/index.php\/wp-json\/wp\/v2\/tags?post=5065"}],"curies":[{"name":"wp","href":"https:\/\/api.w.org\/{rel}","templated":true}]}}