{"id":5073,"date":"2024-10-31T15:30:09","date_gmt":"2024-10-31T21:30:09","guid":{"rendered":"https:\/\/www.nexoinformativo.mx\/?p=5073"},"modified":"2024-10-31T17:12:08","modified_gmt":"2024-10-31T23:12:08","slug":"queretaro-rinde-homenaje-a-la-chef-margarita-carrillo-embajadora-de-la-gastronomia-mexicana","status":"publish","type":"post","link":"https:\/\/www.nexoinformativo.mx\/index.php\/2024\/10\/31\/queretaro-rinde-homenaje-a-la-chef-margarita-carrillo-embajadora-de-la-gastronomia-mexicana\/","title":{"rendered":"Quer\u00e9taro rinde homenaje a la chef Margarita Carrillo, embajadora de la gastronom\u00eda mexicana"},"content":{"rendered":"<p style=\"text-align: justify;\" data-sourcepos=\"5:1-5:428\">En un emotivo evento, la chef Margarita Carrillo fue reconocida por su destacada trayectoria y su invaluable contribuci\u00f3n a la promoci\u00f3n de la gastronom\u00eda mexicana a nivel internacional.<\/p>\n<p>&nbsp;<\/p>\n<p style=\"text-align: justify;\" data-sourcepos=\"5:1-5:428\">La ceremonia, encabezada por Paola Ortega, l\u00edder de proyectos de marketing de la Secretar\u00eda de Turismo del estado de Quer\u00e9taro, cont\u00f3 con la participaci\u00f3n de reconocidos chefs y miembros de la comunidad gastron\u00f3mica.<\/p>\n<p>&nbsp;<\/p>\n<p style=\"text-align: justify;\" data-sourcepos=\"7:1-7:319\">Durante la cena homenaje, se disfrutaron platillos representativos de la cocina queretana, como el vino y queso locales, la tartaleta de xoconoxtle y el filete de res a los diez chiles. Estos manjares exaltaron la riqueza y diversidad de la gastronom\u00eda mexicana, de la cual la chef Carrillo es una ferviente embajadora.<\/p>\n<p>&nbsp;<\/p>\n<p style=\"text-align: justify;\" data-sourcepos=\"9:1-9:349\"><strong>&#8220;Me siento muy agradecida y muy comprometida a seguir trabajando a favor de compartir la gastronom\u00eda mexicana&#8221;<\/strong>, expres\u00f3 la chef Carrillo al recibir un reconocimiento especial por su labor. Su dedicaci\u00f3n y pasi\u00f3n han sido fundamentales para posicionar a la cocina mexicana como Patrimonio Cultural Inmaterial de la Humanidad ante la UNESCO.<\/p>\n<p>&nbsp;<\/p>\n<p style=\"text-align: justify;\" data-sourcepos=\"11:1-11:290\">Asimismo, el evento sirvi\u00f3 como marco para el cambio de mesa directiva de Vatel Club Quer\u00e9taro. El chef Alfredo del R\u00edo Gallardo asumi\u00f3 la presidencia, refrendando su compromiso de continuar trabajando en equipo para promover la gastronom\u00eda y fortalecer la comunidad culinaria de la regi\u00f3n.<\/p>\n<p>&nbsp;<\/p>\n<p style=\"text-align: center;\" data-sourcepos=\"11:1-11:290\"><em><strong>\u00a1Informaci\u00f3n que transforma!<\/strong><\/em><\/p>\n","protected":false},"excerpt":{"rendered":"<p>En un emotivo evento, la chef Margarita Carrillo fue reconocida por su destacada trayectoria y su invaluable contribuci\u00f3n a la promoci\u00f3n de la gastronom\u00eda mexicana a nivel internacional.<\/p>\n","protected":false},"author":3,"featured_media":5074,"comment_status":"open","ping_status":"open","sticky":false,"template":"","format":"standard","meta":{"footnotes":""},"categories":[50],"tags":[1799,424,133,1800],"class_list":["post-5073","post","type-post","status-publish","format-standard","has-post-thumbnail","hentry","category-espectaculos","tag-chefmargaritacarrillo","tag-gastronomiamexicana","tag-queretaro","tag-vatelclubqueretaro"],"yoast_head":"<!-- This site is optimized with the Yoast SEO plugin v25.0 - https:\/\/yoast.com\/wordpress\/plugins\/seo\/ -->\n<title>Quer\u00e9taro rinde homenaje a la chef Margarita Carrillo, embajadora de la gastronom\u00eda mexicana | Nexo Informativo Santiago de Quer\u00e9taro<\/title>\n<meta name=\"description\" content=\"Quer\u00e9taro rinde homenaje a la chef Margarita Carrillo, embajadora de la gastronom\u00eda mexicana\" \/>\n<meta name=\"robots\" content=\"index, follow, max-snippet:-1, max-image-preview:large, max-video-preview:-1\" \/>\n<link rel=\"canonical\" href=\"https:\/\/www.nexoinformativo.mx\/index.php\/2024\/10\/31\/queretaro-rinde-homenaje-a-la-chef-margarita-carrillo-embajadora-de-la-gastronomia-mexicana\/\" \/>\n<meta property=\"og:locale\" content=\"es_MX\" \/>\n<meta property=\"og:type\" content=\"article\" \/>\n<meta property=\"og:title\" content=\"Quer\u00e9taro rinde homenaje a la chef Margarita Carrillo, embajadora de la gastronom\u00eda mexicana | Nexo Informativo Santiago de Quer\u00e9taro\" \/>\n<meta property=\"og:description\" content=\"Quer\u00e9taro rinde homenaje a la chef Margarita Carrillo, embajadora de la gastronom\u00eda mexicana\" \/>\n<meta property=\"og:url\" content=\"https:\/\/www.nexoinformativo.mx\/index.php\/2024\/10\/31\/queretaro-rinde-homenaje-a-la-chef-margarita-carrillo-embajadora-de-la-gastronomia-mexicana\/\" \/>\n<meta property=\"og:site_name\" content=\"Nexo Informativo Santiago de Quer\u00e9taro\" \/>\n<meta property=\"article:publisher\" content=\"https:\/\/www.facebook.com\/people\/Nexo-Informativo\/61564066885511\/\" \/>\n<meta property=\"article:published_time\" content=\"2024-10-31T21:30:09+00:00\" \/>\n<meta property=\"article:modified_time\" content=\"2024-10-31T23:12:08+00:00\" \/>\n<meta property=\"og:image\" content=\"https:\/\/www.nexoinformativo.mx\/wp-content\/uploads\/2024\/10\/PHOTO-2024-10-31-16-25-31-e1730416253255.jpg\" \/>\n\t<meta property=\"og:image:width\" content=\"700\" \/>\n\t<meta property=\"og:image:height\" content=\"875\" \/>\n\t<meta property=\"og:image:type\" content=\"image\/jpeg\" \/>\n<meta name=\"author\" content=\"Nexo Informativo\" \/>\n<meta name=\"twitter:card\" content=\"summary_large_image\" \/>\n<meta name=\"twitter:label1\" content=\"Escrito por\" \/>\n\t<meta name=\"twitter:data1\" content=\"Nexo Informativo\" \/>\n\t<meta name=\"twitter:label2\" content=\"Tiempo de lectura\" \/>\n\t<meta name=\"twitter:data2\" content=\"2 minutos\" \/>\n<script type=\"application\/ld+json\" class=\"yoast-schema-graph\">{\"@context\":\"https:\/\/schema.org\",\"@graph\":[{\"@type\":\"Article\",\"@id\":\"https:\/\/www.nexoinformativo.mx\/index.php\/2024\/10\/31\/queretaro-rinde-homenaje-a-la-chef-margarita-carrillo-embajadora-de-la-gastronomia-mexicana\/#article\",\"isPartOf\":{\"@id\":\"https:\/\/www.nexoinformativo.mx\/index.php\/2024\/10\/31\/queretaro-rinde-homenaje-a-la-chef-margarita-carrillo-embajadora-de-la-gastronomia-mexicana\/\"},\"author\":{\"name\":\"Nexo Informativo\",\"@id\":\"https:\/\/www.nexoinformativo.mx\/#\/schema\/person\/7749d380ba08c8ca00d7bc76fd907b7d\"},\"headline\":\"Quer\u00e9taro rinde homenaje a la chef Margarita Carrillo, embajadora de la gastronom\u00eda mexicana\",\"datePublished\":\"2024-10-31T21:30:09+00:00\",\"dateModified\":\"2024-10-31T23:12:08+00:00\",\"mainEntityOfPage\":{\"@id\":\"https:\/\/www.nexoinformativo.mx\/index.php\/2024\/10\/31\/queretaro-rinde-homenaje-a-la-chef-margarita-carrillo-embajadora-de-la-gastronomia-mexicana\/\"},\"wordCount\":250,\"commentCount\":0,\"publisher\":{\"@id\":\"https:\/\/www.nexoinformativo.mx\/#organization\"},\"image\":{\"@id\":\"https:\/\/www.nexoinformativo.mx\/index.php\/2024\/10\/31\/queretaro-rinde-homenaje-a-la-chef-margarita-carrillo-embajadora-de-la-gastronomia-mexicana\/#primaryimage\"},\"thumbnailUrl\":\"https:\/\/www.nexoinformativo.mx\/wp-content\/uploads\/2024\/10\/PHOTO-2024-10-31-16-25-31-e1730416253255.jpg\",\"keywords\":[\"ChefMargaritaCarrillo\",\"Gastronom\u00edaMexicana\",\"Quer\u00e9taro\",\"VatelClubQuer\u00e9taro\"],\"articleSection\":[\"Espect\u00e1culos\"],\"inLanguage\":\"es\",\"potentialAction\":[{\"@type\":\"CommentAction\",\"name\":\"Comment\",\"target\":[\"https:\/\/www.nexoinformativo.mx\/index.php\/2024\/10\/31\/queretaro-rinde-homenaje-a-la-chef-margarita-carrillo-embajadora-de-la-gastronomia-mexicana\/#respond\"]}]},{\"@type\":\"WebPage\",\"@id\":\"https:\/\/www.nexoinformativo.mx\/index.php\/2024\/10\/31\/queretaro-rinde-homenaje-a-la-chef-margarita-carrillo-embajadora-de-la-gastronomia-mexicana\/\",\"url\":\"https:\/\/www.nexoinformativo.mx\/index.php\/2024\/10\/31\/queretaro-rinde-homenaje-a-la-chef-margarita-carrillo-embajadora-de-la-gastronomia-mexicana\/\",\"name\":\"Quer\u00e9taro rinde homenaje a la chef Margarita Carrillo, embajadora de la gastronom\u00eda mexicana | Nexo Informativo Santiago de Quer\u00e9taro\",\"isPartOf\":{\"@id\":\"https:\/\/www.nexoinformativo.mx\/#website\"},\"primaryImageOfPage\":{\"@id\":\"https:\/\/www.nexoinformativo.mx\/index.php\/2024\/10\/31\/queretaro-rinde-homenaje-a-la-chef-margarita-carrillo-embajadora-de-la-gastronomia-mexicana\/#primaryimage\"},\"image\":{\"@id\":\"https:\/\/www.nexoinformativo.mx\/index.php\/2024\/10\/31\/queretaro-rinde-homenaje-a-la-chef-margarita-carrillo-embajadora-de-la-gastronomia-mexicana\/#primaryimage\"},\"thumbnailUrl\":\"https:\/\/www.nexoinformativo.mx\/wp-content\/uploads\/2024\/10\/PHOTO-2024-10-31-16-25-31-e1730416253255.jpg\",\"datePublished\":\"2024-10-31T21:30:09+00:00\",\"dateModified\":\"2024-10-31T23:12:08+00:00\",\"description\":\"Quer\u00e9taro rinde homenaje a la chef Margarita Carrillo, embajadora de la gastronom\u00eda mexicana\",\"breadcrumb\":{\"@id\":\"https:\/\/www.nexoinformativo.mx\/index.php\/2024\/10\/31\/queretaro-rinde-homenaje-a-la-chef-margarita-carrillo-embajadora-de-la-gastronomia-mexicana\/#breadcrumb\"},\"inLanguage\":\"es\",\"potentialAction\":[{\"@type\":\"ReadAction\",\"target\":[\"https:\/\/www.nexoinformativo.mx\/index.php\/2024\/10\/31\/queretaro-rinde-homenaje-a-la-chef-margarita-carrillo-embajadora-de-la-gastronomia-mexicana\/\"]}]},{\"@type\":\"ImageObject\",\"inLanguage\":\"es\",\"@id\":\"https:\/\/www.nexoinformativo.mx\/index.php\/2024\/10\/31\/queretaro-rinde-homenaje-a-la-chef-margarita-carrillo-embajadora-de-la-gastronomia-mexicana\/#primaryimage\",\"url\":\"https:\/\/www.nexoinformativo.mx\/wp-content\/uploads\/2024\/10\/PHOTO-2024-10-31-16-25-31-e1730416253255.jpg\",\"contentUrl\":\"https:\/\/www.nexoinformativo.mx\/wp-content\/uploads\/2024\/10\/PHOTO-2024-10-31-16-25-31-e1730416253255.jpg\",\"width\":700,\"height\":875},{\"@type\":\"BreadcrumbList\",\"@id\":\"https:\/\/www.nexoinformativo.mx\/index.php\/2024\/10\/31\/queretaro-rinde-homenaje-a-la-chef-margarita-carrillo-embajadora-de-la-gastronomia-mexicana\/#breadcrumb\",\"itemListElement\":[{\"@type\":\"ListItem\",\"position\":1,\"name\":\"Inicio\",\"item\":\"https:\/\/www.nexoinformativo.mx\/\"},{\"@type\":\"ListItem\",\"position\":2,\"name\":\"Quer\u00e9taro rinde homenaje a la chef Margarita Carrillo, embajadora de la gastronom\u00eda mexicana\"}]},{\"@type\":\"WebSite\",\"@id\":\"https:\/\/www.nexoinformativo.mx\/#website\",\"url\":\"https:\/\/www.nexoinformativo.mx\/\",\"name\":\"Nexo Informativo Santiago de Quer\u00e9taro\",\"description\":\"Explora NexoInformativo y convi\u00e9rtete en parte de una comunidad que valora el conocimiento y la verdad. Tu nexoinformativo es tu puente hacia una comprensi\u00f3n m\u00e1s profunda del mundo que te rodea.\",\"publisher\":{\"@id\":\"https:\/\/www.nexoinformativo.mx\/#organization\"},\"potentialAction\":[{\"@type\":\"SearchAction\",\"target\":{\"@type\":\"EntryPoint\",\"urlTemplate\":\"https:\/\/www.nexoinformativo.mx\/?s={search_term_string}\"},\"query-input\":{\"@type\":\"PropertyValueSpecification\",\"valueRequired\":true,\"valueName\":\"search_term_string\"}}],\"inLanguage\":\"es\"},{\"@type\":\"Organization\",\"@id\":\"https:\/\/www.nexoinformativo.mx\/#organization\",\"name\":\"Nexo Informativo Santiago de Quer\u00e9taro\",\"url\":\"https:\/\/www.nexoinformativo.mx\/\",\"logo\":{\"@type\":\"ImageObject\",\"inLanguage\":\"es\",\"@id\":\"https:\/\/www.nexoinformativo.mx\/#\/schema\/logo\/image\/\",\"url\":\"https:\/\/www.nexoinformativo.mx\/wp-content\/uploads\/2024\/07\/nexoi-trasparente-2.png\",\"contentUrl\":\"https:\/\/www.nexoinformativo.mx\/wp-content\/uploads\/2024\/07\/nexoi-trasparente-2.png\",\"width\":816,\"height\":339,\"caption\":\"Nexo Informativo Santiago de Quer\u00e9taro\"},\"image\":{\"@id\":\"https:\/\/www.nexoinformativo.mx\/#\/schema\/logo\/image\/\"},\"sameAs\":[\"https:\/\/www.facebook.com\/people\/Nexo-Informativo\/61564066885511\/\"]},{\"@type\":\"Person\",\"@id\":\"https:\/\/www.nexoinformativo.mx\/#\/schema\/person\/7749d380ba08c8ca00d7bc76fd907b7d\",\"name\":\"Nexo Informativo\",\"image\":{\"@type\":\"ImageObject\",\"inLanguage\":\"es\",\"@id\":\"https:\/\/www.nexoinformativo.mx\/#\/schema\/person\/image\/\",\"url\":\"https:\/\/secure.gravatar.com\/avatar\/dde2928154642a13d95f87ddf1ea9718fe2b46760a005c53e41ff5ad610704e6?s=96&d=mm&r=g\",\"contentUrl\":\"https:\/\/secure.gravatar.com\/avatar\/dde2928154642a13d95f87ddf1ea9718fe2b46760a005c53e41ff5ad610704e6?s=96&d=mm&r=g\",\"caption\":\"Nexo Informativo\"},\"url\":\"https:\/\/www.nexoinformativo.mx\/index.php\/author\/edicion\/\"}]}<\/script>\n<!-- \/ Yoast SEO plugin. -->","yoast_head_json":{"title":"Quer\u00e9taro rinde homenaje a la chef Margarita Carrillo, embajadora de la gastronom\u00eda mexicana | Nexo Informativo Santiago de Quer\u00e9taro","description":"Quer\u00e9taro rinde homenaje a la chef Margarita Carrillo, embajadora de la gastronom\u00eda mexicana","robots":{"index":"index","follow":"follow","max-snippet":"max-snippet:-1","max-image-preview":"max-image-preview:large","max-video-preview":"max-video-preview:-1"},"canonical":"https:\/\/www.nexoinformativo.mx\/index.php\/2024\/10\/31\/queretaro-rinde-homenaje-a-la-chef-margarita-carrillo-embajadora-de-la-gastronomia-mexicana\/","og_locale":"es_MX","og_type":"article","og_title":"Quer\u00e9taro rinde homenaje a la chef Margarita Carrillo, embajadora de la gastronom\u00eda mexicana | Nexo Informativo Santiago de Quer\u00e9taro","og_description":"Quer\u00e9taro rinde homenaje a la chef Margarita Carrillo, embajadora de la gastronom\u00eda mexicana","og_url":"https:\/\/www.nexoinformativo.mx\/index.php\/2024\/10\/31\/queretaro-rinde-homenaje-a-la-chef-margarita-carrillo-embajadora-de-la-gastronomia-mexicana\/","og_site_name":"Nexo Informativo Santiago de Quer\u00e9taro","article_publisher":"https:\/\/www.facebook.com\/people\/Nexo-Informativo\/61564066885511\/","article_published_time":"2024-10-31T21:30:09+00:00","article_modified_time":"2024-10-31T23:12:08+00:00","og_image":[{"width":700,"height":875,"url":"https:\/\/www.nexoinformativo.mx\/wp-content\/uploads\/2024\/10\/PHOTO-2024-10-31-16-25-31-e1730416253255.jpg","type":"image\/jpeg"}],"author":"Nexo Informativo","twitter_card":"summary_large_image","twitter_misc":{"Escrito por":"Nexo Informativo","Tiempo de lectura":"2 minutos"},"schema":{"@context":"https:\/\/schema.org","@graph":[{"@type":"Article","@id":"https:\/\/www.nexoinformativo.mx\/index.php\/2024\/10\/31\/queretaro-rinde-homenaje-a-la-chef-margarita-carrillo-embajadora-de-la-gastronomia-mexicana\/#article","isPartOf":{"@id":"https:\/\/www.nexoinformativo.mx\/index.php\/2024\/10\/31\/queretaro-rinde-homenaje-a-la-chef-margarita-carrillo-embajadora-de-la-gastronomia-mexicana\/"},"author":{"name":"Nexo Informativo","@id":"https:\/\/www.nexoinformativo.mx\/#\/schema\/person\/7749d380ba08c8ca00d7bc76fd907b7d"},"headline":"Quer\u00e9taro rinde homenaje a la chef Margarita Carrillo, embajadora de la gastronom\u00eda mexicana","datePublished":"2024-10-31T21:30:09+00:00","dateModified":"2024-10-31T23:12:08+00:00","mainEntityOfPage":{"@id":"https:\/\/www.nexoinformativo.mx\/index.php\/2024\/10\/31\/queretaro-rinde-homenaje-a-la-chef-margarita-carrillo-embajadora-de-la-gastronomia-mexicana\/"},"wordCount":250,"commentCount":0,"publisher":{"@id":"https:\/\/www.nexoinformativo.mx\/#organization"},"image":{"@id":"https:\/\/www.nexoinformativo.mx\/index.php\/2024\/10\/31\/queretaro-rinde-homenaje-a-la-chef-margarita-carrillo-embajadora-de-la-gastronomia-mexicana\/#primaryimage"},"thumbnailUrl":"https:\/\/www.nexoinformativo.mx\/wp-content\/uploads\/2024\/10\/PHOTO-2024-10-31-16-25-31-e1730416253255.jpg","keywords":["ChefMargaritaCarrillo","Gastronom\u00edaMexicana","Quer\u00e9taro","VatelClubQuer\u00e9taro"],"articleSection":["Espect\u00e1culos"],"inLanguage":"es","potentialAction":[{"@type":"CommentAction","name":"Comment","target":["https:\/\/www.nexoinformativo.mx\/index.php\/2024\/10\/31\/queretaro-rinde-homenaje-a-la-chef-margarita-carrillo-embajadora-de-la-gastronomia-mexicana\/#respond"]}]},{"@type":"WebPage","@id":"https:\/\/www.nexoinformativo.mx\/index.php\/2024\/10\/31\/queretaro-rinde-homenaje-a-la-chef-margarita-carrillo-embajadora-de-la-gastronomia-mexicana\/","url":"https:\/\/www.nexoinformativo.mx\/index.php\/2024\/10\/31\/queretaro-rinde-homenaje-a-la-chef-margarita-carrillo-embajadora-de-la-gastronomia-mexicana\/","name":"Quer\u00e9taro rinde homenaje a la chef Margarita Carrillo, embajadora de la gastronom\u00eda mexicana | Nexo Informativo Santiago de Quer\u00e9taro","isPartOf":{"@id":"https:\/\/www.nexoinformativo.mx\/#website"},"primaryImageOfPage":{"@id":"https:\/\/www.nexoinformativo.mx\/index.php\/2024\/10\/31\/queretaro-rinde-homenaje-a-la-chef-margarita-carrillo-embajadora-de-la-gastronomia-mexicana\/#primaryimage"},"image":{"@id":"https:\/\/www.nexoinformativo.mx\/index.php\/2024\/10\/31\/queretaro-rinde-homenaje-a-la-chef-margarita-carrillo-embajadora-de-la-gastronomia-mexicana\/#primaryimage"},"thumbnailUrl":"https:\/\/www.nexoinformativo.mx\/wp-content\/uploads\/2024\/10\/PHOTO-2024-10-31-16-25-31-e1730416253255.jpg","datePublished":"2024-10-31T21:30:09+00:00","dateModified":"2024-10-31T23:12:08+00:00","description":"Quer\u00e9taro rinde homenaje a la chef Margarita Carrillo, embajadora de la gastronom\u00eda mexicana","breadcrumb":{"@id":"https:\/\/www.nexoinformativo.mx\/index.php\/2024\/10\/31\/queretaro-rinde-homenaje-a-la-chef-margarita-carrillo-embajadora-de-la-gastronomia-mexicana\/#breadcrumb"},"inLanguage":"es","potentialAction":[{"@type":"ReadAction","target":["https:\/\/www.nexoinformativo.mx\/index.php\/2024\/10\/31\/queretaro-rinde-homenaje-a-la-chef-margarita-carrillo-embajadora-de-la-gastronomia-mexicana\/"]}]},{"@type":"ImageObject","inLanguage":"es","@id":"https:\/\/www.nexoinformativo.mx\/index.php\/2024\/10\/31\/queretaro-rinde-homenaje-a-la-chef-margarita-carrillo-embajadora-de-la-gastronomia-mexicana\/#primaryimage","url":"https:\/\/www.nexoinformativo.mx\/wp-content\/uploads\/2024\/10\/PHOTO-2024-10-31-16-25-31-e1730416253255.jpg","contentUrl":"https:\/\/www.nexoinformativo.mx\/wp-content\/uploads\/2024\/10\/PHOTO-2024-10-31-16-25-31-e1730416253255.jpg","width":700,"height":875},{"@type":"BreadcrumbList","@id":"https:\/\/www.nexoinformativo.mx\/index.php\/2024\/10\/31\/queretaro-rinde-homenaje-a-la-chef-margarita-carrillo-embajadora-de-la-gastronomia-mexicana\/#breadcrumb","itemListElement":[{"@type":"ListItem","position":1,"name":"Inicio","item":"https:\/\/www.nexoinformativo.mx\/"},{"@type":"ListItem","position":2,"name":"Quer\u00e9taro rinde homenaje a la chef Margarita Carrillo, embajadora de la gastronom\u00eda mexicana"}]},{"@type":"WebSite","@id":"https:\/\/www.nexoinformativo.mx\/#website","url":"https:\/\/www.nexoinformativo.mx\/","name":"Nexo Informativo Santiago de Quer\u00e9taro","description":"Explora NexoInformativo y convi\u00e9rtete en parte de una comunidad que valora el conocimiento y la verdad. Tu nexoinformativo es tu puente hacia una comprensi\u00f3n m\u00e1s profunda del mundo que te rodea.","publisher":{"@id":"https:\/\/www.nexoinformativo.mx\/#organization"},"potentialAction":[{"@type":"SearchAction","target":{"@type":"EntryPoint","urlTemplate":"https:\/\/www.nexoinformativo.mx\/?s={search_term_string}"},"query-input":{"@type":"PropertyValueSpecification","valueRequired":true,"valueName":"search_term_string"}}],"inLanguage":"es"},{"@type":"Organization","@id":"https:\/\/www.nexoinformativo.mx\/#organization","name":"Nexo Informativo Santiago de Quer\u00e9taro","url":"https:\/\/www.nexoinformativo.mx\/","logo":{"@type":"ImageObject","inLanguage":"es","@id":"https:\/\/www.nexoinformativo.mx\/#\/schema\/logo\/image\/","url":"https:\/\/www.nexoinformativo.mx\/wp-content\/uploads\/2024\/07\/nexoi-trasparente-2.png","contentUrl":"https:\/\/www.nexoinformativo.mx\/wp-content\/uploads\/2024\/07\/nexoi-trasparente-2.png","width":816,"height":339,"caption":"Nexo Informativo Santiago de Quer\u00e9taro"},"image":{"@id":"https:\/\/www.nexoinformativo.mx\/#\/schema\/logo\/image\/"},"sameAs":["https:\/\/www.facebook.com\/people\/Nexo-Informativo\/61564066885511\/"]},{"@type":"Person","@id":"https:\/\/www.nexoinformativo.mx\/#\/schema\/person\/7749d380ba08c8ca00d7bc76fd907b7d","name":"Nexo Informativo","image":{"@type":"ImageObject","inLanguage":"es","@id":"https:\/\/www.nexoinformativo.mx\/#\/schema\/person\/image\/","url":"https:\/\/secure.gravatar.com\/avatar\/dde2928154642a13d95f87ddf1ea9718fe2b46760a005c53e41ff5ad610704e6?s=96&d=mm&r=g","contentUrl":"https:\/\/secure.gravatar.com\/avatar\/dde2928154642a13d95f87ddf1ea9718fe2b46760a005c53e41ff5ad610704e6?s=96&d=mm&r=g","caption":"Nexo Informativo"},"url":"https:\/\/www.nexoinformativo.mx\/index.php\/author\/edicion\/"}]}},"_links":{"self":[{"href":"https:\/\/www.nexoinformativo.mx\/index.php\/wp-json\/wp\/v2\/posts\/5073","targetHints":{"allow":["GET"]}}],"collection":[{"href":"https:\/\/www.nexoinformativo.mx\/index.php\/wp-json\/wp\/v2\/posts"}],"about":[{"href":"https:\/\/www.nexoinformativo.mx\/index.php\/wp-json\/wp\/v2\/types\/post"}],"author":[{"embeddable":true,"href":"https:\/\/www.nexoinformativo.mx\/index.php\/wp-json\/wp\/v2\/users\/3"}],"replies":[{"embeddable":true,"href":"https:\/\/www.nexoinformativo.mx\/index.php\/wp-json\/wp\/v2\/comments?post=5073"}],"version-history":[{"count":3,"href":"https:\/\/www.nexoinformativo.mx\/index.php\/wp-json\/wp\/v2\/posts\/5073\/revisions"}],"predecessor-version":[{"id":5077,"href":"https:\/\/www.nexoinformativo.mx\/index.php\/wp-json\/wp\/v2\/posts\/5073\/revisions\/5077"}],"wp:featuredmedia":[{"embeddable":true,"href":"https:\/\/www.nexoinformativo.mx\/index.php\/wp-json\/wp\/v2\/media\/5074"}],"wp:attachment":[{"href":"https:\/\/www.nexoinformativo.mx\/index.php\/wp-json\/wp\/v2\/media?parent=5073"}],"wp:term":[{"taxonomy":"category","embeddable":true,"href":"https:\/\/www.nexoinformativo.mx\/index.php\/wp-json\/wp\/v2\/categories?post=5073"},{"taxonomy":"post_tag","embeddable":true,"href":"https:\/\/www.nexoinformativo.mx\/index.php\/wp-json\/wp\/v2\/tags?post=5073"}],"curies":[{"name":"wp","href":"https:\/\/api.w.org\/{rel}","templated":true}]}}