{"id":5078,"date":"2024-10-31T16:00:59","date_gmt":"2024-10-31T22:00:59","guid":{"rendered":"https:\/\/www.nexoinformativo.mx\/?p=5078"},"modified":"2024-10-31T17:17:51","modified_gmt":"2024-10-31T23:17:51","slug":"gobierno-de-mexico-garantiza-precios-justos-a-productores-de-frijol-y-maiz","status":"publish","type":"post","link":"https:\/\/www.nexoinformativo.mx\/index.php\/2024\/10\/31\/gobierno-de-mexico-garantiza-precios-justos-a-productores-de-frijol-y-maiz\/","title":{"rendered":"Gobierno de M\u00e9xico garantiza precios justos a productores de frijol y ma\u00edz"},"content":{"rendered":"<p style=\"text-align: justify;\" data-sourcepos=\"5:1-5:439\">El Gobierno de M\u00e9xico, a trav\u00e9s de la Secretar\u00eda de Agricultura y Desarrollo Rural, anunci\u00f3 la continuidad del programa de Precios de Garant\u00eda para el ciclo agr\u00edcola, a partir del 30 de octubre. Este programa busca asegurar ingresos justos a los peque\u00f1os productores de frijol y ma\u00edz, contribuyendo as\u00ed a la estabilidad econ\u00f3mica del sector rural y a la seguridad alimentaria del pa\u00eds.<\/p>\n<p>&nbsp;<\/p>\n<p style=\"text-align: justify;\" data-sourcepos=\"9:1-9:299\">Con este programa, se establece un precio de garant\u00eda de 27 pesos por kilo de frijol y de 6 pesos por kilo de ma\u00edz, valores que superan los precios actuales del mercado. Esto significa un apoyo directo a los peque\u00f1os productores, quienes son la columna vertebral de la producci\u00f3n agr\u00edcola nacional.<\/p>\n<p>&nbsp;<\/p>\n<p style=\"text-align: justify;\" data-sourcepos=\"9:1-9:299\">Para acceder a los beneficios del programa, los productores de frijol deben contar con un m\u00e1ximo de 30 hect\u00e1reas de temporal o 5 hect\u00e1reas de riego, y limitar su producci\u00f3n a 15 toneladas. En el caso del ma\u00edz, el l\u00edmite es de 5 hect\u00e1reas y 35 toneladas.<\/p>\n<p>&nbsp;<\/p>\n<p style=\"text-align: justify;\" data-sourcepos=\"17:1-17:406\">Al garantizar precios justos y estables, el programa fomenta la producci\u00f3n nacional de alimentos b\u00e1sicos, lo que contribuye a la seguridad alimentaria del pa\u00eds. Adem\u00e1s, los granos adquiridos a trav\u00e9s de este programa se distribuir\u00e1n en las tiendas Diconsa, que pr\u00f3ximamente se transformar\u00e1n en Tiendas Bienestar, asegurando el acceso a alimentos de calidad a precios accesibles para las familias mexicanas.<\/p>\n<p>&nbsp;<\/p>\n<p style=\"text-align: center;\" data-sourcepos=\"17:1-17:406\"><strong>\u00a1Informaci\u00f3n que transforma!<\/strong><\/p>\n","protected":false},"excerpt":{"rendered":"<p>El Gobierno de M\u00e9xico, a trav\u00e9s de la Secretar\u00eda de Agricultura y Desarrollo Rural, anunci\u00f3 la continuidad del programa de Precios de Garant\u00eda para el ciclo agr\u00edcola, a partir del 30 de octubre. Este programa busca asegurar ingresos justos a los peque\u00f1os productores de frijol y ma\u00edz, contribuyendo as\u00ed a la estabilidad econ\u00f3mica del sector [&hellip;]<\/p>\n","protected":false},"author":3,"featured_media":5079,"comment_status":"open","ping_status":"open","sticky":false,"template":"","format":"standard","meta":{"footnotes":""},"categories":[5,88,58],"tags":[1204,1610,1801,1547],"class_list":["post-5078","post","type-post","status-publish","format-standard","has-post-thumbnail","hentry","category-economia","category-nacional","category-ultima-hora","tag-agricultura","tag-mexico","tag-preciosdegarantia","tag-seguridadalimentaria"],"yoast_head":"<!-- This site is optimized with the Yoast SEO plugin v25.0 - https:\/\/yoast.com\/wordpress\/plugins\/seo\/ -->\n<title>Gobierno de M\u00e9xico garantiza precios justos a productores de frijol y ma\u00edz | Nexo Informativo Santiago de Quer\u00e9taro<\/title>\n<meta name=\"description\" content=\"Gobierno de M\u00e9xico garantiza precios justos a productores de frijol y ma\u00edz\" \/>\n<meta name=\"robots\" content=\"index, follow, max-snippet:-1, max-image-preview:large, max-video-preview:-1\" \/>\n<link rel=\"canonical\" href=\"https:\/\/www.nexoinformativo.mx\/index.php\/2024\/10\/31\/gobierno-de-mexico-garantiza-precios-justos-a-productores-de-frijol-y-maiz\/\" \/>\n<meta property=\"og:locale\" content=\"es_MX\" \/>\n<meta property=\"og:type\" content=\"article\" \/>\n<meta property=\"og:title\" content=\"Gobierno de M\u00e9xico garantiza precios justos a productores de frijol y ma\u00edz | Nexo Informativo Santiago de Quer\u00e9taro\" \/>\n<meta property=\"og:description\" content=\"Gobierno de M\u00e9xico garantiza precios justos a productores de frijol y ma\u00edz\" \/>\n<meta property=\"og:url\" content=\"https:\/\/www.nexoinformativo.mx\/index.php\/2024\/10\/31\/gobierno-de-mexico-garantiza-precios-justos-a-productores-de-frijol-y-maiz\/\" \/>\n<meta property=\"og:site_name\" content=\"Nexo Informativo Santiago de Quer\u00e9taro\" \/>\n<meta property=\"article:publisher\" content=\"https:\/\/www.facebook.com\/people\/Nexo-Informativo\/61564066885511\/\" \/>\n<meta property=\"article:published_time\" content=\"2024-10-31T22:00:59+00:00\" \/>\n<meta property=\"article:modified_time\" content=\"2024-10-31T23:17:51+00:00\" \/>\n<meta property=\"og:image\" content=\"https:\/\/www.nexoinformativo.mx\/wp-content\/uploads\/2024\/10\/PHOTO-2024-10-31-17-11-46-e1730416607224.jpg\" \/>\n\t<meta property=\"og:image:width\" content=\"650\" \/>\n\t<meta property=\"og:image:height\" content=\"650\" \/>\n\t<meta property=\"og:image:type\" content=\"image\/jpeg\" \/>\n<meta name=\"author\" content=\"Nexo Informativo\" \/>\n<meta name=\"twitter:card\" content=\"summary_large_image\" \/>\n<meta name=\"twitter:label1\" content=\"Escrito por\" \/>\n\t<meta name=\"twitter:data1\" content=\"Nexo Informativo\" \/>\n\t<meta name=\"twitter:label2\" content=\"Tiempo de lectura\" \/>\n\t<meta name=\"twitter:data2\" content=\"2 minutos\" \/>\n<script type=\"application\/ld+json\" class=\"yoast-schema-graph\">{\"@context\":\"https:\/\/schema.org\",\"@graph\":[{\"@type\":\"Article\",\"@id\":\"https:\/\/www.nexoinformativo.mx\/index.php\/2024\/10\/31\/gobierno-de-mexico-garantiza-precios-justos-a-productores-de-frijol-y-maiz\/#article\",\"isPartOf\":{\"@id\":\"https:\/\/www.nexoinformativo.mx\/index.php\/2024\/10\/31\/gobierno-de-mexico-garantiza-precios-justos-a-productores-de-frijol-y-maiz\/\"},\"author\":{\"name\":\"Nexo Informativo\",\"@id\":\"https:\/\/www.nexoinformativo.mx\/#\/schema\/person\/7749d380ba08c8ca00d7bc76fd907b7d\"},\"headline\":\"Gobierno de M\u00e9xico garantiza precios justos a productores de frijol y ma\u00edz\",\"datePublished\":\"2024-10-31T22:00:59+00:00\",\"dateModified\":\"2024-10-31T23:17:51+00:00\",\"mainEntityOfPage\":{\"@id\":\"https:\/\/www.nexoinformativo.mx\/index.php\/2024\/10\/31\/gobierno-de-mexico-garantiza-precios-justos-a-productores-de-frijol-y-maiz\/\"},\"wordCount\":264,\"commentCount\":0,\"publisher\":{\"@id\":\"https:\/\/www.nexoinformativo.mx\/#organization\"},\"image\":{\"@id\":\"https:\/\/www.nexoinformativo.mx\/index.php\/2024\/10\/31\/gobierno-de-mexico-garantiza-precios-justos-a-productores-de-frijol-y-maiz\/#primaryimage\"},\"thumbnailUrl\":\"https:\/\/www.nexoinformativo.mx\/wp-content\/uploads\/2024\/10\/PHOTO-2024-10-31-17-11-46-e1730416607224.jpg\",\"keywords\":[\"Agricultura\",\"M\u00e9xico\",\"PreciosDeGarant\u00eda\",\"SeguridadAlimentaria\"],\"articleSection\":[\"Econom\u00eda\",\"Nacional\",\"\u00daltima Hora\"],\"inLanguage\":\"es\",\"potentialAction\":[{\"@type\":\"CommentAction\",\"name\":\"Comment\",\"target\":[\"https:\/\/www.nexoinformativo.mx\/index.php\/2024\/10\/31\/gobierno-de-mexico-garantiza-precios-justos-a-productores-de-frijol-y-maiz\/#respond\"]}]},{\"@type\":\"WebPage\",\"@id\":\"https:\/\/www.nexoinformativo.mx\/index.php\/2024\/10\/31\/gobierno-de-mexico-garantiza-precios-justos-a-productores-de-frijol-y-maiz\/\",\"url\":\"https:\/\/www.nexoinformativo.mx\/index.php\/2024\/10\/31\/gobierno-de-mexico-garantiza-precios-justos-a-productores-de-frijol-y-maiz\/\",\"name\":\"Gobierno de M\u00e9xico garantiza precios justos a productores de frijol y ma\u00edz | Nexo Informativo Santiago de Quer\u00e9taro\",\"isPartOf\":{\"@id\":\"https:\/\/www.nexoinformativo.mx\/#website\"},\"primaryImageOfPage\":{\"@id\":\"https:\/\/www.nexoinformativo.mx\/index.php\/2024\/10\/31\/gobierno-de-mexico-garantiza-precios-justos-a-productores-de-frijol-y-maiz\/#primaryimage\"},\"image\":{\"@id\":\"https:\/\/www.nexoinformativo.mx\/index.php\/2024\/10\/31\/gobierno-de-mexico-garantiza-precios-justos-a-productores-de-frijol-y-maiz\/#primaryimage\"},\"thumbnailUrl\":\"https:\/\/www.nexoinformativo.mx\/wp-content\/uploads\/2024\/10\/PHOTO-2024-10-31-17-11-46-e1730416607224.jpg\",\"datePublished\":\"2024-10-31T22:00:59+00:00\",\"dateModified\":\"2024-10-31T23:17:51+00:00\",\"description\":\"Gobierno de M\u00e9xico garantiza precios justos a productores de frijol y ma\u00edz\",\"breadcrumb\":{\"@id\":\"https:\/\/www.nexoinformativo.mx\/index.php\/2024\/10\/31\/gobierno-de-mexico-garantiza-precios-justos-a-productores-de-frijol-y-maiz\/#breadcrumb\"},\"inLanguage\":\"es\",\"potentialAction\":[{\"@type\":\"ReadAction\",\"target\":[\"https:\/\/www.nexoinformativo.mx\/index.php\/2024\/10\/31\/gobierno-de-mexico-garantiza-precios-justos-a-productores-de-frijol-y-maiz\/\"]}]},{\"@type\":\"ImageObject\",\"inLanguage\":\"es\",\"@id\":\"https:\/\/www.nexoinformativo.mx\/index.php\/2024\/10\/31\/gobierno-de-mexico-garantiza-precios-justos-a-productores-de-frijol-y-maiz\/#primaryimage\",\"url\":\"https:\/\/www.nexoinformativo.mx\/wp-content\/uploads\/2024\/10\/PHOTO-2024-10-31-17-11-46-e1730416607224.jpg\",\"contentUrl\":\"https:\/\/www.nexoinformativo.mx\/wp-content\/uploads\/2024\/10\/PHOTO-2024-10-31-17-11-46-e1730416607224.jpg\",\"width\":650,\"height\":650},{\"@type\":\"BreadcrumbList\",\"@id\":\"https:\/\/www.nexoinformativo.mx\/index.php\/2024\/10\/31\/gobierno-de-mexico-garantiza-precios-justos-a-productores-de-frijol-y-maiz\/#breadcrumb\",\"itemListElement\":[{\"@type\":\"ListItem\",\"position\":1,\"name\":\"Inicio\",\"item\":\"https:\/\/www.nexoinformativo.mx\/\"},{\"@type\":\"ListItem\",\"position\":2,\"name\":\"Gobierno de M\u00e9xico garantiza precios justos a productores de frijol y ma\u00edz\"}]},{\"@type\":\"WebSite\",\"@id\":\"https:\/\/www.nexoinformativo.mx\/#website\",\"url\":\"https:\/\/www.nexoinformativo.mx\/\",\"name\":\"Nexo Informativo Santiago de Quer\u00e9taro\",\"description\":\"Explora NexoInformativo y convi\u00e9rtete en parte de una comunidad que valora el conocimiento y la verdad. Tu nexoinformativo es tu puente hacia una comprensi\u00f3n m\u00e1s profunda del mundo que te rodea.\",\"publisher\":{\"@id\":\"https:\/\/www.nexoinformativo.mx\/#organization\"},\"potentialAction\":[{\"@type\":\"SearchAction\",\"target\":{\"@type\":\"EntryPoint\",\"urlTemplate\":\"https:\/\/www.nexoinformativo.mx\/?s={search_term_string}\"},\"query-input\":{\"@type\":\"PropertyValueSpecification\",\"valueRequired\":true,\"valueName\":\"search_term_string\"}}],\"inLanguage\":\"es\"},{\"@type\":\"Organization\",\"@id\":\"https:\/\/www.nexoinformativo.mx\/#organization\",\"name\":\"Nexo Informativo Santiago de Quer\u00e9taro\",\"url\":\"https:\/\/www.nexoinformativo.mx\/\",\"logo\":{\"@type\":\"ImageObject\",\"inLanguage\":\"es\",\"@id\":\"https:\/\/www.nexoinformativo.mx\/#\/schema\/logo\/image\/\",\"url\":\"https:\/\/www.nexoinformativo.mx\/wp-content\/uploads\/2024\/07\/nexoi-trasparente-2.png\",\"contentUrl\":\"https:\/\/www.nexoinformativo.mx\/wp-content\/uploads\/2024\/07\/nexoi-trasparente-2.png\",\"width\":816,\"height\":339,\"caption\":\"Nexo Informativo Santiago de Quer\u00e9taro\"},\"image\":{\"@id\":\"https:\/\/www.nexoinformativo.mx\/#\/schema\/logo\/image\/\"},\"sameAs\":[\"https:\/\/www.facebook.com\/people\/Nexo-Informativo\/61564066885511\/\"]},{\"@type\":\"Person\",\"@id\":\"https:\/\/www.nexoinformativo.mx\/#\/schema\/person\/7749d380ba08c8ca00d7bc76fd907b7d\",\"name\":\"Nexo Informativo\",\"image\":{\"@type\":\"ImageObject\",\"inLanguage\":\"es\",\"@id\":\"https:\/\/www.nexoinformativo.mx\/#\/schema\/person\/image\/\",\"url\":\"https:\/\/secure.gravatar.com\/avatar\/dde2928154642a13d95f87ddf1ea9718fe2b46760a005c53e41ff5ad610704e6?s=96&d=mm&r=g\",\"contentUrl\":\"https:\/\/secure.gravatar.com\/avatar\/dde2928154642a13d95f87ddf1ea9718fe2b46760a005c53e41ff5ad610704e6?s=96&d=mm&r=g\",\"caption\":\"Nexo Informativo\"},\"url\":\"https:\/\/www.nexoinformativo.mx\/index.php\/author\/edicion\/\"}]}<\/script>\n<!-- \/ Yoast SEO plugin. -->","yoast_head_json":{"title":"Gobierno de M\u00e9xico garantiza precios justos a productores de frijol y ma\u00edz | Nexo Informativo Santiago de Quer\u00e9taro","description":"Gobierno de M\u00e9xico garantiza precios justos a productores de frijol y ma\u00edz","robots":{"index":"index","follow":"follow","max-snippet":"max-snippet:-1","max-image-preview":"max-image-preview:large","max-video-preview":"max-video-preview:-1"},"canonical":"https:\/\/www.nexoinformativo.mx\/index.php\/2024\/10\/31\/gobierno-de-mexico-garantiza-precios-justos-a-productores-de-frijol-y-maiz\/","og_locale":"es_MX","og_type":"article","og_title":"Gobierno de M\u00e9xico garantiza precios justos a productores de frijol y ma\u00edz | Nexo Informativo Santiago de Quer\u00e9taro","og_description":"Gobierno de M\u00e9xico garantiza precios justos a productores de frijol y ma\u00edz","og_url":"https:\/\/www.nexoinformativo.mx\/index.php\/2024\/10\/31\/gobierno-de-mexico-garantiza-precios-justos-a-productores-de-frijol-y-maiz\/","og_site_name":"Nexo Informativo Santiago de Quer\u00e9taro","article_publisher":"https:\/\/www.facebook.com\/people\/Nexo-Informativo\/61564066885511\/","article_published_time":"2024-10-31T22:00:59+00:00","article_modified_time":"2024-10-31T23:17:51+00:00","og_image":[{"width":650,"height":650,"url":"https:\/\/www.nexoinformativo.mx\/wp-content\/uploads\/2024\/10\/PHOTO-2024-10-31-17-11-46-e1730416607224.jpg","type":"image\/jpeg"}],"author":"Nexo Informativo","twitter_card":"summary_large_image","twitter_misc":{"Escrito por":"Nexo Informativo","Tiempo de lectura":"2 minutos"},"schema":{"@context":"https:\/\/schema.org","@graph":[{"@type":"Article","@id":"https:\/\/www.nexoinformativo.mx\/index.php\/2024\/10\/31\/gobierno-de-mexico-garantiza-precios-justos-a-productores-de-frijol-y-maiz\/#article","isPartOf":{"@id":"https:\/\/www.nexoinformativo.mx\/index.php\/2024\/10\/31\/gobierno-de-mexico-garantiza-precios-justos-a-productores-de-frijol-y-maiz\/"},"author":{"name":"Nexo Informativo","@id":"https:\/\/www.nexoinformativo.mx\/#\/schema\/person\/7749d380ba08c8ca00d7bc76fd907b7d"},"headline":"Gobierno de M\u00e9xico garantiza precios justos a productores de frijol y ma\u00edz","datePublished":"2024-10-31T22:00:59+00:00","dateModified":"2024-10-31T23:17:51+00:00","mainEntityOfPage":{"@id":"https:\/\/www.nexoinformativo.mx\/index.php\/2024\/10\/31\/gobierno-de-mexico-garantiza-precios-justos-a-productores-de-frijol-y-maiz\/"},"wordCount":264,"commentCount":0,"publisher":{"@id":"https:\/\/www.nexoinformativo.mx\/#organization"},"image":{"@id":"https:\/\/www.nexoinformativo.mx\/index.php\/2024\/10\/31\/gobierno-de-mexico-garantiza-precios-justos-a-productores-de-frijol-y-maiz\/#primaryimage"},"thumbnailUrl":"https:\/\/www.nexoinformativo.mx\/wp-content\/uploads\/2024\/10\/PHOTO-2024-10-31-17-11-46-e1730416607224.jpg","keywords":["Agricultura","M\u00e9xico","PreciosDeGarant\u00eda","SeguridadAlimentaria"],"articleSection":["Econom\u00eda","Nacional","\u00daltima Hora"],"inLanguage":"es","potentialAction":[{"@type":"CommentAction","name":"Comment","target":["https:\/\/www.nexoinformativo.mx\/index.php\/2024\/10\/31\/gobierno-de-mexico-garantiza-precios-justos-a-productores-de-frijol-y-maiz\/#respond"]}]},{"@type":"WebPage","@id":"https:\/\/www.nexoinformativo.mx\/index.php\/2024\/10\/31\/gobierno-de-mexico-garantiza-precios-justos-a-productores-de-frijol-y-maiz\/","url":"https:\/\/www.nexoinformativo.mx\/index.php\/2024\/10\/31\/gobierno-de-mexico-garantiza-precios-justos-a-productores-de-frijol-y-maiz\/","name":"Gobierno de M\u00e9xico garantiza precios justos a productores de frijol y ma\u00edz | Nexo Informativo Santiago de Quer\u00e9taro","isPartOf":{"@id":"https:\/\/www.nexoinformativo.mx\/#website"},"primaryImageOfPage":{"@id":"https:\/\/www.nexoinformativo.mx\/index.php\/2024\/10\/31\/gobierno-de-mexico-garantiza-precios-justos-a-productores-de-frijol-y-maiz\/#primaryimage"},"image":{"@id":"https:\/\/www.nexoinformativo.mx\/index.php\/2024\/10\/31\/gobierno-de-mexico-garantiza-precios-justos-a-productores-de-frijol-y-maiz\/#primaryimage"},"thumbnailUrl":"https:\/\/www.nexoinformativo.mx\/wp-content\/uploads\/2024\/10\/PHOTO-2024-10-31-17-11-46-e1730416607224.jpg","datePublished":"2024-10-31T22:00:59+00:00","dateModified":"2024-10-31T23:17:51+00:00","description":"Gobierno de M\u00e9xico garantiza precios justos a productores de frijol y ma\u00edz","breadcrumb":{"@id":"https:\/\/www.nexoinformativo.mx\/index.php\/2024\/10\/31\/gobierno-de-mexico-garantiza-precios-justos-a-productores-de-frijol-y-maiz\/#breadcrumb"},"inLanguage":"es","potentialAction":[{"@type":"ReadAction","target":["https:\/\/www.nexoinformativo.mx\/index.php\/2024\/10\/31\/gobierno-de-mexico-garantiza-precios-justos-a-productores-de-frijol-y-maiz\/"]}]},{"@type":"ImageObject","inLanguage":"es","@id":"https:\/\/www.nexoinformativo.mx\/index.php\/2024\/10\/31\/gobierno-de-mexico-garantiza-precios-justos-a-productores-de-frijol-y-maiz\/#primaryimage","url":"https:\/\/www.nexoinformativo.mx\/wp-content\/uploads\/2024\/10\/PHOTO-2024-10-31-17-11-46-e1730416607224.jpg","contentUrl":"https:\/\/www.nexoinformativo.mx\/wp-content\/uploads\/2024\/10\/PHOTO-2024-10-31-17-11-46-e1730416607224.jpg","width":650,"height":650},{"@type":"BreadcrumbList","@id":"https:\/\/www.nexoinformativo.mx\/index.php\/2024\/10\/31\/gobierno-de-mexico-garantiza-precios-justos-a-productores-de-frijol-y-maiz\/#breadcrumb","itemListElement":[{"@type":"ListItem","position":1,"name":"Inicio","item":"https:\/\/www.nexoinformativo.mx\/"},{"@type":"ListItem","position":2,"name":"Gobierno de M\u00e9xico garantiza precios justos a productores de frijol y ma\u00edz"}]},{"@type":"WebSite","@id":"https:\/\/www.nexoinformativo.mx\/#website","url":"https:\/\/www.nexoinformativo.mx\/","name":"Nexo Informativo Santiago de Quer\u00e9taro","description":"Explora NexoInformativo y convi\u00e9rtete en parte de una comunidad que valora el conocimiento y la verdad. Tu nexoinformativo es tu puente hacia una comprensi\u00f3n m\u00e1s profunda del mundo que te rodea.","publisher":{"@id":"https:\/\/www.nexoinformativo.mx\/#organization"},"potentialAction":[{"@type":"SearchAction","target":{"@type":"EntryPoint","urlTemplate":"https:\/\/www.nexoinformativo.mx\/?s={search_term_string}"},"query-input":{"@type":"PropertyValueSpecification","valueRequired":true,"valueName":"search_term_string"}}],"inLanguage":"es"},{"@type":"Organization","@id":"https:\/\/www.nexoinformativo.mx\/#organization","name":"Nexo Informativo Santiago de Quer\u00e9taro","url":"https:\/\/www.nexoinformativo.mx\/","logo":{"@type":"ImageObject","inLanguage":"es","@id":"https:\/\/www.nexoinformativo.mx\/#\/schema\/logo\/image\/","url":"https:\/\/www.nexoinformativo.mx\/wp-content\/uploads\/2024\/07\/nexoi-trasparente-2.png","contentUrl":"https:\/\/www.nexoinformativo.mx\/wp-content\/uploads\/2024\/07\/nexoi-trasparente-2.png","width":816,"height":339,"caption":"Nexo Informativo Santiago de Quer\u00e9taro"},"image":{"@id":"https:\/\/www.nexoinformativo.mx\/#\/schema\/logo\/image\/"},"sameAs":["https:\/\/www.facebook.com\/people\/Nexo-Informativo\/61564066885511\/"]},{"@type":"Person","@id":"https:\/\/www.nexoinformativo.mx\/#\/schema\/person\/7749d380ba08c8ca00d7bc76fd907b7d","name":"Nexo Informativo","image":{"@type":"ImageObject","inLanguage":"es","@id":"https:\/\/www.nexoinformativo.mx\/#\/schema\/person\/image\/","url":"https:\/\/secure.gravatar.com\/avatar\/dde2928154642a13d95f87ddf1ea9718fe2b46760a005c53e41ff5ad610704e6?s=96&d=mm&r=g","contentUrl":"https:\/\/secure.gravatar.com\/avatar\/dde2928154642a13d95f87ddf1ea9718fe2b46760a005c53e41ff5ad610704e6?s=96&d=mm&r=g","caption":"Nexo Informativo"},"url":"https:\/\/www.nexoinformativo.mx\/index.php\/author\/edicion\/"}]}},"_links":{"self":[{"href":"https:\/\/www.nexoinformativo.mx\/index.php\/wp-json\/wp\/v2\/posts\/5078","targetHints":{"allow":["GET"]}}],"collection":[{"href":"https:\/\/www.nexoinformativo.mx\/index.php\/wp-json\/wp\/v2\/posts"}],"about":[{"href":"https:\/\/www.nexoinformativo.mx\/index.php\/wp-json\/wp\/v2\/types\/post"}],"author":[{"embeddable":true,"href":"https:\/\/www.nexoinformativo.mx\/index.php\/wp-json\/wp\/v2\/users\/3"}],"replies":[{"embeddable":true,"href":"https:\/\/www.nexoinformativo.mx\/index.php\/wp-json\/wp\/v2\/comments?post=5078"}],"version-history":[{"count":3,"href":"https:\/\/www.nexoinformativo.mx\/index.php\/wp-json\/wp\/v2\/posts\/5078\/revisions"}],"predecessor-version":[{"id":5082,"href":"https:\/\/www.nexoinformativo.mx\/index.php\/wp-json\/wp\/v2\/posts\/5078\/revisions\/5082"}],"wp:featuredmedia":[{"embeddable":true,"href":"https:\/\/www.nexoinformativo.mx\/index.php\/wp-json\/wp\/v2\/media\/5079"}],"wp:attachment":[{"href":"https:\/\/www.nexoinformativo.mx\/index.php\/wp-json\/wp\/v2\/media?parent=5078"}],"wp:term":[{"taxonomy":"category","embeddable":true,"href":"https:\/\/www.nexoinformativo.mx\/index.php\/wp-json\/wp\/v2\/categories?post=5078"},{"taxonomy":"post_tag","embeddable":true,"href":"https:\/\/www.nexoinformativo.mx\/index.php\/wp-json\/wp\/v2\/tags?post=5078"}],"curies":[{"name":"wp","href":"https:\/\/api.w.org\/{rel}","templated":true}]}}