{"id":5083,"date":"2024-10-31T18:00:31","date_gmt":"2024-11-01T00:00:31","guid":{"rendered":"https:\/\/www.nexoinformativo.mx\/?p=5083"},"modified":"2024-10-31T19:36:32","modified_gmt":"2024-11-01T01:36:32","slug":"santa-rosa-jauregui-inicia-una-nueva-era-con-inversion-en-regeneracion-urbana","status":"publish","type":"post","link":"https:\/\/www.nexoinformativo.mx\/index.php\/2024\/10\/31\/santa-rosa-jauregui-inicia-una-nueva-era-con-inversion-en-regeneracion-urbana\/","title":{"rendered":"Santa Rosa J\u00e1uregui inicia una nueva era con inversi\u00f3n en regeneraci\u00f3n urbana"},"content":{"rendered":"<p style=\"text-align: justify;\" data-sourcepos=\"5:1-5:424\">El presidente municipal de Quer\u00e9taro, Felifer Mac\u00edas, anunci\u00f3 el inicio de una nueva etapa de desarrollo para Santa Rosa J\u00e1uregui con la entrega de la primera etapa de la Regeneraci\u00f3n Urbana Integral. Esta obra, con una inversi\u00f3n de 69 millones de pesos, busca mejorar significativamente la calidad de vida de los habitantes de esta delegaci\u00f3n, fomentar la convivencia y fortalecer el tejido social.<\/p>\n<p>&nbsp;<\/p>\n<p style=\"text-align: justify;\" data-sourcepos=\"7:1-7:373\">Las mejoras realizadas incluyen la rehabilitaci\u00f3n del jard\u00edn principal, la construcci\u00f3n de andadores y jardineras, la renovaci\u00f3n de banquetas y la instalaci\u00f3n de mobiliario urbano. Adem\u00e1s, se han realizado trabajos de infraestructura como la reconstrucci\u00f3n del arroyo vial, la mejora de los sistemas de drenaje y alumbrado p\u00fablico, y la instalaci\u00f3n de cableado subterr\u00e1neo.<\/p>\n<p>&nbsp;<\/p>\n<p style=\"text-align: justify;\" data-sourcepos=\"9:1-9:267\"><strong>&#8220;Este es solo el inicio de un gran proyecto&#8221;<\/strong>, afirm\u00f3 Felifer Mac\u00edas. &#8220;Tenemos planeadas inversiones por m\u00e1s de mil 500 millones de pesos en obras sociales para toda la ciudad, y una gran parte se destinar\u00e1 a Santa Rosa J\u00e1uregui y sus comunidades&#8221;.<\/p>\n<p>&nbsp;<\/p>\n<p style=\"text-align: justify;\" data-sourcepos=\"13:1-13:364\">El presidente municipal destac\u00f3 la importancia de la participaci\u00f3n ciudadana en la definici\u00f3n de las pr\u00f3ximas obras. En este sentido, anunci\u00f3 que en las pr\u00f3ximas semanas se llevar\u00e1 a cabo una consulta p\u00fablica para que los habitantes de Santa Rosa J\u00e1uregui puedan expresar sus necesidades y prioridades en materia de infraestructura, servicios p\u00fablicos y seguridad.<\/p>\n<p>&nbsp;<\/p>\n<p style=\"text-align: justify;\" data-sourcepos=\"15:1-15:277\"><strong>&#8220;Queremos que los ciudadanos sean part\u00edcipes activos en la transformaci\u00f3n de su comunidad&#8221;<\/strong>, se\u00f1al\u00f3 Mac\u00edas. &#8220;Sus opiniones ser\u00e1n fundamentales para definir el Plan de Obra Anual y garantizar que las inversiones se realicen en las \u00e1reas que m\u00e1s lo necesitan&#8221;.<\/p>\n<p>&nbsp;<\/p>\n<p style=\"text-align: center;\" data-sourcepos=\"15:1-15:277\"><em><strong>\u00a1Informaci\u00f3n que transforma!<\/strong><\/em><\/p>\n","protected":false},"excerpt":{"rendered":"<p>El presidente municipal de Quer\u00e9taro, Felifer Mac\u00edas, anunci\u00f3 el inicio de una nueva etapa de desarrollo para Santa Rosa J\u00e1uregui con la entrega de la primera etapa de la Regeneraci\u00f3n Urbana Integral.<\/p>\n","protected":false},"author":3,"featured_media":5084,"comment_status":"open","ping_status":"open","sticky":false,"template":"","format":"standard","meta":{"footnotes":""},"categories":[65,58],"tags":[1238,133,1802,575],"class_list":["post-5083","post","type-post","status-publish","format-standard","has-post-thumbnail","hentry","category-municipios","category-ultima-hora","tag-participacionciudadana","tag-queretaro","tag-regeneracionurbana","tag-santarosajauregui"],"yoast_head":"<!-- This site is optimized with the Yoast SEO plugin v25.0 - https:\/\/yoast.com\/wordpress\/plugins\/seo\/ -->\n<title>Santa Rosa J\u00e1uregui inicia una nueva era con inversi\u00f3n en regeneraci\u00f3n urbana | Nexo Informativo Santiago de Quer\u00e9taro<\/title>\n<meta name=\"description\" content=\"Santa Rosa J\u00e1uregui inicia una nueva era con inversi\u00f3n en regeneraci\u00f3n urbana\" \/>\n<meta name=\"robots\" content=\"index, follow, max-snippet:-1, max-image-preview:large, max-video-preview:-1\" \/>\n<link rel=\"canonical\" href=\"https:\/\/www.nexoinformativo.mx\/index.php\/2024\/10\/31\/santa-rosa-jauregui-inicia-una-nueva-era-con-inversion-en-regeneracion-urbana\/\" \/>\n<meta property=\"og:locale\" content=\"es_MX\" \/>\n<meta property=\"og:type\" content=\"article\" \/>\n<meta property=\"og:title\" content=\"Santa Rosa J\u00e1uregui inicia una nueva era con inversi\u00f3n en regeneraci\u00f3n urbana | Nexo Informativo Santiago de Quer\u00e9taro\" \/>\n<meta property=\"og:description\" content=\"Santa Rosa J\u00e1uregui inicia una nueva era con inversi\u00f3n en regeneraci\u00f3n urbana\" \/>\n<meta property=\"og:url\" content=\"https:\/\/www.nexoinformativo.mx\/index.php\/2024\/10\/31\/santa-rosa-jauregui-inicia-una-nueva-era-con-inversion-en-regeneracion-urbana\/\" \/>\n<meta property=\"og:site_name\" content=\"Nexo Informativo Santiago de Quer\u00e9taro\" \/>\n<meta property=\"article:publisher\" content=\"https:\/\/www.facebook.com\/people\/Nexo-Informativo\/61564066885511\/\" \/>\n<meta property=\"article:published_time\" content=\"2024-11-01T00:00:31+00:00\" \/>\n<meta property=\"article:modified_time\" content=\"2024-11-01T01:36:32+00:00\" \/>\n<meta property=\"og:image\" content=\"https:\/\/www.nexoinformativo.mx\/wp-content\/uploads\/2024\/10\/PHOTO-2024-10-31-18-43-09-e1730424738684.jpg\" \/>\n\t<meta property=\"og:image:width\" content=\"700\" \/>\n\t<meta property=\"og:image:height\" content=\"875\" \/>\n\t<meta property=\"og:image:type\" content=\"image\/jpeg\" \/>\n<meta name=\"author\" content=\"Nexo Informativo\" \/>\n<meta name=\"twitter:card\" content=\"summary_large_image\" \/>\n<meta name=\"twitter:label1\" content=\"Escrito por\" \/>\n\t<meta name=\"twitter:data1\" content=\"Nexo Informativo\" \/>\n\t<meta name=\"twitter:label2\" content=\"Tiempo de lectura\" \/>\n\t<meta name=\"twitter:data2\" content=\"2 minutos\" \/>\n<script type=\"application\/ld+json\" class=\"yoast-schema-graph\">{\"@context\":\"https:\/\/schema.org\",\"@graph\":[{\"@type\":\"Article\",\"@id\":\"https:\/\/www.nexoinformativo.mx\/index.php\/2024\/10\/31\/santa-rosa-jauregui-inicia-una-nueva-era-con-inversion-en-regeneracion-urbana\/#article\",\"isPartOf\":{\"@id\":\"https:\/\/www.nexoinformativo.mx\/index.php\/2024\/10\/31\/santa-rosa-jauregui-inicia-una-nueva-era-con-inversion-en-regeneracion-urbana\/\"},\"author\":{\"name\":\"Nexo Informativo\",\"@id\":\"https:\/\/www.nexoinformativo.mx\/#\/schema\/person\/7749d380ba08c8ca00d7bc76fd907b7d\"},\"headline\":\"Santa Rosa J\u00e1uregui inicia una nueva era con inversi\u00f3n en regeneraci\u00f3n urbana\",\"datePublished\":\"2024-11-01T00:00:31+00:00\",\"dateModified\":\"2024-11-01T01:36:32+00:00\",\"mainEntityOfPage\":{\"@id\":\"https:\/\/www.nexoinformativo.mx\/index.php\/2024\/10\/31\/santa-rosa-jauregui-inicia-una-nueva-era-con-inversion-en-regeneracion-urbana\/\"},\"wordCount\":309,\"commentCount\":0,\"publisher\":{\"@id\":\"https:\/\/www.nexoinformativo.mx\/#organization\"},\"image\":{\"@id\":\"https:\/\/www.nexoinformativo.mx\/index.php\/2024\/10\/31\/santa-rosa-jauregui-inicia-una-nueva-era-con-inversion-en-regeneracion-urbana\/#primaryimage\"},\"thumbnailUrl\":\"https:\/\/www.nexoinformativo.mx\/wp-content\/uploads\/2024\/10\/PHOTO-2024-10-31-18-43-09-e1730424738684.jpg\",\"keywords\":[\"Participaci\u00f3nCiudadana\",\"Quer\u00e9taro\",\"Regeneraci\u00f3nUrbana\",\"SantaRosaJ\u00e1uregui\"],\"articleSection\":[\"Municipios\",\"\u00daltima Hora\"],\"inLanguage\":\"es\",\"potentialAction\":[{\"@type\":\"CommentAction\",\"name\":\"Comment\",\"target\":[\"https:\/\/www.nexoinformativo.mx\/index.php\/2024\/10\/31\/santa-rosa-jauregui-inicia-una-nueva-era-con-inversion-en-regeneracion-urbana\/#respond\"]}]},{\"@type\":\"WebPage\",\"@id\":\"https:\/\/www.nexoinformativo.mx\/index.php\/2024\/10\/31\/santa-rosa-jauregui-inicia-una-nueva-era-con-inversion-en-regeneracion-urbana\/\",\"url\":\"https:\/\/www.nexoinformativo.mx\/index.php\/2024\/10\/31\/santa-rosa-jauregui-inicia-una-nueva-era-con-inversion-en-regeneracion-urbana\/\",\"name\":\"Santa Rosa J\u00e1uregui inicia una nueva era con inversi\u00f3n en regeneraci\u00f3n urbana | Nexo Informativo Santiago de Quer\u00e9taro\",\"isPartOf\":{\"@id\":\"https:\/\/www.nexoinformativo.mx\/#website\"},\"primaryImageOfPage\":{\"@id\":\"https:\/\/www.nexoinformativo.mx\/index.php\/2024\/10\/31\/santa-rosa-jauregui-inicia-una-nueva-era-con-inversion-en-regeneracion-urbana\/#primaryimage\"},\"image\":{\"@id\":\"https:\/\/www.nexoinformativo.mx\/index.php\/2024\/10\/31\/santa-rosa-jauregui-inicia-una-nueva-era-con-inversion-en-regeneracion-urbana\/#primaryimage\"},\"thumbnailUrl\":\"https:\/\/www.nexoinformativo.mx\/wp-content\/uploads\/2024\/10\/PHOTO-2024-10-31-18-43-09-e1730424738684.jpg\",\"datePublished\":\"2024-11-01T00:00:31+00:00\",\"dateModified\":\"2024-11-01T01:36:32+00:00\",\"description\":\"Santa Rosa J\u00e1uregui inicia una nueva era con inversi\u00f3n en regeneraci\u00f3n urbana\",\"breadcrumb\":{\"@id\":\"https:\/\/www.nexoinformativo.mx\/index.php\/2024\/10\/31\/santa-rosa-jauregui-inicia-una-nueva-era-con-inversion-en-regeneracion-urbana\/#breadcrumb\"},\"inLanguage\":\"es\",\"potentialAction\":[{\"@type\":\"ReadAction\",\"target\":[\"https:\/\/www.nexoinformativo.mx\/index.php\/2024\/10\/31\/santa-rosa-jauregui-inicia-una-nueva-era-con-inversion-en-regeneracion-urbana\/\"]}]},{\"@type\":\"ImageObject\",\"inLanguage\":\"es\",\"@id\":\"https:\/\/www.nexoinformativo.mx\/index.php\/2024\/10\/31\/santa-rosa-jauregui-inicia-una-nueva-era-con-inversion-en-regeneracion-urbana\/#primaryimage\",\"url\":\"https:\/\/www.nexoinformativo.mx\/wp-content\/uploads\/2024\/10\/PHOTO-2024-10-31-18-43-09-e1730424738684.jpg\",\"contentUrl\":\"https:\/\/www.nexoinformativo.mx\/wp-content\/uploads\/2024\/10\/PHOTO-2024-10-31-18-43-09-e1730424738684.jpg\",\"width\":700,\"height\":875},{\"@type\":\"BreadcrumbList\",\"@id\":\"https:\/\/www.nexoinformativo.mx\/index.php\/2024\/10\/31\/santa-rosa-jauregui-inicia-una-nueva-era-con-inversion-en-regeneracion-urbana\/#breadcrumb\",\"itemListElement\":[{\"@type\":\"ListItem\",\"position\":1,\"name\":\"Inicio\",\"item\":\"https:\/\/www.nexoinformativo.mx\/\"},{\"@type\":\"ListItem\",\"position\":2,\"name\":\"Santa Rosa J\u00e1uregui inicia una nueva era con inversi\u00f3n en regeneraci\u00f3n urbana\"}]},{\"@type\":\"WebSite\",\"@id\":\"https:\/\/www.nexoinformativo.mx\/#website\",\"url\":\"https:\/\/www.nexoinformativo.mx\/\",\"name\":\"Nexo Informativo Santiago de Quer\u00e9taro\",\"description\":\"Explora NexoInformativo y convi\u00e9rtete en parte de una comunidad que valora el conocimiento y la verdad. Tu nexoinformativo es tu puente hacia una comprensi\u00f3n m\u00e1s profunda del mundo que te rodea.\",\"publisher\":{\"@id\":\"https:\/\/www.nexoinformativo.mx\/#organization\"},\"potentialAction\":[{\"@type\":\"SearchAction\",\"target\":{\"@type\":\"EntryPoint\",\"urlTemplate\":\"https:\/\/www.nexoinformativo.mx\/?s={search_term_string}\"},\"query-input\":{\"@type\":\"PropertyValueSpecification\",\"valueRequired\":true,\"valueName\":\"search_term_string\"}}],\"inLanguage\":\"es\"},{\"@type\":\"Organization\",\"@id\":\"https:\/\/www.nexoinformativo.mx\/#organization\",\"name\":\"Nexo Informativo Santiago de Quer\u00e9taro\",\"url\":\"https:\/\/www.nexoinformativo.mx\/\",\"logo\":{\"@type\":\"ImageObject\",\"inLanguage\":\"es\",\"@id\":\"https:\/\/www.nexoinformativo.mx\/#\/schema\/logo\/image\/\",\"url\":\"https:\/\/www.nexoinformativo.mx\/wp-content\/uploads\/2024\/07\/nexoi-trasparente-2.png\",\"contentUrl\":\"https:\/\/www.nexoinformativo.mx\/wp-content\/uploads\/2024\/07\/nexoi-trasparente-2.png\",\"width\":816,\"height\":339,\"caption\":\"Nexo Informativo Santiago de Quer\u00e9taro\"},\"image\":{\"@id\":\"https:\/\/www.nexoinformativo.mx\/#\/schema\/logo\/image\/\"},\"sameAs\":[\"https:\/\/www.facebook.com\/people\/Nexo-Informativo\/61564066885511\/\"]},{\"@type\":\"Person\",\"@id\":\"https:\/\/www.nexoinformativo.mx\/#\/schema\/person\/7749d380ba08c8ca00d7bc76fd907b7d\",\"name\":\"Nexo Informativo\",\"image\":{\"@type\":\"ImageObject\",\"inLanguage\":\"es\",\"@id\":\"https:\/\/www.nexoinformativo.mx\/#\/schema\/person\/image\/\",\"url\":\"https:\/\/secure.gravatar.com\/avatar\/dde2928154642a13d95f87ddf1ea9718fe2b46760a005c53e41ff5ad610704e6?s=96&d=mm&r=g\",\"contentUrl\":\"https:\/\/secure.gravatar.com\/avatar\/dde2928154642a13d95f87ddf1ea9718fe2b46760a005c53e41ff5ad610704e6?s=96&d=mm&r=g\",\"caption\":\"Nexo Informativo\"},\"url\":\"https:\/\/www.nexoinformativo.mx\/index.php\/author\/edicion\/\"}]}<\/script>\n<!-- \/ Yoast SEO plugin. -->","yoast_head_json":{"title":"Santa Rosa J\u00e1uregui inicia una nueva era con inversi\u00f3n en regeneraci\u00f3n urbana | Nexo Informativo Santiago de Quer\u00e9taro","description":"Santa Rosa J\u00e1uregui inicia una nueva era con inversi\u00f3n en regeneraci\u00f3n urbana","robots":{"index":"index","follow":"follow","max-snippet":"max-snippet:-1","max-image-preview":"max-image-preview:large","max-video-preview":"max-video-preview:-1"},"canonical":"https:\/\/www.nexoinformativo.mx\/index.php\/2024\/10\/31\/santa-rosa-jauregui-inicia-una-nueva-era-con-inversion-en-regeneracion-urbana\/","og_locale":"es_MX","og_type":"article","og_title":"Santa Rosa J\u00e1uregui inicia una nueva era con inversi\u00f3n en regeneraci\u00f3n urbana | Nexo Informativo Santiago de Quer\u00e9taro","og_description":"Santa Rosa J\u00e1uregui inicia una nueva era con inversi\u00f3n en regeneraci\u00f3n urbana","og_url":"https:\/\/www.nexoinformativo.mx\/index.php\/2024\/10\/31\/santa-rosa-jauregui-inicia-una-nueva-era-con-inversion-en-regeneracion-urbana\/","og_site_name":"Nexo Informativo Santiago de Quer\u00e9taro","article_publisher":"https:\/\/www.facebook.com\/people\/Nexo-Informativo\/61564066885511\/","article_published_time":"2024-11-01T00:00:31+00:00","article_modified_time":"2024-11-01T01:36:32+00:00","og_image":[{"width":700,"height":875,"url":"https:\/\/www.nexoinformativo.mx\/wp-content\/uploads\/2024\/10\/PHOTO-2024-10-31-18-43-09-e1730424738684.jpg","type":"image\/jpeg"}],"author":"Nexo Informativo","twitter_card":"summary_large_image","twitter_misc":{"Escrito por":"Nexo Informativo","Tiempo de lectura":"2 minutos"},"schema":{"@context":"https:\/\/schema.org","@graph":[{"@type":"Article","@id":"https:\/\/www.nexoinformativo.mx\/index.php\/2024\/10\/31\/santa-rosa-jauregui-inicia-una-nueva-era-con-inversion-en-regeneracion-urbana\/#article","isPartOf":{"@id":"https:\/\/www.nexoinformativo.mx\/index.php\/2024\/10\/31\/santa-rosa-jauregui-inicia-una-nueva-era-con-inversion-en-regeneracion-urbana\/"},"author":{"name":"Nexo Informativo","@id":"https:\/\/www.nexoinformativo.mx\/#\/schema\/person\/7749d380ba08c8ca00d7bc76fd907b7d"},"headline":"Santa Rosa J\u00e1uregui inicia una nueva era con inversi\u00f3n en regeneraci\u00f3n urbana","datePublished":"2024-11-01T00:00:31+00:00","dateModified":"2024-11-01T01:36:32+00:00","mainEntityOfPage":{"@id":"https:\/\/www.nexoinformativo.mx\/index.php\/2024\/10\/31\/santa-rosa-jauregui-inicia-una-nueva-era-con-inversion-en-regeneracion-urbana\/"},"wordCount":309,"commentCount":0,"publisher":{"@id":"https:\/\/www.nexoinformativo.mx\/#organization"},"image":{"@id":"https:\/\/www.nexoinformativo.mx\/index.php\/2024\/10\/31\/santa-rosa-jauregui-inicia-una-nueva-era-con-inversion-en-regeneracion-urbana\/#primaryimage"},"thumbnailUrl":"https:\/\/www.nexoinformativo.mx\/wp-content\/uploads\/2024\/10\/PHOTO-2024-10-31-18-43-09-e1730424738684.jpg","keywords":["Participaci\u00f3nCiudadana","Quer\u00e9taro","Regeneraci\u00f3nUrbana","SantaRosaJ\u00e1uregui"],"articleSection":["Municipios","\u00daltima Hora"],"inLanguage":"es","potentialAction":[{"@type":"CommentAction","name":"Comment","target":["https:\/\/www.nexoinformativo.mx\/index.php\/2024\/10\/31\/santa-rosa-jauregui-inicia-una-nueva-era-con-inversion-en-regeneracion-urbana\/#respond"]}]},{"@type":"WebPage","@id":"https:\/\/www.nexoinformativo.mx\/index.php\/2024\/10\/31\/santa-rosa-jauregui-inicia-una-nueva-era-con-inversion-en-regeneracion-urbana\/","url":"https:\/\/www.nexoinformativo.mx\/index.php\/2024\/10\/31\/santa-rosa-jauregui-inicia-una-nueva-era-con-inversion-en-regeneracion-urbana\/","name":"Santa Rosa J\u00e1uregui inicia una nueva era con inversi\u00f3n en regeneraci\u00f3n urbana | Nexo Informativo Santiago de Quer\u00e9taro","isPartOf":{"@id":"https:\/\/www.nexoinformativo.mx\/#website"},"primaryImageOfPage":{"@id":"https:\/\/www.nexoinformativo.mx\/index.php\/2024\/10\/31\/santa-rosa-jauregui-inicia-una-nueva-era-con-inversion-en-regeneracion-urbana\/#primaryimage"},"image":{"@id":"https:\/\/www.nexoinformativo.mx\/index.php\/2024\/10\/31\/santa-rosa-jauregui-inicia-una-nueva-era-con-inversion-en-regeneracion-urbana\/#primaryimage"},"thumbnailUrl":"https:\/\/www.nexoinformativo.mx\/wp-content\/uploads\/2024\/10\/PHOTO-2024-10-31-18-43-09-e1730424738684.jpg","datePublished":"2024-11-01T00:00:31+00:00","dateModified":"2024-11-01T01:36:32+00:00","description":"Santa Rosa J\u00e1uregui inicia una nueva era con inversi\u00f3n en regeneraci\u00f3n urbana","breadcrumb":{"@id":"https:\/\/www.nexoinformativo.mx\/index.php\/2024\/10\/31\/santa-rosa-jauregui-inicia-una-nueva-era-con-inversion-en-regeneracion-urbana\/#breadcrumb"},"inLanguage":"es","potentialAction":[{"@type":"ReadAction","target":["https:\/\/www.nexoinformativo.mx\/index.php\/2024\/10\/31\/santa-rosa-jauregui-inicia-una-nueva-era-con-inversion-en-regeneracion-urbana\/"]}]},{"@type":"ImageObject","inLanguage":"es","@id":"https:\/\/www.nexoinformativo.mx\/index.php\/2024\/10\/31\/santa-rosa-jauregui-inicia-una-nueva-era-con-inversion-en-regeneracion-urbana\/#primaryimage","url":"https:\/\/www.nexoinformativo.mx\/wp-content\/uploads\/2024\/10\/PHOTO-2024-10-31-18-43-09-e1730424738684.jpg","contentUrl":"https:\/\/www.nexoinformativo.mx\/wp-content\/uploads\/2024\/10\/PHOTO-2024-10-31-18-43-09-e1730424738684.jpg","width":700,"height":875},{"@type":"BreadcrumbList","@id":"https:\/\/www.nexoinformativo.mx\/index.php\/2024\/10\/31\/santa-rosa-jauregui-inicia-una-nueva-era-con-inversion-en-regeneracion-urbana\/#breadcrumb","itemListElement":[{"@type":"ListItem","position":1,"name":"Inicio","item":"https:\/\/www.nexoinformativo.mx\/"},{"@type":"ListItem","position":2,"name":"Santa Rosa J\u00e1uregui inicia una nueva era con inversi\u00f3n en regeneraci\u00f3n urbana"}]},{"@type":"WebSite","@id":"https:\/\/www.nexoinformativo.mx\/#website","url":"https:\/\/www.nexoinformativo.mx\/","name":"Nexo Informativo Santiago de Quer\u00e9taro","description":"Explora NexoInformativo y convi\u00e9rtete en parte de una comunidad que valora el conocimiento y la verdad. Tu nexoinformativo es tu puente hacia una comprensi\u00f3n m\u00e1s profunda del mundo que te rodea.","publisher":{"@id":"https:\/\/www.nexoinformativo.mx\/#organization"},"potentialAction":[{"@type":"SearchAction","target":{"@type":"EntryPoint","urlTemplate":"https:\/\/www.nexoinformativo.mx\/?s={search_term_string}"},"query-input":{"@type":"PropertyValueSpecification","valueRequired":true,"valueName":"search_term_string"}}],"inLanguage":"es"},{"@type":"Organization","@id":"https:\/\/www.nexoinformativo.mx\/#organization","name":"Nexo Informativo Santiago de Quer\u00e9taro","url":"https:\/\/www.nexoinformativo.mx\/","logo":{"@type":"ImageObject","inLanguage":"es","@id":"https:\/\/www.nexoinformativo.mx\/#\/schema\/logo\/image\/","url":"https:\/\/www.nexoinformativo.mx\/wp-content\/uploads\/2024\/07\/nexoi-trasparente-2.png","contentUrl":"https:\/\/www.nexoinformativo.mx\/wp-content\/uploads\/2024\/07\/nexoi-trasparente-2.png","width":816,"height":339,"caption":"Nexo Informativo Santiago de Quer\u00e9taro"},"image":{"@id":"https:\/\/www.nexoinformativo.mx\/#\/schema\/logo\/image\/"},"sameAs":["https:\/\/www.facebook.com\/people\/Nexo-Informativo\/61564066885511\/"]},{"@type":"Person","@id":"https:\/\/www.nexoinformativo.mx\/#\/schema\/person\/7749d380ba08c8ca00d7bc76fd907b7d","name":"Nexo Informativo","image":{"@type":"ImageObject","inLanguage":"es","@id":"https:\/\/www.nexoinformativo.mx\/#\/schema\/person\/image\/","url":"https:\/\/secure.gravatar.com\/avatar\/dde2928154642a13d95f87ddf1ea9718fe2b46760a005c53e41ff5ad610704e6?s=96&d=mm&r=g","contentUrl":"https:\/\/secure.gravatar.com\/avatar\/dde2928154642a13d95f87ddf1ea9718fe2b46760a005c53e41ff5ad610704e6?s=96&d=mm&r=g","caption":"Nexo Informativo"},"url":"https:\/\/www.nexoinformativo.mx\/index.php\/author\/edicion\/"}]}},"_links":{"self":[{"href":"https:\/\/www.nexoinformativo.mx\/index.php\/wp-json\/wp\/v2\/posts\/5083","targetHints":{"allow":["GET"]}}],"collection":[{"href":"https:\/\/www.nexoinformativo.mx\/index.php\/wp-json\/wp\/v2\/posts"}],"about":[{"href":"https:\/\/www.nexoinformativo.mx\/index.php\/wp-json\/wp\/v2\/types\/post"}],"author":[{"embeddable":true,"href":"https:\/\/www.nexoinformativo.mx\/index.php\/wp-json\/wp\/v2\/users\/3"}],"replies":[{"embeddable":true,"href":"https:\/\/www.nexoinformativo.mx\/index.php\/wp-json\/wp\/v2\/comments?post=5083"}],"version-history":[{"count":4,"href":"https:\/\/www.nexoinformativo.mx\/index.php\/wp-json\/wp\/v2\/posts\/5083\/revisions"}],"predecessor-version":[{"id":5088,"href":"https:\/\/www.nexoinformativo.mx\/index.php\/wp-json\/wp\/v2\/posts\/5083\/revisions\/5088"}],"wp:featuredmedia":[{"embeddable":true,"href":"https:\/\/www.nexoinformativo.mx\/index.php\/wp-json\/wp\/v2\/media\/5084"}],"wp:attachment":[{"href":"https:\/\/www.nexoinformativo.mx\/index.php\/wp-json\/wp\/v2\/media?parent=5083"}],"wp:term":[{"taxonomy":"category","embeddable":true,"href":"https:\/\/www.nexoinformativo.mx\/index.php\/wp-json\/wp\/v2\/categories?post=5083"},{"taxonomy":"post_tag","embeddable":true,"href":"https:\/\/www.nexoinformativo.mx\/index.php\/wp-json\/wp\/v2\/tags?post=5083"}],"curies":[{"name":"wp","href":"https:\/\/api.w.org\/{rel}","templated":true}]}}