{"id":5114,"date":"2024-11-01T09:30:06","date_gmt":"2024-11-01T15:30:06","guid":{"rendered":"https:\/\/www.nexoinformativo.mx\/?p=5114"},"modified":"2024-11-01T11:24:18","modified_gmt":"2024-11-01T17:24:18","slug":"presidenta-municipal-guadalupe-ramirez-pinal-de-amoles-se-ilumina-con-el-camino-de-luz-para-celebrar-el-dia-de-muertos","status":"publish","type":"post","link":"https:\/\/www.nexoinformativo.mx\/index.php\/2024\/11\/01\/presidenta-municipal-guadalupe-ramirez-pinal-de-amoles-se-ilumina-con-el-camino-de-luz-para-celebrar-el-dia-de-muertos\/","title":{"rendered":"Presidenta municipal Guadalupe Ram\u00edrez: Pinal de Amoles se ilumina con el &#8220;Camino de Luz&#8221; para celebrar el D\u00eda de Muertos"},"content":{"rendered":"<p style=\"text-align: justify;\" data-sourcepos=\"5:1-5:350\">La magia de las festividades de D\u00eda de Muertos se apoderar\u00e1 de Pinal de Amoles con el tradicional &#8220;Camino de Luz&#8221;. Este a\u00f1o, la presidenta municipal, Guadalupe Ram\u00edrez, anunci\u00f3 que ya se encuentran \u00a0los preparativos listos para recibir a miles de visitantes que se dar\u00e1n cita en este Pueblo M\u00e1gico.<\/p>\n<p>&nbsp;<\/p>\n<p style=\"text-align: justify;\" data-sourcepos=\"7:1-7:321\">Desde ayer 31 de octubre, la plaza principal se ilumina con un espectacular camino de flores de cempas\u00fachil y veladoras, creando un ambiente m\u00e1gico y lleno de tradici\u00f3n. Este camino, elaborado por comerciantes, prestadores de servicios y habitantes locales, guiar\u00e1 a las almas de los difuntos hasta un altar monumental.<\/p>\n<p>&nbsp;<\/p>\n<p style=\"text-align: justify;\" data-sourcepos=\"9:1-9:250\"><strong>&#8220;El Camino de Luz es una tradici\u00f3n que nos llena de orgullo y nos permite honrar a nuestros seres queridos&#8221;<\/strong>, expres\u00f3 la alcaldesa. &#8220;Esperamos recibir a cientos de visitantes de diferentes partes del pa\u00eds e incluso del extranjero&#8221;.<\/p>\n<p>&nbsp;<\/p>\n<p style=\"text-align: justify;\" data-sourcepos=\"13:1-13:289\">Adem\u00e1s de ser una celebraci\u00f3n cultural, el &#8220;Camino de Luz&#8221; representa una importante fuente de ingresos para la comunidad. Se estima que este evento dejar\u00e1 una derrama econ\u00f3mica de 5 millones de pesos, beneficiando a comerciantes, hoteleros y prestadores de servicios tur\u00edsticos.<\/p>\n<p>&nbsp;<\/p>\n<p style=\"text-align: justify;\" data-sourcepos=\"17:1-17:233\">Para complementar la celebraci\u00f3n, se llevar\u00e1n a cabo diversas actividades como concursos de altares, catrinas y danzas tradicionales. Estos eventos permitir\u00e1n a los visitantes sumergirse a\u00fan m\u00e1s en la rica cultura de Pinal de Amoles.<\/p>\n<p>&nbsp;<\/p>\n<p style=\"text-align: center;\" data-sourcepos=\"17:1-17:233\"><em><strong>\u00a1Informaci\u00f3n que transforma!<\/strong><\/em><\/p>\n","protected":false},"excerpt":{"rendered":"<p>La magia de las festividades de D\u00eda de Muertos se apoderar\u00e1 de Pinal de Amoles con el tradicional &#8220;Camino de Luz&#8221;.<\/p>\n","protected":false},"author":3,"featured_media":5115,"comment_status":"open","ping_status":"open","sticky":false,"template":"","format":"standard","meta":{"footnotes":""},"categories":[50,65,58],"tags":[1813,1287,601,133],"class_list":["post-5114","post","type-post","status-publish","format-standard","has-post-thumbnail","hentry","category-espectaculos","category-municipios","category-ultima-hora","tag-caminodeluz","tag-diademuertos","tag-pinaldeamoles","tag-queretaro"],"yoast_head":"<!-- This site is optimized with the Yoast SEO plugin v25.0 - https:\/\/yoast.com\/wordpress\/plugins\/seo\/ -->\n<title>Presidenta municipal Guadalupe Ram\u00edrez: Pinal de Amoles se ilumina con el &quot;Camino de Luz&quot; para celebrar el D\u00eda de Muertos | Nexo Informativo Santiago de Quer\u00e9taro<\/title>\n<meta name=\"description\" content=\"Presidenta municipal Guadalupe Ram\u00edrez: Pinal de Amoles se ilumina con el &quot;Camino de Luz&quot; para celebrar el D\u00eda de Muertos\" \/>\n<meta name=\"robots\" content=\"index, follow, max-snippet:-1, max-image-preview:large, max-video-preview:-1\" \/>\n<link rel=\"canonical\" href=\"https:\/\/www.nexoinformativo.mx\/index.php\/2024\/11\/01\/presidenta-municipal-guadalupe-ramirez-pinal-de-amoles-se-ilumina-con-el-camino-de-luz-para-celebrar-el-dia-de-muertos\/\" \/>\n<meta property=\"og:locale\" content=\"es_MX\" \/>\n<meta property=\"og:type\" content=\"article\" \/>\n<meta property=\"og:title\" content=\"Presidenta municipal Guadalupe Ram\u00edrez: Pinal de Amoles se ilumina con el &quot;Camino de Luz&quot; para celebrar el D\u00eda de Muertos | Nexo Informativo Santiago de Quer\u00e9taro\" \/>\n<meta property=\"og:description\" content=\"Presidenta municipal Guadalupe Ram\u00edrez: Pinal de Amoles se ilumina con el &quot;Camino de Luz&quot; para celebrar el D\u00eda de Muertos\" \/>\n<meta property=\"og:url\" content=\"https:\/\/www.nexoinformativo.mx\/index.php\/2024\/11\/01\/presidenta-municipal-guadalupe-ramirez-pinal-de-amoles-se-ilumina-con-el-camino-de-luz-para-celebrar-el-dia-de-muertos\/\" \/>\n<meta property=\"og:site_name\" content=\"Nexo Informativo Santiago de Quer\u00e9taro\" \/>\n<meta property=\"article:publisher\" content=\"https:\/\/www.facebook.com\/people\/Nexo-Informativo\/61564066885511\/\" \/>\n<meta property=\"article:published_time\" content=\"2024-11-01T15:30:06+00:00\" \/>\n<meta property=\"article:modified_time\" content=\"2024-11-01T17:24:18+00:00\" \/>\n<meta property=\"og:image\" content=\"https:\/\/www.nexoinformativo.mx\/wp-content\/uploads\/2024\/11\/cf61809a-cbee-467d-90f3-065126ddec46.jpg\" \/>\n\t<meta property=\"og:image:width\" content=\"599\" \/>\n\t<meta property=\"og:image:height\" content=\"398\" \/>\n\t<meta property=\"og:image:type\" content=\"image\/jpeg\" \/>\n<meta name=\"author\" content=\"Nexo Informativo\" \/>\n<meta name=\"twitter:card\" content=\"summary_large_image\" \/>\n<meta name=\"twitter:label1\" content=\"Escrito por\" \/>\n\t<meta name=\"twitter:data1\" content=\"Nexo Informativo\" \/>\n\t<meta name=\"twitter:label2\" content=\"Tiempo de lectura\" \/>\n\t<meta name=\"twitter:data2\" content=\"2 minutos\" \/>\n<script type=\"application\/ld+json\" class=\"yoast-schema-graph\">{\"@context\":\"https:\/\/schema.org\",\"@graph\":[{\"@type\":\"Article\",\"@id\":\"https:\/\/www.nexoinformativo.mx\/index.php\/2024\/11\/01\/presidenta-municipal-guadalupe-ramirez-pinal-de-amoles-se-ilumina-con-el-camino-de-luz-para-celebrar-el-dia-de-muertos\/#article\",\"isPartOf\":{\"@id\":\"https:\/\/www.nexoinformativo.mx\/index.php\/2024\/11\/01\/presidenta-municipal-guadalupe-ramirez-pinal-de-amoles-se-ilumina-con-el-camino-de-luz-para-celebrar-el-dia-de-muertos\/\"},\"author\":{\"name\":\"Nexo Informativo\",\"@id\":\"https:\/\/www.nexoinformativo.mx\/#\/schema\/person\/7749d380ba08c8ca00d7bc76fd907b7d\"},\"headline\":\"Presidenta municipal Guadalupe Ram\u00edrez: Pinal de Amoles se ilumina con el &#8220;Camino de Luz&#8221; para celebrar el D\u00eda de Muertos\",\"datePublished\":\"2024-11-01T15:30:06+00:00\",\"dateModified\":\"2024-11-01T17:24:18+00:00\",\"mainEntityOfPage\":{\"@id\":\"https:\/\/www.nexoinformativo.mx\/index.php\/2024\/11\/01\/presidenta-municipal-guadalupe-ramirez-pinal-de-amoles-se-ilumina-con-el-camino-de-luz-para-celebrar-el-dia-de-muertos\/\"},\"wordCount\":263,\"commentCount\":0,\"publisher\":{\"@id\":\"https:\/\/www.nexoinformativo.mx\/#organization\"},\"image\":{\"@id\":\"https:\/\/www.nexoinformativo.mx\/index.php\/2024\/11\/01\/presidenta-municipal-guadalupe-ramirez-pinal-de-amoles-se-ilumina-con-el-camino-de-luz-para-celebrar-el-dia-de-muertos\/#primaryimage\"},\"thumbnailUrl\":\"https:\/\/www.nexoinformativo.mx\/wp-content\/uploads\/2024\/11\/cf61809a-cbee-467d-90f3-065126ddec46.jpg\",\"keywords\":[\"CaminoDeLuz\",\"D\u00edaDeMuertos\",\"PinalDeAmoles\",\"Quer\u00e9taro\"],\"articleSection\":[\"Espect\u00e1culos\",\"Municipios\",\"\u00daltima Hora\"],\"inLanguage\":\"es\",\"potentialAction\":[{\"@type\":\"CommentAction\",\"name\":\"Comment\",\"target\":[\"https:\/\/www.nexoinformativo.mx\/index.php\/2024\/11\/01\/presidenta-municipal-guadalupe-ramirez-pinal-de-amoles-se-ilumina-con-el-camino-de-luz-para-celebrar-el-dia-de-muertos\/#respond\"]}]},{\"@type\":\"WebPage\",\"@id\":\"https:\/\/www.nexoinformativo.mx\/index.php\/2024\/11\/01\/presidenta-municipal-guadalupe-ramirez-pinal-de-amoles-se-ilumina-con-el-camino-de-luz-para-celebrar-el-dia-de-muertos\/\",\"url\":\"https:\/\/www.nexoinformativo.mx\/index.php\/2024\/11\/01\/presidenta-municipal-guadalupe-ramirez-pinal-de-amoles-se-ilumina-con-el-camino-de-luz-para-celebrar-el-dia-de-muertos\/\",\"name\":\"Presidenta municipal Guadalupe Ram\u00edrez: Pinal de Amoles se ilumina con el \\\"Camino de Luz\\\" para celebrar el D\u00eda de Muertos | Nexo Informativo Santiago de Quer\u00e9taro\",\"isPartOf\":{\"@id\":\"https:\/\/www.nexoinformativo.mx\/#website\"},\"primaryImageOfPage\":{\"@id\":\"https:\/\/www.nexoinformativo.mx\/index.php\/2024\/11\/01\/presidenta-municipal-guadalupe-ramirez-pinal-de-amoles-se-ilumina-con-el-camino-de-luz-para-celebrar-el-dia-de-muertos\/#primaryimage\"},\"image\":{\"@id\":\"https:\/\/www.nexoinformativo.mx\/index.php\/2024\/11\/01\/presidenta-municipal-guadalupe-ramirez-pinal-de-amoles-se-ilumina-con-el-camino-de-luz-para-celebrar-el-dia-de-muertos\/#primaryimage\"},\"thumbnailUrl\":\"https:\/\/www.nexoinformativo.mx\/wp-content\/uploads\/2024\/11\/cf61809a-cbee-467d-90f3-065126ddec46.jpg\",\"datePublished\":\"2024-11-01T15:30:06+00:00\",\"dateModified\":\"2024-11-01T17:24:18+00:00\",\"description\":\"Presidenta municipal Guadalupe Ram\u00edrez: Pinal de Amoles se ilumina con el \\\"Camino de Luz\\\" para celebrar el D\u00eda de Muertos\",\"breadcrumb\":{\"@id\":\"https:\/\/www.nexoinformativo.mx\/index.php\/2024\/11\/01\/presidenta-municipal-guadalupe-ramirez-pinal-de-amoles-se-ilumina-con-el-camino-de-luz-para-celebrar-el-dia-de-muertos\/#breadcrumb\"},\"inLanguage\":\"es\",\"potentialAction\":[{\"@type\":\"ReadAction\",\"target\":[\"https:\/\/www.nexoinformativo.mx\/index.php\/2024\/11\/01\/presidenta-municipal-guadalupe-ramirez-pinal-de-amoles-se-ilumina-con-el-camino-de-luz-para-celebrar-el-dia-de-muertos\/\"]}]},{\"@type\":\"ImageObject\",\"inLanguage\":\"es\",\"@id\":\"https:\/\/www.nexoinformativo.mx\/index.php\/2024\/11\/01\/presidenta-municipal-guadalupe-ramirez-pinal-de-amoles-se-ilumina-con-el-camino-de-luz-para-celebrar-el-dia-de-muertos\/#primaryimage\",\"url\":\"https:\/\/www.nexoinformativo.mx\/wp-content\/uploads\/2024\/11\/cf61809a-cbee-467d-90f3-065126ddec46.jpg\",\"contentUrl\":\"https:\/\/www.nexoinformativo.mx\/wp-content\/uploads\/2024\/11\/cf61809a-cbee-467d-90f3-065126ddec46.jpg\",\"width\":599,\"height\":398},{\"@type\":\"BreadcrumbList\",\"@id\":\"https:\/\/www.nexoinformativo.mx\/index.php\/2024\/11\/01\/presidenta-municipal-guadalupe-ramirez-pinal-de-amoles-se-ilumina-con-el-camino-de-luz-para-celebrar-el-dia-de-muertos\/#breadcrumb\",\"itemListElement\":[{\"@type\":\"ListItem\",\"position\":1,\"name\":\"Inicio\",\"item\":\"https:\/\/www.nexoinformativo.mx\/\"},{\"@type\":\"ListItem\",\"position\":2,\"name\":\"Presidenta municipal Guadalupe Ram\u00edrez: Pinal de Amoles se ilumina con el &#8220;Camino de Luz&#8221; para celebrar el D\u00eda de Muertos\"}]},{\"@type\":\"WebSite\",\"@id\":\"https:\/\/www.nexoinformativo.mx\/#website\",\"url\":\"https:\/\/www.nexoinformativo.mx\/\",\"name\":\"Nexo Informativo Santiago de Quer\u00e9taro\",\"description\":\"Explora NexoInformativo y convi\u00e9rtete en parte de una comunidad que valora el conocimiento y la verdad. Tu nexoinformativo es tu puente hacia una comprensi\u00f3n m\u00e1s profunda del mundo que te rodea.\",\"publisher\":{\"@id\":\"https:\/\/www.nexoinformativo.mx\/#organization\"},\"potentialAction\":[{\"@type\":\"SearchAction\",\"target\":{\"@type\":\"EntryPoint\",\"urlTemplate\":\"https:\/\/www.nexoinformativo.mx\/?s={search_term_string}\"},\"query-input\":{\"@type\":\"PropertyValueSpecification\",\"valueRequired\":true,\"valueName\":\"search_term_string\"}}],\"inLanguage\":\"es\"},{\"@type\":\"Organization\",\"@id\":\"https:\/\/www.nexoinformativo.mx\/#organization\",\"name\":\"Nexo Informativo Santiago de Quer\u00e9taro\",\"url\":\"https:\/\/www.nexoinformativo.mx\/\",\"logo\":{\"@type\":\"ImageObject\",\"inLanguage\":\"es\",\"@id\":\"https:\/\/www.nexoinformativo.mx\/#\/schema\/logo\/image\/\",\"url\":\"https:\/\/www.nexoinformativo.mx\/wp-content\/uploads\/2024\/07\/nexoi-trasparente-2.png\",\"contentUrl\":\"https:\/\/www.nexoinformativo.mx\/wp-content\/uploads\/2024\/07\/nexoi-trasparente-2.png\",\"width\":816,\"height\":339,\"caption\":\"Nexo Informativo Santiago de Quer\u00e9taro\"},\"image\":{\"@id\":\"https:\/\/www.nexoinformativo.mx\/#\/schema\/logo\/image\/\"},\"sameAs\":[\"https:\/\/www.facebook.com\/people\/Nexo-Informativo\/61564066885511\/\"]},{\"@type\":\"Person\",\"@id\":\"https:\/\/www.nexoinformativo.mx\/#\/schema\/person\/7749d380ba08c8ca00d7bc76fd907b7d\",\"name\":\"Nexo Informativo\",\"image\":{\"@type\":\"ImageObject\",\"inLanguage\":\"es\",\"@id\":\"https:\/\/www.nexoinformativo.mx\/#\/schema\/person\/image\/\",\"url\":\"https:\/\/secure.gravatar.com\/avatar\/dde2928154642a13d95f87ddf1ea9718fe2b46760a005c53e41ff5ad610704e6?s=96&d=mm&r=g\",\"contentUrl\":\"https:\/\/secure.gravatar.com\/avatar\/dde2928154642a13d95f87ddf1ea9718fe2b46760a005c53e41ff5ad610704e6?s=96&d=mm&r=g\",\"caption\":\"Nexo Informativo\"},\"url\":\"https:\/\/www.nexoinformativo.mx\/index.php\/author\/edicion\/\"}]}<\/script>\n<!-- \/ Yoast SEO plugin. -->","yoast_head_json":{"title":"Presidenta municipal Guadalupe Ram\u00edrez: Pinal de Amoles se ilumina con el \"Camino de Luz\" para celebrar el D\u00eda de Muertos | Nexo Informativo Santiago de Quer\u00e9taro","description":"Presidenta municipal Guadalupe Ram\u00edrez: Pinal de Amoles se ilumina con el \"Camino de Luz\" para celebrar el D\u00eda de Muertos","robots":{"index":"index","follow":"follow","max-snippet":"max-snippet:-1","max-image-preview":"max-image-preview:large","max-video-preview":"max-video-preview:-1"},"canonical":"https:\/\/www.nexoinformativo.mx\/index.php\/2024\/11\/01\/presidenta-municipal-guadalupe-ramirez-pinal-de-amoles-se-ilumina-con-el-camino-de-luz-para-celebrar-el-dia-de-muertos\/","og_locale":"es_MX","og_type":"article","og_title":"Presidenta municipal Guadalupe Ram\u00edrez: Pinal de Amoles se ilumina con el \"Camino de Luz\" para celebrar el D\u00eda de Muertos | Nexo Informativo Santiago de Quer\u00e9taro","og_description":"Presidenta municipal Guadalupe Ram\u00edrez: Pinal de Amoles se ilumina con el \"Camino de Luz\" para celebrar el D\u00eda de Muertos","og_url":"https:\/\/www.nexoinformativo.mx\/index.php\/2024\/11\/01\/presidenta-municipal-guadalupe-ramirez-pinal-de-amoles-se-ilumina-con-el-camino-de-luz-para-celebrar-el-dia-de-muertos\/","og_site_name":"Nexo Informativo Santiago de Quer\u00e9taro","article_publisher":"https:\/\/www.facebook.com\/people\/Nexo-Informativo\/61564066885511\/","article_published_time":"2024-11-01T15:30:06+00:00","article_modified_time":"2024-11-01T17:24:18+00:00","og_image":[{"width":599,"height":398,"url":"https:\/\/www.nexoinformativo.mx\/wp-content\/uploads\/2024\/11\/cf61809a-cbee-467d-90f3-065126ddec46.jpg","type":"image\/jpeg"}],"author":"Nexo Informativo","twitter_card":"summary_large_image","twitter_misc":{"Escrito por":"Nexo Informativo","Tiempo de lectura":"2 minutos"},"schema":{"@context":"https:\/\/schema.org","@graph":[{"@type":"Article","@id":"https:\/\/www.nexoinformativo.mx\/index.php\/2024\/11\/01\/presidenta-municipal-guadalupe-ramirez-pinal-de-amoles-se-ilumina-con-el-camino-de-luz-para-celebrar-el-dia-de-muertos\/#article","isPartOf":{"@id":"https:\/\/www.nexoinformativo.mx\/index.php\/2024\/11\/01\/presidenta-municipal-guadalupe-ramirez-pinal-de-amoles-se-ilumina-con-el-camino-de-luz-para-celebrar-el-dia-de-muertos\/"},"author":{"name":"Nexo Informativo","@id":"https:\/\/www.nexoinformativo.mx\/#\/schema\/person\/7749d380ba08c8ca00d7bc76fd907b7d"},"headline":"Presidenta municipal Guadalupe Ram\u00edrez: Pinal de Amoles se ilumina con el &#8220;Camino de Luz&#8221; para celebrar el D\u00eda de Muertos","datePublished":"2024-11-01T15:30:06+00:00","dateModified":"2024-11-01T17:24:18+00:00","mainEntityOfPage":{"@id":"https:\/\/www.nexoinformativo.mx\/index.php\/2024\/11\/01\/presidenta-municipal-guadalupe-ramirez-pinal-de-amoles-se-ilumina-con-el-camino-de-luz-para-celebrar-el-dia-de-muertos\/"},"wordCount":263,"commentCount":0,"publisher":{"@id":"https:\/\/www.nexoinformativo.mx\/#organization"},"image":{"@id":"https:\/\/www.nexoinformativo.mx\/index.php\/2024\/11\/01\/presidenta-municipal-guadalupe-ramirez-pinal-de-amoles-se-ilumina-con-el-camino-de-luz-para-celebrar-el-dia-de-muertos\/#primaryimage"},"thumbnailUrl":"https:\/\/www.nexoinformativo.mx\/wp-content\/uploads\/2024\/11\/cf61809a-cbee-467d-90f3-065126ddec46.jpg","keywords":["CaminoDeLuz","D\u00edaDeMuertos","PinalDeAmoles","Quer\u00e9taro"],"articleSection":["Espect\u00e1culos","Municipios","\u00daltima Hora"],"inLanguage":"es","potentialAction":[{"@type":"CommentAction","name":"Comment","target":["https:\/\/www.nexoinformativo.mx\/index.php\/2024\/11\/01\/presidenta-municipal-guadalupe-ramirez-pinal-de-amoles-se-ilumina-con-el-camino-de-luz-para-celebrar-el-dia-de-muertos\/#respond"]}]},{"@type":"WebPage","@id":"https:\/\/www.nexoinformativo.mx\/index.php\/2024\/11\/01\/presidenta-municipal-guadalupe-ramirez-pinal-de-amoles-se-ilumina-con-el-camino-de-luz-para-celebrar-el-dia-de-muertos\/","url":"https:\/\/www.nexoinformativo.mx\/index.php\/2024\/11\/01\/presidenta-municipal-guadalupe-ramirez-pinal-de-amoles-se-ilumina-con-el-camino-de-luz-para-celebrar-el-dia-de-muertos\/","name":"Presidenta municipal Guadalupe Ram\u00edrez: Pinal de Amoles se ilumina con el \"Camino de Luz\" para celebrar el D\u00eda de Muertos | Nexo Informativo Santiago de Quer\u00e9taro","isPartOf":{"@id":"https:\/\/www.nexoinformativo.mx\/#website"},"primaryImageOfPage":{"@id":"https:\/\/www.nexoinformativo.mx\/index.php\/2024\/11\/01\/presidenta-municipal-guadalupe-ramirez-pinal-de-amoles-se-ilumina-con-el-camino-de-luz-para-celebrar-el-dia-de-muertos\/#primaryimage"},"image":{"@id":"https:\/\/www.nexoinformativo.mx\/index.php\/2024\/11\/01\/presidenta-municipal-guadalupe-ramirez-pinal-de-amoles-se-ilumina-con-el-camino-de-luz-para-celebrar-el-dia-de-muertos\/#primaryimage"},"thumbnailUrl":"https:\/\/www.nexoinformativo.mx\/wp-content\/uploads\/2024\/11\/cf61809a-cbee-467d-90f3-065126ddec46.jpg","datePublished":"2024-11-01T15:30:06+00:00","dateModified":"2024-11-01T17:24:18+00:00","description":"Presidenta municipal Guadalupe Ram\u00edrez: Pinal de Amoles se ilumina con el \"Camino de Luz\" para celebrar el D\u00eda de Muertos","breadcrumb":{"@id":"https:\/\/www.nexoinformativo.mx\/index.php\/2024\/11\/01\/presidenta-municipal-guadalupe-ramirez-pinal-de-amoles-se-ilumina-con-el-camino-de-luz-para-celebrar-el-dia-de-muertos\/#breadcrumb"},"inLanguage":"es","potentialAction":[{"@type":"ReadAction","target":["https:\/\/www.nexoinformativo.mx\/index.php\/2024\/11\/01\/presidenta-municipal-guadalupe-ramirez-pinal-de-amoles-se-ilumina-con-el-camino-de-luz-para-celebrar-el-dia-de-muertos\/"]}]},{"@type":"ImageObject","inLanguage":"es","@id":"https:\/\/www.nexoinformativo.mx\/index.php\/2024\/11\/01\/presidenta-municipal-guadalupe-ramirez-pinal-de-amoles-se-ilumina-con-el-camino-de-luz-para-celebrar-el-dia-de-muertos\/#primaryimage","url":"https:\/\/www.nexoinformativo.mx\/wp-content\/uploads\/2024\/11\/cf61809a-cbee-467d-90f3-065126ddec46.jpg","contentUrl":"https:\/\/www.nexoinformativo.mx\/wp-content\/uploads\/2024\/11\/cf61809a-cbee-467d-90f3-065126ddec46.jpg","width":599,"height":398},{"@type":"BreadcrumbList","@id":"https:\/\/www.nexoinformativo.mx\/index.php\/2024\/11\/01\/presidenta-municipal-guadalupe-ramirez-pinal-de-amoles-se-ilumina-con-el-camino-de-luz-para-celebrar-el-dia-de-muertos\/#breadcrumb","itemListElement":[{"@type":"ListItem","position":1,"name":"Inicio","item":"https:\/\/www.nexoinformativo.mx\/"},{"@type":"ListItem","position":2,"name":"Presidenta municipal Guadalupe Ram\u00edrez: Pinal de Amoles se ilumina con el &#8220;Camino de Luz&#8221; para celebrar el D\u00eda de Muertos"}]},{"@type":"WebSite","@id":"https:\/\/www.nexoinformativo.mx\/#website","url":"https:\/\/www.nexoinformativo.mx\/","name":"Nexo Informativo Santiago de Quer\u00e9taro","description":"Explora NexoInformativo y convi\u00e9rtete en parte de una comunidad que valora el conocimiento y la verdad. Tu nexoinformativo es tu puente hacia una comprensi\u00f3n m\u00e1s profunda del mundo que te rodea.","publisher":{"@id":"https:\/\/www.nexoinformativo.mx\/#organization"},"potentialAction":[{"@type":"SearchAction","target":{"@type":"EntryPoint","urlTemplate":"https:\/\/www.nexoinformativo.mx\/?s={search_term_string}"},"query-input":{"@type":"PropertyValueSpecification","valueRequired":true,"valueName":"search_term_string"}}],"inLanguage":"es"},{"@type":"Organization","@id":"https:\/\/www.nexoinformativo.mx\/#organization","name":"Nexo Informativo Santiago de Quer\u00e9taro","url":"https:\/\/www.nexoinformativo.mx\/","logo":{"@type":"ImageObject","inLanguage":"es","@id":"https:\/\/www.nexoinformativo.mx\/#\/schema\/logo\/image\/","url":"https:\/\/www.nexoinformativo.mx\/wp-content\/uploads\/2024\/07\/nexoi-trasparente-2.png","contentUrl":"https:\/\/www.nexoinformativo.mx\/wp-content\/uploads\/2024\/07\/nexoi-trasparente-2.png","width":816,"height":339,"caption":"Nexo Informativo Santiago de Quer\u00e9taro"},"image":{"@id":"https:\/\/www.nexoinformativo.mx\/#\/schema\/logo\/image\/"},"sameAs":["https:\/\/www.facebook.com\/people\/Nexo-Informativo\/61564066885511\/"]},{"@type":"Person","@id":"https:\/\/www.nexoinformativo.mx\/#\/schema\/person\/7749d380ba08c8ca00d7bc76fd907b7d","name":"Nexo Informativo","image":{"@type":"ImageObject","inLanguage":"es","@id":"https:\/\/www.nexoinformativo.mx\/#\/schema\/person\/image\/","url":"https:\/\/secure.gravatar.com\/avatar\/dde2928154642a13d95f87ddf1ea9718fe2b46760a005c53e41ff5ad610704e6?s=96&d=mm&r=g","contentUrl":"https:\/\/secure.gravatar.com\/avatar\/dde2928154642a13d95f87ddf1ea9718fe2b46760a005c53e41ff5ad610704e6?s=96&d=mm&r=g","caption":"Nexo Informativo"},"url":"https:\/\/www.nexoinformativo.mx\/index.php\/author\/edicion\/"}]}},"_links":{"self":[{"href":"https:\/\/www.nexoinformativo.mx\/index.php\/wp-json\/wp\/v2\/posts\/5114","targetHints":{"allow":["GET"]}}],"collection":[{"href":"https:\/\/www.nexoinformativo.mx\/index.php\/wp-json\/wp\/v2\/posts"}],"about":[{"href":"https:\/\/www.nexoinformativo.mx\/index.php\/wp-json\/wp\/v2\/types\/post"}],"author":[{"embeddable":true,"href":"https:\/\/www.nexoinformativo.mx\/index.php\/wp-json\/wp\/v2\/users\/3"}],"replies":[{"embeddable":true,"href":"https:\/\/www.nexoinformativo.mx\/index.php\/wp-json\/wp\/v2\/comments?post=5114"}],"version-history":[{"count":3,"href":"https:\/\/www.nexoinformativo.mx\/index.php\/wp-json\/wp\/v2\/posts\/5114\/revisions"}],"predecessor-version":[{"id":5118,"href":"https:\/\/www.nexoinformativo.mx\/index.php\/wp-json\/wp\/v2\/posts\/5114\/revisions\/5118"}],"wp:featuredmedia":[{"embeddable":true,"href":"https:\/\/www.nexoinformativo.mx\/index.php\/wp-json\/wp\/v2\/media\/5115"}],"wp:attachment":[{"href":"https:\/\/www.nexoinformativo.mx\/index.php\/wp-json\/wp\/v2\/media?parent=5114"}],"wp:term":[{"taxonomy":"category","embeddable":true,"href":"https:\/\/www.nexoinformativo.mx\/index.php\/wp-json\/wp\/v2\/categories?post=5114"},{"taxonomy":"post_tag","embeddable":true,"href":"https:\/\/www.nexoinformativo.mx\/index.php\/wp-json\/wp\/v2\/tags?post=5114"}],"curies":[{"name":"wp","href":"https:\/\/api.w.org\/{rel}","templated":true}]}}