{"id":5127,"date":"2024-11-01T10:30:11","date_gmt":"2024-11-01T16:30:11","guid":{"rendered":"https:\/\/www.nexoinformativo.mx\/?p=5127"},"modified":"2024-11-01T12:03:03","modified_gmt":"2024-11-01T18:03:03","slug":"propuesta-de-nota-periodistica-queretaro-solicita-apoyo-federal-para-fortalecer-la-infraestructura-universitaria","status":"publish","type":"post","link":"https:\/\/www.nexoinformativo.mx\/index.php\/2024\/11\/01\/propuesta-de-nota-periodistica-queretaro-solicita-apoyo-federal-para-fortalecer-la-infraestructura-universitaria\/","title":{"rendered":"Quer\u00e9taro solicita apoyo federal para fortalecer la infraestructura universitaria"},"content":{"rendered":"<p style=\"text-align: justify;\" data-sourcepos=\"5:1-5:427\">La secretaria de Educaci\u00f3n del estado, Martha Elena Soto, ha solicitado al gobierno federal un aumento en el presupuesto destinado a las universidades p\u00fablicas de Quer\u00e9taro. Durante una reciente reuni\u00f3n con el secretario de Educaci\u00f3n P\u00fablica, Mario Delegado, Soto enfatiz\u00f3 la necesidad de mejorar la infraestructura de estas instituciones para hacer frente a la creciente demanda de educaci\u00f3n superior.<\/p>\n<p>&nbsp;<\/p>\n<p style=\"text-align: justify;\" data-sourcepos=\"7:1-7:361\">La funcionaria estatal explic\u00f3 que las universidades p\u00fablicas en Quer\u00e9taro operan a su m\u00e1xima capacidad, lo que limita el acceso de m\u00e1s estudiantes a educaci\u00f3n de calidad. Ante esta situaci\u00f3n, solicit\u00f3 al gobierno federal autorizar nuevos modelos educativos o, alternativamente, destinar recursos para construir m\u00e1s aulas y ampliar las instalaciones existentes.<\/p>\n<p>&nbsp;<\/p>\n<p style=\"text-align: justify;\">\n<p style=\"text-align: justify;\" data-sourcepos=\"9:1-9:189\"><strong>&#8220;Necesitamos m\u00e1s aulas en las universidades&#8221;<\/strong>, afirm\u00f3 Soto, quien destac\u00f3 que la falta de infraestructura limita el crecimiento de la matr\u00edcula y la oferta educativa en la entidad.<\/p>\n<p>&nbsp;<\/p>\n<p style=\"text-align: justify;\" data-sourcepos=\"11:1-11:42\">\u00bfPor qu\u00e9 es importante esta solicitud? Habr\u00e1 mayor acceso a la educaci\u00f3n superior al ampliar la infraestructura universitaria, se permitir\u00e1 que un mayor n\u00famero de j\u00f3venes puedan acceder a estudios superiores.\u00a0Mejora en la calidad educativa contando con instalaciones adecuadas y suficientes permitir\u00e1 ofrecer una mejor calidad educativa a los estudiantes.<\/p>\n<p>&nbsp;<\/p>\n<p style=\"text-align: justify;\">Fortalecimiento del sector educativo beneficiando una mayor inversi\u00f3n en educaci\u00f3n superior contribuir\u00e1 al desarrollo econ\u00f3mico y social del estado.<\/p>\n<p>&nbsp;<\/p>\n<p style=\"text-align: justify;\" data-sourcepos=\"19:1-19:243\">Se espera que el gobierno federal considere la solicitud de Quer\u00e9taro y destine los recursos necesarios para fortalecer la infraestructura universitaria. Esto podr\u00eda incluir la asignaci\u00f3n de recursos en el presupuesto federal para el a\u00f1o 2025.<\/p>\n<p>&nbsp;<\/p>\n<p style=\"text-align: center;\" data-sourcepos=\"19:1-19:243\"><em><strong>\u00a1Informaci\u00f3n que transforma!<\/strong><\/em><\/p>\n","protected":false},"excerpt":{"rendered":"<p>La secretaria de Educaci\u00f3n del estado, Martha Elena Soto, ha solicitado al gobierno federal un aumento en el presupuesto destinado a las universidades p\u00fablicas de Quer\u00e9taro.<\/p>\n","protected":false},"author":3,"featured_media":5128,"comment_status":"open","ping_status":"open","sticky":false,"template":"","format":"standard","meta":{"footnotes":""},"categories":[42,58],"tags":[1163,1814,1574,133],"class_list":["post-5127","post","type-post","status-publish","format-standard","has-post-thumbnail","hentry","category-estado","category-ultima-hora","tag-educacionsuperior","tag-infraestructurauniversitaria","tag-inversioneducativa","tag-queretaro"],"yoast_head":"<!-- This site is optimized with the Yoast SEO plugin v25.0 - https:\/\/yoast.com\/wordpress\/plugins\/seo\/ -->\n<title>Quer\u00e9taro solicita apoyo federal para fortalecer la infraestructura universitaria | Nexo Informativo Santiago de Quer\u00e9taro<\/title>\n<meta name=\"description\" content=\"Propuesta de Nota Period\u00edsticaQuer\u00e9taro solicita apoyo federal para fortalecer la infraestructura universitaria\" \/>\n<meta name=\"robots\" content=\"index, follow, max-snippet:-1, max-image-preview:large, max-video-preview:-1\" \/>\n<link rel=\"canonical\" href=\"https:\/\/www.nexoinformativo.mx\/index.php\/2024\/11\/01\/propuesta-de-nota-periodistica-queretaro-solicita-apoyo-federal-para-fortalecer-la-infraestructura-universitaria\/\" \/>\n<meta property=\"og:locale\" content=\"es_MX\" \/>\n<meta property=\"og:type\" content=\"article\" \/>\n<meta property=\"og:title\" content=\"Quer\u00e9taro solicita apoyo federal para fortalecer la infraestructura universitaria | Nexo Informativo Santiago de Quer\u00e9taro\" \/>\n<meta property=\"og:description\" content=\"Propuesta de Nota Period\u00edsticaQuer\u00e9taro solicita apoyo federal para fortalecer la infraestructura universitaria\" \/>\n<meta property=\"og:url\" content=\"https:\/\/www.nexoinformativo.mx\/index.php\/2024\/11\/01\/propuesta-de-nota-periodistica-queretaro-solicita-apoyo-federal-para-fortalecer-la-infraestructura-universitaria\/\" \/>\n<meta property=\"og:site_name\" content=\"Nexo Informativo Santiago de Quer\u00e9taro\" \/>\n<meta property=\"article:publisher\" content=\"https:\/\/www.facebook.com\/people\/Nexo-Informativo\/61564066885511\/\" \/>\n<meta property=\"article:published_time\" content=\"2024-11-01T16:30:11+00:00\" \/>\n<meta property=\"article:modified_time\" content=\"2024-11-01T18:03:03+00:00\" \/>\n<meta property=\"og:image\" content=\"https:\/\/www.nexoinformativo.mx\/wp-content\/uploads\/2024\/11\/PHOTO-2024-11-01-11-17-44-e1730482699544.jpg\" \/>\n\t<meta property=\"og:image:width\" content=\"700\" \/>\n\t<meta property=\"og:image:height\" content=\"466\" \/>\n\t<meta property=\"og:image:type\" content=\"image\/jpeg\" \/>\n<meta name=\"author\" content=\"Nexo Informativo\" \/>\n<meta name=\"twitter:card\" content=\"summary_large_image\" \/>\n<meta name=\"twitter:label1\" content=\"Escrito por\" \/>\n\t<meta name=\"twitter:data1\" content=\"Nexo Informativo\" \/>\n\t<meta name=\"twitter:label2\" content=\"Tiempo de lectura\" \/>\n\t<meta name=\"twitter:data2\" content=\"2 minutos\" \/>\n<script type=\"application\/ld+json\" class=\"yoast-schema-graph\">{\"@context\":\"https:\/\/schema.org\",\"@graph\":[{\"@type\":\"Article\",\"@id\":\"https:\/\/www.nexoinformativo.mx\/index.php\/2024\/11\/01\/propuesta-de-nota-periodistica-queretaro-solicita-apoyo-federal-para-fortalecer-la-infraestructura-universitaria\/#article\",\"isPartOf\":{\"@id\":\"https:\/\/www.nexoinformativo.mx\/index.php\/2024\/11\/01\/propuesta-de-nota-periodistica-queretaro-solicita-apoyo-federal-para-fortalecer-la-infraestructura-universitaria\/\"},\"author\":{\"name\":\"Nexo Informativo\",\"@id\":\"https:\/\/www.nexoinformativo.mx\/#\/schema\/person\/7749d380ba08c8ca00d7bc76fd907b7d\"},\"headline\":\"Quer\u00e9taro solicita apoyo federal para fortalecer la infraestructura universitaria\",\"datePublished\":\"2024-11-01T16:30:11+00:00\",\"dateModified\":\"2024-11-01T18:03:03+00:00\",\"mainEntityOfPage\":{\"@id\":\"https:\/\/www.nexoinformativo.mx\/index.php\/2024\/11\/01\/propuesta-de-nota-periodistica-queretaro-solicita-apoyo-federal-para-fortalecer-la-infraestructura-universitaria\/\"},\"wordCount\":289,\"commentCount\":0,\"publisher\":{\"@id\":\"https:\/\/www.nexoinformativo.mx\/#organization\"},\"image\":{\"@id\":\"https:\/\/www.nexoinformativo.mx\/index.php\/2024\/11\/01\/propuesta-de-nota-periodistica-queretaro-solicita-apoyo-federal-para-fortalecer-la-infraestructura-universitaria\/#primaryimage\"},\"thumbnailUrl\":\"https:\/\/www.nexoinformativo.mx\/wp-content\/uploads\/2024\/11\/PHOTO-2024-11-01-11-17-44-e1730482699544.jpg\",\"keywords\":[\"Educaci\u00f3nSuperior\",\"InfraestructuraUniversitaria\",\"Inversi\u00f3nEducativa\",\"Quer\u00e9taro\"],\"articleSection\":[\"Estado\",\"\u00daltima Hora\"],\"inLanguage\":\"es\",\"potentialAction\":[{\"@type\":\"CommentAction\",\"name\":\"Comment\",\"target\":[\"https:\/\/www.nexoinformativo.mx\/index.php\/2024\/11\/01\/propuesta-de-nota-periodistica-queretaro-solicita-apoyo-federal-para-fortalecer-la-infraestructura-universitaria\/#respond\"]}]},{\"@type\":\"WebPage\",\"@id\":\"https:\/\/www.nexoinformativo.mx\/index.php\/2024\/11\/01\/propuesta-de-nota-periodistica-queretaro-solicita-apoyo-federal-para-fortalecer-la-infraestructura-universitaria\/\",\"url\":\"https:\/\/www.nexoinformativo.mx\/index.php\/2024\/11\/01\/propuesta-de-nota-periodistica-queretaro-solicita-apoyo-federal-para-fortalecer-la-infraestructura-universitaria\/\",\"name\":\"Quer\u00e9taro solicita apoyo federal para fortalecer la infraestructura universitaria | Nexo Informativo Santiago de Quer\u00e9taro\",\"isPartOf\":{\"@id\":\"https:\/\/www.nexoinformativo.mx\/#website\"},\"primaryImageOfPage\":{\"@id\":\"https:\/\/www.nexoinformativo.mx\/index.php\/2024\/11\/01\/propuesta-de-nota-periodistica-queretaro-solicita-apoyo-federal-para-fortalecer-la-infraestructura-universitaria\/#primaryimage\"},\"image\":{\"@id\":\"https:\/\/www.nexoinformativo.mx\/index.php\/2024\/11\/01\/propuesta-de-nota-periodistica-queretaro-solicita-apoyo-federal-para-fortalecer-la-infraestructura-universitaria\/#primaryimage\"},\"thumbnailUrl\":\"https:\/\/www.nexoinformativo.mx\/wp-content\/uploads\/2024\/11\/PHOTO-2024-11-01-11-17-44-e1730482699544.jpg\",\"datePublished\":\"2024-11-01T16:30:11+00:00\",\"dateModified\":\"2024-11-01T18:03:03+00:00\",\"description\":\"Propuesta de Nota Period\u00edsticaQuer\u00e9taro solicita apoyo federal para fortalecer la infraestructura universitaria\",\"breadcrumb\":{\"@id\":\"https:\/\/www.nexoinformativo.mx\/index.php\/2024\/11\/01\/propuesta-de-nota-periodistica-queretaro-solicita-apoyo-federal-para-fortalecer-la-infraestructura-universitaria\/#breadcrumb\"},\"inLanguage\":\"es\",\"potentialAction\":[{\"@type\":\"ReadAction\",\"target\":[\"https:\/\/www.nexoinformativo.mx\/index.php\/2024\/11\/01\/propuesta-de-nota-periodistica-queretaro-solicita-apoyo-federal-para-fortalecer-la-infraestructura-universitaria\/\"]}]},{\"@type\":\"ImageObject\",\"inLanguage\":\"es\",\"@id\":\"https:\/\/www.nexoinformativo.mx\/index.php\/2024\/11\/01\/propuesta-de-nota-periodistica-queretaro-solicita-apoyo-federal-para-fortalecer-la-infraestructura-universitaria\/#primaryimage\",\"url\":\"https:\/\/www.nexoinformativo.mx\/wp-content\/uploads\/2024\/11\/PHOTO-2024-11-01-11-17-44-e1730482699544.jpg\",\"contentUrl\":\"https:\/\/www.nexoinformativo.mx\/wp-content\/uploads\/2024\/11\/PHOTO-2024-11-01-11-17-44-e1730482699544.jpg\",\"width\":700,\"height\":466},{\"@type\":\"BreadcrumbList\",\"@id\":\"https:\/\/www.nexoinformativo.mx\/index.php\/2024\/11\/01\/propuesta-de-nota-periodistica-queretaro-solicita-apoyo-federal-para-fortalecer-la-infraestructura-universitaria\/#breadcrumb\",\"itemListElement\":[{\"@type\":\"ListItem\",\"position\":1,\"name\":\"Inicio\",\"item\":\"https:\/\/www.nexoinformativo.mx\/\"},{\"@type\":\"ListItem\",\"position\":2,\"name\":\"Quer\u00e9taro solicita apoyo federal para fortalecer la infraestructura universitaria\"}]},{\"@type\":\"WebSite\",\"@id\":\"https:\/\/www.nexoinformativo.mx\/#website\",\"url\":\"https:\/\/www.nexoinformativo.mx\/\",\"name\":\"Nexo Informativo Santiago de Quer\u00e9taro\",\"description\":\"Explora NexoInformativo y convi\u00e9rtete en parte de una comunidad que valora el conocimiento y la verdad. Tu nexoinformativo es tu puente hacia una comprensi\u00f3n m\u00e1s profunda del mundo que te rodea.\",\"publisher\":{\"@id\":\"https:\/\/www.nexoinformativo.mx\/#organization\"},\"potentialAction\":[{\"@type\":\"SearchAction\",\"target\":{\"@type\":\"EntryPoint\",\"urlTemplate\":\"https:\/\/www.nexoinformativo.mx\/?s={search_term_string}\"},\"query-input\":{\"@type\":\"PropertyValueSpecification\",\"valueRequired\":true,\"valueName\":\"search_term_string\"}}],\"inLanguage\":\"es\"},{\"@type\":\"Organization\",\"@id\":\"https:\/\/www.nexoinformativo.mx\/#organization\",\"name\":\"Nexo Informativo Santiago de Quer\u00e9taro\",\"url\":\"https:\/\/www.nexoinformativo.mx\/\",\"logo\":{\"@type\":\"ImageObject\",\"inLanguage\":\"es\",\"@id\":\"https:\/\/www.nexoinformativo.mx\/#\/schema\/logo\/image\/\",\"url\":\"https:\/\/www.nexoinformativo.mx\/wp-content\/uploads\/2024\/07\/nexoi-trasparente-2.png\",\"contentUrl\":\"https:\/\/www.nexoinformativo.mx\/wp-content\/uploads\/2024\/07\/nexoi-trasparente-2.png\",\"width\":816,\"height\":339,\"caption\":\"Nexo Informativo Santiago de Quer\u00e9taro\"},\"image\":{\"@id\":\"https:\/\/www.nexoinformativo.mx\/#\/schema\/logo\/image\/\"},\"sameAs\":[\"https:\/\/www.facebook.com\/people\/Nexo-Informativo\/61564066885511\/\"]},{\"@type\":\"Person\",\"@id\":\"https:\/\/www.nexoinformativo.mx\/#\/schema\/person\/7749d380ba08c8ca00d7bc76fd907b7d\",\"name\":\"Nexo Informativo\",\"image\":{\"@type\":\"ImageObject\",\"inLanguage\":\"es\",\"@id\":\"https:\/\/www.nexoinformativo.mx\/#\/schema\/person\/image\/\",\"url\":\"https:\/\/secure.gravatar.com\/avatar\/dde2928154642a13d95f87ddf1ea9718fe2b46760a005c53e41ff5ad610704e6?s=96&d=mm&r=g\",\"contentUrl\":\"https:\/\/secure.gravatar.com\/avatar\/dde2928154642a13d95f87ddf1ea9718fe2b46760a005c53e41ff5ad610704e6?s=96&d=mm&r=g\",\"caption\":\"Nexo Informativo\"},\"url\":\"https:\/\/www.nexoinformativo.mx\/index.php\/author\/edicion\/\"}]}<\/script>\n<!-- \/ Yoast SEO plugin. -->","yoast_head_json":{"title":"Quer\u00e9taro solicita apoyo federal para fortalecer la infraestructura universitaria | Nexo Informativo Santiago de Quer\u00e9taro","description":"Propuesta de Nota Period\u00edsticaQuer\u00e9taro solicita apoyo federal para fortalecer la infraestructura universitaria","robots":{"index":"index","follow":"follow","max-snippet":"max-snippet:-1","max-image-preview":"max-image-preview:large","max-video-preview":"max-video-preview:-1"},"canonical":"https:\/\/www.nexoinformativo.mx\/index.php\/2024\/11\/01\/propuesta-de-nota-periodistica-queretaro-solicita-apoyo-federal-para-fortalecer-la-infraestructura-universitaria\/","og_locale":"es_MX","og_type":"article","og_title":"Quer\u00e9taro solicita apoyo federal para fortalecer la infraestructura universitaria | Nexo Informativo Santiago de Quer\u00e9taro","og_description":"Propuesta de Nota Period\u00edsticaQuer\u00e9taro solicita apoyo federal para fortalecer la infraestructura universitaria","og_url":"https:\/\/www.nexoinformativo.mx\/index.php\/2024\/11\/01\/propuesta-de-nota-periodistica-queretaro-solicita-apoyo-federal-para-fortalecer-la-infraestructura-universitaria\/","og_site_name":"Nexo Informativo Santiago de Quer\u00e9taro","article_publisher":"https:\/\/www.facebook.com\/people\/Nexo-Informativo\/61564066885511\/","article_published_time":"2024-11-01T16:30:11+00:00","article_modified_time":"2024-11-01T18:03:03+00:00","og_image":[{"width":700,"height":466,"url":"https:\/\/www.nexoinformativo.mx\/wp-content\/uploads\/2024\/11\/PHOTO-2024-11-01-11-17-44-e1730482699544.jpg","type":"image\/jpeg"}],"author":"Nexo Informativo","twitter_card":"summary_large_image","twitter_misc":{"Escrito por":"Nexo Informativo","Tiempo de lectura":"2 minutos"},"schema":{"@context":"https:\/\/schema.org","@graph":[{"@type":"Article","@id":"https:\/\/www.nexoinformativo.mx\/index.php\/2024\/11\/01\/propuesta-de-nota-periodistica-queretaro-solicita-apoyo-federal-para-fortalecer-la-infraestructura-universitaria\/#article","isPartOf":{"@id":"https:\/\/www.nexoinformativo.mx\/index.php\/2024\/11\/01\/propuesta-de-nota-periodistica-queretaro-solicita-apoyo-federal-para-fortalecer-la-infraestructura-universitaria\/"},"author":{"name":"Nexo Informativo","@id":"https:\/\/www.nexoinformativo.mx\/#\/schema\/person\/7749d380ba08c8ca00d7bc76fd907b7d"},"headline":"Quer\u00e9taro solicita apoyo federal para fortalecer la infraestructura universitaria","datePublished":"2024-11-01T16:30:11+00:00","dateModified":"2024-11-01T18:03:03+00:00","mainEntityOfPage":{"@id":"https:\/\/www.nexoinformativo.mx\/index.php\/2024\/11\/01\/propuesta-de-nota-periodistica-queretaro-solicita-apoyo-federal-para-fortalecer-la-infraestructura-universitaria\/"},"wordCount":289,"commentCount":0,"publisher":{"@id":"https:\/\/www.nexoinformativo.mx\/#organization"},"image":{"@id":"https:\/\/www.nexoinformativo.mx\/index.php\/2024\/11\/01\/propuesta-de-nota-periodistica-queretaro-solicita-apoyo-federal-para-fortalecer-la-infraestructura-universitaria\/#primaryimage"},"thumbnailUrl":"https:\/\/www.nexoinformativo.mx\/wp-content\/uploads\/2024\/11\/PHOTO-2024-11-01-11-17-44-e1730482699544.jpg","keywords":["Educaci\u00f3nSuperior","InfraestructuraUniversitaria","Inversi\u00f3nEducativa","Quer\u00e9taro"],"articleSection":["Estado","\u00daltima Hora"],"inLanguage":"es","potentialAction":[{"@type":"CommentAction","name":"Comment","target":["https:\/\/www.nexoinformativo.mx\/index.php\/2024\/11\/01\/propuesta-de-nota-periodistica-queretaro-solicita-apoyo-federal-para-fortalecer-la-infraestructura-universitaria\/#respond"]}]},{"@type":"WebPage","@id":"https:\/\/www.nexoinformativo.mx\/index.php\/2024\/11\/01\/propuesta-de-nota-periodistica-queretaro-solicita-apoyo-federal-para-fortalecer-la-infraestructura-universitaria\/","url":"https:\/\/www.nexoinformativo.mx\/index.php\/2024\/11\/01\/propuesta-de-nota-periodistica-queretaro-solicita-apoyo-federal-para-fortalecer-la-infraestructura-universitaria\/","name":"Quer\u00e9taro solicita apoyo federal para fortalecer la infraestructura universitaria | Nexo Informativo Santiago de Quer\u00e9taro","isPartOf":{"@id":"https:\/\/www.nexoinformativo.mx\/#website"},"primaryImageOfPage":{"@id":"https:\/\/www.nexoinformativo.mx\/index.php\/2024\/11\/01\/propuesta-de-nota-periodistica-queretaro-solicita-apoyo-federal-para-fortalecer-la-infraestructura-universitaria\/#primaryimage"},"image":{"@id":"https:\/\/www.nexoinformativo.mx\/index.php\/2024\/11\/01\/propuesta-de-nota-periodistica-queretaro-solicita-apoyo-federal-para-fortalecer-la-infraestructura-universitaria\/#primaryimage"},"thumbnailUrl":"https:\/\/www.nexoinformativo.mx\/wp-content\/uploads\/2024\/11\/PHOTO-2024-11-01-11-17-44-e1730482699544.jpg","datePublished":"2024-11-01T16:30:11+00:00","dateModified":"2024-11-01T18:03:03+00:00","description":"Propuesta de Nota Period\u00edsticaQuer\u00e9taro solicita apoyo federal para fortalecer la infraestructura universitaria","breadcrumb":{"@id":"https:\/\/www.nexoinformativo.mx\/index.php\/2024\/11\/01\/propuesta-de-nota-periodistica-queretaro-solicita-apoyo-federal-para-fortalecer-la-infraestructura-universitaria\/#breadcrumb"},"inLanguage":"es","potentialAction":[{"@type":"ReadAction","target":["https:\/\/www.nexoinformativo.mx\/index.php\/2024\/11\/01\/propuesta-de-nota-periodistica-queretaro-solicita-apoyo-federal-para-fortalecer-la-infraestructura-universitaria\/"]}]},{"@type":"ImageObject","inLanguage":"es","@id":"https:\/\/www.nexoinformativo.mx\/index.php\/2024\/11\/01\/propuesta-de-nota-periodistica-queretaro-solicita-apoyo-federal-para-fortalecer-la-infraestructura-universitaria\/#primaryimage","url":"https:\/\/www.nexoinformativo.mx\/wp-content\/uploads\/2024\/11\/PHOTO-2024-11-01-11-17-44-e1730482699544.jpg","contentUrl":"https:\/\/www.nexoinformativo.mx\/wp-content\/uploads\/2024\/11\/PHOTO-2024-11-01-11-17-44-e1730482699544.jpg","width":700,"height":466},{"@type":"BreadcrumbList","@id":"https:\/\/www.nexoinformativo.mx\/index.php\/2024\/11\/01\/propuesta-de-nota-periodistica-queretaro-solicita-apoyo-federal-para-fortalecer-la-infraestructura-universitaria\/#breadcrumb","itemListElement":[{"@type":"ListItem","position":1,"name":"Inicio","item":"https:\/\/www.nexoinformativo.mx\/"},{"@type":"ListItem","position":2,"name":"Quer\u00e9taro solicita apoyo federal para fortalecer la infraestructura universitaria"}]},{"@type":"WebSite","@id":"https:\/\/www.nexoinformativo.mx\/#website","url":"https:\/\/www.nexoinformativo.mx\/","name":"Nexo Informativo Santiago de Quer\u00e9taro","description":"Explora NexoInformativo y convi\u00e9rtete en parte de una comunidad que valora el conocimiento y la verdad. Tu nexoinformativo es tu puente hacia una comprensi\u00f3n m\u00e1s profunda del mundo que te rodea.","publisher":{"@id":"https:\/\/www.nexoinformativo.mx\/#organization"},"potentialAction":[{"@type":"SearchAction","target":{"@type":"EntryPoint","urlTemplate":"https:\/\/www.nexoinformativo.mx\/?s={search_term_string}"},"query-input":{"@type":"PropertyValueSpecification","valueRequired":true,"valueName":"search_term_string"}}],"inLanguage":"es"},{"@type":"Organization","@id":"https:\/\/www.nexoinformativo.mx\/#organization","name":"Nexo Informativo Santiago de Quer\u00e9taro","url":"https:\/\/www.nexoinformativo.mx\/","logo":{"@type":"ImageObject","inLanguage":"es","@id":"https:\/\/www.nexoinformativo.mx\/#\/schema\/logo\/image\/","url":"https:\/\/www.nexoinformativo.mx\/wp-content\/uploads\/2024\/07\/nexoi-trasparente-2.png","contentUrl":"https:\/\/www.nexoinformativo.mx\/wp-content\/uploads\/2024\/07\/nexoi-trasparente-2.png","width":816,"height":339,"caption":"Nexo Informativo Santiago de Quer\u00e9taro"},"image":{"@id":"https:\/\/www.nexoinformativo.mx\/#\/schema\/logo\/image\/"},"sameAs":["https:\/\/www.facebook.com\/people\/Nexo-Informativo\/61564066885511\/"]},{"@type":"Person","@id":"https:\/\/www.nexoinformativo.mx\/#\/schema\/person\/7749d380ba08c8ca00d7bc76fd907b7d","name":"Nexo Informativo","image":{"@type":"ImageObject","inLanguage":"es","@id":"https:\/\/www.nexoinformativo.mx\/#\/schema\/person\/image\/","url":"https:\/\/secure.gravatar.com\/avatar\/dde2928154642a13d95f87ddf1ea9718fe2b46760a005c53e41ff5ad610704e6?s=96&d=mm&r=g","contentUrl":"https:\/\/secure.gravatar.com\/avatar\/dde2928154642a13d95f87ddf1ea9718fe2b46760a005c53e41ff5ad610704e6?s=96&d=mm&r=g","caption":"Nexo Informativo"},"url":"https:\/\/www.nexoinformativo.mx\/index.php\/author\/edicion\/"}]}},"_links":{"self":[{"href":"https:\/\/www.nexoinformativo.mx\/index.php\/wp-json\/wp\/v2\/posts\/5127","targetHints":{"allow":["GET"]}}],"collection":[{"href":"https:\/\/www.nexoinformativo.mx\/index.php\/wp-json\/wp\/v2\/posts"}],"about":[{"href":"https:\/\/www.nexoinformativo.mx\/index.php\/wp-json\/wp\/v2\/types\/post"}],"author":[{"embeddable":true,"href":"https:\/\/www.nexoinformativo.mx\/index.php\/wp-json\/wp\/v2\/users\/3"}],"replies":[{"embeddable":true,"href":"https:\/\/www.nexoinformativo.mx\/index.php\/wp-json\/wp\/v2\/comments?post=5127"}],"version-history":[{"count":7,"href":"https:\/\/www.nexoinformativo.mx\/index.php\/wp-json\/wp\/v2\/posts\/5127\/revisions"}],"predecessor-version":[{"id":5135,"href":"https:\/\/www.nexoinformativo.mx\/index.php\/wp-json\/wp\/v2\/posts\/5127\/revisions\/5135"}],"wp:featuredmedia":[{"embeddable":true,"href":"https:\/\/www.nexoinformativo.mx\/index.php\/wp-json\/wp\/v2\/media\/5128"}],"wp:attachment":[{"href":"https:\/\/www.nexoinformativo.mx\/index.php\/wp-json\/wp\/v2\/media?parent=5127"}],"wp:term":[{"taxonomy":"category","embeddable":true,"href":"https:\/\/www.nexoinformativo.mx\/index.php\/wp-json\/wp\/v2\/categories?post=5127"},{"taxonomy":"post_tag","embeddable":true,"href":"https:\/\/www.nexoinformativo.mx\/index.php\/wp-json\/wp\/v2\/tags?post=5127"}],"curies":[{"name":"wp","href":"https:\/\/api.w.org\/{rel}","templated":true}]}}