{"id":5136,"date":"2024-11-01T13:00:13","date_gmt":"2024-11-01T19:00:13","guid":{"rendered":"https:\/\/www.nexoinformativo.mx\/?p=5136"},"modified":"2024-11-01T14:04:58","modified_gmt":"2024-11-01T20:04:58","slug":"el-imss-en-queretaro-celebra-el-dia-de-muertos-con-un-altar-dedicado-al-mictlan","status":"publish","type":"post","link":"https:\/\/www.nexoinformativo.mx\/index.php\/2024\/11\/01\/el-imss-en-queretaro-celebra-el-dia-de-muertos-con-un-altar-dedicado-al-mictlan\/","title":{"rendered":"El IMSS en Quer\u00e9taro celebra el D\u00eda de Muertos con un altar dedicado al Mictl\u00e1n"},"content":{"rendered":"<p style=\"text-align: justify;\" data-sourcepos=\"5:1-5:406\">El Instituto Mexicano del Seguro Social (IMSS) en Quer\u00e9taro se sum\u00f3 a las celebraciones del D\u00eda de Muertos con la inauguraci\u00f3n de un altar dedicado al Mictl\u00e1n, el inframundo en la cosmovisi\u00f3n mexica. El evento, que tuvo lugar en la explanada del complejo delegacional, cont\u00f3 con la participaci\u00f3n de cientos de personas y se caracteriz\u00f3 por la belleza y el colorido de las ofrendas.<\/p>\n<p>&nbsp;<\/p>\n<p style=\"text-align: justify;\" data-sourcepos=\"7:1-7:385\">Bajo el lema &#8220;Una celebraci\u00f3n a la memoria y un ritual que privilegia el recuerdo sobre el olvido&#8221;, el IMSS Quer\u00e9taro busca preservar las tradiciones mexicanas y fomentar la cultura entre sus derechohabientes y trabajadores. El altar, adornado con flores de cempas\u00fachil, papel picado, calaveras de az\u00facar y otros elementos tradicionales, fue el centro de atenci\u00f3n del evento.<\/p>\n<p>&nbsp;<\/p>\n<p style=\"text-align: justify;\" data-sourcepos=\"9:1-9:315\">La titular del IMSS en Quer\u00e9taro, Martha Elo\u00edsa S\u00e1nchez, destac\u00f3 la importancia de mantener vivas las tradiciones mexicanas y record\u00f3 a los asistentes la importancia de honrar a sus seres queridos fallecidos. <strong>&#8220;Este altar es un espacio para la reflexi\u00f3n y la uni\u00f3n familiar&#8221;<\/strong>, afirm\u00f3 la funcionaria.<\/p>\n<p>&nbsp;<\/p>\n<p style=\"text-align: justify;\" data-sourcepos=\"13:1-13:320\">Para complementar la celebraci\u00f3n, se presentaron diversas actividades culturales y art\u00edsticas, como la danza de los concheros y una presentaci\u00f3n del grupo de danza folcl\u00f3rica infantil del Centro de Seguridad Social (CSS). Estas presentaciones llenaron de alegr\u00eda y color el evento, creando un ambiente festivo y emotivo.<\/p>\n<p>&nbsp;<\/p>\n<p style=\"text-align: justify;\" data-sourcepos=\"17:1-17:300\">El IMSS Quer\u00e9taro invita a toda la comunidad a visitar el altar de D\u00eda de Muertos y participar en las actividades organizadas por el Centro de Seguridad Social. Esta celebraci\u00f3n es una oportunidad para fortalecer los lazos familiares y comunitarios, as\u00ed como para preservar las tradiciones mexicanas.<\/p>\n<p>&nbsp;<\/p>\n<p style=\"text-align: center;\" data-sourcepos=\"17:1-17:300\"><em><strong>\u00a1Informaci\u00f3n que transforma!<\/strong><\/em><\/p>\n","protected":false},"excerpt":{"rendered":"<p>El Instituto Mexicano del Seguro Social (IMSS) en Quer\u00e9taro se sum\u00f3 a las celebraciones del D\u00eda de Muertos con la inauguraci\u00f3n de un altar dedicado al Mictl\u00e1n, el inframundo en la cosmovisi\u00f3n mexica.<\/p>\n","protected":false},"author":3,"featured_media":5137,"comment_status":"open","ping_status":"open","sticky":false,"template":"","format":"standard","meta":{"footnotes":""},"categories":[50,65],"tags":[1287,1750,1815,133],"class_list":["post-5136","post","type-post","status-publish","format-standard","has-post-thumbnail","hentry","category-espectaculos","category-municipios","tag-diademuertos","tag-imss","tag-mictlan","tag-queretaro"],"yoast_head":"<!-- This site is optimized with the Yoast SEO plugin v25.0 - https:\/\/yoast.com\/wordpress\/plugins\/seo\/ -->\n<title>El IMSS en Quer\u00e9taro celebra el D\u00eda de Muertos con un altar dedicado al Mictl\u00e1n | Nexo Informativo Santiago de Quer\u00e9taro<\/title>\n<meta name=\"description\" content=\"El IMSS en Quer\u00e9taro celebra el D\u00eda de Muertos con un altar dedicado al Mictl\u00e1n\" \/>\n<meta name=\"robots\" content=\"index, follow, max-snippet:-1, max-image-preview:large, max-video-preview:-1\" \/>\n<link rel=\"canonical\" href=\"https:\/\/www.nexoinformativo.mx\/index.php\/2024\/11\/01\/el-imss-en-queretaro-celebra-el-dia-de-muertos-con-un-altar-dedicado-al-mictlan\/\" \/>\n<meta property=\"og:locale\" content=\"es_MX\" \/>\n<meta property=\"og:type\" content=\"article\" \/>\n<meta property=\"og:title\" content=\"El IMSS en Quer\u00e9taro celebra el D\u00eda de Muertos con un altar dedicado al Mictl\u00e1n | Nexo Informativo Santiago de Quer\u00e9taro\" \/>\n<meta property=\"og:description\" content=\"El IMSS en Quer\u00e9taro celebra el D\u00eda de Muertos con un altar dedicado al Mictl\u00e1n\" \/>\n<meta property=\"og:url\" content=\"https:\/\/www.nexoinformativo.mx\/index.php\/2024\/11\/01\/el-imss-en-queretaro-celebra-el-dia-de-muertos-con-un-altar-dedicado-al-mictlan\/\" \/>\n<meta property=\"og:site_name\" content=\"Nexo Informativo Santiago de Quer\u00e9taro\" \/>\n<meta property=\"article:publisher\" content=\"https:\/\/www.facebook.com\/people\/Nexo-Informativo\/61564066885511\/\" \/>\n<meta property=\"article:published_time\" content=\"2024-11-01T19:00:13+00:00\" \/>\n<meta property=\"article:modified_time\" content=\"2024-11-01T20:04:58+00:00\" \/>\n<meta property=\"og:image\" content=\"https:\/\/www.nexoinformativo.mx\/wp-content\/uploads\/2024\/11\/IMG_7395.jpg\" \/>\n\t<meta property=\"og:image:width\" content=\"427\" \/>\n\t<meta property=\"og:image:height\" content=\"429\" \/>\n\t<meta property=\"og:image:type\" content=\"image\/jpeg\" \/>\n<meta name=\"author\" content=\"Nexo Informativo\" \/>\n<meta name=\"twitter:card\" content=\"summary_large_image\" \/>\n<meta name=\"twitter:label1\" content=\"Escrito por\" \/>\n\t<meta name=\"twitter:data1\" content=\"Nexo Informativo\" \/>\n\t<meta name=\"twitter:label2\" content=\"Tiempo de lectura\" \/>\n\t<meta name=\"twitter:data2\" content=\"2 minutos\" \/>\n<script type=\"application\/ld+json\" class=\"yoast-schema-graph\">{\"@context\":\"https:\/\/schema.org\",\"@graph\":[{\"@type\":\"Article\",\"@id\":\"https:\/\/www.nexoinformativo.mx\/index.php\/2024\/11\/01\/el-imss-en-queretaro-celebra-el-dia-de-muertos-con-un-altar-dedicado-al-mictlan\/#article\",\"isPartOf\":{\"@id\":\"https:\/\/www.nexoinformativo.mx\/index.php\/2024\/11\/01\/el-imss-en-queretaro-celebra-el-dia-de-muertos-con-un-altar-dedicado-al-mictlan\/\"},\"author\":{\"name\":\"Nexo Informativo\",\"@id\":\"https:\/\/www.nexoinformativo.mx\/#\/schema\/person\/7749d380ba08c8ca00d7bc76fd907b7d\"},\"headline\":\"El IMSS en Quer\u00e9taro celebra el D\u00eda de Muertos con un altar dedicado al Mictl\u00e1n\",\"datePublished\":\"2024-11-01T19:00:13+00:00\",\"dateModified\":\"2024-11-01T20:04:58+00:00\",\"mainEntityOfPage\":{\"@id\":\"https:\/\/www.nexoinformativo.mx\/index.php\/2024\/11\/01\/el-imss-en-queretaro-celebra-el-dia-de-muertos-con-un-altar-dedicado-al-mictlan\/\"},\"wordCount\":314,\"commentCount\":0,\"publisher\":{\"@id\":\"https:\/\/www.nexoinformativo.mx\/#organization\"},\"image\":{\"@id\":\"https:\/\/www.nexoinformativo.mx\/index.php\/2024\/11\/01\/el-imss-en-queretaro-celebra-el-dia-de-muertos-con-un-altar-dedicado-al-mictlan\/#primaryimage\"},\"thumbnailUrl\":\"https:\/\/www.nexoinformativo.mx\/wp-content\/uploads\/2024\/11\/IMG_7395.jpg\",\"keywords\":[\"D\u00edaDeMuertos\",\"IMSS\",\"Mictl\u00e1n\",\"Quer\u00e9taro\"],\"articleSection\":[\"Espect\u00e1culos\",\"Municipios\"],\"inLanguage\":\"es\",\"potentialAction\":[{\"@type\":\"CommentAction\",\"name\":\"Comment\",\"target\":[\"https:\/\/www.nexoinformativo.mx\/index.php\/2024\/11\/01\/el-imss-en-queretaro-celebra-el-dia-de-muertos-con-un-altar-dedicado-al-mictlan\/#respond\"]}]},{\"@type\":\"WebPage\",\"@id\":\"https:\/\/www.nexoinformativo.mx\/index.php\/2024\/11\/01\/el-imss-en-queretaro-celebra-el-dia-de-muertos-con-un-altar-dedicado-al-mictlan\/\",\"url\":\"https:\/\/www.nexoinformativo.mx\/index.php\/2024\/11\/01\/el-imss-en-queretaro-celebra-el-dia-de-muertos-con-un-altar-dedicado-al-mictlan\/\",\"name\":\"El IMSS en Quer\u00e9taro celebra el D\u00eda de Muertos con un altar dedicado al Mictl\u00e1n | Nexo Informativo Santiago de Quer\u00e9taro\",\"isPartOf\":{\"@id\":\"https:\/\/www.nexoinformativo.mx\/#website\"},\"primaryImageOfPage\":{\"@id\":\"https:\/\/www.nexoinformativo.mx\/index.php\/2024\/11\/01\/el-imss-en-queretaro-celebra-el-dia-de-muertos-con-un-altar-dedicado-al-mictlan\/#primaryimage\"},\"image\":{\"@id\":\"https:\/\/www.nexoinformativo.mx\/index.php\/2024\/11\/01\/el-imss-en-queretaro-celebra-el-dia-de-muertos-con-un-altar-dedicado-al-mictlan\/#primaryimage\"},\"thumbnailUrl\":\"https:\/\/www.nexoinformativo.mx\/wp-content\/uploads\/2024\/11\/IMG_7395.jpg\",\"datePublished\":\"2024-11-01T19:00:13+00:00\",\"dateModified\":\"2024-11-01T20:04:58+00:00\",\"description\":\"El IMSS en Quer\u00e9taro celebra el D\u00eda de Muertos con un altar dedicado al Mictl\u00e1n\",\"breadcrumb\":{\"@id\":\"https:\/\/www.nexoinformativo.mx\/index.php\/2024\/11\/01\/el-imss-en-queretaro-celebra-el-dia-de-muertos-con-un-altar-dedicado-al-mictlan\/#breadcrumb\"},\"inLanguage\":\"es\",\"potentialAction\":[{\"@type\":\"ReadAction\",\"target\":[\"https:\/\/www.nexoinformativo.mx\/index.php\/2024\/11\/01\/el-imss-en-queretaro-celebra-el-dia-de-muertos-con-un-altar-dedicado-al-mictlan\/\"]}]},{\"@type\":\"ImageObject\",\"inLanguage\":\"es\",\"@id\":\"https:\/\/www.nexoinformativo.mx\/index.php\/2024\/11\/01\/el-imss-en-queretaro-celebra-el-dia-de-muertos-con-un-altar-dedicado-al-mictlan\/#primaryimage\",\"url\":\"https:\/\/www.nexoinformativo.mx\/wp-content\/uploads\/2024\/11\/IMG_7395.jpg\",\"contentUrl\":\"https:\/\/www.nexoinformativo.mx\/wp-content\/uploads\/2024\/11\/IMG_7395.jpg\",\"width\":427,\"height\":429},{\"@type\":\"BreadcrumbList\",\"@id\":\"https:\/\/www.nexoinformativo.mx\/index.php\/2024\/11\/01\/el-imss-en-queretaro-celebra-el-dia-de-muertos-con-un-altar-dedicado-al-mictlan\/#breadcrumb\",\"itemListElement\":[{\"@type\":\"ListItem\",\"position\":1,\"name\":\"Inicio\",\"item\":\"https:\/\/www.nexoinformativo.mx\/\"},{\"@type\":\"ListItem\",\"position\":2,\"name\":\"El IMSS en Quer\u00e9taro celebra el D\u00eda de Muertos con un altar dedicado al Mictl\u00e1n\"}]},{\"@type\":\"WebSite\",\"@id\":\"https:\/\/www.nexoinformativo.mx\/#website\",\"url\":\"https:\/\/www.nexoinformativo.mx\/\",\"name\":\"Nexo Informativo Santiago de Quer\u00e9taro\",\"description\":\"Explora NexoInformativo y convi\u00e9rtete en parte de una comunidad que valora el conocimiento y la verdad. Tu nexoinformativo es tu puente hacia una comprensi\u00f3n m\u00e1s profunda del mundo que te rodea.\",\"publisher\":{\"@id\":\"https:\/\/www.nexoinformativo.mx\/#organization\"},\"potentialAction\":[{\"@type\":\"SearchAction\",\"target\":{\"@type\":\"EntryPoint\",\"urlTemplate\":\"https:\/\/www.nexoinformativo.mx\/?s={search_term_string}\"},\"query-input\":{\"@type\":\"PropertyValueSpecification\",\"valueRequired\":true,\"valueName\":\"search_term_string\"}}],\"inLanguage\":\"es\"},{\"@type\":\"Organization\",\"@id\":\"https:\/\/www.nexoinformativo.mx\/#organization\",\"name\":\"Nexo Informativo Santiago de Quer\u00e9taro\",\"url\":\"https:\/\/www.nexoinformativo.mx\/\",\"logo\":{\"@type\":\"ImageObject\",\"inLanguage\":\"es\",\"@id\":\"https:\/\/www.nexoinformativo.mx\/#\/schema\/logo\/image\/\",\"url\":\"https:\/\/www.nexoinformativo.mx\/wp-content\/uploads\/2024\/07\/nexoi-trasparente-2.png\",\"contentUrl\":\"https:\/\/www.nexoinformativo.mx\/wp-content\/uploads\/2024\/07\/nexoi-trasparente-2.png\",\"width\":816,\"height\":339,\"caption\":\"Nexo Informativo Santiago de Quer\u00e9taro\"},\"image\":{\"@id\":\"https:\/\/www.nexoinformativo.mx\/#\/schema\/logo\/image\/\"},\"sameAs\":[\"https:\/\/www.facebook.com\/people\/Nexo-Informativo\/61564066885511\/\"]},{\"@type\":\"Person\",\"@id\":\"https:\/\/www.nexoinformativo.mx\/#\/schema\/person\/7749d380ba08c8ca00d7bc76fd907b7d\",\"name\":\"Nexo Informativo\",\"image\":{\"@type\":\"ImageObject\",\"inLanguage\":\"es\",\"@id\":\"https:\/\/www.nexoinformativo.mx\/#\/schema\/person\/image\/\",\"url\":\"https:\/\/secure.gravatar.com\/avatar\/dde2928154642a13d95f87ddf1ea9718fe2b46760a005c53e41ff5ad610704e6?s=96&d=mm&r=g\",\"contentUrl\":\"https:\/\/secure.gravatar.com\/avatar\/dde2928154642a13d95f87ddf1ea9718fe2b46760a005c53e41ff5ad610704e6?s=96&d=mm&r=g\",\"caption\":\"Nexo Informativo\"},\"url\":\"https:\/\/www.nexoinformativo.mx\/index.php\/author\/edicion\/\"}]}<\/script>\n<!-- \/ Yoast SEO plugin. -->","yoast_head_json":{"title":"El IMSS en Quer\u00e9taro celebra el D\u00eda de Muertos con un altar dedicado al Mictl\u00e1n | Nexo Informativo Santiago de Quer\u00e9taro","description":"El IMSS en Quer\u00e9taro celebra el D\u00eda de Muertos con un altar dedicado al Mictl\u00e1n","robots":{"index":"index","follow":"follow","max-snippet":"max-snippet:-1","max-image-preview":"max-image-preview:large","max-video-preview":"max-video-preview:-1"},"canonical":"https:\/\/www.nexoinformativo.mx\/index.php\/2024\/11\/01\/el-imss-en-queretaro-celebra-el-dia-de-muertos-con-un-altar-dedicado-al-mictlan\/","og_locale":"es_MX","og_type":"article","og_title":"El IMSS en Quer\u00e9taro celebra el D\u00eda de Muertos con un altar dedicado al Mictl\u00e1n | Nexo Informativo Santiago de Quer\u00e9taro","og_description":"El IMSS en Quer\u00e9taro celebra el D\u00eda de Muertos con un altar dedicado al Mictl\u00e1n","og_url":"https:\/\/www.nexoinformativo.mx\/index.php\/2024\/11\/01\/el-imss-en-queretaro-celebra-el-dia-de-muertos-con-un-altar-dedicado-al-mictlan\/","og_site_name":"Nexo Informativo Santiago de Quer\u00e9taro","article_publisher":"https:\/\/www.facebook.com\/people\/Nexo-Informativo\/61564066885511\/","article_published_time":"2024-11-01T19:00:13+00:00","article_modified_time":"2024-11-01T20:04:58+00:00","og_image":[{"width":427,"height":429,"url":"https:\/\/www.nexoinformativo.mx\/wp-content\/uploads\/2024\/11\/IMG_7395.jpg","type":"image\/jpeg"}],"author":"Nexo Informativo","twitter_card":"summary_large_image","twitter_misc":{"Escrito por":"Nexo Informativo","Tiempo de lectura":"2 minutos"},"schema":{"@context":"https:\/\/schema.org","@graph":[{"@type":"Article","@id":"https:\/\/www.nexoinformativo.mx\/index.php\/2024\/11\/01\/el-imss-en-queretaro-celebra-el-dia-de-muertos-con-un-altar-dedicado-al-mictlan\/#article","isPartOf":{"@id":"https:\/\/www.nexoinformativo.mx\/index.php\/2024\/11\/01\/el-imss-en-queretaro-celebra-el-dia-de-muertos-con-un-altar-dedicado-al-mictlan\/"},"author":{"name":"Nexo Informativo","@id":"https:\/\/www.nexoinformativo.mx\/#\/schema\/person\/7749d380ba08c8ca00d7bc76fd907b7d"},"headline":"El IMSS en Quer\u00e9taro celebra el D\u00eda de Muertos con un altar dedicado al Mictl\u00e1n","datePublished":"2024-11-01T19:00:13+00:00","dateModified":"2024-11-01T20:04:58+00:00","mainEntityOfPage":{"@id":"https:\/\/www.nexoinformativo.mx\/index.php\/2024\/11\/01\/el-imss-en-queretaro-celebra-el-dia-de-muertos-con-un-altar-dedicado-al-mictlan\/"},"wordCount":314,"commentCount":0,"publisher":{"@id":"https:\/\/www.nexoinformativo.mx\/#organization"},"image":{"@id":"https:\/\/www.nexoinformativo.mx\/index.php\/2024\/11\/01\/el-imss-en-queretaro-celebra-el-dia-de-muertos-con-un-altar-dedicado-al-mictlan\/#primaryimage"},"thumbnailUrl":"https:\/\/www.nexoinformativo.mx\/wp-content\/uploads\/2024\/11\/IMG_7395.jpg","keywords":["D\u00edaDeMuertos","IMSS","Mictl\u00e1n","Quer\u00e9taro"],"articleSection":["Espect\u00e1culos","Municipios"],"inLanguage":"es","potentialAction":[{"@type":"CommentAction","name":"Comment","target":["https:\/\/www.nexoinformativo.mx\/index.php\/2024\/11\/01\/el-imss-en-queretaro-celebra-el-dia-de-muertos-con-un-altar-dedicado-al-mictlan\/#respond"]}]},{"@type":"WebPage","@id":"https:\/\/www.nexoinformativo.mx\/index.php\/2024\/11\/01\/el-imss-en-queretaro-celebra-el-dia-de-muertos-con-un-altar-dedicado-al-mictlan\/","url":"https:\/\/www.nexoinformativo.mx\/index.php\/2024\/11\/01\/el-imss-en-queretaro-celebra-el-dia-de-muertos-con-un-altar-dedicado-al-mictlan\/","name":"El IMSS en Quer\u00e9taro celebra el D\u00eda de Muertos con un altar dedicado al Mictl\u00e1n | Nexo Informativo Santiago de Quer\u00e9taro","isPartOf":{"@id":"https:\/\/www.nexoinformativo.mx\/#website"},"primaryImageOfPage":{"@id":"https:\/\/www.nexoinformativo.mx\/index.php\/2024\/11\/01\/el-imss-en-queretaro-celebra-el-dia-de-muertos-con-un-altar-dedicado-al-mictlan\/#primaryimage"},"image":{"@id":"https:\/\/www.nexoinformativo.mx\/index.php\/2024\/11\/01\/el-imss-en-queretaro-celebra-el-dia-de-muertos-con-un-altar-dedicado-al-mictlan\/#primaryimage"},"thumbnailUrl":"https:\/\/www.nexoinformativo.mx\/wp-content\/uploads\/2024\/11\/IMG_7395.jpg","datePublished":"2024-11-01T19:00:13+00:00","dateModified":"2024-11-01T20:04:58+00:00","description":"El IMSS en Quer\u00e9taro celebra el D\u00eda de Muertos con un altar dedicado al Mictl\u00e1n","breadcrumb":{"@id":"https:\/\/www.nexoinformativo.mx\/index.php\/2024\/11\/01\/el-imss-en-queretaro-celebra-el-dia-de-muertos-con-un-altar-dedicado-al-mictlan\/#breadcrumb"},"inLanguage":"es","potentialAction":[{"@type":"ReadAction","target":["https:\/\/www.nexoinformativo.mx\/index.php\/2024\/11\/01\/el-imss-en-queretaro-celebra-el-dia-de-muertos-con-un-altar-dedicado-al-mictlan\/"]}]},{"@type":"ImageObject","inLanguage":"es","@id":"https:\/\/www.nexoinformativo.mx\/index.php\/2024\/11\/01\/el-imss-en-queretaro-celebra-el-dia-de-muertos-con-un-altar-dedicado-al-mictlan\/#primaryimage","url":"https:\/\/www.nexoinformativo.mx\/wp-content\/uploads\/2024\/11\/IMG_7395.jpg","contentUrl":"https:\/\/www.nexoinformativo.mx\/wp-content\/uploads\/2024\/11\/IMG_7395.jpg","width":427,"height":429},{"@type":"BreadcrumbList","@id":"https:\/\/www.nexoinformativo.mx\/index.php\/2024\/11\/01\/el-imss-en-queretaro-celebra-el-dia-de-muertos-con-un-altar-dedicado-al-mictlan\/#breadcrumb","itemListElement":[{"@type":"ListItem","position":1,"name":"Inicio","item":"https:\/\/www.nexoinformativo.mx\/"},{"@type":"ListItem","position":2,"name":"El IMSS en Quer\u00e9taro celebra el D\u00eda de Muertos con un altar dedicado al Mictl\u00e1n"}]},{"@type":"WebSite","@id":"https:\/\/www.nexoinformativo.mx\/#website","url":"https:\/\/www.nexoinformativo.mx\/","name":"Nexo Informativo Santiago de Quer\u00e9taro","description":"Explora NexoInformativo y convi\u00e9rtete en parte de una comunidad que valora el conocimiento y la verdad. Tu nexoinformativo es tu puente hacia una comprensi\u00f3n m\u00e1s profunda del mundo que te rodea.","publisher":{"@id":"https:\/\/www.nexoinformativo.mx\/#organization"},"potentialAction":[{"@type":"SearchAction","target":{"@type":"EntryPoint","urlTemplate":"https:\/\/www.nexoinformativo.mx\/?s={search_term_string}"},"query-input":{"@type":"PropertyValueSpecification","valueRequired":true,"valueName":"search_term_string"}}],"inLanguage":"es"},{"@type":"Organization","@id":"https:\/\/www.nexoinformativo.mx\/#organization","name":"Nexo Informativo Santiago de Quer\u00e9taro","url":"https:\/\/www.nexoinformativo.mx\/","logo":{"@type":"ImageObject","inLanguage":"es","@id":"https:\/\/www.nexoinformativo.mx\/#\/schema\/logo\/image\/","url":"https:\/\/www.nexoinformativo.mx\/wp-content\/uploads\/2024\/07\/nexoi-trasparente-2.png","contentUrl":"https:\/\/www.nexoinformativo.mx\/wp-content\/uploads\/2024\/07\/nexoi-trasparente-2.png","width":816,"height":339,"caption":"Nexo Informativo Santiago de Quer\u00e9taro"},"image":{"@id":"https:\/\/www.nexoinformativo.mx\/#\/schema\/logo\/image\/"},"sameAs":["https:\/\/www.facebook.com\/people\/Nexo-Informativo\/61564066885511\/"]},{"@type":"Person","@id":"https:\/\/www.nexoinformativo.mx\/#\/schema\/person\/7749d380ba08c8ca00d7bc76fd907b7d","name":"Nexo Informativo","image":{"@type":"ImageObject","inLanguage":"es","@id":"https:\/\/www.nexoinformativo.mx\/#\/schema\/person\/image\/","url":"https:\/\/secure.gravatar.com\/avatar\/dde2928154642a13d95f87ddf1ea9718fe2b46760a005c53e41ff5ad610704e6?s=96&d=mm&r=g","contentUrl":"https:\/\/secure.gravatar.com\/avatar\/dde2928154642a13d95f87ddf1ea9718fe2b46760a005c53e41ff5ad610704e6?s=96&d=mm&r=g","caption":"Nexo Informativo"},"url":"https:\/\/www.nexoinformativo.mx\/index.php\/author\/edicion\/"}]}},"_links":{"self":[{"href":"https:\/\/www.nexoinformativo.mx\/index.php\/wp-json\/wp\/v2\/posts\/5136","targetHints":{"allow":["GET"]}}],"collection":[{"href":"https:\/\/www.nexoinformativo.mx\/index.php\/wp-json\/wp\/v2\/posts"}],"about":[{"href":"https:\/\/www.nexoinformativo.mx\/index.php\/wp-json\/wp\/v2\/types\/post"}],"author":[{"embeddable":true,"href":"https:\/\/www.nexoinformativo.mx\/index.php\/wp-json\/wp\/v2\/users\/3"}],"replies":[{"embeddable":true,"href":"https:\/\/www.nexoinformativo.mx\/index.php\/wp-json\/wp\/v2\/comments?post=5136"}],"version-history":[{"count":4,"href":"https:\/\/www.nexoinformativo.mx\/index.php\/wp-json\/wp\/v2\/posts\/5136\/revisions"}],"predecessor-version":[{"id":5141,"href":"https:\/\/www.nexoinformativo.mx\/index.php\/wp-json\/wp\/v2\/posts\/5136\/revisions\/5141"}],"wp:featuredmedia":[{"embeddable":true,"href":"https:\/\/www.nexoinformativo.mx\/index.php\/wp-json\/wp\/v2\/media\/5137"}],"wp:attachment":[{"href":"https:\/\/www.nexoinformativo.mx\/index.php\/wp-json\/wp\/v2\/media?parent=5136"}],"wp:term":[{"taxonomy":"category","embeddable":true,"href":"https:\/\/www.nexoinformativo.mx\/index.php\/wp-json\/wp\/v2\/categories?post=5136"},{"taxonomy":"post_tag","embeddable":true,"href":"https:\/\/www.nexoinformativo.mx\/index.php\/wp-json\/wp\/v2\/tags?post=5136"}],"curies":[{"name":"wp","href":"https:\/\/api.w.org\/{rel}","templated":true}]}}