{"id":5142,"date":"2024-11-01T13:30:16","date_gmt":"2024-11-01T19:30:16","guid":{"rendered":"https:\/\/www.nexoinformativo.mx\/?p=5142"},"modified":"2024-11-01T14:10:56","modified_gmt":"2024-11-01T20:10:56","slug":"gobierno-estatal-queretaro-respaldara-al-fiscal-general-victor-de-jesus-hernandez","status":"publish","type":"post","link":"https:\/\/www.nexoinformativo.mx\/index.php\/2024\/11\/01\/gobierno-estatal-queretaro-respaldara-al-fiscal-general-victor-de-jesus-hernandez\/","title":{"rendered":"Gobierno Estatal Quer\u00e9taro respaldar\u00e1 al Fiscal General V\u00edctor de Jes\u00fas Hern\u00e1ndez"},"content":{"rendered":"<p style=\"text-align: justify;\">El Poder Ejecutivo del estado de Quer\u00e9taro ha confirmado su respaldo al Fiscal General, V\u00edctor de Jes\u00fas Hern\u00e1ndez, a pesar de las exigencias del Senado de la Rep\u00fablica y de diversos grupos sociales y activistas que piden su destituci\u00f3n.<\/p>\n<p>&nbsp;<\/p>\n<p style=\"text-align: justify;\">Carlos Alcaraz Guti\u00e9rrez, Secretario de Gobierno, hizo esta afirmaci\u00f3n en respuesta a la controversia generada por el tratamiento del caso de una menor en Huimilpan. <strong>\u201cHay un total respaldo y respeto a la funci\u00f3n de la Fiscal\u00eda General del estado y, por supuesto, a su titular, al licenciado V\u00edctor de Jes\u00fas.\u00a0Sin embargo, hay una profunda reflexi\u00f3n debido a los eventos recientes\u201d<\/strong>, se\u00f1al\u00f3 Alcaraz Guti\u00e9rrez.<\/p>\n<p>&nbsp;<\/p>\n<p style=\"text-align: justify;\">El Secretario de Gobierno tambi\u00e9n garantiz\u00f3 que la menor involucrada en el caso, as\u00ed como su familia, recibir\u00e1n el apoyo y respaldo del gobierno estatal para cualquier tratamiento que necesiten. \u201cEs una funci\u00f3n permanente que tenemos, tambi\u00e9n el Sistema Integral para la Protecci\u00f3n de Ni\u00f1os, Ni\u00f1as y Adolescentes.<\/p>\n<p>&nbsp;<\/p>\n<p style=\"text-align: justify;\">Es una funci\u00f3n transversal, integral y permanente que tiene el Poder Ejecutivo\u201d, a\u00f1adi\u00f3. Este respaldo del gobierno estatal busca fortalecer la confianza en las instituciones y asegurar que se brinde la atenci\u00f3n adecuada a las v\u00edctimas y sus familias.<\/p>\n<p>&nbsp;<\/p>\n<p style=\"text-align: justify;\">La administraci\u00f3n de Quer\u00e9taro se comprometi\u00f3 a trabajar de manera integral en la protecci\u00f3n de los derechos de los ni\u00f1os y adolescentes en el estado.<\/p>\n<p>&nbsp;<\/p>\n<p style=\"text-align: center;\"><em><strong>\u00a1Informaci\u00f3n que transforma!<\/strong><\/em><\/p>\n","protected":false},"excerpt":{"rendered":"<p>El Poder Ejecutivo del estado de Quer\u00e9taro ha confirmado su respaldo al Fiscal General, V\u00edctor de Jes\u00fas Hern\u00e1ndez, a pesar de las exigencias del Senado de la Rep\u00fablica y de diversos grupos sociales y activistas que piden su destituci\u00f3n. &nbsp; Carlos Alcaraz Guti\u00e9rrez, Secretario de Gobierno, hizo esta afirmaci\u00f3n en respuesta a la controversia generada [&hellip;]<\/p>\n","protected":false},"author":3,"featured_media":5143,"comment_status":"open","ping_status":"open","sticky":false,"template":"","format":"standard","meta":{"footnotes":""},"categories":[42,58],"tags":[1817,893,1816,133],"class_list":["post-5142","post","type-post","status-publish","format-standard","has-post-thumbnail","hentry","category-estado","category-ultima-hora","tag-apoyoestatal","tag-derechosinfantiles","tag-fiscalgeneral","tag-queretaro"],"yoast_head":"<!-- This site is optimized with the Yoast SEO plugin v25.0 - https:\/\/yoast.com\/wordpress\/plugins\/seo\/ -->\n<title>Gobierno Estatal Quer\u00e9taro respaldar\u00e1 al Fiscal General V\u00edctor de Jes\u00fas Hern\u00e1ndez | Nexo Informativo Santiago de Quer\u00e9taro<\/title>\n<meta name=\"description\" content=\"Gobierno Estatal Quer\u00e9taro respaldar\u00e1 al Fiscal General V\u00edctor de Jes\u00fas Hern\u00e1ndez\" \/>\n<meta name=\"robots\" content=\"index, follow, max-snippet:-1, max-image-preview:large, max-video-preview:-1\" \/>\n<link rel=\"canonical\" href=\"https:\/\/www.nexoinformativo.mx\/index.php\/2024\/11\/01\/gobierno-estatal-queretaro-respaldara-al-fiscal-general-victor-de-jesus-hernandez\/\" \/>\n<meta property=\"og:locale\" content=\"es_MX\" \/>\n<meta property=\"og:type\" content=\"article\" \/>\n<meta property=\"og:title\" content=\"Gobierno Estatal Quer\u00e9taro respaldar\u00e1 al Fiscal General V\u00edctor de Jes\u00fas Hern\u00e1ndez | Nexo Informativo Santiago de Quer\u00e9taro\" \/>\n<meta property=\"og:description\" content=\"Gobierno Estatal Quer\u00e9taro respaldar\u00e1 al Fiscal General V\u00edctor de Jes\u00fas Hern\u00e1ndez\" \/>\n<meta property=\"og:url\" content=\"https:\/\/www.nexoinformativo.mx\/index.php\/2024\/11\/01\/gobierno-estatal-queretaro-respaldara-al-fiscal-general-victor-de-jesus-hernandez\/\" \/>\n<meta property=\"og:site_name\" content=\"Nexo Informativo Santiago de Quer\u00e9taro\" \/>\n<meta property=\"article:publisher\" content=\"https:\/\/www.facebook.com\/people\/Nexo-Informativo\/61564066885511\/\" \/>\n<meta property=\"article:published_time\" content=\"2024-11-01T19:30:16+00:00\" \/>\n<meta property=\"article:modified_time\" content=\"2024-11-01T20:10:56+00:00\" \/>\n<meta property=\"og:image\" content=\"https:\/\/www.nexoinformativo.mx\/wp-content\/uploads\/2024\/11\/IMG_7398.jpg\" \/>\n\t<meta property=\"og:image:width\" content=\"441\" \/>\n\t<meta property=\"og:image:height\" content=\"373\" \/>\n\t<meta property=\"og:image:type\" content=\"image\/jpeg\" \/>\n<meta name=\"author\" content=\"Nexo Informativo\" \/>\n<meta name=\"twitter:card\" content=\"summary_large_image\" \/>\n<meta name=\"twitter:label1\" content=\"Escrito por\" \/>\n\t<meta name=\"twitter:data1\" content=\"Nexo Informativo\" \/>\n\t<meta name=\"twitter:label2\" content=\"Tiempo de lectura\" \/>\n\t<meta name=\"twitter:data2\" content=\"2 minutos\" \/>\n<script type=\"application\/ld+json\" class=\"yoast-schema-graph\">{\"@context\":\"https:\/\/schema.org\",\"@graph\":[{\"@type\":\"Article\",\"@id\":\"https:\/\/www.nexoinformativo.mx\/index.php\/2024\/11\/01\/gobierno-estatal-queretaro-respaldara-al-fiscal-general-victor-de-jesus-hernandez\/#article\",\"isPartOf\":{\"@id\":\"https:\/\/www.nexoinformativo.mx\/index.php\/2024\/11\/01\/gobierno-estatal-queretaro-respaldara-al-fiscal-general-victor-de-jesus-hernandez\/\"},\"author\":{\"name\":\"Nexo Informativo\",\"@id\":\"https:\/\/www.nexoinformativo.mx\/#\/schema\/person\/7749d380ba08c8ca00d7bc76fd907b7d\"},\"headline\":\"Gobierno Estatal Quer\u00e9taro respaldar\u00e1 al Fiscal General V\u00edctor de Jes\u00fas Hern\u00e1ndez\",\"datePublished\":\"2024-11-01T19:30:16+00:00\",\"dateModified\":\"2024-11-01T20:10:56+00:00\",\"mainEntityOfPage\":{\"@id\":\"https:\/\/www.nexoinformativo.mx\/index.php\/2024\/11\/01\/gobierno-estatal-queretaro-respaldara-al-fiscal-general-victor-de-jesus-hernandez\/\"},\"wordCount\":270,\"commentCount\":0,\"publisher\":{\"@id\":\"https:\/\/www.nexoinformativo.mx\/#organization\"},\"image\":{\"@id\":\"https:\/\/www.nexoinformativo.mx\/index.php\/2024\/11\/01\/gobierno-estatal-queretaro-respaldara-al-fiscal-general-victor-de-jesus-hernandez\/#primaryimage\"},\"thumbnailUrl\":\"https:\/\/www.nexoinformativo.mx\/wp-content\/uploads\/2024\/11\/IMG_7398.jpg\",\"keywords\":[\"ApoyoEstatal\",\"DerechosInfantiles\",\"FiscalGeneral\",\"Quer\u00e9taro\"],\"articleSection\":[\"Estado\",\"\u00daltima Hora\"],\"inLanguage\":\"es\",\"potentialAction\":[{\"@type\":\"CommentAction\",\"name\":\"Comment\",\"target\":[\"https:\/\/www.nexoinformativo.mx\/index.php\/2024\/11\/01\/gobierno-estatal-queretaro-respaldara-al-fiscal-general-victor-de-jesus-hernandez\/#respond\"]}]},{\"@type\":\"WebPage\",\"@id\":\"https:\/\/www.nexoinformativo.mx\/index.php\/2024\/11\/01\/gobierno-estatal-queretaro-respaldara-al-fiscal-general-victor-de-jesus-hernandez\/\",\"url\":\"https:\/\/www.nexoinformativo.mx\/index.php\/2024\/11\/01\/gobierno-estatal-queretaro-respaldara-al-fiscal-general-victor-de-jesus-hernandez\/\",\"name\":\"Gobierno Estatal Quer\u00e9taro respaldar\u00e1 al Fiscal General V\u00edctor de Jes\u00fas Hern\u00e1ndez | Nexo Informativo Santiago de Quer\u00e9taro\",\"isPartOf\":{\"@id\":\"https:\/\/www.nexoinformativo.mx\/#website\"},\"primaryImageOfPage\":{\"@id\":\"https:\/\/www.nexoinformativo.mx\/index.php\/2024\/11\/01\/gobierno-estatal-queretaro-respaldara-al-fiscal-general-victor-de-jesus-hernandez\/#primaryimage\"},\"image\":{\"@id\":\"https:\/\/www.nexoinformativo.mx\/index.php\/2024\/11\/01\/gobierno-estatal-queretaro-respaldara-al-fiscal-general-victor-de-jesus-hernandez\/#primaryimage\"},\"thumbnailUrl\":\"https:\/\/www.nexoinformativo.mx\/wp-content\/uploads\/2024\/11\/IMG_7398.jpg\",\"datePublished\":\"2024-11-01T19:30:16+00:00\",\"dateModified\":\"2024-11-01T20:10:56+00:00\",\"description\":\"Gobierno Estatal Quer\u00e9taro respaldar\u00e1 al Fiscal General V\u00edctor de Jes\u00fas Hern\u00e1ndez\",\"breadcrumb\":{\"@id\":\"https:\/\/www.nexoinformativo.mx\/index.php\/2024\/11\/01\/gobierno-estatal-queretaro-respaldara-al-fiscal-general-victor-de-jesus-hernandez\/#breadcrumb\"},\"inLanguage\":\"es\",\"potentialAction\":[{\"@type\":\"ReadAction\",\"target\":[\"https:\/\/www.nexoinformativo.mx\/index.php\/2024\/11\/01\/gobierno-estatal-queretaro-respaldara-al-fiscal-general-victor-de-jesus-hernandez\/\"]}]},{\"@type\":\"ImageObject\",\"inLanguage\":\"es\",\"@id\":\"https:\/\/www.nexoinformativo.mx\/index.php\/2024\/11\/01\/gobierno-estatal-queretaro-respaldara-al-fiscal-general-victor-de-jesus-hernandez\/#primaryimage\",\"url\":\"https:\/\/www.nexoinformativo.mx\/wp-content\/uploads\/2024\/11\/IMG_7398.jpg\",\"contentUrl\":\"https:\/\/www.nexoinformativo.mx\/wp-content\/uploads\/2024\/11\/IMG_7398.jpg\",\"width\":441,\"height\":373},{\"@type\":\"BreadcrumbList\",\"@id\":\"https:\/\/www.nexoinformativo.mx\/index.php\/2024\/11\/01\/gobierno-estatal-queretaro-respaldara-al-fiscal-general-victor-de-jesus-hernandez\/#breadcrumb\",\"itemListElement\":[{\"@type\":\"ListItem\",\"position\":1,\"name\":\"Inicio\",\"item\":\"https:\/\/www.nexoinformativo.mx\/\"},{\"@type\":\"ListItem\",\"position\":2,\"name\":\"Gobierno Estatal Quer\u00e9taro respaldar\u00e1 al Fiscal General V\u00edctor de Jes\u00fas Hern\u00e1ndez\"}]},{\"@type\":\"WebSite\",\"@id\":\"https:\/\/www.nexoinformativo.mx\/#website\",\"url\":\"https:\/\/www.nexoinformativo.mx\/\",\"name\":\"Nexo Informativo Santiago de Quer\u00e9taro\",\"description\":\"Explora NexoInformativo y convi\u00e9rtete en parte de una comunidad que valora el conocimiento y la verdad. Tu nexoinformativo es tu puente hacia una comprensi\u00f3n m\u00e1s profunda del mundo que te rodea.\",\"publisher\":{\"@id\":\"https:\/\/www.nexoinformativo.mx\/#organization\"},\"potentialAction\":[{\"@type\":\"SearchAction\",\"target\":{\"@type\":\"EntryPoint\",\"urlTemplate\":\"https:\/\/www.nexoinformativo.mx\/?s={search_term_string}\"},\"query-input\":{\"@type\":\"PropertyValueSpecification\",\"valueRequired\":true,\"valueName\":\"search_term_string\"}}],\"inLanguage\":\"es\"},{\"@type\":\"Organization\",\"@id\":\"https:\/\/www.nexoinformativo.mx\/#organization\",\"name\":\"Nexo Informativo Santiago de Quer\u00e9taro\",\"url\":\"https:\/\/www.nexoinformativo.mx\/\",\"logo\":{\"@type\":\"ImageObject\",\"inLanguage\":\"es\",\"@id\":\"https:\/\/www.nexoinformativo.mx\/#\/schema\/logo\/image\/\",\"url\":\"https:\/\/www.nexoinformativo.mx\/wp-content\/uploads\/2024\/07\/nexoi-trasparente-2.png\",\"contentUrl\":\"https:\/\/www.nexoinformativo.mx\/wp-content\/uploads\/2024\/07\/nexoi-trasparente-2.png\",\"width\":816,\"height\":339,\"caption\":\"Nexo Informativo Santiago de Quer\u00e9taro\"},\"image\":{\"@id\":\"https:\/\/www.nexoinformativo.mx\/#\/schema\/logo\/image\/\"},\"sameAs\":[\"https:\/\/www.facebook.com\/people\/Nexo-Informativo\/61564066885511\/\"]},{\"@type\":\"Person\",\"@id\":\"https:\/\/www.nexoinformativo.mx\/#\/schema\/person\/7749d380ba08c8ca00d7bc76fd907b7d\",\"name\":\"Nexo Informativo\",\"image\":{\"@type\":\"ImageObject\",\"inLanguage\":\"es\",\"@id\":\"https:\/\/www.nexoinformativo.mx\/#\/schema\/person\/image\/\",\"url\":\"https:\/\/secure.gravatar.com\/avatar\/dde2928154642a13d95f87ddf1ea9718fe2b46760a005c53e41ff5ad610704e6?s=96&d=mm&r=g\",\"contentUrl\":\"https:\/\/secure.gravatar.com\/avatar\/dde2928154642a13d95f87ddf1ea9718fe2b46760a005c53e41ff5ad610704e6?s=96&d=mm&r=g\",\"caption\":\"Nexo Informativo\"},\"url\":\"https:\/\/www.nexoinformativo.mx\/index.php\/author\/edicion\/\"}]}<\/script>\n<!-- \/ Yoast SEO plugin. -->","yoast_head_json":{"title":"Gobierno Estatal Quer\u00e9taro respaldar\u00e1 al Fiscal General V\u00edctor de Jes\u00fas Hern\u00e1ndez | Nexo Informativo Santiago de Quer\u00e9taro","description":"Gobierno Estatal Quer\u00e9taro respaldar\u00e1 al Fiscal General V\u00edctor de Jes\u00fas Hern\u00e1ndez","robots":{"index":"index","follow":"follow","max-snippet":"max-snippet:-1","max-image-preview":"max-image-preview:large","max-video-preview":"max-video-preview:-1"},"canonical":"https:\/\/www.nexoinformativo.mx\/index.php\/2024\/11\/01\/gobierno-estatal-queretaro-respaldara-al-fiscal-general-victor-de-jesus-hernandez\/","og_locale":"es_MX","og_type":"article","og_title":"Gobierno Estatal Quer\u00e9taro respaldar\u00e1 al Fiscal General V\u00edctor de Jes\u00fas Hern\u00e1ndez | Nexo Informativo Santiago de Quer\u00e9taro","og_description":"Gobierno Estatal Quer\u00e9taro respaldar\u00e1 al Fiscal General V\u00edctor de Jes\u00fas Hern\u00e1ndez","og_url":"https:\/\/www.nexoinformativo.mx\/index.php\/2024\/11\/01\/gobierno-estatal-queretaro-respaldara-al-fiscal-general-victor-de-jesus-hernandez\/","og_site_name":"Nexo Informativo Santiago de Quer\u00e9taro","article_publisher":"https:\/\/www.facebook.com\/people\/Nexo-Informativo\/61564066885511\/","article_published_time":"2024-11-01T19:30:16+00:00","article_modified_time":"2024-11-01T20:10:56+00:00","og_image":[{"width":441,"height":373,"url":"https:\/\/www.nexoinformativo.mx\/wp-content\/uploads\/2024\/11\/IMG_7398.jpg","type":"image\/jpeg"}],"author":"Nexo Informativo","twitter_card":"summary_large_image","twitter_misc":{"Escrito por":"Nexo Informativo","Tiempo de lectura":"2 minutos"},"schema":{"@context":"https:\/\/schema.org","@graph":[{"@type":"Article","@id":"https:\/\/www.nexoinformativo.mx\/index.php\/2024\/11\/01\/gobierno-estatal-queretaro-respaldara-al-fiscal-general-victor-de-jesus-hernandez\/#article","isPartOf":{"@id":"https:\/\/www.nexoinformativo.mx\/index.php\/2024\/11\/01\/gobierno-estatal-queretaro-respaldara-al-fiscal-general-victor-de-jesus-hernandez\/"},"author":{"name":"Nexo Informativo","@id":"https:\/\/www.nexoinformativo.mx\/#\/schema\/person\/7749d380ba08c8ca00d7bc76fd907b7d"},"headline":"Gobierno Estatal Quer\u00e9taro respaldar\u00e1 al Fiscal General V\u00edctor de Jes\u00fas Hern\u00e1ndez","datePublished":"2024-11-01T19:30:16+00:00","dateModified":"2024-11-01T20:10:56+00:00","mainEntityOfPage":{"@id":"https:\/\/www.nexoinformativo.mx\/index.php\/2024\/11\/01\/gobierno-estatal-queretaro-respaldara-al-fiscal-general-victor-de-jesus-hernandez\/"},"wordCount":270,"commentCount":0,"publisher":{"@id":"https:\/\/www.nexoinformativo.mx\/#organization"},"image":{"@id":"https:\/\/www.nexoinformativo.mx\/index.php\/2024\/11\/01\/gobierno-estatal-queretaro-respaldara-al-fiscal-general-victor-de-jesus-hernandez\/#primaryimage"},"thumbnailUrl":"https:\/\/www.nexoinformativo.mx\/wp-content\/uploads\/2024\/11\/IMG_7398.jpg","keywords":["ApoyoEstatal","DerechosInfantiles","FiscalGeneral","Quer\u00e9taro"],"articleSection":["Estado","\u00daltima Hora"],"inLanguage":"es","potentialAction":[{"@type":"CommentAction","name":"Comment","target":["https:\/\/www.nexoinformativo.mx\/index.php\/2024\/11\/01\/gobierno-estatal-queretaro-respaldara-al-fiscal-general-victor-de-jesus-hernandez\/#respond"]}]},{"@type":"WebPage","@id":"https:\/\/www.nexoinformativo.mx\/index.php\/2024\/11\/01\/gobierno-estatal-queretaro-respaldara-al-fiscal-general-victor-de-jesus-hernandez\/","url":"https:\/\/www.nexoinformativo.mx\/index.php\/2024\/11\/01\/gobierno-estatal-queretaro-respaldara-al-fiscal-general-victor-de-jesus-hernandez\/","name":"Gobierno Estatal Quer\u00e9taro respaldar\u00e1 al Fiscal General V\u00edctor de Jes\u00fas Hern\u00e1ndez | Nexo Informativo Santiago de Quer\u00e9taro","isPartOf":{"@id":"https:\/\/www.nexoinformativo.mx\/#website"},"primaryImageOfPage":{"@id":"https:\/\/www.nexoinformativo.mx\/index.php\/2024\/11\/01\/gobierno-estatal-queretaro-respaldara-al-fiscal-general-victor-de-jesus-hernandez\/#primaryimage"},"image":{"@id":"https:\/\/www.nexoinformativo.mx\/index.php\/2024\/11\/01\/gobierno-estatal-queretaro-respaldara-al-fiscal-general-victor-de-jesus-hernandez\/#primaryimage"},"thumbnailUrl":"https:\/\/www.nexoinformativo.mx\/wp-content\/uploads\/2024\/11\/IMG_7398.jpg","datePublished":"2024-11-01T19:30:16+00:00","dateModified":"2024-11-01T20:10:56+00:00","description":"Gobierno Estatal Quer\u00e9taro respaldar\u00e1 al Fiscal General V\u00edctor de Jes\u00fas Hern\u00e1ndez","breadcrumb":{"@id":"https:\/\/www.nexoinformativo.mx\/index.php\/2024\/11\/01\/gobierno-estatal-queretaro-respaldara-al-fiscal-general-victor-de-jesus-hernandez\/#breadcrumb"},"inLanguage":"es","potentialAction":[{"@type":"ReadAction","target":["https:\/\/www.nexoinformativo.mx\/index.php\/2024\/11\/01\/gobierno-estatal-queretaro-respaldara-al-fiscal-general-victor-de-jesus-hernandez\/"]}]},{"@type":"ImageObject","inLanguage":"es","@id":"https:\/\/www.nexoinformativo.mx\/index.php\/2024\/11\/01\/gobierno-estatal-queretaro-respaldara-al-fiscal-general-victor-de-jesus-hernandez\/#primaryimage","url":"https:\/\/www.nexoinformativo.mx\/wp-content\/uploads\/2024\/11\/IMG_7398.jpg","contentUrl":"https:\/\/www.nexoinformativo.mx\/wp-content\/uploads\/2024\/11\/IMG_7398.jpg","width":441,"height":373},{"@type":"BreadcrumbList","@id":"https:\/\/www.nexoinformativo.mx\/index.php\/2024\/11\/01\/gobierno-estatal-queretaro-respaldara-al-fiscal-general-victor-de-jesus-hernandez\/#breadcrumb","itemListElement":[{"@type":"ListItem","position":1,"name":"Inicio","item":"https:\/\/www.nexoinformativo.mx\/"},{"@type":"ListItem","position":2,"name":"Gobierno Estatal Quer\u00e9taro respaldar\u00e1 al Fiscal General V\u00edctor de Jes\u00fas Hern\u00e1ndez"}]},{"@type":"WebSite","@id":"https:\/\/www.nexoinformativo.mx\/#website","url":"https:\/\/www.nexoinformativo.mx\/","name":"Nexo Informativo Santiago de Quer\u00e9taro","description":"Explora NexoInformativo y convi\u00e9rtete en parte de una comunidad que valora el conocimiento y la verdad. Tu nexoinformativo es tu puente hacia una comprensi\u00f3n m\u00e1s profunda del mundo que te rodea.","publisher":{"@id":"https:\/\/www.nexoinformativo.mx\/#organization"},"potentialAction":[{"@type":"SearchAction","target":{"@type":"EntryPoint","urlTemplate":"https:\/\/www.nexoinformativo.mx\/?s={search_term_string}"},"query-input":{"@type":"PropertyValueSpecification","valueRequired":true,"valueName":"search_term_string"}}],"inLanguage":"es"},{"@type":"Organization","@id":"https:\/\/www.nexoinformativo.mx\/#organization","name":"Nexo Informativo Santiago de Quer\u00e9taro","url":"https:\/\/www.nexoinformativo.mx\/","logo":{"@type":"ImageObject","inLanguage":"es","@id":"https:\/\/www.nexoinformativo.mx\/#\/schema\/logo\/image\/","url":"https:\/\/www.nexoinformativo.mx\/wp-content\/uploads\/2024\/07\/nexoi-trasparente-2.png","contentUrl":"https:\/\/www.nexoinformativo.mx\/wp-content\/uploads\/2024\/07\/nexoi-trasparente-2.png","width":816,"height":339,"caption":"Nexo Informativo Santiago de Quer\u00e9taro"},"image":{"@id":"https:\/\/www.nexoinformativo.mx\/#\/schema\/logo\/image\/"},"sameAs":["https:\/\/www.facebook.com\/people\/Nexo-Informativo\/61564066885511\/"]},{"@type":"Person","@id":"https:\/\/www.nexoinformativo.mx\/#\/schema\/person\/7749d380ba08c8ca00d7bc76fd907b7d","name":"Nexo Informativo","image":{"@type":"ImageObject","inLanguage":"es","@id":"https:\/\/www.nexoinformativo.mx\/#\/schema\/person\/image\/","url":"https:\/\/secure.gravatar.com\/avatar\/dde2928154642a13d95f87ddf1ea9718fe2b46760a005c53e41ff5ad610704e6?s=96&d=mm&r=g","contentUrl":"https:\/\/secure.gravatar.com\/avatar\/dde2928154642a13d95f87ddf1ea9718fe2b46760a005c53e41ff5ad610704e6?s=96&d=mm&r=g","caption":"Nexo Informativo"},"url":"https:\/\/www.nexoinformativo.mx\/index.php\/author\/edicion\/"}]}},"_links":{"self":[{"href":"https:\/\/www.nexoinformativo.mx\/index.php\/wp-json\/wp\/v2\/posts\/5142","targetHints":{"allow":["GET"]}}],"collection":[{"href":"https:\/\/www.nexoinformativo.mx\/index.php\/wp-json\/wp\/v2\/posts"}],"about":[{"href":"https:\/\/www.nexoinformativo.mx\/index.php\/wp-json\/wp\/v2\/types\/post"}],"author":[{"embeddable":true,"href":"https:\/\/www.nexoinformativo.mx\/index.php\/wp-json\/wp\/v2\/users\/3"}],"replies":[{"embeddable":true,"href":"https:\/\/www.nexoinformativo.mx\/index.php\/wp-json\/wp\/v2\/comments?post=5142"}],"version-history":[{"count":4,"href":"https:\/\/www.nexoinformativo.mx\/index.php\/wp-json\/wp\/v2\/posts\/5142\/revisions"}],"predecessor-version":[{"id":5147,"href":"https:\/\/www.nexoinformativo.mx\/index.php\/wp-json\/wp\/v2\/posts\/5142\/revisions\/5147"}],"wp:featuredmedia":[{"embeddable":true,"href":"https:\/\/www.nexoinformativo.mx\/index.php\/wp-json\/wp\/v2\/media\/5143"}],"wp:attachment":[{"href":"https:\/\/www.nexoinformativo.mx\/index.php\/wp-json\/wp\/v2\/media?parent=5142"}],"wp:term":[{"taxonomy":"category","embeddable":true,"href":"https:\/\/www.nexoinformativo.mx\/index.php\/wp-json\/wp\/v2\/categories?post=5142"},{"taxonomy":"post_tag","embeddable":true,"href":"https:\/\/www.nexoinformativo.mx\/index.php\/wp-json\/wp\/v2\/tags?post=5142"}],"curies":[{"name":"wp","href":"https:\/\/api.w.org\/{rel}","templated":true}]}}