{"id":5148,"date":"2024-11-01T14:00:34","date_gmt":"2024-11-01T20:00:34","guid":{"rendered":"https:\/\/www.nexoinformativo.mx\/?p=5148"},"modified":"2024-11-01T14:37:08","modified_gmt":"2024-11-01T20:37:08","slug":"queretaro-un-iman-para-la-inversion-extranjera-y-lider-en-innovacion-tecnologica-con-47-proyectos-empresariales-en-lo-que-va-del-ano","status":"publish","type":"post","link":"https:\/\/www.nexoinformativo.mx\/index.php\/2024\/11\/01\/queretaro-un-iman-para-la-inversion-extranjera-y-lider-en-innovacion-tecnologica-con-47-proyectos-empresariales-en-lo-que-va-del-ano\/","title":{"rendered":"Quer\u00e9taro: Un im\u00e1n para la inversi\u00f3n extranjera y l\u00edder en innovaci\u00f3n tecnol\u00f3gica con 47 proyectos empresariales en lo que va del a\u00f1o"},"content":{"rendered":"<p style=\"text-align: justify;\" data-sourcepos=\"5:1-5:457\">El estado de Quer\u00e9taro se ha consolidado como uno de los destinos m\u00e1s atractivos para la inversi\u00f3n extranjera en M\u00e9xico, gracias a su estabilidad pol\u00edtica, infraestructura de calidad y mano de obra altamente calificada. As\u00ed lo dio a conocer el secretario de Desarrollo Sustentable, Marco Antonio Del Prete, quien destac\u00f3 que la entidad ha logrado atraer a importantes empresas globales, principalmente del sector automotriz.<\/p>\n<p>&nbsp;<\/p>\n<p style=\"text-align: justify;\" data-sourcepos=\"7:1-7:291\">Del Prete resalt\u00f3 que la entidad ha sido beneficiada por el fen\u00f3meno del nearshoring, atrayendo 47 nuevos proyectos de inversi\u00f3n en lo que va del a\u00f1o. Estos proyectos, en su mayor\u00eda ampliaciones de empresas ya establecidas, demuestran la confianza de los inversionistas en el estado.<\/p>\n<p>&nbsp;<\/p>\n<p style=\"text-align: justify;\" data-sourcepos=\"11:1-11:324\">Quer\u00e9taro ha logrado posicionarse como un hub de innovaci\u00f3n tecnol\u00f3gica, gracias a la atracci\u00f3n de empresas l\u00edderes en sectores como la automotriz y la aeroespacial. Empresas como Safran Aircraft Engines y Kostal han encontrado en la entidad un entorno propicio para desarrollar sus operaciones y generar empleos de calidad.<\/p>\n<p>&nbsp;<\/p>\n<p style=\"text-align: justify;\" data-sourcepos=\"13:1-13:324\"><strong>&#8220;Quer\u00e9taro ha evolucionado hacia una industria m\u00e1s sofisticada, con un enfoque en la innovaci\u00f3n y la tecnolog\u00eda&#8221;<\/strong>, afirm\u00f3 Del Prete Tercero. La entidad ha logrado atraer inversiones en \u00e1reas como el desarrollo de veh\u00edculos aut\u00f3nomos y los centros de datos, lo que la posiciona como un referente en la industria 4.0.<\/p>\n<p>&nbsp;<\/p>\n<p style=\"text-align: justify;\" data-sourcepos=\"15:1-15:28\">Se destac\u00f3 que el \u00e9xito de Quer\u00e9taro se debe a diversos factores, entre los que destacan, que el estado cuenta con altos \u00edndices de seguridad, lo que brinda certeza a los inversionistas y\u00a0ofrece un marco legal estable y transparente, lo que facilita la inversi\u00f3n.<\/p>\n<p>&nbsp;<\/p>\n<p style=\"text-align: justify;\" data-sourcepos=\"26:1-26:303\">Con una visi\u00f3n a largo plazo y una estrategia de desarrollo s\u00f3lida, Quer\u00e9taro se perfila como uno de los estados con mayor potencial de crecimiento en M\u00e9xico. La entidad contin\u00faa trabajando para consolidar su posici\u00f3n como un referente en la atracci\u00f3n de inversi\u00f3n y la generaci\u00f3n de empleos de calidad.<\/p>\n<p>&nbsp;<\/p>\n<p style=\"text-align: center;\" data-sourcepos=\"26:1-26:303\"><em><strong>\u00a1Informaci\u00f3n que transforma!<\/strong><\/em><\/p>\n","protected":false},"excerpt":{"rendered":"<p>El estado de Quer\u00e9taro se ha consolidado como uno de los destinos m\u00e1s atractivos para la inversi\u00f3n extranjera en M\u00e9xico, gracias a su estabilidad pol\u00edtica, infraestructura de calidad y mano de obra altamente calificada.<\/p>\n","protected":false},"author":3,"featured_media":5149,"comment_status":"open","ping_status":"open","sticky":false,"template":"","format":"standard","meta":{"footnotes":""},"categories":[5,42,58],"tags":[352,341,343,1489,133],"class_list":["post-5148","post","type-post","status-publish","format-standard","has-post-thumbnail","hentry","category-economia","category-estado","category-ultima-hora","tag-desarrolloeconomico","tag-innovacion","tag-inversionextranjera","tag-nearshoring","tag-queretaro"],"yoast_head":"<!-- This site is optimized with the Yoast SEO plugin v25.0 - https:\/\/yoast.com\/wordpress\/plugins\/seo\/ -->\n<title>Quer\u00e9taro: Un im\u00e1n para la inversi\u00f3n extranjera y l\u00edder en innovaci\u00f3n tecnol\u00f3gica con 47 proyectos empresariales en lo que va del a\u00f1o | Nexo Informativo Santiago de Quer\u00e9taro<\/title>\n<meta name=\"description\" content=\"Quer\u00e9taro: Un im\u00e1n para la inversi\u00f3n extranjera y l\u00edder en innovaci\u00f3n tecnol\u00f3gica con 47 proyectos empresariales en lo que va del a\u00f1o\" \/>\n<meta name=\"robots\" content=\"index, follow, max-snippet:-1, max-image-preview:large, max-video-preview:-1\" \/>\n<link rel=\"canonical\" href=\"https:\/\/www.nexoinformativo.mx\/index.php\/2024\/11\/01\/queretaro-un-iman-para-la-inversion-extranjera-y-lider-en-innovacion-tecnologica-con-47-proyectos-empresariales-en-lo-que-va-del-ano\/\" \/>\n<meta property=\"og:locale\" content=\"es_MX\" \/>\n<meta property=\"og:type\" content=\"article\" \/>\n<meta property=\"og:title\" content=\"Quer\u00e9taro: Un im\u00e1n para la inversi\u00f3n extranjera y l\u00edder en innovaci\u00f3n tecnol\u00f3gica con 47 proyectos empresariales en lo que va del a\u00f1o | Nexo Informativo Santiago de Quer\u00e9taro\" \/>\n<meta property=\"og:description\" content=\"Quer\u00e9taro: Un im\u00e1n para la inversi\u00f3n extranjera y l\u00edder en innovaci\u00f3n tecnol\u00f3gica con 47 proyectos empresariales en lo que va del a\u00f1o\" \/>\n<meta property=\"og:url\" content=\"https:\/\/www.nexoinformativo.mx\/index.php\/2024\/11\/01\/queretaro-un-iman-para-la-inversion-extranjera-y-lider-en-innovacion-tecnologica-con-47-proyectos-empresariales-en-lo-que-va-del-ano\/\" \/>\n<meta property=\"og:site_name\" content=\"Nexo Informativo Santiago de Quer\u00e9taro\" \/>\n<meta property=\"article:publisher\" content=\"https:\/\/www.facebook.com\/people\/Nexo-Informativo\/61564066885511\/\" \/>\n<meta property=\"article:published_time\" content=\"2024-11-01T20:00:34+00:00\" \/>\n<meta property=\"article:modified_time\" content=\"2024-11-01T20:37:08+00:00\" \/>\n<meta property=\"og:image\" content=\"https:\/\/www.nexoinformativo.mx\/wp-content\/uploads\/2024\/11\/pexels-yankrukov-7693693-e1730493328899.jpeg\" \/>\n\t<meta property=\"og:image:width\" content=\"700\" \/>\n\t<meta property=\"og:image:height\" content=\"467\" \/>\n\t<meta property=\"og:image:type\" content=\"image\/jpeg\" \/>\n<meta name=\"author\" content=\"Nexo Informativo\" \/>\n<meta name=\"twitter:card\" content=\"summary_large_image\" \/>\n<meta name=\"twitter:label1\" content=\"Escrito por\" \/>\n\t<meta name=\"twitter:data1\" content=\"Nexo Informativo\" \/>\n\t<meta name=\"twitter:label2\" content=\"Tiempo de lectura\" \/>\n\t<meta name=\"twitter:data2\" content=\"2 minutos\" \/>\n<script type=\"application\/ld+json\" class=\"yoast-schema-graph\">{\"@context\":\"https:\/\/schema.org\",\"@graph\":[{\"@type\":\"Article\",\"@id\":\"https:\/\/www.nexoinformativo.mx\/index.php\/2024\/11\/01\/queretaro-un-iman-para-la-inversion-extranjera-y-lider-en-innovacion-tecnologica-con-47-proyectos-empresariales-en-lo-que-va-del-ano\/#article\",\"isPartOf\":{\"@id\":\"https:\/\/www.nexoinformativo.mx\/index.php\/2024\/11\/01\/queretaro-un-iman-para-la-inversion-extranjera-y-lider-en-innovacion-tecnologica-con-47-proyectos-empresariales-en-lo-que-va-del-ano\/\"},\"author\":{\"name\":\"Nexo Informativo\",\"@id\":\"https:\/\/www.nexoinformativo.mx\/#\/schema\/person\/7749d380ba08c8ca00d7bc76fd907b7d\"},\"headline\":\"Quer\u00e9taro: Un im\u00e1n para la inversi\u00f3n extranjera y l\u00edder en innovaci\u00f3n tecnol\u00f3gica con 47 proyectos empresariales en lo que va del a\u00f1o\",\"datePublished\":\"2024-11-01T20:00:34+00:00\",\"dateModified\":\"2024-11-01T20:37:08+00:00\",\"mainEntityOfPage\":{\"@id\":\"https:\/\/www.nexoinformativo.mx\/index.php\/2024\/11\/01\/queretaro-un-iman-para-la-inversion-extranjera-y-lider-en-innovacion-tecnologica-con-47-proyectos-empresariales-en-lo-que-va-del-ano\/\"},\"wordCount\":371,\"commentCount\":0,\"publisher\":{\"@id\":\"https:\/\/www.nexoinformativo.mx\/#organization\"},\"image\":{\"@id\":\"https:\/\/www.nexoinformativo.mx\/index.php\/2024\/11\/01\/queretaro-un-iman-para-la-inversion-extranjera-y-lider-en-innovacion-tecnologica-con-47-proyectos-empresariales-en-lo-que-va-del-ano\/#primaryimage\"},\"thumbnailUrl\":\"https:\/\/www.nexoinformativo.mx\/wp-content\/uploads\/2024\/11\/pexels-yankrukov-7693693-e1730493328899.jpeg\",\"keywords\":[\"DesarrolloEcon\u00f3mico\",\"Innovaci\u00f3n\",\"Inversi\u00f3nExtranjera\",\"Nearshoring\",\"Quer\u00e9taro\"],\"articleSection\":[\"Econom\u00eda\",\"Estado\",\"\u00daltima Hora\"],\"inLanguage\":\"es\",\"potentialAction\":[{\"@type\":\"CommentAction\",\"name\":\"Comment\",\"target\":[\"https:\/\/www.nexoinformativo.mx\/index.php\/2024\/11\/01\/queretaro-un-iman-para-la-inversion-extranjera-y-lider-en-innovacion-tecnologica-con-47-proyectos-empresariales-en-lo-que-va-del-ano\/#respond\"]}]},{\"@type\":\"WebPage\",\"@id\":\"https:\/\/www.nexoinformativo.mx\/index.php\/2024\/11\/01\/queretaro-un-iman-para-la-inversion-extranjera-y-lider-en-innovacion-tecnologica-con-47-proyectos-empresariales-en-lo-que-va-del-ano\/\",\"url\":\"https:\/\/www.nexoinformativo.mx\/index.php\/2024\/11\/01\/queretaro-un-iman-para-la-inversion-extranjera-y-lider-en-innovacion-tecnologica-con-47-proyectos-empresariales-en-lo-que-va-del-ano\/\",\"name\":\"Quer\u00e9taro: Un im\u00e1n para la inversi\u00f3n extranjera y l\u00edder en innovaci\u00f3n tecnol\u00f3gica con 47 proyectos empresariales en lo que va del a\u00f1o | Nexo Informativo Santiago de Quer\u00e9taro\",\"isPartOf\":{\"@id\":\"https:\/\/www.nexoinformativo.mx\/#website\"},\"primaryImageOfPage\":{\"@id\":\"https:\/\/www.nexoinformativo.mx\/index.php\/2024\/11\/01\/queretaro-un-iman-para-la-inversion-extranjera-y-lider-en-innovacion-tecnologica-con-47-proyectos-empresariales-en-lo-que-va-del-ano\/#primaryimage\"},\"image\":{\"@id\":\"https:\/\/www.nexoinformativo.mx\/index.php\/2024\/11\/01\/queretaro-un-iman-para-la-inversion-extranjera-y-lider-en-innovacion-tecnologica-con-47-proyectos-empresariales-en-lo-que-va-del-ano\/#primaryimage\"},\"thumbnailUrl\":\"https:\/\/www.nexoinformativo.mx\/wp-content\/uploads\/2024\/11\/pexels-yankrukov-7693693-e1730493328899.jpeg\",\"datePublished\":\"2024-11-01T20:00:34+00:00\",\"dateModified\":\"2024-11-01T20:37:08+00:00\",\"description\":\"Quer\u00e9taro: Un im\u00e1n para la inversi\u00f3n extranjera y l\u00edder en innovaci\u00f3n tecnol\u00f3gica con 47 proyectos empresariales en lo que va del a\u00f1o\",\"breadcrumb\":{\"@id\":\"https:\/\/www.nexoinformativo.mx\/index.php\/2024\/11\/01\/queretaro-un-iman-para-la-inversion-extranjera-y-lider-en-innovacion-tecnologica-con-47-proyectos-empresariales-en-lo-que-va-del-ano\/#breadcrumb\"},\"inLanguage\":\"es\",\"potentialAction\":[{\"@type\":\"ReadAction\",\"target\":[\"https:\/\/www.nexoinformativo.mx\/index.php\/2024\/11\/01\/queretaro-un-iman-para-la-inversion-extranjera-y-lider-en-innovacion-tecnologica-con-47-proyectos-empresariales-en-lo-que-va-del-ano\/\"]}]},{\"@type\":\"ImageObject\",\"inLanguage\":\"es\",\"@id\":\"https:\/\/www.nexoinformativo.mx\/index.php\/2024\/11\/01\/queretaro-un-iman-para-la-inversion-extranjera-y-lider-en-innovacion-tecnologica-con-47-proyectos-empresariales-en-lo-que-va-del-ano\/#primaryimage\",\"url\":\"https:\/\/www.nexoinformativo.mx\/wp-content\/uploads\/2024\/11\/pexels-yankrukov-7693693-e1730493328899.jpeg\",\"contentUrl\":\"https:\/\/www.nexoinformativo.mx\/wp-content\/uploads\/2024\/11\/pexels-yankrukov-7693693-e1730493328899.jpeg\",\"width\":700,\"height\":467},{\"@type\":\"BreadcrumbList\",\"@id\":\"https:\/\/www.nexoinformativo.mx\/index.php\/2024\/11\/01\/queretaro-un-iman-para-la-inversion-extranjera-y-lider-en-innovacion-tecnologica-con-47-proyectos-empresariales-en-lo-que-va-del-ano\/#breadcrumb\",\"itemListElement\":[{\"@type\":\"ListItem\",\"position\":1,\"name\":\"Inicio\",\"item\":\"https:\/\/www.nexoinformativo.mx\/\"},{\"@type\":\"ListItem\",\"position\":2,\"name\":\"Quer\u00e9taro: Un im\u00e1n para la inversi\u00f3n extranjera y l\u00edder en innovaci\u00f3n tecnol\u00f3gica con 47 proyectos empresariales en lo que va del a\u00f1o\"}]},{\"@type\":\"WebSite\",\"@id\":\"https:\/\/www.nexoinformativo.mx\/#website\",\"url\":\"https:\/\/www.nexoinformativo.mx\/\",\"name\":\"Nexo Informativo Santiago de Quer\u00e9taro\",\"description\":\"Explora NexoInformativo y convi\u00e9rtete en parte de una comunidad que valora el conocimiento y la verdad. Tu nexoinformativo es tu puente hacia una comprensi\u00f3n m\u00e1s profunda del mundo que te rodea.\",\"publisher\":{\"@id\":\"https:\/\/www.nexoinformativo.mx\/#organization\"},\"potentialAction\":[{\"@type\":\"SearchAction\",\"target\":{\"@type\":\"EntryPoint\",\"urlTemplate\":\"https:\/\/www.nexoinformativo.mx\/?s={search_term_string}\"},\"query-input\":{\"@type\":\"PropertyValueSpecification\",\"valueRequired\":true,\"valueName\":\"search_term_string\"}}],\"inLanguage\":\"es\"},{\"@type\":\"Organization\",\"@id\":\"https:\/\/www.nexoinformativo.mx\/#organization\",\"name\":\"Nexo Informativo Santiago de Quer\u00e9taro\",\"url\":\"https:\/\/www.nexoinformativo.mx\/\",\"logo\":{\"@type\":\"ImageObject\",\"inLanguage\":\"es\",\"@id\":\"https:\/\/www.nexoinformativo.mx\/#\/schema\/logo\/image\/\",\"url\":\"https:\/\/www.nexoinformativo.mx\/wp-content\/uploads\/2024\/07\/nexoi-trasparente-2.png\",\"contentUrl\":\"https:\/\/www.nexoinformativo.mx\/wp-content\/uploads\/2024\/07\/nexoi-trasparente-2.png\",\"width\":816,\"height\":339,\"caption\":\"Nexo Informativo Santiago de Quer\u00e9taro\"},\"image\":{\"@id\":\"https:\/\/www.nexoinformativo.mx\/#\/schema\/logo\/image\/\"},\"sameAs\":[\"https:\/\/www.facebook.com\/people\/Nexo-Informativo\/61564066885511\/\"]},{\"@type\":\"Person\",\"@id\":\"https:\/\/www.nexoinformativo.mx\/#\/schema\/person\/7749d380ba08c8ca00d7bc76fd907b7d\",\"name\":\"Nexo Informativo\",\"image\":{\"@type\":\"ImageObject\",\"inLanguage\":\"es\",\"@id\":\"https:\/\/www.nexoinformativo.mx\/#\/schema\/person\/image\/\",\"url\":\"https:\/\/secure.gravatar.com\/avatar\/dde2928154642a13d95f87ddf1ea9718fe2b46760a005c53e41ff5ad610704e6?s=96&d=mm&r=g\",\"contentUrl\":\"https:\/\/secure.gravatar.com\/avatar\/dde2928154642a13d95f87ddf1ea9718fe2b46760a005c53e41ff5ad610704e6?s=96&d=mm&r=g\",\"caption\":\"Nexo Informativo\"},\"url\":\"https:\/\/www.nexoinformativo.mx\/index.php\/author\/edicion\/\"}]}<\/script>\n<!-- \/ Yoast SEO plugin. -->","yoast_head_json":{"title":"Quer\u00e9taro: Un im\u00e1n para la inversi\u00f3n extranjera y l\u00edder en innovaci\u00f3n tecnol\u00f3gica con 47 proyectos empresariales en lo que va del a\u00f1o | Nexo Informativo Santiago de Quer\u00e9taro","description":"Quer\u00e9taro: Un im\u00e1n para la inversi\u00f3n extranjera y l\u00edder en innovaci\u00f3n tecnol\u00f3gica con 47 proyectos empresariales en lo que va del a\u00f1o","robots":{"index":"index","follow":"follow","max-snippet":"max-snippet:-1","max-image-preview":"max-image-preview:large","max-video-preview":"max-video-preview:-1"},"canonical":"https:\/\/www.nexoinformativo.mx\/index.php\/2024\/11\/01\/queretaro-un-iman-para-la-inversion-extranjera-y-lider-en-innovacion-tecnologica-con-47-proyectos-empresariales-en-lo-que-va-del-ano\/","og_locale":"es_MX","og_type":"article","og_title":"Quer\u00e9taro: Un im\u00e1n para la inversi\u00f3n extranjera y l\u00edder en innovaci\u00f3n tecnol\u00f3gica con 47 proyectos empresariales en lo que va del a\u00f1o | Nexo Informativo Santiago de Quer\u00e9taro","og_description":"Quer\u00e9taro: Un im\u00e1n para la inversi\u00f3n extranjera y l\u00edder en innovaci\u00f3n tecnol\u00f3gica con 47 proyectos empresariales en lo que va del a\u00f1o","og_url":"https:\/\/www.nexoinformativo.mx\/index.php\/2024\/11\/01\/queretaro-un-iman-para-la-inversion-extranjera-y-lider-en-innovacion-tecnologica-con-47-proyectos-empresariales-en-lo-que-va-del-ano\/","og_site_name":"Nexo Informativo Santiago de Quer\u00e9taro","article_publisher":"https:\/\/www.facebook.com\/people\/Nexo-Informativo\/61564066885511\/","article_published_time":"2024-11-01T20:00:34+00:00","article_modified_time":"2024-11-01T20:37:08+00:00","og_image":[{"width":700,"height":467,"url":"https:\/\/www.nexoinformativo.mx\/wp-content\/uploads\/2024\/11\/pexels-yankrukov-7693693-e1730493328899.jpeg","type":"image\/jpeg"}],"author":"Nexo Informativo","twitter_card":"summary_large_image","twitter_misc":{"Escrito por":"Nexo Informativo","Tiempo de lectura":"2 minutos"},"schema":{"@context":"https:\/\/schema.org","@graph":[{"@type":"Article","@id":"https:\/\/www.nexoinformativo.mx\/index.php\/2024\/11\/01\/queretaro-un-iman-para-la-inversion-extranjera-y-lider-en-innovacion-tecnologica-con-47-proyectos-empresariales-en-lo-que-va-del-ano\/#article","isPartOf":{"@id":"https:\/\/www.nexoinformativo.mx\/index.php\/2024\/11\/01\/queretaro-un-iman-para-la-inversion-extranjera-y-lider-en-innovacion-tecnologica-con-47-proyectos-empresariales-en-lo-que-va-del-ano\/"},"author":{"name":"Nexo Informativo","@id":"https:\/\/www.nexoinformativo.mx\/#\/schema\/person\/7749d380ba08c8ca00d7bc76fd907b7d"},"headline":"Quer\u00e9taro: Un im\u00e1n para la inversi\u00f3n extranjera y l\u00edder en innovaci\u00f3n tecnol\u00f3gica con 47 proyectos empresariales en lo que va del a\u00f1o","datePublished":"2024-11-01T20:00:34+00:00","dateModified":"2024-11-01T20:37:08+00:00","mainEntityOfPage":{"@id":"https:\/\/www.nexoinformativo.mx\/index.php\/2024\/11\/01\/queretaro-un-iman-para-la-inversion-extranjera-y-lider-en-innovacion-tecnologica-con-47-proyectos-empresariales-en-lo-que-va-del-ano\/"},"wordCount":371,"commentCount":0,"publisher":{"@id":"https:\/\/www.nexoinformativo.mx\/#organization"},"image":{"@id":"https:\/\/www.nexoinformativo.mx\/index.php\/2024\/11\/01\/queretaro-un-iman-para-la-inversion-extranjera-y-lider-en-innovacion-tecnologica-con-47-proyectos-empresariales-en-lo-que-va-del-ano\/#primaryimage"},"thumbnailUrl":"https:\/\/www.nexoinformativo.mx\/wp-content\/uploads\/2024\/11\/pexels-yankrukov-7693693-e1730493328899.jpeg","keywords":["DesarrolloEcon\u00f3mico","Innovaci\u00f3n","Inversi\u00f3nExtranjera","Nearshoring","Quer\u00e9taro"],"articleSection":["Econom\u00eda","Estado","\u00daltima Hora"],"inLanguage":"es","potentialAction":[{"@type":"CommentAction","name":"Comment","target":["https:\/\/www.nexoinformativo.mx\/index.php\/2024\/11\/01\/queretaro-un-iman-para-la-inversion-extranjera-y-lider-en-innovacion-tecnologica-con-47-proyectos-empresariales-en-lo-que-va-del-ano\/#respond"]}]},{"@type":"WebPage","@id":"https:\/\/www.nexoinformativo.mx\/index.php\/2024\/11\/01\/queretaro-un-iman-para-la-inversion-extranjera-y-lider-en-innovacion-tecnologica-con-47-proyectos-empresariales-en-lo-que-va-del-ano\/","url":"https:\/\/www.nexoinformativo.mx\/index.php\/2024\/11\/01\/queretaro-un-iman-para-la-inversion-extranjera-y-lider-en-innovacion-tecnologica-con-47-proyectos-empresariales-en-lo-que-va-del-ano\/","name":"Quer\u00e9taro: Un im\u00e1n para la inversi\u00f3n extranjera y l\u00edder en innovaci\u00f3n tecnol\u00f3gica con 47 proyectos empresariales en lo que va del a\u00f1o | Nexo Informativo Santiago de Quer\u00e9taro","isPartOf":{"@id":"https:\/\/www.nexoinformativo.mx\/#website"},"primaryImageOfPage":{"@id":"https:\/\/www.nexoinformativo.mx\/index.php\/2024\/11\/01\/queretaro-un-iman-para-la-inversion-extranjera-y-lider-en-innovacion-tecnologica-con-47-proyectos-empresariales-en-lo-que-va-del-ano\/#primaryimage"},"image":{"@id":"https:\/\/www.nexoinformativo.mx\/index.php\/2024\/11\/01\/queretaro-un-iman-para-la-inversion-extranjera-y-lider-en-innovacion-tecnologica-con-47-proyectos-empresariales-en-lo-que-va-del-ano\/#primaryimage"},"thumbnailUrl":"https:\/\/www.nexoinformativo.mx\/wp-content\/uploads\/2024\/11\/pexels-yankrukov-7693693-e1730493328899.jpeg","datePublished":"2024-11-01T20:00:34+00:00","dateModified":"2024-11-01T20:37:08+00:00","description":"Quer\u00e9taro: Un im\u00e1n para la inversi\u00f3n extranjera y l\u00edder en innovaci\u00f3n tecnol\u00f3gica con 47 proyectos empresariales en lo que va del a\u00f1o","breadcrumb":{"@id":"https:\/\/www.nexoinformativo.mx\/index.php\/2024\/11\/01\/queretaro-un-iman-para-la-inversion-extranjera-y-lider-en-innovacion-tecnologica-con-47-proyectos-empresariales-en-lo-que-va-del-ano\/#breadcrumb"},"inLanguage":"es","potentialAction":[{"@type":"ReadAction","target":["https:\/\/www.nexoinformativo.mx\/index.php\/2024\/11\/01\/queretaro-un-iman-para-la-inversion-extranjera-y-lider-en-innovacion-tecnologica-con-47-proyectos-empresariales-en-lo-que-va-del-ano\/"]}]},{"@type":"ImageObject","inLanguage":"es","@id":"https:\/\/www.nexoinformativo.mx\/index.php\/2024\/11\/01\/queretaro-un-iman-para-la-inversion-extranjera-y-lider-en-innovacion-tecnologica-con-47-proyectos-empresariales-en-lo-que-va-del-ano\/#primaryimage","url":"https:\/\/www.nexoinformativo.mx\/wp-content\/uploads\/2024\/11\/pexels-yankrukov-7693693-e1730493328899.jpeg","contentUrl":"https:\/\/www.nexoinformativo.mx\/wp-content\/uploads\/2024\/11\/pexels-yankrukov-7693693-e1730493328899.jpeg","width":700,"height":467},{"@type":"BreadcrumbList","@id":"https:\/\/www.nexoinformativo.mx\/index.php\/2024\/11\/01\/queretaro-un-iman-para-la-inversion-extranjera-y-lider-en-innovacion-tecnologica-con-47-proyectos-empresariales-en-lo-que-va-del-ano\/#breadcrumb","itemListElement":[{"@type":"ListItem","position":1,"name":"Inicio","item":"https:\/\/www.nexoinformativo.mx\/"},{"@type":"ListItem","position":2,"name":"Quer\u00e9taro: Un im\u00e1n para la inversi\u00f3n extranjera y l\u00edder en innovaci\u00f3n tecnol\u00f3gica con 47 proyectos empresariales en lo que va del a\u00f1o"}]},{"@type":"WebSite","@id":"https:\/\/www.nexoinformativo.mx\/#website","url":"https:\/\/www.nexoinformativo.mx\/","name":"Nexo Informativo Santiago de Quer\u00e9taro","description":"Explora NexoInformativo y convi\u00e9rtete en parte de una comunidad que valora el conocimiento y la verdad. Tu nexoinformativo es tu puente hacia una comprensi\u00f3n m\u00e1s profunda del mundo que te rodea.","publisher":{"@id":"https:\/\/www.nexoinformativo.mx\/#organization"},"potentialAction":[{"@type":"SearchAction","target":{"@type":"EntryPoint","urlTemplate":"https:\/\/www.nexoinformativo.mx\/?s={search_term_string}"},"query-input":{"@type":"PropertyValueSpecification","valueRequired":true,"valueName":"search_term_string"}}],"inLanguage":"es"},{"@type":"Organization","@id":"https:\/\/www.nexoinformativo.mx\/#organization","name":"Nexo Informativo Santiago de Quer\u00e9taro","url":"https:\/\/www.nexoinformativo.mx\/","logo":{"@type":"ImageObject","inLanguage":"es","@id":"https:\/\/www.nexoinformativo.mx\/#\/schema\/logo\/image\/","url":"https:\/\/www.nexoinformativo.mx\/wp-content\/uploads\/2024\/07\/nexoi-trasparente-2.png","contentUrl":"https:\/\/www.nexoinformativo.mx\/wp-content\/uploads\/2024\/07\/nexoi-trasparente-2.png","width":816,"height":339,"caption":"Nexo Informativo Santiago de Quer\u00e9taro"},"image":{"@id":"https:\/\/www.nexoinformativo.mx\/#\/schema\/logo\/image\/"},"sameAs":["https:\/\/www.facebook.com\/people\/Nexo-Informativo\/61564066885511\/"]},{"@type":"Person","@id":"https:\/\/www.nexoinformativo.mx\/#\/schema\/person\/7749d380ba08c8ca00d7bc76fd907b7d","name":"Nexo Informativo","image":{"@type":"ImageObject","inLanguage":"es","@id":"https:\/\/www.nexoinformativo.mx\/#\/schema\/person\/image\/","url":"https:\/\/secure.gravatar.com\/avatar\/dde2928154642a13d95f87ddf1ea9718fe2b46760a005c53e41ff5ad610704e6?s=96&d=mm&r=g","contentUrl":"https:\/\/secure.gravatar.com\/avatar\/dde2928154642a13d95f87ddf1ea9718fe2b46760a005c53e41ff5ad610704e6?s=96&d=mm&r=g","caption":"Nexo Informativo"},"url":"https:\/\/www.nexoinformativo.mx\/index.php\/author\/edicion\/"}]}},"_links":{"self":[{"href":"https:\/\/www.nexoinformativo.mx\/index.php\/wp-json\/wp\/v2\/posts\/5148","targetHints":{"allow":["GET"]}}],"collection":[{"href":"https:\/\/www.nexoinformativo.mx\/index.php\/wp-json\/wp\/v2\/posts"}],"about":[{"href":"https:\/\/www.nexoinformativo.mx\/index.php\/wp-json\/wp\/v2\/types\/post"}],"author":[{"embeddable":true,"href":"https:\/\/www.nexoinformativo.mx\/index.php\/wp-json\/wp\/v2\/users\/3"}],"replies":[{"embeddable":true,"href":"https:\/\/www.nexoinformativo.mx\/index.php\/wp-json\/wp\/v2\/comments?post=5148"}],"version-history":[{"count":4,"href":"https:\/\/www.nexoinformativo.mx\/index.php\/wp-json\/wp\/v2\/posts\/5148\/revisions"}],"predecessor-version":[{"id":5152,"href":"https:\/\/www.nexoinformativo.mx\/index.php\/wp-json\/wp\/v2\/posts\/5148\/revisions\/5152"}],"wp:featuredmedia":[{"embeddable":true,"href":"https:\/\/www.nexoinformativo.mx\/index.php\/wp-json\/wp\/v2\/media\/5149"}],"wp:attachment":[{"href":"https:\/\/www.nexoinformativo.mx\/index.php\/wp-json\/wp\/v2\/media?parent=5148"}],"wp:term":[{"taxonomy":"category","embeddable":true,"href":"https:\/\/www.nexoinformativo.mx\/index.php\/wp-json\/wp\/v2\/categories?post=5148"},{"taxonomy":"post_tag","embeddable":true,"href":"https:\/\/www.nexoinformativo.mx\/index.php\/wp-json\/wp\/v2\/tags?post=5148"}],"curies":[{"name":"wp","href":"https:\/\/api.w.org\/{rel}","templated":true}]}}