{"id":5154,"date":"2024-11-01T14:30:32","date_gmt":"2024-11-01T20:30:32","guid":{"rendered":"https:\/\/www.nexoinformativo.mx\/?p=5154"},"modified":"2024-11-01T14:47:16","modified_gmt":"2024-11-01T20:47:16","slug":"queretaro-rinde-homenaje-a-sus-mujeres-destacadas-con-un-altar-monumental","status":"publish","type":"post","link":"https:\/\/www.nexoinformativo.mx\/index.php\/2024\/11\/01\/queretaro-rinde-homenaje-a-sus-mujeres-destacadas-con-un-altar-monumental\/","title":{"rendered":"Quer\u00e9taro rinde homenaje a sus mujeres destacadas con un altar monumental"},"content":{"rendered":"<p style=\"text-align: justify;\" data-sourcepos=\"5:1-5:378\">La Alameda Hidalgo se convierte en un espacio de reconocimiento y admiraci\u00f3n hacia las mujeres queretanas que han dejado una huella en la sociedad. La Secretar\u00eda de la Mujer y la Secretar\u00eda de Cultura del municipio han inaugurado un altar monumental en honor a estas mujeres, un tributo a su legado y un ejemplo para las futuras generaciones.<\/p>\n<p>&nbsp;<\/p>\n<p style=\"text-align: justify;\" data-sourcepos=\"7:1-7:276\">El altar, ubicado en la Alameda Hidalgo, exhibe una selecci\u00f3n de mujeres queretanas propuestas por la ciudadan\u00eda. Cada una de ellas es recordada con cari\u00f1o y gratitud, y sus historias son un testimonio de su val\u00eda y su contribuci\u00f3n a la comunidad.<\/p>\n<p>&nbsp;<\/p>\n<p style=\"text-align: justify;\" data-sourcepos=\"9:1-9:347\"><strong>&#8220;Este altar es un espacio para celebrar la vida y el trabajo de mujeres que han inspirado a muchas otras&#8221;,<\/strong> expres\u00f3 Vanesa Garfias, titular de la Secretar\u00eda de la Mujer.<\/p>\n<p>&nbsp;<\/p>\n<p style=\"text-align: justify;\" data-sourcepos=\"9:1-9:347\"><strong>&#8220;Queremos agradecer a todas las personas que participaron en esta iniciativa, ya que gracias a ellas podemos visibilizar y honrar a estas mujeres ejemplares&#8221;.<\/strong><\/p>\n<p>&nbsp;<\/p>\n<p style=\"text-align: justify;\" data-sourcepos=\"13:1-13:197\">Entre las mujeres homenajeadas se encuentran [mencionar algunos nombres de las mujeres destacadas], cuyas aportaciones en diferentes \u00e1mbitos han dejado una marca indeleble en la sociedad queretana.<\/p>\n<p>&nbsp;<\/p>\n<p style=\"text-align: justify;\" data-sourcepos=\"15:1-15:177\">Este altar monumental estar\u00e1 abierto al p\u00fablico hasta el 3 de noviembre, invitando a la ciudadan\u00eda a conocer las historias de estas mujeres y a reflexionar sobre su importancia.<\/p>\n<p>&nbsp;<\/p>\n<p style=\"text-align: center;\" data-sourcepos=\"15:1-15:177\"><em><strong>\u00a1Informaci\u00f3n que transforma!<\/strong><\/em><\/p>\n","protected":false},"excerpt":{"rendered":"<p>La Alameda Hidalgo se convierte en un espacio de reconocimiento y admiraci\u00f3n hacia las mujeres queretanas que han dejado una huella imborrable en la sociedad.<\/p>\n","protected":false},"author":3,"featured_media":5156,"comment_status":"open","ping_status":"open","sticky":false,"template":"","format":"standard","meta":{"footnotes":""},"categories":[50,65,58],"tags":[1287,1819,1818,133],"class_list":["post-5154","post","type-post","status-publish","format-standard","has-post-thumbnail","hentry","category-espectaculos","category-municipios","category-ultima-hora","tag-diademuertos","tag-homenaje","tag-mujeresqueretanas","tag-queretaro"],"yoast_head":"<!-- This site is optimized with the Yoast SEO plugin v25.0 - https:\/\/yoast.com\/wordpress\/plugins\/seo\/ -->\n<title>Quer\u00e9taro rinde homenaje a sus mujeres destacadas con un altar monumental | Nexo Informativo Santiago de Quer\u00e9taro<\/title>\n<meta name=\"description\" content=\"Quer\u00e9taro rinde homenaje a sus mujeres destacadas con un altar monumental\" \/>\n<meta name=\"robots\" content=\"index, follow, max-snippet:-1, max-image-preview:large, max-video-preview:-1\" \/>\n<link rel=\"canonical\" href=\"https:\/\/www.nexoinformativo.mx\/index.php\/2024\/11\/01\/queretaro-rinde-homenaje-a-sus-mujeres-destacadas-con-un-altar-monumental\/\" \/>\n<meta property=\"og:locale\" content=\"es_MX\" \/>\n<meta property=\"og:type\" content=\"article\" \/>\n<meta property=\"og:title\" content=\"Quer\u00e9taro rinde homenaje a sus mujeres destacadas con un altar monumental | Nexo Informativo Santiago de Quer\u00e9taro\" \/>\n<meta property=\"og:description\" content=\"Quer\u00e9taro rinde homenaje a sus mujeres destacadas con un altar monumental\" \/>\n<meta property=\"og:url\" content=\"https:\/\/www.nexoinformativo.mx\/index.php\/2024\/11\/01\/queretaro-rinde-homenaje-a-sus-mujeres-destacadas-con-un-altar-monumental\/\" \/>\n<meta property=\"og:site_name\" content=\"Nexo Informativo Santiago de Quer\u00e9taro\" \/>\n<meta property=\"article:publisher\" content=\"https:\/\/www.facebook.com\/people\/Nexo-Informativo\/61564066885511\/\" \/>\n<meta property=\"article:published_time\" content=\"2024-11-01T20:30:32+00:00\" \/>\n<meta property=\"article:modified_time\" content=\"2024-11-01T20:47:16+00:00\" \/>\n<meta property=\"og:image\" content=\"https:\/\/www.nexoinformativo.mx\/wp-content\/uploads\/2024\/11\/PHOTO-2024-11-01-14-10-26-e1730493688295.jpg\" \/>\n\t<meta property=\"og:image:width\" content=\"800\" \/>\n\t<meta property=\"og:image:height\" content=\"600\" \/>\n\t<meta property=\"og:image:type\" content=\"image\/jpeg\" \/>\n<meta name=\"author\" content=\"Nexo Informativo\" \/>\n<meta name=\"twitter:card\" content=\"summary_large_image\" \/>\n<meta name=\"twitter:label1\" content=\"Escrito por\" \/>\n\t<meta name=\"twitter:data1\" content=\"Nexo Informativo\" \/>\n\t<meta name=\"twitter:label2\" content=\"Tiempo de lectura\" \/>\n\t<meta name=\"twitter:data2\" content=\"2 minutos\" \/>\n<script type=\"application\/ld+json\" class=\"yoast-schema-graph\">{\"@context\":\"https:\/\/schema.org\",\"@graph\":[{\"@type\":\"Article\",\"@id\":\"https:\/\/www.nexoinformativo.mx\/index.php\/2024\/11\/01\/queretaro-rinde-homenaje-a-sus-mujeres-destacadas-con-un-altar-monumental\/#article\",\"isPartOf\":{\"@id\":\"https:\/\/www.nexoinformativo.mx\/index.php\/2024\/11\/01\/queretaro-rinde-homenaje-a-sus-mujeres-destacadas-con-un-altar-monumental\/\"},\"author\":{\"name\":\"Nexo Informativo\",\"@id\":\"https:\/\/www.nexoinformativo.mx\/#\/schema\/person\/7749d380ba08c8ca00d7bc76fd907b7d\"},\"headline\":\"Quer\u00e9taro rinde homenaje a sus mujeres destacadas con un altar monumental\",\"datePublished\":\"2024-11-01T20:30:32+00:00\",\"dateModified\":\"2024-11-01T20:47:16+00:00\",\"mainEntityOfPage\":{\"@id\":\"https:\/\/www.nexoinformativo.mx\/index.php\/2024\/11\/01\/queretaro-rinde-homenaje-a-sus-mujeres-destacadas-con-un-altar-monumental\/\"},\"wordCount\":242,\"commentCount\":0,\"publisher\":{\"@id\":\"https:\/\/www.nexoinformativo.mx\/#organization\"},\"image\":{\"@id\":\"https:\/\/www.nexoinformativo.mx\/index.php\/2024\/11\/01\/queretaro-rinde-homenaje-a-sus-mujeres-destacadas-con-un-altar-monumental\/#primaryimage\"},\"thumbnailUrl\":\"https:\/\/www.nexoinformativo.mx\/wp-content\/uploads\/2024\/11\/PHOTO-2024-11-01-14-10-26-e1730493688295.jpg\",\"keywords\":[\"D\u00edaDeMuertos\",\"Homenaje\",\"MujeresQueretanas\",\"Quer\u00e9taro\"],\"articleSection\":[\"Espect\u00e1culos\",\"Municipios\",\"\u00daltima Hora\"],\"inLanguage\":\"es\",\"potentialAction\":[{\"@type\":\"CommentAction\",\"name\":\"Comment\",\"target\":[\"https:\/\/www.nexoinformativo.mx\/index.php\/2024\/11\/01\/queretaro-rinde-homenaje-a-sus-mujeres-destacadas-con-un-altar-monumental\/#respond\"]}]},{\"@type\":\"WebPage\",\"@id\":\"https:\/\/www.nexoinformativo.mx\/index.php\/2024\/11\/01\/queretaro-rinde-homenaje-a-sus-mujeres-destacadas-con-un-altar-monumental\/\",\"url\":\"https:\/\/www.nexoinformativo.mx\/index.php\/2024\/11\/01\/queretaro-rinde-homenaje-a-sus-mujeres-destacadas-con-un-altar-monumental\/\",\"name\":\"Quer\u00e9taro rinde homenaje a sus mujeres destacadas con un altar monumental | Nexo Informativo Santiago de Quer\u00e9taro\",\"isPartOf\":{\"@id\":\"https:\/\/www.nexoinformativo.mx\/#website\"},\"primaryImageOfPage\":{\"@id\":\"https:\/\/www.nexoinformativo.mx\/index.php\/2024\/11\/01\/queretaro-rinde-homenaje-a-sus-mujeres-destacadas-con-un-altar-monumental\/#primaryimage\"},\"image\":{\"@id\":\"https:\/\/www.nexoinformativo.mx\/index.php\/2024\/11\/01\/queretaro-rinde-homenaje-a-sus-mujeres-destacadas-con-un-altar-monumental\/#primaryimage\"},\"thumbnailUrl\":\"https:\/\/www.nexoinformativo.mx\/wp-content\/uploads\/2024\/11\/PHOTO-2024-11-01-14-10-26-e1730493688295.jpg\",\"datePublished\":\"2024-11-01T20:30:32+00:00\",\"dateModified\":\"2024-11-01T20:47:16+00:00\",\"description\":\"Quer\u00e9taro rinde homenaje a sus mujeres destacadas con un altar monumental\",\"breadcrumb\":{\"@id\":\"https:\/\/www.nexoinformativo.mx\/index.php\/2024\/11\/01\/queretaro-rinde-homenaje-a-sus-mujeres-destacadas-con-un-altar-monumental\/#breadcrumb\"},\"inLanguage\":\"es\",\"potentialAction\":[{\"@type\":\"ReadAction\",\"target\":[\"https:\/\/www.nexoinformativo.mx\/index.php\/2024\/11\/01\/queretaro-rinde-homenaje-a-sus-mujeres-destacadas-con-un-altar-monumental\/\"]}]},{\"@type\":\"ImageObject\",\"inLanguage\":\"es\",\"@id\":\"https:\/\/www.nexoinformativo.mx\/index.php\/2024\/11\/01\/queretaro-rinde-homenaje-a-sus-mujeres-destacadas-con-un-altar-monumental\/#primaryimage\",\"url\":\"https:\/\/www.nexoinformativo.mx\/wp-content\/uploads\/2024\/11\/PHOTO-2024-11-01-14-10-26-e1730493688295.jpg\",\"contentUrl\":\"https:\/\/www.nexoinformativo.mx\/wp-content\/uploads\/2024\/11\/PHOTO-2024-11-01-14-10-26-e1730493688295.jpg\",\"width\":800,\"height\":600},{\"@type\":\"BreadcrumbList\",\"@id\":\"https:\/\/www.nexoinformativo.mx\/index.php\/2024\/11\/01\/queretaro-rinde-homenaje-a-sus-mujeres-destacadas-con-un-altar-monumental\/#breadcrumb\",\"itemListElement\":[{\"@type\":\"ListItem\",\"position\":1,\"name\":\"Inicio\",\"item\":\"https:\/\/www.nexoinformativo.mx\/\"},{\"@type\":\"ListItem\",\"position\":2,\"name\":\"Quer\u00e9taro rinde homenaje a sus mujeres destacadas con un altar monumental\"}]},{\"@type\":\"WebSite\",\"@id\":\"https:\/\/www.nexoinformativo.mx\/#website\",\"url\":\"https:\/\/www.nexoinformativo.mx\/\",\"name\":\"Nexo Informativo Santiago de Quer\u00e9taro\",\"description\":\"Explora NexoInformativo y convi\u00e9rtete en parte de una comunidad que valora el conocimiento y la verdad. Tu nexoinformativo es tu puente hacia una comprensi\u00f3n m\u00e1s profunda del mundo que te rodea.\",\"publisher\":{\"@id\":\"https:\/\/www.nexoinformativo.mx\/#organization\"},\"potentialAction\":[{\"@type\":\"SearchAction\",\"target\":{\"@type\":\"EntryPoint\",\"urlTemplate\":\"https:\/\/www.nexoinformativo.mx\/?s={search_term_string}\"},\"query-input\":{\"@type\":\"PropertyValueSpecification\",\"valueRequired\":true,\"valueName\":\"search_term_string\"}}],\"inLanguage\":\"es\"},{\"@type\":\"Organization\",\"@id\":\"https:\/\/www.nexoinformativo.mx\/#organization\",\"name\":\"Nexo Informativo Santiago de Quer\u00e9taro\",\"url\":\"https:\/\/www.nexoinformativo.mx\/\",\"logo\":{\"@type\":\"ImageObject\",\"inLanguage\":\"es\",\"@id\":\"https:\/\/www.nexoinformativo.mx\/#\/schema\/logo\/image\/\",\"url\":\"https:\/\/www.nexoinformativo.mx\/wp-content\/uploads\/2024\/07\/nexoi-trasparente-2.png\",\"contentUrl\":\"https:\/\/www.nexoinformativo.mx\/wp-content\/uploads\/2024\/07\/nexoi-trasparente-2.png\",\"width\":816,\"height\":339,\"caption\":\"Nexo Informativo Santiago de Quer\u00e9taro\"},\"image\":{\"@id\":\"https:\/\/www.nexoinformativo.mx\/#\/schema\/logo\/image\/\"},\"sameAs\":[\"https:\/\/www.facebook.com\/people\/Nexo-Informativo\/61564066885511\/\"]},{\"@type\":\"Person\",\"@id\":\"https:\/\/www.nexoinformativo.mx\/#\/schema\/person\/7749d380ba08c8ca00d7bc76fd907b7d\",\"name\":\"Nexo Informativo\",\"image\":{\"@type\":\"ImageObject\",\"inLanguage\":\"es\",\"@id\":\"https:\/\/www.nexoinformativo.mx\/#\/schema\/person\/image\/\",\"url\":\"https:\/\/secure.gravatar.com\/avatar\/dde2928154642a13d95f87ddf1ea9718fe2b46760a005c53e41ff5ad610704e6?s=96&d=mm&r=g\",\"contentUrl\":\"https:\/\/secure.gravatar.com\/avatar\/dde2928154642a13d95f87ddf1ea9718fe2b46760a005c53e41ff5ad610704e6?s=96&d=mm&r=g\",\"caption\":\"Nexo Informativo\"},\"url\":\"https:\/\/www.nexoinformativo.mx\/index.php\/author\/edicion\/\"}]}<\/script>\n<!-- \/ Yoast SEO plugin. -->","yoast_head_json":{"title":"Quer\u00e9taro rinde homenaje a sus mujeres destacadas con un altar monumental | Nexo Informativo Santiago de Quer\u00e9taro","description":"Quer\u00e9taro rinde homenaje a sus mujeres destacadas con un altar monumental","robots":{"index":"index","follow":"follow","max-snippet":"max-snippet:-1","max-image-preview":"max-image-preview:large","max-video-preview":"max-video-preview:-1"},"canonical":"https:\/\/www.nexoinformativo.mx\/index.php\/2024\/11\/01\/queretaro-rinde-homenaje-a-sus-mujeres-destacadas-con-un-altar-monumental\/","og_locale":"es_MX","og_type":"article","og_title":"Quer\u00e9taro rinde homenaje a sus mujeres destacadas con un altar monumental | Nexo Informativo Santiago de Quer\u00e9taro","og_description":"Quer\u00e9taro rinde homenaje a sus mujeres destacadas con un altar monumental","og_url":"https:\/\/www.nexoinformativo.mx\/index.php\/2024\/11\/01\/queretaro-rinde-homenaje-a-sus-mujeres-destacadas-con-un-altar-monumental\/","og_site_name":"Nexo Informativo Santiago de Quer\u00e9taro","article_publisher":"https:\/\/www.facebook.com\/people\/Nexo-Informativo\/61564066885511\/","article_published_time":"2024-11-01T20:30:32+00:00","article_modified_time":"2024-11-01T20:47:16+00:00","og_image":[{"width":800,"height":600,"url":"https:\/\/www.nexoinformativo.mx\/wp-content\/uploads\/2024\/11\/PHOTO-2024-11-01-14-10-26-e1730493688295.jpg","type":"image\/jpeg"}],"author":"Nexo Informativo","twitter_card":"summary_large_image","twitter_misc":{"Escrito por":"Nexo Informativo","Tiempo de lectura":"2 minutos"},"schema":{"@context":"https:\/\/schema.org","@graph":[{"@type":"Article","@id":"https:\/\/www.nexoinformativo.mx\/index.php\/2024\/11\/01\/queretaro-rinde-homenaje-a-sus-mujeres-destacadas-con-un-altar-monumental\/#article","isPartOf":{"@id":"https:\/\/www.nexoinformativo.mx\/index.php\/2024\/11\/01\/queretaro-rinde-homenaje-a-sus-mujeres-destacadas-con-un-altar-monumental\/"},"author":{"name":"Nexo Informativo","@id":"https:\/\/www.nexoinformativo.mx\/#\/schema\/person\/7749d380ba08c8ca00d7bc76fd907b7d"},"headline":"Quer\u00e9taro rinde homenaje a sus mujeres destacadas con un altar monumental","datePublished":"2024-11-01T20:30:32+00:00","dateModified":"2024-11-01T20:47:16+00:00","mainEntityOfPage":{"@id":"https:\/\/www.nexoinformativo.mx\/index.php\/2024\/11\/01\/queretaro-rinde-homenaje-a-sus-mujeres-destacadas-con-un-altar-monumental\/"},"wordCount":242,"commentCount":0,"publisher":{"@id":"https:\/\/www.nexoinformativo.mx\/#organization"},"image":{"@id":"https:\/\/www.nexoinformativo.mx\/index.php\/2024\/11\/01\/queretaro-rinde-homenaje-a-sus-mujeres-destacadas-con-un-altar-monumental\/#primaryimage"},"thumbnailUrl":"https:\/\/www.nexoinformativo.mx\/wp-content\/uploads\/2024\/11\/PHOTO-2024-11-01-14-10-26-e1730493688295.jpg","keywords":["D\u00edaDeMuertos","Homenaje","MujeresQueretanas","Quer\u00e9taro"],"articleSection":["Espect\u00e1culos","Municipios","\u00daltima Hora"],"inLanguage":"es","potentialAction":[{"@type":"CommentAction","name":"Comment","target":["https:\/\/www.nexoinformativo.mx\/index.php\/2024\/11\/01\/queretaro-rinde-homenaje-a-sus-mujeres-destacadas-con-un-altar-monumental\/#respond"]}]},{"@type":"WebPage","@id":"https:\/\/www.nexoinformativo.mx\/index.php\/2024\/11\/01\/queretaro-rinde-homenaje-a-sus-mujeres-destacadas-con-un-altar-monumental\/","url":"https:\/\/www.nexoinformativo.mx\/index.php\/2024\/11\/01\/queretaro-rinde-homenaje-a-sus-mujeres-destacadas-con-un-altar-monumental\/","name":"Quer\u00e9taro rinde homenaje a sus mujeres destacadas con un altar monumental | Nexo Informativo Santiago de Quer\u00e9taro","isPartOf":{"@id":"https:\/\/www.nexoinformativo.mx\/#website"},"primaryImageOfPage":{"@id":"https:\/\/www.nexoinformativo.mx\/index.php\/2024\/11\/01\/queretaro-rinde-homenaje-a-sus-mujeres-destacadas-con-un-altar-monumental\/#primaryimage"},"image":{"@id":"https:\/\/www.nexoinformativo.mx\/index.php\/2024\/11\/01\/queretaro-rinde-homenaje-a-sus-mujeres-destacadas-con-un-altar-monumental\/#primaryimage"},"thumbnailUrl":"https:\/\/www.nexoinformativo.mx\/wp-content\/uploads\/2024\/11\/PHOTO-2024-11-01-14-10-26-e1730493688295.jpg","datePublished":"2024-11-01T20:30:32+00:00","dateModified":"2024-11-01T20:47:16+00:00","description":"Quer\u00e9taro rinde homenaje a sus mujeres destacadas con un altar monumental","breadcrumb":{"@id":"https:\/\/www.nexoinformativo.mx\/index.php\/2024\/11\/01\/queretaro-rinde-homenaje-a-sus-mujeres-destacadas-con-un-altar-monumental\/#breadcrumb"},"inLanguage":"es","potentialAction":[{"@type":"ReadAction","target":["https:\/\/www.nexoinformativo.mx\/index.php\/2024\/11\/01\/queretaro-rinde-homenaje-a-sus-mujeres-destacadas-con-un-altar-monumental\/"]}]},{"@type":"ImageObject","inLanguage":"es","@id":"https:\/\/www.nexoinformativo.mx\/index.php\/2024\/11\/01\/queretaro-rinde-homenaje-a-sus-mujeres-destacadas-con-un-altar-monumental\/#primaryimage","url":"https:\/\/www.nexoinformativo.mx\/wp-content\/uploads\/2024\/11\/PHOTO-2024-11-01-14-10-26-e1730493688295.jpg","contentUrl":"https:\/\/www.nexoinformativo.mx\/wp-content\/uploads\/2024\/11\/PHOTO-2024-11-01-14-10-26-e1730493688295.jpg","width":800,"height":600},{"@type":"BreadcrumbList","@id":"https:\/\/www.nexoinformativo.mx\/index.php\/2024\/11\/01\/queretaro-rinde-homenaje-a-sus-mujeres-destacadas-con-un-altar-monumental\/#breadcrumb","itemListElement":[{"@type":"ListItem","position":1,"name":"Inicio","item":"https:\/\/www.nexoinformativo.mx\/"},{"@type":"ListItem","position":2,"name":"Quer\u00e9taro rinde homenaje a sus mujeres destacadas con un altar monumental"}]},{"@type":"WebSite","@id":"https:\/\/www.nexoinformativo.mx\/#website","url":"https:\/\/www.nexoinformativo.mx\/","name":"Nexo Informativo Santiago de Quer\u00e9taro","description":"Explora NexoInformativo y convi\u00e9rtete en parte de una comunidad que valora el conocimiento y la verdad. Tu nexoinformativo es tu puente hacia una comprensi\u00f3n m\u00e1s profunda del mundo que te rodea.","publisher":{"@id":"https:\/\/www.nexoinformativo.mx\/#organization"},"potentialAction":[{"@type":"SearchAction","target":{"@type":"EntryPoint","urlTemplate":"https:\/\/www.nexoinformativo.mx\/?s={search_term_string}"},"query-input":{"@type":"PropertyValueSpecification","valueRequired":true,"valueName":"search_term_string"}}],"inLanguage":"es"},{"@type":"Organization","@id":"https:\/\/www.nexoinformativo.mx\/#organization","name":"Nexo Informativo Santiago de Quer\u00e9taro","url":"https:\/\/www.nexoinformativo.mx\/","logo":{"@type":"ImageObject","inLanguage":"es","@id":"https:\/\/www.nexoinformativo.mx\/#\/schema\/logo\/image\/","url":"https:\/\/www.nexoinformativo.mx\/wp-content\/uploads\/2024\/07\/nexoi-trasparente-2.png","contentUrl":"https:\/\/www.nexoinformativo.mx\/wp-content\/uploads\/2024\/07\/nexoi-trasparente-2.png","width":816,"height":339,"caption":"Nexo Informativo Santiago de Quer\u00e9taro"},"image":{"@id":"https:\/\/www.nexoinformativo.mx\/#\/schema\/logo\/image\/"},"sameAs":["https:\/\/www.facebook.com\/people\/Nexo-Informativo\/61564066885511\/"]},{"@type":"Person","@id":"https:\/\/www.nexoinformativo.mx\/#\/schema\/person\/7749d380ba08c8ca00d7bc76fd907b7d","name":"Nexo Informativo","image":{"@type":"ImageObject","inLanguage":"es","@id":"https:\/\/www.nexoinformativo.mx\/#\/schema\/person\/image\/","url":"https:\/\/secure.gravatar.com\/avatar\/dde2928154642a13d95f87ddf1ea9718fe2b46760a005c53e41ff5ad610704e6?s=96&d=mm&r=g","contentUrl":"https:\/\/secure.gravatar.com\/avatar\/dde2928154642a13d95f87ddf1ea9718fe2b46760a005c53e41ff5ad610704e6?s=96&d=mm&r=g","caption":"Nexo Informativo"},"url":"https:\/\/www.nexoinformativo.mx\/index.php\/author\/edicion\/"}]}},"_links":{"self":[{"href":"https:\/\/www.nexoinformativo.mx\/index.php\/wp-json\/wp\/v2\/posts\/5154","targetHints":{"allow":["GET"]}}],"collection":[{"href":"https:\/\/www.nexoinformativo.mx\/index.php\/wp-json\/wp\/v2\/posts"}],"about":[{"href":"https:\/\/www.nexoinformativo.mx\/index.php\/wp-json\/wp\/v2\/types\/post"}],"author":[{"embeddable":true,"href":"https:\/\/www.nexoinformativo.mx\/index.php\/wp-json\/wp\/v2\/users\/3"}],"replies":[{"embeddable":true,"href":"https:\/\/www.nexoinformativo.mx\/index.php\/wp-json\/wp\/v2\/comments?post=5154"}],"version-history":[{"count":6,"href":"https:\/\/www.nexoinformativo.mx\/index.php\/wp-json\/wp\/v2\/posts\/5154\/revisions"}],"predecessor-version":[{"id":5158,"href":"https:\/\/www.nexoinformativo.mx\/index.php\/wp-json\/wp\/v2\/posts\/5154\/revisions\/5158"}],"wp:featuredmedia":[{"embeddable":true,"href":"https:\/\/www.nexoinformativo.mx\/index.php\/wp-json\/wp\/v2\/media\/5156"}],"wp:attachment":[{"href":"https:\/\/www.nexoinformativo.mx\/index.php\/wp-json\/wp\/v2\/media?parent=5154"}],"wp:term":[{"taxonomy":"category","embeddable":true,"href":"https:\/\/www.nexoinformativo.mx\/index.php\/wp-json\/wp\/v2\/categories?post=5154"},{"taxonomy":"post_tag","embeddable":true,"href":"https:\/\/www.nexoinformativo.mx\/index.php\/wp-json\/wp\/v2\/tags?post=5154"}],"curies":[{"name":"wp","href":"https:\/\/api.w.org\/{rel}","templated":true}]}}