{"id":5162,"date":"2024-11-01T14:30:11","date_gmt":"2024-11-01T20:30:11","guid":{"rendered":"https:\/\/www.nexoinformativo.mx\/?p=5162"},"modified":"2024-11-01T15:01:03","modified_gmt":"2024-11-01T21:01:03","slug":"queretaro-y-canada-fortalecen-lazos-en-pro-de-la-sustentabilidad-y-la-inversion-inauguracion-del-canadian-manufacturing-day","status":"publish","type":"post","link":"https:\/\/www.nexoinformativo.mx\/index.php\/2024\/11\/01\/queretaro-y-canada-fortalecen-lazos-en-pro-de-la-sustentabilidad-y-la-inversion-inauguracion-del-canadian-manufacturing-day\/","title":{"rendered":"Quer\u00e9taro y Canad\u00e1 fortalecen lazos en pro de la sustentabilidad y la inversi\u00f3n. Inauguraci\u00f3n del Canadian Manufacturing Day"},"content":{"rendered":"<p style=\"text-align: justify;\" data-sourcepos=\"5:1-5:419\">En un evento que destac\u00f3 la importancia de la colaboraci\u00f3n entre M\u00e9xico y Canad\u00e1, se llev\u00f3 a cabo la sexta edici\u00f3n del Canadian Manufacturing Day en Quer\u00e9taro. El evento, organizado por la C\u00e1mara de Comercio del Canad\u00e1 en M\u00e9xico (CANCHAM), reuni\u00f3 a l\u00edderes empresariales, gubernamentales y acad\u00e9micos para discutir sobre las oportunidades de inversi\u00f3n y colaboraci\u00f3n en el sector manufacturero.<\/p>\n<p>&nbsp;<\/p>\n<p style=\"text-align: justify;\" data-sourcepos=\"7:1-7:455\">El secretario de Desarrollo Sustentable de Quer\u00e9taro, Marco Antonio Del Prete, resalt\u00f3 la importancia de la relaci\u00f3n bilateral entre ambos pa\u00edses, destacando el compromiso de Quer\u00e9taro con la sostenibilidad y el cuidado del medio ambiente. <strong>&#8220;Quer\u00e9taro y Canad\u00e1 comparten una visi\u00f3n com\u00fan en materia ambiental&#8221;<\/strong>, afirm\u00f3 Del Prete, quien destac\u00f3 iniciativas como el Sello Estatal de Bajas Emisiones de Carbono y el Carbon Pricing canadiense.<\/p>\n<p>&nbsp;<\/p>\n<p style=\"text-align: justify;\" data-sourcepos=\"11:1-11:310\">La relaci\u00f3n entre Quer\u00e9taro y Canad\u00e1 se ha fortalecido en los \u00faltimos a\u00f1os, evidenciando un crecimiento significativo en la inversi\u00f3n extranjera directa. Del Prete inform\u00f3 que Canad\u00e1 se ha consolidado como el segundo socio comercial de Quer\u00e9taro, con un aumento del 20% en la inversi\u00f3n durante el a\u00f1o en curso.<\/p>\n<p>&nbsp;<\/p>\n<p style=\"text-align: justify;\" data-sourcepos=\"13:1-13:377\">Este crecimiento se debe, en gran medida, a las condiciones favorables que ofrece Quer\u00e9taro para la inversi\u00f3n, como la infraestructura de calidad, la mano de obra calificada y la estabilidad pol\u00edtica. Adem\u00e1s, la entidad ha implementado pol\u00edticas p\u00fablicas enfocadas en la sostenibilidad y la innovaci\u00f3n, lo que la convierte en un destino atractivo para las empresas canadienses.<\/p>\n<p>&nbsp;<\/p>\n<p style=\"text-align: justify;\" data-sourcepos=\"17:1-17:346\">Durante el evento, se destac\u00f3 la importancia de la colaboraci\u00f3n entre el sector p\u00fablico y privado para impulsar el desarrollo econ\u00f3mico y social de la regi\u00f3n. Los participantes coincidieron en que la relaci\u00f3n entre Quer\u00e9taro y Canad\u00e1 tiene un futuro prometedor, y que seguir\u00e1n trabajando juntos para fortalecer los lazos comerciales y culturales.<\/p>\n<p>&nbsp;<\/p>\n<p style=\"text-align: center;\" data-sourcepos=\"17:1-17:346\"><em><strong>\u00a1Informaci\u00f3n que transforma!<\/strong><\/em><\/p>\n","protected":false},"excerpt":{"rendered":"<p>En un evento que destac\u00f3 la importancia de la colaboraci\u00f3n entre M\u00e9xico y Canad\u00e1, se llev\u00f3 a cabo la sexta edici\u00f3n del Canadian Manufacturing Day en Quer\u00e9taro.<\/p>\n","protected":false},"author":3,"featured_media":5163,"comment_status":"open","ping_status":"open","sticky":false,"template":"","format":"standard","meta":{"footnotes":""},"categories":[5,42,58],"tags":[1821,343,1820,133,1451],"class_list":["post-5162","post","type-post","status-publish","format-standard","has-post-thumbnail","hentry","category-economia","category-estado","category-ultima-hora","tag-canada","tag-inversionextranjera","tag-manufacturingday","tag-queretaro","tag-sostenibilidad"],"yoast_head":"<!-- This site is optimized with the Yoast SEO plugin v25.0 - https:\/\/yoast.com\/wordpress\/plugins\/seo\/ -->\n<title>Quer\u00e9taro y Canad\u00e1 fortalecen lazos en pro de la sustentabilidad y la inversi\u00f3n. Inauguraci\u00f3n del Canadian Manufacturing Day | Nexo Informativo Santiago de Quer\u00e9taro<\/title>\n<meta name=\"description\" content=\"Quer\u00e9taro y Canad\u00e1 fortalecen lazos en pro de la sustentabilidad y la inversi\u00f3n. Inauguraci\u00f3n del Canadian Manufacturing Day\" \/>\n<meta name=\"robots\" content=\"index, follow, max-snippet:-1, max-image-preview:large, max-video-preview:-1\" \/>\n<link rel=\"canonical\" href=\"https:\/\/www.nexoinformativo.mx\/index.php\/2024\/11\/01\/queretaro-y-canada-fortalecen-lazos-en-pro-de-la-sustentabilidad-y-la-inversion-inauguracion-del-canadian-manufacturing-day\/\" \/>\n<meta property=\"og:locale\" content=\"es_MX\" \/>\n<meta property=\"og:type\" content=\"article\" \/>\n<meta property=\"og:title\" content=\"Quer\u00e9taro y Canad\u00e1 fortalecen lazos en pro de la sustentabilidad y la inversi\u00f3n. Inauguraci\u00f3n del Canadian Manufacturing Day | Nexo Informativo Santiago de Quer\u00e9taro\" \/>\n<meta property=\"og:description\" content=\"Quer\u00e9taro y Canad\u00e1 fortalecen lazos en pro de la sustentabilidad y la inversi\u00f3n. Inauguraci\u00f3n del Canadian Manufacturing Day\" \/>\n<meta property=\"og:url\" content=\"https:\/\/www.nexoinformativo.mx\/index.php\/2024\/11\/01\/queretaro-y-canada-fortalecen-lazos-en-pro-de-la-sustentabilidad-y-la-inversion-inauguracion-del-canadian-manufacturing-day\/\" \/>\n<meta property=\"og:site_name\" content=\"Nexo Informativo Santiago de Quer\u00e9taro\" \/>\n<meta property=\"article:publisher\" content=\"https:\/\/www.facebook.com\/people\/Nexo-Informativo\/61564066885511\/\" \/>\n<meta property=\"article:published_time\" content=\"2024-11-01T20:30:11+00:00\" \/>\n<meta property=\"article:modified_time\" content=\"2024-11-01T21:01:03+00:00\" \/>\n<meta property=\"og:image\" content=\"https:\/\/www.nexoinformativo.mx\/wp-content\/uploads\/2024\/11\/IMG_7402-e1730494670784.jpg\" \/>\n\t<meta property=\"og:image:width\" content=\"700\" \/>\n\t<meta property=\"og:image:height\" content=\"468\" \/>\n\t<meta property=\"og:image:type\" content=\"image\/jpeg\" \/>\n<meta name=\"author\" content=\"Nexo Informativo\" \/>\n<meta name=\"twitter:card\" content=\"summary_large_image\" \/>\n<meta name=\"twitter:label1\" content=\"Escrito por\" \/>\n\t<meta name=\"twitter:data1\" content=\"Nexo Informativo\" \/>\n\t<meta name=\"twitter:label2\" content=\"Tiempo de lectura\" \/>\n\t<meta name=\"twitter:data2\" content=\"2 minutos\" \/>\n<script type=\"application\/ld+json\" class=\"yoast-schema-graph\">{\"@context\":\"https:\/\/schema.org\",\"@graph\":[{\"@type\":\"Article\",\"@id\":\"https:\/\/www.nexoinformativo.mx\/index.php\/2024\/11\/01\/queretaro-y-canada-fortalecen-lazos-en-pro-de-la-sustentabilidad-y-la-inversion-inauguracion-del-canadian-manufacturing-day\/#article\",\"isPartOf\":{\"@id\":\"https:\/\/www.nexoinformativo.mx\/index.php\/2024\/11\/01\/queretaro-y-canada-fortalecen-lazos-en-pro-de-la-sustentabilidad-y-la-inversion-inauguracion-del-canadian-manufacturing-day\/\"},\"author\":{\"name\":\"Nexo Informativo\",\"@id\":\"https:\/\/www.nexoinformativo.mx\/#\/schema\/person\/7749d380ba08c8ca00d7bc76fd907b7d\"},\"headline\":\"Quer\u00e9taro y Canad\u00e1 fortalecen lazos en pro de la sustentabilidad y la inversi\u00f3n. Inauguraci\u00f3n del Canadian Manufacturing Day\",\"datePublished\":\"2024-11-01T20:30:11+00:00\",\"dateModified\":\"2024-11-01T21:01:03+00:00\",\"mainEntityOfPage\":{\"@id\":\"https:\/\/www.nexoinformativo.mx\/index.php\/2024\/11\/01\/queretaro-y-canada-fortalecen-lazos-en-pro-de-la-sustentabilidad-y-la-inversion-inauguracion-del-canadian-manufacturing-day\/\"},\"wordCount\":352,\"commentCount\":0,\"publisher\":{\"@id\":\"https:\/\/www.nexoinformativo.mx\/#organization\"},\"image\":{\"@id\":\"https:\/\/www.nexoinformativo.mx\/index.php\/2024\/11\/01\/queretaro-y-canada-fortalecen-lazos-en-pro-de-la-sustentabilidad-y-la-inversion-inauguracion-del-canadian-manufacturing-day\/#primaryimage\"},\"thumbnailUrl\":\"https:\/\/www.nexoinformativo.mx\/wp-content\/uploads\/2024\/11\/IMG_7402-e1730494670784.jpg\",\"keywords\":[\"Canad\u00e1\",\"Inversi\u00f3nExtranjera\",\"ManufacturingDay\",\"Quer\u00e9taro\",\"Sostenibilidad\"],\"articleSection\":[\"Econom\u00eda\",\"Estado\",\"\u00daltima Hora\"],\"inLanguage\":\"es\",\"potentialAction\":[{\"@type\":\"CommentAction\",\"name\":\"Comment\",\"target\":[\"https:\/\/www.nexoinformativo.mx\/index.php\/2024\/11\/01\/queretaro-y-canada-fortalecen-lazos-en-pro-de-la-sustentabilidad-y-la-inversion-inauguracion-del-canadian-manufacturing-day\/#respond\"]}]},{\"@type\":\"WebPage\",\"@id\":\"https:\/\/www.nexoinformativo.mx\/index.php\/2024\/11\/01\/queretaro-y-canada-fortalecen-lazos-en-pro-de-la-sustentabilidad-y-la-inversion-inauguracion-del-canadian-manufacturing-day\/\",\"url\":\"https:\/\/www.nexoinformativo.mx\/index.php\/2024\/11\/01\/queretaro-y-canada-fortalecen-lazos-en-pro-de-la-sustentabilidad-y-la-inversion-inauguracion-del-canadian-manufacturing-day\/\",\"name\":\"Quer\u00e9taro y Canad\u00e1 fortalecen lazos en pro de la sustentabilidad y la inversi\u00f3n. Inauguraci\u00f3n del Canadian Manufacturing Day | Nexo Informativo Santiago de Quer\u00e9taro\",\"isPartOf\":{\"@id\":\"https:\/\/www.nexoinformativo.mx\/#website\"},\"primaryImageOfPage\":{\"@id\":\"https:\/\/www.nexoinformativo.mx\/index.php\/2024\/11\/01\/queretaro-y-canada-fortalecen-lazos-en-pro-de-la-sustentabilidad-y-la-inversion-inauguracion-del-canadian-manufacturing-day\/#primaryimage\"},\"image\":{\"@id\":\"https:\/\/www.nexoinformativo.mx\/index.php\/2024\/11\/01\/queretaro-y-canada-fortalecen-lazos-en-pro-de-la-sustentabilidad-y-la-inversion-inauguracion-del-canadian-manufacturing-day\/#primaryimage\"},\"thumbnailUrl\":\"https:\/\/www.nexoinformativo.mx\/wp-content\/uploads\/2024\/11\/IMG_7402-e1730494670784.jpg\",\"datePublished\":\"2024-11-01T20:30:11+00:00\",\"dateModified\":\"2024-11-01T21:01:03+00:00\",\"description\":\"Quer\u00e9taro y Canad\u00e1 fortalecen lazos en pro de la sustentabilidad y la inversi\u00f3n. Inauguraci\u00f3n del Canadian Manufacturing Day\",\"breadcrumb\":{\"@id\":\"https:\/\/www.nexoinformativo.mx\/index.php\/2024\/11\/01\/queretaro-y-canada-fortalecen-lazos-en-pro-de-la-sustentabilidad-y-la-inversion-inauguracion-del-canadian-manufacturing-day\/#breadcrumb\"},\"inLanguage\":\"es\",\"potentialAction\":[{\"@type\":\"ReadAction\",\"target\":[\"https:\/\/www.nexoinformativo.mx\/index.php\/2024\/11\/01\/queretaro-y-canada-fortalecen-lazos-en-pro-de-la-sustentabilidad-y-la-inversion-inauguracion-del-canadian-manufacturing-day\/\"]}]},{\"@type\":\"ImageObject\",\"inLanguage\":\"es\",\"@id\":\"https:\/\/www.nexoinformativo.mx\/index.php\/2024\/11\/01\/queretaro-y-canada-fortalecen-lazos-en-pro-de-la-sustentabilidad-y-la-inversion-inauguracion-del-canadian-manufacturing-day\/#primaryimage\",\"url\":\"https:\/\/www.nexoinformativo.mx\/wp-content\/uploads\/2024\/11\/IMG_7402-e1730494670784.jpg\",\"contentUrl\":\"https:\/\/www.nexoinformativo.mx\/wp-content\/uploads\/2024\/11\/IMG_7402-e1730494670784.jpg\",\"width\":700,\"height\":468,\"caption\":\"Screenshot\"},{\"@type\":\"BreadcrumbList\",\"@id\":\"https:\/\/www.nexoinformativo.mx\/index.php\/2024\/11\/01\/queretaro-y-canada-fortalecen-lazos-en-pro-de-la-sustentabilidad-y-la-inversion-inauguracion-del-canadian-manufacturing-day\/#breadcrumb\",\"itemListElement\":[{\"@type\":\"ListItem\",\"position\":1,\"name\":\"Inicio\",\"item\":\"https:\/\/www.nexoinformativo.mx\/\"},{\"@type\":\"ListItem\",\"position\":2,\"name\":\"Quer\u00e9taro y Canad\u00e1 fortalecen lazos en pro de la sustentabilidad y la inversi\u00f3n. Inauguraci\u00f3n del Canadian Manufacturing Day\"}]},{\"@type\":\"WebSite\",\"@id\":\"https:\/\/www.nexoinformativo.mx\/#website\",\"url\":\"https:\/\/www.nexoinformativo.mx\/\",\"name\":\"Nexo Informativo Santiago de Quer\u00e9taro\",\"description\":\"Explora NexoInformativo y convi\u00e9rtete en parte de una comunidad que valora el conocimiento y la verdad. Tu nexoinformativo es tu puente hacia una comprensi\u00f3n m\u00e1s profunda del mundo que te rodea.\",\"publisher\":{\"@id\":\"https:\/\/www.nexoinformativo.mx\/#organization\"},\"potentialAction\":[{\"@type\":\"SearchAction\",\"target\":{\"@type\":\"EntryPoint\",\"urlTemplate\":\"https:\/\/www.nexoinformativo.mx\/?s={search_term_string}\"},\"query-input\":{\"@type\":\"PropertyValueSpecification\",\"valueRequired\":true,\"valueName\":\"search_term_string\"}}],\"inLanguage\":\"es\"},{\"@type\":\"Organization\",\"@id\":\"https:\/\/www.nexoinformativo.mx\/#organization\",\"name\":\"Nexo Informativo Santiago de Quer\u00e9taro\",\"url\":\"https:\/\/www.nexoinformativo.mx\/\",\"logo\":{\"@type\":\"ImageObject\",\"inLanguage\":\"es\",\"@id\":\"https:\/\/www.nexoinformativo.mx\/#\/schema\/logo\/image\/\",\"url\":\"https:\/\/www.nexoinformativo.mx\/wp-content\/uploads\/2024\/07\/nexoi-trasparente-2.png\",\"contentUrl\":\"https:\/\/www.nexoinformativo.mx\/wp-content\/uploads\/2024\/07\/nexoi-trasparente-2.png\",\"width\":816,\"height\":339,\"caption\":\"Nexo Informativo Santiago de Quer\u00e9taro\"},\"image\":{\"@id\":\"https:\/\/www.nexoinformativo.mx\/#\/schema\/logo\/image\/\"},\"sameAs\":[\"https:\/\/www.facebook.com\/people\/Nexo-Informativo\/61564066885511\/\"]},{\"@type\":\"Person\",\"@id\":\"https:\/\/www.nexoinformativo.mx\/#\/schema\/person\/7749d380ba08c8ca00d7bc76fd907b7d\",\"name\":\"Nexo Informativo\",\"image\":{\"@type\":\"ImageObject\",\"inLanguage\":\"es\",\"@id\":\"https:\/\/www.nexoinformativo.mx\/#\/schema\/person\/image\/\",\"url\":\"https:\/\/secure.gravatar.com\/avatar\/dde2928154642a13d95f87ddf1ea9718fe2b46760a005c53e41ff5ad610704e6?s=96&d=mm&r=g\",\"contentUrl\":\"https:\/\/secure.gravatar.com\/avatar\/dde2928154642a13d95f87ddf1ea9718fe2b46760a005c53e41ff5ad610704e6?s=96&d=mm&r=g\",\"caption\":\"Nexo Informativo\"},\"url\":\"https:\/\/www.nexoinformativo.mx\/index.php\/author\/edicion\/\"}]}<\/script>\n<!-- \/ Yoast SEO plugin. -->","yoast_head_json":{"title":"Quer\u00e9taro y Canad\u00e1 fortalecen lazos en pro de la sustentabilidad y la inversi\u00f3n. Inauguraci\u00f3n del Canadian Manufacturing Day | Nexo Informativo Santiago de Quer\u00e9taro","description":"Quer\u00e9taro y Canad\u00e1 fortalecen lazos en pro de la sustentabilidad y la inversi\u00f3n. Inauguraci\u00f3n del Canadian Manufacturing Day","robots":{"index":"index","follow":"follow","max-snippet":"max-snippet:-1","max-image-preview":"max-image-preview:large","max-video-preview":"max-video-preview:-1"},"canonical":"https:\/\/www.nexoinformativo.mx\/index.php\/2024\/11\/01\/queretaro-y-canada-fortalecen-lazos-en-pro-de-la-sustentabilidad-y-la-inversion-inauguracion-del-canadian-manufacturing-day\/","og_locale":"es_MX","og_type":"article","og_title":"Quer\u00e9taro y Canad\u00e1 fortalecen lazos en pro de la sustentabilidad y la inversi\u00f3n. Inauguraci\u00f3n del Canadian Manufacturing Day | Nexo Informativo Santiago de Quer\u00e9taro","og_description":"Quer\u00e9taro y Canad\u00e1 fortalecen lazos en pro de la sustentabilidad y la inversi\u00f3n. Inauguraci\u00f3n del Canadian Manufacturing Day","og_url":"https:\/\/www.nexoinformativo.mx\/index.php\/2024\/11\/01\/queretaro-y-canada-fortalecen-lazos-en-pro-de-la-sustentabilidad-y-la-inversion-inauguracion-del-canadian-manufacturing-day\/","og_site_name":"Nexo Informativo Santiago de Quer\u00e9taro","article_publisher":"https:\/\/www.facebook.com\/people\/Nexo-Informativo\/61564066885511\/","article_published_time":"2024-11-01T20:30:11+00:00","article_modified_time":"2024-11-01T21:01:03+00:00","og_image":[{"width":700,"height":468,"url":"https:\/\/www.nexoinformativo.mx\/wp-content\/uploads\/2024\/11\/IMG_7402-e1730494670784.jpg","type":"image\/jpeg"}],"author":"Nexo Informativo","twitter_card":"summary_large_image","twitter_misc":{"Escrito por":"Nexo Informativo","Tiempo de lectura":"2 minutos"},"schema":{"@context":"https:\/\/schema.org","@graph":[{"@type":"Article","@id":"https:\/\/www.nexoinformativo.mx\/index.php\/2024\/11\/01\/queretaro-y-canada-fortalecen-lazos-en-pro-de-la-sustentabilidad-y-la-inversion-inauguracion-del-canadian-manufacturing-day\/#article","isPartOf":{"@id":"https:\/\/www.nexoinformativo.mx\/index.php\/2024\/11\/01\/queretaro-y-canada-fortalecen-lazos-en-pro-de-la-sustentabilidad-y-la-inversion-inauguracion-del-canadian-manufacturing-day\/"},"author":{"name":"Nexo Informativo","@id":"https:\/\/www.nexoinformativo.mx\/#\/schema\/person\/7749d380ba08c8ca00d7bc76fd907b7d"},"headline":"Quer\u00e9taro y Canad\u00e1 fortalecen lazos en pro de la sustentabilidad y la inversi\u00f3n. Inauguraci\u00f3n del Canadian Manufacturing Day","datePublished":"2024-11-01T20:30:11+00:00","dateModified":"2024-11-01T21:01:03+00:00","mainEntityOfPage":{"@id":"https:\/\/www.nexoinformativo.mx\/index.php\/2024\/11\/01\/queretaro-y-canada-fortalecen-lazos-en-pro-de-la-sustentabilidad-y-la-inversion-inauguracion-del-canadian-manufacturing-day\/"},"wordCount":352,"commentCount":0,"publisher":{"@id":"https:\/\/www.nexoinformativo.mx\/#organization"},"image":{"@id":"https:\/\/www.nexoinformativo.mx\/index.php\/2024\/11\/01\/queretaro-y-canada-fortalecen-lazos-en-pro-de-la-sustentabilidad-y-la-inversion-inauguracion-del-canadian-manufacturing-day\/#primaryimage"},"thumbnailUrl":"https:\/\/www.nexoinformativo.mx\/wp-content\/uploads\/2024\/11\/IMG_7402-e1730494670784.jpg","keywords":["Canad\u00e1","Inversi\u00f3nExtranjera","ManufacturingDay","Quer\u00e9taro","Sostenibilidad"],"articleSection":["Econom\u00eda","Estado","\u00daltima Hora"],"inLanguage":"es","potentialAction":[{"@type":"CommentAction","name":"Comment","target":["https:\/\/www.nexoinformativo.mx\/index.php\/2024\/11\/01\/queretaro-y-canada-fortalecen-lazos-en-pro-de-la-sustentabilidad-y-la-inversion-inauguracion-del-canadian-manufacturing-day\/#respond"]}]},{"@type":"WebPage","@id":"https:\/\/www.nexoinformativo.mx\/index.php\/2024\/11\/01\/queretaro-y-canada-fortalecen-lazos-en-pro-de-la-sustentabilidad-y-la-inversion-inauguracion-del-canadian-manufacturing-day\/","url":"https:\/\/www.nexoinformativo.mx\/index.php\/2024\/11\/01\/queretaro-y-canada-fortalecen-lazos-en-pro-de-la-sustentabilidad-y-la-inversion-inauguracion-del-canadian-manufacturing-day\/","name":"Quer\u00e9taro y Canad\u00e1 fortalecen lazos en pro de la sustentabilidad y la inversi\u00f3n. Inauguraci\u00f3n del Canadian Manufacturing Day | Nexo Informativo Santiago de Quer\u00e9taro","isPartOf":{"@id":"https:\/\/www.nexoinformativo.mx\/#website"},"primaryImageOfPage":{"@id":"https:\/\/www.nexoinformativo.mx\/index.php\/2024\/11\/01\/queretaro-y-canada-fortalecen-lazos-en-pro-de-la-sustentabilidad-y-la-inversion-inauguracion-del-canadian-manufacturing-day\/#primaryimage"},"image":{"@id":"https:\/\/www.nexoinformativo.mx\/index.php\/2024\/11\/01\/queretaro-y-canada-fortalecen-lazos-en-pro-de-la-sustentabilidad-y-la-inversion-inauguracion-del-canadian-manufacturing-day\/#primaryimage"},"thumbnailUrl":"https:\/\/www.nexoinformativo.mx\/wp-content\/uploads\/2024\/11\/IMG_7402-e1730494670784.jpg","datePublished":"2024-11-01T20:30:11+00:00","dateModified":"2024-11-01T21:01:03+00:00","description":"Quer\u00e9taro y Canad\u00e1 fortalecen lazos en pro de la sustentabilidad y la inversi\u00f3n. Inauguraci\u00f3n del Canadian Manufacturing Day","breadcrumb":{"@id":"https:\/\/www.nexoinformativo.mx\/index.php\/2024\/11\/01\/queretaro-y-canada-fortalecen-lazos-en-pro-de-la-sustentabilidad-y-la-inversion-inauguracion-del-canadian-manufacturing-day\/#breadcrumb"},"inLanguage":"es","potentialAction":[{"@type":"ReadAction","target":["https:\/\/www.nexoinformativo.mx\/index.php\/2024\/11\/01\/queretaro-y-canada-fortalecen-lazos-en-pro-de-la-sustentabilidad-y-la-inversion-inauguracion-del-canadian-manufacturing-day\/"]}]},{"@type":"ImageObject","inLanguage":"es","@id":"https:\/\/www.nexoinformativo.mx\/index.php\/2024\/11\/01\/queretaro-y-canada-fortalecen-lazos-en-pro-de-la-sustentabilidad-y-la-inversion-inauguracion-del-canadian-manufacturing-day\/#primaryimage","url":"https:\/\/www.nexoinformativo.mx\/wp-content\/uploads\/2024\/11\/IMG_7402-e1730494670784.jpg","contentUrl":"https:\/\/www.nexoinformativo.mx\/wp-content\/uploads\/2024\/11\/IMG_7402-e1730494670784.jpg","width":700,"height":468,"caption":"Screenshot"},{"@type":"BreadcrumbList","@id":"https:\/\/www.nexoinformativo.mx\/index.php\/2024\/11\/01\/queretaro-y-canada-fortalecen-lazos-en-pro-de-la-sustentabilidad-y-la-inversion-inauguracion-del-canadian-manufacturing-day\/#breadcrumb","itemListElement":[{"@type":"ListItem","position":1,"name":"Inicio","item":"https:\/\/www.nexoinformativo.mx\/"},{"@type":"ListItem","position":2,"name":"Quer\u00e9taro y Canad\u00e1 fortalecen lazos en pro de la sustentabilidad y la inversi\u00f3n. Inauguraci\u00f3n del Canadian Manufacturing Day"}]},{"@type":"WebSite","@id":"https:\/\/www.nexoinformativo.mx\/#website","url":"https:\/\/www.nexoinformativo.mx\/","name":"Nexo Informativo Santiago de Quer\u00e9taro","description":"Explora NexoInformativo y convi\u00e9rtete en parte de una comunidad que valora el conocimiento y la verdad. Tu nexoinformativo es tu puente hacia una comprensi\u00f3n m\u00e1s profunda del mundo que te rodea.","publisher":{"@id":"https:\/\/www.nexoinformativo.mx\/#organization"},"potentialAction":[{"@type":"SearchAction","target":{"@type":"EntryPoint","urlTemplate":"https:\/\/www.nexoinformativo.mx\/?s={search_term_string}"},"query-input":{"@type":"PropertyValueSpecification","valueRequired":true,"valueName":"search_term_string"}}],"inLanguage":"es"},{"@type":"Organization","@id":"https:\/\/www.nexoinformativo.mx\/#organization","name":"Nexo Informativo Santiago de Quer\u00e9taro","url":"https:\/\/www.nexoinformativo.mx\/","logo":{"@type":"ImageObject","inLanguage":"es","@id":"https:\/\/www.nexoinformativo.mx\/#\/schema\/logo\/image\/","url":"https:\/\/www.nexoinformativo.mx\/wp-content\/uploads\/2024\/07\/nexoi-trasparente-2.png","contentUrl":"https:\/\/www.nexoinformativo.mx\/wp-content\/uploads\/2024\/07\/nexoi-trasparente-2.png","width":816,"height":339,"caption":"Nexo Informativo Santiago de Quer\u00e9taro"},"image":{"@id":"https:\/\/www.nexoinformativo.mx\/#\/schema\/logo\/image\/"},"sameAs":["https:\/\/www.facebook.com\/people\/Nexo-Informativo\/61564066885511\/"]},{"@type":"Person","@id":"https:\/\/www.nexoinformativo.mx\/#\/schema\/person\/7749d380ba08c8ca00d7bc76fd907b7d","name":"Nexo Informativo","image":{"@type":"ImageObject","inLanguage":"es","@id":"https:\/\/www.nexoinformativo.mx\/#\/schema\/person\/image\/","url":"https:\/\/secure.gravatar.com\/avatar\/dde2928154642a13d95f87ddf1ea9718fe2b46760a005c53e41ff5ad610704e6?s=96&d=mm&r=g","contentUrl":"https:\/\/secure.gravatar.com\/avatar\/dde2928154642a13d95f87ddf1ea9718fe2b46760a005c53e41ff5ad610704e6?s=96&d=mm&r=g","caption":"Nexo Informativo"},"url":"https:\/\/www.nexoinformativo.mx\/index.php\/author\/edicion\/"}]}},"_links":{"self":[{"href":"https:\/\/www.nexoinformativo.mx\/index.php\/wp-json\/wp\/v2\/posts\/5162","targetHints":{"allow":["GET"]}}],"collection":[{"href":"https:\/\/www.nexoinformativo.mx\/index.php\/wp-json\/wp\/v2\/posts"}],"about":[{"href":"https:\/\/www.nexoinformativo.mx\/index.php\/wp-json\/wp\/v2\/types\/post"}],"author":[{"embeddable":true,"href":"https:\/\/www.nexoinformativo.mx\/index.php\/wp-json\/wp\/v2\/users\/3"}],"replies":[{"embeddable":true,"href":"https:\/\/www.nexoinformativo.mx\/index.php\/wp-json\/wp\/v2\/comments?post=5162"}],"version-history":[{"count":3,"href":"https:\/\/www.nexoinformativo.mx\/index.php\/wp-json\/wp\/v2\/posts\/5162\/revisions"}],"predecessor-version":[{"id":5166,"href":"https:\/\/www.nexoinformativo.mx\/index.php\/wp-json\/wp\/v2\/posts\/5162\/revisions\/5166"}],"wp:featuredmedia":[{"embeddable":true,"href":"https:\/\/www.nexoinformativo.mx\/index.php\/wp-json\/wp\/v2\/media\/5163"}],"wp:attachment":[{"href":"https:\/\/www.nexoinformativo.mx\/index.php\/wp-json\/wp\/v2\/media?parent=5162"}],"wp:term":[{"taxonomy":"category","embeddable":true,"href":"https:\/\/www.nexoinformativo.mx\/index.php\/wp-json\/wp\/v2\/categories?post=5162"},{"taxonomy":"post_tag","embeddable":true,"href":"https:\/\/www.nexoinformativo.mx\/index.php\/wp-json\/wp\/v2\/tags?post=5162"}],"curies":[{"name":"wp","href":"https:\/\/api.w.org\/{rel}","templated":true}]}}