{"id":5167,"date":"2024-11-01T15:00:48","date_gmt":"2024-11-01T21:00:48","guid":{"rendered":"https:\/\/www.nexoinformativo.mx\/?p=5167"},"modified":"2024-11-01T15:23:44","modified_gmt":"2024-11-01T21:23:44","slug":"equilibrista-causa-revuelo-en-juriquilla-towers-tras-cruzar-entre-torres","status":"publish","type":"post","link":"https:\/\/www.nexoinformativo.mx\/index.php\/2024\/11\/01\/equilibrista-causa-revuelo-en-juriquilla-towers-tras-cruzar-entre-torres\/","title":{"rendered":"Equilibrista causa revuelo en Juriquilla Towers tras cruzar entre las torres"},"content":{"rendered":"<p style=\"text-align: justify;\" data-sourcepos=\"5:1-5:382\">Un video que circula en redes sociales ha generado gran revuelo entre los habitantes de Juriquilla, luego de que un presunto equilibrista fuera captado caminando por una cuerda floja entre las Torres. El hecho, que inicialmente caus\u00f3 alarma entre los vecinos, fue aclarado por las autoridades municipales como parte del rodaje de un cortometraje.<\/p>\n<p>&nbsp;<\/p>\n<p style=\"text-align: justify;\" data-sourcepos=\"7:1-7:286\">De acuerdo con las autoridades, la mesa directiva de Juriquilla Towers otorg\u00f3 los permisos necesarios para la realizaci\u00f3n de la grabaci\u00f3n. Sin embargo, algunos residentes se mostraron sorprendidos y preocupados por la situaci\u00f3n, lo que deriv\u00f3 en la intervenci\u00f3n de la Polic\u00eda Municipal.<\/p>\n<p>&nbsp;<\/p>\n<p style=\"text-align: justify;\" data-sourcepos=\"9:1-9:267\">Elementos de la Polic\u00eda Municipal arribaron al lugar para mediar entre los vecinos que estaban informados sobre el rodaje y aquellos que no. Finalmente, fue Protecci\u00f3n Civil quien se encarg\u00f3 de atender la situaci\u00f3n y garantizar la seguridad de todos los involucrados.<\/p>\n<p>&nbsp;<\/p>\n<p style=\"text-align: justify;\" data-sourcepos=\"11:1-11:162\">Francisco Ram\u00edrez, Coordinador de Protecci\u00f3n Civil, afirm\u00f3 que el evento fue privado y que se cont\u00f3 con todas las medidas de seguridad pertinentes, de acuerdo con los permisos otorgados.<\/p>\n<p>&nbsp;<\/p>\n<p style=\"text-align: justify;\" data-sourcepos=\"15:1-15:316\">El video del equilibrista cruzando entre las torres ha generado un intenso debate en redes sociales. Mientras algunos usuarios han aplaudido la haza\u00f1a del artista y la belleza de las im\u00e1genes, otros han expresado su preocupaci\u00f3n por la seguridad y el impacto visual que este tipo de eventos puede tener en la ciudad.<\/p>\n<p>&nbsp;<\/p>\n<p style=\"text-align: center;\" data-sourcepos=\"15:1-15:316\"><em><strong>\u00a1Informaci\u00f3n que transforma!<\/strong><\/em><\/p>\n","protected":false},"excerpt":{"rendered":"<p>Un video que circula en redes sociales ha generado gran revuelo entre los habitantes de Juriquilla, luego de que un presunto equilibrista fuera captado caminando por una cuerda floja entre las Torres.<\/p>\n","protected":false},"author":3,"featured_media":5168,"comment_status":"open","ping_status":"open","sticky":false,"template":"","format":"standard","meta":{"footnotes":""},"categories":[137,58],"tags":[1823,1822,133,1824],"class_list":["post-5167","post","type-post","status-publish","format-standard","has-post-thumbnail","hentry","category-sucesos","category-ultima-hora","tag-equilibrista","tag-juriquilla","tag-queretaro","tag-viral"],"yoast_head":"<!-- This site is optimized with the Yoast SEO plugin v25.0 - https:\/\/yoast.com\/wordpress\/plugins\/seo\/ -->\n<title>Equilibrista causa revuelo en Juriquilla Towers tras cruzar entre las torres | Nexo Informativo Santiago de Quer\u00e9taro<\/title>\n<meta name=\"description\" content=\"Equilibrista causa revuelo en Juriquilla Towers tras cruzar entre torres\" \/>\n<meta name=\"robots\" content=\"index, follow, max-snippet:-1, max-image-preview:large, max-video-preview:-1\" \/>\n<link rel=\"canonical\" href=\"https:\/\/www.nexoinformativo.mx\/index.php\/2024\/11\/01\/equilibrista-causa-revuelo-en-juriquilla-towers-tras-cruzar-entre-torres\/\" \/>\n<meta property=\"og:locale\" content=\"es_MX\" \/>\n<meta property=\"og:type\" content=\"article\" \/>\n<meta property=\"og:title\" content=\"Equilibrista causa revuelo en Juriquilla Towers tras cruzar entre las torres | Nexo Informativo Santiago de Quer\u00e9taro\" \/>\n<meta property=\"og:description\" content=\"Equilibrista causa revuelo en Juriquilla Towers tras cruzar entre torres\" \/>\n<meta property=\"og:url\" content=\"https:\/\/www.nexoinformativo.mx\/index.php\/2024\/11\/01\/equilibrista-causa-revuelo-en-juriquilla-towers-tras-cruzar-entre-torres\/\" \/>\n<meta property=\"og:site_name\" content=\"Nexo Informativo Santiago de Quer\u00e9taro\" \/>\n<meta property=\"article:publisher\" content=\"https:\/\/www.facebook.com\/people\/Nexo-Informativo\/61564066885511\/\" \/>\n<meta property=\"article:published_time\" content=\"2024-11-01T21:00:48+00:00\" \/>\n<meta property=\"article:modified_time\" content=\"2024-11-01T21:23:44+00:00\" \/>\n<meta property=\"og:image\" content=\"https:\/\/www.nexoinformativo.mx\/wp-content\/uploads\/2024\/11\/PHOTO-2024-11-01-15-02-50-e1730496121457.jpg\" \/>\n\t<meta property=\"og:image:width\" content=\"600\" \/>\n\t<meta property=\"og:image:height\" content=\"1049\" \/>\n\t<meta property=\"og:image:type\" content=\"image\/jpeg\" \/>\n<meta name=\"author\" content=\"Nexo Informativo\" \/>\n<meta name=\"twitter:card\" content=\"summary_large_image\" \/>\n<meta name=\"twitter:label1\" content=\"Escrito por\" \/>\n\t<meta name=\"twitter:data1\" content=\"Nexo Informativo\" \/>\n\t<meta name=\"twitter:label2\" content=\"Tiempo de lectura\" \/>\n\t<meta name=\"twitter:data2\" content=\"2 minutos\" \/>\n<script type=\"application\/ld+json\" class=\"yoast-schema-graph\">{\"@context\":\"https:\/\/schema.org\",\"@graph\":[{\"@type\":\"Article\",\"@id\":\"https:\/\/www.nexoinformativo.mx\/index.php\/2024\/11\/01\/equilibrista-causa-revuelo-en-juriquilla-towers-tras-cruzar-entre-torres\/#article\",\"isPartOf\":{\"@id\":\"https:\/\/www.nexoinformativo.mx\/index.php\/2024\/11\/01\/equilibrista-causa-revuelo-en-juriquilla-towers-tras-cruzar-entre-torres\/\"},\"author\":{\"name\":\"Nexo Informativo\",\"@id\":\"https:\/\/www.nexoinformativo.mx\/#\/schema\/person\/7749d380ba08c8ca00d7bc76fd907b7d\"},\"headline\":\"Equilibrista causa revuelo en Juriquilla Towers tras cruzar entre las torres\",\"datePublished\":\"2024-11-01T21:00:48+00:00\",\"dateModified\":\"2024-11-01T21:23:44+00:00\",\"mainEntityOfPage\":{\"@id\":\"https:\/\/www.nexoinformativo.mx\/index.php\/2024\/11\/01\/equilibrista-causa-revuelo-en-juriquilla-towers-tras-cruzar-entre-torres\/\"},\"wordCount\":254,\"commentCount\":0,\"publisher\":{\"@id\":\"https:\/\/www.nexoinformativo.mx\/#organization\"},\"image\":{\"@id\":\"https:\/\/www.nexoinformativo.mx\/index.php\/2024\/11\/01\/equilibrista-causa-revuelo-en-juriquilla-towers-tras-cruzar-entre-torres\/#primaryimage\"},\"thumbnailUrl\":\"https:\/\/www.nexoinformativo.mx\/wp-content\/uploads\/2024\/11\/PHOTO-2024-11-01-15-02-50-e1730496121457.jpg\",\"keywords\":[\"Equilibrista\",\"Juriquilla\",\"Quer\u00e9taro\",\"Viral\"],\"articleSection\":[\"Sucesos\",\"\u00daltima Hora\"],\"inLanguage\":\"es\",\"potentialAction\":[{\"@type\":\"CommentAction\",\"name\":\"Comment\",\"target\":[\"https:\/\/www.nexoinformativo.mx\/index.php\/2024\/11\/01\/equilibrista-causa-revuelo-en-juriquilla-towers-tras-cruzar-entre-torres\/#respond\"]}]},{\"@type\":\"WebPage\",\"@id\":\"https:\/\/www.nexoinformativo.mx\/index.php\/2024\/11\/01\/equilibrista-causa-revuelo-en-juriquilla-towers-tras-cruzar-entre-torres\/\",\"url\":\"https:\/\/www.nexoinformativo.mx\/index.php\/2024\/11\/01\/equilibrista-causa-revuelo-en-juriquilla-towers-tras-cruzar-entre-torres\/\",\"name\":\"Equilibrista causa revuelo en Juriquilla Towers tras cruzar entre las torres | Nexo Informativo Santiago de Quer\u00e9taro\",\"isPartOf\":{\"@id\":\"https:\/\/www.nexoinformativo.mx\/#website\"},\"primaryImageOfPage\":{\"@id\":\"https:\/\/www.nexoinformativo.mx\/index.php\/2024\/11\/01\/equilibrista-causa-revuelo-en-juriquilla-towers-tras-cruzar-entre-torres\/#primaryimage\"},\"image\":{\"@id\":\"https:\/\/www.nexoinformativo.mx\/index.php\/2024\/11\/01\/equilibrista-causa-revuelo-en-juriquilla-towers-tras-cruzar-entre-torres\/#primaryimage\"},\"thumbnailUrl\":\"https:\/\/www.nexoinformativo.mx\/wp-content\/uploads\/2024\/11\/PHOTO-2024-11-01-15-02-50-e1730496121457.jpg\",\"datePublished\":\"2024-11-01T21:00:48+00:00\",\"dateModified\":\"2024-11-01T21:23:44+00:00\",\"description\":\"Equilibrista causa revuelo en Juriquilla Towers tras cruzar entre torres\",\"breadcrumb\":{\"@id\":\"https:\/\/www.nexoinformativo.mx\/index.php\/2024\/11\/01\/equilibrista-causa-revuelo-en-juriquilla-towers-tras-cruzar-entre-torres\/#breadcrumb\"},\"inLanguage\":\"es\",\"potentialAction\":[{\"@type\":\"ReadAction\",\"target\":[\"https:\/\/www.nexoinformativo.mx\/index.php\/2024\/11\/01\/equilibrista-causa-revuelo-en-juriquilla-towers-tras-cruzar-entre-torres\/\"]}]},{\"@type\":\"ImageObject\",\"inLanguage\":\"es\",\"@id\":\"https:\/\/www.nexoinformativo.mx\/index.php\/2024\/11\/01\/equilibrista-causa-revuelo-en-juriquilla-towers-tras-cruzar-entre-torres\/#primaryimage\",\"url\":\"https:\/\/www.nexoinformativo.mx\/wp-content\/uploads\/2024\/11\/PHOTO-2024-11-01-15-02-50-e1730496121457.jpg\",\"contentUrl\":\"https:\/\/www.nexoinformativo.mx\/wp-content\/uploads\/2024\/11\/PHOTO-2024-11-01-15-02-50-e1730496121457.jpg\",\"width\":600,\"height\":1049},{\"@type\":\"BreadcrumbList\",\"@id\":\"https:\/\/www.nexoinformativo.mx\/index.php\/2024\/11\/01\/equilibrista-causa-revuelo-en-juriquilla-towers-tras-cruzar-entre-torres\/#breadcrumb\",\"itemListElement\":[{\"@type\":\"ListItem\",\"position\":1,\"name\":\"Inicio\",\"item\":\"https:\/\/www.nexoinformativo.mx\/\"},{\"@type\":\"ListItem\",\"position\":2,\"name\":\"Equilibrista causa revuelo en Juriquilla Towers tras cruzar entre las torres\"}]},{\"@type\":\"WebSite\",\"@id\":\"https:\/\/www.nexoinformativo.mx\/#website\",\"url\":\"https:\/\/www.nexoinformativo.mx\/\",\"name\":\"Nexo Informativo Santiago de Quer\u00e9taro\",\"description\":\"Explora NexoInformativo y convi\u00e9rtete en parte de una comunidad que valora el conocimiento y la verdad. Tu nexoinformativo es tu puente hacia una comprensi\u00f3n m\u00e1s profunda del mundo que te rodea.\",\"publisher\":{\"@id\":\"https:\/\/www.nexoinformativo.mx\/#organization\"},\"potentialAction\":[{\"@type\":\"SearchAction\",\"target\":{\"@type\":\"EntryPoint\",\"urlTemplate\":\"https:\/\/www.nexoinformativo.mx\/?s={search_term_string}\"},\"query-input\":{\"@type\":\"PropertyValueSpecification\",\"valueRequired\":true,\"valueName\":\"search_term_string\"}}],\"inLanguage\":\"es\"},{\"@type\":\"Organization\",\"@id\":\"https:\/\/www.nexoinformativo.mx\/#organization\",\"name\":\"Nexo Informativo Santiago de Quer\u00e9taro\",\"url\":\"https:\/\/www.nexoinformativo.mx\/\",\"logo\":{\"@type\":\"ImageObject\",\"inLanguage\":\"es\",\"@id\":\"https:\/\/www.nexoinformativo.mx\/#\/schema\/logo\/image\/\",\"url\":\"https:\/\/www.nexoinformativo.mx\/wp-content\/uploads\/2024\/07\/nexoi-trasparente-2.png\",\"contentUrl\":\"https:\/\/www.nexoinformativo.mx\/wp-content\/uploads\/2024\/07\/nexoi-trasparente-2.png\",\"width\":816,\"height\":339,\"caption\":\"Nexo Informativo Santiago de Quer\u00e9taro\"},\"image\":{\"@id\":\"https:\/\/www.nexoinformativo.mx\/#\/schema\/logo\/image\/\"},\"sameAs\":[\"https:\/\/www.facebook.com\/people\/Nexo-Informativo\/61564066885511\/\"]},{\"@type\":\"Person\",\"@id\":\"https:\/\/www.nexoinformativo.mx\/#\/schema\/person\/7749d380ba08c8ca00d7bc76fd907b7d\",\"name\":\"Nexo Informativo\",\"image\":{\"@type\":\"ImageObject\",\"inLanguage\":\"es\",\"@id\":\"https:\/\/www.nexoinformativo.mx\/#\/schema\/person\/image\/\",\"url\":\"https:\/\/secure.gravatar.com\/avatar\/dde2928154642a13d95f87ddf1ea9718fe2b46760a005c53e41ff5ad610704e6?s=96&d=mm&r=g\",\"contentUrl\":\"https:\/\/secure.gravatar.com\/avatar\/dde2928154642a13d95f87ddf1ea9718fe2b46760a005c53e41ff5ad610704e6?s=96&d=mm&r=g\",\"caption\":\"Nexo Informativo\"},\"url\":\"https:\/\/www.nexoinformativo.mx\/index.php\/author\/edicion\/\"}]}<\/script>\n<!-- \/ Yoast SEO plugin. -->","yoast_head_json":{"title":"Equilibrista causa revuelo en Juriquilla Towers tras cruzar entre las torres | Nexo Informativo Santiago de Quer\u00e9taro","description":"Equilibrista causa revuelo en Juriquilla Towers tras cruzar entre torres","robots":{"index":"index","follow":"follow","max-snippet":"max-snippet:-1","max-image-preview":"max-image-preview:large","max-video-preview":"max-video-preview:-1"},"canonical":"https:\/\/www.nexoinformativo.mx\/index.php\/2024\/11\/01\/equilibrista-causa-revuelo-en-juriquilla-towers-tras-cruzar-entre-torres\/","og_locale":"es_MX","og_type":"article","og_title":"Equilibrista causa revuelo en Juriquilla Towers tras cruzar entre las torres | Nexo Informativo Santiago de Quer\u00e9taro","og_description":"Equilibrista causa revuelo en Juriquilla Towers tras cruzar entre torres","og_url":"https:\/\/www.nexoinformativo.mx\/index.php\/2024\/11\/01\/equilibrista-causa-revuelo-en-juriquilla-towers-tras-cruzar-entre-torres\/","og_site_name":"Nexo Informativo Santiago de Quer\u00e9taro","article_publisher":"https:\/\/www.facebook.com\/people\/Nexo-Informativo\/61564066885511\/","article_published_time":"2024-11-01T21:00:48+00:00","article_modified_time":"2024-11-01T21:23:44+00:00","og_image":[{"width":600,"height":1049,"url":"https:\/\/www.nexoinformativo.mx\/wp-content\/uploads\/2024\/11\/PHOTO-2024-11-01-15-02-50-e1730496121457.jpg","type":"image\/jpeg"}],"author":"Nexo Informativo","twitter_card":"summary_large_image","twitter_misc":{"Escrito por":"Nexo Informativo","Tiempo de lectura":"2 minutos"},"schema":{"@context":"https:\/\/schema.org","@graph":[{"@type":"Article","@id":"https:\/\/www.nexoinformativo.mx\/index.php\/2024\/11\/01\/equilibrista-causa-revuelo-en-juriquilla-towers-tras-cruzar-entre-torres\/#article","isPartOf":{"@id":"https:\/\/www.nexoinformativo.mx\/index.php\/2024\/11\/01\/equilibrista-causa-revuelo-en-juriquilla-towers-tras-cruzar-entre-torres\/"},"author":{"name":"Nexo Informativo","@id":"https:\/\/www.nexoinformativo.mx\/#\/schema\/person\/7749d380ba08c8ca00d7bc76fd907b7d"},"headline":"Equilibrista causa revuelo en Juriquilla Towers tras cruzar entre las torres","datePublished":"2024-11-01T21:00:48+00:00","dateModified":"2024-11-01T21:23:44+00:00","mainEntityOfPage":{"@id":"https:\/\/www.nexoinformativo.mx\/index.php\/2024\/11\/01\/equilibrista-causa-revuelo-en-juriquilla-towers-tras-cruzar-entre-torres\/"},"wordCount":254,"commentCount":0,"publisher":{"@id":"https:\/\/www.nexoinformativo.mx\/#organization"},"image":{"@id":"https:\/\/www.nexoinformativo.mx\/index.php\/2024\/11\/01\/equilibrista-causa-revuelo-en-juriquilla-towers-tras-cruzar-entre-torres\/#primaryimage"},"thumbnailUrl":"https:\/\/www.nexoinformativo.mx\/wp-content\/uploads\/2024\/11\/PHOTO-2024-11-01-15-02-50-e1730496121457.jpg","keywords":["Equilibrista","Juriquilla","Quer\u00e9taro","Viral"],"articleSection":["Sucesos","\u00daltima Hora"],"inLanguage":"es","potentialAction":[{"@type":"CommentAction","name":"Comment","target":["https:\/\/www.nexoinformativo.mx\/index.php\/2024\/11\/01\/equilibrista-causa-revuelo-en-juriquilla-towers-tras-cruzar-entre-torres\/#respond"]}]},{"@type":"WebPage","@id":"https:\/\/www.nexoinformativo.mx\/index.php\/2024\/11\/01\/equilibrista-causa-revuelo-en-juriquilla-towers-tras-cruzar-entre-torres\/","url":"https:\/\/www.nexoinformativo.mx\/index.php\/2024\/11\/01\/equilibrista-causa-revuelo-en-juriquilla-towers-tras-cruzar-entre-torres\/","name":"Equilibrista causa revuelo en Juriquilla Towers tras cruzar entre las torres | Nexo Informativo Santiago de Quer\u00e9taro","isPartOf":{"@id":"https:\/\/www.nexoinformativo.mx\/#website"},"primaryImageOfPage":{"@id":"https:\/\/www.nexoinformativo.mx\/index.php\/2024\/11\/01\/equilibrista-causa-revuelo-en-juriquilla-towers-tras-cruzar-entre-torres\/#primaryimage"},"image":{"@id":"https:\/\/www.nexoinformativo.mx\/index.php\/2024\/11\/01\/equilibrista-causa-revuelo-en-juriquilla-towers-tras-cruzar-entre-torres\/#primaryimage"},"thumbnailUrl":"https:\/\/www.nexoinformativo.mx\/wp-content\/uploads\/2024\/11\/PHOTO-2024-11-01-15-02-50-e1730496121457.jpg","datePublished":"2024-11-01T21:00:48+00:00","dateModified":"2024-11-01T21:23:44+00:00","description":"Equilibrista causa revuelo en Juriquilla Towers tras cruzar entre torres","breadcrumb":{"@id":"https:\/\/www.nexoinformativo.mx\/index.php\/2024\/11\/01\/equilibrista-causa-revuelo-en-juriquilla-towers-tras-cruzar-entre-torres\/#breadcrumb"},"inLanguage":"es","potentialAction":[{"@type":"ReadAction","target":["https:\/\/www.nexoinformativo.mx\/index.php\/2024\/11\/01\/equilibrista-causa-revuelo-en-juriquilla-towers-tras-cruzar-entre-torres\/"]}]},{"@type":"ImageObject","inLanguage":"es","@id":"https:\/\/www.nexoinformativo.mx\/index.php\/2024\/11\/01\/equilibrista-causa-revuelo-en-juriquilla-towers-tras-cruzar-entre-torres\/#primaryimage","url":"https:\/\/www.nexoinformativo.mx\/wp-content\/uploads\/2024\/11\/PHOTO-2024-11-01-15-02-50-e1730496121457.jpg","contentUrl":"https:\/\/www.nexoinformativo.mx\/wp-content\/uploads\/2024\/11\/PHOTO-2024-11-01-15-02-50-e1730496121457.jpg","width":600,"height":1049},{"@type":"BreadcrumbList","@id":"https:\/\/www.nexoinformativo.mx\/index.php\/2024\/11\/01\/equilibrista-causa-revuelo-en-juriquilla-towers-tras-cruzar-entre-torres\/#breadcrumb","itemListElement":[{"@type":"ListItem","position":1,"name":"Inicio","item":"https:\/\/www.nexoinformativo.mx\/"},{"@type":"ListItem","position":2,"name":"Equilibrista causa revuelo en Juriquilla Towers tras cruzar entre las torres"}]},{"@type":"WebSite","@id":"https:\/\/www.nexoinformativo.mx\/#website","url":"https:\/\/www.nexoinformativo.mx\/","name":"Nexo Informativo Santiago de Quer\u00e9taro","description":"Explora NexoInformativo y convi\u00e9rtete en parte de una comunidad que valora el conocimiento y la verdad. Tu nexoinformativo es tu puente hacia una comprensi\u00f3n m\u00e1s profunda del mundo que te rodea.","publisher":{"@id":"https:\/\/www.nexoinformativo.mx\/#organization"},"potentialAction":[{"@type":"SearchAction","target":{"@type":"EntryPoint","urlTemplate":"https:\/\/www.nexoinformativo.mx\/?s={search_term_string}"},"query-input":{"@type":"PropertyValueSpecification","valueRequired":true,"valueName":"search_term_string"}}],"inLanguage":"es"},{"@type":"Organization","@id":"https:\/\/www.nexoinformativo.mx\/#organization","name":"Nexo Informativo Santiago de Quer\u00e9taro","url":"https:\/\/www.nexoinformativo.mx\/","logo":{"@type":"ImageObject","inLanguage":"es","@id":"https:\/\/www.nexoinformativo.mx\/#\/schema\/logo\/image\/","url":"https:\/\/www.nexoinformativo.mx\/wp-content\/uploads\/2024\/07\/nexoi-trasparente-2.png","contentUrl":"https:\/\/www.nexoinformativo.mx\/wp-content\/uploads\/2024\/07\/nexoi-trasparente-2.png","width":816,"height":339,"caption":"Nexo Informativo Santiago de Quer\u00e9taro"},"image":{"@id":"https:\/\/www.nexoinformativo.mx\/#\/schema\/logo\/image\/"},"sameAs":["https:\/\/www.facebook.com\/people\/Nexo-Informativo\/61564066885511\/"]},{"@type":"Person","@id":"https:\/\/www.nexoinformativo.mx\/#\/schema\/person\/7749d380ba08c8ca00d7bc76fd907b7d","name":"Nexo Informativo","image":{"@type":"ImageObject","inLanguage":"es","@id":"https:\/\/www.nexoinformativo.mx\/#\/schema\/person\/image\/","url":"https:\/\/secure.gravatar.com\/avatar\/dde2928154642a13d95f87ddf1ea9718fe2b46760a005c53e41ff5ad610704e6?s=96&d=mm&r=g","contentUrl":"https:\/\/secure.gravatar.com\/avatar\/dde2928154642a13d95f87ddf1ea9718fe2b46760a005c53e41ff5ad610704e6?s=96&d=mm&r=g","caption":"Nexo Informativo"},"url":"https:\/\/www.nexoinformativo.mx\/index.php\/author\/edicion\/"}]}},"_links":{"self":[{"href":"https:\/\/www.nexoinformativo.mx\/index.php\/wp-json\/wp\/v2\/posts\/5167","targetHints":{"allow":["GET"]}}],"collection":[{"href":"https:\/\/www.nexoinformativo.mx\/index.php\/wp-json\/wp\/v2\/posts"}],"about":[{"href":"https:\/\/www.nexoinformativo.mx\/index.php\/wp-json\/wp\/v2\/types\/post"}],"author":[{"embeddable":true,"href":"https:\/\/www.nexoinformativo.mx\/index.php\/wp-json\/wp\/v2\/users\/3"}],"replies":[{"embeddable":true,"href":"https:\/\/www.nexoinformativo.mx\/index.php\/wp-json\/wp\/v2\/comments?post=5167"}],"version-history":[{"count":4,"href":"https:\/\/www.nexoinformativo.mx\/index.php\/wp-json\/wp\/v2\/posts\/5167\/revisions"}],"predecessor-version":[{"id":5172,"href":"https:\/\/www.nexoinformativo.mx\/index.php\/wp-json\/wp\/v2\/posts\/5167\/revisions\/5172"}],"wp:featuredmedia":[{"embeddable":true,"href":"https:\/\/www.nexoinformativo.mx\/index.php\/wp-json\/wp\/v2\/media\/5168"}],"wp:attachment":[{"href":"https:\/\/www.nexoinformativo.mx\/index.php\/wp-json\/wp\/v2\/media?parent=5167"}],"wp:term":[{"taxonomy":"category","embeddable":true,"href":"https:\/\/www.nexoinformativo.mx\/index.php\/wp-json\/wp\/v2\/categories?post=5167"},{"taxonomy":"post_tag","embeddable":true,"href":"https:\/\/www.nexoinformativo.mx\/index.php\/wp-json\/wp\/v2\/tags?post=5167"}],"curies":[{"name":"wp","href":"https:\/\/api.w.org\/{rel}","templated":true}]}}