{"id":5187,"date":"2024-11-03T09:00:34","date_gmt":"2024-11-03T15:00:34","guid":{"rendered":"https:\/\/www.nexoinformativo.mx\/?p=5187"},"modified":"2024-11-03T10:24:56","modified_gmt":"2024-11-03T16:24:56","slug":"felifer-macias-queretaro-invierte-3-8-mdp-en-mejorar-escuelas-de-santa-rosa-jauregui","status":"publish","type":"post","link":"https:\/\/www.nexoinformativo.mx\/index.php\/2024\/11\/03\/felifer-macias-queretaro-invierte-3-8-mdp-en-mejorar-escuelas-de-santa-rosa-jauregui\/","title":{"rendered":"Felifer Mac\u00edas: Quer\u00e9taro invierte 3.8 mdp en mejorar escuelas de Santa Rosa J\u00e1uregui\u00a0"},"content":{"rendered":"<p style=\"text-align: justify;\" data-sourcepos=\"5:1-5:314\">El alcalde de Quer\u00e9taro, Felipe Fernando Mac\u00edas, supervis\u00f3 las obras de remodelaci\u00f3n de las escuelas primarias &#8220;Lic. Benito Ju\u00e1rez&#8221; y &#8220;Josefa Ortiz de Dom\u00ednguez&#8221; en Santa Rosa J\u00e1uregui, donde se invierten 3.8 millones de pesos para mejorar las instalaciones educativas.<\/p>\n<p>&nbsp;<\/p>\n<p style=\"text-align: justify;\" data-sourcepos=\"7:1-7:280\">Con esta inversi\u00f3n, se construir\u00e1 una biblioteca, un sal\u00f3n de usos m\u00faltiples y nuevos sanitarios, incluyendo espacios accesibles para personas con discapacidad. Las obras, que beneficiar\u00e1n a mil alumnos, buscan brindar a los estudiantes un entorno educativo m\u00e1s digno y funcional.<\/p>\n<p>&nbsp;<\/p>\n<p style=\"text-align: justify;\" data-sourcepos=\"9:1-9:251\"><strong>&#8220;Queremos que nuestros ni\u00f1os tengan las mejores condiciones para aprender y desarrollarse&#8221;<\/strong>, afirm\u00f3 el alcalde Mac\u00edas. &#8220;Esta inversi\u00f3n es una muestra de nuestro compromiso con la educaci\u00f3n y el bienestar de las familias queretanas&#8221;.<\/p>\n<p>&nbsp;<\/p>\n<p style=\"text-align: justify;\" data-sourcepos=\"13:1-13:293\">La remodelaci\u00f3n de estas escuelas es un paso importante para mejorar la calidad de la educaci\u00f3n en Santa Rosa J\u00e1uregui y elevar el nivel de vida de la comunidad. Al contar con instalaciones modernas y funcionales, los estudiantes podr\u00e1n desarrollar al m\u00e1ximo su potencial y alcanzar sus metas.<\/p>\n<p>&nbsp;<\/p>\n<p style=\"text-align: center;\" data-sourcepos=\"13:1-13:293\"><em><strong>\u00a1Informaci\u00f3n que transforma!<\/strong><\/em><\/p>\n","protected":false},"excerpt":{"rendered":"<p>El alcalde de Quer\u00e9taro, Felipe Fernando Mac\u00edas, supervis\u00f3 las obras de remodelaci\u00f3n de las escuelas primarias &#8220;Lic. Benito Ju\u00e1rez&#8221; y &#8220;Josefa Ortiz de Dom\u00ednguez&#8221; en Santa Rosa J\u00e1uregui, donde se invierten 3.8 millones de pesos para mejorar las instalaciones educativas.<\/p>\n","protected":false},"author":3,"featured_media":5188,"comment_status":"open","ping_status":"open","sticky":false,"template":"","format":"standard","meta":{"footnotes":""},"categories":[65,58],"tags":[173,1826,142,575],"class_list":["post-5187","post","type-post","status-publish","format-standard","has-post-thumbnail","hentry","category-municipios","category-ultima-hora","tag-educacion","tag-escuelas","tag-inversion","tag-santarosajauregui"],"yoast_head":"<!-- This site is optimized with the Yoast SEO plugin v25.0 - https:\/\/yoast.com\/wordpress\/plugins\/seo\/ -->\n<title>Felifer Mac\u00edas: Quer\u00e9taro invierte 3.8 mdp en mejorar escuelas de Santa Rosa J\u00e1uregui\u00a0 | Nexo Informativo Santiago de Quer\u00e9taro<\/title>\n<meta name=\"description\" content=\"Felifer Mac\u00edas: Quer\u00e9taro invierte 3.8 mdp en mejorar escuelas de Santa Rosa J\u00e1uregui\u00a0\" \/>\n<meta name=\"robots\" content=\"index, follow, max-snippet:-1, max-image-preview:large, max-video-preview:-1\" \/>\n<link rel=\"canonical\" href=\"https:\/\/www.nexoinformativo.mx\/index.php\/2024\/11\/03\/felifer-macias-queretaro-invierte-3-8-mdp-en-mejorar-escuelas-de-santa-rosa-jauregui\/\" \/>\n<meta property=\"og:locale\" content=\"es_MX\" \/>\n<meta property=\"og:type\" content=\"article\" \/>\n<meta property=\"og:title\" content=\"Felifer Mac\u00edas: Quer\u00e9taro invierte 3.8 mdp en mejorar escuelas de Santa Rosa J\u00e1uregui\u00a0 | Nexo Informativo Santiago de Quer\u00e9taro\" \/>\n<meta property=\"og:description\" content=\"Felifer Mac\u00edas: Quer\u00e9taro invierte 3.8 mdp en mejorar escuelas de Santa Rosa J\u00e1uregui\u00a0\" \/>\n<meta property=\"og:url\" content=\"https:\/\/www.nexoinformativo.mx\/index.php\/2024\/11\/03\/felifer-macias-queretaro-invierte-3-8-mdp-en-mejorar-escuelas-de-santa-rosa-jauregui\/\" \/>\n<meta property=\"og:site_name\" content=\"Nexo Informativo Santiago de Quer\u00e9taro\" \/>\n<meta property=\"article:publisher\" content=\"https:\/\/www.facebook.com\/people\/Nexo-Informativo\/61564066885511\/\" \/>\n<meta property=\"article:published_time\" content=\"2024-11-03T15:00:34+00:00\" \/>\n<meta property=\"article:modified_time\" content=\"2024-11-03T16:24:56+00:00\" \/>\n<meta property=\"og:image\" content=\"https:\/\/www.nexoinformativo.mx\/wp-content\/uploads\/2024\/11\/IMG_7426-e1730651010770.jpg\" \/>\n\t<meta property=\"og:image:width\" content=\"700\" \/>\n\t<meta property=\"og:image:height\" content=\"797\" \/>\n\t<meta property=\"og:image:type\" content=\"image\/jpeg\" \/>\n<meta name=\"author\" content=\"Nexo Informativo\" \/>\n<meta name=\"twitter:card\" content=\"summary_large_image\" \/>\n<meta name=\"twitter:label1\" content=\"Escrito por\" \/>\n\t<meta name=\"twitter:data1\" content=\"Nexo Informativo\" \/>\n\t<meta name=\"twitter:label2\" content=\"Tiempo de lectura\" \/>\n\t<meta name=\"twitter:data2\" content=\"1 minuto\" \/>\n<script type=\"application\/ld+json\" class=\"yoast-schema-graph\">{\"@context\":\"https:\/\/schema.org\",\"@graph\":[{\"@type\":\"Article\",\"@id\":\"https:\/\/www.nexoinformativo.mx\/index.php\/2024\/11\/03\/felifer-macias-queretaro-invierte-3-8-mdp-en-mejorar-escuelas-de-santa-rosa-jauregui\/#article\",\"isPartOf\":{\"@id\":\"https:\/\/www.nexoinformativo.mx\/index.php\/2024\/11\/03\/felifer-macias-queretaro-invierte-3-8-mdp-en-mejorar-escuelas-de-santa-rosa-jauregui\/\"},\"author\":{\"name\":\"Nexo Informativo\",\"@id\":\"https:\/\/www.nexoinformativo.mx\/#\/schema\/person\/7749d380ba08c8ca00d7bc76fd907b7d\"},\"headline\":\"Felifer Mac\u00edas: Quer\u00e9taro invierte 3.8 mdp en mejorar escuelas de Santa Rosa J\u00e1uregui\u00a0\",\"datePublished\":\"2024-11-03T15:00:34+00:00\",\"dateModified\":\"2024-11-03T16:24:56+00:00\",\"mainEntityOfPage\":{\"@id\":\"https:\/\/www.nexoinformativo.mx\/index.php\/2024\/11\/03\/felifer-macias-queretaro-invierte-3-8-mdp-en-mejorar-escuelas-de-santa-rosa-jauregui\/\"},\"wordCount\":205,\"commentCount\":0,\"publisher\":{\"@id\":\"https:\/\/www.nexoinformativo.mx\/#organization\"},\"image\":{\"@id\":\"https:\/\/www.nexoinformativo.mx\/index.php\/2024\/11\/03\/felifer-macias-queretaro-invierte-3-8-mdp-en-mejorar-escuelas-de-santa-rosa-jauregui\/#primaryimage\"},\"thumbnailUrl\":\"https:\/\/www.nexoinformativo.mx\/wp-content\/uploads\/2024\/11\/IMG_7426-e1730651010770.jpg\",\"keywords\":[\"educacion\",\"Escuelas\",\"Inversi\u00f3n\",\"SantaRosaJ\u00e1uregui\"],\"articleSection\":[\"Municipios\",\"\u00daltima Hora\"],\"inLanguage\":\"es\",\"potentialAction\":[{\"@type\":\"CommentAction\",\"name\":\"Comment\",\"target\":[\"https:\/\/www.nexoinformativo.mx\/index.php\/2024\/11\/03\/felifer-macias-queretaro-invierte-3-8-mdp-en-mejorar-escuelas-de-santa-rosa-jauregui\/#respond\"]}]},{\"@type\":\"WebPage\",\"@id\":\"https:\/\/www.nexoinformativo.mx\/index.php\/2024\/11\/03\/felifer-macias-queretaro-invierte-3-8-mdp-en-mejorar-escuelas-de-santa-rosa-jauregui\/\",\"url\":\"https:\/\/www.nexoinformativo.mx\/index.php\/2024\/11\/03\/felifer-macias-queretaro-invierte-3-8-mdp-en-mejorar-escuelas-de-santa-rosa-jauregui\/\",\"name\":\"Felifer Mac\u00edas: Quer\u00e9taro invierte 3.8 mdp en mejorar escuelas de Santa Rosa J\u00e1uregui\u00a0 | Nexo Informativo Santiago de Quer\u00e9taro\",\"isPartOf\":{\"@id\":\"https:\/\/www.nexoinformativo.mx\/#website\"},\"primaryImageOfPage\":{\"@id\":\"https:\/\/www.nexoinformativo.mx\/index.php\/2024\/11\/03\/felifer-macias-queretaro-invierte-3-8-mdp-en-mejorar-escuelas-de-santa-rosa-jauregui\/#primaryimage\"},\"image\":{\"@id\":\"https:\/\/www.nexoinformativo.mx\/index.php\/2024\/11\/03\/felifer-macias-queretaro-invierte-3-8-mdp-en-mejorar-escuelas-de-santa-rosa-jauregui\/#primaryimage\"},\"thumbnailUrl\":\"https:\/\/www.nexoinformativo.mx\/wp-content\/uploads\/2024\/11\/IMG_7426-e1730651010770.jpg\",\"datePublished\":\"2024-11-03T15:00:34+00:00\",\"dateModified\":\"2024-11-03T16:24:56+00:00\",\"description\":\"Felifer Mac\u00edas: Quer\u00e9taro invierte 3.8 mdp en mejorar escuelas de Santa Rosa J\u00e1uregui\u00a0\",\"breadcrumb\":{\"@id\":\"https:\/\/www.nexoinformativo.mx\/index.php\/2024\/11\/03\/felifer-macias-queretaro-invierte-3-8-mdp-en-mejorar-escuelas-de-santa-rosa-jauregui\/#breadcrumb\"},\"inLanguage\":\"es\",\"potentialAction\":[{\"@type\":\"ReadAction\",\"target\":[\"https:\/\/www.nexoinformativo.mx\/index.php\/2024\/11\/03\/felifer-macias-queretaro-invierte-3-8-mdp-en-mejorar-escuelas-de-santa-rosa-jauregui\/\"]}]},{\"@type\":\"ImageObject\",\"inLanguage\":\"es\",\"@id\":\"https:\/\/www.nexoinformativo.mx\/index.php\/2024\/11\/03\/felifer-macias-queretaro-invierte-3-8-mdp-en-mejorar-escuelas-de-santa-rosa-jauregui\/#primaryimage\",\"url\":\"https:\/\/www.nexoinformativo.mx\/wp-content\/uploads\/2024\/11\/IMG_7426-e1730651010770.jpg\",\"contentUrl\":\"https:\/\/www.nexoinformativo.mx\/wp-content\/uploads\/2024\/11\/IMG_7426-e1730651010770.jpg\",\"width\":700,\"height\":797,\"caption\":\"Screenshot\"},{\"@type\":\"BreadcrumbList\",\"@id\":\"https:\/\/www.nexoinformativo.mx\/index.php\/2024\/11\/03\/felifer-macias-queretaro-invierte-3-8-mdp-en-mejorar-escuelas-de-santa-rosa-jauregui\/#breadcrumb\",\"itemListElement\":[{\"@type\":\"ListItem\",\"position\":1,\"name\":\"Inicio\",\"item\":\"https:\/\/www.nexoinformativo.mx\/\"},{\"@type\":\"ListItem\",\"position\":2,\"name\":\"Felifer Mac\u00edas: Quer\u00e9taro invierte 3.8 mdp en mejorar escuelas de Santa Rosa J\u00e1uregui\u00a0\"}]},{\"@type\":\"WebSite\",\"@id\":\"https:\/\/www.nexoinformativo.mx\/#website\",\"url\":\"https:\/\/www.nexoinformativo.mx\/\",\"name\":\"Nexo Informativo Santiago de Quer\u00e9taro\",\"description\":\"Explora NexoInformativo y convi\u00e9rtete en parte de una comunidad que valora el conocimiento y la verdad. Tu nexoinformativo es tu puente hacia una comprensi\u00f3n m\u00e1s profunda del mundo que te rodea.\",\"publisher\":{\"@id\":\"https:\/\/www.nexoinformativo.mx\/#organization\"},\"potentialAction\":[{\"@type\":\"SearchAction\",\"target\":{\"@type\":\"EntryPoint\",\"urlTemplate\":\"https:\/\/www.nexoinformativo.mx\/?s={search_term_string}\"},\"query-input\":{\"@type\":\"PropertyValueSpecification\",\"valueRequired\":true,\"valueName\":\"search_term_string\"}}],\"inLanguage\":\"es\"},{\"@type\":\"Organization\",\"@id\":\"https:\/\/www.nexoinformativo.mx\/#organization\",\"name\":\"Nexo Informativo Santiago de Quer\u00e9taro\",\"url\":\"https:\/\/www.nexoinformativo.mx\/\",\"logo\":{\"@type\":\"ImageObject\",\"inLanguage\":\"es\",\"@id\":\"https:\/\/www.nexoinformativo.mx\/#\/schema\/logo\/image\/\",\"url\":\"https:\/\/www.nexoinformativo.mx\/wp-content\/uploads\/2024\/07\/nexoi-trasparente-2.png\",\"contentUrl\":\"https:\/\/www.nexoinformativo.mx\/wp-content\/uploads\/2024\/07\/nexoi-trasparente-2.png\",\"width\":816,\"height\":339,\"caption\":\"Nexo Informativo Santiago de Quer\u00e9taro\"},\"image\":{\"@id\":\"https:\/\/www.nexoinformativo.mx\/#\/schema\/logo\/image\/\"},\"sameAs\":[\"https:\/\/www.facebook.com\/people\/Nexo-Informativo\/61564066885511\/\"]},{\"@type\":\"Person\",\"@id\":\"https:\/\/www.nexoinformativo.mx\/#\/schema\/person\/7749d380ba08c8ca00d7bc76fd907b7d\",\"name\":\"Nexo Informativo\",\"image\":{\"@type\":\"ImageObject\",\"inLanguage\":\"es\",\"@id\":\"https:\/\/www.nexoinformativo.mx\/#\/schema\/person\/image\/\",\"url\":\"https:\/\/secure.gravatar.com\/avatar\/dde2928154642a13d95f87ddf1ea9718fe2b46760a005c53e41ff5ad610704e6?s=96&d=mm&r=g\",\"contentUrl\":\"https:\/\/secure.gravatar.com\/avatar\/dde2928154642a13d95f87ddf1ea9718fe2b46760a005c53e41ff5ad610704e6?s=96&d=mm&r=g\",\"caption\":\"Nexo Informativo\"},\"url\":\"https:\/\/www.nexoinformativo.mx\/index.php\/author\/edicion\/\"}]}<\/script>\n<!-- \/ Yoast SEO plugin. -->","yoast_head_json":{"title":"Felifer Mac\u00edas: Quer\u00e9taro invierte 3.8 mdp en mejorar escuelas de Santa Rosa J\u00e1uregui\u00a0 | Nexo Informativo Santiago de Quer\u00e9taro","description":"Felifer Mac\u00edas: Quer\u00e9taro invierte 3.8 mdp en mejorar escuelas de Santa Rosa J\u00e1uregui\u00a0","robots":{"index":"index","follow":"follow","max-snippet":"max-snippet:-1","max-image-preview":"max-image-preview:large","max-video-preview":"max-video-preview:-1"},"canonical":"https:\/\/www.nexoinformativo.mx\/index.php\/2024\/11\/03\/felifer-macias-queretaro-invierte-3-8-mdp-en-mejorar-escuelas-de-santa-rosa-jauregui\/","og_locale":"es_MX","og_type":"article","og_title":"Felifer Mac\u00edas: Quer\u00e9taro invierte 3.8 mdp en mejorar escuelas de Santa Rosa J\u00e1uregui\u00a0 | Nexo Informativo Santiago de Quer\u00e9taro","og_description":"Felifer Mac\u00edas: Quer\u00e9taro invierte 3.8 mdp en mejorar escuelas de Santa Rosa J\u00e1uregui\u00a0","og_url":"https:\/\/www.nexoinformativo.mx\/index.php\/2024\/11\/03\/felifer-macias-queretaro-invierte-3-8-mdp-en-mejorar-escuelas-de-santa-rosa-jauregui\/","og_site_name":"Nexo Informativo Santiago de Quer\u00e9taro","article_publisher":"https:\/\/www.facebook.com\/people\/Nexo-Informativo\/61564066885511\/","article_published_time":"2024-11-03T15:00:34+00:00","article_modified_time":"2024-11-03T16:24:56+00:00","og_image":[{"width":700,"height":797,"url":"https:\/\/www.nexoinformativo.mx\/wp-content\/uploads\/2024\/11\/IMG_7426-e1730651010770.jpg","type":"image\/jpeg"}],"author":"Nexo Informativo","twitter_card":"summary_large_image","twitter_misc":{"Escrito por":"Nexo Informativo","Tiempo de lectura":"1 minuto"},"schema":{"@context":"https:\/\/schema.org","@graph":[{"@type":"Article","@id":"https:\/\/www.nexoinformativo.mx\/index.php\/2024\/11\/03\/felifer-macias-queretaro-invierte-3-8-mdp-en-mejorar-escuelas-de-santa-rosa-jauregui\/#article","isPartOf":{"@id":"https:\/\/www.nexoinformativo.mx\/index.php\/2024\/11\/03\/felifer-macias-queretaro-invierte-3-8-mdp-en-mejorar-escuelas-de-santa-rosa-jauregui\/"},"author":{"name":"Nexo Informativo","@id":"https:\/\/www.nexoinformativo.mx\/#\/schema\/person\/7749d380ba08c8ca00d7bc76fd907b7d"},"headline":"Felifer Mac\u00edas: Quer\u00e9taro invierte 3.8 mdp en mejorar escuelas de Santa Rosa J\u00e1uregui\u00a0","datePublished":"2024-11-03T15:00:34+00:00","dateModified":"2024-11-03T16:24:56+00:00","mainEntityOfPage":{"@id":"https:\/\/www.nexoinformativo.mx\/index.php\/2024\/11\/03\/felifer-macias-queretaro-invierte-3-8-mdp-en-mejorar-escuelas-de-santa-rosa-jauregui\/"},"wordCount":205,"commentCount":0,"publisher":{"@id":"https:\/\/www.nexoinformativo.mx\/#organization"},"image":{"@id":"https:\/\/www.nexoinformativo.mx\/index.php\/2024\/11\/03\/felifer-macias-queretaro-invierte-3-8-mdp-en-mejorar-escuelas-de-santa-rosa-jauregui\/#primaryimage"},"thumbnailUrl":"https:\/\/www.nexoinformativo.mx\/wp-content\/uploads\/2024\/11\/IMG_7426-e1730651010770.jpg","keywords":["educacion","Escuelas","Inversi\u00f3n","SantaRosaJ\u00e1uregui"],"articleSection":["Municipios","\u00daltima Hora"],"inLanguage":"es","potentialAction":[{"@type":"CommentAction","name":"Comment","target":["https:\/\/www.nexoinformativo.mx\/index.php\/2024\/11\/03\/felifer-macias-queretaro-invierte-3-8-mdp-en-mejorar-escuelas-de-santa-rosa-jauregui\/#respond"]}]},{"@type":"WebPage","@id":"https:\/\/www.nexoinformativo.mx\/index.php\/2024\/11\/03\/felifer-macias-queretaro-invierte-3-8-mdp-en-mejorar-escuelas-de-santa-rosa-jauregui\/","url":"https:\/\/www.nexoinformativo.mx\/index.php\/2024\/11\/03\/felifer-macias-queretaro-invierte-3-8-mdp-en-mejorar-escuelas-de-santa-rosa-jauregui\/","name":"Felifer Mac\u00edas: Quer\u00e9taro invierte 3.8 mdp en mejorar escuelas de Santa Rosa J\u00e1uregui\u00a0 | Nexo Informativo Santiago de Quer\u00e9taro","isPartOf":{"@id":"https:\/\/www.nexoinformativo.mx\/#website"},"primaryImageOfPage":{"@id":"https:\/\/www.nexoinformativo.mx\/index.php\/2024\/11\/03\/felifer-macias-queretaro-invierte-3-8-mdp-en-mejorar-escuelas-de-santa-rosa-jauregui\/#primaryimage"},"image":{"@id":"https:\/\/www.nexoinformativo.mx\/index.php\/2024\/11\/03\/felifer-macias-queretaro-invierte-3-8-mdp-en-mejorar-escuelas-de-santa-rosa-jauregui\/#primaryimage"},"thumbnailUrl":"https:\/\/www.nexoinformativo.mx\/wp-content\/uploads\/2024\/11\/IMG_7426-e1730651010770.jpg","datePublished":"2024-11-03T15:00:34+00:00","dateModified":"2024-11-03T16:24:56+00:00","description":"Felifer Mac\u00edas: Quer\u00e9taro invierte 3.8 mdp en mejorar escuelas de Santa Rosa J\u00e1uregui\u00a0","breadcrumb":{"@id":"https:\/\/www.nexoinformativo.mx\/index.php\/2024\/11\/03\/felifer-macias-queretaro-invierte-3-8-mdp-en-mejorar-escuelas-de-santa-rosa-jauregui\/#breadcrumb"},"inLanguage":"es","potentialAction":[{"@type":"ReadAction","target":["https:\/\/www.nexoinformativo.mx\/index.php\/2024\/11\/03\/felifer-macias-queretaro-invierte-3-8-mdp-en-mejorar-escuelas-de-santa-rosa-jauregui\/"]}]},{"@type":"ImageObject","inLanguage":"es","@id":"https:\/\/www.nexoinformativo.mx\/index.php\/2024\/11\/03\/felifer-macias-queretaro-invierte-3-8-mdp-en-mejorar-escuelas-de-santa-rosa-jauregui\/#primaryimage","url":"https:\/\/www.nexoinformativo.mx\/wp-content\/uploads\/2024\/11\/IMG_7426-e1730651010770.jpg","contentUrl":"https:\/\/www.nexoinformativo.mx\/wp-content\/uploads\/2024\/11\/IMG_7426-e1730651010770.jpg","width":700,"height":797,"caption":"Screenshot"},{"@type":"BreadcrumbList","@id":"https:\/\/www.nexoinformativo.mx\/index.php\/2024\/11\/03\/felifer-macias-queretaro-invierte-3-8-mdp-en-mejorar-escuelas-de-santa-rosa-jauregui\/#breadcrumb","itemListElement":[{"@type":"ListItem","position":1,"name":"Inicio","item":"https:\/\/www.nexoinformativo.mx\/"},{"@type":"ListItem","position":2,"name":"Felifer Mac\u00edas: Quer\u00e9taro invierte 3.8 mdp en mejorar escuelas de Santa Rosa J\u00e1uregui\u00a0"}]},{"@type":"WebSite","@id":"https:\/\/www.nexoinformativo.mx\/#website","url":"https:\/\/www.nexoinformativo.mx\/","name":"Nexo Informativo Santiago de Quer\u00e9taro","description":"Explora NexoInformativo y convi\u00e9rtete en parte de una comunidad que valora el conocimiento y la verdad. Tu nexoinformativo es tu puente hacia una comprensi\u00f3n m\u00e1s profunda del mundo que te rodea.","publisher":{"@id":"https:\/\/www.nexoinformativo.mx\/#organization"},"potentialAction":[{"@type":"SearchAction","target":{"@type":"EntryPoint","urlTemplate":"https:\/\/www.nexoinformativo.mx\/?s={search_term_string}"},"query-input":{"@type":"PropertyValueSpecification","valueRequired":true,"valueName":"search_term_string"}}],"inLanguage":"es"},{"@type":"Organization","@id":"https:\/\/www.nexoinformativo.mx\/#organization","name":"Nexo Informativo Santiago de Quer\u00e9taro","url":"https:\/\/www.nexoinformativo.mx\/","logo":{"@type":"ImageObject","inLanguage":"es","@id":"https:\/\/www.nexoinformativo.mx\/#\/schema\/logo\/image\/","url":"https:\/\/www.nexoinformativo.mx\/wp-content\/uploads\/2024\/07\/nexoi-trasparente-2.png","contentUrl":"https:\/\/www.nexoinformativo.mx\/wp-content\/uploads\/2024\/07\/nexoi-trasparente-2.png","width":816,"height":339,"caption":"Nexo Informativo Santiago de Quer\u00e9taro"},"image":{"@id":"https:\/\/www.nexoinformativo.mx\/#\/schema\/logo\/image\/"},"sameAs":["https:\/\/www.facebook.com\/people\/Nexo-Informativo\/61564066885511\/"]},{"@type":"Person","@id":"https:\/\/www.nexoinformativo.mx\/#\/schema\/person\/7749d380ba08c8ca00d7bc76fd907b7d","name":"Nexo Informativo","image":{"@type":"ImageObject","inLanguage":"es","@id":"https:\/\/www.nexoinformativo.mx\/#\/schema\/person\/image\/","url":"https:\/\/secure.gravatar.com\/avatar\/dde2928154642a13d95f87ddf1ea9718fe2b46760a005c53e41ff5ad610704e6?s=96&d=mm&r=g","contentUrl":"https:\/\/secure.gravatar.com\/avatar\/dde2928154642a13d95f87ddf1ea9718fe2b46760a005c53e41ff5ad610704e6?s=96&d=mm&r=g","caption":"Nexo Informativo"},"url":"https:\/\/www.nexoinformativo.mx\/index.php\/author\/edicion\/"}]}},"_links":{"self":[{"href":"https:\/\/www.nexoinformativo.mx\/index.php\/wp-json\/wp\/v2\/posts\/5187","targetHints":{"allow":["GET"]}}],"collection":[{"href":"https:\/\/www.nexoinformativo.mx\/index.php\/wp-json\/wp\/v2\/posts"}],"about":[{"href":"https:\/\/www.nexoinformativo.mx\/index.php\/wp-json\/wp\/v2\/types\/post"}],"author":[{"embeddable":true,"href":"https:\/\/www.nexoinformativo.mx\/index.php\/wp-json\/wp\/v2\/users\/3"}],"replies":[{"embeddable":true,"href":"https:\/\/www.nexoinformativo.mx\/index.php\/wp-json\/wp\/v2\/comments?post=5187"}],"version-history":[{"count":4,"href":"https:\/\/www.nexoinformativo.mx\/index.php\/wp-json\/wp\/v2\/posts\/5187\/revisions"}],"predecessor-version":[{"id":5192,"href":"https:\/\/www.nexoinformativo.mx\/index.php\/wp-json\/wp\/v2\/posts\/5187\/revisions\/5192"}],"wp:featuredmedia":[{"embeddable":true,"href":"https:\/\/www.nexoinformativo.mx\/index.php\/wp-json\/wp\/v2\/media\/5188"}],"wp:attachment":[{"href":"https:\/\/www.nexoinformativo.mx\/index.php\/wp-json\/wp\/v2\/media?parent=5187"}],"wp:term":[{"taxonomy":"category","embeddable":true,"href":"https:\/\/www.nexoinformativo.mx\/index.php\/wp-json\/wp\/v2\/categories?post=5187"},{"taxonomy":"post_tag","embeddable":true,"href":"https:\/\/www.nexoinformativo.mx\/index.php\/wp-json\/wp\/v2\/tags?post=5187"}],"curies":[{"name":"wp","href":"https:\/\/api.w.org\/{rel}","templated":true}]}}