{"id":5193,"date":"2024-11-03T08:30:08","date_gmt":"2024-11-03T14:30:08","guid":{"rendered":"https:\/\/www.nexoinformativo.mx\/?p=5193"},"modified":"2024-11-03T10:37:50","modified_gmt":"2024-11-03T16:37:50","slug":"comerciantes-agreden-a-inspectores-en-alameda-hidalgo-autoridades-condenan-los-hechos","status":"publish","type":"post","link":"https:\/\/www.nexoinformativo.mx\/index.php\/2024\/11\/03\/comerciantes-agreden-a-inspectores-en-alameda-hidalgo-autoridades-condenan-los-hechos\/","title":{"rendered":"Comerciantes agreden a inspectores en Alameda Hidalgo: Autoridades condenan los hechos"},"content":{"rendered":"<p style=\"text-align: justify;\" data-sourcepos=\"5:1-5:345\">La tranquilidad de la Alameda Hidalgo se vio interrumpida este fin de semana por un violento enfrentamiento entre inspectores municipales y comerciantes ambulantes que intentaban instalarse sin permiso en la entrada de Zaragoza. Los inspectores, al intentar cumplir con su deber, fueron agredidos f\u00edsicamente por los vendedores ambulantes.<\/p>\n<p>&nbsp;<\/p>\n<p style=\"text-align: justify;\" data-sourcepos=\"7:1-7:360\">Los hechos ocurrieron cuando los inspectores, acompa\u00f1ados por elementos de la Guardia Municipal, acudieron al lugar para retirar a los comerciantes que ocupaban indebidamente el espacio p\u00fablico. Sin embargo, los vendedores se resistieron y atacaron al personal municipal, lo que oblig\u00f3 a los elementos de seguridad a intervenir para proteger a los inspectores.<\/p>\n<p>&nbsp;<\/p>\n<p style=\"text-align: justify;\" data-sourcepos=\"9:1-9:205\">La situaci\u00f3n se agrav\u00f3 cuando los inspectores se retiraron hacia el \u00e1rea de ba\u00f1os de la Alameda, siendo perseguidos y agredidos nuevamente por los comerciantes y otras personas que se unieron al altercado.<\/p>\n<p>&nbsp;<\/p>\n<p style=\"text-align: justify;\" data-sourcepos=\"13:1-13:326\">Ante estos hechos, el Gobierno Municipal de Quer\u00e9taro conden\u00f3 en\u00e9rgicamente los actos de violencia y asegur\u00f3 que no se tolerar\u00e1 ning\u00fan tipo de agresi\u00f3n contra los servidores p\u00fablicos. Asimismo, se comprometi\u00f3 a realizar una investigaci\u00f3n exhaustiva para identificar a los responsables y aplicar las sanciones correspondientes.<\/p>\n<p>&nbsp;<\/p>\n<p style=\"text-align: justify;\" data-sourcepos=\"15:1-15:263\">&#8220;En Quer\u00e9taro, la ley se respeta y nadie est\u00e1 por encima de ella&#8221;, afirm\u00f3 el gobierno municipal en un comunicado. &#8220;La Alameda Hidalgo es un espacio p\u00fablico que debe ser disfrutado por todos los ciudadanos en un ambiente de paz y tranquilidad&#8221;.<\/p>\n<p>&nbsp;<\/p>\n<p style=\"text-align: center;\" data-sourcepos=\"15:1-15:263\"><em><strong>\u00a1Informaci\u00f3n que transforma!<\/strong><\/em><\/p>\n","protected":false},"excerpt":{"rendered":"<p>La tranquilidad de la Alameda Hidalgo se vio interrumpida este fin de semana por un violento enfrentamiento entre inspectores municipales y comerciantes ambulantes que intentaban instalarse sin permiso en la entrada de Zaragoza. Los inspectores, al intentar cumplir con su deber, fueron agredidos f\u00edsicamente por los vendedores ambulantes. &nbsp; Los hechos ocurrieron cuando los inspectores, [&hellip;]<\/p>\n","protected":false},"author":3,"featured_media":5198,"comment_status":"open","ping_status":"open","sticky":false,"template":"","format":"standard","meta":{"footnotes":""},"categories":[65,137,58],"tags":[1827,1829,133,131,1828],"class_list":["post-5193","post","type-post","status-publish","format-standard","has-post-thumbnail","hentry","category-municipios","category-sucesos","category-ultima-hora","tag-alamedahidalgo","tag-comerciantesambulantes","tag-queretaro","tag-seguridad","tag-violencia"],"yoast_head":"<!-- This site is optimized with the Yoast SEO plugin v25.0 - https:\/\/yoast.com\/wordpress\/plugins\/seo\/ -->\n<title>Comerciantes agreden a inspectores en Alameda Hidalgo: Autoridades condenan los hechos | Nexo Informativo Santiago de Quer\u00e9taro<\/title>\n<meta name=\"description\" content=\"Comerciantes agreden a inspectores en Alameda Hidalgo: Autoridades condenan los hechos\" \/>\n<meta name=\"robots\" content=\"index, follow, max-snippet:-1, max-image-preview:large, max-video-preview:-1\" \/>\n<link rel=\"canonical\" href=\"https:\/\/www.nexoinformativo.mx\/index.php\/2024\/11\/03\/comerciantes-agreden-a-inspectores-en-alameda-hidalgo-autoridades-condenan-los-hechos\/\" \/>\n<meta property=\"og:locale\" content=\"es_MX\" \/>\n<meta property=\"og:type\" content=\"article\" \/>\n<meta property=\"og:title\" content=\"Comerciantes agreden a inspectores en Alameda Hidalgo: Autoridades condenan los hechos | Nexo Informativo Santiago de Quer\u00e9taro\" \/>\n<meta property=\"og:description\" content=\"Comerciantes agreden a inspectores en Alameda Hidalgo: Autoridades condenan los hechos\" \/>\n<meta property=\"og:url\" content=\"https:\/\/www.nexoinformativo.mx\/index.php\/2024\/11\/03\/comerciantes-agreden-a-inspectores-en-alameda-hidalgo-autoridades-condenan-los-hechos\/\" \/>\n<meta property=\"og:site_name\" content=\"Nexo Informativo Santiago de Quer\u00e9taro\" \/>\n<meta property=\"article:publisher\" content=\"https:\/\/www.facebook.com\/people\/Nexo-Informativo\/61564066885511\/\" \/>\n<meta property=\"article:published_time\" content=\"2024-11-03T14:30:08+00:00\" \/>\n<meta property=\"article:modified_time\" content=\"2024-11-03T16:37:50+00:00\" \/>\n<meta property=\"og:image\" content=\"https:\/\/www.nexoinformativo.mx\/wp-content\/uploads\/2024\/11\/IMG_7435-e1730651500341.jpg\" \/>\n\t<meta property=\"og:image:width\" content=\"600\" \/>\n\t<meta property=\"og:image:height\" content=\"933\" \/>\n\t<meta property=\"og:image:type\" content=\"image\/jpeg\" \/>\n<meta name=\"author\" content=\"Nexo Informativo\" \/>\n<meta name=\"twitter:card\" content=\"summary_large_image\" \/>\n<meta name=\"twitter:label1\" content=\"Escrito por\" \/>\n\t<meta name=\"twitter:data1\" content=\"Nexo Informativo\" \/>\n\t<meta name=\"twitter:label2\" content=\"Tiempo de lectura\" \/>\n\t<meta name=\"twitter:data2\" content=\"2 minutos\" \/>\n<script type=\"application\/ld+json\" class=\"yoast-schema-graph\">{\"@context\":\"https:\/\/schema.org\",\"@graph\":[{\"@type\":\"Article\",\"@id\":\"https:\/\/www.nexoinformativo.mx\/index.php\/2024\/11\/03\/comerciantes-agreden-a-inspectores-en-alameda-hidalgo-autoridades-condenan-los-hechos\/#article\",\"isPartOf\":{\"@id\":\"https:\/\/www.nexoinformativo.mx\/index.php\/2024\/11\/03\/comerciantes-agreden-a-inspectores-en-alameda-hidalgo-autoridades-condenan-los-hechos\/\"},\"author\":{\"name\":\"Nexo Informativo\",\"@id\":\"https:\/\/www.nexoinformativo.mx\/#\/schema\/person\/7749d380ba08c8ca00d7bc76fd907b7d\"},\"headline\":\"Comerciantes agreden a inspectores en Alameda Hidalgo: Autoridades condenan los hechos\",\"datePublished\":\"2024-11-03T14:30:08+00:00\",\"dateModified\":\"2024-11-03T16:37:50+00:00\",\"mainEntityOfPage\":{\"@id\":\"https:\/\/www.nexoinformativo.mx\/index.php\/2024\/11\/03\/comerciantes-agreden-a-inspectores-en-alameda-hidalgo-autoridades-condenan-los-hechos\/\"},\"wordCount\":255,\"commentCount\":0,\"publisher\":{\"@id\":\"https:\/\/www.nexoinformativo.mx\/#organization\"},\"image\":{\"@id\":\"https:\/\/www.nexoinformativo.mx\/index.php\/2024\/11\/03\/comerciantes-agreden-a-inspectores-en-alameda-hidalgo-autoridades-condenan-los-hechos\/#primaryimage\"},\"thumbnailUrl\":\"https:\/\/www.nexoinformativo.mx\/wp-content\/uploads\/2024\/11\/IMG_7435-e1730651500341.jpg\",\"keywords\":[\"AlamedaHidalgo\",\"ComerciantesAmbulantes\",\"Quer\u00e9taro\",\"Seguridad\",\"Violencia\"],\"articleSection\":[\"Municipios\",\"Sucesos\",\"\u00daltima Hora\"],\"inLanguage\":\"es\",\"potentialAction\":[{\"@type\":\"CommentAction\",\"name\":\"Comment\",\"target\":[\"https:\/\/www.nexoinformativo.mx\/index.php\/2024\/11\/03\/comerciantes-agreden-a-inspectores-en-alameda-hidalgo-autoridades-condenan-los-hechos\/#respond\"]}]},{\"@type\":\"WebPage\",\"@id\":\"https:\/\/www.nexoinformativo.mx\/index.php\/2024\/11\/03\/comerciantes-agreden-a-inspectores-en-alameda-hidalgo-autoridades-condenan-los-hechos\/\",\"url\":\"https:\/\/www.nexoinformativo.mx\/index.php\/2024\/11\/03\/comerciantes-agreden-a-inspectores-en-alameda-hidalgo-autoridades-condenan-los-hechos\/\",\"name\":\"Comerciantes agreden a inspectores en Alameda Hidalgo: Autoridades condenan los hechos | Nexo Informativo Santiago de Quer\u00e9taro\",\"isPartOf\":{\"@id\":\"https:\/\/www.nexoinformativo.mx\/#website\"},\"primaryImageOfPage\":{\"@id\":\"https:\/\/www.nexoinformativo.mx\/index.php\/2024\/11\/03\/comerciantes-agreden-a-inspectores-en-alameda-hidalgo-autoridades-condenan-los-hechos\/#primaryimage\"},\"image\":{\"@id\":\"https:\/\/www.nexoinformativo.mx\/index.php\/2024\/11\/03\/comerciantes-agreden-a-inspectores-en-alameda-hidalgo-autoridades-condenan-los-hechos\/#primaryimage\"},\"thumbnailUrl\":\"https:\/\/www.nexoinformativo.mx\/wp-content\/uploads\/2024\/11\/IMG_7435-e1730651500341.jpg\",\"datePublished\":\"2024-11-03T14:30:08+00:00\",\"dateModified\":\"2024-11-03T16:37:50+00:00\",\"description\":\"Comerciantes agreden a inspectores en Alameda Hidalgo: Autoridades condenan los hechos\",\"breadcrumb\":{\"@id\":\"https:\/\/www.nexoinformativo.mx\/index.php\/2024\/11\/03\/comerciantes-agreden-a-inspectores-en-alameda-hidalgo-autoridades-condenan-los-hechos\/#breadcrumb\"},\"inLanguage\":\"es\",\"potentialAction\":[{\"@type\":\"ReadAction\",\"target\":[\"https:\/\/www.nexoinformativo.mx\/index.php\/2024\/11\/03\/comerciantes-agreden-a-inspectores-en-alameda-hidalgo-autoridades-condenan-los-hechos\/\"]}]},{\"@type\":\"ImageObject\",\"inLanguage\":\"es\",\"@id\":\"https:\/\/www.nexoinformativo.mx\/index.php\/2024\/11\/03\/comerciantes-agreden-a-inspectores-en-alameda-hidalgo-autoridades-condenan-los-hechos\/#primaryimage\",\"url\":\"https:\/\/www.nexoinformativo.mx\/wp-content\/uploads\/2024\/11\/IMG_7435-e1730651500341.jpg\",\"contentUrl\":\"https:\/\/www.nexoinformativo.mx\/wp-content\/uploads\/2024\/11\/IMG_7435-e1730651500341.jpg\",\"width\":600,\"height\":933,\"caption\":\"Screenshot\"},{\"@type\":\"BreadcrumbList\",\"@id\":\"https:\/\/www.nexoinformativo.mx\/index.php\/2024\/11\/03\/comerciantes-agreden-a-inspectores-en-alameda-hidalgo-autoridades-condenan-los-hechos\/#breadcrumb\",\"itemListElement\":[{\"@type\":\"ListItem\",\"position\":1,\"name\":\"Inicio\",\"item\":\"https:\/\/www.nexoinformativo.mx\/\"},{\"@type\":\"ListItem\",\"position\":2,\"name\":\"Comerciantes agreden a inspectores en Alameda Hidalgo: Autoridades condenan los hechos\"}]},{\"@type\":\"WebSite\",\"@id\":\"https:\/\/www.nexoinformativo.mx\/#website\",\"url\":\"https:\/\/www.nexoinformativo.mx\/\",\"name\":\"Nexo Informativo Santiago de Quer\u00e9taro\",\"description\":\"Explora NexoInformativo y convi\u00e9rtete en parte de una comunidad que valora el conocimiento y la verdad. Tu nexoinformativo es tu puente hacia una comprensi\u00f3n m\u00e1s profunda del mundo que te rodea.\",\"publisher\":{\"@id\":\"https:\/\/www.nexoinformativo.mx\/#organization\"},\"potentialAction\":[{\"@type\":\"SearchAction\",\"target\":{\"@type\":\"EntryPoint\",\"urlTemplate\":\"https:\/\/www.nexoinformativo.mx\/?s={search_term_string}\"},\"query-input\":{\"@type\":\"PropertyValueSpecification\",\"valueRequired\":true,\"valueName\":\"search_term_string\"}}],\"inLanguage\":\"es\"},{\"@type\":\"Organization\",\"@id\":\"https:\/\/www.nexoinformativo.mx\/#organization\",\"name\":\"Nexo Informativo Santiago de Quer\u00e9taro\",\"url\":\"https:\/\/www.nexoinformativo.mx\/\",\"logo\":{\"@type\":\"ImageObject\",\"inLanguage\":\"es\",\"@id\":\"https:\/\/www.nexoinformativo.mx\/#\/schema\/logo\/image\/\",\"url\":\"https:\/\/www.nexoinformativo.mx\/wp-content\/uploads\/2024\/07\/nexoi-trasparente-2.png\",\"contentUrl\":\"https:\/\/www.nexoinformativo.mx\/wp-content\/uploads\/2024\/07\/nexoi-trasparente-2.png\",\"width\":816,\"height\":339,\"caption\":\"Nexo Informativo Santiago de Quer\u00e9taro\"},\"image\":{\"@id\":\"https:\/\/www.nexoinformativo.mx\/#\/schema\/logo\/image\/\"},\"sameAs\":[\"https:\/\/www.facebook.com\/people\/Nexo-Informativo\/61564066885511\/\"]},{\"@type\":\"Person\",\"@id\":\"https:\/\/www.nexoinformativo.mx\/#\/schema\/person\/7749d380ba08c8ca00d7bc76fd907b7d\",\"name\":\"Nexo Informativo\",\"image\":{\"@type\":\"ImageObject\",\"inLanguage\":\"es\",\"@id\":\"https:\/\/www.nexoinformativo.mx\/#\/schema\/person\/image\/\",\"url\":\"https:\/\/secure.gravatar.com\/avatar\/dde2928154642a13d95f87ddf1ea9718fe2b46760a005c53e41ff5ad610704e6?s=96&d=mm&r=g\",\"contentUrl\":\"https:\/\/secure.gravatar.com\/avatar\/dde2928154642a13d95f87ddf1ea9718fe2b46760a005c53e41ff5ad610704e6?s=96&d=mm&r=g\",\"caption\":\"Nexo Informativo\"},\"url\":\"https:\/\/www.nexoinformativo.mx\/index.php\/author\/edicion\/\"}]}<\/script>\n<!-- \/ Yoast SEO plugin. -->","yoast_head_json":{"title":"Comerciantes agreden a inspectores en Alameda Hidalgo: Autoridades condenan los hechos | Nexo Informativo Santiago de Quer\u00e9taro","description":"Comerciantes agreden a inspectores en Alameda Hidalgo: Autoridades condenan los hechos","robots":{"index":"index","follow":"follow","max-snippet":"max-snippet:-1","max-image-preview":"max-image-preview:large","max-video-preview":"max-video-preview:-1"},"canonical":"https:\/\/www.nexoinformativo.mx\/index.php\/2024\/11\/03\/comerciantes-agreden-a-inspectores-en-alameda-hidalgo-autoridades-condenan-los-hechos\/","og_locale":"es_MX","og_type":"article","og_title":"Comerciantes agreden a inspectores en Alameda Hidalgo: Autoridades condenan los hechos | Nexo Informativo Santiago de Quer\u00e9taro","og_description":"Comerciantes agreden a inspectores en Alameda Hidalgo: Autoridades condenan los hechos","og_url":"https:\/\/www.nexoinformativo.mx\/index.php\/2024\/11\/03\/comerciantes-agreden-a-inspectores-en-alameda-hidalgo-autoridades-condenan-los-hechos\/","og_site_name":"Nexo Informativo Santiago de Quer\u00e9taro","article_publisher":"https:\/\/www.facebook.com\/people\/Nexo-Informativo\/61564066885511\/","article_published_time":"2024-11-03T14:30:08+00:00","article_modified_time":"2024-11-03T16:37:50+00:00","og_image":[{"width":600,"height":933,"url":"https:\/\/www.nexoinformativo.mx\/wp-content\/uploads\/2024\/11\/IMG_7435-e1730651500341.jpg","type":"image\/jpeg"}],"author":"Nexo Informativo","twitter_card":"summary_large_image","twitter_misc":{"Escrito por":"Nexo Informativo","Tiempo de lectura":"2 minutos"},"schema":{"@context":"https:\/\/schema.org","@graph":[{"@type":"Article","@id":"https:\/\/www.nexoinformativo.mx\/index.php\/2024\/11\/03\/comerciantes-agreden-a-inspectores-en-alameda-hidalgo-autoridades-condenan-los-hechos\/#article","isPartOf":{"@id":"https:\/\/www.nexoinformativo.mx\/index.php\/2024\/11\/03\/comerciantes-agreden-a-inspectores-en-alameda-hidalgo-autoridades-condenan-los-hechos\/"},"author":{"name":"Nexo Informativo","@id":"https:\/\/www.nexoinformativo.mx\/#\/schema\/person\/7749d380ba08c8ca00d7bc76fd907b7d"},"headline":"Comerciantes agreden a inspectores en Alameda Hidalgo: Autoridades condenan los hechos","datePublished":"2024-11-03T14:30:08+00:00","dateModified":"2024-11-03T16:37:50+00:00","mainEntityOfPage":{"@id":"https:\/\/www.nexoinformativo.mx\/index.php\/2024\/11\/03\/comerciantes-agreden-a-inspectores-en-alameda-hidalgo-autoridades-condenan-los-hechos\/"},"wordCount":255,"commentCount":0,"publisher":{"@id":"https:\/\/www.nexoinformativo.mx\/#organization"},"image":{"@id":"https:\/\/www.nexoinformativo.mx\/index.php\/2024\/11\/03\/comerciantes-agreden-a-inspectores-en-alameda-hidalgo-autoridades-condenan-los-hechos\/#primaryimage"},"thumbnailUrl":"https:\/\/www.nexoinformativo.mx\/wp-content\/uploads\/2024\/11\/IMG_7435-e1730651500341.jpg","keywords":["AlamedaHidalgo","ComerciantesAmbulantes","Quer\u00e9taro","Seguridad","Violencia"],"articleSection":["Municipios","Sucesos","\u00daltima Hora"],"inLanguage":"es","potentialAction":[{"@type":"CommentAction","name":"Comment","target":["https:\/\/www.nexoinformativo.mx\/index.php\/2024\/11\/03\/comerciantes-agreden-a-inspectores-en-alameda-hidalgo-autoridades-condenan-los-hechos\/#respond"]}]},{"@type":"WebPage","@id":"https:\/\/www.nexoinformativo.mx\/index.php\/2024\/11\/03\/comerciantes-agreden-a-inspectores-en-alameda-hidalgo-autoridades-condenan-los-hechos\/","url":"https:\/\/www.nexoinformativo.mx\/index.php\/2024\/11\/03\/comerciantes-agreden-a-inspectores-en-alameda-hidalgo-autoridades-condenan-los-hechos\/","name":"Comerciantes agreden a inspectores en Alameda Hidalgo: Autoridades condenan los hechos | Nexo Informativo Santiago de Quer\u00e9taro","isPartOf":{"@id":"https:\/\/www.nexoinformativo.mx\/#website"},"primaryImageOfPage":{"@id":"https:\/\/www.nexoinformativo.mx\/index.php\/2024\/11\/03\/comerciantes-agreden-a-inspectores-en-alameda-hidalgo-autoridades-condenan-los-hechos\/#primaryimage"},"image":{"@id":"https:\/\/www.nexoinformativo.mx\/index.php\/2024\/11\/03\/comerciantes-agreden-a-inspectores-en-alameda-hidalgo-autoridades-condenan-los-hechos\/#primaryimage"},"thumbnailUrl":"https:\/\/www.nexoinformativo.mx\/wp-content\/uploads\/2024\/11\/IMG_7435-e1730651500341.jpg","datePublished":"2024-11-03T14:30:08+00:00","dateModified":"2024-11-03T16:37:50+00:00","description":"Comerciantes agreden a inspectores en Alameda Hidalgo: Autoridades condenan los hechos","breadcrumb":{"@id":"https:\/\/www.nexoinformativo.mx\/index.php\/2024\/11\/03\/comerciantes-agreden-a-inspectores-en-alameda-hidalgo-autoridades-condenan-los-hechos\/#breadcrumb"},"inLanguage":"es","potentialAction":[{"@type":"ReadAction","target":["https:\/\/www.nexoinformativo.mx\/index.php\/2024\/11\/03\/comerciantes-agreden-a-inspectores-en-alameda-hidalgo-autoridades-condenan-los-hechos\/"]}]},{"@type":"ImageObject","inLanguage":"es","@id":"https:\/\/www.nexoinformativo.mx\/index.php\/2024\/11\/03\/comerciantes-agreden-a-inspectores-en-alameda-hidalgo-autoridades-condenan-los-hechos\/#primaryimage","url":"https:\/\/www.nexoinformativo.mx\/wp-content\/uploads\/2024\/11\/IMG_7435-e1730651500341.jpg","contentUrl":"https:\/\/www.nexoinformativo.mx\/wp-content\/uploads\/2024\/11\/IMG_7435-e1730651500341.jpg","width":600,"height":933,"caption":"Screenshot"},{"@type":"BreadcrumbList","@id":"https:\/\/www.nexoinformativo.mx\/index.php\/2024\/11\/03\/comerciantes-agreden-a-inspectores-en-alameda-hidalgo-autoridades-condenan-los-hechos\/#breadcrumb","itemListElement":[{"@type":"ListItem","position":1,"name":"Inicio","item":"https:\/\/www.nexoinformativo.mx\/"},{"@type":"ListItem","position":2,"name":"Comerciantes agreden a inspectores en Alameda Hidalgo: Autoridades condenan los hechos"}]},{"@type":"WebSite","@id":"https:\/\/www.nexoinformativo.mx\/#website","url":"https:\/\/www.nexoinformativo.mx\/","name":"Nexo Informativo Santiago de Quer\u00e9taro","description":"Explora NexoInformativo y convi\u00e9rtete en parte de una comunidad que valora el conocimiento y la verdad. Tu nexoinformativo es tu puente hacia una comprensi\u00f3n m\u00e1s profunda del mundo que te rodea.","publisher":{"@id":"https:\/\/www.nexoinformativo.mx\/#organization"},"potentialAction":[{"@type":"SearchAction","target":{"@type":"EntryPoint","urlTemplate":"https:\/\/www.nexoinformativo.mx\/?s={search_term_string}"},"query-input":{"@type":"PropertyValueSpecification","valueRequired":true,"valueName":"search_term_string"}}],"inLanguage":"es"},{"@type":"Organization","@id":"https:\/\/www.nexoinformativo.mx\/#organization","name":"Nexo Informativo Santiago de Quer\u00e9taro","url":"https:\/\/www.nexoinformativo.mx\/","logo":{"@type":"ImageObject","inLanguage":"es","@id":"https:\/\/www.nexoinformativo.mx\/#\/schema\/logo\/image\/","url":"https:\/\/www.nexoinformativo.mx\/wp-content\/uploads\/2024\/07\/nexoi-trasparente-2.png","contentUrl":"https:\/\/www.nexoinformativo.mx\/wp-content\/uploads\/2024\/07\/nexoi-trasparente-2.png","width":816,"height":339,"caption":"Nexo Informativo Santiago de Quer\u00e9taro"},"image":{"@id":"https:\/\/www.nexoinformativo.mx\/#\/schema\/logo\/image\/"},"sameAs":["https:\/\/www.facebook.com\/people\/Nexo-Informativo\/61564066885511\/"]},{"@type":"Person","@id":"https:\/\/www.nexoinformativo.mx\/#\/schema\/person\/7749d380ba08c8ca00d7bc76fd907b7d","name":"Nexo Informativo","image":{"@type":"ImageObject","inLanguage":"es","@id":"https:\/\/www.nexoinformativo.mx\/#\/schema\/person\/image\/","url":"https:\/\/secure.gravatar.com\/avatar\/dde2928154642a13d95f87ddf1ea9718fe2b46760a005c53e41ff5ad610704e6?s=96&d=mm&r=g","contentUrl":"https:\/\/secure.gravatar.com\/avatar\/dde2928154642a13d95f87ddf1ea9718fe2b46760a005c53e41ff5ad610704e6?s=96&d=mm&r=g","caption":"Nexo Informativo"},"url":"https:\/\/www.nexoinformativo.mx\/index.php\/author\/edicion\/"}]}},"_links":{"self":[{"href":"https:\/\/www.nexoinformativo.mx\/index.php\/wp-json\/wp\/v2\/posts\/5193","targetHints":{"allow":["GET"]}}],"collection":[{"href":"https:\/\/www.nexoinformativo.mx\/index.php\/wp-json\/wp\/v2\/posts"}],"about":[{"href":"https:\/\/www.nexoinformativo.mx\/index.php\/wp-json\/wp\/v2\/types\/post"}],"author":[{"embeddable":true,"href":"https:\/\/www.nexoinformativo.mx\/index.php\/wp-json\/wp\/v2\/users\/3"}],"replies":[{"embeddable":true,"href":"https:\/\/www.nexoinformativo.mx\/index.php\/wp-json\/wp\/v2\/comments?post=5193"}],"version-history":[{"count":4,"href":"https:\/\/www.nexoinformativo.mx\/index.php\/wp-json\/wp\/v2\/posts\/5193\/revisions"}],"predecessor-version":[{"id":5200,"href":"https:\/\/www.nexoinformativo.mx\/index.php\/wp-json\/wp\/v2\/posts\/5193\/revisions\/5200"}],"wp:featuredmedia":[{"embeddable":true,"href":"https:\/\/www.nexoinformativo.mx\/index.php\/wp-json\/wp\/v2\/media\/5198"}],"wp:attachment":[{"href":"https:\/\/www.nexoinformativo.mx\/index.php\/wp-json\/wp\/v2\/media?parent=5193"}],"wp:term":[{"taxonomy":"category","embeddable":true,"href":"https:\/\/www.nexoinformativo.mx\/index.php\/wp-json\/wp\/v2\/categories?post=5193"},{"taxonomy":"post_tag","embeddable":true,"href":"https:\/\/www.nexoinformativo.mx\/index.php\/wp-json\/wp\/v2\/tags?post=5193"}],"curies":[{"name":"wp","href":"https:\/\/api.w.org\/{rel}","templated":true}]}}